{"id":75810,"date":"2022-08-15T14:16:13","date_gmt":"2022-08-15T12:16:13","guid":{"rendered":"https:\/\/kunmedierne.dk\/mors\/?p=75810"},"modified":"2024-08-12T13:27:34","modified_gmt":"2024-08-12T11:27:34","slug":"ung-kult-har-skruet-op-for-det-hele","status":"publish","type":"post","link":"https:\/\/kunmedierne.dk\/mors\/ung-kult-har-skruet-op-for-det-hele\/","title":{"rendered":"Ung Kult har skruet op for det hele"},"content":{"rendered":"<p><strong>MORS<\/strong>: Hvor mange chancer m\u00e5 kunsten tage p\u00e5 statens regning? Kan Dopha begejstre lige s\u00e5 meget p\u00e5 Mors som til Roskilde Festival? Og hvad synes den britiske komiker Conrad Molden egentlig om dansk kultur?<\/p>\n<p>Det er bare nogle af de mange sp\u00f8rgsm\u00e5l, man kan f\u00e5 svar p\u00e5, hvis man deltager i Ung Kult p\u00e5 Kulturm\u00f8det Mors.<\/p>\n<p>Arrang\u00f8rerne har offentliggjort programmet for dagene 25.-27. august, og man kan roligt sige, at det bliver med kultur i forskellige farver og former.<\/p>\n<p>&#8220;Vi har virkelig pr\u00f8vet p\u00e5 at skrue op for alt, hvad vi har kunnet,&#8221; lyder det fra Malte Houe, formand for Ung Kult.<\/p>\n<p>&nbsp;<\/p>\n<p><strong>Lagde Roskilde ned<\/strong><\/p>\n<p>Foreningen, som i de foreg\u00e5ende \u00e5r har v\u00e6ret et tiltag sidel\u00f8bende med Kulturm\u00f8det, bliver i \u00e5r en integreret del &#8211; med fysisk placering p\u00e5 Gasv\u00e6rksvej, hvor man hen over de kulturelle dage blandt andet f\u00e5r musikalsk kultur, der nok skal appellere.<\/p>\n<p>&#8220;Det er p\u00e5 en eller anden mere eksperimenterende i \u00e5r, og vi har taget flere chancer i \u00e5r. Vi har booket nogle, som s\u00e5 hen over sommeren er blevet k\u00e6mpestore,&#8221; siger Malte Houe og n\u00e6vner Dopha og Fabr\u00e4k som eksempler.<\/p>\n<a class=\"dvrt-link\" onClick=\"cdmtrack_click(111725,jQuery(this));return false\" href=\"https:\/\/www.thistedforsikring.dk\/?utm_source=partnerskaber&amp;utm_campaign=kun_mors\"><img decoding=\"async\" style=\"width:100%;\" src=\"https:\/\/kunmedierne.dk\/mors\/wp-content\/uploads\/2024\/02\/269409KunMors-ThistedFor-1.png\"><\/a><script>cdmtrack_view(111725);<\/script>\n<p>&#8220;Dopha lagde Roskilde ned, og Fabr\u00e4k har en million lyttere om m\u00e5neden. For os er det helt naturligt, at de skal op p\u00e5 Ung Kult-scenen, fordi det er s\u00e5 pissedygtige bands, der bare brager igennem,&#8221; siger han.<\/p>\n<p>&nbsp;<\/p>\n<p><strong>Ikke blahblahblah-debat<\/strong><\/p>\n<p>Ogs\u00e5 debatprogrammet er v\u00e6rd at dykke ned i. Det \u00e5bner s\u00e5ledes med et sp\u00f8rgsm\u00e5l, der b\u00f8r v\u00e6kke interesse hos alle generationer: Hvordan f\u00e5r unge stemmer plads rundt om bordet p\u00e5 landets kulturinstitutioner?<\/p>\n<p>&#8220;Vi har fors\u00f8gt at lave et debatprogram, der virkelig rykker. P\u00e5 forsiden af vores program st\u00e5r der &#8216;blahblahblah&#8217;, men det er lige n\u00f8jagtig det modsatte af &#8216;blahblahblah&#8217;, vi \u00f8nsker med vores debat,&#8221; siger Malte Houe, der sammen med Ung Kult blandt meget andet ogs\u00e5 pr\u00e6senterer en ungdomspartilederrunde, samtale om klimakunst og fokus p\u00e5, hvordan man i det hele taget kan leve af at v\u00e6re kunstner.<\/p>\n<a class=\"dvrt-link\" onClick=\"cdmtrack_click(147315,jQuery(this));return false\" href=\"https:\/\/sdrhaa.dk\/\"><img decoding=\"async\" style=\"width:100%;\" src=\"https:\/\/kunmedierne.dk\/mors\/wp-content\/uploads\/2025\/05\/260302Sdr-HaaDin-gebyrvenlige-sparekasse_mors-002.gif\"><\/a><script>cdmtrack_view(147315);<\/script>\n<p>Og s\u00e5 er der alt det andet. Ung Kult fors\u00f8ger igen i \u00e5r at holde fanen h\u00f8jt med stand-up. Der er \u00f8lsmagning med pr\u00f8ver fra lokale bryggerier. Og der er finale med Zar Paulo, der for nylig ogs\u00e5 kunne opleves til Skanderborg Festival.<\/p>\n<p>Og meget mere.<\/p>\n<p>Du kan se hele programmet for Ung Kult <a href=\"https:\/\/irp.cdn-website.com\/e8a58d0a\/files\/uploaded\/Folder_Ungkult2022_USM.pdf\" target=\"_blank\" rel=\"noopener\">her<\/a>.<\/p>\n<blockquote>\n<h5>TIP: Klik p\u00e5 tagget &#8216;kulturm\u00f8det&#8217; nederst p\u00e5 siden og find alle artikler om Kulturm\u00f8det Mors &#8211; <a href=\"https:\/\/kunmedierne.dk\/mors\/tag\/kulturmoedet\/\" target=\"_blank\" rel=\"noopener\">som her<\/a>.<\/h5>\n<\/blockquote>\n<div id=\"attachment_69955\" style=\"width: 780px\" class=\"wp-caption alignleft\"><img loading=\"lazy\" decoding=\"async\" aria-describedby=\"caption-attachment-69955\" class=\"size-full wp-image-69955\" src=\"https:\/\/kunmedierne.dk\/mors\/wp-content\/uploads\/2022\/05\/ungkult.jpg\" alt=\"\" width=\"770\" height=\"513\" srcset=\"https:\/\/kunmedierne.dk\/mors\/wp-content\/uploads\/2022\/05\/ungkult.jpg 770w, https:\/\/kunmedierne.dk\/mors\/wp-content\/uploads\/2022\/05\/ungkult-300x200.jpg 300w, https:\/\/kunmedierne.dk\/mors\/wp-content\/uploads\/2022\/05\/ungkult-768x512.jpg 768w, https:\/\/kunmedierne.dk\/mors\/wp-content\/uploads\/2022\/05\/ungkult-360x240.jpg 360w, https:\/\/kunmedierne.dk\/mors\/wp-content\/uploads\/2022\/05\/ungkult-600x400.jpg 600w\" sizes=\"auto, (max-width: 770px) 100vw, 770px\" \/><p id=\"caption-attachment-69955\" class=\"wp-caption-text\">Ung Kult bliver mere synlig under Kulturm\u00f8det Mors. Foto: Jacob Dybdahl<\/p><\/div>\n","protected":false},"excerpt":{"rendered":"<p>MORS: Hvor mange chancer m\u00e5 kunsten tage p\u00e5 statens regning? Kan Dopha begejstre lige s\u00e5 meget p\u00e5 Mors som til Roskilde Festival? Og hvad synes den britiske komiker Conrad Molden egentlig om dansk kultur? Det er bare nogle af de mange sp\u00f8rgsm\u00e5l, man kan f\u00e5 svar p\u00e5, hvis man deltager i Ung Kult p\u00e5 Kulturm\u00f8det [&hellip;]<\/p>\n","protected":false},"author":8,"featured_media":75814,"comment_status":"closed","ping_status":"open","sticky":false,"template":"","format":"standard","meta":{"_acf_changed":false,"footnotes":""},"categories":[49],"tags":[162],"class_list":["post-75810","post","type-post","status-publish","format-standard","has-post-thumbnail","hentry","category-kultur","tag-kulturmoedet"],"acf":[],"yoast_head":"<!-- This site is optimized with the Yoast SEO plugin v26.8 - https:\/\/yoast.com\/product\/yoast-seo-wordpress\/ -->\n<title>Ung Kult har skruet op for det hele - Mors<\/title>\n<meta name=\"robots\" content=\"index, follow, max-snippet:-1, max-image-preview:large, max-video-preview:-1\" \/>\n<link rel=\"canonical\" href=\"https:\/\/kunmedierne.dk\/mors\/ung-kult-har-skruet-op-for-det-hele\/\" \/>\n<meta property=\"og:locale\" content=\"da_DK\" \/>\n<meta property=\"og:type\" content=\"article\" \/>\n<meta property=\"og:title\" content=\"Ung Kult har skruet op for det hele - Mors\" \/>\n<meta property=\"og:description\" content=\"MORS: Hvor mange chancer m\u00e5 kunsten tage p\u00e5 statens regning? Kan Dopha begejstre lige s\u00e5 meget p\u00e5 Mors som til Roskilde Festival? Og hvad synes den britiske komiker Conrad Molden egentlig om dansk kultur? Det er bare nogle af de mange sp\u00f8rgsm\u00e5l, man kan f\u00e5 svar p\u00e5, hvis man deltager i Ung Kult p\u00e5 Kulturm\u00f8det [&hellip;]\" \/>\n<meta property=\"og:url\" content=\"https:\/\/kunmedierne.dk\/mors\/ung-kult-har-skruet-op-for-det-hele\/\" \/>\n<meta property=\"og:site_name\" content=\"Mors\" \/>\n<meta property=\"article:published_time\" content=\"2022-08-15T12:16:13+00:00\" \/>\n<meta property=\"article:modified_time\" content=\"2024-08-12T11:27:34+00:00\" \/>\n<meta property=\"og:image\" content=\"https:\/\/kunmedierne.dk\/mors\/wp-content\/uploads\/2022\/08\/DSC_1967.jpg\" \/>\n\t<meta property=\"og:image:width\" content=\"770\" \/>\n\t<meta property=\"og:image:height\" content=\"512\" \/>\n\t<meta property=\"og:image:type\" content=\"image\/jpeg\" \/>\n<meta name=\"author\" content=\"David H\u00f8jmark\" \/>\n<meta name=\"twitter:card\" content=\"summary_large_image\" \/>\n<meta name=\"twitter:label1\" content=\"Skrevet af\" \/>\n\t<meta name=\"twitter:data1\" content=\"David H\u00f8jmark\" \/>\n\t<meta name=\"twitter:label2\" content=\"Estimeret l\u00e6setid\" \/>\n\t<meta name=\"twitter:data2\" content=\"3 minutter\" \/>\n<script type=\"application\/ld+json\" class=\"yoast-schema-graph\">{\"@context\":\"https:\/\/schema.org\",\"@graph\":[{\"@type\":\"Article\",\"@id\":\"https:\/\/kunmedierne.dk\/mors\/ung-kult-har-skruet-op-for-det-hele\/#article\",\"isPartOf\":{\"@id\":\"https:\/\/kunmedierne.dk\/mors\/ung-kult-har-skruet-op-for-det-hele\/\"},\"author\":{\"name\":\"David H\u00f8jmark\",\"@id\":\"https:\/\/kunmedierne.dk\/mors\/#\/schema\/person\/5fe23251bf1d0abbcdc6f7896579d548\"},\"headline\":\"Ung Kult har skruet op for det hele\",\"datePublished\":\"2022-08-15T12:16:13+00:00\",\"dateModified\":\"2024-08-12T11:27:34+00:00\",\"mainEntityOfPage\":{\"@id\":\"https:\/\/kunmedierne.dk\/mors\/ung-kult-har-skruet-op-for-det-hele\/\"},\"wordCount\":461,\"publisher\":{\"@id\":\"https:\/\/kunmedierne.dk\/mors\/#organization\"},\"image\":{\"@id\":\"https:\/\/kunmedierne.dk\/mors\/ung-kult-har-skruet-op-for-det-hele\/#primaryimage\"},\"thumbnailUrl\":\"https:\/\/kunmedierne.dk\/mors\/wp-content\/uploads\/2022\/08\/DSC_1967.jpg\",\"keywords\":[\"Kulturm\u00f8det\"],\"articleSection\":[\"Kultur\"],\"inLanguage\":\"da-DK\"},{\"@type\":\"WebPage\",\"@id\":\"https:\/\/kunmedierne.dk\/mors\/ung-kult-har-skruet-op-for-det-hele\/\",\"url\":\"https:\/\/kunmedierne.dk\/mors\/ung-kult-har-skruet-op-for-det-hele\/\",\"name\":\"Ung Kult har skruet op for det hele - Mors\",\"isPartOf\":{\"@id\":\"https:\/\/kunmedierne.dk\/mors\/#website\"},\"primaryImageOfPage\":{\"@id\":\"https:\/\/kunmedierne.dk\/mors\/ung-kult-har-skruet-op-for-det-hele\/#primaryimage\"},\"image\":{\"@id\":\"https:\/\/kunmedierne.dk\/mors\/ung-kult-har-skruet-op-for-det-hele\/#primaryimage\"},\"thumbnailUrl\":\"https:\/\/kunmedierne.dk\/mors\/wp-content\/uploads\/2022\/08\/DSC_1967.jpg\",\"datePublished\":\"2022-08-15T12:16:13+00:00\",\"dateModified\":\"2024-08-12T11:27:34+00:00\",\"breadcrumb\":{\"@id\":\"https:\/\/kunmedierne.dk\/mors\/ung-kult-har-skruet-op-for-det-hele\/#breadcrumb\"},\"inLanguage\":\"da-DK\",\"potentialAction\":[{\"@type\":\"ReadAction\",\"target\":[\"https:\/\/kunmedierne.dk\/mors\/ung-kult-har-skruet-op-for-det-hele\/\"]}]},{\"@type\":\"ImageObject\",\"inLanguage\":\"da-DK\",\"@id\":\"https:\/\/kunmedierne.dk\/mors\/ung-kult-har-skruet-op-for-det-hele\/#primaryimage\",\"url\":\"https:\/\/kunmedierne.dk\/mors\/wp-content\/uploads\/2022\/08\/DSC_1967.jpg\",\"contentUrl\":\"https:\/\/kunmedierne.dk\/mors\/wp-content\/uploads\/2022\/08\/DSC_1967.jpg\",\"width\":770,\"height\":512,\"caption\":\"Ung Kult rykker i \u00e5r til Gasv\u00e6rksvej og bliver en fysisk integreret del af Kulturm\u00f8det Mors. Foto: Jamal Mekdad\"},{\"@type\":\"BreadcrumbList\",\"@id\":\"https:\/\/kunmedierne.dk\/mors\/ung-kult-har-skruet-op-for-det-hele\/#breadcrumb\",\"itemListElement\":[{\"@type\":\"ListItem\",\"position\":1,\"name\":\"Hjem\",\"item\":\"https:\/\/kunmedierne.dk\/mors\/\"},{\"@type\":\"ListItem\",\"position\":2,\"name\":\"Ung Kult har skruet op for det hele\"}]},{\"@type\":\"WebSite\",\"@id\":\"https:\/\/kunmedierne.dk\/mors\/#website\",\"url\":\"https:\/\/kunmedierne.dk\/mors\/\",\"name\":\"Mors\",\"description\":\"et netmedie med journalistik om livet p\u00e5 Mors\",\"publisher\":{\"@id\":\"https:\/\/kunmedierne.dk\/mors\/#organization\"},\"potentialAction\":[{\"@type\":\"SearchAction\",\"target\":{\"@type\":\"EntryPoint\",\"urlTemplate\":\"https:\/\/kunmedierne.dk\/mors\/?s={search_term_string}\"},\"query-input\":{\"@type\":\"PropertyValueSpecification\",\"valueRequired\":true,\"valueName\":\"search_term_string\"}}],\"inLanguage\":\"da-DK\"},{\"@type\":\"Organization\",\"@id\":\"https:\/\/kunmedierne.dk\/mors\/#organization\",\"name\":\"Mors\",\"url\":\"https:\/\/kunmedierne.dk\/mors\/\",\"logo\":{\"@type\":\"ImageObject\",\"inLanguage\":\"da-DK\",\"@id\":\"https:\/\/kunmedierne.dk\/mors\/#\/schema\/logo\/image\/\",\"url\":\"https:\/\/kunmedierne.dk\/mors\/wp-content\/uploads\/2024\/08\/kunmors-logo.svg\",\"contentUrl\":\"https:\/\/kunmedierne.dk\/mors\/wp-content\/uploads\/2024\/08\/kunmors-logo.svg\",\"caption\":\"Mors\"},\"image\":{\"@id\":\"https:\/\/kunmedierne.dk\/mors\/#\/schema\/logo\/image\/\"}},{\"@type\":\"Person\",\"@id\":\"https:\/\/kunmedierne.dk\/mors\/#\/schema\/person\/5fe23251bf1d0abbcdc6f7896579d548\",\"name\":\"David H\u00f8jmark\",\"image\":{\"@type\":\"ImageObject\",\"inLanguage\":\"da-DK\",\"@id\":\"https:\/\/kunmedierne.dk\/mors\/#\/schema\/person\/image\/\",\"url\":\"https:\/\/secure.gravatar.com\/avatar\/4315d6fb9ef244d729989f5f90268eb08d5bf8a3d84402f595fa194bb35784fd?s=96&d=mm&r=g\",\"contentUrl\":\"https:\/\/secure.gravatar.com\/avatar\/4315d6fb9ef244d729989f5f90268eb08d5bf8a3d84402f595fa194bb35784fd?s=96&d=mm&r=g\",\"caption\":\"David H\u00f8jmark\"},\"sameAs\":[\"https:\/\/www.kunmedierne.dk\"],\"url\":\"https:\/\/kunmedierne.dk\/mors\/author\/david\/\"}]}<\/script>\n<!-- \/ Yoast SEO plugin. -->","yoast_head_json":{"title":"Ung Kult har skruet op for det hele - Mors","robots":{"index":"index","follow":"follow","max-snippet":"max-snippet:-1","max-image-preview":"max-image-preview:large","max-video-preview":"max-video-preview:-1"},"canonical":"https:\/\/kunmedierne.dk\/mors\/ung-kult-har-skruet-op-for-det-hele\/","og_locale":"da_DK","og_type":"article","og_title":"Ung Kult har skruet op for det hele - Mors","og_description":"MORS: Hvor mange chancer m\u00e5 kunsten tage p\u00e5 statens regning? Kan Dopha begejstre lige s\u00e5 meget p\u00e5 Mors som til Roskilde Festival? Og hvad synes den britiske komiker Conrad Molden egentlig om dansk kultur? Det er bare nogle af de mange sp\u00f8rgsm\u00e5l, man kan f\u00e5 svar p\u00e5, hvis man deltager i Ung Kult p\u00e5 Kulturm\u00f8det [&hellip;]","og_url":"https:\/\/kunmedierne.dk\/mors\/ung-kult-har-skruet-op-for-det-hele\/","og_site_name":"Mors","article_published_time":"2022-08-15T12:16:13+00:00","article_modified_time":"2024-08-12T11:27:34+00:00","og_image":[{"width":770,"height":512,"url":"https:\/\/kunmedierne.dk\/mors\/wp-content\/uploads\/2022\/08\/DSC_1967.jpg","type":"image\/jpeg"}],"author":"David H\u00f8jmark","twitter_card":"summary_large_image","twitter_misc":{"Skrevet af":"David H\u00f8jmark","Estimeret l\u00e6setid":"3 minutter"},"schema":{"@context":"https:\/\/schema.org","@graph":[{"@type":"Article","@id":"https:\/\/kunmedierne.dk\/mors\/ung-kult-har-skruet-op-for-det-hele\/#article","isPartOf":{"@id":"https:\/\/kunmedierne.dk\/mors\/ung-kult-har-skruet-op-for-det-hele\/"},"author":{"name":"David H\u00f8jmark","@id":"https:\/\/kunmedierne.dk\/mors\/#\/schema\/person\/5fe23251bf1d0abbcdc6f7896579d548"},"headline":"Ung Kult har skruet op for det hele","datePublished":"2022-08-15T12:16:13+00:00","dateModified":"2024-08-12T11:27:34+00:00","mainEntityOfPage":{"@id":"https:\/\/kunmedierne.dk\/mors\/ung-kult-har-skruet-op-for-det-hele\/"},"wordCount":461,"publisher":{"@id":"https:\/\/kunmedierne.dk\/mors\/#organization"},"image":{"@id":"https:\/\/kunmedierne.dk\/mors\/ung-kult-har-skruet-op-for-det-hele\/#primaryimage"},"thumbnailUrl":"https:\/\/kunmedierne.dk\/mors\/wp-content\/uploads\/2022\/08\/DSC_1967.jpg","keywords":["Kulturm\u00f8det"],"articleSection":["Kultur"],"inLanguage":"da-DK"},{"@type":"WebPage","@id":"https:\/\/kunmedierne.dk\/mors\/ung-kult-har-skruet-op-for-det-hele\/","url":"https:\/\/kunmedierne.dk\/mors\/ung-kult-har-skruet-op-for-det-hele\/","name":"Ung Kult har skruet op for det hele - Mors","isPartOf":{"@id":"https:\/\/kunmedierne.dk\/mors\/#website"},"primaryImageOfPage":{"@id":"https:\/\/kunmedierne.dk\/mors\/ung-kult-har-skruet-op-for-det-hele\/#primaryimage"},"image":{"@id":"https:\/\/kunmedierne.dk\/mors\/ung-kult-har-skruet-op-for-det-hele\/#primaryimage"},"thumbnailUrl":"https:\/\/kunmedierne.dk\/mors\/wp-content\/uploads\/2022\/08\/DSC_1967.jpg","datePublished":"2022-08-15T12:16:13+00:00","dateModified":"2024-08-12T11:27:34+00:00","breadcrumb":{"@id":"https:\/\/kunmedierne.dk\/mors\/ung-kult-har-skruet-op-for-det-hele\/#breadcrumb"},"inLanguage":"da-DK","potentialAction":[{"@type":"ReadAction","target":["https:\/\/kunmedierne.dk\/mors\/ung-kult-har-skruet-op-for-det-hele\/"]}]},{"@type":"ImageObject","inLanguage":"da-DK","@id":"https:\/\/kunmedierne.dk\/mors\/ung-kult-har-skruet-op-for-det-hele\/#primaryimage","url":"https:\/\/kunmedierne.dk\/mors\/wp-content\/uploads\/2022\/08\/DSC_1967.jpg","contentUrl":"https:\/\/kunmedierne.dk\/mors\/wp-content\/uploads\/2022\/08\/DSC_1967.jpg","width":770,"height":512,"caption":"Ung Kult rykker i \u00e5r til Gasv\u00e6rksvej og bliver en fysisk integreret del af Kulturm\u00f8det Mors. Foto: Jamal Mekdad"},{"@type":"BreadcrumbList","@id":"https:\/\/kunmedierne.dk\/mors\/ung-kult-har-skruet-op-for-det-hele\/#breadcrumb","itemListElement":[{"@type":"ListItem","position":1,"name":"Hjem","item":"https:\/\/kunmedierne.dk\/mors\/"},{"@type":"ListItem","position":2,"name":"Ung Kult har skruet op for det hele"}]},{"@type":"WebSite","@id":"https:\/\/kunmedierne.dk\/mors\/#website","url":"https:\/\/kunmedierne.dk\/mors\/","name":"Mors","description":"et netmedie med journalistik om livet p\u00e5 Mors","publisher":{"@id":"https:\/\/kunmedierne.dk\/mors\/#organization"},"potentialAction":[{"@type":"SearchAction","target":{"@type":"EntryPoint","urlTemplate":"https:\/\/kunmedierne.dk\/mors\/?s={search_term_string}"},"query-input":{"@type":"PropertyValueSpecification","valueRequired":true,"valueName":"search_term_string"}}],"inLanguage":"da-DK"},{"@type":"Organization","@id":"https:\/\/kunmedierne.dk\/mors\/#organization","name":"Mors","url":"https:\/\/kunmedierne.dk\/mors\/","logo":{"@type":"ImageObject","inLanguage":"da-DK","@id":"https:\/\/kunmedierne.dk\/mors\/#\/schema\/logo\/image\/","url":"https:\/\/kunmedierne.dk\/mors\/wp-content\/uploads\/2024\/08\/kunmors-logo.svg","contentUrl":"https:\/\/kunmedierne.dk\/mors\/wp-content\/uploads\/2024\/08\/kunmors-logo.svg","caption":"Mors"},"image":{"@id":"https:\/\/kunmedierne.dk\/mors\/#\/schema\/logo\/image\/"}},{"@type":"Person","@id":"https:\/\/kunmedierne.dk\/mors\/#\/schema\/person\/5fe23251bf1d0abbcdc6f7896579d548","name":"David H\u00f8jmark","image":{"@type":"ImageObject","inLanguage":"da-DK","@id":"https:\/\/kunmedierne.dk\/mors\/#\/schema\/person\/image\/","url":"https:\/\/secure.gravatar.com\/avatar\/4315d6fb9ef244d729989f5f90268eb08d5bf8a3d84402f595fa194bb35784fd?s=96&d=mm&r=g","contentUrl":"https:\/\/secure.gravatar.com\/avatar\/4315d6fb9ef244d729989f5f90268eb08d5bf8a3d84402f595fa194bb35784fd?s=96&d=mm&r=g","caption":"David H\u00f8jmark"},"sameAs":["https:\/\/www.kunmedierne.dk"],"url":"https:\/\/kunmedierne.dk\/mors\/author\/david\/"}]}},"_links":{"self":[{"href":"https:\/\/kunmedierne.dk\/mors\/wp-json\/wp\/v2\/posts\/75810","targetHints":{"allow":["GET"]}}],"collection":[{"href":"https:\/\/kunmedierne.dk\/mors\/wp-json\/wp\/v2\/posts"}],"about":[{"href":"https:\/\/kunmedierne.dk\/mors\/wp-json\/wp\/v2\/types\/post"}],"author":[{"embeddable":true,"href":"https:\/\/kunmedierne.dk\/mors\/wp-json\/wp\/v2\/users\/8"}],"replies":[{"embeddable":true,"href":"https:\/\/kunmedierne.dk\/mors\/wp-json\/wp\/v2\/comments?post=75810"}],"version-history":[{"count":5,"href":"https:\/\/kunmedierne.dk\/mors\/wp-json\/wp\/v2\/posts\/75810\/revisions"}],"predecessor-version":[{"id":75817,"href":"https:\/\/kunmedierne.dk\/mors\/wp-json\/wp\/v2\/posts\/75810\/revisions\/75817"}],"wp:featuredmedia":[{"embeddable":true,"href":"https:\/\/kunmedierne.dk\/mors\/wp-json\/wp\/v2\/media\/75814"}],"wp:attachment":[{"href":"https:\/\/kunmedierne.dk\/mors\/wp-json\/wp\/v2\/media?parent=75810"}],"wp:term":[{"taxonomy":"category","embeddable":true,"href":"https:\/\/kunmedierne.dk\/mors\/wp-json\/wp\/v2\/categories?post=75810"},{"taxonomy":"post_tag","embeddable":true,"href":"https:\/\/kunmedierne.dk\/mors\/wp-json\/wp\/v2\/tags?post=75810"}],"curies":[{"name":"wp","href":"https:\/\/api.w.org\/{rel}","templated":true}]}}