{"id":7524,"date":"2020-02-14T13:32:11","date_gmt":"2020-02-14T12:32:11","guid":{"rendered":"https:\/\/kunmedierne.dk\/mors\/?p=7524"},"modified":"2024-08-12T14:07:39","modified_gmt":"2024-08-12T12:07:39","slug":"til-naeste-aar-goer-vi-det-igen","status":"publish","type":"post","link":"https:\/\/kunmedierne.dk\/mors\/til-naeste-aar-goer-vi-det-igen\/","title":{"rendered":"&#8211; Til n\u00e6ste \u00e5r g\u00f8r vi det igen"},"content":{"rendered":"<p><strong>MORS<\/strong>: Sne under skiene og i ansigtet, n\u00e5r balancen ikke slog til. Det var indholdet i det meste af vinterferien for 46 glade deltagere p\u00e5 Mors\u00f8 Ungdomsskoles \u00e5rlige skitur.<\/p>\n<p>Den fandt sted for niende \u00e5r i tr\u00e6k, og dens popularitet kunne ses, da tilmeldingen \u00e5bnede i slutningen af august. De 46 pladser var revet v\u00e6k p\u00e5 blot seks timer!<\/p>\n<p>Og s\u00e5 er det med sne under skiene og i ansigtet selvf\u00f8lgelig ikke hele historien om vinterferiens indhold. Fra ungdomsskolen selv lyder det blandt andet:<\/p>\n<div id=\"attachment_7529\" style=\"width: 235px\" class=\"wp-caption alignright\"><img loading=\"lazy\" decoding=\"async\" aria-describedby=\"caption-attachment-7529\" class=\"size-medium wp-image-7529\" src=\"https:\/\/kunmedierne.dk\/mors\/wp-content\/uploads\/2020\/02\/200214-ungdomsskolen2-225x300.jpg\" alt=\"\" width=\"225\" height=\"300\" srcset=\"https:\/\/kunmedierne.dk\/mors\/wp-content\/uploads\/2020\/02\/200214-ungdomsskolen2-225x300.jpg 225w, https:\/\/kunmedierne.dk\/mors\/wp-content\/uploads\/2020\/02\/200214-ungdomsskolen2.jpg 385w\" sizes=\"auto, (max-width: 225px) 100vw, 225px\" \/><p id=\"caption-attachment-7529\" class=\"wp-caption-text\">Foto: Mors\u00f8 Ungdomsskole.<\/p><\/div>\n<p>&#8220;For de unge er skituren en mulighed for at modtage kvalificeret skiundervisning i dagstimerne, mens samv\u00e6ret om aftenen skaber nye relationer p\u00e5 tv\u00e6rs af omgangskreds, skoler og klassetrin. Her ses filmklip og billeder fra dagen, der er g\u00e5et. Der grines med hinanden, n\u00e5r der berettes om dagens sjove historier, og n\u00e5r dagens styrt k\u00e5res. Ungdomsskolen kalder det \u201dafterski\u201d, men her er hum\u00f8ret og samv\u00e6ret det eneste rusmiddel.&#8221;<\/p>\n<p>&nbsp;<\/p>\n<p><strong>Udvikler selvforst\u00e5elsen<\/strong><\/p>\n<p>Det var andet \u00e5r i tr\u00e6k, at turen gik til Neukirchen i \u00d8strig, efter at ungdomsskolen i en \u00e5rr\u00e6kke havde haft Norge som fast destination for skituren.<\/p>\n<p>&#8220;De deltagende unge har vidt forskellige skim\u00e6ssige foruds\u00e6tninger for at deltage. Nogle er p\u00e5 skiferie med deres for\u00e6ldre hver vinter, men for mange er ungdomsskolens skitur deres f\u00f8rste bekendtskab med skil\u00f8b og m\u00e6rkelige nye vendinger som \u201dlav en st\u00f8rre pizza\u201d og \u201dnu pr\u00f8ver vi at k\u00f8re lidt mere pommes frites\u201d. Nogle af de unge fanger hurtigt fidusen og suser snart stilsikkert ned af bjergsiden, mens andre har brug for lidt mere tid og instruktion. Skituren er s\u00e5ledes ogs\u00e5 en mulighed for de unge til at vise nye sider af sig selv og udvikle deres selvforst\u00e5else,&#8221; lyder det fra Mors\u00f8 Ungdomsskole.<\/p>\n<div id=\"attachment_7530\" style=\"width: 235px\" class=\"wp-caption alignright\"><img loading=\"lazy\" decoding=\"async\" aria-describedby=\"caption-attachment-7530\" class=\"size-medium wp-image-7530\" src=\"https:\/\/kunmedierne.dk\/mors\/wp-content\/uploads\/2020\/02\/200214-ungdomsskolen5-225x300.jpg\" alt=\"\" width=\"225\" height=\"300\" srcset=\"https:\/\/kunmedierne.dk\/mors\/wp-content\/uploads\/2020\/02\/200214-ungdomsskolen5-225x300.jpg 225w, https:\/\/kunmedierne.dk\/mors\/wp-content\/uploads\/2020\/02\/200214-ungdomsskolen5.jpg 385w\" sizes=\"auto, (max-width: 225px) 100vw, 225px\" \/><p id=\"caption-attachment-7530\" class=\"wp-caption-text\">Foto: Mors\u00f8 Ungdomsskole.<\/p><\/div>\n<p>Den melder om frem dage med skil\u00f8b,\u00a0picnic, k\u00e6lketur, skiorienteringsl\u00f8b og meget mere &#8211; og en gruppe af tr\u00e6tte, oplevelsesm\u00e6tte, men f\u00f8rst og fremmest glade unge mennesker, der forlod Neukirchen for at k\u00f8re hjem<\/p>\n<p>&#8220;De unge uddelte krammere og l\u00f8fter p\u00e5 Ungdomsskolens parkeringsplads: &#8216;Til n\u00e6ste \u00e5r g\u00f8r vi det igen'&#8221;, lyder beretningen fra Mors\u00f8 Ungdomsskole.<\/p>\n","protected":false},"excerpt":{"rendered":"<p>MORS: Sne under skiene og i ansigtet, n\u00e5r balancen ikke slog til. Det var indholdet i det meste af vinterferien for 46 glade deltagere p\u00e5 Mors\u00f8 Ungdomsskoles \u00e5rlige skitur. Den fandt sted for niende \u00e5r i tr\u00e6k, og dens popularitet kunne ses, da tilmeldingen \u00e5bnede i slutningen af august. De 46 pladser var revet v\u00e6k [&hellip;]<\/p>\n","protected":false},"author":8,"featured_media":7525,"comment_status":"open","ping_status":"open","sticky":false,"template":"","format":"gallery","meta":{"_acf_changed":false,"footnotes":""},"categories":[51],"tags":[],"class_list":["post-7524","post","type-post","status-publish","format-gallery","has-post-thumbnail","hentry","category-lokalt","post_format-post-format-gallery"],"acf":[],"yoast_head":"<!-- This site is optimized with the Yoast SEO plugin v26.8 - https:\/\/yoast.com\/product\/yoast-seo-wordpress\/ -->\n<title>- Til n\u00e6ste \u00e5r g\u00f8r vi det igen - Mors<\/title>\n<meta name=\"robots\" content=\"index, follow, max-snippet:-1, max-image-preview:large, max-video-preview:-1\" \/>\n<link rel=\"canonical\" href=\"https:\/\/kunmedierne.dk\/mors\/til-naeste-aar-goer-vi-det-igen\/\" \/>\n<meta property=\"og:locale\" content=\"da_DK\" \/>\n<meta property=\"og:type\" content=\"article\" \/>\n<meta property=\"og:title\" content=\"- Til n\u00e6ste \u00e5r g\u00f8r vi det igen - Mors\" \/>\n<meta property=\"og:description\" content=\"MORS: Sne under skiene og i ansigtet, n\u00e5r balancen ikke slog til. Det var indholdet i det meste af vinterferien for 46 glade deltagere p\u00e5 Mors\u00f8 Ungdomsskoles \u00e5rlige skitur. Den fandt sted for niende \u00e5r i tr\u00e6k, og dens popularitet kunne ses, da tilmeldingen \u00e5bnede i slutningen af august. De 46 pladser var revet v\u00e6k [&hellip;]\" \/>\n<meta property=\"og:url\" content=\"https:\/\/kunmedierne.dk\/mors\/til-naeste-aar-goer-vi-det-igen\/\" \/>\n<meta property=\"og:site_name\" content=\"Mors\" \/>\n<meta property=\"article:published_time\" content=\"2020-02-14T12:32:11+00:00\" \/>\n<meta property=\"article:modified_time\" content=\"2024-08-12T12:07:39+00:00\" \/>\n<meta property=\"og:image\" content=\"https:\/\/kunmedierne.dk\/mors\/wp-content\/uploads\/2020\/02\/200214-ungdomsskolen4.jpg\" \/>\n\t<meta property=\"og:image:width\" content=\"770\" \/>\n\t<meta property=\"og:image:height\" content=\"513\" \/>\n\t<meta property=\"og:image:type\" content=\"image\/jpeg\" \/>\n<meta name=\"author\" content=\"David H\u00f8jmark\" \/>\n<meta name=\"twitter:card\" content=\"summary_large_image\" \/>\n<meta name=\"twitter:label1\" content=\"Skrevet af\" \/>\n\t<meta name=\"twitter:data1\" content=\"David H\u00f8jmark\" \/>\n\t<meta name=\"twitter:label2\" content=\"Estimeret l\u00e6setid\" \/>\n\t<meta name=\"twitter:data2\" content=\"2 minutter\" \/>\n<script type=\"application\/ld+json\" class=\"yoast-schema-graph\">{\"@context\":\"https:\/\/schema.org\",\"@graph\":[{\"@type\":\"Article\",\"@id\":\"https:\/\/kunmedierne.dk\/mors\/til-naeste-aar-goer-vi-det-igen\/#article\",\"isPartOf\":{\"@id\":\"https:\/\/kunmedierne.dk\/mors\/til-naeste-aar-goer-vi-det-igen\/\"},\"author\":{\"name\":\"David H\u00f8jmark\",\"@id\":\"https:\/\/kunmedierne.dk\/mors\/#\/schema\/person\/5fe23251bf1d0abbcdc6f7896579d548\"},\"headline\":\"&#8211; Til n\u00e6ste \u00e5r g\u00f8r vi det igen\",\"datePublished\":\"2020-02-14T12:32:11+00:00\",\"dateModified\":\"2024-08-12T12:07:39+00:00\",\"mainEntityOfPage\":{\"@id\":\"https:\/\/kunmedierne.dk\/mors\/til-naeste-aar-goer-vi-det-igen\/\"},\"wordCount\":399,\"commentCount\":0,\"publisher\":{\"@id\":\"https:\/\/kunmedierne.dk\/mors\/#organization\"},\"image\":{\"@id\":\"https:\/\/kunmedierne.dk\/mors\/til-naeste-aar-goer-vi-det-igen\/#primaryimage\"},\"thumbnailUrl\":\"https:\/\/kunmedierne.dk\/mors\/wp-content\/uploads\/2020\/02\/200214-ungdomsskolen4.jpg\",\"articleSection\":[\"Lokalt\"],\"inLanguage\":\"da-DK\",\"potentialAction\":[{\"@type\":\"CommentAction\",\"name\":\"Comment\",\"target\":[\"https:\/\/kunmedierne.dk\/mors\/til-naeste-aar-goer-vi-det-igen\/#respond\"]}]},{\"@type\":\"WebPage\",\"@id\":\"https:\/\/kunmedierne.dk\/mors\/til-naeste-aar-goer-vi-det-igen\/\",\"url\":\"https:\/\/kunmedierne.dk\/mors\/til-naeste-aar-goer-vi-det-igen\/\",\"name\":\"- Til n\u00e6ste \u00e5r g\u00f8r vi det igen - Mors\",\"isPartOf\":{\"@id\":\"https:\/\/kunmedierne.dk\/mors\/#website\"},\"primaryImageOfPage\":{\"@id\":\"https:\/\/kunmedierne.dk\/mors\/til-naeste-aar-goer-vi-det-igen\/#primaryimage\"},\"image\":{\"@id\":\"https:\/\/kunmedierne.dk\/mors\/til-naeste-aar-goer-vi-det-igen\/#primaryimage\"},\"thumbnailUrl\":\"https:\/\/kunmedierne.dk\/mors\/wp-content\/uploads\/2020\/02\/200214-ungdomsskolen4.jpg\",\"datePublished\":\"2020-02-14T12:32:11+00:00\",\"dateModified\":\"2024-08-12T12:07:39+00:00\",\"breadcrumb\":{\"@id\":\"https:\/\/kunmedierne.dk\/mors\/til-naeste-aar-goer-vi-det-igen\/#breadcrumb\"},\"inLanguage\":\"da-DK\",\"potentialAction\":[{\"@type\":\"ReadAction\",\"target\":[\"https:\/\/kunmedierne.dk\/mors\/til-naeste-aar-goer-vi-det-igen\/\"]}]},{\"@type\":\"ImageObject\",\"inLanguage\":\"da-DK\",\"@id\":\"https:\/\/kunmedierne.dk\/mors\/til-naeste-aar-goer-vi-det-igen\/#primaryimage\",\"url\":\"https:\/\/kunmedierne.dk\/mors\/wp-content\/uploads\/2020\/02\/200214-ungdomsskolen4.jpg\",\"contentUrl\":\"https:\/\/kunmedierne.dk\/mors\/wp-content\/uploads\/2020\/02\/200214-ungdomsskolen4.jpg\",\"width\":770,\"height\":513,\"caption\":\"Ungdomsskolen hyggede sig i \u00d8strig. Foto: Mors\u00f8 Ungdomsskole.\"},{\"@type\":\"BreadcrumbList\",\"@id\":\"https:\/\/kunmedierne.dk\/mors\/til-naeste-aar-goer-vi-det-igen\/#breadcrumb\",\"itemListElement\":[{\"@type\":\"ListItem\",\"position\":1,\"name\":\"Hjem\",\"item\":\"https:\/\/kunmedierne.dk\/mors\/\"},{\"@type\":\"ListItem\",\"position\":2,\"name\":\"&#8211; Til n\u00e6ste \u00e5r g\u00f8r vi det igen\"}]},{\"@type\":\"WebSite\",\"@id\":\"https:\/\/kunmedierne.dk\/mors\/#website\",\"url\":\"https:\/\/kunmedierne.dk\/mors\/\",\"name\":\"Mors\",\"description\":\"et netmedie med journalistik om livet p\u00e5 Mors\",\"publisher\":{\"@id\":\"https:\/\/kunmedierne.dk\/mors\/#organization\"},\"potentialAction\":[{\"@type\":\"SearchAction\",\"target\":{\"@type\":\"EntryPoint\",\"urlTemplate\":\"https:\/\/kunmedierne.dk\/mors\/?s={search_term_string}\"},\"query-input\":{\"@type\":\"PropertyValueSpecification\",\"valueRequired\":true,\"valueName\":\"search_term_string\"}}],\"inLanguage\":\"da-DK\"},{\"@type\":\"Organization\",\"@id\":\"https:\/\/kunmedierne.dk\/mors\/#organization\",\"name\":\"Mors\",\"url\":\"https:\/\/kunmedierne.dk\/mors\/\",\"logo\":{\"@type\":\"ImageObject\",\"inLanguage\":\"da-DK\",\"@id\":\"https:\/\/kunmedierne.dk\/mors\/#\/schema\/logo\/image\/\",\"url\":\"https:\/\/kunmedierne.dk\/mors\/wp-content\/uploads\/2024\/08\/kunmors-logo.svg\",\"contentUrl\":\"https:\/\/kunmedierne.dk\/mors\/wp-content\/uploads\/2024\/08\/kunmors-logo.svg\",\"caption\":\"Mors\"},\"image\":{\"@id\":\"https:\/\/kunmedierne.dk\/mors\/#\/schema\/logo\/image\/\"}},{\"@type\":\"Person\",\"@id\":\"https:\/\/kunmedierne.dk\/mors\/#\/schema\/person\/5fe23251bf1d0abbcdc6f7896579d548\",\"name\":\"David H\u00f8jmark\",\"image\":{\"@type\":\"ImageObject\",\"inLanguage\":\"da-DK\",\"@id\":\"https:\/\/kunmedierne.dk\/mors\/#\/schema\/person\/image\/\",\"url\":\"https:\/\/secure.gravatar.com\/avatar\/4315d6fb9ef244d729989f5f90268eb08d5bf8a3d84402f595fa194bb35784fd?s=96&d=mm&r=g\",\"contentUrl\":\"https:\/\/secure.gravatar.com\/avatar\/4315d6fb9ef244d729989f5f90268eb08d5bf8a3d84402f595fa194bb35784fd?s=96&d=mm&r=g\",\"caption\":\"David H\u00f8jmark\"},\"sameAs\":[\"https:\/\/www.kunmedierne.dk\"],\"url\":\"https:\/\/kunmedierne.dk\/mors\/author\/david\/\"}]}<\/script>\n<!-- \/ Yoast SEO plugin. -->","yoast_head_json":{"title":"- Til n\u00e6ste \u00e5r g\u00f8r vi det igen - Mors","robots":{"index":"index","follow":"follow","max-snippet":"max-snippet:-1","max-image-preview":"max-image-preview:large","max-video-preview":"max-video-preview:-1"},"canonical":"https:\/\/kunmedierne.dk\/mors\/til-naeste-aar-goer-vi-det-igen\/","og_locale":"da_DK","og_type":"article","og_title":"- Til n\u00e6ste \u00e5r g\u00f8r vi det igen - Mors","og_description":"MORS: Sne under skiene og i ansigtet, n\u00e5r balancen ikke slog til. Det var indholdet i det meste af vinterferien for 46 glade deltagere p\u00e5 Mors\u00f8 Ungdomsskoles \u00e5rlige skitur. Den fandt sted for niende \u00e5r i tr\u00e6k, og dens popularitet kunne ses, da tilmeldingen \u00e5bnede i slutningen af august. De 46 pladser var revet v\u00e6k [&hellip;]","og_url":"https:\/\/kunmedierne.dk\/mors\/til-naeste-aar-goer-vi-det-igen\/","og_site_name":"Mors","article_published_time":"2020-02-14T12:32:11+00:00","article_modified_time":"2024-08-12T12:07:39+00:00","og_image":[{"width":770,"height":513,"url":"https:\/\/kunmedierne.dk\/mors\/wp-content\/uploads\/2020\/02\/200214-ungdomsskolen4.jpg","type":"image\/jpeg"}],"author":"David H\u00f8jmark","twitter_card":"summary_large_image","twitter_misc":{"Skrevet af":"David H\u00f8jmark","Estimeret l\u00e6setid":"2 minutter"},"schema":{"@context":"https:\/\/schema.org","@graph":[{"@type":"Article","@id":"https:\/\/kunmedierne.dk\/mors\/til-naeste-aar-goer-vi-det-igen\/#article","isPartOf":{"@id":"https:\/\/kunmedierne.dk\/mors\/til-naeste-aar-goer-vi-det-igen\/"},"author":{"name":"David H\u00f8jmark","@id":"https:\/\/kunmedierne.dk\/mors\/#\/schema\/person\/5fe23251bf1d0abbcdc6f7896579d548"},"headline":"&#8211; Til n\u00e6ste \u00e5r g\u00f8r vi det igen","datePublished":"2020-02-14T12:32:11+00:00","dateModified":"2024-08-12T12:07:39+00:00","mainEntityOfPage":{"@id":"https:\/\/kunmedierne.dk\/mors\/til-naeste-aar-goer-vi-det-igen\/"},"wordCount":399,"commentCount":0,"publisher":{"@id":"https:\/\/kunmedierne.dk\/mors\/#organization"},"image":{"@id":"https:\/\/kunmedierne.dk\/mors\/til-naeste-aar-goer-vi-det-igen\/#primaryimage"},"thumbnailUrl":"https:\/\/kunmedierne.dk\/mors\/wp-content\/uploads\/2020\/02\/200214-ungdomsskolen4.jpg","articleSection":["Lokalt"],"inLanguage":"da-DK","potentialAction":[{"@type":"CommentAction","name":"Comment","target":["https:\/\/kunmedierne.dk\/mors\/til-naeste-aar-goer-vi-det-igen\/#respond"]}]},{"@type":"WebPage","@id":"https:\/\/kunmedierne.dk\/mors\/til-naeste-aar-goer-vi-det-igen\/","url":"https:\/\/kunmedierne.dk\/mors\/til-naeste-aar-goer-vi-det-igen\/","name":"- Til n\u00e6ste \u00e5r g\u00f8r vi det igen - Mors","isPartOf":{"@id":"https:\/\/kunmedierne.dk\/mors\/#website"},"primaryImageOfPage":{"@id":"https:\/\/kunmedierne.dk\/mors\/til-naeste-aar-goer-vi-det-igen\/#primaryimage"},"image":{"@id":"https:\/\/kunmedierne.dk\/mors\/til-naeste-aar-goer-vi-det-igen\/#primaryimage"},"thumbnailUrl":"https:\/\/kunmedierne.dk\/mors\/wp-content\/uploads\/2020\/02\/200214-ungdomsskolen4.jpg","datePublished":"2020-02-14T12:32:11+00:00","dateModified":"2024-08-12T12:07:39+00:00","breadcrumb":{"@id":"https:\/\/kunmedierne.dk\/mors\/til-naeste-aar-goer-vi-det-igen\/#breadcrumb"},"inLanguage":"da-DK","potentialAction":[{"@type":"ReadAction","target":["https:\/\/kunmedierne.dk\/mors\/til-naeste-aar-goer-vi-det-igen\/"]}]},{"@type":"ImageObject","inLanguage":"da-DK","@id":"https:\/\/kunmedierne.dk\/mors\/til-naeste-aar-goer-vi-det-igen\/#primaryimage","url":"https:\/\/kunmedierne.dk\/mors\/wp-content\/uploads\/2020\/02\/200214-ungdomsskolen4.jpg","contentUrl":"https:\/\/kunmedierne.dk\/mors\/wp-content\/uploads\/2020\/02\/200214-ungdomsskolen4.jpg","width":770,"height":513,"caption":"Ungdomsskolen hyggede sig i \u00d8strig. Foto: Mors\u00f8 Ungdomsskole."},{"@type":"BreadcrumbList","@id":"https:\/\/kunmedierne.dk\/mors\/til-naeste-aar-goer-vi-det-igen\/#breadcrumb","itemListElement":[{"@type":"ListItem","position":1,"name":"Hjem","item":"https:\/\/kunmedierne.dk\/mors\/"},{"@type":"ListItem","position":2,"name":"&#8211; Til n\u00e6ste \u00e5r g\u00f8r vi det igen"}]},{"@type":"WebSite","@id":"https:\/\/kunmedierne.dk\/mors\/#website","url":"https:\/\/kunmedierne.dk\/mors\/","name":"Mors","description":"et netmedie med journalistik om livet p\u00e5 Mors","publisher":{"@id":"https:\/\/kunmedierne.dk\/mors\/#organization"},"potentialAction":[{"@type":"SearchAction","target":{"@type":"EntryPoint","urlTemplate":"https:\/\/kunmedierne.dk\/mors\/?s={search_term_string}"},"query-input":{"@type":"PropertyValueSpecification","valueRequired":true,"valueName":"search_term_string"}}],"inLanguage":"da-DK"},{"@type":"Organization","@id":"https:\/\/kunmedierne.dk\/mors\/#organization","name":"Mors","url":"https:\/\/kunmedierne.dk\/mors\/","logo":{"@type":"ImageObject","inLanguage":"da-DK","@id":"https:\/\/kunmedierne.dk\/mors\/#\/schema\/logo\/image\/","url":"https:\/\/kunmedierne.dk\/mors\/wp-content\/uploads\/2024\/08\/kunmors-logo.svg","contentUrl":"https:\/\/kunmedierne.dk\/mors\/wp-content\/uploads\/2024\/08\/kunmors-logo.svg","caption":"Mors"},"image":{"@id":"https:\/\/kunmedierne.dk\/mors\/#\/schema\/logo\/image\/"}},{"@type":"Person","@id":"https:\/\/kunmedierne.dk\/mors\/#\/schema\/person\/5fe23251bf1d0abbcdc6f7896579d548","name":"David H\u00f8jmark","image":{"@type":"ImageObject","inLanguage":"da-DK","@id":"https:\/\/kunmedierne.dk\/mors\/#\/schema\/person\/image\/","url":"https:\/\/secure.gravatar.com\/avatar\/4315d6fb9ef244d729989f5f90268eb08d5bf8a3d84402f595fa194bb35784fd?s=96&d=mm&r=g","contentUrl":"https:\/\/secure.gravatar.com\/avatar\/4315d6fb9ef244d729989f5f90268eb08d5bf8a3d84402f595fa194bb35784fd?s=96&d=mm&r=g","caption":"David H\u00f8jmark"},"sameAs":["https:\/\/www.kunmedierne.dk"],"url":"https:\/\/kunmedierne.dk\/mors\/author\/david\/"}]}},"_links":{"self":[{"href":"https:\/\/kunmedierne.dk\/mors\/wp-json\/wp\/v2\/posts\/7524","targetHints":{"allow":["GET"]}}],"collection":[{"href":"https:\/\/kunmedierne.dk\/mors\/wp-json\/wp\/v2\/posts"}],"about":[{"href":"https:\/\/kunmedierne.dk\/mors\/wp-json\/wp\/v2\/types\/post"}],"author":[{"embeddable":true,"href":"https:\/\/kunmedierne.dk\/mors\/wp-json\/wp\/v2\/users\/8"}],"replies":[{"embeddable":true,"href":"https:\/\/kunmedierne.dk\/mors\/wp-json\/wp\/v2\/comments?post=7524"}],"version-history":[{"count":3,"href":"https:\/\/kunmedierne.dk\/mors\/wp-json\/wp\/v2\/posts\/7524\/revisions"}],"predecessor-version":[{"id":40006,"href":"https:\/\/kunmedierne.dk\/mors\/wp-json\/wp\/v2\/posts\/7524\/revisions\/40006"}],"wp:featuredmedia":[{"embeddable":true,"href":"https:\/\/kunmedierne.dk\/mors\/wp-json\/wp\/v2\/media\/7525"}],"wp:attachment":[{"href":"https:\/\/kunmedierne.dk\/mors\/wp-json\/wp\/v2\/media?parent=7524"}],"wp:term":[{"taxonomy":"category","embeddable":true,"href":"https:\/\/kunmedierne.dk\/mors\/wp-json\/wp\/v2\/categories?post=7524"},{"taxonomy":"post_tag","embeddable":true,"href":"https:\/\/kunmedierne.dk\/mors\/wp-json\/wp\/v2\/tags?post=7524"}],"curies":[{"name":"wp","href":"https:\/\/api.w.org\/{rel}","templated":true}]}}