{"id":74463,"date":"2022-07-23T11:06:11","date_gmt":"2022-07-23T09:06:11","guid":{"rendered":"https:\/\/kunmedierne.dk\/mors\/?p=74463"},"modified":"2024-08-12T13:27:41","modified_gmt":"2024-08-12T11:27:41","slug":"musikvaerkets-venner-oensker-hjaelp-til-kulturmoedet","status":"publish","type":"post","link":"https:\/\/kunmedierne.dk\/mors\/musikvaerkets-venner-oensker-hjaelp-til-kulturmoedet\/","title":{"rendered":"Musikv\u00e6rkets Venner \u00f8nsker hj\u00e6lp til Kulturm\u00f8det"},"content":{"rendered":"<p><em>J\u00f8rgen Bruun Christensen har p\u00e5 vegne af Musikv\u00e6rkets Venner sendt dette til KunMors:<\/em><\/p>\n<hr \/>\n<p><strong>NYK\u00d8BING<\/strong>: Igen i \u00e5r har Musikv\u00e6rkets Venner en salgsbod i Musikv\u00e6rkets foyer i forbindelse med Kulturm\u00f8det den 25.-27. august.<\/p>\n<p>I denne bod s\u00e6lges der drikkevarer og kage, og hele overskuddet g\u00e5r til Musikv\u00e6rket.<\/p>\n<p>Vi vil ogs\u00e5 i \u00e5r opfordre alle, der har lyst til at st\u00e5 i baren, til at melde sig, s\u00e5 vi kan servicere det store publikum, der kommer til Mors.<\/p>\n<a class=\"dvrt-link\" onClick=\"cdmtrack_click(104783,jQuery(this));return false\" href=\"https:\/\/konpap.dk\/\"><img decoding=\"async\" style=\"width:100%;\" src=\"https:\/\/kunmedierne.dk\/mors\/wp-content\/uploads\/2023\/10\/Kun-Mors-banner.jpg\"><\/a><script>cdmtrack_view(104783);<\/script>\n<p>Det er vigtigt, vi kan v\u00e6re med til at s\u00f8rge for, at alle, der kommer til Kulturm\u00f8det, kan f\u00e5 lidt at drikke og spise, og samtidig v\u00e6re med til at st\u00f8tte Musikv\u00e6rket.<\/p>\n<p>Der skal v\u00e6re bemanding p\u00e5 hele tiden. I v\u00e6lger selv, hvorn\u00e5r I har tid og lyst til at v\u00e6re en del af barpersonalet.<\/p>\n<p>Tilmelding kan ske til Margit Pedersen p\u00e5 e-mail: margitpedersen02@gmail.com.<\/p>\n<a class=\"dvrt-link\" onClick=\"cdmtrack_click(104780,jQuery(this));return false\" href=\"https:\/\/www.spard.dk\/\"><img decoding=\"async\" style=\"width:100%;\" src=\"https:\/\/kunmedierne.dk\/mors\/wp-content\/uploads\/2023\/12\/sparekassen-dk-maj25.gif\"><\/a><script>cdmtrack_view(104780);<\/script>\n<p>I bestemmer selv, hvorn\u00e5r og hvor l\u00e6nge, I \u00f8nsker at hj\u00e6lpe. Det skrives, n\u00e5r I melder jer til. Husk navn, mailadresse og telefonnummer.<\/p>\n<p>Vi gl\u00e6der os til at h\u00f8re fra jer.<\/p>\n<p>Vel m\u00f8dt p\u00e5 Kulturm\u00f8det.<\/p>\n<p>Venlig hilsen<\/p>\n<p>Musikv\u00e6rkets Venner<\/p>\n<p>J\u00f8rgen Bruun Christensen<\/p>\n<hr \/>\n<p><em>Har du et bidrag til den lokale debat? Send det til os p\u00e5 e-mail: debat@kunmedierne.dk\/mors. Husk at l\u00e6se korrektur inden afsendelse.<\/em><\/p>\n","protected":false},"excerpt":{"rendered":"<p>J\u00f8rgen Bruun Christensen har p\u00e5 vegne af Musikv\u00e6rkets Venner sendt dette til KunMors: NYK\u00d8BING: Igen i \u00e5r har Musikv\u00e6rkets Venner en salgsbod i Musikv\u00e6rkets foyer i forbindelse med Kulturm\u00f8det den 25.-27. august. I denne bod s\u00e6lges der drikkevarer og kage, og hele overskuddet g\u00e5r til Musikv\u00e6rket. Vi vil ogs\u00e5 i \u00e5r opfordre alle, der har [&hellip;]<\/p>\n","protected":false},"author":8,"featured_media":74468,"comment_status":"closed","ping_status":"open","sticky":false,"template":"","format":"standard","meta":{"_acf_changed":false,"footnotes":""},"categories":[56,49],"tags":[162],"class_list":["post-74463","post","type-post","status-publish","format-standard","has-post-thumbnail","hentry","category-debat","category-kultur","tag-kulturmoedet"],"acf":[],"yoast_head":"<!-- This site is optimized with the Yoast SEO plugin v26.8 - https:\/\/yoast.com\/product\/yoast-seo-wordpress\/ -->\n<title>Musikv\u00e6rkets Venner \u00f8nsker hj\u00e6lp til Kulturm\u00f8det - Mors<\/title>\n<meta name=\"robots\" content=\"index, follow, max-snippet:-1, max-image-preview:large, max-video-preview:-1\" \/>\n<link rel=\"canonical\" href=\"https:\/\/kunmedierne.dk\/mors\/musikvaerkets-venner-oensker-hjaelp-til-kulturmoedet\/\" \/>\n<meta property=\"og:locale\" content=\"da_DK\" \/>\n<meta property=\"og:type\" content=\"article\" \/>\n<meta property=\"og:title\" content=\"Musikv\u00e6rkets Venner \u00f8nsker hj\u00e6lp til Kulturm\u00f8det - Mors\" \/>\n<meta property=\"og:description\" content=\"J\u00f8rgen Bruun Christensen har p\u00e5 vegne af Musikv\u00e6rkets Venner sendt dette til KunMors: NYK\u00d8BING: Igen i \u00e5r har Musikv\u00e6rkets Venner en salgsbod i Musikv\u00e6rkets foyer i forbindelse med Kulturm\u00f8det den 25.-27. august. I denne bod s\u00e6lges der drikkevarer og kage, og hele overskuddet g\u00e5r til Musikv\u00e6rket. Vi vil ogs\u00e5 i \u00e5r opfordre alle, der har [&hellip;]\" \/>\n<meta property=\"og:url\" content=\"https:\/\/kunmedierne.dk\/mors\/musikvaerkets-venner-oensker-hjaelp-til-kulturmoedet\/\" \/>\n<meta property=\"og:site_name\" content=\"Mors\" \/>\n<meta property=\"article:published_time\" content=\"2022-07-23T09:06:11+00:00\" \/>\n<meta property=\"article:modified_time\" content=\"2024-08-12T11:27:41+00:00\" \/>\n<meta property=\"og:image\" content=\"https:\/\/kunmedierne.dk\/mors\/wp-content\/uploads\/2022\/07\/IMG_0932.jpg\" \/>\n\t<meta property=\"og:image:width\" content=\"770\" \/>\n\t<meta property=\"og:image:height\" content=\"513\" \/>\n\t<meta property=\"og:image:type\" content=\"image\/jpeg\" \/>\n<meta name=\"author\" content=\"David H\u00f8jmark\" \/>\n<meta name=\"twitter:card\" content=\"summary_large_image\" \/>\n<meta name=\"twitter:label1\" content=\"Skrevet af\" \/>\n\t<meta name=\"twitter:data1\" content=\"David H\u00f8jmark\" \/>\n\t<meta name=\"twitter:label2\" content=\"Estimeret l\u00e6setid\" \/>\n\t<meta name=\"twitter:data2\" content=\"1 minut\" \/>\n<script type=\"application\/ld+json\" class=\"yoast-schema-graph\">{\"@context\":\"https:\/\/schema.org\",\"@graph\":[{\"@type\":\"Article\",\"@id\":\"https:\/\/kunmedierne.dk\/mors\/musikvaerkets-venner-oensker-hjaelp-til-kulturmoedet\/#article\",\"isPartOf\":{\"@id\":\"https:\/\/kunmedierne.dk\/mors\/musikvaerkets-venner-oensker-hjaelp-til-kulturmoedet\/\"},\"author\":{\"name\":\"David H\u00f8jmark\",\"@id\":\"https:\/\/kunmedierne.dk\/mors\/#\/schema\/person\/5fe23251bf1d0abbcdc6f7896579d548\"},\"headline\":\"Musikv\u00e6rkets Venner \u00f8nsker hj\u00e6lp til Kulturm\u00f8det\",\"datePublished\":\"2022-07-23T09:06:11+00:00\",\"dateModified\":\"2024-08-12T11:27:41+00:00\",\"mainEntityOfPage\":{\"@id\":\"https:\/\/kunmedierne.dk\/mors\/musikvaerkets-venner-oensker-hjaelp-til-kulturmoedet\/\"},\"wordCount\":251,\"publisher\":{\"@id\":\"https:\/\/kunmedierne.dk\/mors\/#organization\"},\"image\":{\"@id\":\"https:\/\/kunmedierne.dk\/mors\/musikvaerkets-venner-oensker-hjaelp-til-kulturmoedet\/#primaryimage\"},\"thumbnailUrl\":\"https:\/\/kunmedierne.dk\/mors\/wp-content\/uploads\/2022\/07\/IMG_0932.jpg\",\"keywords\":[\"Kulturm\u00f8det\"],\"articleSection\":[\"Debat\",\"Kultur\"],\"inLanguage\":\"da-DK\"},{\"@type\":\"WebPage\",\"@id\":\"https:\/\/kunmedierne.dk\/mors\/musikvaerkets-venner-oensker-hjaelp-til-kulturmoedet\/\",\"url\":\"https:\/\/kunmedierne.dk\/mors\/musikvaerkets-venner-oensker-hjaelp-til-kulturmoedet\/\",\"name\":\"Musikv\u00e6rkets Venner \u00f8nsker hj\u00e6lp til Kulturm\u00f8det - Mors\",\"isPartOf\":{\"@id\":\"https:\/\/kunmedierne.dk\/mors\/#website\"},\"primaryImageOfPage\":{\"@id\":\"https:\/\/kunmedierne.dk\/mors\/musikvaerkets-venner-oensker-hjaelp-til-kulturmoedet\/#primaryimage\"},\"image\":{\"@id\":\"https:\/\/kunmedierne.dk\/mors\/musikvaerkets-venner-oensker-hjaelp-til-kulturmoedet\/#primaryimage\"},\"thumbnailUrl\":\"https:\/\/kunmedierne.dk\/mors\/wp-content\/uploads\/2022\/07\/IMG_0932.jpg\",\"datePublished\":\"2022-07-23T09:06:11+00:00\",\"dateModified\":\"2024-08-12T11:27:41+00:00\",\"breadcrumb\":{\"@id\":\"https:\/\/kunmedierne.dk\/mors\/musikvaerkets-venner-oensker-hjaelp-til-kulturmoedet\/#breadcrumb\"},\"inLanguage\":\"da-DK\",\"potentialAction\":[{\"@type\":\"ReadAction\",\"target\":[\"https:\/\/kunmedierne.dk\/mors\/musikvaerkets-venner-oensker-hjaelp-til-kulturmoedet\/\"]}]},{\"@type\":\"ImageObject\",\"inLanguage\":\"da-DK\",\"@id\":\"https:\/\/kunmedierne.dk\/mors\/musikvaerkets-venner-oensker-hjaelp-til-kulturmoedet\/#primaryimage\",\"url\":\"https:\/\/kunmedierne.dk\/mors\/wp-content\/uploads\/2022\/07\/IMG_0932.jpg\",\"contentUrl\":\"https:\/\/kunmedierne.dk\/mors\/wp-content\/uploads\/2022\/07\/IMG_0932.jpg\",\"width\":770,\"height\":513,\"caption\":\"Musikv\u00e6rket i Nyk\u00f8bing.\"},{\"@type\":\"BreadcrumbList\",\"@id\":\"https:\/\/kunmedierne.dk\/mors\/musikvaerkets-venner-oensker-hjaelp-til-kulturmoedet\/#breadcrumb\",\"itemListElement\":[{\"@type\":\"ListItem\",\"position\":1,\"name\":\"Hjem\",\"item\":\"https:\/\/kunmedierne.dk\/mors\/\"},{\"@type\":\"ListItem\",\"position\":2,\"name\":\"Musikv\u00e6rkets Venner \u00f8nsker hj\u00e6lp til Kulturm\u00f8det\"}]},{\"@type\":\"WebSite\",\"@id\":\"https:\/\/kunmedierne.dk\/mors\/#website\",\"url\":\"https:\/\/kunmedierne.dk\/mors\/\",\"name\":\"Mors\",\"description\":\"et netmedie med journalistik om livet p\u00e5 Mors\",\"publisher\":{\"@id\":\"https:\/\/kunmedierne.dk\/mors\/#organization\"},\"potentialAction\":[{\"@type\":\"SearchAction\",\"target\":{\"@type\":\"EntryPoint\",\"urlTemplate\":\"https:\/\/kunmedierne.dk\/mors\/?s={search_term_string}\"},\"query-input\":{\"@type\":\"PropertyValueSpecification\",\"valueRequired\":true,\"valueName\":\"search_term_string\"}}],\"inLanguage\":\"da-DK\"},{\"@type\":\"Organization\",\"@id\":\"https:\/\/kunmedierne.dk\/mors\/#organization\",\"name\":\"Mors\",\"url\":\"https:\/\/kunmedierne.dk\/mors\/\",\"logo\":{\"@type\":\"ImageObject\",\"inLanguage\":\"da-DK\",\"@id\":\"https:\/\/kunmedierne.dk\/mors\/#\/schema\/logo\/image\/\",\"url\":\"https:\/\/kunmedierne.dk\/mors\/wp-content\/uploads\/2024\/08\/kunmors-logo.svg\",\"contentUrl\":\"https:\/\/kunmedierne.dk\/mors\/wp-content\/uploads\/2024\/08\/kunmors-logo.svg\",\"caption\":\"Mors\"},\"image\":{\"@id\":\"https:\/\/kunmedierne.dk\/mors\/#\/schema\/logo\/image\/\"}},{\"@type\":\"Person\",\"@id\":\"https:\/\/kunmedierne.dk\/mors\/#\/schema\/person\/5fe23251bf1d0abbcdc6f7896579d548\",\"name\":\"David H\u00f8jmark\",\"image\":{\"@type\":\"ImageObject\",\"inLanguage\":\"da-DK\",\"@id\":\"https:\/\/kunmedierne.dk\/mors\/#\/schema\/person\/image\/\",\"url\":\"https:\/\/secure.gravatar.com\/avatar\/4315d6fb9ef244d729989f5f90268eb08d5bf8a3d84402f595fa194bb35784fd?s=96&d=mm&r=g\",\"contentUrl\":\"https:\/\/secure.gravatar.com\/avatar\/4315d6fb9ef244d729989f5f90268eb08d5bf8a3d84402f595fa194bb35784fd?s=96&d=mm&r=g\",\"caption\":\"David H\u00f8jmark\"},\"sameAs\":[\"https:\/\/www.kunmedierne.dk\"],\"url\":\"https:\/\/kunmedierne.dk\/mors\/author\/david\/\"}]}<\/script>\n<!-- \/ Yoast SEO plugin. -->","yoast_head_json":{"title":"Musikv\u00e6rkets Venner \u00f8nsker hj\u00e6lp til Kulturm\u00f8det - Mors","robots":{"index":"index","follow":"follow","max-snippet":"max-snippet:-1","max-image-preview":"max-image-preview:large","max-video-preview":"max-video-preview:-1"},"canonical":"https:\/\/kunmedierne.dk\/mors\/musikvaerkets-venner-oensker-hjaelp-til-kulturmoedet\/","og_locale":"da_DK","og_type":"article","og_title":"Musikv\u00e6rkets Venner \u00f8nsker hj\u00e6lp til Kulturm\u00f8det - Mors","og_description":"J\u00f8rgen Bruun Christensen har p\u00e5 vegne af Musikv\u00e6rkets Venner sendt dette til KunMors: NYK\u00d8BING: Igen i \u00e5r har Musikv\u00e6rkets Venner en salgsbod i Musikv\u00e6rkets foyer i forbindelse med Kulturm\u00f8det den 25.-27. august. I denne bod s\u00e6lges der drikkevarer og kage, og hele overskuddet g\u00e5r til Musikv\u00e6rket. Vi vil ogs\u00e5 i \u00e5r opfordre alle, der har [&hellip;]","og_url":"https:\/\/kunmedierne.dk\/mors\/musikvaerkets-venner-oensker-hjaelp-til-kulturmoedet\/","og_site_name":"Mors","article_published_time":"2022-07-23T09:06:11+00:00","article_modified_time":"2024-08-12T11:27:41+00:00","og_image":[{"width":770,"height":513,"url":"https:\/\/kunmedierne.dk\/mors\/wp-content\/uploads\/2022\/07\/IMG_0932.jpg","type":"image\/jpeg"}],"author":"David H\u00f8jmark","twitter_card":"summary_large_image","twitter_misc":{"Skrevet af":"David H\u00f8jmark","Estimeret l\u00e6setid":"1 minut"},"schema":{"@context":"https:\/\/schema.org","@graph":[{"@type":"Article","@id":"https:\/\/kunmedierne.dk\/mors\/musikvaerkets-venner-oensker-hjaelp-til-kulturmoedet\/#article","isPartOf":{"@id":"https:\/\/kunmedierne.dk\/mors\/musikvaerkets-venner-oensker-hjaelp-til-kulturmoedet\/"},"author":{"name":"David H\u00f8jmark","@id":"https:\/\/kunmedierne.dk\/mors\/#\/schema\/person\/5fe23251bf1d0abbcdc6f7896579d548"},"headline":"Musikv\u00e6rkets Venner \u00f8nsker hj\u00e6lp til Kulturm\u00f8det","datePublished":"2022-07-23T09:06:11+00:00","dateModified":"2024-08-12T11:27:41+00:00","mainEntityOfPage":{"@id":"https:\/\/kunmedierne.dk\/mors\/musikvaerkets-venner-oensker-hjaelp-til-kulturmoedet\/"},"wordCount":251,"publisher":{"@id":"https:\/\/kunmedierne.dk\/mors\/#organization"},"image":{"@id":"https:\/\/kunmedierne.dk\/mors\/musikvaerkets-venner-oensker-hjaelp-til-kulturmoedet\/#primaryimage"},"thumbnailUrl":"https:\/\/kunmedierne.dk\/mors\/wp-content\/uploads\/2022\/07\/IMG_0932.jpg","keywords":["Kulturm\u00f8det"],"articleSection":["Debat","Kultur"],"inLanguage":"da-DK"},{"@type":"WebPage","@id":"https:\/\/kunmedierne.dk\/mors\/musikvaerkets-venner-oensker-hjaelp-til-kulturmoedet\/","url":"https:\/\/kunmedierne.dk\/mors\/musikvaerkets-venner-oensker-hjaelp-til-kulturmoedet\/","name":"Musikv\u00e6rkets Venner \u00f8nsker hj\u00e6lp til Kulturm\u00f8det - Mors","isPartOf":{"@id":"https:\/\/kunmedierne.dk\/mors\/#website"},"primaryImageOfPage":{"@id":"https:\/\/kunmedierne.dk\/mors\/musikvaerkets-venner-oensker-hjaelp-til-kulturmoedet\/#primaryimage"},"image":{"@id":"https:\/\/kunmedierne.dk\/mors\/musikvaerkets-venner-oensker-hjaelp-til-kulturmoedet\/#primaryimage"},"thumbnailUrl":"https:\/\/kunmedierne.dk\/mors\/wp-content\/uploads\/2022\/07\/IMG_0932.jpg","datePublished":"2022-07-23T09:06:11+00:00","dateModified":"2024-08-12T11:27:41+00:00","breadcrumb":{"@id":"https:\/\/kunmedierne.dk\/mors\/musikvaerkets-venner-oensker-hjaelp-til-kulturmoedet\/#breadcrumb"},"inLanguage":"da-DK","potentialAction":[{"@type":"ReadAction","target":["https:\/\/kunmedierne.dk\/mors\/musikvaerkets-venner-oensker-hjaelp-til-kulturmoedet\/"]}]},{"@type":"ImageObject","inLanguage":"da-DK","@id":"https:\/\/kunmedierne.dk\/mors\/musikvaerkets-venner-oensker-hjaelp-til-kulturmoedet\/#primaryimage","url":"https:\/\/kunmedierne.dk\/mors\/wp-content\/uploads\/2022\/07\/IMG_0932.jpg","contentUrl":"https:\/\/kunmedierne.dk\/mors\/wp-content\/uploads\/2022\/07\/IMG_0932.jpg","width":770,"height":513,"caption":"Musikv\u00e6rket i Nyk\u00f8bing."},{"@type":"BreadcrumbList","@id":"https:\/\/kunmedierne.dk\/mors\/musikvaerkets-venner-oensker-hjaelp-til-kulturmoedet\/#breadcrumb","itemListElement":[{"@type":"ListItem","position":1,"name":"Hjem","item":"https:\/\/kunmedierne.dk\/mors\/"},{"@type":"ListItem","position":2,"name":"Musikv\u00e6rkets Venner \u00f8nsker hj\u00e6lp til Kulturm\u00f8det"}]},{"@type":"WebSite","@id":"https:\/\/kunmedierne.dk\/mors\/#website","url":"https:\/\/kunmedierne.dk\/mors\/","name":"Mors","description":"et netmedie med journalistik om livet p\u00e5 Mors","publisher":{"@id":"https:\/\/kunmedierne.dk\/mors\/#organization"},"potentialAction":[{"@type":"SearchAction","target":{"@type":"EntryPoint","urlTemplate":"https:\/\/kunmedierne.dk\/mors\/?s={search_term_string}"},"query-input":{"@type":"PropertyValueSpecification","valueRequired":true,"valueName":"search_term_string"}}],"inLanguage":"da-DK"},{"@type":"Organization","@id":"https:\/\/kunmedierne.dk\/mors\/#organization","name":"Mors","url":"https:\/\/kunmedierne.dk\/mors\/","logo":{"@type":"ImageObject","inLanguage":"da-DK","@id":"https:\/\/kunmedierne.dk\/mors\/#\/schema\/logo\/image\/","url":"https:\/\/kunmedierne.dk\/mors\/wp-content\/uploads\/2024\/08\/kunmors-logo.svg","contentUrl":"https:\/\/kunmedierne.dk\/mors\/wp-content\/uploads\/2024\/08\/kunmors-logo.svg","caption":"Mors"},"image":{"@id":"https:\/\/kunmedierne.dk\/mors\/#\/schema\/logo\/image\/"}},{"@type":"Person","@id":"https:\/\/kunmedierne.dk\/mors\/#\/schema\/person\/5fe23251bf1d0abbcdc6f7896579d548","name":"David H\u00f8jmark","image":{"@type":"ImageObject","inLanguage":"da-DK","@id":"https:\/\/kunmedierne.dk\/mors\/#\/schema\/person\/image\/","url":"https:\/\/secure.gravatar.com\/avatar\/4315d6fb9ef244d729989f5f90268eb08d5bf8a3d84402f595fa194bb35784fd?s=96&d=mm&r=g","contentUrl":"https:\/\/secure.gravatar.com\/avatar\/4315d6fb9ef244d729989f5f90268eb08d5bf8a3d84402f595fa194bb35784fd?s=96&d=mm&r=g","caption":"David H\u00f8jmark"},"sameAs":["https:\/\/www.kunmedierne.dk"],"url":"https:\/\/kunmedierne.dk\/mors\/author\/david\/"}]}},"_links":{"self":[{"href":"https:\/\/kunmedierne.dk\/mors\/wp-json\/wp\/v2\/posts\/74463","targetHints":{"allow":["GET"]}}],"collection":[{"href":"https:\/\/kunmedierne.dk\/mors\/wp-json\/wp\/v2\/posts"}],"about":[{"href":"https:\/\/kunmedierne.dk\/mors\/wp-json\/wp\/v2\/types\/post"}],"author":[{"embeddable":true,"href":"https:\/\/kunmedierne.dk\/mors\/wp-json\/wp\/v2\/users\/8"}],"replies":[{"embeddable":true,"href":"https:\/\/kunmedierne.dk\/mors\/wp-json\/wp\/v2\/comments?post=74463"}],"version-history":[{"count":2,"href":"https:\/\/kunmedierne.dk\/mors\/wp-json\/wp\/v2\/posts\/74463\/revisions"}],"predecessor-version":[{"id":74469,"href":"https:\/\/kunmedierne.dk\/mors\/wp-json\/wp\/v2\/posts\/74463\/revisions\/74469"}],"wp:featuredmedia":[{"embeddable":true,"href":"https:\/\/kunmedierne.dk\/mors\/wp-json\/wp\/v2\/media\/74468"}],"wp:attachment":[{"href":"https:\/\/kunmedierne.dk\/mors\/wp-json\/wp\/v2\/media?parent=74463"}],"wp:term":[{"taxonomy":"category","embeddable":true,"href":"https:\/\/kunmedierne.dk\/mors\/wp-json\/wp\/v2\/categories?post=74463"},{"taxonomy":"post_tag","embeddable":true,"href":"https:\/\/kunmedierne.dk\/mors\/wp-json\/wp\/v2\/tags?post=74463"}],"curies":[{"name":"wp","href":"https:\/\/api.w.org\/{rel}","templated":true}]}}