{"id":74451,"date":"2022-07-23T09:20:25","date_gmt":"2022-07-23T07:20:25","guid":{"rendered":"https:\/\/kunmedierne.dk\/mors\/?p=74451"},"modified":"2024-08-12T13:27:41","modified_gmt":"2024-08-12T11:27:41","slug":"har-du-en-gammel-sofa","status":"publish","type":"post","link":"https:\/\/kunmedierne.dk\/mors\/har-du-en-gammel-sofa\/","title":{"rendered":"Har du en gammel sofa?"},"content":{"rendered":"<p><strong>NYK\u00d8BING<\/strong>: Hvis du har en gammel sofa, l\u00e6nestol eller andet, der efter lang og tro tjeneste skal ud af huset, var det m\u00e5ske en id\u00e9 at lade den f\u00e5 en \u00e6refuld funktion under Kulturm\u00f8det Mors?<\/p>\n<p>Det kan den komme til, for Mors Handel har sagt ja til at hj\u00e6lpe den \u00e5rlige event med at skabe et s\u00e6rligt milj\u00f8 p\u00e5 Kirketorvet, hvor et tema med gamle duge og m\u00f8bler kommer i brug. De bliver placeret, s\u00e5 hvem som helst kan s\u00e6tte sig og reflektere lidt for sig selv eller sammen med andre.<\/p>\n<a class=\"dvrt-link\" onClick=\"cdmtrack_click(104783,jQuery(this));return false\" href=\"https:\/\/konpap.dk\/\"><img decoding=\"async\" style=\"width:100%;\" src=\"https:\/\/kunmedierne.dk\/mors\/wp-content\/uploads\/2023\/10\/Kun-Mors-banner.jpg\"><\/a><script>cdmtrack_view(104783);<\/script>\n<p>&#8220;Vi s\u00e6tter nogle sm\u00e5 skillev\u00e6gge op, s\u00e5 man ogs\u00e5 kan sidde lidt i fred,&#8221; siger handelschef Lisbeth Thrys\u00f8e, som tilf\u00f8jer, at det er butikkerne i den midterste del af g\u00e5gaden, der st\u00e5r for netop d\u00e9t arrangement.<\/p>\n<p>Hun fort\u00e6ller, at borgere, der for eksempel har en gammel sofa eller l\u00e6nestol, de skal have smidt ud, kan henvende sig for at h\u00f8re, om den skal med p\u00e5 Kulturm\u00f8det.<\/p>\n<p>&#8220;Og s\u00e5 bliver den sat ud til genbrugsbutikkerne bagefter,&#8221; siger Lisbeth Thrys\u00f8e.<\/p>\n<p>Der er nu kun lidt over en m\u00e5ned til Kulturm\u00f8det 2022, som finder sted i dagene 25.-27. august.<\/p>\n<a class=\"dvrt-link\" onClick=\"cdmtrack_click(116504,jQuery(this));return false\" href=\"https:\/\/www.nybolig.dk\/ejendomsmaeglere\/nordvestjylland\/nybolig-morsoe-nykoebing-mors\"><img decoding=\"async\" style=\"width:100%;\" src=\"https:\/\/kunmedierne.dk\/mors\/wp-content\/uploads\/2024\/04\/250825Nybolig.jpg\"><\/a><script>cdmtrack_view(116504);<\/script>\n<blockquote>\n<h3>L\u00c6S OGS\u00c5:<\/h3>\n<h5>9\/6-2022: <a href=\"https:\/\/kunmedierne.dk\/mors\/her-er-det-fulde-musikprogram-til-kulturmoedet\/\">Her er det fulde musikprogram til Kulturm\u00f8det<\/a><\/h5>\n<h5>22\/6-2022: <a href=\"https:\/\/kunmedierne.dk\/mors\/kulturmoedet-vi-er-tilbage-i-storform\/\">Kulturm\u00f8det: &#8220;Vi er tilbage i storform&#8221;<\/a><\/h5>\n<h5>23\/6-2022: <a href=\"https:\/\/kunmedierne.dk\/mors\/kulturmoedets-direktoer-vi-vil-saa-kunstneriske-froe-i-naeste-generation\/\">Kulturm\u00f8dets direkt\u00f8r: &#8220;Vi vil s\u00e5 kunstneriske fr\u00f8 i n\u00e6ste generation&#8221;<\/a><\/h5>\n<\/blockquote>\n<a class=\"dvrt-link\" onClick=\"cdmtrack_click(104779,jQuery(this));return false\" href=\"https:\/\/morsoe-begravelsesforretning.dk\/\"><img decoding=\"async\" style=\"width:100%;\" src=\"https:\/\/kunmedierne.dk\/mors\/wp-content\/uploads\/2023\/11\/251215-morsoe-begravelsesforretning.jpg\"><\/a><script>cdmtrack_view(104779);<\/script>\n<blockquote>\n<h5><b>KunMors-avisen er gratis. Du kan tilmelde dig nederst p\u00e5 siden. S\u00e5 f\u00e5r du dagens overskrifter direkte i din mailboks lige efter klokken 17 \u2013 alle ugens dage \u00e5ret rundt.\u00a0<\/b><\/h5>\n<\/blockquote>\n","protected":false},"excerpt":{"rendered":"<p>NYK\u00d8BING: Hvis du har en gammel sofa, l\u00e6nestol eller andet, der efter lang og tro tjeneste skal ud af huset, var det m\u00e5ske en id\u00e9 at lade den f\u00e5 en \u00e6refuld funktion under Kulturm\u00f8det Mors? Det kan den komme til, for Mors Handel har sagt ja til at hj\u00e6lpe den \u00e5rlige event med at skabe [&hellip;]<\/p>\n","protected":false},"author":8,"featured_media":74452,"comment_status":"closed","ping_status":"open","sticky":false,"template":"","format":"standard","meta":{"_acf_changed":false,"footnotes":""},"categories":[49],"tags":[160,162],"class_list":["post-74451","post","type-post","status-publish","format-standard","has-post-thumbnail","hentry","category-kultur","tag-handel","tag-kulturmoedet"],"acf":[],"yoast_head":"<!-- This site is optimized with the Yoast SEO plugin v26.8 - https:\/\/yoast.com\/product\/yoast-seo-wordpress\/ -->\n<title>Har du en gammel sofa? - Mors<\/title>\n<meta name=\"robots\" content=\"index, follow, max-snippet:-1, max-image-preview:large, max-video-preview:-1\" \/>\n<link rel=\"canonical\" href=\"https:\/\/kunmedierne.dk\/mors\/har-du-en-gammel-sofa\/\" \/>\n<meta property=\"og:locale\" content=\"da_DK\" \/>\n<meta property=\"og:type\" content=\"article\" \/>\n<meta property=\"og:title\" content=\"Har du en gammel sofa? - Mors\" \/>\n<meta property=\"og:description\" content=\"NYK\u00d8BING: Hvis du har en gammel sofa, l\u00e6nestol eller andet, der efter lang og tro tjeneste skal ud af huset, var det m\u00e5ske en id\u00e9 at lade den f\u00e5 en \u00e6refuld funktion under Kulturm\u00f8det Mors? Det kan den komme til, for Mors Handel har sagt ja til at hj\u00e6lpe den \u00e5rlige event med at skabe [&hellip;]\" \/>\n<meta property=\"og:url\" content=\"https:\/\/kunmedierne.dk\/mors\/har-du-en-gammel-sofa\/\" \/>\n<meta property=\"og:site_name\" content=\"Mors\" \/>\n<meta property=\"article:published_time\" content=\"2022-07-23T07:20:25+00:00\" \/>\n<meta property=\"article:modified_time\" content=\"2024-08-12T11:27:41+00:00\" \/>\n<meta property=\"og:image\" content=\"https:\/\/kunmedierne.dk\/mors\/wp-content\/uploads\/2022\/07\/sofa.jpg\" \/>\n\t<meta property=\"og:image:width\" content=\"770\" \/>\n\t<meta property=\"og:image:height\" content=\"513\" \/>\n\t<meta property=\"og:image:type\" content=\"image\/jpeg\" \/>\n<meta name=\"author\" content=\"David H\u00f8jmark\" \/>\n<meta name=\"twitter:card\" content=\"summary_large_image\" \/>\n<meta name=\"twitter:label1\" content=\"Skrevet af\" \/>\n\t<meta name=\"twitter:data1\" content=\"David H\u00f8jmark\" \/>\n\t<meta name=\"twitter:label2\" content=\"Estimeret l\u00e6setid\" \/>\n\t<meta name=\"twitter:data2\" content=\"1 minut\" \/>\n<script type=\"application\/ld+json\" class=\"yoast-schema-graph\">{\"@context\":\"https:\/\/schema.org\",\"@graph\":[{\"@type\":\"Article\",\"@id\":\"https:\/\/kunmedierne.dk\/mors\/har-du-en-gammel-sofa\/#article\",\"isPartOf\":{\"@id\":\"https:\/\/kunmedierne.dk\/mors\/har-du-en-gammel-sofa\/\"},\"author\":{\"name\":\"David H\u00f8jmark\",\"@id\":\"https:\/\/kunmedierne.dk\/mors\/#\/schema\/person\/5fe23251bf1d0abbcdc6f7896579d548\"},\"headline\":\"Har du en gammel sofa?\",\"datePublished\":\"2022-07-23T07:20:25+00:00\",\"dateModified\":\"2024-08-12T11:27:41+00:00\",\"mainEntityOfPage\":{\"@id\":\"https:\/\/kunmedierne.dk\/mors\/har-du-en-gammel-sofa\/\"},\"wordCount\":281,\"publisher\":{\"@id\":\"https:\/\/kunmedierne.dk\/mors\/#organization\"},\"image\":{\"@id\":\"https:\/\/kunmedierne.dk\/mors\/har-du-en-gammel-sofa\/#primaryimage\"},\"thumbnailUrl\":\"https:\/\/kunmedierne.dk\/mors\/wp-content\/uploads\/2022\/07\/sofa.jpg\",\"keywords\":[\"Handel\",\"Kulturm\u00f8det\"],\"articleSection\":[\"Kultur\"],\"inLanguage\":\"da-DK\"},{\"@type\":\"WebPage\",\"@id\":\"https:\/\/kunmedierne.dk\/mors\/har-du-en-gammel-sofa\/\",\"url\":\"https:\/\/kunmedierne.dk\/mors\/har-du-en-gammel-sofa\/\",\"name\":\"Har du en gammel sofa? - Mors\",\"isPartOf\":{\"@id\":\"https:\/\/kunmedierne.dk\/mors\/#website\"},\"primaryImageOfPage\":{\"@id\":\"https:\/\/kunmedierne.dk\/mors\/har-du-en-gammel-sofa\/#primaryimage\"},\"image\":{\"@id\":\"https:\/\/kunmedierne.dk\/mors\/har-du-en-gammel-sofa\/#primaryimage\"},\"thumbnailUrl\":\"https:\/\/kunmedierne.dk\/mors\/wp-content\/uploads\/2022\/07\/sofa.jpg\",\"datePublished\":\"2022-07-23T07:20:25+00:00\",\"dateModified\":\"2024-08-12T11:27:41+00:00\",\"breadcrumb\":{\"@id\":\"https:\/\/kunmedierne.dk\/mors\/har-du-en-gammel-sofa\/#breadcrumb\"},\"inLanguage\":\"da-DK\",\"potentialAction\":[{\"@type\":\"ReadAction\",\"target\":[\"https:\/\/kunmedierne.dk\/mors\/har-du-en-gammel-sofa\/\"]}]},{\"@type\":\"ImageObject\",\"inLanguage\":\"da-DK\",\"@id\":\"https:\/\/kunmedierne.dk\/mors\/har-du-en-gammel-sofa\/#primaryimage\",\"url\":\"https:\/\/kunmedierne.dk\/mors\/wp-content\/uploads\/2022\/07\/sofa.jpg\",\"contentUrl\":\"https:\/\/kunmedierne.dk\/mors\/wp-content\/uploads\/2022\/07\/sofa.jpg\",\"width\":770,\"height\":513,\"caption\":\"M\u00f8bler som dette kan blive en del af Kulturm\u00f8det.\"},{\"@type\":\"BreadcrumbList\",\"@id\":\"https:\/\/kunmedierne.dk\/mors\/har-du-en-gammel-sofa\/#breadcrumb\",\"itemListElement\":[{\"@type\":\"ListItem\",\"position\":1,\"name\":\"Hjem\",\"item\":\"https:\/\/kunmedierne.dk\/mors\/\"},{\"@type\":\"ListItem\",\"position\":2,\"name\":\"Har du en gammel sofa?\"}]},{\"@type\":\"WebSite\",\"@id\":\"https:\/\/kunmedierne.dk\/mors\/#website\",\"url\":\"https:\/\/kunmedierne.dk\/mors\/\",\"name\":\"Mors\",\"description\":\"et netmedie med journalistik om livet p\u00e5 Mors\",\"publisher\":{\"@id\":\"https:\/\/kunmedierne.dk\/mors\/#organization\"},\"potentialAction\":[{\"@type\":\"SearchAction\",\"target\":{\"@type\":\"EntryPoint\",\"urlTemplate\":\"https:\/\/kunmedierne.dk\/mors\/?s={search_term_string}\"},\"query-input\":{\"@type\":\"PropertyValueSpecification\",\"valueRequired\":true,\"valueName\":\"search_term_string\"}}],\"inLanguage\":\"da-DK\"},{\"@type\":\"Organization\",\"@id\":\"https:\/\/kunmedierne.dk\/mors\/#organization\",\"name\":\"Mors\",\"url\":\"https:\/\/kunmedierne.dk\/mors\/\",\"logo\":{\"@type\":\"ImageObject\",\"inLanguage\":\"da-DK\",\"@id\":\"https:\/\/kunmedierne.dk\/mors\/#\/schema\/logo\/image\/\",\"url\":\"https:\/\/kunmedierne.dk\/mors\/wp-content\/uploads\/2024\/08\/kunmors-logo.svg\",\"contentUrl\":\"https:\/\/kunmedierne.dk\/mors\/wp-content\/uploads\/2024\/08\/kunmors-logo.svg\",\"caption\":\"Mors\"},\"image\":{\"@id\":\"https:\/\/kunmedierne.dk\/mors\/#\/schema\/logo\/image\/\"}},{\"@type\":\"Person\",\"@id\":\"https:\/\/kunmedierne.dk\/mors\/#\/schema\/person\/5fe23251bf1d0abbcdc6f7896579d548\",\"name\":\"David H\u00f8jmark\",\"image\":{\"@type\":\"ImageObject\",\"inLanguage\":\"da-DK\",\"@id\":\"https:\/\/kunmedierne.dk\/mors\/#\/schema\/person\/image\/\",\"url\":\"https:\/\/secure.gravatar.com\/avatar\/4315d6fb9ef244d729989f5f90268eb08d5bf8a3d84402f595fa194bb35784fd?s=96&d=mm&r=g\",\"contentUrl\":\"https:\/\/secure.gravatar.com\/avatar\/4315d6fb9ef244d729989f5f90268eb08d5bf8a3d84402f595fa194bb35784fd?s=96&d=mm&r=g\",\"caption\":\"David H\u00f8jmark\"},\"sameAs\":[\"https:\/\/www.kunmedierne.dk\"],\"url\":\"https:\/\/kunmedierne.dk\/mors\/author\/david\/\"}]}<\/script>\n<!-- \/ Yoast SEO plugin. -->","yoast_head_json":{"title":"Har du en gammel sofa? - Mors","robots":{"index":"index","follow":"follow","max-snippet":"max-snippet:-1","max-image-preview":"max-image-preview:large","max-video-preview":"max-video-preview:-1"},"canonical":"https:\/\/kunmedierne.dk\/mors\/har-du-en-gammel-sofa\/","og_locale":"da_DK","og_type":"article","og_title":"Har du en gammel sofa? - Mors","og_description":"NYK\u00d8BING: Hvis du har en gammel sofa, l\u00e6nestol eller andet, der efter lang og tro tjeneste skal ud af huset, var det m\u00e5ske en id\u00e9 at lade den f\u00e5 en \u00e6refuld funktion under Kulturm\u00f8det Mors? Det kan den komme til, for Mors Handel har sagt ja til at hj\u00e6lpe den \u00e5rlige event med at skabe [&hellip;]","og_url":"https:\/\/kunmedierne.dk\/mors\/har-du-en-gammel-sofa\/","og_site_name":"Mors","article_published_time":"2022-07-23T07:20:25+00:00","article_modified_time":"2024-08-12T11:27:41+00:00","og_image":[{"width":770,"height":513,"url":"https:\/\/kunmedierne.dk\/mors\/wp-content\/uploads\/2022\/07\/sofa.jpg","type":"image\/jpeg"}],"author":"David H\u00f8jmark","twitter_card":"summary_large_image","twitter_misc":{"Skrevet af":"David H\u00f8jmark","Estimeret l\u00e6setid":"1 minut"},"schema":{"@context":"https:\/\/schema.org","@graph":[{"@type":"Article","@id":"https:\/\/kunmedierne.dk\/mors\/har-du-en-gammel-sofa\/#article","isPartOf":{"@id":"https:\/\/kunmedierne.dk\/mors\/har-du-en-gammel-sofa\/"},"author":{"name":"David H\u00f8jmark","@id":"https:\/\/kunmedierne.dk\/mors\/#\/schema\/person\/5fe23251bf1d0abbcdc6f7896579d548"},"headline":"Har du en gammel sofa?","datePublished":"2022-07-23T07:20:25+00:00","dateModified":"2024-08-12T11:27:41+00:00","mainEntityOfPage":{"@id":"https:\/\/kunmedierne.dk\/mors\/har-du-en-gammel-sofa\/"},"wordCount":281,"publisher":{"@id":"https:\/\/kunmedierne.dk\/mors\/#organization"},"image":{"@id":"https:\/\/kunmedierne.dk\/mors\/har-du-en-gammel-sofa\/#primaryimage"},"thumbnailUrl":"https:\/\/kunmedierne.dk\/mors\/wp-content\/uploads\/2022\/07\/sofa.jpg","keywords":["Handel","Kulturm\u00f8det"],"articleSection":["Kultur"],"inLanguage":"da-DK"},{"@type":"WebPage","@id":"https:\/\/kunmedierne.dk\/mors\/har-du-en-gammel-sofa\/","url":"https:\/\/kunmedierne.dk\/mors\/har-du-en-gammel-sofa\/","name":"Har du en gammel sofa? - Mors","isPartOf":{"@id":"https:\/\/kunmedierne.dk\/mors\/#website"},"primaryImageOfPage":{"@id":"https:\/\/kunmedierne.dk\/mors\/har-du-en-gammel-sofa\/#primaryimage"},"image":{"@id":"https:\/\/kunmedierne.dk\/mors\/har-du-en-gammel-sofa\/#primaryimage"},"thumbnailUrl":"https:\/\/kunmedierne.dk\/mors\/wp-content\/uploads\/2022\/07\/sofa.jpg","datePublished":"2022-07-23T07:20:25+00:00","dateModified":"2024-08-12T11:27:41+00:00","breadcrumb":{"@id":"https:\/\/kunmedierne.dk\/mors\/har-du-en-gammel-sofa\/#breadcrumb"},"inLanguage":"da-DK","potentialAction":[{"@type":"ReadAction","target":["https:\/\/kunmedierne.dk\/mors\/har-du-en-gammel-sofa\/"]}]},{"@type":"ImageObject","inLanguage":"da-DK","@id":"https:\/\/kunmedierne.dk\/mors\/har-du-en-gammel-sofa\/#primaryimage","url":"https:\/\/kunmedierne.dk\/mors\/wp-content\/uploads\/2022\/07\/sofa.jpg","contentUrl":"https:\/\/kunmedierne.dk\/mors\/wp-content\/uploads\/2022\/07\/sofa.jpg","width":770,"height":513,"caption":"M\u00f8bler som dette kan blive en del af Kulturm\u00f8det."},{"@type":"BreadcrumbList","@id":"https:\/\/kunmedierne.dk\/mors\/har-du-en-gammel-sofa\/#breadcrumb","itemListElement":[{"@type":"ListItem","position":1,"name":"Hjem","item":"https:\/\/kunmedierne.dk\/mors\/"},{"@type":"ListItem","position":2,"name":"Har du en gammel sofa?"}]},{"@type":"WebSite","@id":"https:\/\/kunmedierne.dk\/mors\/#website","url":"https:\/\/kunmedierne.dk\/mors\/","name":"Mors","description":"et netmedie med journalistik om livet p\u00e5 Mors","publisher":{"@id":"https:\/\/kunmedierne.dk\/mors\/#organization"},"potentialAction":[{"@type":"SearchAction","target":{"@type":"EntryPoint","urlTemplate":"https:\/\/kunmedierne.dk\/mors\/?s={search_term_string}"},"query-input":{"@type":"PropertyValueSpecification","valueRequired":true,"valueName":"search_term_string"}}],"inLanguage":"da-DK"},{"@type":"Organization","@id":"https:\/\/kunmedierne.dk\/mors\/#organization","name":"Mors","url":"https:\/\/kunmedierne.dk\/mors\/","logo":{"@type":"ImageObject","inLanguage":"da-DK","@id":"https:\/\/kunmedierne.dk\/mors\/#\/schema\/logo\/image\/","url":"https:\/\/kunmedierne.dk\/mors\/wp-content\/uploads\/2024\/08\/kunmors-logo.svg","contentUrl":"https:\/\/kunmedierne.dk\/mors\/wp-content\/uploads\/2024\/08\/kunmors-logo.svg","caption":"Mors"},"image":{"@id":"https:\/\/kunmedierne.dk\/mors\/#\/schema\/logo\/image\/"}},{"@type":"Person","@id":"https:\/\/kunmedierne.dk\/mors\/#\/schema\/person\/5fe23251bf1d0abbcdc6f7896579d548","name":"David H\u00f8jmark","image":{"@type":"ImageObject","inLanguage":"da-DK","@id":"https:\/\/kunmedierne.dk\/mors\/#\/schema\/person\/image\/","url":"https:\/\/secure.gravatar.com\/avatar\/4315d6fb9ef244d729989f5f90268eb08d5bf8a3d84402f595fa194bb35784fd?s=96&d=mm&r=g","contentUrl":"https:\/\/secure.gravatar.com\/avatar\/4315d6fb9ef244d729989f5f90268eb08d5bf8a3d84402f595fa194bb35784fd?s=96&d=mm&r=g","caption":"David H\u00f8jmark"},"sameAs":["https:\/\/www.kunmedierne.dk"],"url":"https:\/\/kunmedierne.dk\/mors\/author\/david\/"}]}},"_links":{"self":[{"href":"https:\/\/kunmedierne.dk\/mors\/wp-json\/wp\/v2\/posts\/74451","targetHints":{"allow":["GET"]}}],"collection":[{"href":"https:\/\/kunmedierne.dk\/mors\/wp-json\/wp\/v2\/posts"}],"about":[{"href":"https:\/\/kunmedierne.dk\/mors\/wp-json\/wp\/v2\/types\/post"}],"author":[{"embeddable":true,"href":"https:\/\/kunmedierne.dk\/mors\/wp-json\/wp\/v2\/users\/8"}],"replies":[{"embeddable":true,"href":"https:\/\/kunmedierne.dk\/mors\/wp-json\/wp\/v2\/comments?post=74451"}],"version-history":[{"count":3,"href":"https:\/\/kunmedierne.dk\/mors\/wp-json\/wp\/v2\/posts\/74451\/revisions"}],"predecessor-version":[{"id":74457,"href":"https:\/\/kunmedierne.dk\/mors\/wp-json\/wp\/v2\/posts\/74451\/revisions\/74457"}],"wp:featuredmedia":[{"embeddable":true,"href":"https:\/\/kunmedierne.dk\/mors\/wp-json\/wp\/v2\/media\/74452"}],"wp:attachment":[{"href":"https:\/\/kunmedierne.dk\/mors\/wp-json\/wp\/v2\/media?parent=74451"}],"wp:term":[{"taxonomy":"category","embeddable":true,"href":"https:\/\/kunmedierne.dk\/mors\/wp-json\/wp\/v2\/categories?post=74451"},{"taxonomy":"post_tag","embeddable":true,"href":"https:\/\/kunmedierne.dk\/mors\/wp-json\/wp\/v2\/tags?post=74451"}],"curies":[{"name":"wp","href":"https:\/\/api.w.org\/{rel}","templated":true}]}}