{"id":72630,"date":"2022-06-23T16:27:59","date_gmt":"2022-06-23T14:27:59","guid":{"rendered":"https:\/\/kunmedierne.dk\/mors\/?p=72630"},"modified":"2024-08-12T13:27:51","modified_gmt":"2024-08-12T11:27:51","slug":"kulturmoedets-direktoer-vi-vil-saa-kunstneriske-froe-i-naeste-generation","status":"publish","type":"post","link":"https:\/\/kunmedierne.dk\/mors\/kulturmoedets-direktoer-vi-vil-saa-kunstneriske-froe-i-naeste-generation\/","title":{"rendered":"Kulturm\u00f8dets direkt\u00f8r: &#8220;Vi vil s\u00e5 kunstneriske fr\u00f8 i n\u00e6ste generation&#8221;"},"content":{"rendered":"<p><strong>MORS<\/strong>: De unge kommer til at fylde mere p\u00e5 Kulturm\u00f8det Mors 2022.<\/p>\n<p>Det satte den lokale k\u00e6mpeevent ord p\u00e5 senest i g\u00e5r, da det nye ungeomr\u00e5de i samarbejde med UngKult var en del af <a href=\"https:\/\/kunmedierne.dk\/mors\/kulturmoedet-vi-er-tilbage-i-storform\/\" target=\"_blank\" rel=\"noopener\">pr\u00e6sentationen af \u00e5rets program<\/a>.<\/p>\n<p>Det var med et ambiti\u00f8st musikprogram, og if\u00f8lge Trine Bang, direkt\u00f8r for Kulturm\u00f8det, er der tale om et tiltag, der i forhold til de unge r\u00e6kker ud i fremtiden.<\/p>\n<p>&#8220;Vi vil s\u00e5 kunstneriske fr\u00f8 i n\u00e6ste generation og v\u00e6re med til bringe endnu flere stemmer ind i den nationale kulturdebat. Derfor er det helt afg\u00f8rende for Kulturm\u00f8det at g\u00e5 forrest, n\u00e5r det handler om at give plads til b\u00f8rn og unge i programmet,&#8221; siger hun.<\/p>\n<a class=\"dvrt-link\" onClick=\"cdmtrack_click(114591,jQuery(this));return false\" href=\"https:\/\/www.facebook.com\/kopogkandemors\"><img decoding=\"async\" style=\"width:100%;\" src=\"https:\/\/kunmedierne.dk\/mors\/wp-content\/uploads\/2024\/03\/kop-og-kande-ja-tak-tilbud.jpg\"><\/a><script>cdmtrack_view(114591);<\/script>\n<p>\u00c5rets program forventes at tr\u00e6kke flere end 30.000 g\u00e6ster til Kulturm\u00f8det Mors, og som altid er der store forventninger til debatterne.<\/p>\n<p>&#8220;Kulturm\u00f8det er Danmarks samlingssted for samtalen om kunst og kultur. Det er her, vi m\u00f8des til inspiration, og alle er inviteret med. Programmet skal v\u00e6re fagligt aktuelt og samtidig appellerende og inviterende. Det er pr\u00e6cis den bredde, der g\u00f8r Kulturm\u00f8det interessant,&#8221; siger Trine Bang, som f\u00f8ler sig sikker p\u00e5, at netop d\u00e9t er lykkedes.<\/p>\n<p>&#8220;\u00c5rets program favner bredt og lander ambiti\u00f8st med st\u00e6rke stemmer som Christian Tafdrup, Josefine Klougart, Sargun Oshana, kulturminister Ane Halsboe-J\u00f8rgensen og erhvervsminister, Simon Kollerup. Det bliver tre fantastiske dage p\u00e5 Mors,&#8221; siger hun.<\/p>\n<a class=\"dvrt-link\" onClick=\"cdmtrack_click(111725,jQuery(this));return false\" href=\"https:\/\/www.thistedforsikring.dk\/?utm_source=partnerskaber&amp;utm_campaign=kun_mors\"><img decoding=\"async\" style=\"width:100%;\" src=\"https:\/\/kunmedierne.dk\/mors\/wp-content\/uploads\/2024\/02\/269409KunMors-ThistedFor-1.png\"><\/a><script>cdmtrack_view(111725);<\/script>\n<p>Hun fremh\u00e6ver ogs\u00e5 det litter\u00e6re program &#8211; hvor blandt andre debuterende forfattere som Vilma Sandnes Johansson og Fine Gr\u00e5b\u00f8l er inviteret til at tale om temaer som sorg og psykisk sygdom blandt unge.<\/p>\n<p>&#8220;Programmet giver plads til refleksion om alt det, der optager os som mennesker og som samfund. I selskab med kunstnere, forskere og t\u00e6nkere s\u00e6tter vi ord p\u00e5 nogle af de samtaler, der kan v\u00e6re komplekse &#8211; og nogle gange sv\u00e6re &#8211; at have med hinanden. Det er pr\u00e6cis det, kunsten kan, og jeg gl\u00e6der mig over et program, der kan g\u00f8re os klogere i f\u00e6llesskab,&#8221; siger direkt\u00f8ren og forts\u00e6tter:<\/p>\n<p>&#8220;Verden har brug for langsomme og nysgerrige samtaler &#8211; her er kunsten fantastisk.&#8221;<\/p>\n<a class=\"dvrt-link\" onClick=\"cdmtrack_click(104787,jQuery(this));return false\" href=\"https:\/\/www.jyskebank.dk\/kontakt\/afdelingsinfo?departmentid=11890\"><img decoding=\"async\" style=\"width:100%;\" src=\"https:\/\/kunmedierne.dk\/mors\/wp-content\/uploads\/2023\/10\/260325JyskeBankMorsNy-1.jpg\"><\/a><script>cdmtrack_view(104787);<\/script>\n<p>Kulturm\u00f8det Mors oplyser, at der stadig bliver tilf\u00f8jet oplevelser, samtaler og debatter til programmet. Man kan holde sig opdateret og g\u00e5 p\u00e5 opdagelse i det fulde program <a href=\"http:\/\/presscloud.com\/csp\/vocast\/l.csp?A=132099351452141&amp;B=1271369\" target=\"_blank\" rel=\"noopener\">her<\/a>.<\/p>\n<p>Kulturm\u00f8det Mors pr\u00e6senterer i dagene 25.-27. august flere end 500 gratis oplevelser.<\/p>\n<p><strong>L\u00c6S OGS\u00c5: <a href=\"https:\/\/kunmedierne.dk\/mors\/kulturmoedet-vi-er-tilbage-i-storform\/\">Kulturm\u00f8det: &#8220;Vi er tilbage i storform&#8221;<\/a><\/strong><\/p>\n<p><strong>L\u00c6S OGS\u00c5: <a href=\"https:\/\/kunmedierne.dk\/mors\/her-er-det-fulde-musikprogram-til-kulturmoedet\/\">Her er det fulde musikprogram til Kulturm\u00f8det<\/a><\/strong><\/p>\n","protected":false},"excerpt":{"rendered":"<p>MORS: De unge kommer til at fylde mere p\u00e5 Kulturm\u00f8det Mors 2022. Det satte den lokale k\u00e6mpeevent ord p\u00e5 senest i g\u00e5r, da det nye ungeomr\u00e5de i samarbejde med UngKult var en del af pr\u00e6sentationen af \u00e5rets program. Det var med et ambiti\u00f8st musikprogram, og if\u00f8lge Trine Bang, direkt\u00f8r for Kulturm\u00f8det, er der tale om [&hellip;]<\/p>\n","protected":false},"author":8,"featured_media":69955,"comment_status":"closed","ping_status":"open","sticky":false,"template":"","format":"standard","meta":{"_acf_changed":false,"footnotes":""},"categories":[49],"tags":[162],"class_list":["post-72630","post","type-post","status-publish","format-standard","has-post-thumbnail","hentry","category-kultur","tag-kulturmoedet"],"acf":[],"yoast_head":"<!-- This site is optimized with the Yoast SEO plugin v26.8 - https:\/\/yoast.com\/product\/yoast-seo-wordpress\/ -->\n<title>Kulturm\u00f8dets direkt\u00f8r: &quot;Vi vil s\u00e5 kunstneriske fr\u00f8 i n\u00e6ste generation&quot; - Mors<\/title>\n<meta name=\"robots\" content=\"index, follow, max-snippet:-1, max-image-preview:large, max-video-preview:-1\" \/>\n<link rel=\"canonical\" href=\"https:\/\/kunmedierne.dk\/mors\/kulturmoedets-direktoer-vi-vil-saa-kunstneriske-froe-i-naeste-generation\/\" \/>\n<meta property=\"og:locale\" content=\"da_DK\" \/>\n<meta property=\"og:type\" content=\"article\" \/>\n<meta property=\"og:title\" content=\"Kulturm\u00f8dets direkt\u00f8r: &quot;Vi vil s\u00e5 kunstneriske fr\u00f8 i n\u00e6ste generation&quot; - Mors\" \/>\n<meta property=\"og:description\" content=\"MORS: De unge kommer til at fylde mere p\u00e5 Kulturm\u00f8det Mors 2022. Det satte den lokale k\u00e6mpeevent ord p\u00e5 senest i g\u00e5r, da det nye ungeomr\u00e5de i samarbejde med UngKult var en del af pr\u00e6sentationen af \u00e5rets program. Det var med et ambiti\u00f8st musikprogram, og if\u00f8lge Trine Bang, direkt\u00f8r for Kulturm\u00f8det, er der tale om [&hellip;]\" \/>\n<meta property=\"og:url\" content=\"https:\/\/kunmedierne.dk\/mors\/kulturmoedets-direktoer-vi-vil-saa-kunstneriske-froe-i-naeste-generation\/\" \/>\n<meta property=\"og:site_name\" content=\"Mors\" \/>\n<meta property=\"article:published_time\" content=\"2022-06-23T14:27:59+00:00\" \/>\n<meta property=\"article:modified_time\" content=\"2024-08-12T11:27:51+00:00\" \/>\n<meta property=\"og:image\" content=\"https:\/\/kunmedierne.dk\/mors\/wp-content\/uploads\/2022\/05\/ungkult.jpg\" \/>\n\t<meta property=\"og:image:width\" content=\"770\" \/>\n\t<meta property=\"og:image:height\" content=\"513\" \/>\n\t<meta property=\"og:image:type\" content=\"image\/jpeg\" \/>\n<meta name=\"author\" content=\"David H\u00f8jmark\" \/>\n<meta name=\"twitter:card\" content=\"summary_large_image\" \/>\n<meta name=\"twitter:label1\" content=\"Skrevet af\" \/>\n\t<meta name=\"twitter:data1\" content=\"David H\u00f8jmark\" \/>\n\t<meta name=\"twitter:label2\" content=\"Estimeret l\u00e6setid\" \/>\n\t<meta name=\"twitter:data2\" content=\"2 minutter\" \/>\n<script type=\"application\/ld+json\" class=\"yoast-schema-graph\">{\"@context\":\"https:\/\/schema.org\",\"@graph\":[{\"@type\":\"Article\",\"@id\":\"https:\/\/kunmedierne.dk\/mors\/kulturmoedets-direktoer-vi-vil-saa-kunstneriske-froe-i-naeste-generation\/#article\",\"isPartOf\":{\"@id\":\"https:\/\/kunmedierne.dk\/mors\/kulturmoedets-direktoer-vi-vil-saa-kunstneriske-froe-i-naeste-generation\/\"},\"author\":{\"name\":\"David H\u00f8jmark\",\"@id\":\"https:\/\/kunmedierne.dk\/mors\/#\/schema\/person\/5fe23251bf1d0abbcdc6f7896579d548\"},\"headline\":\"Kulturm\u00f8dets direkt\u00f8r: &#8220;Vi vil s\u00e5 kunstneriske fr\u00f8 i n\u00e6ste generation&#8221;\",\"datePublished\":\"2022-06-23T14:27:59+00:00\",\"dateModified\":\"2024-08-12T11:27:51+00:00\",\"mainEntityOfPage\":{\"@id\":\"https:\/\/kunmedierne.dk\/mors\/kulturmoedets-direktoer-vi-vil-saa-kunstneriske-froe-i-naeste-generation\/\"},\"wordCount\":461,\"publisher\":{\"@id\":\"https:\/\/kunmedierne.dk\/mors\/#organization\"},\"image\":{\"@id\":\"https:\/\/kunmedierne.dk\/mors\/kulturmoedets-direktoer-vi-vil-saa-kunstneriske-froe-i-naeste-generation\/#primaryimage\"},\"thumbnailUrl\":\"https:\/\/kunmedierne.dk\/mors\/wp-content\/uploads\/2022\/05\/ungkult.jpg\",\"keywords\":[\"Kulturm\u00f8det\"],\"articleSection\":[\"Kultur\"],\"inLanguage\":\"da-DK\"},{\"@type\":\"WebPage\",\"@id\":\"https:\/\/kunmedierne.dk\/mors\/kulturmoedets-direktoer-vi-vil-saa-kunstneriske-froe-i-naeste-generation\/\",\"url\":\"https:\/\/kunmedierne.dk\/mors\/kulturmoedets-direktoer-vi-vil-saa-kunstneriske-froe-i-naeste-generation\/\",\"name\":\"Kulturm\u00f8dets direkt\u00f8r: \\\"Vi vil s\u00e5 kunstneriske fr\u00f8 i n\u00e6ste generation\\\" - Mors\",\"isPartOf\":{\"@id\":\"https:\/\/kunmedierne.dk\/mors\/#website\"},\"primaryImageOfPage\":{\"@id\":\"https:\/\/kunmedierne.dk\/mors\/kulturmoedets-direktoer-vi-vil-saa-kunstneriske-froe-i-naeste-generation\/#primaryimage\"},\"image\":{\"@id\":\"https:\/\/kunmedierne.dk\/mors\/kulturmoedets-direktoer-vi-vil-saa-kunstneriske-froe-i-naeste-generation\/#primaryimage\"},\"thumbnailUrl\":\"https:\/\/kunmedierne.dk\/mors\/wp-content\/uploads\/2022\/05\/ungkult.jpg\",\"datePublished\":\"2022-06-23T14:27:59+00:00\",\"dateModified\":\"2024-08-12T11:27:51+00:00\",\"breadcrumb\":{\"@id\":\"https:\/\/kunmedierne.dk\/mors\/kulturmoedets-direktoer-vi-vil-saa-kunstneriske-froe-i-naeste-generation\/#breadcrumb\"},\"inLanguage\":\"da-DK\",\"potentialAction\":[{\"@type\":\"ReadAction\",\"target\":[\"https:\/\/kunmedierne.dk\/mors\/kulturmoedets-direktoer-vi-vil-saa-kunstneriske-froe-i-naeste-generation\/\"]}]},{\"@type\":\"ImageObject\",\"inLanguage\":\"da-DK\",\"@id\":\"https:\/\/kunmedierne.dk\/mors\/kulturmoedets-direktoer-vi-vil-saa-kunstneriske-froe-i-naeste-generation\/#primaryimage\",\"url\":\"https:\/\/kunmedierne.dk\/mors\/wp-content\/uploads\/2022\/05\/ungkult.jpg\",\"contentUrl\":\"https:\/\/kunmedierne.dk\/mors\/wp-content\/uploads\/2022\/05\/ungkult.jpg\",\"width\":770,\"height\":513,\"caption\":\"Ung Kult bliver mere synlig under Kulturm\u00f8det Mors. Foto: Jacob Dybdahl\"},{\"@type\":\"BreadcrumbList\",\"@id\":\"https:\/\/kunmedierne.dk\/mors\/kulturmoedets-direktoer-vi-vil-saa-kunstneriske-froe-i-naeste-generation\/#breadcrumb\",\"itemListElement\":[{\"@type\":\"ListItem\",\"position\":1,\"name\":\"Hjem\",\"item\":\"https:\/\/kunmedierne.dk\/mors\/\"},{\"@type\":\"ListItem\",\"position\":2,\"name\":\"Kulturm\u00f8dets direkt\u00f8r: &#8220;Vi vil s\u00e5 kunstneriske fr\u00f8 i n\u00e6ste generation&#8221;\"}]},{\"@type\":\"WebSite\",\"@id\":\"https:\/\/kunmedierne.dk\/mors\/#website\",\"url\":\"https:\/\/kunmedierne.dk\/mors\/\",\"name\":\"Mors\",\"description\":\"et netmedie med journalistik om livet p\u00e5 Mors\",\"publisher\":{\"@id\":\"https:\/\/kunmedierne.dk\/mors\/#organization\"},\"potentialAction\":[{\"@type\":\"SearchAction\",\"target\":{\"@type\":\"EntryPoint\",\"urlTemplate\":\"https:\/\/kunmedierne.dk\/mors\/?s={search_term_string}\"},\"query-input\":{\"@type\":\"PropertyValueSpecification\",\"valueRequired\":true,\"valueName\":\"search_term_string\"}}],\"inLanguage\":\"da-DK\"},{\"@type\":\"Organization\",\"@id\":\"https:\/\/kunmedierne.dk\/mors\/#organization\",\"name\":\"Mors\",\"url\":\"https:\/\/kunmedierne.dk\/mors\/\",\"logo\":{\"@type\":\"ImageObject\",\"inLanguage\":\"da-DK\",\"@id\":\"https:\/\/kunmedierne.dk\/mors\/#\/schema\/logo\/image\/\",\"url\":\"https:\/\/kunmedierne.dk\/mors\/wp-content\/uploads\/2024\/08\/kunmors-logo.svg\",\"contentUrl\":\"https:\/\/kunmedierne.dk\/mors\/wp-content\/uploads\/2024\/08\/kunmors-logo.svg\",\"caption\":\"Mors\"},\"image\":{\"@id\":\"https:\/\/kunmedierne.dk\/mors\/#\/schema\/logo\/image\/\"}},{\"@type\":\"Person\",\"@id\":\"https:\/\/kunmedierne.dk\/mors\/#\/schema\/person\/5fe23251bf1d0abbcdc6f7896579d548\",\"name\":\"David H\u00f8jmark\",\"image\":{\"@type\":\"ImageObject\",\"inLanguage\":\"da-DK\",\"@id\":\"https:\/\/kunmedierne.dk\/mors\/#\/schema\/person\/image\/\",\"url\":\"https:\/\/secure.gravatar.com\/avatar\/4315d6fb9ef244d729989f5f90268eb08d5bf8a3d84402f595fa194bb35784fd?s=96&d=mm&r=g\",\"contentUrl\":\"https:\/\/secure.gravatar.com\/avatar\/4315d6fb9ef244d729989f5f90268eb08d5bf8a3d84402f595fa194bb35784fd?s=96&d=mm&r=g\",\"caption\":\"David H\u00f8jmark\"},\"sameAs\":[\"https:\/\/www.kunmedierne.dk\"],\"url\":\"https:\/\/kunmedierne.dk\/mors\/author\/david\/\"}]}<\/script>\n<!-- \/ Yoast SEO plugin. -->","yoast_head_json":{"title":"Kulturm\u00f8dets direkt\u00f8r: \"Vi vil s\u00e5 kunstneriske fr\u00f8 i n\u00e6ste generation\" - Mors","robots":{"index":"index","follow":"follow","max-snippet":"max-snippet:-1","max-image-preview":"max-image-preview:large","max-video-preview":"max-video-preview:-1"},"canonical":"https:\/\/kunmedierne.dk\/mors\/kulturmoedets-direktoer-vi-vil-saa-kunstneriske-froe-i-naeste-generation\/","og_locale":"da_DK","og_type":"article","og_title":"Kulturm\u00f8dets direkt\u00f8r: \"Vi vil s\u00e5 kunstneriske fr\u00f8 i n\u00e6ste generation\" - Mors","og_description":"MORS: De unge kommer til at fylde mere p\u00e5 Kulturm\u00f8det Mors 2022. Det satte den lokale k\u00e6mpeevent ord p\u00e5 senest i g\u00e5r, da det nye ungeomr\u00e5de i samarbejde med UngKult var en del af pr\u00e6sentationen af \u00e5rets program. Det var med et ambiti\u00f8st musikprogram, og if\u00f8lge Trine Bang, direkt\u00f8r for Kulturm\u00f8det, er der tale om [&hellip;]","og_url":"https:\/\/kunmedierne.dk\/mors\/kulturmoedets-direktoer-vi-vil-saa-kunstneriske-froe-i-naeste-generation\/","og_site_name":"Mors","article_published_time":"2022-06-23T14:27:59+00:00","article_modified_time":"2024-08-12T11:27:51+00:00","og_image":[{"width":770,"height":513,"url":"https:\/\/kunmedierne.dk\/mors\/wp-content\/uploads\/2022\/05\/ungkult.jpg","type":"image\/jpeg"}],"author":"David H\u00f8jmark","twitter_card":"summary_large_image","twitter_misc":{"Skrevet af":"David H\u00f8jmark","Estimeret l\u00e6setid":"2 minutter"},"schema":{"@context":"https:\/\/schema.org","@graph":[{"@type":"Article","@id":"https:\/\/kunmedierne.dk\/mors\/kulturmoedets-direktoer-vi-vil-saa-kunstneriske-froe-i-naeste-generation\/#article","isPartOf":{"@id":"https:\/\/kunmedierne.dk\/mors\/kulturmoedets-direktoer-vi-vil-saa-kunstneriske-froe-i-naeste-generation\/"},"author":{"name":"David H\u00f8jmark","@id":"https:\/\/kunmedierne.dk\/mors\/#\/schema\/person\/5fe23251bf1d0abbcdc6f7896579d548"},"headline":"Kulturm\u00f8dets direkt\u00f8r: &#8220;Vi vil s\u00e5 kunstneriske fr\u00f8 i n\u00e6ste generation&#8221;","datePublished":"2022-06-23T14:27:59+00:00","dateModified":"2024-08-12T11:27:51+00:00","mainEntityOfPage":{"@id":"https:\/\/kunmedierne.dk\/mors\/kulturmoedets-direktoer-vi-vil-saa-kunstneriske-froe-i-naeste-generation\/"},"wordCount":461,"publisher":{"@id":"https:\/\/kunmedierne.dk\/mors\/#organization"},"image":{"@id":"https:\/\/kunmedierne.dk\/mors\/kulturmoedets-direktoer-vi-vil-saa-kunstneriske-froe-i-naeste-generation\/#primaryimage"},"thumbnailUrl":"https:\/\/kunmedierne.dk\/mors\/wp-content\/uploads\/2022\/05\/ungkult.jpg","keywords":["Kulturm\u00f8det"],"articleSection":["Kultur"],"inLanguage":"da-DK"},{"@type":"WebPage","@id":"https:\/\/kunmedierne.dk\/mors\/kulturmoedets-direktoer-vi-vil-saa-kunstneriske-froe-i-naeste-generation\/","url":"https:\/\/kunmedierne.dk\/mors\/kulturmoedets-direktoer-vi-vil-saa-kunstneriske-froe-i-naeste-generation\/","name":"Kulturm\u00f8dets direkt\u00f8r: \"Vi vil s\u00e5 kunstneriske fr\u00f8 i n\u00e6ste generation\" - Mors","isPartOf":{"@id":"https:\/\/kunmedierne.dk\/mors\/#website"},"primaryImageOfPage":{"@id":"https:\/\/kunmedierne.dk\/mors\/kulturmoedets-direktoer-vi-vil-saa-kunstneriske-froe-i-naeste-generation\/#primaryimage"},"image":{"@id":"https:\/\/kunmedierne.dk\/mors\/kulturmoedets-direktoer-vi-vil-saa-kunstneriske-froe-i-naeste-generation\/#primaryimage"},"thumbnailUrl":"https:\/\/kunmedierne.dk\/mors\/wp-content\/uploads\/2022\/05\/ungkult.jpg","datePublished":"2022-06-23T14:27:59+00:00","dateModified":"2024-08-12T11:27:51+00:00","breadcrumb":{"@id":"https:\/\/kunmedierne.dk\/mors\/kulturmoedets-direktoer-vi-vil-saa-kunstneriske-froe-i-naeste-generation\/#breadcrumb"},"inLanguage":"da-DK","potentialAction":[{"@type":"ReadAction","target":["https:\/\/kunmedierne.dk\/mors\/kulturmoedets-direktoer-vi-vil-saa-kunstneriske-froe-i-naeste-generation\/"]}]},{"@type":"ImageObject","inLanguage":"da-DK","@id":"https:\/\/kunmedierne.dk\/mors\/kulturmoedets-direktoer-vi-vil-saa-kunstneriske-froe-i-naeste-generation\/#primaryimage","url":"https:\/\/kunmedierne.dk\/mors\/wp-content\/uploads\/2022\/05\/ungkult.jpg","contentUrl":"https:\/\/kunmedierne.dk\/mors\/wp-content\/uploads\/2022\/05\/ungkult.jpg","width":770,"height":513,"caption":"Ung Kult bliver mere synlig under Kulturm\u00f8det Mors. Foto: Jacob Dybdahl"},{"@type":"BreadcrumbList","@id":"https:\/\/kunmedierne.dk\/mors\/kulturmoedets-direktoer-vi-vil-saa-kunstneriske-froe-i-naeste-generation\/#breadcrumb","itemListElement":[{"@type":"ListItem","position":1,"name":"Hjem","item":"https:\/\/kunmedierne.dk\/mors\/"},{"@type":"ListItem","position":2,"name":"Kulturm\u00f8dets direkt\u00f8r: &#8220;Vi vil s\u00e5 kunstneriske fr\u00f8 i n\u00e6ste generation&#8221;"}]},{"@type":"WebSite","@id":"https:\/\/kunmedierne.dk\/mors\/#website","url":"https:\/\/kunmedierne.dk\/mors\/","name":"Mors","description":"et netmedie med journalistik om livet p\u00e5 Mors","publisher":{"@id":"https:\/\/kunmedierne.dk\/mors\/#organization"},"potentialAction":[{"@type":"SearchAction","target":{"@type":"EntryPoint","urlTemplate":"https:\/\/kunmedierne.dk\/mors\/?s={search_term_string}"},"query-input":{"@type":"PropertyValueSpecification","valueRequired":true,"valueName":"search_term_string"}}],"inLanguage":"da-DK"},{"@type":"Organization","@id":"https:\/\/kunmedierne.dk\/mors\/#organization","name":"Mors","url":"https:\/\/kunmedierne.dk\/mors\/","logo":{"@type":"ImageObject","inLanguage":"da-DK","@id":"https:\/\/kunmedierne.dk\/mors\/#\/schema\/logo\/image\/","url":"https:\/\/kunmedierne.dk\/mors\/wp-content\/uploads\/2024\/08\/kunmors-logo.svg","contentUrl":"https:\/\/kunmedierne.dk\/mors\/wp-content\/uploads\/2024\/08\/kunmors-logo.svg","caption":"Mors"},"image":{"@id":"https:\/\/kunmedierne.dk\/mors\/#\/schema\/logo\/image\/"}},{"@type":"Person","@id":"https:\/\/kunmedierne.dk\/mors\/#\/schema\/person\/5fe23251bf1d0abbcdc6f7896579d548","name":"David H\u00f8jmark","image":{"@type":"ImageObject","inLanguage":"da-DK","@id":"https:\/\/kunmedierne.dk\/mors\/#\/schema\/person\/image\/","url":"https:\/\/secure.gravatar.com\/avatar\/4315d6fb9ef244d729989f5f90268eb08d5bf8a3d84402f595fa194bb35784fd?s=96&d=mm&r=g","contentUrl":"https:\/\/secure.gravatar.com\/avatar\/4315d6fb9ef244d729989f5f90268eb08d5bf8a3d84402f595fa194bb35784fd?s=96&d=mm&r=g","caption":"David H\u00f8jmark"},"sameAs":["https:\/\/www.kunmedierne.dk"],"url":"https:\/\/kunmedierne.dk\/mors\/author\/david\/"}]}},"_links":{"self":[{"href":"https:\/\/kunmedierne.dk\/mors\/wp-json\/wp\/v2\/posts\/72630","targetHints":{"allow":["GET"]}}],"collection":[{"href":"https:\/\/kunmedierne.dk\/mors\/wp-json\/wp\/v2\/posts"}],"about":[{"href":"https:\/\/kunmedierne.dk\/mors\/wp-json\/wp\/v2\/types\/post"}],"author":[{"embeddable":true,"href":"https:\/\/kunmedierne.dk\/mors\/wp-json\/wp\/v2\/users\/8"}],"replies":[{"embeddable":true,"href":"https:\/\/kunmedierne.dk\/mors\/wp-json\/wp\/v2\/comments?post=72630"}],"version-history":[{"count":2,"href":"https:\/\/kunmedierne.dk\/mors\/wp-json\/wp\/v2\/posts\/72630\/revisions"}],"predecessor-version":[{"id":72632,"href":"https:\/\/kunmedierne.dk\/mors\/wp-json\/wp\/v2\/posts\/72630\/revisions\/72632"}],"wp:featuredmedia":[{"embeddable":true,"href":"https:\/\/kunmedierne.dk\/mors\/wp-json\/wp\/v2\/media\/69955"}],"wp:attachment":[{"href":"https:\/\/kunmedierne.dk\/mors\/wp-json\/wp\/v2\/media?parent=72630"}],"wp:term":[{"taxonomy":"category","embeddable":true,"href":"https:\/\/kunmedierne.dk\/mors\/wp-json\/wp\/v2\/categories?post=72630"},{"taxonomy":"post_tag","embeddable":true,"href":"https:\/\/kunmedierne.dk\/mors\/wp-json\/wp\/v2\/tags?post=72630"}],"curies":[{"name":"wp","href":"https:\/\/api.w.org\/{rel}","templated":true}]}}