{"id":72533,"date":"2022-06-22T14:12:06","date_gmt":"2022-06-22T12:12:06","guid":{"rendered":"https:\/\/kunmedierne.dk\/mors\/?p=72533"},"modified":"2024-08-12T13:27:51","modified_gmt":"2024-08-12T11:27:51","slug":"kulturmoedet-vi-er-tilbage-i-storform","status":"publish","type":"post","link":"https:\/\/kunmedierne.dk\/mors\/kulturmoedet-vi-er-tilbage-i-storform\/","title":{"rendered":"Kulturm\u00f8det: &#8220;Vi er tilbage i storform&#8221;"},"content":{"rendered":"<p><strong>MORS<\/strong>: &#8220;Kulturm\u00f8det er tilbage i topform efter to \u00e5r med hybride udgaver.&#8221;<\/p>\n<p>S\u00e5dan lyder det b\u00e5de med begejstring over fremtiden og minder om decimerede udgaver under coronaen fra Kulturm\u00f8det Mors, der onsdag igen har nyt om 2022-udgaven.<\/p>\n<p>Den begynder 25. august og har kunst p\u00e5 programmet i tre dage &#8211;\u00a0 og i f\u00f8lge arrang\u00f8rerne selv er der gode ting i vente.<\/p>\n<p>&#8220;Publikum kan gl\u00e6de sig til tre dage med de ypperste talenter og skarpeste stemmer, et helt nyt b\u00f8rnekulturm\u00f8de med fest, farver og dans for de mindste, og det mest ambiti\u00f8se musikprogram til dato,&#8221; lyder det i en pressemeddelelse.<\/p>\n<a class=\"dvrt-link\" onClick=\"cdmtrack_click(104778,jQuery(this));return false\" href=\"https:\/\/vester-begr.dk\/?gclid=CjwKCAjw5Kv7BRBSEiwAXGDElQB6WMfm9CgYVrruty-I1gaOkTkC3mlA4QRDtYNsxYgVC8sNzAJ7WhoCmBsQAvD_BwE\"><img decoding=\"async\" style=\"width:100%;\" src=\"https:\/\/kunmedierne.dk\/mors\/wp-content\/uploads\/2023\/10\/260203VesterHoukaer-02022026.jpg\"><\/a><script>cdmtrack_view(104778);<\/script>\n<p>Den fort\u00e6ller, at programmet for de flere end 30.000 g\u00e6ster, der forventes at deltage i Kulturm\u00f8det Mors, byder p\u00e5 flere end 500 arrangementer med musik, debatter og samtaler med inspirerende kunstnere, t\u00e6nkere og politikere.<\/p>\n<p>Blandt andre vil man kunne opleve psykologiprofessor Svend Brinkmann s\u00e6tte WHO p\u00e5 briksen i en samtale om, hvordan kunst og kultur hj\u00e6lper modtagelsen af ukrainske flygtninge i Polen. Og man kan blive klogere p\u00e5 historien, n\u00e5r Rane Willerslev, direkt\u00f8r for Nationalmuseet, insisterer p\u00e5, at vi skal kende vores fortid for at kunne udvikle os til fremtiden.<\/p>\n<p>Kvindekampen kommer ogs\u00e5 p\u00e5 dagsordenen, n\u00e5r forfatter Johanne Mygind og debatt\u00f8r Emma Holten retter fokus p\u00e5, hvor langt fremme den er, og de mange paneldebatter og samtaler bliver styret af kendte navne som Clement Kj\u00e6rsgaard, Ane Cortzen, Adam Holm og mange flere.<\/p>\n<p>&nbsp;<\/p>\n<p><strong>Mere plads til de unge<\/strong><\/p>\n<p>Som <a href=\"https:\/\/kunmedierne.dk\/mors\/ung-kult-camp-flytter-til-gasvaerksvej\/\" target=\"_blank\" rel=\"noopener\">tidligere n\u00e6vnt<\/a> giver Kulturm\u00f8det i \u00e5r st\u00f8rre plads til de unge end tidligere.\u00a0 Det bliver med \u00e5bningen af et nyt ungeomr\u00e5de i samarbejde med UngKult,\u00a0hvor der vil v\u00e6re \u00e5bningsdebat med spot p\u00e5 &#8216;st\u00e6rke ungef\u00e6llesskaber, der rykker&#8217;, et ambiti\u00f8st musikprogram med blandt andet Zar Paulo, F\u00e4brak og Guldimund, samt en national kulturpolitisk debat med lederne af de danske ungdomspartier.<\/p>\n<a class=\"dvrt-link\" onClick=\"cdmtrack_click(111725,jQuery(this));return false\" href=\"https:\/\/www.thistedforsikring.dk\/?utm_source=partnerskaber&amp;utm_campaign=kun_mors\"><img decoding=\"async\" style=\"width:100%;\" src=\"https:\/\/kunmedierne.dk\/mors\/wp-content\/uploads\/2024\/02\/269409KunMors-ThistedFor-1.png\"><\/a><script>cdmtrack_view(111725);<\/script>\n<p>I det hele taget l\u00e6gger Kulturm\u00f8det op til et hav af samtaler.\u00a0Forfatterne\u00a0Glenn Bech\u00a0og\u00a0Kristian Leth\u00a0diskuterer maskulinitet, forfatter\u00a0Josefine Klougart\u00a0og hjerneforsker\u00a0Andreas Roepstorff\u00a0taler om sanselighed, mens instrukt\u00f8rerne\u00a0Christian Tafdrup\u00a0og\u00a0Sargun Oshana\u00a0samtaler om ondskab.<\/p>\n<p>Litteraturen har en markant plads med debuterende forfattere som Vilma Sandnes Johansson og Fine Gr\u00e5b\u00f8l, der taler om temaer som sorg og psykisk sygdom blandt unge.<\/p>\n<p>&nbsp;<\/p>\n<p><strong>Masser af musik<\/strong><\/p>\n<p>Kulturm\u00f8det fort\u00e6ller ogs\u00e5, at udvidelsen af programmet til og med l\u00f8rdag aften betyder, at der er blevet plads til flere oplevelser, som man ikke vil kunne se p\u00e5 andre festivaler eller steder.<\/p>\n<p>Det g\u00e6lder blandt andet de s\u00e6rlige musikalske mash-ups, hvor Steffen Brandt fra TV-2 g\u00e5r p\u00e5 scenen med strygerensemblet Who Killed Bambi, mens operasangeren Andrea Pellegrini optr\u00e6der sammen med Jacob Binzer fra DAD. Der er ogs\u00e5 store folkelige koncerter med Hugorm, Katinka Band, Burning Red Ivanhoe og mange flere.<\/p>\n<a class=\"dvrt-link\" onClick=\"cdmtrack_click(104778,jQuery(this));return false\" href=\"https:\/\/vester-begr.dk\/?gclid=CjwKCAjw5Kv7BRBSEiwAXGDElQB6WMfm9CgYVrruty-I1gaOkTkC3mlA4QRDtYNsxYgVC8sNzAJ7WhoCmBsQAvD_BwE\"><img decoding=\"async\" style=\"width:100%;\" src=\"https:\/\/kunmedierne.dk\/mors\/wp-content\/uploads\/2023\/10\/260203VesterHoukaer-02022026.jpg\"><\/a><script>cdmtrack_view(104778);<\/script>\n<p>Derudover kan man som altid opleve kunsten udfolde sig p\u00e5 Kulturm\u00f8det. Dansehallerne pr\u00e6senterer Bouncing Narratives, Danske Filminstrukt\u00f8rer viser en perler\u00e6kke af cinematiske dokumentarfilm som &#8216;Kim Kanonarm&#8217; og &#8216;De Blindes Verden&#8217;, kunstner Signe H\u00f8jmark skaber en k\u00e6mpe f\u00e6lles-v\u00e6v, SMK Thy kommer med kunstnerduoen Astrup &amp; Bordorff, Den Sorte Skole x Vertido bes\u00f8ger Nyk\u00f8bing kirke med refraktor, og for f\u00f8rste gang kommer Gr\u00f8nlands Nationalteater p\u00e5 bes\u00f8g.<\/p>\n<p>Kulturm\u00f8det Mors oplyser, at der stadig bliver tilf\u00f8jet oplevelser, samtaler og debatter til programmet. Man kan holde sig opdateret og g\u00e5 p\u00e5 opdagelse i det fulde program <a href=\"http:\/\/presscloud.com\/csp\/vocast\/l.csp?A=132099351452141&amp;B=1271369\" target=\"_blank\" rel=\"noopener\">her<\/a>.<\/p>\n<blockquote>\n<h5><b>S\u00c5 NEMT KAN DU F\u00d8LGE MED P\u00c5 KUNMORS: Tilmeld dig den gratis KunMors-avisen nederst p\u00e5 siden og f\u00e5 et dagligt og nemt overblik over d\u00f8gnets artikler.<\/b><\/h5>\n<\/blockquote>\n","protected":false},"excerpt":{"rendered":"<p>MORS: &#8220;Kulturm\u00f8det er tilbage i topform efter to \u00e5r med hybride udgaver.&#8221; S\u00e5dan lyder det b\u00e5de med begejstring over fremtiden og minder om decimerede udgaver under coronaen fra Kulturm\u00f8det Mors, der onsdag igen har nyt om 2022-udgaven. Den begynder 25. august og har kunst p\u00e5 programmet i tre dage &#8211;\u00a0 og i f\u00f8lge arrang\u00f8rerne selv [&hellip;]<\/p>\n","protected":false},"author":8,"featured_media":72540,"comment_status":"closed","ping_status":"open","sticky":false,"template":"","format":"standard","meta":{"_acf_changed":false,"footnotes":""},"categories":[49],"tags":[162],"class_list":["post-72533","post","type-post","status-publish","format-standard","has-post-thumbnail","hentry","category-kultur","tag-kulturmoedet"],"acf":[],"yoast_head":"<!-- This site is optimized with the Yoast SEO plugin v26.8 - https:\/\/yoast.com\/product\/yoast-seo-wordpress\/ -->\n<title>Kulturm\u00f8det: &quot;Vi er tilbage i storform&quot; - Mors<\/title>\n<meta name=\"robots\" content=\"index, follow, max-snippet:-1, max-image-preview:large, max-video-preview:-1\" \/>\n<link rel=\"canonical\" href=\"https:\/\/kunmedierne.dk\/mors\/kulturmoedet-vi-er-tilbage-i-storform\/\" \/>\n<meta property=\"og:locale\" content=\"da_DK\" \/>\n<meta property=\"og:type\" content=\"article\" \/>\n<meta property=\"og:title\" content=\"Kulturm\u00f8det: &quot;Vi er tilbage i storform&quot; - Mors\" \/>\n<meta property=\"og:description\" content=\"MORS: &#8220;Kulturm\u00f8det er tilbage i topform efter to \u00e5r med hybride udgaver.&#8221; S\u00e5dan lyder det b\u00e5de med begejstring over fremtiden og minder om decimerede udgaver under coronaen fra Kulturm\u00f8det Mors, der onsdag igen har nyt om 2022-udgaven. Den begynder 25. august og har kunst p\u00e5 programmet i tre dage &#8211;\u00a0 og i f\u00f8lge arrang\u00f8rerne selv [&hellip;]\" \/>\n<meta property=\"og:url\" content=\"https:\/\/kunmedierne.dk\/mors\/kulturmoedet-vi-er-tilbage-i-storform\/\" \/>\n<meta property=\"og:site_name\" content=\"Mors\" \/>\n<meta property=\"article:published_time\" content=\"2022-06-22T12:12:06+00:00\" \/>\n<meta property=\"article:modified_time\" content=\"2024-08-12T11:27:51+00:00\" \/>\n<meta property=\"og:image\" content=\"https:\/\/kunmedierne.dk\/mors\/wp-content\/uploads\/2022\/06\/kulturmoedet2021-per-bille.jpg\" \/>\n\t<meta property=\"og:image:width\" content=\"770\" \/>\n\t<meta property=\"og:image:height\" content=\"513\" \/>\n\t<meta property=\"og:image:type\" content=\"image\/jpeg\" \/>\n<meta name=\"author\" content=\"David H\u00f8jmark\" \/>\n<meta name=\"twitter:card\" content=\"summary_large_image\" \/>\n<meta name=\"twitter:label1\" content=\"Skrevet af\" \/>\n\t<meta name=\"twitter:data1\" content=\"David H\u00f8jmark\" \/>\n\t<meta name=\"twitter:label2\" content=\"Estimeret l\u00e6setid\" \/>\n\t<meta name=\"twitter:data2\" content=\"4 minutter\" \/>\n<script type=\"application\/ld+json\" class=\"yoast-schema-graph\">{\"@context\":\"https:\/\/schema.org\",\"@graph\":[{\"@type\":\"Article\",\"@id\":\"https:\/\/kunmedierne.dk\/mors\/kulturmoedet-vi-er-tilbage-i-storform\/#article\",\"isPartOf\":{\"@id\":\"https:\/\/kunmedierne.dk\/mors\/kulturmoedet-vi-er-tilbage-i-storform\/\"},\"author\":{\"name\":\"David H\u00f8jmark\",\"@id\":\"https:\/\/kunmedierne.dk\/mors\/#\/schema\/person\/5fe23251bf1d0abbcdc6f7896579d548\"},\"headline\":\"Kulturm\u00f8det: &#8220;Vi er tilbage i storform&#8221;\",\"datePublished\":\"2022-06-22T12:12:06+00:00\",\"dateModified\":\"2024-08-12T11:27:51+00:00\",\"mainEntityOfPage\":{\"@id\":\"https:\/\/kunmedierne.dk\/mors\/kulturmoedet-vi-er-tilbage-i-storform\/\"},\"wordCount\":634,\"publisher\":{\"@id\":\"https:\/\/kunmedierne.dk\/mors\/#organization\"},\"image\":{\"@id\":\"https:\/\/kunmedierne.dk\/mors\/kulturmoedet-vi-er-tilbage-i-storform\/#primaryimage\"},\"thumbnailUrl\":\"https:\/\/kunmedierne.dk\/mors\/wp-content\/uploads\/2022\/06\/kulturmoedet2021-per-bille.jpg\",\"keywords\":[\"Kulturm\u00f8det\"],\"articleSection\":[\"Kultur\"],\"inLanguage\":\"da-DK\"},{\"@type\":\"WebPage\",\"@id\":\"https:\/\/kunmedierne.dk\/mors\/kulturmoedet-vi-er-tilbage-i-storform\/\",\"url\":\"https:\/\/kunmedierne.dk\/mors\/kulturmoedet-vi-er-tilbage-i-storform\/\",\"name\":\"Kulturm\u00f8det: \\\"Vi er tilbage i storform\\\" - Mors\",\"isPartOf\":{\"@id\":\"https:\/\/kunmedierne.dk\/mors\/#website\"},\"primaryImageOfPage\":{\"@id\":\"https:\/\/kunmedierne.dk\/mors\/kulturmoedet-vi-er-tilbage-i-storform\/#primaryimage\"},\"image\":{\"@id\":\"https:\/\/kunmedierne.dk\/mors\/kulturmoedet-vi-er-tilbage-i-storform\/#primaryimage\"},\"thumbnailUrl\":\"https:\/\/kunmedierne.dk\/mors\/wp-content\/uploads\/2022\/06\/kulturmoedet2021-per-bille.jpg\",\"datePublished\":\"2022-06-22T12:12:06+00:00\",\"dateModified\":\"2024-08-12T11:27:51+00:00\",\"breadcrumb\":{\"@id\":\"https:\/\/kunmedierne.dk\/mors\/kulturmoedet-vi-er-tilbage-i-storform\/#breadcrumb\"},\"inLanguage\":\"da-DK\",\"potentialAction\":[{\"@type\":\"ReadAction\",\"target\":[\"https:\/\/kunmedierne.dk\/mors\/kulturmoedet-vi-er-tilbage-i-storform\/\"]}]},{\"@type\":\"ImageObject\",\"inLanguage\":\"da-DK\",\"@id\":\"https:\/\/kunmedierne.dk\/mors\/kulturmoedet-vi-er-tilbage-i-storform\/#primaryimage\",\"url\":\"https:\/\/kunmedierne.dk\/mors\/wp-content\/uploads\/2022\/06\/kulturmoedet2021-per-bille.jpg\",\"contentUrl\":\"https:\/\/kunmedierne.dk\/mors\/wp-content\/uploads\/2022\/06\/kulturmoedet2021-per-bille.jpg\",\"width\":770,\"height\":513,\"caption\":\"Fra Kulturm\u00f8det 2021. Foto: Per Bille\"},{\"@type\":\"BreadcrumbList\",\"@id\":\"https:\/\/kunmedierne.dk\/mors\/kulturmoedet-vi-er-tilbage-i-storform\/#breadcrumb\",\"itemListElement\":[{\"@type\":\"ListItem\",\"position\":1,\"name\":\"Hjem\",\"item\":\"https:\/\/kunmedierne.dk\/mors\/\"},{\"@type\":\"ListItem\",\"position\":2,\"name\":\"Kulturm\u00f8det: &#8220;Vi er tilbage i storform&#8221;\"}]},{\"@type\":\"WebSite\",\"@id\":\"https:\/\/kunmedierne.dk\/mors\/#website\",\"url\":\"https:\/\/kunmedierne.dk\/mors\/\",\"name\":\"Mors\",\"description\":\"et netmedie med journalistik om livet p\u00e5 Mors\",\"publisher\":{\"@id\":\"https:\/\/kunmedierne.dk\/mors\/#organization\"},\"potentialAction\":[{\"@type\":\"SearchAction\",\"target\":{\"@type\":\"EntryPoint\",\"urlTemplate\":\"https:\/\/kunmedierne.dk\/mors\/?s={search_term_string}\"},\"query-input\":{\"@type\":\"PropertyValueSpecification\",\"valueRequired\":true,\"valueName\":\"search_term_string\"}}],\"inLanguage\":\"da-DK\"},{\"@type\":\"Organization\",\"@id\":\"https:\/\/kunmedierne.dk\/mors\/#organization\",\"name\":\"Mors\",\"url\":\"https:\/\/kunmedierne.dk\/mors\/\",\"logo\":{\"@type\":\"ImageObject\",\"inLanguage\":\"da-DK\",\"@id\":\"https:\/\/kunmedierne.dk\/mors\/#\/schema\/logo\/image\/\",\"url\":\"https:\/\/kunmedierne.dk\/mors\/wp-content\/uploads\/2024\/08\/kunmors-logo.svg\",\"contentUrl\":\"https:\/\/kunmedierne.dk\/mors\/wp-content\/uploads\/2024\/08\/kunmors-logo.svg\",\"caption\":\"Mors\"},\"image\":{\"@id\":\"https:\/\/kunmedierne.dk\/mors\/#\/schema\/logo\/image\/\"}},{\"@type\":\"Person\",\"@id\":\"https:\/\/kunmedierne.dk\/mors\/#\/schema\/person\/5fe23251bf1d0abbcdc6f7896579d548\",\"name\":\"David H\u00f8jmark\",\"image\":{\"@type\":\"ImageObject\",\"inLanguage\":\"da-DK\",\"@id\":\"https:\/\/kunmedierne.dk\/mors\/#\/schema\/person\/image\/\",\"url\":\"https:\/\/secure.gravatar.com\/avatar\/4315d6fb9ef244d729989f5f90268eb08d5bf8a3d84402f595fa194bb35784fd?s=96&d=mm&r=g\",\"contentUrl\":\"https:\/\/secure.gravatar.com\/avatar\/4315d6fb9ef244d729989f5f90268eb08d5bf8a3d84402f595fa194bb35784fd?s=96&d=mm&r=g\",\"caption\":\"David H\u00f8jmark\"},\"sameAs\":[\"https:\/\/www.kunmedierne.dk\"],\"url\":\"https:\/\/kunmedierne.dk\/mors\/author\/david\/\"}]}<\/script>\n<!-- \/ Yoast SEO plugin. -->","yoast_head_json":{"title":"Kulturm\u00f8det: \"Vi er tilbage i storform\" - Mors","robots":{"index":"index","follow":"follow","max-snippet":"max-snippet:-1","max-image-preview":"max-image-preview:large","max-video-preview":"max-video-preview:-1"},"canonical":"https:\/\/kunmedierne.dk\/mors\/kulturmoedet-vi-er-tilbage-i-storform\/","og_locale":"da_DK","og_type":"article","og_title":"Kulturm\u00f8det: \"Vi er tilbage i storform\" - Mors","og_description":"MORS: &#8220;Kulturm\u00f8det er tilbage i topform efter to \u00e5r med hybride udgaver.&#8221; S\u00e5dan lyder det b\u00e5de med begejstring over fremtiden og minder om decimerede udgaver under coronaen fra Kulturm\u00f8det Mors, der onsdag igen har nyt om 2022-udgaven. Den begynder 25. august og har kunst p\u00e5 programmet i tre dage &#8211;\u00a0 og i f\u00f8lge arrang\u00f8rerne selv [&hellip;]","og_url":"https:\/\/kunmedierne.dk\/mors\/kulturmoedet-vi-er-tilbage-i-storform\/","og_site_name":"Mors","article_published_time":"2022-06-22T12:12:06+00:00","article_modified_time":"2024-08-12T11:27:51+00:00","og_image":[{"width":770,"height":513,"url":"https:\/\/kunmedierne.dk\/mors\/wp-content\/uploads\/2022\/06\/kulturmoedet2021-per-bille.jpg","type":"image\/jpeg"}],"author":"David H\u00f8jmark","twitter_card":"summary_large_image","twitter_misc":{"Skrevet af":"David H\u00f8jmark","Estimeret l\u00e6setid":"4 minutter"},"schema":{"@context":"https:\/\/schema.org","@graph":[{"@type":"Article","@id":"https:\/\/kunmedierne.dk\/mors\/kulturmoedet-vi-er-tilbage-i-storform\/#article","isPartOf":{"@id":"https:\/\/kunmedierne.dk\/mors\/kulturmoedet-vi-er-tilbage-i-storform\/"},"author":{"name":"David H\u00f8jmark","@id":"https:\/\/kunmedierne.dk\/mors\/#\/schema\/person\/5fe23251bf1d0abbcdc6f7896579d548"},"headline":"Kulturm\u00f8det: &#8220;Vi er tilbage i storform&#8221;","datePublished":"2022-06-22T12:12:06+00:00","dateModified":"2024-08-12T11:27:51+00:00","mainEntityOfPage":{"@id":"https:\/\/kunmedierne.dk\/mors\/kulturmoedet-vi-er-tilbage-i-storform\/"},"wordCount":634,"publisher":{"@id":"https:\/\/kunmedierne.dk\/mors\/#organization"},"image":{"@id":"https:\/\/kunmedierne.dk\/mors\/kulturmoedet-vi-er-tilbage-i-storform\/#primaryimage"},"thumbnailUrl":"https:\/\/kunmedierne.dk\/mors\/wp-content\/uploads\/2022\/06\/kulturmoedet2021-per-bille.jpg","keywords":["Kulturm\u00f8det"],"articleSection":["Kultur"],"inLanguage":"da-DK"},{"@type":"WebPage","@id":"https:\/\/kunmedierne.dk\/mors\/kulturmoedet-vi-er-tilbage-i-storform\/","url":"https:\/\/kunmedierne.dk\/mors\/kulturmoedet-vi-er-tilbage-i-storform\/","name":"Kulturm\u00f8det: \"Vi er tilbage i storform\" - Mors","isPartOf":{"@id":"https:\/\/kunmedierne.dk\/mors\/#website"},"primaryImageOfPage":{"@id":"https:\/\/kunmedierne.dk\/mors\/kulturmoedet-vi-er-tilbage-i-storform\/#primaryimage"},"image":{"@id":"https:\/\/kunmedierne.dk\/mors\/kulturmoedet-vi-er-tilbage-i-storform\/#primaryimage"},"thumbnailUrl":"https:\/\/kunmedierne.dk\/mors\/wp-content\/uploads\/2022\/06\/kulturmoedet2021-per-bille.jpg","datePublished":"2022-06-22T12:12:06+00:00","dateModified":"2024-08-12T11:27:51+00:00","breadcrumb":{"@id":"https:\/\/kunmedierne.dk\/mors\/kulturmoedet-vi-er-tilbage-i-storform\/#breadcrumb"},"inLanguage":"da-DK","potentialAction":[{"@type":"ReadAction","target":["https:\/\/kunmedierne.dk\/mors\/kulturmoedet-vi-er-tilbage-i-storform\/"]}]},{"@type":"ImageObject","inLanguage":"da-DK","@id":"https:\/\/kunmedierne.dk\/mors\/kulturmoedet-vi-er-tilbage-i-storform\/#primaryimage","url":"https:\/\/kunmedierne.dk\/mors\/wp-content\/uploads\/2022\/06\/kulturmoedet2021-per-bille.jpg","contentUrl":"https:\/\/kunmedierne.dk\/mors\/wp-content\/uploads\/2022\/06\/kulturmoedet2021-per-bille.jpg","width":770,"height":513,"caption":"Fra Kulturm\u00f8det 2021. Foto: Per Bille"},{"@type":"BreadcrumbList","@id":"https:\/\/kunmedierne.dk\/mors\/kulturmoedet-vi-er-tilbage-i-storform\/#breadcrumb","itemListElement":[{"@type":"ListItem","position":1,"name":"Hjem","item":"https:\/\/kunmedierne.dk\/mors\/"},{"@type":"ListItem","position":2,"name":"Kulturm\u00f8det: &#8220;Vi er tilbage i storform&#8221;"}]},{"@type":"WebSite","@id":"https:\/\/kunmedierne.dk\/mors\/#website","url":"https:\/\/kunmedierne.dk\/mors\/","name":"Mors","description":"et netmedie med journalistik om livet p\u00e5 Mors","publisher":{"@id":"https:\/\/kunmedierne.dk\/mors\/#organization"},"potentialAction":[{"@type":"SearchAction","target":{"@type":"EntryPoint","urlTemplate":"https:\/\/kunmedierne.dk\/mors\/?s={search_term_string}"},"query-input":{"@type":"PropertyValueSpecification","valueRequired":true,"valueName":"search_term_string"}}],"inLanguage":"da-DK"},{"@type":"Organization","@id":"https:\/\/kunmedierne.dk\/mors\/#organization","name":"Mors","url":"https:\/\/kunmedierne.dk\/mors\/","logo":{"@type":"ImageObject","inLanguage":"da-DK","@id":"https:\/\/kunmedierne.dk\/mors\/#\/schema\/logo\/image\/","url":"https:\/\/kunmedierne.dk\/mors\/wp-content\/uploads\/2024\/08\/kunmors-logo.svg","contentUrl":"https:\/\/kunmedierne.dk\/mors\/wp-content\/uploads\/2024\/08\/kunmors-logo.svg","caption":"Mors"},"image":{"@id":"https:\/\/kunmedierne.dk\/mors\/#\/schema\/logo\/image\/"}},{"@type":"Person","@id":"https:\/\/kunmedierne.dk\/mors\/#\/schema\/person\/5fe23251bf1d0abbcdc6f7896579d548","name":"David H\u00f8jmark","image":{"@type":"ImageObject","inLanguage":"da-DK","@id":"https:\/\/kunmedierne.dk\/mors\/#\/schema\/person\/image\/","url":"https:\/\/secure.gravatar.com\/avatar\/4315d6fb9ef244d729989f5f90268eb08d5bf8a3d84402f595fa194bb35784fd?s=96&d=mm&r=g","contentUrl":"https:\/\/secure.gravatar.com\/avatar\/4315d6fb9ef244d729989f5f90268eb08d5bf8a3d84402f595fa194bb35784fd?s=96&d=mm&r=g","caption":"David H\u00f8jmark"},"sameAs":["https:\/\/www.kunmedierne.dk"],"url":"https:\/\/kunmedierne.dk\/mors\/author\/david\/"}]}},"_links":{"self":[{"href":"https:\/\/kunmedierne.dk\/mors\/wp-json\/wp\/v2\/posts\/72533","targetHints":{"allow":["GET"]}}],"collection":[{"href":"https:\/\/kunmedierne.dk\/mors\/wp-json\/wp\/v2\/posts"}],"about":[{"href":"https:\/\/kunmedierne.dk\/mors\/wp-json\/wp\/v2\/types\/post"}],"author":[{"embeddable":true,"href":"https:\/\/kunmedierne.dk\/mors\/wp-json\/wp\/v2\/users\/8"}],"replies":[{"embeddable":true,"href":"https:\/\/kunmedierne.dk\/mors\/wp-json\/wp\/v2\/comments?post=72533"}],"version-history":[{"count":2,"href":"https:\/\/kunmedierne.dk\/mors\/wp-json\/wp\/v2\/posts\/72533\/revisions"}],"predecessor-version":[{"id":72541,"href":"https:\/\/kunmedierne.dk\/mors\/wp-json\/wp\/v2\/posts\/72533\/revisions\/72541"}],"wp:featuredmedia":[{"embeddable":true,"href":"https:\/\/kunmedierne.dk\/mors\/wp-json\/wp\/v2\/media\/72540"}],"wp:attachment":[{"href":"https:\/\/kunmedierne.dk\/mors\/wp-json\/wp\/v2\/media?parent=72533"}],"wp:term":[{"taxonomy":"category","embeddable":true,"href":"https:\/\/kunmedierne.dk\/mors\/wp-json\/wp\/v2\/categories?post=72533"},{"taxonomy":"post_tag","embeddable":true,"href":"https:\/\/kunmedierne.dk\/mors\/wp-json\/wp\/v2\/tags?post=72533"}],"curies":[{"name":"wp","href":"https:\/\/api.w.org\/{rel}","templated":true}]}}