{"id":72188,"date":"2022-06-18T16:08:04","date_gmt":"2022-06-18T14:08:04","guid":{"rendered":"https:\/\/kunmedierne.dk\/mors\/?p=72188"},"modified":"2024-08-12T13:27:53","modified_gmt":"2024-08-12T11:27:53","slug":"viet-i-vejerslev-kirke","status":"publish","type":"post","link":"https:\/\/kunmedierne.dk\/mors\/viet-i-vejerslev-kirke\/","title":{"rendered":"Viet i Vejerslev Kirke"},"content":{"rendered":"<p><strong>VEJERSLEV<\/strong>: L\u00f8rdag den 11. juni 2022 var der vielse i Vejerslev Kirke.<\/p>\n<p>Her sagde Sandie og Nils Skipper M\u00f8ller, Smedebjergevej 82, ja til hinanden.<\/p>\n<hr \/>\n<p>Navnesiden p\u00e5 KunMors bringer ogs\u00e5 nyt om vielser og barned\u00e5b. Har du et bidrag til siden? Send det til os p\u00e5 e-mail: navne@kunmor.dk.<\/p>\n<p><img loading=\"lazy\" decoding=\"async\" class=\"alignleft size-full wp-image-72191\" src=\"https:\/\/kunmedierne.dk\/mors\/wp-content\/uploads\/2022\/06\/viet-vejerslev.jpg\" alt=\"\" width=\"770\" height=\"1079\" srcset=\"https:\/\/kunmedierne.dk\/mors\/wp-content\/uploads\/2022\/06\/viet-vejerslev.jpg 770w, https:\/\/kunmedierne.dk\/mors\/wp-content\/uploads\/2022\/06\/viet-vejerslev-214x300.jpg 214w, https:\/\/kunmedierne.dk\/mors\/wp-content\/uploads\/2022\/06\/viet-vejerslev-731x1024.jpg 731w, https:\/\/kunmedierne.dk\/mors\/wp-content\/uploads\/2022\/06\/viet-vejerslev-768x1076.jpg 768w, https:\/\/kunmedierne.dk\/mors\/wp-content\/uploads\/2022\/06\/viet-vejerslev-600x841.jpg 600w\" sizes=\"auto, (max-width: 770px) 100vw, 770px\" \/><img decoding=\"async\" class=\"alignleft size-full wp-image-72189\" src=\"https:\/\/kunmedierne.dk\/mors\/wp-content\/uploads\/2022\/06\/IMG_3103-1.heic\" alt=\"\" \/><\/p>\n","protected":false},"excerpt":{"rendered":"<p>VEJERSLEV: L\u00f8rdag den 11. juni 2022 var der vielse i Vejerslev Kirke. Her sagde Sandie og Nils Skipper M\u00f8ller, Smedebjergevej 82, ja til hinanden. Navnesiden p\u00e5 KunMors bringer ogs\u00e5 nyt om vielser og barned\u00e5b. Har du et bidrag til siden? Send det til os p\u00e5 e-mail: navne@kunmor.dk.<\/p>\n","protected":false},"author":264,"featured_media":72193,"comment_status":"closed","ping_status":"open","sticky":false,"template":"","format":"standard","meta":{"_acf_changed":false,"footnotes":""},"categories":[52],"tags":[],"class_list":["post-72188","post","type-post","status-publish","format-standard","has-post-thumbnail","hentry","category-navne"],"acf":[],"yoast_head":"<!-- This site is optimized with the Yoast SEO plugin v26.8 - https:\/\/yoast.com\/product\/yoast-seo-wordpress\/ -->\n<title>Viet i Vejerslev Kirke - Mors<\/title>\n<meta name=\"robots\" content=\"index, follow, max-snippet:-1, max-image-preview:large, max-video-preview:-1\" \/>\n<link rel=\"canonical\" href=\"https:\/\/kunmedierne.dk\/mors\/viet-i-vejerslev-kirke\/\" \/>\n<meta property=\"og:locale\" content=\"da_DK\" \/>\n<meta property=\"og:type\" content=\"article\" \/>\n<meta property=\"og:title\" content=\"Viet i Vejerslev Kirke - Mors\" \/>\n<meta property=\"og:description\" content=\"VEJERSLEV: L\u00f8rdag den 11. juni 2022 var der vielse i Vejerslev Kirke. Her sagde Sandie og Nils Skipper M\u00f8ller, Smedebjergevej 82, ja til hinanden. Navnesiden p\u00e5 KunMors bringer ogs\u00e5 nyt om vielser og barned\u00e5b. Har du et bidrag til siden? Send det til os p\u00e5 e-mail: navne@kunmor.dk.\" \/>\n<meta property=\"og:url\" content=\"https:\/\/kunmedierne.dk\/mors\/viet-i-vejerslev-kirke\/\" \/>\n<meta property=\"og:site_name\" content=\"Mors\" \/>\n<meta property=\"article:published_time\" content=\"2022-06-18T14:08:04+00:00\" \/>\n<meta property=\"article:modified_time\" content=\"2024-08-12T11:27:53+00:00\" \/>\n<meta property=\"og:image\" content=\"https:\/\/kunmedierne.dk\/mors\/wp-content\/uploads\/2022\/06\/viet-vejerslev-bred.jpg\" \/>\n\t<meta property=\"og:image:width\" content=\"675\" \/>\n\t<meta property=\"og:image:height\" content=\"450\" \/>\n\t<meta property=\"og:image:type\" content=\"image\/jpeg\" \/>\n<meta name=\"author\" content=\"Navne\" \/>\n<meta name=\"twitter:card\" content=\"summary_large_image\" \/>\n<meta name=\"twitter:label1\" content=\"Skrevet af\" \/>\n\t<meta name=\"twitter:data1\" content=\"Navne\" \/>\n\t<meta name=\"twitter:label2\" content=\"Estimeret l\u00e6setid\" \/>\n\t<meta name=\"twitter:data2\" content=\"1 minut\" \/>\n<script type=\"application\/ld+json\" class=\"yoast-schema-graph\">{\"@context\":\"https:\/\/schema.org\",\"@graph\":[{\"@type\":\"Article\",\"@id\":\"https:\/\/kunmedierne.dk\/mors\/viet-i-vejerslev-kirke\/#article\",\"isPartOf\":{\"@id\":\"https:\/\/kunmedierne.dk\/mors\/viet-i-vejerslev-kirke\/\"},\"author\":{\"name\":\"Navne\",\"@id\":\"https:\/\/kunmedierne.dk\/mors\/#\/schema\/person\/f084885f8161963bb583d8604763a6b7\"},\"headline\":\"Viet i Vejerslev Kirke\",\"datePublished\":\"2022-06-18T14:08:04+00:00\",\"dateModified\":\"2024-08-12T11:27:53+00:00\",\"mainEntityOfPage\":{\"@id\":\"https:\/\/kunmedierne.dk\/mors\/viet-i-vejerslev-kirke\/\"},\"wordCount\":53,\"publisher\":{\"@id\":\"https:\/\/kunmedierne.dk\/mors\/#organization\"},\"image\":{\"@id\":\"https:\/\/kunmedierne.dk\/mors\/viet-i-vejerslev-kirke\/#primaryimage\"},\"thumbnailUrl\":\"https:\/\/kunmedierne.dk\/mors\/wp-content\/uploads\/2022\/06\/viet-vejerslev-bred.jpg\",\"articleSection\":[\"Navne\"],\"inLanguage\":\"da-DK\"},{\"@type\":\"WebPage\",\"@id\":\"https:\/\/kunmedierne.dk\/mors\/viet-i-vejerslev-kirke\/\",\"url\":\"https:\/\/kunmedierne.dk\/mors\/viet-i-vejerslev-kirke\/\",\"name\":\"Viet i Vejerslev Kirke - Mors\",\"isPartOf\":{\"@id\":\"https:\/\/kunmedierne.dk\/mors\/#website\"},\"primaryImageOfPage\":{\"@id\":\"https:\/\/kunmedierne.dk\/mors\/viet-i-vejerslev-kirke\/#primaryimage\"},\"image\":{\"@id\":\"https:\/\/kunmedierne.dk\/mors\/viet-i-vejerslev-kirke\/#primaryimage\"},\"thumbnailUrl\":\"https:\/\/kunmedierne.dk\/mors\/wp-content\/uploads\/2022\/06\/viet-vejerslev-bred.jpg\",\"datePublished\":\"2022-06-18T14:08:04+00:00\",\"dateModified\":\"2024-08-12T11:27:53+00:00\",\"breadcrumb\":{\"@id\":\"https:\/\/kunmedierne.dk\/mors\/viet-i-vejerslev-kirke\/#breadcrumb\"},\"inLanguage\":\"da-DK\",\"potentialAction\":[{\"@type\":\"ReadAction\",\"target\":[\"https:\/\/kunmedierne.dk\/mors\/viet-i-vejerslev-kirke\/\"]}]},{\"@type\":\"ImageObject\",\"inLanguage\":\"da-DK\",\"@id\":\"https:\/\/kunmedierne.dk\/mors\/viet-i-vejerslev-kirke\/#primaryimage\",\"url\":\"https:\/\/kunmedierne.dk\/mors\/wp-content\/uploads\/2022\/06\/viet-vejerslev-bred.jpg\",\"contentUrl\":\"https:\/\/kunmedierne.dk\/mors\/wp-content\/uploads\/2022\/06\/viet-vejerslev-bred.jpg\",\"width\":675,\"height\":450,\"caption\":\"Foto: Per Zangenberg\"},{\"@type\":\"BreadcrumbList\",\"@id\":\"https:\/\/kunmedierne.dk\/mors\/viet-i-vejerslev-kirke\/#breadcrumb\",\"itemListElement\":[{\"@type\":\"ListItem\",\"position\":1,\"name\":\"Hjem\",\"item\":\"https:\/\/kunmedierne.dk\/mors\/\"},{\"@type\":\"ListItem\",\"position\":2,\"name\":\"Viet i Vejerslev Kirke\"}]},{\"@type\":\"WebSite\",\"@id\":\"https:\/\/kunmedierne.dk\/mors\/#website\",\"url\":\"https:\/\/kunmedierne.dk\/mors\/\",\"name\":\"Mors\",\"description\":\"et netmedie med journalistik om livet p\u00e5 Mors\",\"publisher\":{\"@id\":\"https:\/\/kunmedierne.dk\/mors\/#organization\"},\"potentialAction\":[{\"@type\":\"SearchAction\",\"target\":{\"@type\":\"EntryPoint\",\"urlTemplate\":\"https:\/\/kunmedierne.dk\/mors\/?s={search_term_string}\"},\"query-input\":{\"@type\":\"PropertyValueSpecification\",\"valueRequired\":true,\"valueName\":\"search_term_string\"}}],\"inLanguage\":\"da-DK\"},{\"@type\":\"Organization\",\"@id\":\"https:\/\/kunmedierne.dk\/mors\/#organization\",\"name\":\"Mors\",\"url\":\"https:\/\/kunmedierne.dk\/mors\/\",\"logo\":{\"@type\":\"ImageObject\",\"inLanguage\":\"da-DK\",\"@id\":\"https:\/\/kunmedierne.dk\/mors\/#\/schema\/logo\/image\/\",\"url\":\"https:\/\/kunmedierne.dk\/mors\/wp-content\/uploads\/2024\/08\/kunmors-logo.svg\",\"contentUrl\":\"https:\/\/kunmedierne.dk\/mors\/wp-content\/uploads\/2024\/08\/kunmors-logo.svg\",\"caption\":\"Mors\"},\"image\":{\"@id\":\"https:\/\/kunmedierne.dk\/mors\/#\/schema\/logo\/image\/\"}},{\"@type\":\"Person\",\"@id\":\"https:\/\/kunmedierne.dk\/mors\/#\/schema\/person\/f084885f8161963bb583d8604763a6b7\",\"name\":\"Navne\",\"image\":{\"@type\":\"ImageObject\",\"inLanguage\":\"da-DK\",\"@id\":\"https:\/\/kunmedierne.dk\/mors\/#\/schema\/person\/image\/\",\"url\":\"https:\/\/secure.gravatar.com\/avatar\/6f0953307eaee87813e8e3c90223d5589b093e56e7cc66b5575f901f7b5868a5?s=96&d=mm&r=g\",\"contentUrl\":\"https:\/\/secure.gravatar.com\/avatar\/6f0953307eaee87813e8e3c90223d5589b093e56e7cc66b5575f901f7b5868a5?s=96&d=mm&r=g\",\"caption\":\"Navne\"},\"url\":\"https:\/\/kunmedierne.dk\/mors\/author\/navne\/\"}]}<\/script>\n<!-- \/ Yoast SEO plugin. -->","yoast_head_json":{"title":"Viet i Vejerslev Kirke - Mors","robots":{"index":"index","follow":"follow","max-snippet":"max-snippet:-1","max-image-preview":"max-image-preview:large","max-video-preview":"max-video-preview:-1"},"canonical":"https:\/\/kunmedierne.dk\/mors\/viet-i-vejerslev-kirke\/","og_locale":"da_DK","og_type":"article","og_title":"Viet i Vejerslev Kirke - Mors","og_description":"VEJERSLEV: L\u00f8rdag den 11. juni 2022 var der vielse i Vejerslev Kirke. Her sagde Sandie og Nils Skipper M\u00f8ller, Smedebjergevej 82, ja til hinanden. Navnesiden p\u00e5 KunMors bringer ogs\u00e5 nyt om vielser og barned\u00e5b. Har du et bidrag til siden? Send det til os p\u00e5 e-mail: navne@kunmor.dk.","og_url":"https:\/\/kunmedierne.dk\/mors\/viet-i-vejerslev-kirke\/","og_site_name":"Mors","article_published_time":"2022-06-18T14:08:04+00:00","article_modified_time":"2024-08-12T11:27:53+00:00","og_image":[{"width":675,"height":450,"url":"https:\/\/kunmedierne.dk\/mors\/wp-content\/uploads\/2022\/06\/viet-vejerslev-bred.jpg","type":"image\/jpeg"}],"author":"Navne","twitter_card":"summary_large_image","twitter_misc":{"Skrevet af":"Navne","Estimeret l\u00e6setid":"1 minut"},"schema":{"@context":"https:\/\/schema.org","@graph":[{"@type":"Article","@id":"https:\/\/kunmedierne.dk\/mors\/viet-i-vejerslev-kirke\/#article","isPartOf":{"@id":"https:\/\/kunmedierne.dk\/mors\/viet-i-vejerslev-kirke\/"},"author":{"name":"Navne","@id":"https:\/\/kunmedierne.dk\/mors\/#\/schema\/person\/f084885f8161963bb583d8604763a6b7"},"headline":"Viet i Vejerslev Kirke","datePublished":"2022-06-18T14:08:04+00:00","dateModified":"2024-08-12T11:27:53+00:00","mainEntityOfPage":{"@id":"https:\/\/kunmedierne.dk\/mors\/viet-i-vejerslev-kirke\/"},"wordCount":53,"publisher":{"@id":"https:\/\/kunmedierne.dk\/mors\/#organization"},"image":{"@id":"https:\/\/kunmedierne.dk\/mors\/viet-i-vejerslev-kirke\/#primaryimage"},"thumbnailUrl":"https:\/\/kunmedierne.dk\/mors\/wp-content\/uploads\/2022\/06\/viet-vejerslev-bred.jpg","articleSection":["Navne"],"inLanguage":"da-DK"},{"@type":"WebPage","@id":"https:\/\/kunmedierne.dk\/mors\/viet-i-vejerslev-kirke\/","url":"https:\/\/kunmedierne.dk\/mors\/viet-i-vejerslev-kirke\/","name":"Viet i Vejerslev Kirke - Mors","isPartOf":{"@id":"https:\/\/kunmedierne.dk\/mors\/#website"},"primaryImageOfPage":{"@id":"https:\/\/kunmedierne.dk\/mors\/viet-i-vejerslev-kirke\/#primaryimage"},"image":{"@id":"https:\/\/kunmedierne.dk\/mors\/viet-i-vejerslev-kirke\/#primaryimage"},"thumbnailUrl":"https:\/\/kunmedierne.dk\/mors\/wp-content\/uploads\/2022\/06\/viet-vejerslev-bred.jpg","datePublished":"2022-06-18T14:08:04+00:00","dateModified":"2024-08-12T11:27:53+00:00","breadcrumb":{"@id":"https:\/\/kunmedierne.dk\/mors\/viet-i-vejerslev-kirke\/#breadcrumb"},"inLanguage":"da-DK","potentialAction":[{"@type":"ReadAction","target":["https:\/\/kunmedierne.dk\/mors\/viet-i-vejerslev-kirke\/"]}]},{"@type":"ImageObject","inLanguage":"da-DK","@id":"https:\/\/kunmedierne.dk\/mors\/viet-i-vejerslev-kirke\/#primaryimage","url":"https:\/\/kunmedierne.dk\/mors\/wp-content\/uploads\/2022\/06\/viet-vejerslev-bred.jpg","contentUrl":"https:\/\/kunmedierne.dk\/mors\/wp-content\/uploads\/2022\/06\/viet-vejerslev-bred.jpg","width":675,"height":450,"caption":"Foto: Per Zangenberg"},{"@type":"BreadcrumbList","@id":"https:\/\/kunmedierne.dk\/mors\/viet-i-vejerslev-kirke\/#breadcrumb","itemListElement":[{"@type":"ListItem","position":1,"name":"Hjem","item":"https:\/\/kunmedierne.dk\/mors\/"},{"@type":"ListItem","position":2,"name":"Viet i Vejerslev Kirke"}]},{"@type":"WebSite","@id":"https:\/\/kunmedierne.dk\/mors\/#website","url":"https:\/\/kunmedierne.dk\/mors\/","name":"Mors","description":"et netmedie med journalistik om livet p\u00e5 Mors","publisher":{"@id":"https:\/\/kunmedierne.dk\/mors\/#organization"},"potentialAction":[{"@type":"SearchAction","target":{"@type":"EntryPoint","urlTemplate":"https:\/\/kunmedierne.dk\/mors\/?s={search_term_string}"},"query-input":{"@type":"PropertyValueSpecification","valueRequired":true,"valueName":"search_term_string"}}],"inLanguage":"da-DK"},{"@type":"Organization","@id":"https:\/\/kunmedierne.dk\/mors\/#organization","name":"Mors","url":"https:\/\/kunmedierne.dk\/mors\/","logo":{"@type":"ImageObject","inLanguage":"da-DK","@id":"https:\/\/kunmedierne.dk\/mors\/#\/schema\/logo\/image\/","url":"https:\/\/kunmedierne.dk\/mors\/wp-content\/uploads\/2024\/08\/kunmors-logo.svg","contentUrl":"https:\/\/kunmedierne.dk\/mors\/wp-content\/uploads\/2024\/08\/kunmors-logo.svg","caption":"Mors"},"image":{"@id":"https:\/\/kunmedierne.dk\/mors\/#\/schema\/logo\/image\/"}},{"@type":"Person","@id":"https:\/\/kunmedierne.dk\/mors\/#\/schema\/person\/f084885f8161963bb583d8604763a6b7","name":"Navne","image":{"@type":"ImageObject","inLanguage":"da-DK","@id":"https:\/\/kunmedierne.dk\/mors\/#\/schema\/person\/image\/","url":"https:\/\/secure.gravatar.com\/avatar\/6f0953307eaee87813e8e3c90223d5589b093e56e7cc66b5575f901f7b5868a5?s=96&d=mm&r=g","contentUrl":"https:\/\/secure.gravatar.com\/avatar\/6f0953307eaee87813e8e3c90223d5589b093e56e7cc66b5575f901f7b5868a5?s=96&d=mm&r=g","caption":"Navne"},"url":"https:\/\/kunmedierne.dk\/mors\/author\/navne\/"}]}},"_links":{"self":[{"href":"https:\/\/kunmedierne.dk\/mors\/wp-json\/wp\/v2\/posts\/72188","targetHints":{"allow":["GET"]}}],"collection":[{"href":"https:\/\/kunmedierne.dk\/mors\/wp-json\/wp\/v2\/posts"}],"about":[{"href":"https:\/\/kunmedierne.dk\/mors\/wp-json\/wp\/v2\/types\/post"}],"author":[{"embeddable":true,"href":"https:\/\/kunmedierne.dk\/mors\/wp-json\/wp\/v2\/users\/264"}],"replies":[{"embeddable":true,"href":"https:\/\/kunmedierne.dk\/mors\/wp-json\/wp\/v2\/comments?post=72188"}],"version-history":[{"count":1,"href":"https:\/\/kunmedierne.dk\/mors\/wp-json\/wp\/v2\/posts\/72188\/revisions"}],"predecessor-version":[{"id":72192,"href":"https:\/\/kunmedierne.dk\/mors\/wp-json\/wp\/v2\/posts\/72188\/revisions\/72192"}],"wp:featuredmedia":[{"embeddable":true,"href":"https:\/\/kunmedierne.dk\/mors\/wp-json\/wp\/v2\/media\/72193"}],"wp:attachment":[{"href":"https:\/\/kunmedierne.dk\/mors\/wp-json\/wp\/v2\/media?parent=72188"}],"wp:term":[{"taxonomy":"category","embeddable":true,"href":"https:\/\/kunmedierne.dk\/mors\/wp-json\/wp\/v2\/categories?post=72188"},{"taxonomy":"post_tag","embeddable":true,"href":"https:\/\/kunmedierne.dk\/mors\/wp-json\/wp\/v2\/tags?post=72188"}],"curies":[{"name":"wp","href":"https:\/\/api.w.org\/{rel}","templated":true}]}}