{"id":7172,"date":"2020-02-12T11:42:01","date_gmt":"2020-02-12T10:42:01","guid":{"rendered":"https:\/\/kunmedierne.dk\/mors\/?p=7172"},"modified":"2024-08-12T14:07:39","modified_gmt":"2024-08-12T12:07:39","slug":"kutter-maatte-efterlades-under-vand","status":"publish","type":"post","link":"https:\/\/kunmedierne.dk\/mors\/kutter-maatte-efterlades-under-vand\/","title":{"rendered":"Kutter m\u00e5tte efterlades under vand"},"content":{"rendered":"<p><strong>NYK\u00d8BING<\/strong>: H\u00e6vningen af en kutter p\u00e5 havnen i Nyk\u00f8bing m\u00e5tte i g\u00e5r afbrydes i al hast, da Nordjyllands Beredskab blev kaldt til en akutopgave i Thy.<\/p>\n<p>Kutteren har st\u00e5et under vand i et par uger, og derfor var et dykkerberedskab fra Aalborg taget til Nyk\u00f8bing for at kigge p\u00e5 den. Men if\u00f8lge Nordjyllands Beredskab m\u00e5tte aktionen afbrydes, fordi en svensk surfer ved Vorup\u00f8r var kommet i problemer og skulle reddes i land.<\/p>\n<p>&nbsp;<\/p>\n<p>&nbsp;<\/p>\n","protected":false},"excerpt":{"rendered":"<p>NYK\u00d8BING: H\u00e6vningen af en kutter p\u00e5 havnen i Nyk\u00f8bing m\u00e5tte i g\u00e5r afbrydes i al hast, da Nordjyllands Beredskab blev kaldt til en akutopgave i Thy. Kutteren har st\u00e5et under vand i et par uger, og derfor var et dykkerberedskab fra Aalborg taget til Nyk\u00f8bing for at kigge p\u00e5 den. Men if\u00f8lge Nordjyllands Beredskab m\u00e5tte [&hellip;]<\/p>\n","protected":false},"author":8,"featured_media":7173,"comment_status":"open","ping_status":"open","sticky":false,"template":"","format":"standard","meta":{"_acf_changed":false,"footnotes":""},"categories":[51],"tags":[],"class_list":["post-7172","post","type-post","status-publish","format-standard","has-post-thumbnail","hentry","category-lokalt"],"acf":[],"yoast_head":"<!-- This site is optimized with the Yoast SEO plugin v26.8 - https:\/\/yoast.com\/product\/yoast-seo-wordpress\/ -->\n<title>Kutter m\u00e5tte efterlades under vand - Mors<\/title>\n<meta name=\"robots\" content=\"index, follow, max-snippet:-1, max-image-preview:large, max-video-preview:-1\" \/>\n<link rel=\"canonical\" href=\"https:\/\/kunmedierne.dk\/mors\/kutter-maatte-efterlades-under-vand\/\" \/>\n<meta property=\"og:locale\" content=\"da_DK\" \/>\n<meta property=\"og:type\" content=\"article\" \/>\n<meta property=\"og:title\" content=\"Kutter m\u00e5tte efterlades under vand - Mors\" \/>\n<meta property=\"og:description\" content=\"NYK\u00d8BING: H\u00e6vningen af en kutter p\u00e5 havnen i Nyk\u00f8bing m\u00e5tte i g\u00e5r afbrydes i al hast, da Nordjyllands Beredskab blev kaldt til en akutopgave i Thy. Kutteren har st\u00e5et under vand i et par uger, og derfor var et dykkerberedskab fra Aalborg taget til Nyk\u00f8bing for at kigge p\u00e5 den. Men if\u00f8lge Nordjyllands Beredskab m\u00e5tte [&hellip;]\" \/>\n<meta property=\"og:url\" content=\"https:\/\/kunmedierne.dk\/mors\/kutter-maatte-efterlades-under-vand\/\" \/>\n<meta property=\"og:site_name\" content=\"Mors\" \/>\n<meta property=\"article:published_time\" content=\"2020-02-12T10:42:01+00:00\" \/>\n<meta property=\"article:modified_time\" content=\"2024-08-12T12:07:39+00:00\" \/>\n<meta property=\"og:image\" content=\"https:\/\/kunmedierne.dk\/mors\/wp-content\/uploads\/2020\/02\/200211-kutter.jpg\" \/>\n\t<meta property=\"og:image:width\" content=\"770\" \/>\n\t<meta property=\"og:image:height\" content=\"550\" \/>\n\t<meta property=\"og:image:type\" content=\"image\/jpeg\" \/>\n<meta name=\"author\" content=\"David H\u00f8jmark\" \/>\n<meta name=\"twitter:card\" content=\"summary_large_image\" \/>\n<meta name=\"twitter:label1\" content=\"Skrevet af\" \/>\n\t<meta name=\"twitter:data1\" content=\"David H\u00f8jmark\" \/>\n<script type=\"application\/ld+json\" class=\"yoast-schema-graph\">{\"@context\":\"https:\/\/schema.org\",\"@graph\":[{\"@type\":\"Article\",\"@id\":\"https:\/\/kunmedierne.dk\/mors\/kutter-maatte-efterlades-under-vand\/#article\",\"isPartOf\":{\"@id\":\"https:\/\/kunmedierne.dk\/mors\/kutter-maatte-efterlades-under-vand\/\"},\"author\":{\"name\":\"David H\u00f8jmark\",\"@id\":\"https:\/\/kunmedierne.dk\/mors\/#\/schema\/person\/5fe23251bf1d0abbcdc6f7896579d548\"},\"headline\":\"Kutter m\u00e5tte efterlades under vand\",\"datePublished\":\"2020-02-12T10:42:01+00:00\",\"dateModified\":\"2024-08-12T12:07:39+00:00\",\"mainEntityOfPage\":{\"@id\":\"https:\/\/kunmedierne.dk\/mors\/kutter-maatte-efterlades-under-vand\/\"},\"wordCount\":90,\"commentCount\":0,\"publisher\":{\"@id\":\"https:\/\/kunmedierne.dk\/mors\/#organization\"},\"image\":{\"@id\":\"https:\/\/kunmedierne.dk\/mors\/kutter-maatte-efterlades-under-vand\/#primaryimage\"},\"thumbnailUrl\":\"https:\/\/kunmedierne.dk\/mors\/wp-content\/uploads\/2020\/02\/200211-kutter.jpg\",\"articleSection\":[\"Lokalt\"],\"inLanguage\":\"da-DK\",\"potentialAction\":[{\"@type\":\"CommentAction\",\"name\":\"Comment\",\"target\":[\"https:\/\/kunmedierne.dk\/mors\/kutter-maatte-efterlades-under-vand\/#respond\"]}]},{\"@type\":\"WebPage\",\"@id\":\"https:\/\/kunmedierne.dk\/mors\/kutter-maatte-efterlades-under-vand\/\",\"url\":\"https:\/\/kunmedierne.dk\/mors\/kutter-maatte-efterlades-under-vand\/\",\"name\":\"Kutter m\u00e5tte efterlades under vand - Mors\",\"isPartOf\":{\"@id\":\"https:\/\/kunmedierne.dk\/mors\/#website\"},\"primaryImageOfPage\":{\"@id\":\"https:\/\/kunmedierne.dk\/mors\/kutter-maatte-efterlades-under-vand\/#primaryimage\"},\"image\":{\"@id\":\"https:\/\/kunmedierne.dk\/mors\/kutter-maatte-efterlades-under-vand\/#primaryimage\"},\"thumbnailUrl\":\"https:\/\/kunmedierne.dk\/mors\/wp-content\/uploads\/2020\/02\/200211-kutter.jpg\",\"datePublished\":\"2020-02-12T10:42:01+00:00\",\"dateModified\":\"2024-08-12T12:07:39+00:00\",\"breadcrumb\":{\"@id\":\"https:\/\/kunmedierne.dk\/mors\/kutter-maatte-efterlades-under-vand\/#breadcrumb\"},\"inLanguage\":\"da-DK\",\"potentialAction\":[{\"@type\":\"ReadAction\",\"target\":[\"https:\/\/kunmedierne.dk\/mors\/kutter-maatte-efterlades-under-vand\/\"]}]},{\"@type\":\"ImageObject\",\"inLanguage\":\"da-DK\",\"@id\":\"https:\/\/kunmedierne.dk\/mors\/kutter-maatte-efterlades-under-vand\/#primaryimage\",\"url\":\"https:\/\/kunmedierne.dk\/mors\/wp-content\/uploads\/2020\/02\/200211-kutter.jpg\",\"contentUrl\":\"https:\/\/kunmedierne.dk\/mors\/wp-content\/uploads\/2020\/02\/200211-kutter.jpg\",\"width\":770,\"height\":550,\"caption\":\"Kutteren blev tilset og efterladt. Foto: Lene Shannon.\"},{\"@type\":\"BreadcrumbList\",\"@id\":\"https:\/\/kunmedierne.dk\/mors\/kutter-maatte-efterlades-under-vand\/#breadcrumb\",\"itemListElement\":[{\"@type\":\"ListItem\",\"position\":1,\"name\":\"Hjem\",\"item\":\"https:\/\/kunmedierne.dk\/mors\/\"},{\"@type\":\"ListItem\",\"position\":2,\"name\":\"Kutter m\u00e5tte efterlades under vand\"}]},{\"@type\":\"WebSite\",\"@id\":\"https:\/\/kunmedierne.dk\/mors\/#website\",\"url\":\"https:\/\/kunmedierne.dk\/mors\/\",\"name\":\"Mors\",\"description\":\"et netmedie med journalistik om livet p\u00e5 Mors\",\"publisher\":{\"@id\":\"https:\/\/kunmedierne.dk\/mors\/#organization\"},\"potentialAction\":[{\"@type\":\"SearchAction\",\"target\":{\"@type\":\"EntryPoint\",\"urlTemplate\":\"https:\/\/kunmedierne.dk\/mors\/?s={search_term_string}\"},\"query-input\":{\"@type\":\"PropertyValueSpecification\",\"valueRequired\":true,\"valueName\":\"search_term_string\"}}],\"inLanguage\":\"da-DK\"},{\"@type\":\"Organization\",\"@id\":\"https:\/\/kunmedierne.dk\/mors\/#organization\",\"name\":\"Mors\",\"url\":\"https:\/\/kunmedierne.dk\/mors\/\",\"logo\":{\"@type\":\"ImageObject\",\"inLanguage\":\"da-DK\",\"@id\":\"https:\/\/kunmedierne.dk\/mors\/#\/schema\/logo\/image\/\",\"url\":\"https:\/\/kunmedierne.dk\/mors\/wp-content\/uploads\/2024\/08\/kunmors-logo.svg\",\"contentUrl\":\"https:\/\/kunmedierne.dk\/mors\/wp-content\/uploads\/2024\/08\/kunmors-logo.svg\",\"caption\":\"Mors\"},\"image\":{\"@id\":\"https:\/\/kunmedierne.dk\/mors\/#\/schema\/logo\/image\/\"}},{\"@type\":\"Person\",\"@id\":\"https:\/\/kunmedierne.dk\/mors\/#\/schema\/person\/5fe23251bf1d0abbcdc6f7896579d548\",\"name\":\"David H\u00f8jmark\",\"image\":{\"@type\":\"ImageObject\",\"inLanguage\":\"da-DK\",\"@id\":\"https:\/\/kunmedierne.dk\/mors\/#\/schema\/person\/image\/\",\"url\":\"https:\/\/secure.gravatar.com\/avatar\/4315d6fb9ef244d729989f5f90268eb08d5bf8a3d84402f595fa194bb35784fd?s=96&d=mm&r=g\",\"contentUrl\":\"https:\/\/secure.gravatar.com\/avatar\/4315d6fb9ef244d729989f5f90268eb08d5bf8a3d84402f595fa194bb35784fd?s=96&d=mm&r=g\",\"caption\":\"David H\u00f8jmark\"},\"sameAs\":[\"https:\/\/www.kunmedierne.dk\"],\"url\":\"https:\/\/kunmedierne.dk\/mors\/author\/david\/\"}]}<\/script>\n<!-- \/ Yoast SEO plugin. -->","yoast_head_json":{"title":"Kutter m\u00e5tte efterlades under vand - Mors","robots":{"index":"index","follow":"follow","max-snippet":"max-snippet:-1","max-image-preview":"max-image-preview:large","max-video-preview":"max-video-preview:-1"},"canonical":"https:\/\/kunmedierne.dk\/mors\/kutter-maatte-efterlades-under-vand\/","og_locale":"da_DK","og_type":"article","og_title":"Kutter m\u00e5tte efterlades under vand - Mors","og_description":"NYK\u00d8BING: H\u00e6vningen af en kutter p\u00e5 havnen i Nyk\u00f8bing m\u00e5tte i g\u00e5r afbrydes i al hast, da Nordjyllands Beredskab blev kaldt til en akutopgave i Thy. Kutteren har st\u00e5et under vand i et par uger, og derfor var et dykkerberedskab fra Aalborg taget til Nyk\u00f8bing for at kigge p\u00e5 den. Men if\u00f8lge Nordjyllands Beredskab m\u00e5tte [&hellip;]","og_url":"https:\/\/kunmedierne.dk\/mors\/kutter-maatte-efterlades-under-vand\/","og_site_name":"Mors","article_published_time":"2020-02-12T10:42:01+00:00","article_modified_time":"2024-08-12T12:07:39+00:00","og_image":[{"width":770,"height":550,"url":"https:\/\/kunmedierne.dk\/mors\/wp-content\/uploads\/2020\/02\/200211-kutter.jpg","type":"image\/jpeg"}],"author":"David H\u00f8jmark","twitter_card":"summary_large_image","twitter_misc":{"Skrevet af":"David H\u00f8jmark"},"schema":{"@context":"https:\/\/schema.org","@graph":[{"@type":"Article","@id":"https:\/\/kunmedierne.dk\/mors\/kutter-maatte-efterlades-under-vand\/#article","isPartOf":{"@id":"https:\/\/kunmedierne.dk\/mors\/kutter-maatte-efterlades-under-vand\/"},"author":{"name":"David H\u00f8jmark","@id":"https:\/\/kunmedierne.dk\/mors\/#\/schema\/person\/5fe23251bf1d0abbcdc6f7896579d548"},"headline":"Kutter m\u00e5tte efterlades under vand","datePublished":"2020-02-12T10:42:01+00:00","dateModified":"2024-08-12T12:07:39+00:00","mainEntityOfPage":{"@id":"https:\/\/kunmedierne.dk\/mors\/kutter-maatte-efterlades-under-vand\/"},"wordCount":90,"commentCount":0,"publisher":{"@id":"https:\/\/kunmedierne.dk\/mors\/#organization"},"image":{"@id":"https:\/\/kunmedierne.dk\/mors\/kutter-maatte-efterlades-under-vand\/#primaryimage"},"thumbnailUrl":"https:\/\/kunmedierne.dk\/mors\/wp-content\/uploads\/2020\/02\/200211-kutter.jpg","articleSection":["Lokalt"],"inLanguage":"da-DK","potentialAction":[{"@type":"CommentAction","name":"Comment","target":["https:\/\/kunmedierne.dk\/mors\/kutter-maatte-efterlades-under-vand\/#respond"]}]},{"@type":"WebPage","@id":"https:\/\/kunmedierne.dk\/mors\/kutter-maatte-efterlades-under-vand\/","url":"https:\/\/kunmedierne.dk\/mors\/kutter-maatte-efterlades-under-vand\/","name":"Kutter m\u00e5tte efterlades under vand - Mors","isPartOf":{"@id":"https:\/\/kunmedierne.dk\/mors\/#website"},"primaryImageOfPage":{"@id":"https:\/\/kunmedierne.dk\/mors\/kutter-maatte-efterlades-under-vand\/#primaryimage"},"image":{"@id":"https:\/\/kunmedierne.dk\/mors\/kutter-maatte-efterlades-under-vand\/#primaryimage"},"thumbnailUrl":"https:\/\/kunmedierne.dk\/mors\/wp-content\/uploads\/2020\/02\/200211-kutter.jpg","datePublished":"2020-02-12T10:42:01+00:00","dateModified":"2024-08-12T12:07:39+00:00","breadcrumb":{"@id":"https:\/\/kunmedierne.dk\/mors\/kutter-maatte-efterlades-under-vand\/#breadcrumb"},"inLanguage":"da-DK","potentialAction":[{"@type":"ReadAction","target":["https:\/\/kunmedierne.dk\/mors\/kutter-maatte-efterlades-under-vand\/"]}]},{"@type":"ImageObject","inLanguage":"da-DK","@id":"https:\/\/kunmedierne.dk\/mors\/kutter-maatte-efterlades-under-vand\/#primaryimage","url":"https:\/\/kunmedierne.dk\/mors\/wp-content\/uploads\/2020\/02\/200211-kutter.jpg","contentUrl":"https:\/\/kunmedierne.dk\/mors\/wp-content\/uploads\/2020\/02\/200211-kutter.jpg","width":770,"height":550,"caption":"Kutteren blev tilset og efterladt. Foto: Lene Shannon."},{"@type":"BreadcrumbList","@id":"https:\/\/kunmedierne.dk\/mors\/kutter-maatte-efterlades-under-vand\/#breadcrumb","itemListElement":[{"@type":"ListItem","position":1,"name":"Hjem","item":"https:\/\/kunmedierne.dk\/mors\/"},{"@type":"ListItem","position":2,"name":"Kutter m\u00e5tte efterlades under vand"}]},{"@type":"WebSite","@id":"https:\/\/kunmedierne.dk\/mors\/#website","url":"https:\/\/kunmedierne.dk\/mors\/","name":"Mors","description":"et netmedie med journalistik om livet p\u00e5 Mors","publisher":{"@id":"https:\/\/kunmedierne.dk\/mors\/#organization"},"potentialAction":[{"@type":"SearchAction","target":{"@type":"EntryPoint","urlTemplate":"https:\/\/kunmedierne.dk\/mors\/?s={search_term_string}"},"query-input":{"@type":"PropertyValueSpecification","valueRequired":true,"valueName":"search_term_string"}}],"inLanguage":"da-DK"},{"@type":"Organization","@id":"https:\/\/kunmedierne.dk\/mors\/#organization","name":"Mors","url":"https:\/\/kunmedierne.dk\/mors\/","logo":{"@type":"ImageObject","inLanguage":"da-DK","@id":"https:\/\/kunmedierne.dk\/mors\/#\/schema\/logo\/image\/","url":"https:\/\/kunmedierne.dk\/mors\/wp-content\/uploads\/2024\/08\/kunmors-logo.svg","contentUrl":"https:\/\/kunmedierne.dk\/mors\/wp-content\/uploads\/2024\/08\/kunmors-logo.svg","caption":"Mors"},"image":{"@id":"https:\/\/kunmedierne.dk\/mors\/#\/schema\/logo\/image\/"}},{"@type":"Person","@id":"https:\/\/kunmedierne.dk\/mors\/#\/schema\/person\/5fe23251bf1d0abbcdc6f7896579d548","name":"David H\u00f8jmark","image":{"@type":"ImageObject","inLanguage":"da-DK","@id":"https:\/\/kunmedierne.dk\/mors\/#\/schema\/person\/image\/","url":"https:\/\/secure.gravatar.com\/avatar\/4315d6fb9ef244d729989f5f90268eb08d5bf8a3d84402f595fa194bb35784fd?s=96&d=mm&r=g","contentUrl":"https:\/\/secure.gravatar.com\/avatar\/4315d6fb9ef244d729989f5f90268eb08d5bf8a3d84402f595fa194bb35784fd?s=96&d=mm&r=g","caption":"David H\u00f8jmark"},"sameAs":["https:\/\/www.kunmedierne.dk"],"url":"https:\/\/kunmedierne.dk\/mors\/author\/david\/"}]}},"_links":{"self":[{"href":"https:\/\/kunmedierne.dk\/mors\/wp-json\/wp\/v2\/posts\/7172","targetHints":{"allow":["GET"]}}],"collection":[{"href":"https:\/\/kunmedierne.dk\/mors\/wp-json\/wp\/v2\/posts"}],"about":[{"href":"https:\/\/kunmedierne.dk\/mors\/wp-json\/wp\/v2\/types\/post"}],"author":[{"embeddable":true,"href":"https:\/\/kunmedierne.dk\/mors\/wp-json\/wp\/v2\/users\/8"}],"replies":[{"embeddable":true,"href":"https:\/\/kunmedierne.dk\/mors\/wp-json\/wp\/v2\/comments?post=7172"}],"version-history":[{"count":2,"href":"https:\/\/kunmedierne.dk\/mors\/wp-json\/wp\/v2\/posts\/7172\/revisions"}],"predecessor-version":[{"id":7205,"href":"https:\/\/kunmedierne.dk\/mors\/wp-json\/wp\/v2\/posts\/7172\/revisions\/7205"}],"wp:featuredmedia":[{"embeddable":true,"href":"https:\/\/kunmedierne.dk\/mors\/wp-json\/wp\/v2\/media\/7173"}],"wp:attachment":[{"href":"https:\/\/kunmedierne.dk\/mors\/wp-json\/wp\/v2\/media?parent=7172"}],"wp:term":[{"taxonomy":"category","embeddable":true,"href":"https:\/\/kunmedierne.dk\/mors\/wp-json\/wp\/v2\/categories?post=7172"},{"taxonomy":"post_tag","embeddable":true,"href":"https:\/\/kunmedierne.dk\/mors\/wp-json\/wp\/v2\/tags?post=7172"}],"curies":[{"name":"wp","href":"https:\/\/api.w.org\/{rel}","templated":true}]}}