{"id":71358,"date":"2022-06-07T15:10:09","date_gmt":"2022-06-07T13:10:09","guid":{"rendered":"https:\/\/kunmedierne.dk\/mors\/?p=71358"},"modified":"2024-08-12T13:27:57","modified_gmt":"2024-08-12T11:27:57","slug":"efter-stor-skaldyrsfestival-vi-begynder-at-slaa-os-fast-som-en-national-begivenhed","status":"publish","type":"post","link":"https:\/\/kunmedierne.dk\/mors\/efter-stor-skaldyrsfestival-vi-begynder-at-slaa-os-fast-som-en-national-begivenhed\/","title":{"rendered":"Efter stor skaldyrsfestival: &#8220;Vi begynder at sl\u00e5 os fast som en national begivenhed&#8221;"},"content":{"rendered":"<p><b>MORS<\/b>: Skaldyrsfestivalen appellerer mere og mere nationalt.<\/p>\n<p>S\u00e5dan lyder det fra Lars Tang, formand for foreningen bag den lokale begivenhed, der i weekenden var tilbage i topform oven p\u00e5 coronaens bensp\u00e6nd.<\/p>\n<p>Det var i en udgave, der vakte tilfredshed hos b\u00e5de deltagere og arrang\u00f8rer. Og med en lang og smuk l\u00f8rdag med et sommervejr, der n\u00e6rmest\u00a0syntes at v\u00e6re bestilt hos de h\u00f8jere magter.<\/p>\n<p>&#8220;Vi har ogs\u00e5 et bestyrelsesmedlem, der sidder i menighedsr\u00e5det. Det hj\u00e6lper selvf\u00f8lgelig lidt,&#8221; lyder det med et grin fra Lars Tang, som ogs\u00e5 har grund til det gode hum\u00f8r.<\/p>\n<p>&#8220;Det har v\u00e6ret en fantastisk festival. Der har v\u00e6ret fuldst\u00e6ndig vanvittig mange g\u00e6ster forbi,&#8221; siger han.<\/p>\n<p>&nbsp;<\/p>\n<p><strong>Mange g\u00e6ster udefra<\/strong><\/p>\n<p>Den begyndte dog lidt k\u00f8ligt med en r\u00e5kold fredag. Men det forhindrede ikke stort bes\u00f8g til grillfesten, som i \u00e5r ogs\u00e5 b\u00f8d p\u00e5 dampede muslinger og fish and chips.<\/p>\n<a class=\"dvrt-link\" onClick=\"cdmtrack_click(116504,jQuery(this));return false\" href=\"https:\/\/www.nybolig.dk\/ejendomsmaeglere\/nordvestjylland\/nybolig-morsoe-nykoebing-mors\"><img decoding=\"async\" style=\"width:100%;\" src=\"https:\/\/kunmedierne.dk\/mors\/wp-content\/uploads\/2024\/04\/250825Nybolig.jpg\"><\/a><script>cdmtrack_view(116504);<\/script>\n<p>Og dagen efter var b\u00e5de Havnen, Pakhustorvet, Kirketorvet og g\u00e5gaden i det hele taget fyldt med glade mennesker.<\/p>\n<p>&#8220;Vi kan godt sige, at der blev sat rekord. Jeg kan ikke sige, om der var 18.000 eller 20.000. Vi er n\u00f8dt til at se, hvad vi har solgt af portioner, f\u00f8r vi kan sp\u00e5 om det p\u00e5 seri\u00f8s basis, men der var rigtig, rigtig mange mennesker igennem. Der var liv p\u00e5 begge havne og fyldt op oppe p\u00e5 torvet &#8211; s\u00e5 det var fantastisk,&#8221; siger Lars Tang.<\/p>\n<p>Han gl\u00e6der sig ikke mindst over, at bes\u00f8gstallet fra g\u00e6ster andre steder i landet s\u00e5 ud til at v\u00e6re meget st\u00f8rre end tidligere.<\/p>\n<p>&#8220;Det g\u00e5r i den retning, vi \u00f8nsker at f\u00e5 det til at g\u00e5. Turistkontoret, hotellerne, vandrerhjemmene og bed &amp; breakfast var jo stuvende fulde og har v\u00e6ret det i lang tid. S\u00e5 vi f\u00e5r lokket folk til Mors og f\u00e5r vist dem, hvad Mors kan &#8211; og hvad vi har af ressourcer og r\u00e5varer. Vi f\u00e5r vist noget af det DNA, vi har her omkring frivillighed og ressourcer for fjorden,&#8221; siger han.<\/p>\n<a class=\"dvrt-link\" onClick=\"cdmtrack_click(114591,jQuery(this));return false\" href=\"https:\/\/www.facebook.com\/kopogkandemors\"><img decoding=\"async\" style=\"width:100%;\" src=\"https:\/\/kunmedierne.dk\/mors\/wp-content\/uploads\/2024\/03\/kop-og-kande-ja-tak-tilbud.jpg\"><\/a><script>cdmtrack_view(114591);<\/script>\n<p>Medvirkende til det var investering i reklamer p\u00e5 TV2 &#8211; med s\u00e6rlig fokus p\u00e5 omr\u00e5det med to timers k\u00f8rsel til Mors.<\/p>\n<p>&#8220;Om det er det, der har virket, eller om folk har en hunger efter at komme ud, ved vi jo ikke. Men i hvert fald har der v\u00e6ret utrolig mange mennesker. Rigtig mange har skrevet, at de kom fra Sdr. Omme, Fredericia og alle mulige steder. Og da vi havde uddeling af de sidste muslinger s\u00f8ndag, kom der ogs\u00e5 folk fra Randers, Viborg og Skive,&#8221; siger Lars Tang og tilf\u00f8jer:<\/p>\n<p>&#8220;Det siger noget om, at vi ikke er en havnefest. Det har vi heller aldrig g\u00e5et efter at v\u00e6re. Men vi begynder for alvor at sl\u00e5 os fast som en national begivenhed.&#8221;<\/p>\n<p>&nbsp;<\/p>\n<p><strong>Hvad med fremtiden?<\/strong><\/p>\n<p>Den f\u00f8rste skaldyrsfestival blev holdt i 2005, dengang med bes\u00f8gstal p\u00e5 et helt andet og beskedent niveau end nu. Det leder ogs\u00e5 til sp\u00f8rgsm\u00e5let, om foreningen bag den store event allerede har mere udvikling i tankerne.<\/p>\n<a class=\"dvrt-link\" onClick=\"cdmtrack_click(104778,jQuery(this));return false\" href=\"https:\/\/vester-begr.dk\/?gclid=CjwKCAjw5Kv7BRBSEiwAXGDElQB6WMfm9CgYVrruty-I1gaOkTkC3mlA4QRDtYNsxYgVC8sNzAJ7WhoCmBsQAvD_BwE\"><img decoding=\"async\" style=\"width:100%;\" src=\"https:\/\/kunmedierne.dk\/mors\/wp-content\/uploads\/2023\/10\/260203VesterHoukaer-02022026.jpg\"><\/a><script>cdmtrack_view(104778);<\/script>\n<p>&#8220;Nu skal vi lige holde en pause. Bestyrelsen skal hvile hovedet og f\u00e5 rettet op p\u00e5 de \u00f8mme kroppe og f\u00e5 solen ud af huden. S\u00e5 g\u00e5r vi i gang med at kigge p\u00e5 det efter generalforsamlingen,&#8221; siger Lars Tang, som p\u00e5 sp\u00f8rgsm\u00e5let, om en ekstra dag kunne komme p\u00e5 tale, siger:<\/p>\n<p>&#8220;Det kan godt blive aktuelt p\u00e5 et tidspunkt, men det vil kr\u00e6ve ressourcer, vi ikke har p\u00e5 nuv\u00e6rende tidspunkt. Det vil kr\u00e6ve flere frivillige, men det vil mere v\u00e6re i forhold til planl\u00e6gning og oprydning end selve afviklingen.&#8221;<\/p>\n<h5>L\u00c6S MERE: <a href=\"https:\/\/kunmedierne.dk\/mors\/det-er-fantastisk-og-det-er-jo-perfekt-vejr\/\">&#8220;Det er fantastisk! Og det er jo perfekt vejr!&#8221;<\/a><\/h5>\n<h5>L\u00c6S MERE: <a href=\"https:\/\/kunmedierne.dk\/mors\/og-saa-er-det-jo-fars-dag-i-morgen\/\">&#8220;Og s\u00e5 er det jo fars dag i morgen&#8230;&#8221;<\/a><\/h5>\n<h5>L\u00c6S MERE: <a href=\"https:\/\/kunmedierne.dk\/mors\/skaldyrsfestivalen-satser-paa-ny-rekord\/\">Skaldyrsfestivalen satser p\u00e5 ny rekord<\/a><\/h5>\n<a class=\"dvrt-link\" onClick=\"cdmtrack_click(104778,jQuery(this));return false\" href=\"https:\/\/vester-begr.dk\/?gclid=CjwKCAjw5Kv7BRBSEiwAXGDElQB6WMfm9CgYVrruty-I1gaOkTkC3mlA4QRDtYNsxYgVC8sNzAJ7WhoCmBsQAvD_BwE\"><img decoding=\"async\" style=\"width:100%;\" src=\"https:\/\/kunmedierne.dk\/mors\/wp-content\/uploads\/2023\/10\/260203VesterHoukaer-02022026.jpg\"><\/a><script>cdmtrack_view(104778);<\/script>\n<blockquote>\n<h5><b>S\u00c5 NEMT KAN DU F\u00d8LGE MED P\u00c5 KUNMORS: Tilmeld dig den gratis KunMors-avisen nederst p\u00e5 siden og f\u00e5 et dagligt og nemt overblik over d\u00f8gnets artikler.<\/b><\/h5>\n<\/blockquote>\n<a class=\"dvrt-link\" onClick=\"cdmtrack_click(114591,jQuery(this));return false\" href=\"https:\/\/www.facebook.com\/kopogkandemors\"><img decoding=\"async\" style=\"width:100%;\" src=\"https:\/\/kunmedierne.dk\/mors\/wp-content\/uploads\/2024\/03\/kop-og-kande-ja-tak-tilbud.jpg\"><\/a><script>cdmtrack_view(114591);<\/script>\n<div id=\"attachment_71363\" style=\"width: 780px\" class=\"wp-caption alignleft\"><img loading=\"lazy\" decoding=\"async\" aria-describedby=\"caption-attachment-71363\" class=\"size-full wp-image-71363\" src=\"https:\/\/kunmedierne.dk\/mors\/wp-content\/uploads\/2022\/06\/skaldyr2.jpg\" alt=\"\" width=\"770\" height=\"513\" srcset=\"https:\/\/kunmedierne.dk\/mors\/wp-content\/uploads\/2022\/06\/skaldyr2.jpg 770w, https:\/\/kunmedierne.dk\/mors\/wp-content\/uploads\/2022\/06\/skaldyr2-300x200.jpg 300w, https:\/\/kunmedierne.dk\/mors\/wp-content\/uploads\/2022\/06\/skaldyr2-768x512.jpg 768w, https:\/\/kunmedierne.dk\/mors\/wp-content\/uploads\/2022\/06\/skaldyr2-360x240.jpg 360w, https:\/\/kunmedierne.dk\/mors\/wp-content\/uploads\/2022\/06\/skaldyr2-600x400.jpg 600w\" sizes=\"auto, (max-width: 770px) 100vw, 770px\" \/><p id=\"caption-attachment-71363\" class=\"wp-caption-text\">Der var mange aktiviteter at forlyste sig med &#8211; ogs\u00e5 for de mindste.<\/p><\/div>\n<a class=\"dvrt-link\" onClick=\"cdmtrack_click(104779,jQuery(this));return false\" href=\"https:\/\/morsoe-begravelsesforretning.dk\/\"><img decoding=\"async\" style=\"width:100%;\" src=\"https:\/\/kunmedierne.dk\/mors\/wp-content\/uploads\/2023\/11\/251215-morsoe-begravelsesforretning.jpg\"><\/a><script>cdmtrack_view(104779);<\/script>\n<div id=\"attachment_71364\" style=\"width: 780px\" class=\"wp-caption alignleft\"><img loading=\"lazy\" decoding=\"async\" aria-describedby=\"caption-attachment-71364\" class=\"size-full wp-image-71364\" src=\"https:\/\/kunmedierne.dk\/mors\/wp-content\/uploads\/2022\/06\/skaldyr3.jpg\" alt=\"\" width=\"770\" height=\"513\" srcset=\"https:\/\/kunmedierne.dk\/mors\/wp-content\/uploads\/2022\/06\/skaldyr3.jpg 770w, https:\/\/kunmedierne.dk\/mors\/wp-content\/uploads\/2022\/06\/skaldyr3-300x200.jpg 300w, https:\/\/kunmedierne.dk\/mors\/wp-content\/uploads\/2022\/06\/skaldyr3-768x512.jpg 768w, https:\/\/kunmedierne.dk\/mors\/wp-content\/uploads\/2022\/06\/skaldyr3-360x240.jpg 360w, https:\/\/kunmedierne.dk\/mors\/wp-content\/uploads\/2022\/06\/skaldyr3-600x400.jpg 600w\" sizes=\"auto, (max-width: 770px) 100vw, 770px\" \/><p id=\"caption-attachment-71364\" class=\"wp-caption-text\">De kulinariske specialiteter var fristende som altid.<\/p><\/div>\n","protected":false},"excerpt":{"rendered":"<p>MORS: Skaldyrsfestivalen appellerer mere og mere nationalt. S\u00e5dan lyder det fra Lars Tang, formand for foreningen bag den lokale begivenhed, der i weekenden var tilbage i topform oven p\u00e5 coronaens bensp\u00e6nd. Det var i en udgave, der vakte tilfredshed hos b\u00e5de deltagere og arrang\u00f8rer. Og med en lang og smuk l\u00f8rdag med et sommervejr, der [&hellip;]<\/p>\n","protected":false},"author":8,"featured_media":71362,"comment_status":"closed","ping_status":"open","sticky":false,"template":"","format":"standard","meta":{"_acf_changed":false,"footnotes":""},"categories":[51],"tags":[169],"class_list":["post-71358","post","type-post","status-publish","format-standard","has-post-thumbnail","hentry","category-lokalt","tag-skaldyr"],"acf":[],"yoast_head":"<!-- This site is optimized with the Yoast SEO plugin v26.8 - https:\/\/yoast.com\/product\/yoast-seo-wordpress\/ -->\n<title>Efter stor skaldyrsfestival: &quot;Vi begynder at sl\u00e5 os fast som en national begivenhed&quot; - Mors<\/title>\n<meta name=\"robots\" content=\"index, follow, max-snippet:-1, max-image-preview:large, max-video-preview:-1\" \/>\n<link rel=\"canonical\" href=\"https:\/\/kunmedierne.dk\/mors\/efter-stor-skaldyrsfestival-vi-begynder-at-slaa-os-fast-som-en-national-begivenhed\/\" \/>\n<meta property=\"og:locale\" content=\"da_DK\" \/>\n<meta property=\"og:type\" content=\"article\" \/>\n<meta property=\"og:title\" content=\"Efter stor skaldyrsfestival: &quot;Vi begynder at sl\u00e5 os fast som en national begivenhed&quot; - Mors\" \/>\n<meta property=\"og:description\" content=\"MORS: Skaldyrsfestivalen appellerer mere og mere nationalt. S\u00e5dan lyder det fra Lars Tang, formand for foreningen bag den lokale begivenhed, der i weekenden var tilbage i topform oven p\u00e5 coronaens bensp\u00e6nd. Det var i en udgave, der vakte tilfredshed hos b\u00e5de deltagere og arrang\u00f8rer. Og med en lang og smuk l\u00f8rdag med et sommervejr, der [&hellip;]\" \/>\n<meta property=\"og:url\" content=\"https:\/\/kunmedierne.dk\/mors\/efter-stor-skaldyrsfestival-vi-begynder-at-slaa-os-fast-som-en-national-begivenhed\/\" \/>\n<meta property=\"og:site_name\" content=\"Mors\" \/>\n<meta property=\"article:published_time\" content=\"2022-06-07T13:10:09+00:00\" \/>\n<meta property=\"article:modified_time\" content=\"2024-08-12T11:27:57+00:00\" \/>\n<meta property=\"og:image\" content=\"https:\/\/kunmedierne.dk\/mors\/wp-content\/uploads\/2022\/06\/skaldyr1.jpg\" \/>\n\t<meta property=\"og:image:width\" content=\"770\" \/>\n\t<meta property=\"og:image:height\" content=\"513\" \/>\n\t<meta property=\"og:image:type\" content=\"image\/jpeg\" \/>\n<meta name=\"author\" content=\"David H\u00f8jmark\" \/>\n<meta name=\"twitter:card\" content=\"summary_large_image\" \/>\n<meta name=\"twitter:label1\" content=\"Skrevet af\" \/>\n\t<meta name=\"twitter:data1\" content=\"David H\u00f8jmark\" \/>\n\t<meta name=\"twitter:label2\" content=\"Estimeret l\u00e6setid\" \/>\n\t<meta name=\"twitter:data2\" content=\"4 minutter\" \/>\n<script type=\"application\/ld+json\" class=\"yoast-schema-graph\">{\"@context\":\"https:\/\/schema.org\",\"@graph\":[{\"@type\":\"Article\",\"@id\":\"https:\/\/kunmedierne.dk\/mors\/efter-stor-skaldyrsfestival-vi-begynder-at-slaa-os-fast-som-en-national-begivenhed\/#article\",\"isPartOf\":{\"@id\":\"https:\/\/kunmedierne.dk\/mors\/efter-stor-skaldyrsfestival-vi-begynder-at-slaa-os-fast-som-en-national-begivenhed\/\"},\"author\":{\"name\":\"David H\u00f8jmark\",\"@id\":\"https:\/\/kunmedierne.dk\/mors\/#\/schema\/person\/5fe23251bf1d0abbcdc6f7896579d548\"},\"headline\":\"Efter stor skaldyrsfestival: &#8220;Vi begynder at sl\u00e5 os fast som en national begivenhed&#8221;\",\"datePublished\":\"2022-06-07T13:10:09+00:00\",\"dateModified\":\"2024-08-12T11:27:57+00:00\",\"mainEntityOfPage\":{\"@id\":\"https:\/\/kunmedierne.dk\/mors\/efter-stor-skaldyrsfestival-vi-begynder-at-slaa-os-fast-som-en-national-begivenhed\/\"},\"wordCount\":749,\"publisher\":{\"@id\":\"https:\/\/kunmedierne.dk\/mors\/#organization\"},\"image\":{\"@id\":\"https:\/\/kunmedierne.dk\/mors\/efter-stor-skaldyrsfestival-vi-begynder-at-slaa-os-fast-som-en-national-begivenhed\/#primaryimage\"},\"thumbnailUrl\":\"https:\/\/kunmedierne.dk\/mors\/wp-content\/uploads\/2022\/06\/skaldyr1.jpg\",\"keywords\":[\"Skaldyr\"],\"articleSection\":[\"Lokalt\"],\"inLanguage\":\"da-DK\"},{\"@type\":\"WebPage\",\"@id\":\"https:\/\/kunmedierne.dk\/mors\/efter-stor-skaldyrsfestival-vi-begynder-at-slaa-os-fast-som-en-national-begivenhed\/\",\"url\":\"https:\/\/kunmedierne.dk\/mors\/efter-stor-skaldyrsfestival-vi-begynder-at-slaa-os-fast-som-en-national-begivenhed\/\",\"name\":\"Efter stor skaldyrsfestival: \\\"Vi begynder at sl\u00e5 os fast som en national begivenhed\\\" - Mors\",\"isPartOf\":{\"@id\":\"https:\/\/kunmedierne.dk\/mors\/#website\"},\"primaryImageOfPage\":{\"@id\":\"https:\/\/kunmedierne.dk\/mors\/efter-stor-skaldyrsfestival-vi-begynder-at-slaa-os-fast-som-en-national-begivenhed\/#primaryimage\"},\"image\":{\"@id\":\"https:\/\/kunmedierne.dk\/mors\/efter-stor-skaldyrsfestival-vi-begynder-at-slaa-os-fast-som-en-national-begivenhed\/#primaryimage\"},\"thumbnailUrl\":\"https:\/\/kunmedierne.dk\/mors\/wp-content\/uploads\/2022\/06\/skaldyr1.jpg\",\"datePublished\":\"2022-06-07T13:10:09+00:00\",\"dateModified\":\"2024-08-12T11:27:57+00:00\",\"breadcrumb\":{\"@id\":\"https:\/\/kunmedierne.dk\/mors\/efter-stor-skaldyrsfestival-vi-begynder-at-slaa-os-fast-som-en-national-begivenhed\/#breadcrumb\"},\"inLanguage\":\"da-DK\",\"potentialAction\":[{\"@type\":\"ReadAction\",\"target\":[\"https:\/\/kunmedierne.dk\/mors\/efter-stor-skaldyrsfestival-vi-begynder-at-slaa-os-fast-som-en-national-begivenhed\/\"]}]},{\"@type\":\"ImageObject\",\"inLanguage\":\"da-DK\",\"@id\":\"https:\/\/kunmedierne.dk\/mors\/efter-stor-skaldyrsfestival-vi-begynder-at-slaa-os-fast-som-en-national-begivenhed\/#primaryimage\",\"url\":\"https:\/\/kunmedierne.dk\/mors\/wp-content\/uploads\/2022\/06\/skaldyr1.jpg\",\"contentUrl\":\"https:\/\/kunmedierne.dk\/mors\/wp-content\/uploads\/2022\/06\/skaldyr1.jpg\",\"width\":770,\"height\":513,\"caption\":\"B\u00e5de morsingboer og g\u00e6ster udefra valfartede til Skaldyrsfestival 2022. Foto: Skaldyrsfestivalen\"},{\"@type\":\"BreadcrumbList\",\"@id\":\"https:\/\/kunmedierne.dk\/mors\/efter-stor-skaldyrsfestival-vi-begynder-at-slaa-os-fast-som-en-national-begivenhed\/#breadcrumb\",\"itemListElement\":[{\"@type\":\"ListItem\",\"position\":1,\"name\":\"Hjem\",\"item\":\"https:\/\/kunmedierne.dk\/mors\/\"},{\"@type\":\"ListItem\",\"position\":2,\"name\":\"Efter stor skaldyrsfestival: &#8220;Vi begynder at sl\u00e5 os fast som en national begivenhed&#8221;\"}]},{\"@type\":\"WebSite\",\"@id\":\"https:\/\/kunmedierne.dk\/mors\/#website\",\"url\":\"https:\/\/kunmedierne.dk\/mors\/\",\"name\":\"Mors\",\"description\":\"et netmedie med journalistik om livet p\u00e5 Mors\",\"publisher\":{\"@id\":\"https:\/\/kunmedierne.dk\/mors\/#organization\"},\"potentialAction\":[{\"@type\":\"SearchAction\",\"target\":{\"@type\":\"EntryPoint\",\"urlTemplate\":\"https:\/\/kunmedierne.dk\/mors\/?s={search_term_string}\"},\"query-input\":{\"@type\":\"PropertyValueSpecification\",\"valueRequired\":true,\"valueName\":\"search_term_string\"}}],\"inLanguage\":\"da-DK\"},{\"@type\":\"Organization\",\"@id\":\"https:\/\/kunmedierne.dk\/mors\/#organization\",\"name\":\"Mors\",\"url\":\"https:\/\/kunmedierne.dk\/mors\/\",\"logo\":{\"@type\":\"ImageObject\",\"inLanguage\":\"da-DK\",\"@id\":\"https:\/\/kunmedierne.dk\/mors\/#\/schema\/logo\/image\/\",\"url\":\"https:\/\/kunmedierne.dk\/mors\/wp-content\/uploads\/2024\/08\/kunmors-logo.svg\",\"contentUrl\":\"https:\/\/kunmedierne.dk\/mors\/wp-content\/uploads\/2024\/08\/kunmors-logo.svg\",\"caption\":\"Mors\"},\"image\":{\"@id\":\"https:\/\/kunmedierne.dk\/mors\/#\/schema\/logo\/image\/\"}},{\"@type\":\"Person\",\"@id\":\"https:\/\/kunmedierne.dk\/mors\/#\/schema\/person\/5fe23251bf1d0abbcdc6f7896579d548\",\"name\":\"David H\u00f8jmark\",\"image\":{\"@type\":\"ImageObject\",\"inLanguage\":\"da-DK\",\"@id\":\"https:\/\/kunmedierne.dk\/mors\/#\/schema\/person\/image\/\",\"url\":\"https:\/\/secure.gravatar.com\/avatar\/4315d6fb9ef244d729989f5f90268eb08d5bf8a3d84402f595fa194bb35784fd?s=96&d=mm&r=g\",\"contentUrl\":\"https:\/\/secure.gravatar.com\/avatar\/4315d6fb9ef244d729989f5f90268eb08d5bf8a3d84402f595fa194bb35784fd?s=96&d=mm&r=g\",\"caption\":\"David H\u00f8jmark\"},\"sameAs\":[\"https:\/\/www.kunmedierne.dk\"],\"url\":\"https:\/\/kunmedierne.dk\/mors\/author\/david\/\"}]}<\/script>\n<!-- \/ Yoast SEO plugin. -->","yoast_head_json":{"title":"Efter stor skaldyrsfestival: \"Vi begynder at sl\u00e5 os fast som en national begivenhed\" - Mors","robots":{"index":"index","follow":"follow","max-snippet":"max-snippet:-1","max-image-preview":"max-image-preview:large","max-video-preview":"max-video-preview:-1"},"canonical":"https:\/\/kunmedierne.dk\/mors\/efter-stor-skaldyrsfestival-vi-begynder-at-slaa-os-fast-som-en-national-begivenhed\/","og_locale":"da_DK","og_type":"article","og_title":"Efter stor skaldyrsfestival: \"Vi begynder at sl\u00e5 os fast som en national begivenhed\" - Mors","og_description":"MORS: Skaldyrsfestivalen appellerer mere og mere nationalt. S\u00e5dan lyder det fra Lars Tang, formand for foreningen bag den lokale begivenhed, der i weekenden var tilbage i topform oven p\u00e5 coronaens bensp\u00e6nd. Det var i en udgave, der vakte tilfredshed hos b\u00e5de deltagere og arrang\u00f8rer. Og med en lang og smuk l\u00f8rdag med et sommervejr, der [&hellip;]","og_url":"https:\/\/kunmedierne.dk\/mors\/efter-stor-skaldyrsfestival-vi-begynder-at-slaa-os-fast-som-en-national-begivenhed\/","og_site_name":"Mors","article_published_time":"2022-06-07T13:10:09+00:00","article_modified_time":"2024-08-12T11:27:57+00:00","og_image":[{"width":770,"height":513,"url":"https:\/\/kunmedierne.dk\/mors\/wp-content\/uploads\/2022\/06\/skaldyr1.jpg","type":"image\/jpeg"}],"author":"David H\u00f8jmark","twitter_card":"summary_large_image","twitter_misc":{"Skrevet af":"David H\u00f8jmark","Estimeret l\u00e6setid":"4 minutter"},"schema":{"@context":"https:\/\/schema.org","@graph":[{"@type":"Article","@id":"https:\/\/kunmedierne.dk\/mors\/efter-stor-skaldyrsfestival-vi-begynder-at-slaa-os-fast-som-en-national-begivenhed\/#article","isPartOf":{"@id":"https:\/\/kunmedierne.dk\/mors\/efter-stor-skaldyrsfestival-vi-begynder-at-slaa-os-fast-som-en-national-begivenhed\/"},"author":{"name":"David H\u00f8jmark","@id":"https:\/\/kunmedierne.dk\/mors\/#\/schema\/person\/5fe23251bf1d0abbcdc6f7896579d548"},"headline":"Efter stor skaldyrsfestival: &#8220;Vi begynder at sl\u00e5 os fast som en national begivenhed&#8221;","datePublished":"2022-06-07T13:10:09+00:00","dateModified":"2024-08-12T11:27:57+00:00","mainEntityOfPage":{"@id":"https:\/\/kunmedierne.dk\/mors\/efter-stor-skaldyrsfestival-vi-begynder-at-slaa-os-fast-som-en-national-begivenhed\/"},"wordCount":749,"publisher":{"@id":"https:\/\/kunmedierne.dk\/mors\/#organization"},"image":{"@id":"https:\/\/kunmedierne.dk\/mors\/efter-stor-skaldyrsfestival-vi-begynder-at-slaa-os-fast-som-en-national-begivenhed\/#primaryimage"},"thumbnailUrl":"https:\/\/kunmedierne.dk\/mors\/wp-content\/uploads\/2022\/06\/skaldyr1.jpg","keywords":["Skaldyr"],"articleSection":["Lokalt"],"inLanguage":"da-DK"},{"@type":"WebPage","@id":"https:\/\/kunmedierne.dk\/mors\/efter-stor-skaldyrsfestival-vi-begynder-at-slaa-os-fast-som-en-national-begivenhed\/","url":"https:\/\/kunmedierne.dk\/mors\/efter-stor-skaldyrsfestival-vi-begynder-at-slaa-os-fast-som-en-national-begivenhed\/","name":"Efter stor skaldyrsfestival: \"Vi begynder at sl\u00e5 os fast som en national begivenhed\" - Mors","isPartOf":{"@id":"https:\/\/kunmedierne.dk\/mors\/#website"},"primaryImageOfPage":{"@id":"https:\/\/kunmedierne.dk\/mors\/efter-stor-skaldyrsfestival-vi-begynder-at-slaa-os-fast-som-en-national-begivenhed\/#primaryimage"},"image":{"@id":"https:\/\/kunmedierne.dk\/mors\/efter-stor-skaldyrsfestival-vi-begynder-at-slaa-os-fast-som-en-national-begivenhed\/#primaryimage"},"thumbnailUrl":"https:\/\/kunmedierne.dk\/mors\/wp-content\/uploads\/2022\/06\/skaldyr1.jpg","datePublished":"2022-06-07T13:10:09+00:00","dateModified":"2024-08-12T11:27:57+00:00","breadcrumb":{"@id":"https:\/\/kunmedierne.dk\/mors\/efter-stor-skaldyrsfestival-vi-begynder-at-slaa-os-fast-som-en-national-begivenhed\/#breadcrumb"},"inLanguage":"da-DK","potentialAction":[{"@type":"ReadAction","target":["https:\/\/kunmedierne.dk\/mors\/efter-stor-skaldyrsfestival-vi-begynder-at-slaa-os-fast-som-en-national-begivenhed\/"]}]},{"@type":"ImageObject","inLanguage":"da-DK","@id":"https:\/\/kunmedierne.dk\/mors\/efter-stor-skaldyrsfestival-vi-begynder-at-slaa-os-fast-som-en-national-begivenhed\/#primaryimage","url":"https:\/\/kunmedierne.dk\/mors\/wp-content\/uploads\/2022\/06\/skaldyr1.jpg","contentUrl":"https:\/\/kunmedierne.dk\/mors\/wp-content\/uploads\/2022\/06\/skaldyr1.jpg","width":770,"height":513,"caption":"B\u00e5de morsingboer og g\u00e6ster udefra valfartede til Skaldyrsfestival 2022. Foto: Skaldyrsfestivalen"},{"@type":"BreadcrumbList","@id":"https:\/\/kunmedierne.dk\/mors\/efter-stor-skaldyrsfestival-vi-begynder-at-slaa-os-fast-som-en-national-begivenhed\/#breadcrumb","itemListElement":[{"@type":"ListItem","position":1,"name":"Hjem","item":"https:\/\/kunmedierne.dk\/mors\/"},{"@type":"ListItem","position":2,"name":"Efter stor skaldyrsfestival: &#8220;Vi begynder at sl\u00e5 os fast som en national begivenhed&#8221;"}]},{"@type":"WebSite","@id":"https:\/\/kunmedierne.dk\/mors\/#website","url":"https:\/\/kunmedierne.dk\/mors\/","name":"Mors","description":"et netmedie med journalistik om livet p\u00e5 Mors","publisher":{"@id":"https:\/\/kunmedierne.dk\/mors\/#organization"},"potentialAction":[{"@type":"SearchAction","target":{"@type":"EntryPoint","urlTemplate":"https:\/\/kunmedierne.dk\/mors\/?s={search_term_string}"},"query-input":{"@type":"PropertyValueSpecification","valueRequired":true,"valueName":"search_term_string"}}],"inLanguage":"da-DK"},{"@type":"Organization","@id":"https:\/\/kunmedierne.dk\/mors\/#organization","name":"Mors","url":"https:\/\/kunmedierne.dk\/mors\/","logo":{"@type":"ImageObject","inLanguage":"da-DK","@id":"https:\/\/kunmedierne.dk\/mors\/#\/schema\/logo\/image\/","url":"https:\/\/kunmedierne.dk\/mors\/wp-content\/uploads\/2024\/08\/kunmors-logo.svg","contentUrl":"https:\/\/kunmedierne.dk\/mors\/wp-content\/uploads\/2024\/08\/kunmors-logo.svg","caption":"Mors"},"image":{"@id":"https:\/\/kunmedierne.dk\/mors\/#\/schema\/logo\/image\/"}},{"@type":"Person","@id":"https:\/\/kunmedierne.dk\/mors\/#\/schema\/person\/5fe23251bf1d0abbcdc6f7896579d548","name":"David H\u00f8jmark","image":{"@type":"ImageObject","inLanguage":"da-DK","@id":"https:\/\/kunmedierne.dk\/mors\/#\/schema\/person\/image\/","url":"https:\/\/secure.gravatar.com\/avatar\/4315d6fb9ef244d729989f5f90268eb08d5bf8a3d84402f595fa194bb35784fd?s=96&d=mm&r=g","contentUrl":"https:\/\/secure.gravatar.com\/avatar\/4315d6fb9ef244d729989f5f90268eb08d5bf8a3d84402f595fa194bb35784fd?s=96&d=mm&r=g","caption":"David H\u00f8jmark"},"sameAs":["https:\/\/www.kunmedierne.dk"],"url":"https:\/\/kunmedierne.dk\/mors\/author\/david\/"}]}},"_links":{"self":[{"href":"https:\/\/kunmedierne.dk\/mors\/wp-json\/wp\/v2\/posts\/71358","targetHints":{"allow":["GET"]}}],"collection":[{"href":"https:\/\/kunmedierne.dk\/mors\/wp-json\/wp\/v2\/posts"}],"about":[{"href":"https:\/\/kunmedierne.dk\/mors\/wp-json\/wp\/v2\/types\/post"}],"author":[{"embeddable":true,"href":"https:\/\/kunmedierne.dk\/mors\/wp-json\/wp\/v2\/users\/8"}],"replies":[{"embeddable":true,"href":"https:\/\/kunmedierne.dk\/mors\/wp-json\/wp\/v2\/comments?post=71358"}],"version-history":[{"count":1,"href":"https:\/\/kunmedierne.dk\/mors\/wp-json\/wp\/v2\/posts\/71358\/revisions"}],"predecessor-version":[{"id":71365,"href":"https:\/\/kunmedierne.dk\/mors\/wp-json\/wp\/v2\/posts\/71358\/revisions\/71365"}],"wp:featuredmedia":[{"embeddable":true,"href":"https:\/\/kunmedierne.dk\/mors\/wp-json\/wp\/v2\/media\/71362"}],"wp:attachment":[{"href":"https:\/\/kunmedierne.dk\/mors\/wp-json\/wp\/v2\/media?parent=71358"}],"wp:term":[{"taxonomy":"category","embeddable":true,"href":"https:\/\/kunmedierne.dk\/mors\/wp-json\/wp\/v2\/categories?post=71358"},{"taxonomy":"post_tag","embeddable":true,"href":"https:\/\/kunmedierne.dk\/mors\/wp-json\/wp\/v2\/tags?post=71358"}],"curies":[{"name":"wp","href":"https:\/\/api.w.org\/{rel}","templated":true}]}}