{"id":71245,"date":"2022-06-05T19:26:04","date_gmt":"2022-06-05T17:26:04","guid":{"rendered":"https:\/\/kunmedierne.dk\/mors\/?p=71245"},"modified":"2024-08-12T13:27:58","modified_gmt":"2024-08-12T11:27:58","slug":"viet-i-toedsoe-kirke-vinni-jensen-og-jens-poulsen","status":"publish","type":"post","link":"https:\/\/kunmedierne.dk\/mors\/viet-i-toedsoe-kirke-vinni-jensen-og-jens-poulsen\/","title":{"rendered":"Viet i T\u00f8ds\u00f8 Kirke: Vinni Jensen og Jens Poulsen"},"content":{"rendered":"<p><strong>T\u00d8DS\u00d8<\/strong>: Pinsel\u00f8rdag blev Vinni Jensen og Jens Poulsen viet i T\u00f8ds\u00f8 Kirke af sognepr\u00e6st Joan Amalie Holck.<\/p>\n<p>Parret kender hinanden fra skoletiden som klassekammerater p\u00e5 \u00d8ster J\u00f8lby Skole. Nu bor de i Bj\u00f8rndrup med deres sammenbragte b\u00f8rn.<\/p>\n<p>Brylluppet blev holdt i T\u00f8ds\u00f8 Forsamlingshus, og billedet her er taget af Henny Hansen.<\/p>\n<p><img loading=\"lazy\" decoding=\"async\" class=\"alignleft size-full wp-image-71251\" src=\"https:\/\/kunmedierne.dk\/mors\/wp-content\/uploads\/2022\/06\/bryllup.jpg\" alt=\"\" width=\"770\" height=\"1155\" srcset=\"https:\/\/kunmedierne.dk\/mors\/wp-content\/uploads\/2022\/06\/bryllup.jpg 770w, https:\/\/kunmedierne.dk\/mors\/wp-content\/uploads\/2022\/06\/bryllup-200x300.jpg 200w, https:\/\/kunmedierne.dk\/mors\/wp-content\/uploads\/2022\/06\/bryllup-683x1024.jpg 683w, https:\/\/kunmedierne.dk\/mors\/wp-content\/uploads\/2022\/06\/bryllup-768x1152.jpg 768w, https:\/\/kunmedierne.dk\/mors\/wp-content\/uploads\/2022\/06\/bryllup-600x900.jpg 600w\" sizes=\"auto, (max-width: 770px) 100vw, 770px\" \/><\/p>\n<hr \/>\n<p>Har du noget til navnesiden p\u00e5 KunMors? Send det til os p\u00e5 e-mail: navne@kunmedierne.dk\/mors<\/p>\n","protected":false},"excerpt":{"rendered":"<p>T\u00d8DS\u00d8: Pinsel\u00f8rdag blev Vinni Jensen og Jens Poulsen viet i T\u00f8ds\u00f8 Kirke af sognepr\u00e6st Joan Amalie Holck. Parret kender hinanden fra skoletiden som klassekammerater p\u00e5 \u00d8ster J\u00f8lby Skole. Nu bor de i Bj\u00f8rndrup med deres sammenbragte b\u00f8rn. Brylluppet blev holdt i T\u00f8ds\u00f8 Forsamlingshus, og billedet her er taget af Henny Hansen. Har du noget til [&hellip;]<\/p>\n","protected":false},"author":264,"featured_media":71246,"comment_status":"closed","ping_status":"open","sticky":false,"template":"","format":"standard","meta":{"_acf_changed":false,"footnotes":""},"categories":[52],"tags":[],"class_list":["post-71245","post","type-post","status-publish","format-standard","has-post-thumbnail","hentry","category-navne"],"acf":[],"yoast_head":"<!-- This site is optimized with the Yoast SEO plugin v26.8 - https:\/\/yoast.com\/product\/yoast-seo-wordpress\/ -->\n<title>Viet i T\u00f8ds\u00f8 Kirke: Vinni Jensen og Jens Poulsen - Mors<\/title>\n<meta name=\"robots\" content=\"index, follow, max-snippet:-1, max-image-preview:large, max-video-preview:-1\" \/>\n<link rel=\"canonical\" href=\"https:\/\/kunmedierne.dk\/mors\/viet-i-toedsoe-kirke-vinni-jensen-og-jens-poulsen\/\" \/>\n<meta property=\"og:locale\" content=\"da_DK\" \/>\n<meta property=\"og:type\" content=\"article\" \/>\n<meta property=\"og:title\" content=\"Viet i T\u00f8ds\u00f8 Kirke: Vinni Jensen og Jens Poulsen - Mors\" \/>\n<meta property=\"og:description\" content=\"T\u00d8DS\u00d8: Pinsel\u00f8rdag blev Vinni Jensen og Jens Poulsen viet i T\u00f8ds\u00f8 Kirke af sognepr\u00e6st Joan Amalie Holck. Parret kender hinanden fra skoletiden som klassekammerater p\u00e5 \u00d8ster J\u00f8lby Skole. Nu bor de i Bj\u00f8rndrup med deres sammenbragte b\u00f8rn. Brylluppet blev holdt i T\u00f8ds\u00f8 Forsamlingshus, og billedet her er taget af Henny Hansen. Har du noget til [&hellip;]\" \/>\n<meta property=\"og:url\" content=\"https:\/\/kunmedierne.dk\/mors\/viet-i-toedsoe-kirke-vinni-jensen-og-jens-poulsen\/\" \/>\n<meta property=\"og:site_name\" content=\"Mors\" \/>\n<meta property=\"article:published_time\" content=\"2022-06-05T17:26:04+00:00\" \/>\n<meta property=\"article:modified_time\" content=\"2024-08-12T11:27:58+00:00\" \/>\n<meta property=\"og:image\" content=\"https:\/\/kunmedierne.dk\/mors\/wp-content\/uploads\/2022\/06\/bryllyp1.jpg\" \/>\n\t<meta property=\"og:image:width\" content=\"770\" \/>\n\t<meta property=\"og:image:height\" content=\"513\" \/>\n\t<meta property=\"og:image:type\" content=\"image\/jpeg\" \/>\n<meta name=\"author\" content=\"Navne\" \/>\n<meta name=\"twitter:card\" content=\"summary_large_image\" \/>\n<meta name=\"twitter:label1\" content=\"Skrevet af\" \/>\n\t<meta name=\"twitter:data1\" content=\"Navne\" \/>\n\t<meta name=\"twitter:label2\" content=\"Estimeret l\u00e6setid\" \/>\n\t<meta name=\"twitter:data2\" content=\"1 minut\" \/>\n<script type=\"application\/ld+json\" class=\"yoast-schema-graph\">{\"@context\":\"https:\/\/schema.org\",\"@graph\":[{\"@type\":\"Article\",\"@id\":\"https:\/\/kunmedierne.dk\/mors\/viet-i-toedsoe-kirke-vinni-jensen-og-jens-poulsen\/#article\",\"isPartOf\":{\"@id\":\"https:\/\/kunmedierne.dk\/mors\/viet-i-toedsoe-kirke-vinni-jensen-og-jens-poulsen\/\"},\"author\":{\"name\":\"Navne\",\"@id\":\"https:\/\/kunmedierne.dk\/mors\/#\/schema\/person\/f084885f8161963bb583d8604763a6b7\"},\"headline\":\"Viet i T\u00f8ds\u00f8 Kirke: Vinni Jensen og Jens Poulsen\",\"datePublished\":\"2022-06-05T17:26:04+00:00\",\"dateModified\":\"2024-08-12T11:27:58+00:00\",\"mainEntityOfPage\":{\"@id\":\"https:\/\/kunmedierne.dk\/mors\/viet-i-toedsoe-kirke-vinni-jensen-og-jens-poulsen\/\"},\"wordCount\":86,\"publisher\":{\"@id\":\"https:\/\/kunmedierne.dk\/mors\/#organization\"},\"image\":{\"@id\":\"https:\/\/kunmedierne.dk\/mors\/viet-i-toedsoe-kirke-vinni-jensen-og-jens-poulsen\/#primaryimage\"},\"thumbnailUrl\":\"https:\/\/kunmedierne.dk\/mors\/wp-content\/uploads\/2022\/06\/bryllyp1.jpg\",\"articleSection\":[\"Navne\"],\"inLanguage\":\"da-DK\"},{\"@type\":\"WebPage\",\"@id\":\"https:\/\/kunmedierne.dk\/mors\/viet-i-toedsoe-kirke-vinni-jensen-og-jens-poulsen\/\",\"url\":\"https:\/\/kunmedierne.dk\/mors\/viet-i-toedsoe-kirke-vinni-jensen-og-jens-poulsen\/\",\"name\":\"Viet i T\u00f8ds\u00f8 Kirke: Vinni Jensen og Jens Poulsen - Mors\",\"isPartOf\":{\"@id\":\"https:\/\/kunmedierne.dk\/mors\/#website\"},\"primaryImageOfPage\":{\"@id\":\"https:\/\/kunmedierne.dk\/mors\/viet-i-toedsoe-kirke-vinni-jensen-og-jens-poulsen\/#primaryimage\"},\"image\":{\"@id\":\"https:\/\/kunmedierne.dk\/mors\/viet-i-toedsoe-kirke-vinni-jensen-og-jens-poulsen\/#primaryimage\"},\"thumbnailUrl\":\"https:\/\/kunmedierne.dk\/mors\/wp-content\/uploads\/2022\/06\/bryllyp1.jpg\",\"datePublished\":\"2022-06-05T17:26:04+00:00\",\"dateModified\":\"2024-08-12T11:27:58+00:00\",\"breadcrumb\":{\"@id\":\"https:\/\/kunmedierne.dk\/mors\/viet-i-toedsoe-kirke-vinni-jensen-og-jens-poulsen\/#breadcrumb\"},\"inLanguage\":\"da-DK\",\"potentialAction\":[{\"@type\":\"ReadAction\",\"target\":[\"https:\/\/kunmedierne.dk\/mors\/viet-i-toedsoe-kirke-vinni-jensen-og-jens-poulsen\/\"]}]},{\"@type\":\"ImageObject\",\"inLanguage\":\"da-DK\",\"@id\":\"https:\/\/kunmedierne.dk\/mors\/viet-i-toedsoe-kirke-vinni-jensen-og-jens-poulsen\/#primaryimage\",\"url\":\"https:\/\/kunmedierne.dk\/mors\/wp-content\/uploads\/2022\/06\/bryllyp1.jpg\",\"contentUrl\":\"https:\/\/kunmedierne.dk\/mors\/wp-content\/uploads\/2022\/06\/bryllyp1.jpg\",\"width\":770,\"height\":513,\"caption\":\"Vinni Jensen og Jens Poulsen, viet i T\u00f8ds\u00f8 Kirke 4. juni 2022.\"},{\"@type\":\"BreadcrumbList\",\"@id\":\"https:\/\/kunmedierne.dk\/mors\/viet-i-toedsoe-kirke-vinni-jensen-og-jens-poulsen\/#breadcrumb\",\"itemListElement\":[{\"@type\":\"ListItem\",\"position\":1,\"name\":\"Hjem\",\"item\":\"https:\/\/kunmedierne.dk\/mors\/\"},{\"@type\":\"ListItem\",\"position\":2,\"name\":\"Viet i T\u00f8ds\u00f8 Kirke: Vinni Jensen og Jens Poulsen\"}]},{\"@type\":\"WebSite\",\"@id\":\"https:\/\/kunmedierne.dk\/mors\/#website\",\"url\":\"https:\/\/kunmedierne.dk\/mors\/\",\"name\":\"Mors\",\"description\":\"et netmedie med journalistik om livet p\u00e5 Mors\",\"publisher\":{\"@id\":\"https:\/\/kunmedierne.dk\/mors\/#organization\"},\"potentialAction\":[{\"@type\":\"SearchAction\",\"target\":{\"@type\":\"EntryPoint\",\"urlTemplate\":\"https:\/\/kunmedierne.dk\/mors\/?s={search_term_string}\"},\"query-input\":{\"@type\":\"PropertyValueSpecification\",\"valueRequired\":true,\"valueName\":\"search_term_string\"}}],\"inLanguage\":\"da-DK\"},{\"@type\":\"Organization\",\"@id\":\"https:\/\/kunmedierne.dk\/mors\/#organization\",\"name\":\"Mors\",\"url\":\"https:\/\/kunmedierne.dk\/mors\/\",\"logo\":{\"@type\":\"ImageObject\",\"inLanguage\":\"da-DK\",\"@id\":\"https:\/\/kunmedierne.dk\/mors\/#\/schema\/logo\/image\/\",\"url\":\"https:\/\/kunmedierne.dk\/mors\/wp-content\/uploads\/2024\/08\/kunmors-logo.svg\",\"contentUrl\":\"https:\/\/kunmedierne.dk\/mors\/wp-content\/uploads\/2024\/08\/kunmors-logo.svg\",\"caption\":\"Mors\"},\"image\":{\"@id\":\"https:\/\/kunmedierne.dk\/mors\/#\/schema\/logo\/image\/\"}},{\"@type\":\"Person\",\"@id\":\"https:\/\/kunmedierne.dk\/mors\/#\/schema\/person\/f084885f8161963bb583d8604763a6b7\",\"name\":\"Navne\",\"image\":{\"@type\":\"ImageObject\",\"inLanguage\":\"da-DK\",\"@id\":\"https:\/\/kunmedierne.dk\/mors\/#\/schema\/person\/image\/\",\"url\":\"https:\/\/secure.gravatar.com\/avatar\/6f0953307eaee87813e8e3c90223d5589b093e56e7cc66b5575f901f7b5868a5?s=96&d=mm&r=g\",\"contentUrl\":\"https:\/\/secure.gravatar.com\/avatar\/6f0953307eaee87813e8e3c90223d5589b093e56e7cc66b5575f901f7b5868a5?s=96&d=mm&r=g\",\"caption\":\"Navne\"},\"url\":\"https:\/\/kunmedierne.dk\/mors\/author\/navne\/\"}]}<\/script>\n<!-- \/ Yoast SEO plugin. -->","yoast_head_json":{"title":"Viet i T\u00f8ds\u00f8 Kirke: Vinni Jensen og Jens Poulsen - Mors","robots":{"index":"index","follow":"follow","max-snippet":"max-snippet:-1","max-image-preview":"max-image-preview:large","max-video-preview":"max-video-preview:-1"},"canonical":"https:\/\/kunmedierne.dk\/mors\/viet-i-toedsoe-kirke-vinni-jensen-og-jens-poulsen\/","og_locale":"da_DK","og_type":"article","og_title":"Viet i T\u00f8ds\u00f8 Kirke: Vinni Jensen og Jens Poulsen - Mors","og_description":"T\u00d8DS\u00d8: Pinsel\u00f8rdag blev Vinni Jensen og Jens Poulsen viet i T\u00f8ds\u00f8 Kirke af sognepr\u00e6st Joan Amalie Holck. Parret kender hinanden fra skoletiden som klassekammerater p\u00e5 \u00d8ster J\u00f8lby Skole. Nu bor de i Bj\u00f8rndrup med deres sammenbragte b\u00f8rn. Brylluppet blev holdt i T\u00f8ds\u00f8 Forsamlingshus, og billedet her er taget af Henny Hansen. Har du noget til [&hellip;]","og_url":"https:\/\/kunmedierne.dk\/mors\/viet-i-toedsoe-kirke-vinni-jensen-og-jens-poulsen\/","og_site_name":"Mors","article_published_time":"2022-06-05T17:26:04+00:00","article_modified_time":"2024-08-12T11:27:58+00:00","og_image":[{"width":770,"height":513,"url":"https:\/\/kunmedierne.dk\/mors\/wp-content\/uploads\/2022\/06\/bryllyp1.jpg","type":"image\/jpeg"}],"author":"Navne","twitter_card":"summary_large_image","twitter_misc":{"Skrevet af":"Navne","Estimeret l\u00e6setid":"1 minut"},"schema":{"@context":"https:\/\/schema.org","@graph":[{"@type":"Article","@id":"https:\/\/kunmedierne.dk\/mors\/viet-i-toedsoe-kirke-vinni-jensen-og-jens-poulsen\/#article","isPartOf":{"@id":"https:\/\/kunmedierne.dk\/mors\/viet-i-toedsoe-kirke-vinni-jensen-og-jens-poulsen\/"},"author":{"name":"Navne","@id":"https:\/\/kunmedierne.dk\/mors\/#\/schema\/person\/f084885f8161963bb583d8604763a6b7"},"headline":"Viet i T\u00f8ds\u00f8 Kirke: Vinni Jensen og Jens Poulsen","datePublished":"2022-06-05T17:26:04+00:00","dateModified":"2024-08-12T11:27:58+00:00","mainEntityOfPage":{"@id":"https:\/\/kunmedierne.dk\/mors\/viet-i-toedsoe-kirke-vinni-jensen-og-jens-poulsen\/"},"wordCount":86,"publisher":{"@id":"https:\/\/kunmedierne.dk\/mors\/#organization"},"image":{"@id":"https:\/\/kunmedierne.dk\/mors\/viet-i-toedsoe-kirke-vinni-jensen-og-jens-poulsen\/#primaryimage"},"thumbnailUrl":"https:\/\/kunmedierne.dk\/mors\/wp-content\/uploads\/2022\/06\/bryllyp1.jpg","articleSection":["Navne"],"inLanguage":"da-DK"},{"@type":"WebPage","@id":"https:\/\/kunmedierne.dk\/mors\/viet-i-toedsoe-kirke-vinni-jensen-og-jens-poulsen\/","url":"https:\/\/kunmedierne.dk\/mors\/viet-i-toedsoe-kirke-vinni-jensen-og-jens-poulsen\/","name":"Viet i T\u00f8ds\u00f8 Kirke: Vinni Jensen og Jens Poulsen - Mors","isPartOf":{"@id":"https:\/\/kunmedierne.dk\/mors\/#website"},"primaryImageOfPage":{"@id":"https:\/\/kunmedierne.dk\/mors\/viet-i-toedsoe-kirke-vinni-jensen-og-jens-poulsen\/#primaryimage"},"image":{"@id":"https:\/\/kunmedierne.dk\/mors\/viet-i-toedsoe-kirke-vinni-jensen-og-jens-poulsen\/#primaryimage"},"thumbnailUrl":"https:\/\/kunmedierne.dk\/mors\/wp-content\/uploads\/2022\/06\/bryllyp1.jpg","datePublished":"2022-06-05T17:26:04+00:00","dateModified":"2024-08-12T11:27:58+00:00","breadcrumb":{"@id":"https:\/\/kunmedierne.dk\/mors\/viet-i-toedsoe-kirke-vinni-jensen-og-jens-poulsen\/#breadcrumb"},"inLanguage":"da-DK","potentialAction":[{"@type":"ReadAction","target":["https:\/\/kunmedierne.dk\/mors\/viet-i-toedsoe-kirke-vinni-jensen-og-jens-poulsen\/"]}]},{"@type":"ImageObject","inLanguage":"da-DK","@id":"https:\/\/kunmedierne.dk\/mors\/viet-i-toedsoe-kirke-vinni-jensen-og-jens-poulsen\/#primaryimage","url":"https:\/\/kunmedierne.dk\/mors\/wp-content\/uploads\/2022\/06\/bryllyp1.jpg","contentUrl":"https:\/\/kunmedierne.dk\/mors\/wp-content\/uploads\/2022\/06\/bryllyp1.jpg","width":770,"height":513,"caption":"Vinni Jensen og Jens Poulsen, viet i T\u00f8ds\u00f8 Kirke 4. juni 2022."},{"@type":"BreadcrumbList","@id":"https:\/\/kunmedierne.dk\/mors\/viet-i-toedsoe-kirke-vinni-jensen-og-jens-poulsen\/#breadcrumb","itemListElement":[{"@type":"ListItem","position":1,"name":"Hjem","item":"https:\/\/kunmedierne.dk\/mors\/"},{"@type":"ListItem","position":2,"name":"Viet i T\u00f8ds\u00f8 Kirke: Vinni Jensen og Jens Poulsen"}]},{"@type":"WebSite","@id":"https:\/\/kunmedierne.dk\/mors\/#website","url":"https:\/\/kunmedierne.dk\/mors\/","name":"Mors","description":"et netmedie med journalistik om livet p\u00e5 Mors","publisher":{"@id":"https:\/\/kunmedierne.dk\/mors\/#organization"},"potentialAction":[{"@type":"SearchAction","target":{"@type":"EntryPoint","urlTemplate":"https:\/\/kunmedierne.dk\/mors\/?s={search_term_string}"},"query-input":{"@type":"PropertyValueSpecification","valueRequired":true,"valueName":"search_term_string"}}],"inLanguage":"da-DK"},{"@type":"Organization","@id":"https:\/\/kunmedierne.dk\/mors\/#organization","name":"Mors","url":"https:\/\/kunmedierne.dk\/mors\/","logo":{"@type":"ImageObject","inLanguage":"da-DK","@id":"https:\/\/kunmedierne.dk\/mors\/#\/schema\/logo\/image\/","url":"https:\/\/kunmedierne.dk\/mors\/wp-content\/uploads\/2024\/08\/kunmors-logo.svg","contentUrl":"https:\/\/kunmedierne.dk\/mors\/wp-content\/uploads\/2024\/08\/kunmors-logo.svg","caption":"Mors"},"image":{"@id":"https:\/\/kunmedierne.dk\/mors\/#\/schema\/logo\/image\/"}},{"@type":"Person","@id":"https:\/\/kunmedierne.dk\/mors\/#\/schema\/person\/f084885f8161963bb583d8604763a6b7","name":"Navne","image":{"@type":"ImageObject","inLanguage":"da-DK","@id":"https:\/\/kunmedierne.dk\/mors\/#\/schema\/person\/image\/","url":"https:\/\/secure.gravatar.com\/avatar\/6f0953307eaee87813e8e3c90223d5589b093e56e7cc66b5575f901f7b5868a5?s=96&d=mm&r=g","contentUrl":"https:\/\/secure.gravatar.com\/avatar\/6f0953307eaee87813e8e3c90223d5589b093e56e7cc66b5575f901f7b5868a5?s=96&d=mm&r=g","caption":"Navne"},"url":"https:\/\/kunmedierne.dk\/mors\/author\/navne\/"}]}},"_links":{"self":[{"href":"https:\/\/kunmedierne.dk\/mors\/wp-json\/wp\/v2\/posts\/71245","targetHints":{"allow":["GET"]}}],"collection":[{"href":"https:\/\/kunmedierne.dk\/mors\/wp-json\/wp\/v2\/posts"}],"about":[{"href":"https:\/\/kunmedierne.dk\/mors\/wp-json\/wp\/v2\/types\/post"}],"author":[{"embeddable":true,"href":"https:\/\/kunmedierne.dk\/mors\/wp-json\/wp\/v2\/users\/264"}],"replies":[{"embeddable":true,"href":"https:\/\/kunmedierne.dk\/mors\/wp-json\/wp\/v2\/comments?post=71245"}],"version-history":[{"count":2,"href":"https:\/\/kunmedierne.dk\/mors\/wp-json\/wp\/v2\/posts\/71245\/revisions"}],"predecessor-version":[{"id":71252,"href":"https:\/\/kunmedierne.dk\/mors\/wp-json\/wp\/v2\/posts\/71245\/revisions\/71252"}],"wp:featuredmedia":[{"embeddable":true,"href":"https:\/\/kunmedierne.dk\/mors\/wp-json\/wp\/v2\/media\/71246"}],"wp:attachment":[{"href":"https:\/\/kunmedierne.dk\/mors\/wp-json\/wp\/v2\/media?parent=71245"}],"wp:term":[{"taxonomy":"category","embeddable":true,"href":"https:\/\/kunmedierne.dk\/mors\/wp-json\/wp\/v2\/categories?post=71245"},{"taxonomy":"post_tag","embeddable":true,"href":"https:\/\/kunmedierne.dk\/mors\/wp-json\/wp\/v2\/tags?post=71245"}],"curies":[{"name":"wp","href":"https:\/\/api.w.org\/{rel}","templated":true}]}}