{"id":71242,"date":"2022-06-05T15:29:16","date_gmt":"2022-06-05T13:29:16","guid":{"rendered":"https:\/\/kunmedierne.dk\/mors\/?p=71242"},"modified":"2024-08-12T13:27:58","modified_gmt":"2024-08-12T11:27:58","slug":"det-er-fantastisk-og-det-er-jo-perfekt-vejr","status":"publish","type":"post","link":"https:\/\/kunmedierne.dk\/mors\/det-er-fantastisk-og-det-er-jo-perfekt-vejr\/","title":{"rendered":"&#8220;Det er fantastisk! Og det er jo perfekt vejr!&#8221;"},"content":{"rendered":"<p><strong>NYK\u00d8BING<\/strong>: M\u00e5ske er ogs\u00e5 vejrguderne begejstrede for skaldyr.<\/p>\n<p>S\u00e5dan kan man let konkludere, n\u00e5r man p\u00e5 \u00e5rets f\u00f8rste rigtige sommerdag g\u00e5r en tur i Nyk\u00f8bing, hvor andendagen af Skaldyrsfestival 2022 arter sig s\u00e5 solrigt, at det ogs\u00e5 kan ses p\u00e5 hum\u00f8ret blandt de mange mennesker.<\/p>\n<p>&#8220;Det er fantastisk! Og det er jo perfekt vejr,&#8221; lyder det begejstret fra Hanne Holst Kristensen, da hun sammen med sin mand J\u00f8rgen m\u00f8der KunMors p\u00e5 vej fra Pakhustorvet til g\u00e5gaden.<\/p>\n<a class=\"dvrt-link\" onClick=\"cdmtrack_click(114591,jQuery(this));return false\" href=\"https:\/\/www.facebook.com\/kopogkandemors\"><img decoding=\"async\" style=\"width:100%;\" src=\"https:\/\/kunmedierne.dk\/mors\/wp-content\/uploads\/2024\/03\/kop-og-kande-ja-tak-tilbud.jpg\"><\/a><script>cdmtrack_view(114591);<\/script>\n<p>Der er nemlig grund til at v\u00e6re begge steder &#8211; og ikke mindst i havneomr\u00e5det &#8211; under en festival, der i den grad skaber liv i Nyk\u00f8bing.<\/p>\n<p>Folk i tusindvis, morsingboer og turister, er valfartet til byen &#8211; s\u00e5ledes ogs\u00e5 Hanne og J\u00f8rgen, der har taget turen fra F\u00e5rtoft.<\/p>\n<p>Tilfredse med b\u00e5de vejret og arrangementet gl\u00e6der de sig over muligheden for igen at komme ud blandt folk &#8211; efter to \u00e5r med alt for mange coronaaflysninger, hvilket som bekendt ogs\u00e5 har ramt \u00f8ens fest for skaldyr.<\/p>\n<a class=\"dvrt-link\" onClick=\"cdmtrack_click(111725,jQuery(this));return false\" href=\"https:\/\/www.thistedforsikring.dk\/?utm_source=partnerskaber&amp;utm_campaign=kun_mors\"><img decoding=\"async\" style=\"width:100%;\" src=\"https:\/\/kunmedierne.dk\/mors\/wp-content\/uploads\/2024\/02\/269409KunMors-ThistedFor-1.png\"><\/a><script>cdmtrack_view(111725);<\/script>\n<p>Men ikke i \u00e5r, s\u00e5 p\u00e5 vej mod g\u00e5gaden lyder det med grin og gl\u00e6de fra parret fra F\u00e5rtoft:<\/p>\n<p>&#8220;Vi leger turister!&#8221;<\/p>\n<p>&nbsp;<\/p>\n<p><strong>Fra Tversted til Mors<\/strong><\/p>\n<p>Det er de langt fra ene om p\u00e5 en dag med kulinariske specialiteter, musikalsk underholdning, shopping og generel hygge. Ikke mindst ved havnen, hvor vandet p\u00e5 fjorden ser ud til at konkurrere med himlen om at v\u00e6re mest bl\u00e5.<\/p>\n<p>Her finder man \u00f8sters, muslinger og andre l\u00e6kkerier fra havet. Eller fiskefrikadeller og andre af de mere sikre valg, hvis man ikke er s\u00e5 meget til skaldyr, men alligevel vil v\u00e6re en del af det hele.<\/p>\n<a class=\"dvrt-link\" onClick=\"cdmtrack_click(116504,jQuery(this));return false\" href=\"https:\/\/www.nybolig.dk\/ejendomsmaeglere\/nordvestjylland\/nybolig-morsoe-nykoebing-mors\"><img decoding=\"async\" style=\"width:100%;\" src=\"https:\/\/kunmedierne.dk\/mors\/wp-content\/uploads\/2024\/04\/250825Nybolig.jpg\"><\/a><script>cdmtrack_view(116504);<\/script>\n<p>Der er selvf\u00f8lgelig ogs\u00e5 kolde \u00f8l fra fed. Man kan smage <a href=\"https:\/\/kunmedierne.dk\/mors\/og-saa-er-det-jo-fars-dag-i-morgen\/?fbclid=IwAR0fpR5QXfvg-lhAYlp_7rg955VyfDa-HHe60OPbi6C0-YUZXANCC0A7xp8\" target=\"_blank\" rel=\"noopener\">en helt ny gin<\/a>. Og man kan g\u00e5 p\u00e5 opdagelse eller blive klogere p\u00e5 skaldyr.<\/p>\n<p>Eller bare nyde et par timer med venner.<\/p>\n<p>Det g\u00f8r for eksempel Lene og Michael Broen. De har taget turen fra Tversted langt oppe i Vendsyssel, og p\u00e5 sp\u00f8rgsm\u00e5let om, hvad de er kommet til Mors for, lyder det \u00f8jeblikkeligt fra Lene:<\/p>\n<p>&#8220;Muslinger!&#8221;<\/p>\n<p>Skaldyrsfestival som helhed og gode venner er dog ogs\u00e5 med til at f\u00e5 dem til \u00f8en.<\/p>\n<p>&#8220;Vi var her for tre \u00e5r siden, men s\u00e5 lukkede coronaen for det. Ellers havde vi ogs\u00e5 v\u00e6ret her de andre \u00e5r,&#8221; fort\u00e6ller Lene, inden Michael giver sig til at g\u00f8re KunMors klogere p\u00e5, hvor Tversted ligger.<\/p>\n<a class=\"dvrt-link\" onClick=\"cdmtrack_click(116504,jQuery(this));return false\" href=\"https:\/\/www.nybolig.dk\/ejendomsmaeglere\/nordvestjylland\/nybolig-morsoe-nykoebing-mors\"><img decoding=\"async\" style=\"width:100%;\" src=\"https:\/\/kunmedierne.dk\/mors\/wp-content\/uploads\/2024\/04\/250825Nybolig.jpg\"><\/a><script>cdmtrack_view(116504);<\/script>\n<p>&#8220;Det er ved Det Bl\u00e5 Ishus &#8211; men jeres is er ogs\u00e5 ganske gode,&#8221; siger han.<\/p>\n<p>Det gode hum\u00f8r har uden tvivl ogs\u00e5 sat sig hos arrang\u00f8rerne. KunMors f\u00f8lger senere op med en status fra Skaldyrsfestivalen.<\/p>\n<h5>L\u00c6S OGS\u00c5: <a href=\"https:\/\/kunmedierne.dk\/mors\/og-saa-er-det-jo-fars-dag-i-morgen\/?fbclid=IwAR0fpR5QXfvg-lhAYlp_7rg955VyfDa-HHe60OPbi6C0-YUZXANCC0A7xp8\">&#8220;Og s\u00e5 er det jo fars dag i morgen&#8230;&#8221;<\/a><\/h5>\n<blockquote>\n<h5><b>S\u00c5 NEMT KAN DU F\u00d8LGE MED P\u00c5 KUNMORS: Tilmeld dig den gratis KunMors-avisen nederst p\u00e5 siden og f\u00e5 et dagligt og nemt overblik over d\u00f8gnets artikler.<\/b><\/h5>\n<\/blockquote>\n","protected":false},"excerpt":{"rendered":"<p>NYK\u00d8BING: M\u00e5ske er ogs\u00e5 vejrguderne begejstrede for skaldyr. S\u00e5dan kan man let konkludere, n\u00e5r man p\u00e5 \u00e5rets f\u00f8rste rigtige sommerdag g\u00e5r en tur i Nyk\u00f8bing, hvor andendagen af Skaldyrsfestival 2022 arter sig s\u00e5 solrigt, at det ogs\u00e5 kan ses p\u00e5 hum\u00f8ret blandt de mange mennesker. &#8220;Det er fantastisk! Og det er jo perfekt vejr,&#8221; lyder [&hellip;]<\/p>\n","protected":false},"author":8,"featured_media":71243,"comment_status":"closed","ping_status":"open","sticky":false,"template":"","format":"standard","meta":{"_acf_changed":false,"footnotes":""},"categories":[51],"tags":[169],"class_list":["post-71242","post","type-post","status-publish","format-standard","has-post-thumbnail","hentry","category-lokalt","tag-skaldyr"],"acf":[],"yoast_head":"<!-- This site is optimized with the Yoast SEO plugin v26.8 - https:\/\/yoast.com\/product\/yoast-seo-wordpress\/ -->\n<title>&quot;Det er fantastisk! Og det er jo perfekt vejr!&quot; - Mors<\/title>\n<meta name=\"robots\" content=\"index, follow, max-snippet:-1, max-image-preview:large, max-video-preview:-1\" \/>\n<link rel=\"canonical\" href=\"https:\/\/kunmedierne.dk\/mors\/det-er-fantastisk-og-det-er-jo-perfekt-vejr\/\" \/>\n<meta property=\"og:locale\" content=\"da_DK\" \/>\n<meta property=\"og:type\" content=\"article\" \/>\n<meta property=\"og:title\" content=\"&quot;Det er fantastisk! Og det er jo perfekt vejr!&quot; - Mors\" \/>\n<meta property=\"og:description\" content=\"NYK\u00d8BING: M\u00e5ske er ogs\u00e5 vejrguderne begejstrede for skaldyr. S\u00e5dan kan man let konkludere, n\u00e5r man p\u00e5 \u00e5rets f\u00f8rste rigtige sommerdag g\u00e5r en tur i Nyk\u00f8bing, hvor andendagen af Skaldyrsfestival 2022 arter sig s\u00e5 solrigt, at det ogs\u00e5 kan ses p\u00e5 hum\u00f8ret blandt de mange mennesker. &#8220;Det er fantastisk! Og det er jo perfekt vejr,&#8221; lyder [&hellip;]\" \/>\n<meta property=\"og:url\" content=\"https:\/\/kunmedierne.dk\/mors\/det-er-fantastisk-og-det-er-jo-perfekt-vejr\/\" \/>\n<meta property=\"og:site_name\" content=\"Mors\" \/>\n<meta property=\"article:published_time\" content=\"2022-06-05T13:29:16+00:00\" \/>\n<meta property=\"article:modified_time\" content=\"2024-08-12T11:27:58+00:00\" \/>\n<meta property=\"og:image\" content=\"https:\/\/kunmedierne.dk\/mors\/wp-content\/uploads\/2022\/06\/skaldyr5.jpg\" \/>\n\t<meta property=\"og:image:width\" content=\"770\" \/>\n\t<meta property=\"og:image:height\" content=\"514\" \/>\n\t<meta property=\"og:image:type\" content=\"image\/jpeg\" \/>\n<meta name=\"author\" content=\"David H\u00f8jmark\" \/>\n<meta name=\"twitter:card\" content=\"summary_large_image\" \/>\n<meta name=\"twitter:label1\" content=\"Skrevet af\" \/>\n\t<meta name=\"twitter:data1\" content=\"David H\u00f8jmark\" \/>\n\t<meta name=\"twitter:label2\" content=\"Estimeret l\u00e6setid\" \/>\n\t<meta name=\"twitter:data2\" content=\"3 minutter\" \/>\n<script type=\"application\/ld+json\" class=\"yoast-schema-graph\">{\"@context\":\"https:\/\/schema.org\",\"@graph\":[{\"@type\":\"Article\",\"@id\":\"https:\/\/kunmedierne.dk\/mors\/det-er-fantastisk-og-det-er-jo-perfekt-vejr\/#article\",\"isPartOf\":{\"@id\":\"https:\/\/kunmedierne.dk\/mors\/det-er-fantastisk-og-det-er-jo-perfekt-vejr\/\"},\"author\":{\"name\":\"David H\u00f8jmark\",\"@id\":\"https:\/\/kunmedierne.dk\/mors\/#\/schema\/person\/5fe23251bf1d0abbcdc6f7896579d548\"},\"headline\":\"&#8220;Det er fantastisk! Og det er jo perfekt vejr!&#8221;\",\"datePublished\":\"2022-06-05T13:29:16+00:00\",\"dateModified\":\"2024-08-12T11:27:58+00:00\",\"mainEntityOfPage\":{\"@id\":\"https:\/\/kunmedierne.dk\/mors\/det-er-fantastisk-og-det-er-jo-perfekt-vejr\/\"},\"wordCount\":513,\"publisher\":{\"@id\":\"https:\/\/kunmedierne.dk\/mors\/#organization\"},\"image\":{\"@id\":\"https:\/\/kunmedierne.dk\/mors\/det-er-fantastisk-og-det-er-jo-perfekt-vejr\/#primaryimage\"},\"thumbnailUrl\":\"https:\/\/kunmedierne.dk\/mors\/wp-content\/uploads\/2022\/06\/skaldyr5.jpg\",\"keywords\":[\"Skaldyr\"],\"articleSection\":[\"Lokalt\"],\"inLanguage\":\"da-DK\"},{\"@type\":\"WebPage\",\"@id\":\"https:\/\/kunmedierne.dk\/mors\/det-er-fantastisk-og-det-er-jo-perfekt-vejr\/\",\"url\":\"https:\/\/kunmedierne.dk\/mors\/det-er-fantastisk-og-det-er-jo-perfekt-vejr\/\",\"name\":\"\\\"Det er fantastisk! Og det er jo perfekt vejr!\\\" - Mors\",\"isPartOf\":{\"@id\":\"https:\/\/kunmedierne.dk\/mors\/#website\"},\"primaryImageOfPage\":{\"@id\":\"https:\/\/kunmedierne.dk\/mors\/det-er-fantastisk-og-det-er-jo-perfekt-vejr\/#primaryimage\"},\"image\":{\"@id\":\"https:\/\/kunmedierne.dk\/mors\/det-er-fantastisk-og-det-er-jo-perfekt-vejr\/#primaryimage\"},\"thumbnailUrl\":\"https:\/\/kunmedierne.dk\/mors\/wp-content\/uploads\/2022\/06\/skaldyr5.jpg\",\"datePublished\":\"2022-06-05T13:29:16+00:00\",\"dateModified\":\"2024-08-12T11:27:58+00:00\",\"breadcrumb\":{\"@id\":\"https:\/\/kunmedierne.dk\/mors\/det-er-fantastisk-og-det-er-jo-perfekt-vejr\/#breadcrumb\"},\"inLanguage\":\"da-DK\",\"potentialAction\":[{\"@type\":\"ReadAction\",\"target\":[\"https:\/\/kunmedierne.dk\/mors\/det-er-fantastisk-og-det-er-jo-perfekt-vejr\/\"]}]},{\"@type\":\"ImageObject\",\"inLanguage\":\"da-DK\",\"@id\":\"https:\/\/kunmedierne.dk\/mors\/det-er-fantastisk-og-det-er-jo-perfekt-vejr\/#primaryimage\",\"url\":\"https:\/\/kunmedierne.dk\/mors\/wp-content\/uploads\/2022\/06\/skaldyr5.jpg\",\"contentUrl\":\"https:\/\/kunmedierne.dk\/mors\/wp-content\/uploads\/2022\/06\/skaldyr5.jpg\",\"width\":770,\"height\":514,\"caption\":\"\u00c5rets f\u00f8rste rigtige sommerdag ramte Mors p\u00e5 det helt rigtige tidspunkt. Foto: Skaldyrsfestivalen\"},{\"@type\":\"BreadcrumbList\",\"@id\":\"https:\/\/kunmedierne.dk\/mors\/det-er-fantastisk-og-det-er-jo-perfekt-vejr\/#breadcrumb\",\"itemListElement\":[{\"@type\":\"ListItem\",\"position\":1,\"name\":\"Hjem\",\"item\":\"https:\/\/kunmedierne.dk\/mors\/\"},{\"@type\":\"ListItem\",\"position\":2,\"name\":\"&#8220;Det er fantastisk! Og det er jo perfekt vejr!&#8221;\"}]},{\"@type\":\"WebSite\",\"@id\":\"https:\/\/kunmedierne.dk\/mors\/#website\",\"url\":\"https:\/\/kunmedierne.dk\/mors\/\",\"name\":\"Mors\",\"description\":\"et netmedie med journalistik om livet p\u00e5 Mors\",\"publisher\":{\"@id\":\"https:\/\/kunmedierne.dk\/mors\/#organization\"},\"potentialAction\":[{\"@type\":\"SearchAction\",\"target\":{\"@type\":\"EntryPoint\",\"urlTemplate\":\"https:\/\/kunmedierne.dk\/mors\/?s={search_term_string}\"},\"query-input\":{\"@type\":\"PropertyValueSpecification\",\"valueRequired\":true,\"valueName\":\"search_term_string\"}}],\"inLanguage\":\"da-DK\"},{\"@type\":\"Organization\",\"@id\":\"https:\/\/kunmedierne.dk\/mors\/#organization\",\"name\":\"Mors\",\"url\":\"https:\/\/kunmedierne.dk\/mors\/\",\"logo\":{\"@type\":\"ImageObject\",\"inLanguage\":\"da-DK\",\"@id\":\"https:\/\/kunmedierne.dk\/mors\/#\/schema\/logo\/image\/\",\"url\":\"https:\/\/kunmedierne.dk\/mors\/wp-content\/uploads\/2024\/08\/kunmors-logo.svg\",\"contentUrl\":\"https:\/\/kunmedierne.dk\/mors\/wp-content\/uploads\/2024\/08\/kunmors-logo.svg\",\"caption\":\"Mors\"},\"image\":{\"@id\":\"https:\/\/kunmedierne.dk\/mors\/#\/schema\/logo\/image\/\"}},{\"@type\":\"Person\",\"@id\":\"https:\/\/kunmedierne.dk\/mors\/#\/schema\/person\/5fe23251bf1d0abbcdc6f7896579d548\",\"name\":\"David H\u00f8jmark\",\"image\":{\"@type\":\"ImageObject\",\"inLanguage\":\"da-DK\",\"@id\":\"https:\/\/kunmedierne.dk\/mors\/#\/schema\/person\/image\/\",\"url\":\"https:\/\/secure.gravatar.com\/avatar\/4315d6fb9ef244d729989f5f90268eb08d5bf8a3d84402f595fa194bb35784fd?s=96&d=mm&r=g\",\"contentUrl\":\"https:\/\/secure.gravatar.com\/avatar\/4315d6fb9ef244d729989f5f90268eb08d5bf8a3d84402f595fa194bb35784fd?s=96&d=mm&r=g\",\"caption\":\"David H\u00f8jmark\"},\"sameAs\":[\"https:\/\/www.kunmedierne.dk\"],\"url\":\"https:\/\/kunmedierne.dk\/mors\/author\/david\/\"}]}<\/script>\n<!-- \/ Yoast SEO plugin. -->","yoast_head_json":{"title":"\"Det er fantastisk! Og det er jo perfekt vejr!\" - Mors","robots":{"index":"index","follow":"follow","max-snippet":"max-snippet:-1","max-image-preview":"max-image-preview:large","max-video-preview":"max-video-preview:-1"},"canonical":"https:\/\/kunmedierne.dk\/mors\/det-er-fantastisk-og-det-er-jo-perfekt-vejr\/","og_locale":"da_DK","og_type":"article","og_title":"\"Det er fantastisk! Og det er jo perfekt vejr!\" - Mors","og_description":"NYK\u00d8BING: M\u00e5ske er ogs\u00e5 vejrguderne begejstrede for skaldyr. S\u00e5dan kan man let konkludere, n\u00e5r man p\u00e5 \u00e5rets f\u00f8rste rigtige sommerdag g\u00e5r en tur i Nyk\u00f8bing, hvor andendagen af Skaldyrsfestival 2022 arter sig s\u00e5 solrigt, at det ogs\u00e5 kan ses p\u00e5 hum\u00f8ret blandt de mange mennesker. &#8220;Det er fantastisk! Og det er jo perfekt vejr,&#8221; lyder [&hellip;]","og_url":"https:\/\/kunmedierne.dk\/mors\/det-er-fantastisk-og-det-er-jo-perfekt-vejr\/","og_site_name":"Mors","article_published_time":"2022-06-05T13:29:16+00:00","article_modified_time":"2024-08-12T11:27:58+00:00","og_image":[{"width":770,"height":514,"url":"https:\/\/kunmedierne.dk\/mors\/wp-content\/uploads\/2022\/06\/skaldyr5.jpg","type":"image\/jpeg"}],"author":"David H\u00f8jmark","twitter_card":"summary_large_image","twitter_misc":{"Skrevet af":"David H\u00f8jmark","Estimeret l\u00e6setid":"3 minutter"},"schema":{"@context":"https:\/\/schema.org","@graph":[{"@type":"Article","@id":"https:\/\/kunmedierne.dk\/mors\/det-er-fantastisk-og-det-er-jo-perfekt-vejr\/#article","isPartOf":{"@id":"https:\/\/kunmedierne.dk\/mors\/det-er-fantastisk-og-det-er-jo-perfekt-vejr\/"},"author":{"name":"David H\u00f8jmark","@id":"https:\/\/kunmedierne.dk\/mors\/#\/schema\/person\/5fe23251bf1d0abbcdc6f7896579d548"},"headline":"&#8220;Det er fantastisk! Og det er jo perfekt vejr!&#8221;","datePublished":"2022-06-05T13:29:16+00:00","dateModified":"2024-08-12T11:27:58+00:00","mainEntityOfPage":{"@id":"https:\/\/kunmedierne.dk\/mors\/det-er-fantastisk-og-det-er-jo-perfekt-vejr\/"},"wordCount":513,"publisher":{"@id":"https:\/\/kunmedierne.dk\/mors\/#organization"},"image":{"@id":"https:\/\/kunmedierne.dk\/mors\/det-er-fantastisk-og-det-er-jo-perfekt-vejr\/#primaryimage"},"thumbnailUrl":"https:\/\/kunmedierne.dk\/mors\/wp-content\/uploads\/2022\/06\/skaldyr5.jpg","keywords":["Skaldyr"],"articleSection":["Lokalt"],"inLanguage":"da-DK"},{"@type":"WebPage","@id":"https:\/\/kunmedierne.dk\/mors\/det-er-fantastisk-og-det-er-jo-perfekt-vejr\/","url":"https:\/\/kunmedierne.dk\/mors\/det-er-fantastisk-og-det-er-jo-perfekt-vejr\/","name":"\"Det er fantastisk! Og det er jo perfekt vejr!\" - Mors","isPartOf":{"@id":"https:\/\/kunmedierne.dk\/mors\/#website"},"primaryImageOfPage":{"@id":"https:\/\/kunmedierne.dk\/mors\/det-er-fantastisk-og-det-er-jo-perfekt-vejr\/#primaryimage"},"image":{"@id":"https:\/\/kunmedierne.dk\/mors\/det-er-fantastisk-og-det-er-jo-perfekt-vejr\/#primaryimage"},"thumbnailUrl":"https:\/\/kunmedierne.dk\/mors\/wp-content\/uploads\/2022\/06\/skaldyr5.jpg","datePublished":"2022-06-05T13:29:16+00:00","dateModified":"2024-08-12T11:27:58+00:00","breadcrumb":{"@id":"https:\/\/kunmedierne.dk\/mors\/det-er-fantastisk-og-det-er-jo-perfekt-vejr\/#breadcrumb"},"inLanguage":"da-DK","potentialAction":[{"@type":"ReadAction","target":["https:\/\/kunmedierne.dk\/mors\/det-er-fantastisk-og-det-er-jo-perfekt-vejr\/"]}]},{"@type":"ImageObject","inLanguage":"da-DK","@id":"https:\/\/kunmedierne.dk\/mors\/det-er-fantastisk-og-det-er-jo-perfekt-vejr\/#primaryimage","url":"https:\/\/kunmedierne.dk\/mors\/wp-content\/uploads\/2022\/06\/skaldyr5.jpg","contentUrl":"https:\/\/kunmedierne.dk\/mors\/wp-content\/uploads\/2022\/06\/skaldyr5.jpg","width":770,"height":514,"caption":"\u00c5rets f\u00f8rste rigtige sommerdag ramte Mors p\u00e5 det helt rigtige tidspunkt. Foto: Skaldyrsfestivalen"},{"@type":"BreadcrumbList","@id":"https:\/\/kunmedierne.dk\/mors\/det-er-fantastisk-og-det-er-jo-perfekt-vejr\/#breadcrumb","itemListElement":[{"@type":"ListItem","position":1,"name":"Hjem","item":"https:\/\/kunmedierne.dk\/mors\/"},{"@type":"ListItem","position":2,"name":"&#8220;Det er fantastisk! Og det er jo perfekt vejr!&#8221;"}]},{"@type":"WebSite","@id":"https:\/\/kunmedierne.dk\/mors\/#website","url":"https:\/\/kunmedierne.dk\/mors\/","name":"Mors","description":"et netmedie med journalistik om livet p\u00e5 Mors","publisher":{"@id":"https:\/\/kunmedierne.dk\/mors\/#organization"},"potentialAction":[{"@type":"SearchAction","target":{"@type":"EntryPoint","urlTemplate":"https:\/\/kunmedierne.dk\/mors\/?s={search_term_string}"},"query-input":{"@type":"PropertyValueSpecification","valueRequired":true,"valueName":"search_term_string"}}],"inLanguage":"da-DK"},{"@type":"Organization","@id":"https:\/\/kunmedierne.dk\/mors\/#organization","name":"Mors","url":"https:\/\/kunmedierne.dk\/mors\/","logo":{"@type":"ImageObject","inLanguage":"da-DK","@id":"https:\/\/kunmedierne.dk\/mors\/#\/schema\/logo\/image\/","url":"https:\/\/kunmedierne.dk\/mors\/wp-content\/uploads\/2024\/08\/kunmors-logo.svg","contentUrl":"https:\/\/kunmedierne.dk\/mors\/wp-content\/uploads\/2024\/08\/kunmors-logo.svg","caption":"Mors"},"image":{"@id":"https:\/\/kunmedierne.dk\/mors\/#\/schema\/logo\/image\/"}},{"@type":"Person","@id":"https:\/\/kunmedierne.dk\/mors\/#\/schema\/person\/5fe23251bf1d0abbcdc6f7896579d548","name":"David H\u00f8jmark","image":{"@type":"ImageObject","inLanguage":"da-DK","@id":"https:\/\/kunmedierne.dk\/mors\/#\/schema\/person\/image\/","url":"https:\/\/secure.gravatar.com\/avatar\/4315d6fb9ef244d729989f5f90268eb08d5bf8a3d84402f595fa194bb35784fd?s=96&d=mm&r=g","contentUrl":"https:\/\/secure.gravatar.com\/avatar\/4315d6fb9ef244d729989f5f90268eb08d5bf8a3d84402f595fa194bb35784fd?s=96&d=mm&r=g","caption":"David H\u00f8jmark"},"sameAs":["https:\/\/www.kunmedierne.dk"],"url":"https:\/\/kunmedierne.dk\/mors\/author\/david\/"}]}},"_links":{"self":[{"href":"https:\/\/kunmedierne.dk\/mors\/wp-json\/wp\/v2\/posts\/71242","targetHints":{"allow":["GET"]}}],"collection":[{"href":"https:\/\/kunmedierne.dk\/mors\/wp-json\/wp\/v2\/posts"}],"about":[{"href":"https:\/\/kunmedierne.dk\/mors\/wp-json\/wp\/v2\/types\/post"}],"author":[{"embeddable":true,"href":"https:\/\/kunmedierne.dk\/mors\/wp-json\/wp\/v2\/users\/8"}],"replies":[{"embeddable":true,"href":"https:\/\/kunmedierne.dk\/mors\/wp-json\/wp\/v2\/comments?post=71242"}],"version-history":[{"count":1,"href":"https:\/\/kunmedierne.dk\/mors\/wp-json\/wp\/v2\/posts\/71242\/revisions"}],"predecessor-version":[{"id":71244,"href":"https:\/\/kunmedierne.dk\/mors\/wp-json\/wp\/v2\/posts\/71242\/revisions\/71244"}],"wp:featuredmedia":[{"embeddable":true,"href":"https:\/\/kunmedierne.dk\/mors\/wp-json\/wp\/v2\/media\/71243"}],"wp:attachment":[{"href":"https:\/\/kunmedierne.dk\/mors\/wp-json\/wp\/v2\/media?parent=71242"}],"wp:term":[{"taxonomy":"category","embeddable":true,"href":"https:\/\/kunmedierne.dk\/mors\/wp-json\/wp\/v2\/categories?post=71242"},{"taxonomy":"post_tag","embeddable":true,"href":"https:\/\/kunmedierne.dk\/mors\/wp-json\/wp\/v2\/tags?post=71242"}],"curies":[{"name":"wp","href":"https:\/\/api.w.org\/{rel}","templated":true}]}}