{"id":7079,"date":"2020-02-11T17:38:13","date_gmt":"2020-02-11T16:38:13","guid":{"rendered":"https:\/\/kunmedierne.dk\/mors\/?p=7079"},"modified":"2024-08-12T14:07:39","modified_gmt":"2024-08-12T12:07:39","slug":"flydemoler-rev-sig-loes-paa-havnen-i-sundby","status":"publish","type":"post","link":"https:\/\/kunmedierne.dk\/mors\/flydemoler-rev-sig-loes-paa-havnen-i-sundby\/","title":{"rendered":"Flydemole rev sig l\u00f8s p\u00e5 havnen i Sundby"},"content":{"rendered":"<p><strong>SUNDBY<\/strong>: Flere nysgerrige end normalt p\u00e5 en regnv\u00e5d tirsdag i februar bes\u00f8gte i dag Sundby Mors Havn.<\/p>\n<p>Her rev to elementer af betonflydebroen sig l\u00f8s i s\u00f8ndagens storm og er p\u00e5 deres egen m\u00e5de nu et vidnesbyrd om de kr\u00e6fter, naturen til tider s\u00e6tter ind. Begge elementer er nu fort\u00f8jet, s\u00e5 de ikke igen kan rive sig l\u00f8s &#8211; med mindre vejret hj\u00e6lper dem igen.<\/p>\n<p>&#8220;Man kan ikke garantere ret meget i s\u00e5dan et vejr, men lige nu er de bundet sikkert,&#8221; siger Peter Hougaard, formand for Sundby Mors Havn.<\/p>\n<p>Han beretter om nogle lidt for sp\u00e6ndende timer under l\u00f8srivningen, for selv om det er \u00e6rgerligt, at g\u00e6ster ikke l\u00e6ngere kan f\u00e6rdes p\u00e5 betonflydebroen, er dens funktion i f\u00f8rste omgang meget vigtigere.<\/p>\n<p>&#8220;Den er l\u00e6sk\u00e6rm for hele havnen, og det er s\u00e6rdeles vigtigt, at der er ro i havnen. Det er der ikke lige nu, men det bliver der igen,&#8221; siger Peter Hougaard og tilf\u00f8jer, at Mors\u00f8 Kommune allerede har lovet at bist\u00e5 med oprydning, n\u00e5r vejret tillader det.<\/p>\n<p>Indtil da kan man krydse fingre for, at en ny storm ikke tager til &#8211; og gl\u00e6de sig over, at det trods alt ikke gik v\u00e6rre.<\/p>\n<p>&#8220;Det har sgu ikke v\u00e6ret sjovt, det m\u00e5 jeg sige. Det ene element kunne nemt v\u00e6re drevet til havs, men heldigvis f\u00f8rte vinden det ind mod havnen. Og s\u00e5 har det stille og roligt lagt sig ind uden at ramme den kutter, der er lige ved siden af. Det er lidt mirakul\u00f8st, n\u00e5r man t\u00e6nker p\u00e5, hvor bredt det er, men det klarede det i nattens mulm og m\u00f8rke,&#8221; siger Peter Hougaard.<\/p>\n<p>Han forventer, at Sundby Mors Havn er tilbage i fin form, n\u00e5r s\u00e6sonen begynder &#8211; s\u00e6dvanligvis omkring p\u00e5ske.<\/p>\n<p>Hvis vejret tillader det.<\/p>\n","protected":false},"excerpt":{"rendered":"<p>SUNDBY: Flere nysgerrige end normalt p\u00e5 en regnv\u00e5d tirsdag i februar bes\u00f8gte i dag Sundby Mors Havn. Her rev to elementer af betonflydebroen sig l\u00f8s i s\u00f8ndagens storm og er p\u00e5 deres egen m\u00e5de nu et vidnesbyrd om de kr\u00e6fter, naturen til tider s\u00e6tter ind. Begge elementer er nu fort\u00f8jet, s\u00e5 de ikke igen kan [&hellip;]<\/p>\n","protected":false},"author":8,"featured_media":7080,"comment_status":"open","ping_status":"open","sticky":false,"template":"","format":"gallery","meta":{"_acf_changed":false,"footnotes":""},"categories":[51],"tags":[],"class_list":["post-7079","post","type-post","status-publish","format-gallery","has-post-thumbnail","hentry","category-lokalt","post_format-post-format-gallery"],"acf":[],"yoast_head":"<!-- This site is optimized with the Yoast SEO plugin v26.8 - https:\/\/yoast.com\/product\/yoast-seo-wordpress\/ -->\n<title>Flydemole rev sig l\u00f8s p\u00e5 havnen i Sundby - Mors<\/title>\n<meta name=\"robots\" content=\"index, follow, max-snippet:-1, max-image-preview:large, max-video-preview:-1\" \/>\n<link rel=\"canonical\" href=\"https:\/\/kunmedierne.dk\/mors\/flydemoler-rev-sig-loes-paa-havnen-i-sundby\/\" \/>\n<meta property=\"og:locale\" content=\"da_DK\" \/>\n<meta property=\"og:type\" content=\"article\" \/>\n<meta property=\"og:title\" content=\"Flydemole rev sig l\u00f8s p\u00e5 havnen i Sundby - Mors\" \/>\n<meta property=\"og:description\" content=\"SUNDBY: Flere nysgerrige end normalt p\u00e5 en regnv\u00e5d tirsdag i februar bes\u00f8gte i dag Sundby Mors Havn. Her rev to elementer af betonflydebroen sig l\u00f8s i s\u00f8ndagens storm og er p\u00e5 deres egen m\u00e5de nu et vidnesbyrd om de kr\u00e6fter, naturen til tider s\u00e6tter ind. Begge elementer er nu fort\u00f8jet, s\u00e5 de ikke igen kan [&hellip;]\" \/>\n<meta property=\"og:url\" content=\"https:\/\/kunmedierne.dk\/mors\/flydemoler-rev-sig-loes-paa-havnen-i-sundby\/\" \/>\n<meta property=\"og:site_name\" content=\"Mors\" \/>\n<meta property=\"article:published_time\" content=\"2020-02-11T16:38:13+00:00\" \/>\n<meta property=\"article:modified_time\" content=\"2024-08-12T12:07:39+00:00\" \/>\n<meta property=\"og:image\" content=\"https:\/\/kunmedierne.dk\/mors\/wp-content\/uploads\/2020\/02\/200211-sundby-havn1.jpg\" \/>\n\t<meta property=\"og:image:width\" content=\"770\" \/>\n\t<meta property=\"og:image:height\" content=\"513\" \/>\n\t<meta property=\"og:image:type\" content=\"image\/jpeg\" \/>\n<meta name=\"author\" content=\"David H\u00f8jmark\" \/>\n<meta name=\"twitter:card\" content=\"summary_large_image\" \/>\n<meta name=\"twitter:label1\" content=\"Skrevet af\" \/>\n\t<meta name=\"twitter:data1\" content=\"David H\u00f8jmark\" \/>\n\t<meta name=\"twitter:label2\" content=\"Estimeret l\u00e6setid\" \/>\n\t<meta name=\"twitter:data2\" content=\"2 minutter\" \/>\n<script type=\"application\/ld+json\" class=\"yoast-schema-graph\">{\"@context\":\"https:\/\/schema.org\",\"@graph\":[{\"@type\":\"Article\",\"@id\":\"https:\/\/kunmedierne.dk\/mors\/flydemoler-rev-sig-loes-paa-havnen-i-sundby\/#article\",\"isPartOf\":{\"@id\":\"https:\/\/kunmedierne.dk\/mors\/flydemoler-rev-sig-loes-paa-havnen-i-sundby\/\"},\"author\":{\"name\":\"David H\u00f8jmark\",\"@id\":\"https:\/\/kunmedierne.dk\/mors\/#\/schema\/person\/5fe23251bf1d0abbcdc6f7896579d548\"},\"headline\":\"Flydemole rev sig l\u00f8s p\u00e5 havnen i Sundby\",\"datePublished\":\"2020-02-11T16:38:13+00:00\",\"dateModified\":\"2024-08-12T12:07:39+00:00\",\"mainEntityOfPage\":{\"@id\":\"https:\/\/kunmedierne.dk\/mors\/flydemoler-rev-sig-loes-paa-havnen-i-sundby\/\"},\"wordCount\":333,\"commentCount\":0,\"publisher\":{\"@id\":\"https:\/\/kunmedierne.dk\/mors\/#organization\"},\"image\":{\"@id\":\"https:\/\/kunmedierne.dk\/mors\/flydemoler-rev-sig-loes-paa-havnen-i-sundby\/#primaryimage\"},\"thumbnailUrl\":\"https:\/\/kunmedierne.dk\/mors\/wp-content\/uploads\/2020\/02\/200211-sundby-havn1.jpg\",\"articleSection\":[\"Lokalt\"],\"inLanguage\":\"da-DK\",\"potentialAction\":[{\"@type\":\"CommentAction\",\"name\":\"Comment\",\"target\":[\"https:\/\/kunmedierne.dk\/mors\/flydemoler-rev-sig-loes-paa-havnen-i-sundby\/#respond\"]}]},{\"@type\":\"WebPage\",\"@id\":\"https:\/\/kunmedierne.dk\/mors\/flydemoler-rev-sig-loes-paa-havnen-i-sundby\/\",\"url\":\"https:\/\/kunmedierne.dk\/mors\/flydemoler-rev-sig-loes-paa-havnen-i-sundby\/\",\"name\":\"Flydemole rev sig l\u00f8s p\u00e5 havnen i Sundby - Mors\",\"isPartOf\":{\"@id\":\"https:\/\/kunmedierne.dk\/mors\/#website\"},\"primaryImageOfPage\":{\"@id\":\"https:\/\/kunmedierne.dk\/mors\/flydemoler-rev-sig-loes-paa-havnen-i-sundby\/#primaryimage\"},\"image\":{\"@id\":\"https:\/\/kunmedierne.dk\/mors\/flydemoler-rev-sig-loes-paa-havnen-i-sundby\/#primaryimage\"},\"thumbnailUrl\":\"https:\/\/kunmedierne.dk\/mors\/wp-content\/uploads\/2020\/02\/200211-sundby-havn1.jpg\",\"datePublished\":\"2020-02-11T16:38:13+00:00\",\"dateModified\":\"2024-08-12T12:07:39+00:00\",\"breadcrumb\":{\"@id\":\"https:\/\/kunmedierne.dk\/mors\/flydemoler-rev-sig-loes-paa-havnen-i-sundby\/#breadcrumb\"},\"inLanguage\":\"da-DK\",\"potentialAction\":[{\"@type\":\"ReadAction\",\"target\":[\"https:\/\/kunmedierne.dk\/mors\/flydemoler-rev-sig-loes-paa-havnen-i-sundby\/\"]}]},{\"@type\":\"ImageObject\",\"inLanguage\":\"da-DK\",\"@id\":\"https:\/\/kunmedierne.dk\/mors\/flydemoler-rev-sig-loes-paa-havnen-i-sundby\/#primaryimage\",\"url\":\"https:\/\/kunmedierne.dk\/mors\/wp-content\/uploads\/2020\/02\/200211-sundby-havn1.jpg\",\"contentUrl\":\"https:\/\/kunmedierne.dk\/mors\/wp-content\/uploads\/2020\/02\/200211-sundby-havn1.jpg\",\"width\":770,\"height\":513,\"caption\":\"Det ene fort\u00f8jede betonelement. Foto: David H\u00f8jmark.\"},{\"@type\":\"BreadcrumbList\",\"@id\":\"https:\/\/kunmedierne.dk\/mors\/flydemoler-rev-sig-loes-paa-havnen-i-sundby\/#breadcrumb\",\"itemListElement\":[{\"@type\":\"ListItem\",\"position\":1,\"name\":\"Hjem\",\"item\":\"https:\/\/kunmedierne.dk\/mors\/\"},{\"@type\":\"ListItem\",\"position\":2,\"name\":\"Flydemole rev sig l\u00f8s p\u00e5 havnen i Sundby\"}]},{\"@type\":\"WebSite\",\"@id\":\"https:\/\/kunmedierne.dk\/mors\/#website\",\"url\":\"https:\/\/kunmedierne.dk\/mors\/\",\"name\":\"Mors\",\"description\":\"et netmedie med journalistik om livet p\u00e5 Mors\",\"publisher\":{\"@id\":\"https:\/\/kunmedierne.dk\/mors\/#organization\"},\"potentialAction\":[{\"@type\":\"SearchAction\",\"target\":{\"@type\":\"EntryPoint\",\"urlTemplate\":\"https:\/\/kunmedierne.dk\/mors\/?s={search_term_string}\"},\"query-input\":{\"@type\":\"PropertyValueSpecification\",\"valueRequired\":true,\"valueName\":\"search_term_string\"}}],\"inLanguage\":\"da-DK\"},{\"@type\":\"Organization\",\"@id\":\"https:\/\/kunmedierne.dk\/mors\/#organization\",\"name\":\"Mors\",\"url\":\"https:\/\/kunmedierne.dk\/mors\/\",\"logo\":{\"@type\":\"ImageObject\",\"inLanguage\":\"da-DK\",\"@id\":\"https:\/\/kunmedierne.dk\/mors\/#\/schema\/logo\/image\/\",\"url\":\"https:\/\/kunmedierne.dk\/mors\/wp-content\/uploads\/2024\/08\/kunmors-logo.svg\",\"contentUrl\":\"https:\/\/kunmedierne.dk\/mors\/wp-content\/uploads\/2024\/08\/kunmors-logo.svg\",\"caption\":\"Mors\"},\"image\":{\"@id\":\"https:\/\/kunmedierne.dk\/mors\/#\/schema\/logo\/image\/\"}},{\"@type\":\"Person\",\"@id\":\"https:\/\/kunmedierne.dk\/mors\/#\/schema\/person\/5fe23251bf1d0abbcdc6f7896579d548\",\"name\":\"David H\u00f8jmark\",\"image\":{\"@type\":\"ImageObject\",\"inLanguage\":\"da-DK\",\"@id\":\"https:\/\/kunmedierne.dk\/mors\/#\/schema\/person\/image\/\",\"url\":\"https:\/\/secure.gravatar.com\/avatar\/4315d6fb9ef244d729989f5f90268eb08d5bf8a3d84402f595fa194bb35784fd?s=96&d=mm&r=g\",\"contentUrl\":\"https:\/\/secure.gravatar.com\/avatar\/4315d6fb9ef244d729989f5f90268eb08d5bf8a3d84402f595fa194bb35784fd?s=96&d=mm&r=g\",\"caption\":\"David H\u00f8jmark\"},\"sameAs\":[\"https:\/\/www.kunmedierne.dk\"],\"url\":\"https:\/\/kunmedierne.dk\/mors\/author\/david\/\"}]}<\/script>\n<!-- \/ Yoast SEO plugin. -->","yoast_head_json":{"title":"Flydemole rev sig l\u00f8s p\u00e5 havnen i Sundby - Mors","robots":{"index":"index","follow":"follow","max-snippet":"max-snippet:-1","max-image-preview":"max-image-preview:large","max-video-preview":"max-video-preview:-1"},"canonical":"https:\/\/kunmedierne.dk\/mors\/flydemoler-rev-sig-loes-paa-havnen-i-sundby\/","og_locale":"da_DK","og_type":"article","og_title":"Flydemole rev sig l\u00f8s p\u00e5 havnen i Sundby - Mors","og_description":"SUNDBY: Flere nysgerrige end normalt p\u00e5 en regnv\u00e5d tirsdag i februar bes\u00f8gte i dag Sundby Mors Havn. Her rev to elementer af betonflydebroen sig l\u00f8s i s\u00f8ndagens storm og er p\u00e5 deres egen m\u00e5de nu et vidnesbyrd om de kr\u00e6fter, naturen til tider s\u00e6tter ind. Begge elementer er nu fort\u00f8jet, s\u00e5 de ikke igen kan [&hellip;]","og_url":"https:\/\/kunmedierne.dk\/mors\/flydemoler-rev-sig-loes-paa-havnen-i-sundby\/","og_site_name":"Mors","article_published_time":"2020-02-11T16:38:13+00:00","article_modified_time":"2024-08-12T12:07:39+00:00","og_image":[{"width":770,"height":513,"url":"https:\/\/kunmedierne.dk\/mors\/wp-content\/uploads\/2020\/02\/200211-sundby-havn1.jpg","type":"image\/jpeg"}],"author":"David H\u00f8jmark","twitter_card":"summary_large_image","twitter_misc":{"Skrevet af":"David H\u00f8jmark","Estimeret l\u00e6setid":"2 minutter"},"schema":{"@context":"https:\/\/schema.org","@graph":[{"@type":"Article","@id":"https:\/\/kunmedierne.dk\/mors\/flydemoler-rev-sig-loes-paa-havnen-i-sundby\/#article","isPartOf":{"@id":"https:\/\/kunmedierne.dk\/mors\/flydemoler-rev-sig-loes-paa-havnen-i-sundby\/"},"author":{"name":"David H\u00f8jmark","@id":"https:\/\/kunmedierne.dk\/mors\/#\/schema\/person\/5fe23251bf1d0abbcdc6f7896579d548"},"headline":"Flydemole rev sig l\u00f8s p\u00e5 havnen i Sundby","datePublished":"2020-02-11T16:38:13+00:00","dateModified":"2024-08-12T12:07:39+00:00","mainEntityOfPage":{"@id":"https:\/\/kunmedierne.dk\/mors\/flydemoler-rev-sig-loes-paa-havnen-i-sundby\/"},"wordCount":333,"commentCount":0,"publisher":{"@id":"https:\/\/kunmedierne.dk\/mors\/#organization"},"image":{"@id":"https:\/\/kunmedierne.dk\/mors\/flydemoler-rev-sig-loes-paa-havnen-i-sundby\/#primaryimage"},"thumbnailUrl":"https:\/\/kunmedierne.dk\/mors\/wp-content\/uploads\/2020\/02\/200211-sundby-havn1.jpg","articleSection":["Lokalt"],"inLanguage":"da-DK","potentialAction":[{"@type":"CommentAction","name":"Comment","target":["https:\/\/kunmedierne.dk\/mors\/flydemoler-rev-sig-loes-paa-havnen-i-sundby\/#respond"]}]},{"@type":"WebPage","@id":"https:\/\/kunmedierne.dk\/mors\/flydemoler-rev-sig-loes-paa-havnen-i-sundby\/","url":"https:\/\/kunmedierne.dk\/mors\/flydemoler-rev-sig-loes-paa-havnen-i-sundby\/","name":"Flydemole rev sig l\u00f8s p\u00e5 havnen i Sundby - Mors","isPartOf":{"@id":"https:\/\/kunmedierne.dk\/mors\/#website"},"primaryImageOfPage":{"@id":"https:\/\/kunmedierne.dk\/mors\/flydemoler-rev-sig-loes-paa-havnen-i-sundby\/#primaryimage"},"image":{"@id":"https:\/\/kunmedierne.dk\/mors\/flydemoler-rev-sig-loes-paa-havnen-i-sundby\/#primaryimage"},"thumbnailUrl":"https:\/\/kunmedierne.dk\/mors\/wp-content\/uploads\/2020\/02\/200211-sundby-havn1.jpg","datePublished":"2020-02-11T16:38:13+00:00","dateModified":"2024-08-12T12:07:39+00:00","breadcrumb":{"@id":"https:\/\/kunmedierne.dk\/mors\/flydemoler-rev-sig-loes-paa-havnen-i-sundby\/#breadcrumb"},"inLanguage":"da-DK","potentialAction":[{"@type":"ReadAction","target":["https:\/\/kunmedierne.dk\/mors\/flydemoler-rev-sig-loes-paa-havnen-i-sundby\/"]}]},{"@type":"ImageObject","inLanguage":"da-DK","@id":"https:\/\/kunmedierne.dk\/mors\/flydemoler-rev-sig-loes-paa-havnen-i-sundby\/#primaryimage","url":"https:\/\/kunmedierne.dk\/mors\/wp-content\/uploads\/2020\/02\/200211-sundby-havn1.jpg","contentUrl":"https:\/\/kunmedierne.dk\/mors\/wp-content\/uploads\/2020\/02\/200211-sundby-havn1.jpg","width":770,"height":513,"caption":"Det ene fort\u00f8jede betonelement. Foto: David H\u00f8jmark."},{"@type":"BreadcrumbList","@id":"https:\/\/kunmedierne.dk\/mors\/flydemoler-rev-sig-loes-paa-havnen-i-sundby\/#breadcrumb","itemListElement":[{"@type":"ListItem","position":1,"name":"Hjem","item":"https:\/\/kunmedierne.dk\/mors\/"},{"@type":"ListItem","position":2,"name":"Flydemole rev sig l\u00f8s p\u00e5 havnen i Sundby"}]},{"@type":"WebSite","@id":"https:\/\/kunmedierne.dk\/mors\/#website","url":"https:\/\/kunmedierne.dk\/mors\/","name":"Mors","description":"et netmedie med journalistik om livet p\u00e5 Mors","publisher":{"@id":"https:\/\/kunmedierne.dk\/mors\/#organization"},"potentialAction":[{"@type":"SearchAction","target":{"@type":"EntryPoint","urlTemplate":"https:\/\/kunmedierne.dk\/mors\/?s={search_term_string}"},"query-input":{"@type":"PropertyValueSpecification","valueRequired":true,"valueName":"search_term_string"}}],"inLanguage":"da-DK"},{"@type":"Organization","@id":"https:\/\/kunmedierne.dk\/mors\/#organization","name":"Mors","url":"https:\/\/kunmedierne.dk\/mors\/","logo":{"@type":"ImageObject","inLanguage":"da-DK","@id":"https:\/\/kunmedierne.dk\/mors\/#\/schema\/logo\/image\/","url":"https:\/\/kunmedierne.dk\/mors\/wp-content\/uploads\/2024\/08\/kunmors-logo.svg","contentUrl":"https:\/\/kunmedierne.dk\/mors\/wp-content\/uploads\/2024\/08\/kunmors-logo.svg","caption":"Mors"},"image":{"@id":"https:\/\/kunmedierne.dk\/mors\/#\/schema\/logo\/image\/"}},{"@type":"Person","@id":"https:\/\/kunmedierne.dk\/mors\/#\/schema\/person\/5fe23251bf1d0abbcdc6f7896579d548","name":"David H\u00f8jmark","image":{"@type":"ImageObject","inLanguage":"da-DK","@id":"https:\/\/kunmedierne.dk\/mors\/#\/schema\/person\/image\/","url":"https:\/\/secure.gravatar.com\/avatar\/4315d6fb9ef244d729989f5f90268eb08d5bf8a3d84402f595fa194bb35784fd?s=96&d=mm&r=g","contentUrl":"https:\/\/secure.gravatar.com\/avatar\/4315d6fb9ef244d729989f5f90268eb08d5bf8a3d84402f595fa194bb35784fd?s=96&d=mm&r=g","caption":"David H\u00f8jmark"},"sameAs":["https:\/\/www.kunmedierne.dk"],"url":"https:\/\/kunmedierne.dk\/mors\/author\/david\/"}]}},"_links":{"self":[{"href":"https:\/\/kunmedierne.dk\/mors\/wp-json\/wp\/v2\/posts\/7079","targetHints":{"allow":["GET"]}}],"collection":[{"href":"https:\/\/kunmedierne.dk\/mors\/wp-json\/wp\/v2\/posts"}],"about":[{"href":"https:\/\/kunmedierne.dk\/mors\/wp-json\/wp\/v2\/types\/post"}],"author":[{"embeddable":true,"href":"https:\/\/kunmedierne.dk\/mors\/wp-json\/wp\/v2\/users\/8"}],"replies":[{"embeddable":true,"href":"https:\/\/kunmedierne.dk\/mors\/wp-json\/wp\/v2\/comments?post=7079"}],"version-history":[{"count":3,"href":"https:\/\/kunmedierne.dk\/mors\/wp-json\/wp\/v2\/posts\/7079\/revisions"}],"predecessor-version":[{"id":7094,"href":"https:\/\/kunmedierne.dk\/mors\/wp-json\/wp\/v2\/posts\/7079\/revisions\/7094"}],"wp:featuredmedia":[{"embeddable":true,"href":"https:\/\/kunmedierne.dk\/mors\/wp-json\/wp\/v2\/media\/7080"}],"wp:attachment":[{"href":"https:\/\/kunmedierne.dk\/mors\/wp-json\/wp\/v2\/media?parent=7079"}],"wp:term":[{"taxonomy":"category","embeddable":true,"href":"https:\/\/kunmedierne.dk\/mors\/wp-json\/wp\/v2\/categories?post=7079"},{"taxonomy":"post_tag","embeddable":true,"href":"https:\/\/kunmedierne.dk\/mors\/wp-json\/wp\/v2\/tags?post=7079"}],"curies":[{"name":"wp","href":"https:\/\/api.w.org\/{rel}","templated":true}]}}