{"id":70611,"date":"2022-05-28T19:14:21","date_gmt":"2022-05-28T17:14:21","guid":{"rendered":"https:\/\/kunmedierne.dk\/mors\/?p=70611"},"modified":"2024-08-12T13:28:01","modified_gmt":"2024-08-12T11:28:01","slug":"tag-paa-saelsafari-med-skaldyrsfestivalen-2022","status":"publish","type":"post","link":"https:\/\/kunmedierne.dk\/mors\/tag-paa-saelsafari-med-skaldyrsfestivalen-2022\/","title":{"rendered":"Tag p\u00e5 s\u00e6lsafari med Skaldyrsfestivalen 2022"},"content":{"rendered":"<p><b>MORS: <\/b><span style=\"font-weight: 400;\">\u00c5rligt skydes sommersejladsen p\u00e5 Limfjorden i gang i forbindelse med Skaldyrsfestivalen 4. juni. Og p\u00e5 listen over aktiviteter st\u00e5r \u2018s\u00e6lsafarien\u2019 som noget forholdsvis nyt.\u00a0<\/span><\/p>\n<p><span style=\"font-weight: 400;\">Her st\u00e6vner turb\u00e5den, under navnet Bertha K., ud klokken 14.00 fra havnen i Nyk\u00f8bing med retning mod Blinder\u00f8n, hvor s\u00e6lerne ligger grupperet p\u00e5 r\u00f8nnen og soler sig. Noget der bedst beskrives med arrang\u00f8rernes egne ord:<\/span><\/p>\n<p><span style=\"font-weight: 400;\">\u201cEt sk\u00f8nt skue at se de store dyr ligge side om side p\u00e5 r\u00f8nnen. S\u00e6lerne lever ved Blinder\u00f8n \u00e5ret rundt, og det vrimler med dem i Limfjorden.\u201d<\/span><\/p>\n<p><span style=\"font-weight: 400;\"><a class=\"dvrt-link\" onClick=\"cdmtrack_click(104780,jQuery(this));return false\" href=\"https:\/\/www.spard.dk\/\"><img decoding=\"async\" style=\"width:100%;\" src=\"https:\/\/kunmedierne.dk\/mors\/wp-content\/uploads\/2023\/12\/sparekassen-dk-maj25.gif\"><\/a><script>cdmtrack_view(104780);<\/script><\/span><\/p>\n<p><span style=\"font-weight: 400;\">P\u00e5 turb\u00e5den er der p\u00e5 dagene, hvor det st\u00e5r p\u00e5 s\u00e6lsafari, ogs\u00e5 mulighed for at hygge med b\u00e5de kaffe og kage undervejs. Og p\u00e5 aftenturene er der hertil mulighed for at tilk\u00f8be aftensmaden, hvortil frokost-turene kan tilk\u00f8be sig en frokostplatte med b\u00e5de lunt og koldt.<\/span><\/p>\n<p><span style=\"font-weight: 400;\">\u201cS\u00e6lsafarien er blandt de mest popul\u00e6re sejlture fra Nyk\u00f8bing, og absolut en oplevelse for hele familien,\u201d Bente Kristensen.\u00a0<\/span><\/p>\n<p><span style=\"font-weight: 400;\"><a class=\"dvrt-link\" onClick=\"cdmtrack_click(104781,jQuery(this));return false\" href=\"https:\/\/www.fmspks.dk\/\"><img decoding=\"async\" style=\"width:100%;\" src=\"https:\/\/kunmedierne.dk\/mors\/wp-content\/uploads\/2022\/02\/vip-froeslev-mollerup-sparekasse.jpg\"><\/a><script>cdmtrack_view(104781);<\/script><\/span><\/p>\n<p><span style=\"font-weight: 400;\">Billetterne kan bookes p\u00e5 www.visitmors.dk eller ved henvendelse til VisitMors \/ Mors\u00f8 Turistbureau, Havnen 4, Nyk\u00f8bing tlf. 9772 0488. Her kan datoerne for afgangene til de forskellige destinationer ogs\u00e5 ses. <\/span><\/p>\n","protected":false},"excerpt":{"rendered":"<p>MORS: \u00c5rligt skydes sommersejladsen p\u00e5 Limfjorden i gang i forbindelse med Skaldyrsfestivalen 4. juni. Og p\u00e5 listen over aktiviteter st\u00e5r \u2018s\u00e6lsafarien\u2019 som noget forholdsvis nyt.\u00a0 Her st\u00e6vner turb\u00e5den, under navnet Bertha K., ud klokken 14.00 fra havnen i Nyk\u00f8bing med retning mod Blinder\u00f8n, hvor s\u00e6lerne ligger grupperet p\u00e5 r\u00f8nnen og soler sig. Noget der bedst [&hellip;]<\/p>\n","protected":false},"author":2076,"featured_media":70614,"comment_status":"closed","ping_status":"open","sticky":false,"template":"","format":"standard","meta":{"_acf_changed":false,"footnotes":""},"categories":[51],"tags":[196,169,171],"class_list":["post-70611","post","type-post","status-publish","format-standard","has-post-thumbnail","hentry","category-lokalt","tag-foreningsliv","tag-skaldyr","tag-turisme"],"acf":[],"yoast_head":"<!-- This site is optimized with the Yoast SEO plugin v26.8 - https:\/\/yoast.com\/product\/yoast-seo-wordpress\/ -->\n<title>Tag p\u00e5 s\u00e6lsafari med Skaldyrsfestivalen 2022 - Mors<\/title>\n<meta name=\"robots\" content=\"index, follow, max-snippet:-1, max-image-preview:large, max-video-preview:-1\" \/>\n<link rel=\"canonical\" href=\"https:\/\/kunmedierne.dk\/mors\/tag-paa-saelsafari-med-skaldyrsfestivalen-2022\/\" \/>\n<meta property=\"og:locale\" content=\"da_DK\" \/>\n<meta property=\"og:type\" content=\"article\" \/>\n<meta property=\"og:title\" content=\"Tag p\u00e5 s\u00e6lsafari med Skaldyrsfestivalen 2022 - Mors\" \/>\n<meta property=\"og:description\" content=\"MORS: \u00c5rligt skydes sommersejladsen p\u00e5 Limfjorden i gang i forbindelse med Skaldyrsfestivalen 4. juni. Og p\u00e5 listen over aktiviteter st\u00e5r \u2018s\u00e6lsafarien\u2019 som noget forholdsvis nyt.\u00a0 Her st\u00e6vner turb\u00e5den, under navnet Bertha K., ud klokken 14.00 fra havnen i Nyk\u00f8bing med retning mod Blinder\u00f8n, hvor s\u00e6lerne ligger grupperet p\u00e5 r\u00f8nnen og soler sig. Noget der bedst [&hellip;]\" \/>\n<meta property=\"og:url\" content=\"https:\/\/kunmedierne.dk\/mors\/tag-paa-saelsafari-med-skaldyrsfestivalen-2022\/\" \/>\n<meta property=\"og:site_name\" content=\"Mors\" \/>\n<meta property=\"article:published_time\" content=\"2022-05-28T17:14:21+00:00\" \/>\n<meta property=\"article:modified_time\" content=\"2024-08-12T11:28:01+00:00\" \/>\n<meta property=\"og:image\" content=\"https:\/\/kunmedierne.dk\/mors\/wp-content\/uploads\/2022\/05\/IMG_0621-2.jpg\" \/>\n\t<meta property=\"og:image:width\" content=\"1920\" \/>\n\t<meta property=\"og:image:height\" content=\"1280\" \/>\n\t<meta property=\"og:image:type\" content=\"image\/jpeg\" \/>\n<meta name=\"author\" content=\"Alen Durakovic\" \/>\n<meta name=\"twitter:card\" content=\"summary_large_image\" \/>\n<meta name=\"twitter:label1\" content=\"Skrevet af\" \/>\n\t<meta name=\"twitter:data1\" content=\"Alen Durakovic\" \/>\n\t<meta name=\"twitter:label2\" content=\"Estimeret l\u00e6setid\" \/>\n\t<meta name=\"twitter:data2\" content=\"2 minutter\" \/>\n<script type=\"application\/ld+json\" class=\"yoast-schema-graph\">{\"@context\":\"https:\/\/schema.org\",\"@graph\":[{\"@type\":\"Article\",\"@id\":\"https:\/\/kunmedierne.dk\/mors\/tag-paa-saelsafari-med-skaldyrsfestivalen-2022\/#article\",\"isPartOf\":{\"@id\":\"https:\/\/kunmedierne.dk\/mors\/tag-paa-saelsafari-med-skaldyrsfestivalen-2022\/\"},\"author\":{\"name\":\"Alen Durakovic\",\"@id\":\"https:\/\/kunmedierne.dk\/mors\/#\/schema\/person\/227d8cf5702b0b374e260da71394f51a\"},\"headline\":\"Tag p\u00e5 s\u00e6lsafari med Skaldyrsfestivalen 2022\",\"datePublished\":\"2022-05-28T17:14:21+00:00\",\"dateModified\":\"2024-08-12T11:28:01+00:00\",\"mainEntityOfPage\":{\"@id\":\"https:\/\/kunmedierne.dk\/mors\/tag-paa-saelsafari-med-skaldyrsfestivalen-2022\/\"},\"wordCount\":210,\"publisher\":{\"@id\":\"https:\/\/kunmedierne.dk\/mors\/#organization\"},\"image\":{\"@id\":\"https:\/\/kunmedierne.dk\/mors\/tag-paa-saelsafari-med-skaldyrsfestivalen-2022\/#primaryimage\"},\"thumbnailUrl\":\"https:\/\/kunmedierne.dk\/mors\/wp-content\/uploads\/2022\/05\/IMG_0621-2.jpg\",\"keywords\":[\"Foreningsliv\",\"Skaldyr\",\"Turisme\"],\"articleSection\":[\"Lokalt\"],\"inLanguage\":\"da-DK\"},{\"@type\":\"WebPage\",\"@id\":\"https:\/\/kunmedierne.dk\/mors\/tag-paa-saelsafari-med-skaldyrsfestivalen-2022\/\",\"url\":\"https:\/\/kunmedierne.dk\/mors\/tag-paa-saelsafari-med-skaldyrsfestivalen-2022\/\",\"name\":\"Tag p\u00e5 s\u00e6lsafari med Skaldyrsfestivalen 2022 - Mors\",\"isPartOf\":{\"@id\":\"https:\/\/kunmedierne.dk\/mors\/#website\"},\"primaryImageOfPage\":{\"@id\":\"https:\/\/kunmedierne.dk\/mors\/tag-paa-saelsafari-med-skaldyrsfestivalen-2022\/#primaryimage\"},\"image\":{\"@id\":\"https:\/\/kunmedierne.dk\/mors\/tag-paa-saelsafari-med-skaldyrsfestivalen-2022\/#primaryimage\"},\"thumbnailUrl\":\"https:\/\/kunmedierne.dk\/mors\/wp-content\/uploads\/2022\/05\/IMG_0621-2.jpg\",\"datePublished\":\"2022-05-28T17:14:21+00:00\",\"dateModified\":\"2024-08-12T11:28:01+00:00\",\"breadcrumb\":{\"@id\":\"https:\/\/kunmedierne.dk\/mors\/tag-paa-saelsafari-med-skaldyrsfestivalen-2022\/#breadcrumb\"},\"inLanguage\":\"da-DK\",\"potentialAction\":[{\"@type\":\"ReadAction\",\"target\":[\"https:\/\/kunmedierne.dk\/mors\/tag-paa-saelsafari-med-skaldyrsfestivalen-2022\/\"]}]},{\"@type\":\"ImageObject\",\"inLanguage\":\"da-DK\",\"@id\":\"https:\/\/kunmedierne.dk\/mors\/tag-paa-saelsafari-med-skaldyrsfestivalen-2022\/#primaryimage\",\"url\":\"https:\/\/kunmedierne.dk\/mors\/wp-content\/uploads\/2022\/05\/IMG_0621-2.jpg\",\"contentUrl\":\"https:\/\/kunmedierne.dk\/mors\/wp-content\/uploads\/2022\/05\/IMG_0621-2.jpg\",\"width\":1920,\"height\":1280,\"caption\":\"En flok turister p\u00e5 s\u00e6lsafari n\u00e6r Blinder\u00f8n, hvor s\u00e6lerne ligger og soler sig. Foto: VisitMors.\"},{\"@type\":\"BreadcrumbList\",\"@id\":\"https:\/\/kunmedierne.dk\/mors\/tag-paa-saelsafari-med-skaldyrsfestivalen-2022\/#breadcrumb\",\"itemListElement\":[{\"@type\":\"ListItem\",\"position\":1,\"name\":\"Hjem\",\"item\":\"https:\/\/kunmedierne.dk\/mors\/\"},{\"@type\":\"ListItem\",\"position\":2,\"name\":\"Tag p\u00e5 s\u00e6lsafari med Skaldyrsfestivalen 2022\"}]},{\"@type\":\"WebSite\",\"@id\":\"https:\/\/kunmedierne.dk\/mors\/#website\",\"url\":\"https:\/\/kunmedierne.dk\/mors\/\",\"name\":\"Mors\",\"description\":\"et netmedie med journalistik om livet p\u00e5 Mors\",\"publisher\":{\"@id\":\"https:\/\/kunmedierne.dk\/mors\/#organization\"},\"potentialAction\":[{\"@type\":\"SearchAction\",\"target\":{\"@type\":\"EntryPoint\",\"urlTemplate\":\"https:\/\/kunmedierne.dk\/mors\/?s={search_term_string}\"},\"query-input\":{\"@type\":\"PropertyValueSpecification\",\"valueRequired\":true,\"valueName\":\"search_term_string\"}}],\"inLanguage\":\"da-DK\"},{\"@type\":\"Organization\",\"@id\":\"https:\/\/kunmedierne.dk\/mors\/#organization\",\"name\":\"Mors\",\"url\":\"https:\/\/kunmedierne.dk\/mors\/\",\"logo\":{\"@type\":\"ImageObject\",\"inLanguage\":\"da-DK\",\"@id\":\"https:\/\/kunmedierne.dk\/mors\/#\/schema\/logo\/image\/\",\"url\":\"https:\/\/kunmedierne.dk\/mors\/wp-content\/uploads\/2024\/08\/kunmors-logo.svg\",\"contentUrl\":\"https:\/\/kunmedierne.dk\/mors\/wp-content\/uploads\/2024\/08\/kunmors-logo.svg\",\"caption\":\"Mors\"},\"image\":{\"@id\":\"https:\/\/kunmedierne.dk\/mors\/#\/schema\/logo\/image\/\"}},{\"@type\":\"Person\",\"@id\":\"https:\/\/kunmedierne.dk\/mors\/#\/schema\/person\/227d8cf5702b0b374e260da71394f51a\",\"name\":\"Alen Durakovic\",\"image\":{\"@type\":\"ImageObject\",\"inLanguage\":\"da-DK\",\"@id\":\"https:\/\/kunmedierne.dk\/mors\/#\/schema\/person\/image\/\",\"url\":\"https:\/\/secure.gravatar.com\/avatar\/9ee922eb32af8e241a9877f74ada84885bb981b823987c36689731f2de72da9b?s=96&d=mm&r=g\",\"contentUrl\":\"https:\/\/secure.gravatar.com\/avatar\/9ee922eb32af8e241a9877f74ada84885bb981b823987c36689731f2de72da9b?s=96&d=mm&r=g\",\"caption\":\"Alen Durakovic\"},\"url\":\"https:\/\/kunmedierne.dk\/mors\/author\/alen-durakovic\/\"}]}<\/script>\n<!-- \/ Yoast SEO plugin. -->","yoast_head_json":{"title":"Tag p\u00e5 s\u00e6lsafari med Skaldyrsfestivalen 2022 - Mors","robots":{"index":"index","follow":"follow","max-snippet":"max-snippet:-1","max-image-preview":"max-image-preview:large","max-video-preview":"max-video-preview:-1"},"canonical":"https:\/\/kunmedierne.dk\/mors\/tag-paa-saelsafari-med-skaldyrsfestivalen-2022\/","og_locale":"da_DK","og_type":"article","og_title":"Tag p\u00e5 s\u00e6lsafari med Skaldyrsfestivalen 2022 - Mors","og_description":"MORS: \u00c5rligt skydes sommersejladsen p\u00e5 Limfjorden i gang i forbindelse med Skaldyrsfestivalen 4. juni. Og p\u00e5 listen over aktiviteter st\u00e5r \u2018s\u00e6lsafarien\u2019 som noget forholdsvis nyt.\u00a0 Her st\u00e6vner turb\u00e5den, under navnet Bertha K., ud klokken 14.00 fra havnen i Nyk\u00f8bing med retning mod Blinder\u00f8n, hvor s\u00e6lerne ligger grupperet p\u00e5 r\u00f8nnen og soler sig. Noget der bedst [&hellip;]","og_url":"https:\/\/kunmedierne.dk\/mors\/tag-paa-saelsafari-med-skaldyrsfestivalen-2022\/","og_site_name":"Mors","article_published_time":"2022-05-28T17:14:21+00:00","article_modified_time":"2024-08-12T11:28:01+00:00","og_image":[{"width":1920,"height":1280,"url":"https:\/\/kunmedierne.dk\/mors\/wp-content\/uploads\/2022\/05\/IMG_0621-2.jpg","type":"image\/jpeg"}],"author":"Alen Durakovic","twitter_card":"summary_large_image","twitter_misc":{"Skrevet af":"Alen Durakovic","Estimeret l\u00e6setid":"2 minutter"},"schema":{"@context":"https:\/\/schema.org","@graph":[{"@type":"Article","@id":"https:\/\/kunmedierne.dk\/mors\/tag-paa-saelsafari-med-skaldyrsfestivalen-2022\/#article","isPartOf":{"@id":"https:\/\/kunmedierne.dk\/mors\/tag-paa-saelsafari-med-skaldyrsfestivalen-2022\/"},"author":{"name":"Alen Durakovic","@id":"https:\/\/kunmedierne.dk\/mors\/#\/schema\/person\/227d8cf5702b0b374e260da71394f51a"},"headline":"Tag p\u00e5 s\u00e6lsafari med Skaldyrsfestivalen 2022","datePublished":"2022-05-28T17:14:21+00:00","dateModified":"2024-08-12T11:28:01+00:00","mainEntityOfPage":{"@id":"https:\/\/kunmedierne.dk\/mors\/tag-paa-saelsafari-med-skaldyrsfestivalen-2022\/"},"wordCount":210,"publisher":{"@id":"https:\/\/kunmedierne.dk\/mors\/#organization"},"image":{"@id":"https:\/\/kunmedierne.dk\/mors\/tag-paa-saelsafari-med-skaldyrsfestivalen-2022\/#primaryimage"},"thumbnailUrl":"https:\/\/kunmedierne.dk\/mors\/wp-content\/uploads\/2022\/05\/IMG_0621-2.jpg","keywords":["Foreningsliv","Skaldyr","Turisme"],"articleSection":["Lokalt"],"inLanguage":"da-DK"},{"@type":"WebPage","@id":"https:\/\/kunmedierne.dk\/mors\/tag-paa-saelsafari-med-skaldyrsfestivalen-2022\/","url":"https:\/\/kunmedierne.dk\/mors\/tag-paa-saelsafari-med-skaldyrsfestivalen-2022\/","name":"Tag p\u00e5 s\u00e6lsafari med Skaldyrsfestivalen 2022 - Mors","isPartOf":{"@id":"https:\/\/kunmedierne.dk\/mors\/#website"},"primaryImageOfPage":{"@id":"https:\/\/kunmedierne.dk\/mors\/tag-paa-saelsafari-med-skaldyrsfestivalen-2022\/#primaryimage"},"image":{"@id":"https:\/\/kunmedierne.dk\/mors\/tag-paa-saelsafari-med-skaldyrsfestivalen-2022\/#primaryimage"},"thumbnailUrl":"https:\/\/kunmedierne.dk\/mors\/wp-content\/uploads\/2022\/05\/IMG_0621-2.jpg","datePublished":"2022-05-28T17:14:21+00:00","dateModified":"2024-08-12T11:28:01+00:00","breadcrumb":{"@id":"https:\/\/kunmedierne.dk\/mors\/tag-paa-saelsafari-med-skaldyrsfestivalen-2022\/#breadcrumb"},"inLanguage":"da-DK","potentialAction":[{"@type":"ReadAction","target":["https:\/\/kunmedierne.dk\/mors\/tag-paa-saelsafari-med-skaldyrsfestivalen-2022\/"]}]},{"@type":"ImageObject","inLanguage":"da-DK","@id":"https:\/\/kunmedierne.dk\/mors\/tag-paa-saelsafari-med-skaldyrsfestivalen-2022\/#primaryimage","url":"https:\/\/kunmedierne.dk\/mors\/wp-content\/uploads\/2022\/05\/IMG_0621-2.jpg","contentUrl":"https:\/\/kunmedierne.dk\/mors\/wp-content\/uploads\/2022\/05\/IMG_0621-2.jpg","width":1920,"height":1280,"caption":"En flok turister p\u00e5 s\u00e6lsafari n\u00e6r Blinder\u00f8n, hvor s\u00e6lerne ligger og soler sig. Foto: VisitMors."},{"@type":"BreadcrumbList","@id":"https:\/\/kunmedierne.dk\/mors\/tag-paa-saelsafari-med-skaldyrsfestivalen-2022\/#breadcrumb","itemListElement":[{"@type":"ListItem","position":1,"name":"Hjem","item":"https:\/\/kunmedierne.dk\/mors\/"},{"@type":"ListItem","position":2,"name":"Tag p\u00e5 s\u00e6lsafari med Skaldyrsfestivalen 2022"}]},{"@type":"WebSite","@id":"https:\/\/kunmedierne.dk\/mors\/#website","url":"https:\/\/kunmedierne.dk\/mors\/","name":"Mors","description":"et netmedie med journalistik om livet p\u00e5 Mors","publisher":{"@id":"https:\/\/kunmedierne.dk\/mors\/#organization"},"potentialAction":[{"@type":"SearchAction","target":{"@type":"EntryPoint","urlTemplate":"https:\/\/kunmedierne.dk\/mors\/?s={search_term_string}"},"query-input":{"@type":"PropertyValueSpecification","valueRequired":true,"valueName":"search_term_string"}}],"inLanguage":"da-DK"},{"@type":"Organization","@id":"https:\/\/kunmedierne.dk\/mors\/#organization","name":"Mors","url":"https:\/\/kunmedierne.dk\/mors\/","logo":{"@type":"ImageObject","inLanguage":"da-DK","@id":"https:\/\/kunmedierne.dk\/mors\/#\/schema\/logo\/image\/","url":"https:\/\/kunmedierne.dk\/mors\/wp-content\/uploads\/2024\/08\/kunmors-logo.svg","contentUrl":"https:\/\/kunmedierne.dk\/mors\/wp-content\/uploads\/2024\/08\/kunmors-logo.svg","caption":"Mors"},"image":{"@id":"https:\/\/kunmedierne.dk\/mors\/#\/schema\/logo\/image\/"}},{"@type":"Person","@id":"https:\/\/kunmedierne.dk\/mors\/#\/schema\/person\/227d8cf5702b0b374e260da71394f51a","name":"Alen Durakovic","image":{"@type":"ImageObject","inLanguage":"da-DK","@id":"https:\/\/kunmedierne.dk\/mors\/#\/schema\/person\/image\/","url":"https:\/\/secure.gravatar.com\/avatar\/9ee922eb32af8e241a9877f74ada84885bb981b823987c36689731f2de72da9b?s=96&d=mm&r=g","contentUrl":"https:\/\/secure.gravatar.com\/avatar\/9ee922eb32af8e241a9877f74ada84885bb981b823987c36689731f2de72da9b?s=96&d=mm&r=g","caption":"Alen Durakovic"},"url":"https:\/\/kunmedierne.dk\/mors\/author\/alen-durakovic\/"}]}},"_links":{"self":[{"href":"https:\/\/kunmedierne.dk\/mors\/wp-json\/wp\/v2\/posts\/70611","targetHints":{"allow":["GET"]}}],"collection":[{"href":"https:\/\/kunmedierne.dk\/mors\/wp-json\/wp\/v2\/posts"}],"about":[{"href":"https:\/\/kunmedierne.dk\/mors\/wp-json\/wp\/v2\/types\/post"}],"author":[{"embeddable":true,"href":"https:\/\/kunmedierne.dk\/mors\/wp-json\/wp\/v2\/users\/2076"}],"replies":[{"embeddable":true,"href":"https:\/\/kunmedierne.dk\/mors\/wp-json\/wp\/v2\/comments?post=70611"}],"version-history":[{"count":2,"href":"https:\/\/kunmedierne.dk\/mors\/wp-json\/wp\/v2\/posts\/70611\/revisions"}],"predecessor-version":[{"id":70651,"href":"https:\/\/kunmedierne.dk\/mors\/wp-json\/wp\/v2\/posts\/70611\/revisions\/70651"}],"wp:featuredmedia":[{"embeddable":true,"href":"https:\/\/kunmedierne.dk\/mors\/wp-json\/wp\/v2\/media\/70614"}],"wp:attachment":[{"href":"https:\/\/kunmedierne.dk\/mors\/wp-json\/wp\/v2\/media?parent=70611"}],"wp:term":[{"taxonomy":"category","embeddable":true,"href":"https:\/\/kunmedierne.dk\/mors\/wp-json\/wp\/v2\/categories?post=70611"},{"taxonomy":"post_tag","embeddable":true,"href":"https:\/\/kunmedierne.dk\/mors\/wp-json\/wp\/v2\/tags?post=70611"}],"curies":[{"name":"wp","href":"https:\/\/api.w.org\/{rel}","templated":true}]}}