{"id":70598,"date":"2022-05-27T16:31:54","date_gmt":"2022-05-27T14:31:54","guid":{"rendered":"https:\/\/kunmedierne.dk\/mors\/?p=70598"},"modified":"2024-08-12T13:28:01","modified_gmt":"2024-08-12T11:28:01","slug":"dygtige-ernaeringsassistentelever-skal-dyste-ved-nordjysk-mesterskab","status":"publish","type":"post","link":"https:\/\/kunmedierne.dk\/mors\/dygtige-ernaeringsassistentelever-skal-dyste-ved-nordjysk-mesterskab\/","title":{"rendered":"Dygtige ern\u00e6ringsassistentelever skal dyste ved Nordjysk Mesterskab"},"content":{"rendered":"<p><b>MORS: <\/b><span style=\"font-weight: 400;\">Torsdag\u00a0 2. juni skal 10 af Nordjyllands dygtigste ern\u00e6ringsassistentelever dyste\u00a0 ved Nordjysk Mesterskab for ern\u00e6ringsassistentelever.\u00a0<\/span><\/p>\n<p><span style=\"font-weight: 400;\">Konkurrencen afholdes p\u00e5 EUC Nord i Hj\u00f8rring, hvor EUC Nordvest er repr\u00e6senteret med hele tre dygtige elever. Under konkurrencen skal eleverne hver is\u00e6r \u2013 og med udgangspunkt i de nye kostr\u00e5d og godt h\u00e5ndv\u00e6rk \u2013 kreere en hovedret, en biret og et mellemm\u00e5ltid. Herefter pr\u00e6senteres retterne for og vurderes af et dommerpanel.\u00a0<\/span><\/p>\n<p><span style=\"font-weight: 400;\"><a class=\"dvrt-link\" onClick=\"cdmtrack_click(104787,jQuery(this));return false\" href=\"https:\/\/www.jyskebank.dk\/kontakt\/afdelingsinfo?departmentid=11890\"><img decoding=\"async\" style=\"width:100%;\" src=\"https:\/\/kunmedierne.dk\/mors\/wp-content\/uploads\/2023\/10\/260325JyskeBankMorsNy-1.jpg\"><\/a><script>cdmtrack_view(104787);<\/script><\/span><\/p>\n<p><span style=\"font-weight: 400;\">\u201cVi har nogle virkelig dygtige elever, og de skal selvf\u00f8lgelig have lov til at komme ud og vise, hvad de kan og f\u00e5 muligheden for at dyste mod de bedste fra deres fag. Vi stiller st\u00e6rkt op med \u00e9n f\u00f8rste\u00e5rselev og to elever, der g\u00e5r p\u00e5 3. hovedforl\u00f8b, og vi er helt sikkert sp\u00e6ndte,\u201d lyder det fra uddannelsesleder Mette Skydt Jensen fra Culinary p\u00e5 Nordic Food College.<\/span><\/p>\n<p>&nbsp;<\/p>\n<p><b>Den sidste finpudsning er p\u00e5 plads\u00a0<\/b><\/p>\n<p><span style=\"font-weight: 400;\">Culinary stiller op med eleverne: Emma Nesager Krogsgaard, Tanja Enoksen Nielsen og Malene Gregersen.\u00a0<\/span><\/p>\n<p><span style=\"font-weight: 400;\">Forud for konkurrencen har de tre kandidater afholdt fire pr\u00f8veaftener p\u00e5 skolen, hvor de har kunnet sparre med deres undervisere, mens de har udviklet, tilpasset og afpr\u00f8vet deres retter og processer.<\/span><\/p>\n<p><span style=\"font-weight: 400;\"><a class=\"dvrt-link\" onClick=\"cdmtrack_click(104783,jQuery(this));return false\" href=\"https:\/\/konpap.dk\/\"><img decoding=\"async\" style=\"width:100%;\" src=\"https:\/\/kunmedierne.dk\/mors\/wp-content\/uploads\/2023\/10\/Kun-Mors-banner.jpg\"><\/a><script>cdmtrack_view(104783);<\/script><\/span><\/p>\n<p><span style=\"font-weight: 400;\">&#8211; Det har v\u00e6ret fedt med de her pr\u00f8veaftener, hvor vi har kunne pr\u00f8ve nogle ting af, finde ud af hvor lang tid de enkelte ting tager og f\u00e5 sparring omkring anretnings-tips og tricks. Det har bare v\u00e6ret s\u00e5 givtigt, og det har v\u00e6ret med til at udvikle min ret \u2013 s\u00e6rligt p\u00e5 den visuelle del. S\u00e5 jeg f\u00f8ler mig helt klar til konkurrencen nu, fort\u00e6ller Malene Gregersen, som har flere bev\u00e6ggrunde for at stille op.<\/span><\/p>\n<p><span style=\"font-weight: 400;\">EUC Nordvest oplyser dertil, at der vil v\u00e6re beh\u00f8rig opbakning, n\u00e5r de tre ern\u00e6ringsassistentelever dyster i konkurrencen, da alle Nordic Food Colleges GF2-elever m\u00f8der op som heppekor for at st\u00f8tte kammeraterne.<\/span><\/p>\n<blockquote>\n<h5>S\u00c5 NEMT KAN DU F\u00d8LGE MED P\u00c5 KUNMORS: Tilmeld dig den gratis KunMors-avisen nederst p\u00e5 siden og f\u00e5 et dagligt og nemt overblik over d\u00f8gnets artikler.<\/h5>\n<\/blockquote>\n<p>&nbsp;<\/p>\n","protected":false},"excerpt":{"rendered":"<p>MORS: Torsdag\u00a0 2. juni skal 10 af Nordjyllands dygtigste ern\u00e6ringsassistentelever dyste\u00a0 ved Nordjysk Mesterskab for ern\u00e6ringsassistentelever.\u00a0 Konkurrencen afholdes p\u00e5 EUC Nord i Hj\u00f8rring, hvor EUC Nordvest er repr\u00e6senteret med hele tre dygtige elever. Under konkurrencen skal eleverne hver is\u00e6r \u2013 og med udgangspunkt i de nye kostr\u00e5d og godt h\u00e5ndv\u00e6rk \u2013 kreere en hovedret, en [&hellip;]<\/p>\n","protected":false},"author":2076,"featured_media":70606,"comment_status":"closed","ping_status":"open","sticky":false,"template":"","format":"standard","meta":{"_acf_changed":false,"footnotes":""},"categories":[51],"tags":[170],"class_list":["post-70598","post","type-post","status-publish","format-standard","has-post-thumbnail","hentry","category-lokalt","tag-uddannelse"],"acf":[],"yoast_head":"<!-- This site is optimized with the Yoast SEO plugin v26.8 - https:\/\/yoast.com\/product\/yoast-seo-wordpress\/ -->\n<title>Dygtige ern\u00e6ringsassistentelever skal dyste ved Nordjysk Mesterskab - Mors<\/title>\n<meta name=\"robots\" content=\"index, follow, max-snippet:-1, max-image-preview:large, max-video-preview:-1\" \/>\n<link rel=\"canonical\" href=\"https:\/\/kunmedierne.dk\/mors\/dygtige-ernaeringsassistentelever-skal-dyste-ved-nordjysk-mesterskab\/\" \/>\n<meta property=\"og:locale\" content=\"da_DK\" \/>\n<meta property=\"og:type\" content=\"article\" \/>\n<meta property=\"og:title\" content=\"Dygtige ern\u00e6ringsassistentelever skal dyste ved Nordjysk Mesterskab - Mors\" \/>\n<meta property=\"og:description\" content=\"MORS: Torsdag\u00a0 2. juni skal 10 af Nordjyllands dygtigste ern\u00e6ringsassistentelever dyste\u00a0 ved Nordjysk Mesterskab for ern\u00e6ringsassistentelever.\u00a0 Konkurrencen afholdes p\u00e5 EUC Nord i Hj\u00f8rring, hvor EUC Nordvest er repr\u00e6senteret med hele tre dygtige elever. Under konkurrencen skal eleverne hver is\u00e6r \u2013 og med udgangspunkt i de nye kostr\u00e5d og godt h\u00e5ndv\u00e6rk \u2013 kreere en hovedret, en [&hellip;]\" \/>\n<meta property=\"og:url\" content=\"https:\/\/kunmedierne.dk\/mors\/dygtige-ernaeringsassistentelever-skal-dyste-ved-nordjysk-mesterskab\/\" \/>\n<meta property=\"og:site_name\" content=\"Mors\" \/>\n<meta property=\"article:published_time\" content=\"2022-05-27T14:31:54+00:00\" \/>\n<meta property=\"article:modified_time\" content=\"2024-08-12T11:28:01+00:00\" \/>\n<meta property=\"og:image\" content=\"https:\/\/kunmedierne.dk\/mors\/wp-content\/uploads\/2022\/05\/A\u02dcveaften-i-kA\u00b8kkenet.jpg\" \/>\n\t<meta property=\"og:image:width\" content=\"1280\" \/>\n\t<meta property=\"og:image:height\" content=\"853\" \/>\n\t<meta property=\"og:image:type\" content=\"image\/jpeg\" \/>\n<meta name=\"author\" content=\"Alen Durakovic\" \/>\n<meta name=\"twitter:card\" content=\"summary_large_image\" \/>\n<meta name=\"twitter:label1\" content=\"Skrevet af\" \/>\n\t<meta name=\"twitter:data1\" content=\"Alen Durakovic\" \/>\n\t<meta name=\"twitter:label2\" content=\"Estimeret l\u00e6setid\" \/>\n\t<meta name=\"twitter:data2\" content=\"2 minutter\" \/>\n<script type=\"application\/ld+json\" class=\"yoast-schema-graph\">{\"@context\":\"https:\/\/schema.org\",\"@graph\":[{\"@type\":\"Article\",\"@id\":\"https:\/\/kunmedierne.dk\/mors\/dygtige-ernaeringsassistentelever-skal-dyste-ved-nordjysk-mesterskab\/#article\",\"isPartOf\":{\"@id\":\"https:\/\/kunmedierne.dk\/mors\/dygtige-ernaeringsassistentelever-skal-dyste-ved-nordjysk-mesterskab\/\"},\"author\":{\"name\":\"Alen Durakovic\",\"@id\":\"https:\/\/kunmedierne.dk\/mors\/#\/schema\/person\/227d8cf5702b0b374e260da71394f51a\"},\"headline\":\"Dygtige ern\u00e6ringsassistentelever skal dyste ved Nordjysk Mesterskab\",\"datePublished\":\"2022-05-27T14:31:54+00:00\",\"dateModified\":\"2024-08-12T11:28:01+00:00\",\"mainEntityOfPage\":{\"@id\":\"https:\/\/kunmedierne.dk\/mors\/dygtige-ernaeringsassistentelever-skal-dyste-ved-nordjysk-mesterskab\/\"},\"wordCount\":364,\"publisher\":{\"@id\":\"https:\/\/kunmedierne.dk\/mors\/#organization\"},\"image\":{\"@id\":\"https:\/\/kunmedierne.dk\/mors\/dygtige-ernaeringsassistentelever-skal-dyste-ved-nordjysk-mesterskab\/#primaryimage\"},\"thumbnailUrl\":\"https:\/\/kunmedierne.dk\/mors\/wp-content\/uploads\/2022\/05\/A\u02dcveaften-i-kA\u00b8kkenet.jpg\",\"keywords\":[\"Skoler og uddannelse\"],\"articleSection\":[\"Lokalt\"],\"inLanguage\":\"da-DK\"},{\"@type\":\"WebPage\",\"@id\":\"https:\/\/kunmedierne.dk\/mors\/dygtige-ernaeringsassistentelever-skal-dyste-ved-nordjysk-mesterskab\/\",\"url\":\"https:\/\/kunmedierne.dk\/mors\/dygtige-ernaeringsassistentelever-skal-dyste-ved-nordjysk-mesterskab\/\",\"name\":\"Dygtige ern\u00e6ringsassistentelever skal dyste ved Nordjysk Mesterskab - Mors\",\"isPartOf\":{\"@id\":\"https:\/\/kunmedierne.dk\/mors\/#website\"},\"primaryImageOfPage\":{\"@id\":\"https:\/\/kunmedierne.dk\/mors\/dygtige-ernaeringsassistentelever-skal-dyste-ved-nordjysk-mesterskab\/#primaryimage\"},\"image\":{\"@id\":\"https:\/\/kunmedierne.dk\/mors\/dygtige-ernaeringsassistentelever-skal-dyste-ved-nordjysk-mesterskab\/#primaryimage\"},\"thumbnailUrl\":\"https:\/\/kunmedierne.dk\/mors\/wp-content\/uploads\/2022\/05\/A\u02dcveaften-i-kA\u00b8kkenet.jpg\",\"datePublished\":\"2022-05-27T14:31:54+00:00\",\"dateModified\":\"2024-08-12T11:28:01+00:00\",\"breadcrumb\":{\"@id\":\"https:\/\/kunmedierne.dk\/mors\/dygtige-ernaeringsassistentelever-skal-dyste-ved-nordjysk-mesterskab\/#breadcrumb\"},\"inLanguage\":\"da-DK\",\"potentialAction\":[{\"@type\":\"ReadAction\",\"target\":[\"https:\/\/kunmedierne.dk\/mors\/dygtige-ernaeringsassistentelever-skal-dyste-ved-nordjysk-mesterskab\/\"]}]},{\"@type\":\"ImageObject\",\"inLanguage\":\"da-DK\",\"@id\":\"https:\/\/kunmedierne.dk\/mors\/dygtige-ernaeringsassistentelever-skal-dyste-ved-nordjysk-mesterskab\/#primaryimage\",\"url\":\"https:\/\/kunmedierne.dk\/mors\/wp-content\/uploads\/2022\/05\/A\u02dcveaften-i-kA\u00b8kkenet.jpg\",\"contentUrl\":\"https:\/\/kunmedierne.dk\/mors\/wp-content\/uploads\/2022\/05\/A\u02dcveaften-i-kA\u00b8kkenet.jpg\",\"width\":1280,\"height\":853,\"caption\":\"Malene Gregersen(tv.) og Tanja Enoksen(th.) i f\u00e6rd med at finpudse det sidste frem mod Nordjysk Mesterskab for ern\u00e6ringsassistentelever. Foto: EUC Nordvest.\"},{\"@type\":\"BreadcrumbList\",\"@id\":\"https:\/\/kunmedierne.dk\/mors\/dygtige-ernaeringsassistentelever-skal-dyste-ved-nordjysk-mesterskab\/#breadcrumb\",\"itemListElement\":[{\"@type\":\"ListItem\",\"position\":1,\"name\":\"Hjem\",\"item\":\"https:\/\/kunmedierne.dk\/mors\/\"},{\"@type\":\"ListItem\",\"position\":2,\"name\":\"Dygtige ern\u00e6ringsassistentelever skal dyste ved Nordjysk Mesterskab\"}]},{\"@type\":\"WebSite\",\"@id\":\"https:\/\/kunmedierne.dk\/mors\/#website\",\"url\":\"https:\/\/kunmedierne.dk\/mors\/\",\"name\":\"Mors\",\"description\":\"et netmedie med journalistik om livet p\u00e5 Mors\",\"publisher\":{\"@id\":\"https:\/\/kunmedierne.dk\/mors\/#organization\"},\"potentialAction\":[{\"@type\":\"SearchAction\",\"target\":{\"@type\":\"EntryPoint\",\"urlTemplate\":\"https:\/\/kunmedierne.dk\/mors\/?s={search_term_string}\"},\"query-input\":{\"@type\":\"PropertyValueSpecification\",\"valueRequired\":true,\"valueName\":\"search_term_string\"}}],\"inLanguage\":\"da-DK\"},{\"@type\":\"Organization\",\"@id\":\"https:\/\/kunmedierne.dk\/mors\/#organization\",\"name\":\"Mors\",\"url\":\"https:\/\/kunmedierne.dk\/mors\/\",\"logo\":{\"@type\":\"ImageObject\",\"inLanguage\":\"da-DK\",\"@id\":\"https:\/\/kunmedierne.dk\/mors\/#\/schema\/logo\/image\/\",\"url\":\"https:\/\/kunmedierne.dk\/mors\/wp-content\/uploads\/2024\/08\/kunmors-logo.svg\",\"contentUrl\":\"https:\/\/kunmedierne.dk\/mors\/wp-content\/uploads\/2024\/08\/kunmors-logo.svg\",\"caption\":\"Mors\"},\"image\":{\"@id\":\"https:\/\/kunmedierne.dk\/mors\/#\/schema\/logo\/image\/\"}},{\"@type\":\"Person\",\"@id\":\"https:\/\/kunmedierne.dk\/mors\/#\/schema\/person\/227d8cf5702b0b374e260da71394f51a\",\"name\":\"Alen Durakovic\",\"image\":{\"@type\":\"ImageObject\",\"inLanguage\":\"da-DK\",\"@id\":\"https:\/\/kunmedierne.dk\/mors\/#\/schema\/person\/image\/\",\"url\":\"https:\/\/secure.gravatar.com\/avatar\/9ee922eb32af8e241a9877f74ada84885bb981b823987c36689731f2de72da9b?s=96&d=mm&r=g\",\"contentUrl\":\"https:\/\/secure.gravatar.com\/avatar\/9ee922eb32af8e241a9877f74ada84885bb981b823987c36689731f2de72da9b?s=96&d=mm&r=g\",\"caption\":\"Alen Durakovic\"},\"url\":\"https:\/\/kunmedierne.dk\/mors\/author\/alen-durakovic\/\"}]}<\/script>\n<!-- \/ Yoast SEO plugin. -->","yoast_head_json":{"title":"Dygtige ern\u00e6ringsassistentelever skal dyste ved Nordjysk Mesterskab - Mors","robots":{"index":"index","follow":"follow","max-snippet":"max-snippet:-1","max-image-preview":"max-image-preview:large","max-video-preview":"max-video-preview:-1"},"canonical":"https:\/\/kunmedierne.dk\/mors\/dygtige-ernaeringsassistentelever-skal-dyste-ved-nordjysk-mesterskab\/","og_locale":"da_DK","og_type":"article","og_title":"Dygtige ern\u00e6ringsassistentelever skal dyste ved Nordjysk Mesterskab - Mors","og_description":"MORS: Torsdag\u00a0 2. juni skal 10 af Nordjyllands dygtigste ern\u00e6ringsassistentelever dyste\u00a0 ved Nordjysk Mesterskab for ern\u00e6ringsassistentelever.\u00a0 Konkurrencen afholdes p\u00e5 EUC Nord i Hj\u00f8rring, hvor EUC Nordvest er repr\u00e6senteret med hele tre dygtige elever. Under konkurrencen skal eleverne hver is\u00e6r \u2013 og med udgangspunkt i de nye kostr\u00e5d og godt h\u00e5ndv\u00e6rk \u2013 kreere en hovedret, en [&hellip;]","og_url":"https:\/\/kunmedierne.dk\/mors\/dygtige-ernaeringsassistentelever-skal-dyste-ved-nordjysk-mesterskab\/","og_site_name":"Mors","article_published_time":"2022-05-27T14:31:54+00:00","article_modified_time":"2024-08-12T11:28:01+00:00","og_image":[{"width":1280,"height":853,"url":"https:\/\/kunmedierne.dk\/mors\/wp-content\/uploads\/2022\/05\/A\u02dcveaften-i-kA\u00b8kkenet.jpg","type":"image\/jpeg"}],"author":"Alen Durakovic","twitter_card":"summary_large_image","twitter_misc":{"Skrevet af":"Alen Durakovic","Estimeret l\u00e6setid":"2 minutter"},"schema":{"@context":"https:\/\/schema.org","@graph":[{"@type":"Article","@id":"https:\/\/kunmedierne.dk\/mors\/dygtige-ernaeringsassistentelever-skal-dyste-ved-nordjysk-mesterskab\/#article","isPartOf":{"@id":"https:\/\/kunmedierne.dk\/mors\/dygtige-ernaeringsassistentelever-skal-dyste-ved-nordjysk-mesterskab\/"},"author":{"name":"Alen Durakovic","@id":"https:\/\/kunmedierne.dk\/mors\/#\/schema\/person\/227d8cf5702b0b374e260da71394f51a"},"headline":"Dygtige ern\u00e6ringsassistentelever skal dyste ved Nordjysk Mesterskab","datePublished":"2022-05-27T14:31:54+00:00","dateModified":"2024-08-12T11:28:01+00:00","mainEntityOfPage":{"@id":"https:\/\/kunmedierne.dk\/mors\/dygtige-ernaeringsassistentelever-skal-dyste-ved-nordjysk-mesterskab\/"},"wordCount":364,"publisher":{"@id":"https:\/\/kunmedierne.dk\/mors\/#organization"},"image":{"@id":"https:\/\/kunmedierne.dk\/mors\/dygtige-ernaeringsassistentelever-skal-dyste-ved-nordjysk-mesterskab\/#primaryimage"},"thumbnailUrl":"https:\/\/kunmedierne.dk\/mors\/wp-content\/uploads\/2022\/05\/A\u02dcveaften-i-kA\u00b8kkenet.jpg","keywords":["Skoler og uddannelse"],"articleSection":["Lokalt"],"inLanguage":"da-DK"},{"@type":"WebPage","@id":"https:\/\/kunmedierne.dk\/mors\/dygtige-ernaeringsassistentelever-skal-dyste-ved-nordjysk-mesterskab\/","url":"https:\/\/kunmedierne.dk\/mors\/dygtige-ernaeringsassistentelever-skal-dyste-ved-nordjysk-mesterskab\/","name":"Dygtige ern\u00e6ringsassistentelever skal dyste ved Nordjysk Mesterskab - Mors","isPartOf":{"@id":"https:\/\/kunmedierne.dk\/mors\/#website"},"primaryImageOfPage":{"@id":"https:\/\/kunmedierne.dk\/mors\/dygtige-ernaeringsassistentelever-skal-dyste-ved-nordjysk-mesterskab\/#primaryimage"},"image":{"@id":"https:\/\/kunmedierne.dk\/mors\/dygtige-ernaeringsassistentelever-skal-dyste-ved-nordjysk-mesterskab\/#primaryimage"},"thumbnailUrl":"https:\/\/kunmedierne.dk\/mors\/wp-content\/uploads\/2022\/05\/A\u02dcveaften-i-kA\u00b8kkenet.jpg","datePublished":"2022-05-27T14:31:54+00:00","dateModified":"2024-08-12T11:28:01+00:00","breadcrumb":{"@id":"https:\/\/kunmedierne.dk\/mors\/dygtige-ernaeringsassistentelever-skal-dyste-ved-nordjysk-mesterskab\/#breadcrumb"},"inLanguage":"da-DK","potentialAction":[{"@type":"ReadAction","target":["https:\/\/kunmedierne.dk\/mors\/dygtige-ernaeringsassistentelever-skal-dyste-ved-nordjysk-mesterskab\/"]}]},{"@type":"ImageObject","inLanguage":"da-DK","@id":"https:\/\/kunmedierne.dk\/mors\/dygtige-ernaeringsassistentelever-skal-dyste-ved-nordjysk-mesterskab\/#primaryimage","url":"https:\/\/kunmedierne.dk\/mors\/wp-content\/uploads\/2022\/05\/A\u02dcveaften-i-kA\u00b8kkenet.jpg","contentUrl":"https:\/\/kunmedierne.dk\/mors\/wp-content\/uploads\/2022\/05\/A\u02dcveaften-i-kA\u00b8kkenet.jpg","width":1280,"height":853,"caption":"Malene Gregersen(tv.) og Tanja Enoksen(th.) i f\u00e6rd med at finpudse det sidste frem mod Nordjysk Mesterskab for ern\u00e6ringsassistentelever. Foto: EUC Nordvest."},{"@type":"BreadcrumbList","@id":"https:\/\/kunmedierne.dk\/mors\/dygtige-ernaeringsassistentelever-skal-dyste-ved-nordjysk-mesterskab\/#breadcrumb","itemListElement":[{"@type":"ListItem","position":1,"name":"Hjem","item":"https:\/\/kunmedierne.dk\/mors\/"},{"@type":"ListItem","position":2,"name":"Dygtige ern\u00e6ringsassistentelever skal dyste ved Nordjysk Mesterskab"}]},{"@type":"WebSite","@id":"https:\/\/kunmedierne.dk\/mors\/#website","url":"https:\/\/kunmedierne.dk\/mors\/","name":"Mors","description":"et netmedie med journalistik om livet p\u00e5 Mors","publisher":{"@id":"https:\/\/kunmedierne.dk\/mors\/#organization"},"potentialAction":[{"@type":"SearchAction","target":{"@type":"EntryPoint","urlTemplate":"https:\/\/kunmedierne.dk\/mors\/?s={search_term_string}"},"query-input":{"@type":"PropertyValueSpecification","valueRequired":true,"valueName":"search_term_string"}}],"inLanguage":"da-DK"},{"@type":"Organization","@id":"https:\/\/kunmedierne.dk\/mors\/#organization","name":"Mors","url":"https:\/\/kunmedierne.dk\/mors\/","logo":{"@type":"ImageObject","inLanguage":"da-DK","@id":"https:\/\/kunmedierne.dk\/mors\/#\/schema\/logo\/image\/","url":"https:\/\/kunmedierne.dk\/mors\/wp-content\/uploads\/2024\/08\/kunmors-logo.svg","contentUrl":"https:\/\/kunmedierne.dk\/mors\/wp-content\/uploads\/2024\/08\/kunmors-logo.svg","caption":"Mors"},"image":{"@id":"https:\/\/kunmedierne.dk\/mors\/#\/schema\/logo\/image\/"}},{"@type":"Person","@id":"https:\/\/kunmedierne.dk\/mors\/#\/schema\/person\/227d8cf5702b0b374e260da71394f51a","name":"Alen Durakovic","image":{"@type":"ImageObject","inLanguage":"da-DK","@id":"https:\/\/kunmedierne.dk\/mors\/#\/schema\/person\/image\/","url":"https:\/\/secure.gravatar.com\/avatar\/9ee922eb32af8e241a9877f74ada84885bb981b823987c36689731f2de72da9b?s=96&d=mm&r=g","contentUrl":"https:\/\/secure.gravatar.com\/avatar\/9ee922eb32af8e241a9877f74ada84885bb981b823987c36689731f2de72da9b?s=96&d=mm&r=g","caption":"Alen Durakovic"},"url":"https:\/\/kunmedierne.dk\/mors\/author\/alen-durakovic\/"}]}},"_links":{"self":[{"href":"https:\/\/kunmedierne.dk\/mors\/wp-json\/wp\/v2\/posts\/70598","targetHints":{"allow":["GET"]}}],"collection":[{"href":"https:\/\/kunmedierne.dk\/mors\/wp-json\/wp\/v2\/posts"}],"about":[{"href":"https:\/\/kunmedierne.dk\/mors\/wp-json\/wp\/v2\/types\/post"}],"author":[{"embeddable":true,"href":"https:\/\/kunmedierne.dk\/mors\/wp-json\/wp\/v2\/users\/2076"}],"replies":[{"embeddable":true,"href":"https:\/\/kunmedierne.dk\/mors\/wp-json\/wp\/v2\/comments?post=70598"}],"version-history":[{"count":2,"href":"https:\/\/kunmedierne.dk\/mors\/wp-json\/wp\/v2\/posts\/70598\/revisions"}],"predecessor-version":[{"id":70627,"href":"https:\/\/kunmedierne.dk\/mors\/wp-json\/wp\/v2\/posts\/70598\/revisions\/70627"}],"wp:featuredmedia":[{"embeddable":true,"href":"https:\/\/kunmedierne.dk\/mors\/wp-json\/wp\/v2\/media\/70606"}],"wp:attachment":[{"href":"https:\/\/kunmedierne.dk\/mors\/wp-json\/wp\/v2\/media?parent=70598"}],"wp:term":[{"taxonomy":"category","embeddable":true,"href":"https:\/\/kunmedierne.dk\/mors\/wp-json\/wp\/v2\/categories?post=70598"},{"taxonomy":"post_tag","embeddable":true,"href":"https:\/\/kunmedierne.dk\/mors\/wp-json\/wp\/v2\/tags?post=70598"}],"curies":[{"name":"wp","href":"https:\/\/api.w.org\/{rel}","templated":true}]}}