{"id":70290,"date":"2022-05-22T14:22:56","date_gmt":"2022-05-22T12:22:56","guid":{"rendered":"https:\/\/kunmedierne.dk\/mors\/?p=70290"},"modified":"2024-08-12T13:28:03","modified_gmt":"2024-08-12T11:28:03","slug":"mors-er-stadig-helt-i-bund-med-coronasmitten","status":"publish","type":"post","link":"https:\/\/kunmedierne.dk\/mors\/mors-er-stadig-helt-i-bund-med-coronasmitten\/","title":{"rendered":"Mors er stadig helt i bund med coronasmitten"},"content":{"rendered":"<p><strong>MORS<\/strong>: Den f\u00f8rste uge uden et teststed for covid-19 p\u00e5 Mors har ikke overraskende f\u00f8rt til et nyt fald i antallet af b\u00e5de testede og smittede.<\/p>\n<p>P\u00e5 grund af en st\u00f8rre flytning af produktionsservere har Statens Serum Institut ikke opdateret de daglige tal siden torsdag. Og status 19. maj var, at Mors\u00f8 Kommune var nede p\u00e5 tre nysmittede og et incidenstal p\u00e5 15,0. Kun de smittefrie \u00f8kommuner Fan\u00f8, Sams\u00f8 og L\u00e6s\u00f8 har i seneste opg\u00f8relse lavere tal.<\/p>\n<p>Antallet af PCR-testede morsingboer i ugen op til 19. maj faldt til 72. Positivprocenten var dermed p\u00e5 4,19. Positivprocenten for hele landet var torsdag p\u00e5 9,6.<\/p>\n<a class=\"dvrt-link\" onClick=\"cdmtrack_click(104783,jQuery(this));return false\" href=\"https:\/\/konpap.dk\/\"><img decoding=\"async\" style=\"width:100%;\" src=\"https:\/\/kunmedierne.dk\/mors\/wp-content\/uploads\/2023\/10\/Kun-Mors-banner.jpg\"><\/a><script>cdmtrack_view(104783);<\/script>\n<p>Samme udviklingen ses dog ikke hos alle nabokommuner, hvor de nyeste tal ser s\u00e5dan ud med \u00e6ndring i forhold til s\u00f8ndag i parentes:<\/p>\n<ul>\n<li>Thisted: 44 nysmittede (+3) \/ incidens: 102<\/li>\n<li>Skive: 51 nysmittede (+5) \/ incidens: 113<\/li>\n<li>Struer: 5 nysmittede (-4) \/ incidens: 24<\/li>\n<\/ul>\n<p>I Region Nordjylland var der torsdag 368 nysmittede. Det var et fald p\u00e5 86 i forhold til sidste s\u00f8ndag.<\/p>\n<p>Antal indlagte i hele landet var torsdag p\u00e5 383 &#8211; et fald p\u00e5 34 siden s\u00f8ndag.<\/p>\n<p>KunMors f\u00f8lger indtil videre coronatallene p\u00e5 ugentlig basis med en opdatering af b\u00e5de Mors\u00f8 Kommune og de n\u00e6rmeste naboer hver s\u00f8ndag.<\/p>\n<a class=\"dvrt-link\" onClick=\"cdmtrack_click(116504,jQuery(this));return false\" href=\"https:\/\/www.nybolig.dk\/ejendomsmaeglere\/nordvestjylland\/nybolig-morsoe-nykoebing-mors\"><img decoding=\"async\" style=\"width:100%;\" src=\"https:\/\/kunmedierne.dk\/mors\/wp-content\/uploads\/2024\/04\/250825Nybolig.jpg\"><\/a><script>cdmtrack_view(116504);<\/script>\n<blockquote>\n<h5>KunMors-avisen har nu flere end 1000 modtagere. Tilmeld dig gratis nederst p\u00e5 siden og f\u00e5 dine lokale nyheder direkte i din mailboks hver dag \u00e5ret rundt.<\/h5>\n<\/blockquote>\n","protected":false},"excerpt":{"rendered":"<p>MORS: Den f\u00f8rste uge uden et teststed for covid-19 p\u00e5 Mors har ikke overraskende f\u00f8rt til et nyt fald i antallet af b\u00e5de testede og smittede. P\u00e5 grund af en st\u00f8rre flytning af produktionsservere har Statens Serum Institut ikke opdateret de daglige tal siden torsdag. Og status 19. maj var, at Mors\u00f8 Kommune var nede [&hellip;]<\/p>\n","protected":false},"author":8,"featured_media":49326,"comment_status":"closed","ping_status":"open","sticky":false,"template":"","format":"standard","meta":{"_acf_changed":false,"footnotes":""},"categories":[51],"tags":[],"class_list":["post-70290","post","type-post","status-publish","format-standard","has-post-thumbnail","hentry","category-lokalt"],"acf":[],"yoast_head":"<!-- This site is optimized with the Yoast SEO plugin v26.8 - https:\/\/yoast.com\/product\/yoast-seo-wordpress\/ -->\n<title>Mors er stadig helt i bund med coronasmitten - Mors<\/title>\n<meta name=\"robots\" content=\"index, follow, max-snippet:-1, max-image-preview:large, max-video-preview:-1\" \/>\n<link rel=\"canonical\" href=\"https:\/\/kunmedierne.dk\/mors\/mors-er-stadig-helt-i-bund-med-coronasmitten\/\" \/>\n<meta property=\"og:locale\" content=\"da_DK\" \/>\n<meta property=\"og:type\" content=\"article\" \/>\n<meta property=\"og:title\" content=\"Mors er stadig helt i bund med coronasmitten - Mors\" \/>\n<meta property=\"og:description\" content=\"MORS: Den f\u00f8rste uge uden et teststed for covid-19 p\u00e5 Mors har ikke overraskende f\u00f8rt til et nyt fald i antallet af b\u00e5de testede og smittede. P\u00e5 grund af en st\u00f8rre flytning af produktionsservere har Statens Serum Institut ikke opdateret de daglige tal siden torsdag. Og status 19. maj var, at Mors\u00f8 Kommune var nede [&hellip;]\" \/>\n<meta property=\"og:url\" content=\"https:\/\/kunmedierne.dk\/mors\/mors-er-stadig-helt-i-bund-med-coronasmitten\/\" \/>\n<meta property=\"og:site_name\" content=\"Mors\" \/>\n<meta property=\"article:published_time\" content=\"2022-05-22T12:22:56+00:00\" \/>\n<meta property=\"article:modified_time\" content=\"2024-08-12T11:28:03+00:00\" \/>\n<meta property=\"og:image\" content=\"https:\/\/kunmedierne.dk\/mors\/wp-content\/uploads\/2021\/07\/1600px_COLOURBOX46873137.jpg\" \/>\n\t<meta property=\"og:image:width\" content=\"770\" \/>\n\t<meta property=\"og:image:height\" content=\"499\" \/>\n\t<meta property=\"og:image:type\" content=\"image\/jpeg\" \/>\n<meta name=\"author\" content=\"David H\u00f8jmark\" \/>\n<meta name=\"twitter:card\" content=\"summary_large_image\" \/>\n<meta name=\"twitter:label1\" content=\"Skrevet af\" \/>\n\t<meta name=\"twitter:data1\" content=\"David H\u00f8jmark\" \/>\n\t<meta name=\"twitter:label2\" content=\"Estimeret l\u00e6setid\" \/>\n\t<meta name=\"twitter:data2\" content=\"1 minut\" \/>\n<script type=\"application\/ld+json\" class=\"yoast-schema-graph\">{\"@context\":\"https:\/\/schema.org\",\"@graph\":[{\"@type\":\"Article\",\"@id\":\"https:\/\/kunmedierne.dk\/mors\/mors-er-stadig-helt-i-bund-med-coronasmitten\/#article\",\"isPartOf\":{\"@id\":\"https:\/\/kunmedierne.dk\/mors\/mors-er-stadig-helt-i-bund-med-coronasmitten\/\"},\"author\":{\"name\":\"David H\u00f8jmark\",\"@id\":\"https:\/\/kunmedierne.dk\/mors\/#\/schema\/person\/5fe23251bf1d0abbcdc6f7896579d548\"},\"headline\":\"Mors er stadig helt i bund med coronasmitten\",\"datePublished\":\"2022-05-22T12:22:56+00:00\",\"dateModified\":\"2024-08-12T11:28:03+00:00\",\"mainEntityOfPage\":{\"@id\":\"https:\/\/kunmedierne.dk\/mors\/mors-er-stadig-helt-i-bund-med-coronasmitten\/\"},\"wordCount\":233,\"publisher\":{\"@id\":\"https:\/\/kunmedierne.dk\/mors\/#organization\"},\"image\":{\"@id\":\"https:\/\/kunmedierne.dk\/mors\/mors-er-stadig-helt-i-bund-med-coronasmitten\/#primaryimage\"},\"thumbnailUrl\":\"https:\/\/kunmedierne.dk\/mors\/wp-content\/uploads\/2021\/07\/1600px_COLOURBOX46873137.jpg\",\"articleSection\":[\"Lokalt\"],\"inLanguage\":\"da-DK\"},{\"@type\":\"WebPage\",\"@id\":\"https:\/\/kunmedierne.dk\/mors\/mors-er-stadig-helt-i-bund-med-coronasmitten\/\",\"url\":\"https:\/\/kunmedierne.dk\/mors\/mors-er-stadig-helt-i-bund-med-coronasmitten\/\",\"name\":\"Mors er stadig helt i bund med coronasmitten - Mors\",\"isPartOf\":{\"@id\":\"https:\/\/kunmedierne.dk\/mors\/#website\"},\"primaryImageOfPage\":{\"@id\":\"https:\/\/kunmedierne.dk\/mors\/mors-er-stadig-helt-i-bund-med-coronasmitten\/#primaryimage\"},\"image\":{\"@id\":\"https:\/\/kunmedierne.dk\/mors\/mors-er-stadig-helt-i-bund-med-coronasmitten\/#primaryimage\"},\"thumbnailUrl\":\"https:\/\/kunmedierne.dk\/mors\/wp-content\/uploads\/2021\/07\/1600px_COLOURBOX46873137.jpg\",\"datePublished\":\"2022-05-22T12:22:56+00:00\",\"dateModified\":\"2024-08-12T11:28:03+00:00\",\"breadcrumb\":{\"@id\":\"https:\/\/kunmedierne.dk\/mors\/mors-er-stadig-helt-i-bund-med-coronasmitten\/#breadcrumb\"},\"inLanguage\":\"da-DK\",\"potentialAction\":[{\"@type\":\"ReadAction\",\"target\":[\"https:\/\/kunmedierne.dk\/mors\/mors-er-stadig-helt-i-bund-med-coronasmitten\/\"]}]},{\"@type\":\"ImageObject\",\"inLanguage\":\"da-DK\",\"@id\":\"https:\/\/kunmedierne.dk\/mors\/mors-er-stadig-helt-i-bund-med-coronasmitten\/#primaryimage\",\"url\":\"https:\/\/kunmedierne.dk\/mors\/wp-content\/uploads\/2021\/07\/1600px_COLOURBOX46873137.jpg\",\"contentUrl\":\"https:\/\/kunmedierne.dk\/mors\/wp-content\/uploads\/2021\/07\/1600px_COLOURBOX46873137.jpg\",\"width\":770,\"height\":499,\"caption\":\"Foto: Line Bloch Klostergaard\/Region Nordjylland.\"},{\"@type\":\"BreadcrumbList\",\"@id\":\"https:\/\/kunmedierne.dk\/mors\/mors-er-stadig-helt-i-bund-med-coronasmitten\/#breadcrumb\",\"itemListElement\":[{\"@type\":\"ListItem\",\"position\":1,\"name\":\"Hjem\",\"item\":\"https:\/\/kunmedierne.dk\/mors\/\"},{\"@type\":\"ListItem\",\"position\":2,\"name\":\"Mors er stadig helt i bund med coronasmitten\"}]},{\"@type\":\"WebSite\",\"@id\":\"https:\/\/kunmedierne.dk\/mors\/#website\",\"url\":\"https:\/\/kunmedierne.dk\/mors\/\",\"name\":\"Mors\",\"description\":\"et netmedie med journalistik om livet p\u00e5 Mors\",\"publisher\":{\"@id\":\"https:\/\/kunmedierne.dk\/mors\/#organization\"},\"potentialAction\":[{\"@type\":\"SearchAction\",\"target\":{\"@type\":\"EntryPoint\",\"urlTemplate\":\"https:\/\/kunmedierne.dk\/mors\/?s={search_term_string}\"},\"query-input\":{\"@type\":\"PropertyValueSpecification\",\"valueRequired\":true,\"valueName\":\"search_term_string\"}}],\"inLanguage\":\"da-DK\"},{\"@type\":\"Organization\",\"@id\":\"https:\/\/kunmedierne.dk\/mors\/#organization\",\"name\":\"Mors\",\"url\":\"https:\/\/kunmedierne.dk\/mors\/\",\"logo\":{\"@type\":\"ImageObject\",\"inLanguage\":\"da-DK\",\"@id\":\"https:\/\/kunmedierne.dk\/mors\/#\/schema\/logo\/image\/\",\"url\":\"https:\/\/kunmedierne.dk\/mors\/wp-content\/uploads\/2024\/08\/kunmors-logo.svg\",\"contentUrl\":\"https:\/\/kunmedierne.dk\/mors\/wp-content\/uploads\/2024\/08\/kunmors-logo.svg\",\"caption\":\"Mors\"},\"image\":{\"@id\":\"https:\/\/kunmedierne.dk\/mors\/#\/schema\/logo\/image\/\"}},{\"@type\":\"Person\",\"@id\":\"https:\/\/kunmedierne.dk\/mors\/#\/schema\/person\/5fe23251bf1d0abbcdc6f7896579d548\",\"name\":\"David H\u00f8jmark\",\"image\":{\"@type\":\"ImageObject\",\"inLanguage\":\"da-DK\",\"@id\":\"https:\/\/kunmedierne.dk\/mors\/#\/schema\/person\/image\/\",\"url\":\"https:\/\/secure.gravatar.com\/avatar\/4315d6fb9ef244d729989f5f90268eb08d5bf8a3d84402f595fa194bb35784fd?s=96&d=mm&r=g\",\"contentUrl\":\"https:\/\/secure.gravatar.com\/avatar\/4315d6fb9ef244d729989f5f90268eb08d5bf8a3d84402f595fa194bb35784fd?s=96&d=mm&r=g\",\"caption\":\"David H\u00f8jmark\"},\"sameAs\":[\"https:\/\/www.kunmedierne.dk\"],\"url\":\"https:\/\/kunmedierne.dk\/mors\/author\/david\/\"}]}<\/script>\n<!-- \/ Yoast SEO plugin. -->","yoast_head_json":{"title":"Mors er stadig helt i bund med coronasmitten - Mors","robots":{"index":"index","follow":"follow","max-snippet":"max-snippet:-1","max-image-preview":"max-image-preview:large","max-video-preview":"max-video-preview:-1"},"canonical":"https:\/\/kunmedierne.dk\/mors\/mors-er-stadig-helt-i-bund-med-coronasmitten\/","og_locale":"da_DK","og_type":"article","og_title":"Mors er stadig helt i bund med coronasmitten - Mors","og_description":"MORS: Den f\u00f8rste uge uden et teststed for covid-19 p\u00e5 Mors har ikke overraskende f\u00f8rt til et nyt fald i antallet af b\u00e5de testede og smittede. P\u00e5 grund af en st\u00f8rre flytning af produktionsservere har Statens Serum Institut ikke opdateret de daglige tal siden torsdag. Og status 19. maj var, at Mors\u00f8 Kommune var nede [&hellip;]","og_url":"https:\/\/kunmedierne.dk\/mors\/mors-er-stadig-helt-i-bund-med-coronasmitten\/","og_site_name":"Mors","article_published_time":"2022-05-22T12:22:56+00:00","article_modified_time":"2024-08-12T11:28:03+00:00","og_image":[{"width":770,"height":499,"url":"https:\/\/kunmedierne.dk\/mors\/wp-content\/uploads\/2021\/07\/1600px_COLOURBOX46873137.jpg","type":"image\/jpeg"}],"author":"David H\u00f8jmark","twitter_card":"summary_large_image","twitter_misc":{"Skrevet af":"David H\u00f8jmark","Estimeret l\u00e6setid":"1 minut"},"schema":{"@context":"https:\/\/schema.org","@graph":[{"@type":"Article","@id":"https:\/\/kunmedierne.dk\/mors\/mors-er-stadig-helt-i-bund-med-coronasmitten\/#article","isPartOf":{"@id":"https:\/\/kunmedierne.dk\/mors\/mors-er-stadig-helt-i-bund-med-coronasmitten\/"},"author":{"name":"David H\u00f8jmark","@id":"https:\/\/kunmedierne.dk\/mors\/#\/schema\/person\/5fe23251bf1d0abbcdc6f7896579d548"},"headline":"Mors er stadig helt i bund med coronasmitten","datePublished":"2022-05-22T12:22:56+00:00","dateModified":"2024-08-12T11:28:03+00:00","mainEntityOfPage":{"@id":"https:\/\/kunmedierne.dk\/mors\/mors-er-stadig-helt-i-bund-med-coronasmitten\/"},"wordCount":233,"publisher":{"@id":"https:\/\/kunmedierne.dk\/mors\/#organization"},"image":{"@id":"https:\/\/kunmedierne.dk\/mors\/mors-er-stadig-helt-i-bund-med-coronasmitten\/#primaryimage"},"thumbnailUrl":"https:\/\/kunmedierne.dk\/mors\/wp-content\/uploads\/2021\/07\/1600px_COLOURBOX46873137.jpg","articleSection":["Lokalt"],"inLanguage":"da-DK"},{"@type":"WebPage","@id":"https:\/\/kunmedierne.dk\/mors\/mors-er-stadig-helt-i-bund-med-coronasmitten\/","url":"https:\/\/kunmedierne.dk\/mors\/mors-er-stadig-helt-i-bund-med-coronasmitten\/","name":"Mors er stadig helt i bund med coronasmitten - Mors","isPartOf":{"@id":"https:\/\/kunmedierne.dk\/mors\/#website"},"primaryImageOfPage":{"@id":"https:\/\/kunmedierne.dk\/mors\/mors-er-stadig-helt-i-bund-med-coronasmitten\/#primaryimage"},"image":{"@id":"https:\/\/kunmedierne.dk\/mors\/mors-er-stadig-helt-i-bund-med-coronasmitten\/#primaryimage"},"thumbnailUrl":"https:\/\/kunmedierne.dk\/mors\/wp-content\/uploads\/2021\/07\/1600px_COLOURBOX46873137.jpg","datePublished":"2022-05-22T12:22:56+00:00","dateModified":"2024-08-12T11:28:03+00:00","breadcrumb":{"@id":"https:\/\/kunmedierne.dk\/mors\/mors-er-stadig-helt-i-bund-med-coronasmitten\/#breadcrumb"},"inLanguage":"da-DK","potentialAction":[{"@type":"ReadAction","target":["https:\/\/kunmedierne.dk\/mors\/mors-er-stadig-helt-i-bund-med-coronasmitten\/"]}]},{"@type":"ImageObject","inLanguage":"da-DK","@id":"https:\/\/kunmedierne.dk\/mors\/mors-er-stadig-helt-i-bund-med-coronasmitten\/#primaryimage","url":"https:\/\/kunmedierne.dk\/mors\/wp-content\/uploads\/2021\/07\/1600px_COLOURBOX46873137.jpg","contentUrl":"https:\/\/kunmedierne.dk\/mors\/wp-content\/uploads\/2021\/07\/1600px_COLOURBOX46873137.jpg","width":770,"height":499,"caption":"Foto: Line Bloch Klostergaard\/Region Nordjylland."},{"@type":"BreadcrumbList","@id":"https:\/\/kunmedierne.dk\/mors\/mors-er-stadig-helt-i-bund-med-coronasmitten\/#breadcrumb","itemListElement":[{"@type":"ListItem","position":1,"name":"Hjem","item":"https:\/\/kunmedierne.dk\/mors\/"},{"@type":"ListItem","position":2,"name":"Mors er stadig helt i bund med coronasmitten"}]},{"@type":"WebSite","@id":"https:\/\/kunmedierne.dk\/mors\/#website","url":"https:\/\/kunmedierne.dk\/mors\/","name":"Mors","description":"et netmedie med journalistik om livet p\u00e5 Mors","publisher":{"@id":"https:\/\/kunmedierne.dk\/mors\/#organization"},"potentialAction":[{"@type":"SearchAction","target":{"@type":"EntryPoint","urlTemplate":"https:\/\/kunmedierne.dk\/mors\/?s={search_term_string}"},"query-input":{"@type":"PropertyValueSpecification","valueRequired":true,"valueName":"search_term_string"}}],"inLanguage":"da-DK"},{"@type":"Organization","@id":"https:\/\/kunmedierne.dk\/mors\/#organization","name":"Mors","url":"https:\/\/kunmedierne.dk\/mors\/","logo":{"@type":"ImageObject","inLanguage":"da-DK","@id":"https:\/\/kunmedierne.dk\/mors\/#\/schema\/logo\/image\/","url":"https:\/\/kunmedierne.dk\/mors\/wp-content\/uploads\/2024\/08\/kunmors-logo.svg","contentUrl":"https:\/\/kunmedierne.dk\/mors\/wp-content\/uploads\/2024\/08\/kunmors-logo.svg","caption":"Mors"},"image":{"@id":"https:\/\/kunmedierne.dk\/mors\/#\/schema\/logo\/image\/"}},{"@type":"Person","@id":"https:\/\/kunmedierne.dk\/mors\/#\/schema\/person\/5fe23251bf1d0abbcdc6f7896579d548","name":"David H\u00f8jmark","image":{"@type":"ImageObject","inLanguage":"da-DK","@id":"https:\/\/kunmedierne.dk\/mors\/#\/schema\/person\/image\/","url":"https:\/\/secure.gravatar.com\/avatar\/4315d6fb9ef244d729989f5f90268eb08d5bf8a3d84402f595fa194bb35784fd?s=96&d=mm&r=g","contentUrl":"https:\/\/secure.gravatar.com\/avatar\/4315d6fb9ef244d729989f5f90268eb08d5bf8a3d84402f595fa194bb35784fd?s=96&d=mm&r=g","caption":"David H\u00f8jmark"},"sameAs":["https:\/\/www.kunmedierne.dk"],"url":"https:\/\/kunmedierne.dk\/mors\/author\/david\/"}]}},"_links":{"self":[{"href":"https:\/\/kunmedierne.dk\/mors\/wp-json\/wp\/v2\/posts\/70290","targetHints":{"allow":["GET"]}}],"collection":[{"href":"https:\/\/kunmedierne.dk\/mors\/wp-json\/wp\/v2\/posts"}],"about":[{"href":"https:\/\/kunmedierne.dk\/mors\/wp-json\/wp\/v2\/types\/post"}],"author":[{"embeddable":true,"href":"https:\/\/kunmedierne.dk\/mors\/wp-json\/wp\/v2\/users\/8"}],"replies":[{"embeddable":true,"href":"https:\/\/kunmedierne.dk\/mors\/wp-json\/wp\/v2\/comments?post=70290"}],"version-history":[{"count":1,"href":"https:\/\/kunmedierne.dk\/mors\/wp-json\/wp\/v2\/posts\/70290\/revisions"}],"predecessor-version":[{"id":70291,"href":"https:\/\/kunmedierne.dk\/mors\/wp-json\/wp\/v2\/posts\/70290\/revisions\/70291"}],"wp:featuredmedia":[{"embeddable":true,"href":"https:\/\/kunmedierne.dk\/mors\/wp-json\/wp\/v2\/media\/49326"}],"wp:attachment":[{"href":"https:\/\/kunmedierne.dk\/mors\/wp-json\/wp\/v2\/media?parent=70290"}],"wp:term":[{"taxonomy":"category","embeddable":true,"href":"https:\/\/kunmedierne.dk\/mors\/wp-json\/wp\/v2\/categories?post=70290"},{"taxonomy":"post_tag","embeddable":true,"href":"https:\/\/kunmedierne.dk\/mors\/wp-json\/wp\/v2\/tags?post=70290"}],"curies":[{"name":"wp","href":"https:\/\/api.w.org\/{rel}","templated":true}]}}