{"id":69934,"date":"2022-05-18T10:36:32","date_gmt":"2022-05-18T08:36:32","guid":{"rendered":"https:\/\/kunmedierne.dk\/mors\/?p=69934"},"modified":"2024-08-12T13:28:05","modified_gmt":"2024-08-12T11:28:05","slug":"ung-kult-camp-flytter-til-gasvaerksvej","status":"publish","type":"post","link":"https:\/\/kunmedierne.dk\/mors\/ung-kult-camp-flytter-til-gasvaerksvej\/","title":{"rendered":"Ung Kult Camp flytter til Gasv\u00e6rksvej"},"content":{"rendered":"<p><strong>NYK\u00d8BING<\/strong>: Et kulturm\u00f8de med fokus p\u00e5 unge bliver nu en mere samment\u00f8mret del af selve Kulturm\u00f8det Mors.<\/p>\n<p>Det fort\u00e6ller Ung Kult Camp og Kulturm\u00f8det Mors i en f\u00e6lles pressemeddelelse, der oplyser, at ungeomr\u00e5det i \u00e5r flytter til Gasv\u00e6rksvej, hvor det vil ligge i forl\u00e6ngelse af den allerede eksisterende kulturplads.<\/p>\n<p>Samtidig kommer ungeomr\u00e5det igennem en kulturel omstrukturering. Den indeb\u00e6rer blandt andet et \u00f8get fokus p\u00e5 stand-up samt flere workshops, der har som m\u00e5l at bidrage til en mere kulturelt engageret ungdom.<\/p>\n<a class=\"dvrt-link\" onClick=\"cdmtrack_click(111725,jQuery(this));return false\" href=\"https:\/\/www.thistedforsikring.dk\/?utm_source=partnerskaber&amp;utm_campaign=kun_mors\"><img decoding=\"async\" style=\"width:100%;\" src=\"https:\/\/kunmedierne.dk\/mors\/wp-content\/uploads\/2024\/02\/269409KunMors-ThistedFor-1.png\"><\/a><script>cdmtrack_view(111725);<\/script>\n<p>\u201cDet nye omr\u00e5de kommer til at skabe en mere direkte vej til de unge. Derudover har det v\u00e6ret vigtigt for os, at de lokale unge ogs\u00e5 f\u00f8ler sig involveret og inkluderet. Derfor er det fantastisk, at vi allerede nu har mere end 50 unge, der har meldt sig som frivillige,\u201d siger Mette Marie Seerup, n\u00e6stformand i Ung Kult.<\/p>\n<p>&nbsp;<\/p>\n<p><strong>Kulmination p\u00e5 samarbejde<\/strong><\/p>\n<p>I de seneste to \u00e5r har covid-19 sp\u00e6ndt ben for Kulturm\u00f8det Mors i traditionel forstand. Men pandemien har ogs\u00e5 bragt nye initiativer med sig &#8211; heriblandt ungdomsorganisationen Ung Kult, som har skabt sit eget lille kulturm\u00f8de med fokus p\u00e5 unge.<\/p>\n<p>Nu kan Malte Houe, formand for Ung Kult, se frem til et kulturm\u00f8de med Ung Kult i spidsen for hele ungeomr\u00e5det.<\/p>\n<p>\u201cVores camp de sidste to \u00e5r har bundet i en ekstrem k\u00e6rlighed til Kulturm\u00f8det, og da coronaen satte en stopper for det, s\u00e5 vi ingen anden udvej end at skabe vores egen lille miniversion, dog udelukkende med fokus p\u00e5 kunst og kultur for, med og af unge,\u201d, siger han og sl\u00e5r fast, at det bestemt ikke er en beslutning Ung Kult fortryder.<\/p>\n<a class=\"dvrt-link\" onClick=\"cdmtrack_click(104779,jQuery(this));return false\" href=\"https:\/\/morsoe-begravelsesforretning.dk\/\"><img decoding=\"async\" style=\"width:100%;\" src=\"https:\/\/kunmedierne.dk\/mors\/wp-content\/uploads\/2023\/11\/251215-morsoe-begravelsesforretning.jpg\"><\/a><script>cdmtrack_view(104779);<\/script>\n<p>Derfor var det ogs\u00e5 en ekstra stor sejr, da Kulturm\u00f8det rakte ud og tilb\u00f8d en sammensmeltning. Et initiativ, som Trine Bang, direkt\u00f8r for Kulturm\u00f8det Mors, beskriver s\u00e5ledes:<\/p>\n<p>\u201dFor tre \u00e5r siden satte vi s\u00e6rlig fokus p\u00e5, at lokale unge i langt h\u00f8jere grad skulle tage aktivt del af Kulturm\u00f8det. Ind ad d\u00f8ren tr\u00e5dte nogle entreprenante unge fra Ung Kult. Det her er kulminationen af et efterh\u00e5nden langt samarbejde, hvor jeg virkelig synes de unge fuldst\u00e6ndigt selv viser, hvor langt man kan komme med ungekultur p\u00e5 Mors. Det er imponerende, og vi er heldigvis f\u00f8rst lige begyndt.<\/p>\n<p>Kulturm\u00f8det Mors foreg\u00e5r i \u00e5r i dagene 25.-27. august.<\/p>\n<a class=\"dvrt-link\" onClick=\"cdmtrack_click(104783,jQuery(this));return false\" href=\"https:\/\/konpap.dk\/\"><img decoding=\"async\" style=\"width:100%;\" src=\"https:\/\/kunmedierne.dk\/mors\/wp-content\/uploads\/2023\/10\/Kun-Mors-banner.jpg\"><\/a><script>cdmtrack_view(104783);<\/script>\n<blockquote>\n<h5>V\u00e6r sikker p\u00e5, at du f\u00e5r alle artikler p\u00e5 KunMors. Tilmeld dig den gratis KunMors-avisen nederst p\u00e5 siden.<\/h5>\n<\/blockquote>\n","protected":false},"excerpt":{"rendered":"<p>NYK\u00d8BING: Et kulturm\u00f8de med fokus p\u00e5 unge bliver nu en mere samment\u00f8mret del af selve Kulturm\u00f8det Mors. Det fort\u00e6ller Ung Kult Camp og Kulturm\u00f8det Mors i en f\u00e6lles pressemeddelelse, der oplyser, at ungeomr\u00e5det i \u00e5r flytter til Gasv\u00e6rksvej, hvor det vil ligge i forl\u00e6ngelse af den allerede eksisterende kulturplads. Samtidig kommer ungeomr\u00e5det igennem en kulturel [&hellip;]<\/p>\n","protected":false},"author":8,"featured_media":69955,"comment_status":"closed","ping_status":"open","sticky":false,"template":"","format":"standard","meta":{"_acf_changed":false,"footnotes":""},"categories":[49],"tags":[162],"class_list":["post-69934","post","type-post","status-publish","format-standard","has-post-thumbnail","hentry","category-kultur","tag-kulturmoedet"],"acf":[],"yoast_head":"<!-- This site is optimized with the Yoast SEO plugin v26.8 - https:\/\/yoast.com\/product\/yoast-seo-wordpress\/ -->\n<title>Ung Kult Camp flytter til Gasv\u00e6rksvej - Mors<\/title>\n<meta name=\"robots\" content=\"index, follow, max-snippet:-1, max-image-preview:large, max-video-preview:-1\" \/>\n<link rel=\"canonical\" href=\"https:\/\/kunmedierne.dk\/mors\/ung-kult-camp-flytter-til-gasvaerksvej\/\" \/>\n<meta property=\"og:locale\" content=\"da_DK\" \/>\n<meta property=\"og:type\" content=\"article\" \/>\n<meta property=\"og:title\" content=\"Ung Kult Camp flytter til Gasv\u00e6rksvej - Mors\" \/>\n<meta property=\"og:description\" content=\"NYK\u00d8BING: Et kulturm\u00f8de med fokus p\u00e5 unge bliver nu en mere samment\u00f8mret del af selve Kulturm\u00f8det Mors. Det fort\u00e6ller Ung Kult Camp og Kulturm\u00f8det Mors i en f\u00e6lles pressemeddelelse, der oplyser, at ungeomr\u00e5det i \u00e5r flytter til Gasv\u00e6rksvej, hvor det vil ligge i forl\u00e6ngelse af den allerede eksisterende kulturplads. Samtidig kommer ungeomr\u00e5det igennem en kulturel [&hellip;]\" \/>\n<meta property=\"og:url\" content=\"https:\/\/kunmedierne.dk\/mors\/ung-kult-camp-flytter-til-gasvaerksvej\/\" \/>\n<meta property=\"og:site_name\" content=\"Mors\" \/>\n<meta property=\"article:published_time\" content=\"2022-05-18T08:36:32+00:00\" \/>\n<meta property=\"article:modified_time\" content=\"2024-08-12T11:28:05+00:00\" \/>\n<meta property=\"og:image\" content=\"https:\/\/kunmedierne.dk\/mors\/wp-content\/uploads\/2022\/05\/ungkult.jpg\" \/>\n\t<meta property=\"og:image:width\" content=\"770\" \/>\n\t<meta property=\"og:image:height\" content=\"513\" \/>\n\t<meta property=\"og:image:type\" content=\"image\/jpeg\" \/>\n<meta name=\"author\" content=\"David H\u00f8jmark\" \/>\n<meta name=\"twitter:card\" content=\"summary_large_image\" \/>\n<meta name=\"twitter:label1\" content=\"Skrevet af\" \/>\n\t<meta name=\"twitter:data1\" content=\"David H\u00f8jmark\" \/>\n\t<meta name=\"twitter:label2\" content=\"Estimeret l\u00e6setid\" \/>\n\t<meta name=\"twitter:data2\" content=\"3 minutter\" \/>\n<script type=\"application\/ld+json\" class=\"yoast-schema-graph\">{\"@context\":\"https:\/\/schema.org\",\"@graph\":[{\"@type\":\"Article\",\"@id\":\"https:\/\/kunmedierne.dk\/mors\/ung-kult-camp-flytter-til-gasvaerksvej\/#article\",\"isPartOf\":{\"@id\":\"https:\/\/kunmedierne.dk\/mors\/ung-kult-camp-flytter-til-gasvaerksvej\/\"},\"author\":{\"name\":\"David H\u00f8jmark\",\"@id\":\"https:\/\/kunmedierne.dk\/mors\/#\/schema\/person\/5fe23251bf1d0abbcdc6f7896579d548\"},\"headline\":\"Ung Kult Camp flytter til Gasv\u00e6rksvej\",\"datePublished\":\"2022-05-18T08:36:32+00:00\",\"dateModified\":\"2024-08-12T11:28:05+00:00\",\"mainEntityOfPage\":{\"@id\":\"https:\/\/kunmedierne.dk\/mors\/ung-kult-camp-flytter-til-gasvaerksvej\/\"},\"wordCount\":442,\"publisher\":{\"@id\":\"https:\/\/kunmedierne.dk\/mors\/#organization\"},\"image\":{\"@id\":\"https:\/\/kunmedierne.dk\/mors\/ung-kult-camp-flytter-til-gasvaerksvej\/#primaryimage\"},\"thumbnailUrl\":\"https:\/\/kunmedierne.dk\/mors\/wp-content\/uploads\/2022\/05\/ungkult.jpg\",\"keywords\":[\"Kulturm\u00f8det\"],\"articleSection\":[\"Kultur\"],\"inLanguage\":\"da-DK\"},{\"@type\":\"WebPage\",\"@id\":\"https:\/\/kunmedierne.dk\/mors\/ung-kult-camp-flytter-til-gasvaerksvej\/\",\"url\":\"https:\/\/kunmedierne.dk\/mors\/ung-kult-camp-flytter-til-gasvaerksvej\/\",\"name\":\"Ung Kult Camp flytter til Gasv\u00e6rksvej - Mors\",\"isPartOf\":{\"@id\":\"https:\/\/kunmedierne.dk\/mors\/#website\"},\"primaryImageOfPage\":{\"@id\":\"https:\/\/kunmedierne.dk\/mors\/ung-kult-camp-flytter-til-gasvaerksvej\/#primaryimage\"},\"image\":{\"@id\":\"https:\/\/kunmedierne.dk\/mors\/ung-kult-camp-flytter-til-gasvaerksvej\/#primaryimage\"},\"thumbnailUrl\":\"https:\/\/kunmedierne.dk\/mors\/wp-content\/uploads\/2022\/05\/ungkult.jpg\",\"datePublished\":\"2022-05-18T08:36:32+00:00\",\"dateModified\":\"2024-08-12T11:28:05+00:00\",\"breadcrumb\":{\"@id\":\"https:\/\/kunmedierne.dk\/mors\/ung-kult-camp-flytter-til-gasvaerksvej\/#breadcrumb\"},\"inLanguage\":\"da-DK\",\"potentialAction\":[{\"@type\":\"ReadAction\",\"target\":[\"https:\/\/kunmedierne.dk\/mors\/ung-kult-camp-flytter-til-gasvaerksvej\/\"]}]},{\"@type\":\"ImageObject\",\"inLanguage\":\"da-DK\",\"@id\":\"https:\/\/kunmedierne.dk\/mors\/ung-kult-camp-flytter-til-gasvaerksvej\/#primaryimage\",\"url\":\"https:\/\/kunmedierne.dk\/mors\/wp-content\/uploads\/2022\/05\/ungkult.jpg\",\"contentUrl\":\"https:\/\/kunmedierne.dk\/mors\/wp-content\/uploads\/2022\/05\/ungkult.jpg\",\"width\":770,\"height\":513,\"caption\":\"Ung Kult bliver mere synlig under Kulturm\u00f8det Mors. Foto: Jacob Dybdahl\"},{\"@type\":\"BreadcrumbList\",\"@id\":\"https:\/\/kunmedierne.dk\/mors\/ung-kult-camp-flytter-til-gasvaerksvej\/#breadcrumb\",\"itemListElement\":[{\"@type\":\"ListItem\",\"position\":1,\"name\":\"Hjem\",\"item\":\"https:\/\/kunmedierne.dk\/mors\/\"},{\"@type\":\"ListItem\",\"position\":2,\"name\":\"Ung Kult Camp flytter til Gasv\u00e6rksvej\"}]},{\"@type\":\"WebSite\",\"@id\":\"https:\/\/kunmedierne.dk\/mors\/#website\",\"url\":\"https:\/\/kunmedierne.dk\/mors\/\",\"name\":\"Mors\",\"description\":\"et netmedie med journalistik om livet p\u00e5 Mors\",\"publisher\":{\"@id\":\"https:\/\/kunmedierne.dk\/mors\/#organization\"},\"potentialAction\":[{\"@type\":\"SearchAction\",\"target\":{\"@type\":\"EntryPoint\",\"urlTemplate\":\"https:\/\/kunmedierne.dk\/mors\/?s={search_term_string}\"},\"query-input\":{\"@type\":\"PropertyValueSpecification\",\"valueRequired\":true,\"valueName\":\"search_term_string\"}}],\"inLanguage\":\"da-DK\"},{\"@type\":\"Organization\",\"@id\":\"https:\/\/kunmedierne.dk\/mors\/#organization\",\"name\":\"Mors\",\"url\":\"https:\/\/kunmedierne.dk\/mors\/\",\"logo\":{\"@type\":\"ImageObject\",\"inLanguage\":\"da-DK\",\"@id\":\"https:\/\/kunmedierne.dk\/mors\/#\/schema\/logo\/image\/\",\"url\":\"https:\/\/kunmedierne.dk\/mors\/wp-content\/uploads\/2024\/08\/kunmors-logo.svg\",\"contentUrl\":\"https:\/\/kunmedierne.dk\/mors\/wp-content\/uploads\/2024\/08\/kunmors-logo.svg\",\"caption\":\"Mors\"},\"image\":{\"@id\":\"https:\/\/kunmedierne.dk\/mors\/#\/schema\/logo\/image\/\"}},{\"@type\":\"Person\",\"@id\":\"https:\/\/kunmedierne.dk\/mors\/#\/schema\/person\/5fe23251bf1d0abbcdc6f7896579d548\",\"name\":\"David H\u00f8jmark\",\"image\":{\"@type\":\"ImageObject\",\"inLanguage\":\"da-DK\",\"@id\":\"https:\/\/kunmedierne.dk\/mors\/#\/schema\/person\/image\/\",\"url\":\"https:\/\/secure.gravatar.com\/avatar\/4315d6fb9ef244d729989f5f90268eb08d5bf8a3d84402f595fa194bb35784fd?s=96&d=mm&r=g\",\"contentUrl\":\"https:\/\/secure.gravatar.com\/avatar\/4315d6fb9ef244d729989f5f90268eb08d5bf8a3d84402f595fa194bb35784fd?s=96&d=mm&r=g\",\"caption\":\"David H\u00f8jmark\"},\"sameAs\":[\"https:\/\/www.kunmedierne.dk\"],\"url\":\"https:\/\/kunmedierne.dk\/mors\/author\/david\/\"}]}<\/script>\n<!-- \/ Yoast SEO plugin. -->","yoast_head_json":{"title":"Ung Kult Camp flytter til Gasv\u00e6rksvej - Mors","robots":{"index":"index","follow":"follow","max-snippet":"max-snippet:-1","max-image-preview":"max-image-preview:large","max-video-preview":"max-video-preview:-1"},"canonical":"https:\/\/kunmedierne.dk\/mors\/ung-kult-camp-flytter-til-gasvaerksvej\/","og_locale":"da_DK","og_type":"article","og_title":"Ung Kult Camp flytter til Gasv\u00e6rksvej - Mors","og_description":"NYK\u00d8BING: Et kulturm\u00f8de med fokus p\u00e5 unge bliver nu en mere samment\u00f8mret del af selve Kulturm\u00f8det Mors. Det fort\u00e6ller Ung Kult Camp og Kulturm\u00f8det Mors i en f\u00e6lles pressemeddelelse, der oplyser, at ungeomr\u00e5det i \u00e5r flytter til Gasv\u00e6rksvej, hvor det vil ligge i forl\u00e6ngelse af den allerede eksisterende kulturplads. Samtidig kommer ungeomr\u00e5det igennem en kulturel [&hellip;]","og_url":"https:\/\/kunmedierne.dk\/mors\/ung-kult-camp-flytter-til-gasvaerksvej\/","og_site_name":"Mors","article_published_time":"2022-05-18T08:36:32+00:00","article_modified_time":"2024-08-12T11:28:05+00:00","og_image":[{"width":770,"height":513,"url":"https:\/\/kunmedierne.dk\/mors\/wp-content\/uploads\/2022\/05\/ungkult.jpg","type":"image\/jpeg"}],"author":"David H\u00f8jmark","twitter_card":"summary_large_image","twitter_misc":{"Skrevet af":"David H\u00f8jmark","Estimeret l\u00e6setid":"3 minutter"},"schema":{"@context":"https:\/\/schema.org","@graph":[{"@type":"Article","@id":"https:\/\/kunmedierne.dk\/mors\/ung-kult-camp-flytter-til-gasvaerksvej\/#article","isPartOf":{"@id":"https:\/\/kunmedierne.dk\/mors\/ung-kult-camp-flytter-til-gasvaerksvej\/"},"author":{"name":"David H\u00f8jmark","@id":"https:\/\/kunmedierne.dk\/mors\/#\/schema\/person\/5fe23251bf1d0abbcdc6f7896579d548"},"headline":"Ung Kult Camp flytter til Gasv\u00e6rksvej","datePublished":"2022-05-18T08:36:32+00:00","dateModified":"2024-08-12T11:28:05+00:00","mainEntityOfPage":{"@id":"https:\/\/kunmedierne.dk\/mors\/ung-kult-camp-flytter-til-gasvaerksvej\/"},"wordCount":442,"publisher":{"@id":"https:\/\/kunmedierne.dk\/mors\/#organization"},"image":{"@id":"https:\/\/kunmedierne.dk\/mors\/ung-kult-camp-flytter-til-gasvaerksvej\/#primaryimage"},"thumbnailUrl":"https:\/\/kunmedierne.dk\/mors\/wp-content\/uploads\/2022\/05\/ungkult.jpg","keywords":["Kulturm\u00f8det"],"articleSection":["Kultur"],"inLanguage":"da-DK"},{"@type":"WebPage","@id":"https:\/\/kunmedierne.dk\/mors\/ung-kult-camp-flytter-til-gasvaerksvej\/","url":"https:\/\/kunmedierne.dk\/mors\/ung-kult-camp-flytter-til-gasvaerksvej\/","name":"Ung Kult Camp flytter til Gasv\u00e6rksvej - Mors","isPartOf":{"@id":"https:\/\/kunmedierne.dk\/mors\/#website"},"primaryImageOfPage":{"@id":"https:\/\/kunmedierne.dk\/mors\/ung-kult-camp-flytter-til-gasvaerksvej\/#primaryimage"},"image":{"@id":"https:\/\/kunmedierne.dk\/mors\/ung-kult-camp-flytter-til-gasvaerksvej\/#primaryimage"},"thumbnailUrl":"https:\/\/kunmedierne.dk\/mors\/wp-content\/uploads\/2022\/05\/ungkult.jpg","datePublished":"2022-05-18T08:36:32+00:00","dateModified":"2024-08-12T11:28:05+00:00","breadcrumb":{"@id":"https:\/\/kunmedierne.dk\/mors\/ung-kult-camp-flytter-til-gasvaerksvej\/#breadcrumb"},"inLanguage":"da-DK","potentialAction":[{"@type":"ReadAction","target":["https:\/\/kunmedierne.dk\/mors\/ung-kult-camp-flytter-til-gasvaerksvej\/"]}]},{"@type":"ImageObject","inLanguage":"da-DK","@id":"https:\/\/kunmedierne.dk\/mors\/ung-kult-camp-flytter-til-gasvaerksvej\/#primaryimage","url":"https:\/\/kunmedierne.dk\/mors\/wp-content\/uploads\/2022\/05\/ungkult.jpg","contentUrl":"https:\/\/kunmedierne.dk\/mors\/wp-content\/uploads\/2022\/05\/ungkult.jpg","width":770,"height":513,"caption":"Ung Kult bliver mere synlig under Kulturm\u00f8det Mors. Foto: Jacob Dybdahl"},{"@type":"BreadcrumbList","@id":"https:\/\/kunmedierne.dk\/mors\/ung-kult-camp-flytter-til-gasvaerksvej\/#breadcrumb","itemListElement":[{"@type":"ListItem","position":1,"name":"Hjem","item":"https:\/\/kunmedierne.dk\/mors\/"},{"@type":"ListItem","position":2,"name":"Ung Kult Camp flytter til Gasv\u00e6rksvej"}]},{"@type":"WebSite","@id":"https:\/\/kunmedierne.dk\/mors\/#website","url":"https:\/\/kunmedierne.dk\/mors\/","name":"Mors","description":"et netmedie med journalistik om livet p\u00e5 Mors","publisher":{"@id":"https:\/\/kunmedierne.dk\/mors\/#organization"},"potentialAction":[{"@type":"SearchAction","target":{"@type":"EntryPoint","urlTemplate":"https:\/\/kunmedierne.dk\/mors\/?s={search_term_string}"},"query-input":{"@type":"PropertyValueSpecification","valueRequired":true,"valueName":"search_term_string"}}],"inLanguage":"da-DK"},{"@type":"Organization","@id":"https:\/\/kunmedierne.dk\/mors\/#organization","name":"Mors","url":"https:\/\/kunmedierne.dk\/mors\/","logo":{"@type":"ImageObject","inLanguage":"da-DK","@id":"https:\/\/kunmedierne.dk\/mors\/#\/schema\/logo\/image\/","url":"https:\/\/kunmedierne.dk\/mors\/wp-content\/uploads\/2024\/08\/kunmors-logo.svg","contentUrl":"https:\/\/kunmedierne.dk\/mors\/wp-content\/uploads\/2024\/08\/kunmors-logo.svg","caption":"Mors"},"image":{"@id":"https:\/\/kunmedierne.dk\/mors\/#\/schema\/logo\/image\/"}},{"@type":"Person","@id":"https:\/\/kunmedierne.dk\/mors\/#\/schema\/person\/5fe23251bf1d0abbcdc6f7896579d548","name":"David H\u00f8jmark","image":{"@type":"ImageObject","inLanguage":"da-DK","@id":"https:\/\/kunmedierne.dk\/mors\/#\/schema\/person\/image\/","url":"https:\/\/secure.gravatar.com\/avatar\/4315d6fb9ef244d729989f5f90268eb08d5bf8a3d84402f595fa194bb35784fd?s=96&d=mm&r=g","contentUrl":"https:\/\/secure.gravatar.com\/avatar\/4315d6fb9ef244d729989f5f90268eb08d5bf8a3d84402f595fa194bb35784fd?s=96&d=mm&r=g","caption":"David H\u00f8jmark"},"sameAs":["https:\/\/www.kunmedierne.dk"],"url":"https:\/\/kunmedierne.dk\/mors\/author\/david\/"}]}},"_links":{"self":[{"href":"https:\/\/kunmedierne.dk\/mors\/wp-json\/wp\/v2\/posts\/69934","targetHints":{"allow":["GET"]}}],"collection":[{"href":"https:\/\/kunmedierne.dk\/mors\/wp-json\/wp\/v2\/posts"}],"about":[{"href":"https:\/\/kunmedierne.dk\/mors\/wp-json\/wp\/v2\/types\/post"}],"author":[{"embeddable":true,"href":"https:\/\/kunmedierne.dk\/mors\/wp-json\/wp\/v2\/users\/8"}],"replies":[{"embeddable":true,"href":"https:\/\/kunmedierne.dk\/mors\/wp-json\/wp\/v2\/comments?post=69934"}],"version-history":[{"count":5,"href":"https:\/\/kunmedierne.dk\/mors\/wp-json\/wp\/v2\/posts\/69934\/revisions"}],"predecessor-version":[{"id":69961,"href":"https:\/\/kunmedierne.dk\/mors\/wp-json\/wp\/v2\/posts\/69934\/revisions\/69961"}],"wp:featuredmedia":[{"embeddable":true,"href":"https:\/\/kunmedierne.dk\/mors\/wp-json\/wp\/v2\/media\/69955"}],"wp:attachment":[{"href":"https:\/\/kunmedierne.dk\/mors\/wp-json\/wp\/v2\/media?parent=69934"}],"wp:term":[{"taxonomy":"category","embeddable":true,"href":"https:\/\/kunmedierne.dk\/mors\/wp-json\/wp\/v2\/categories?post=69934"},{"taxonomy":"post_tag","embeddable":true,"href":"https:\/\/kunmedierne.dk\/mors\/wp-json\/wp\/v2\/tags?post=69934"}],"curies":[{"name":"wp","href":"https:\/\/api.w.org\/{rel}","templated":true}]}}