{"id":69809,"date":"2022-05-16T14:28:25","date_gmt":"2022-05-16T12:28:25","guid":{"rendered":"https:\/\/kunmedierne.dk\/mors\/?p=69809"},"modified":"2024-08-12T13:28:05","modified_gmt":"2024-08-12T11:28:05","slug":"lederstilling-paa-m-c-holms-skole-er-endnu-ikke-slaaet-op","status":"publish","type":"post","link":"https:\/\/kunmedierne.dk\/mors\/lederstilling-paa-m-c-holms-skole-er-endnu-ikke-slaaet-op\/","title":{"rendered":"Lederstilling p\u00e5 M.C. Holms Skole er endnu ikke sl\u00e5et op"},"content":{"rendered":"<p><b>MORS<\/b>: Det er halvanden m\u00e5ned siden, at Ren\u00e9 Bojsen <a href=\"https:\/\/kunmedierne.dk\/mors\/m-c-holms-skole-skal-have-ny-skoleleder\/\" target=\"_blank\" rel=\"noopener\">opsagde sin stilling<\/a> som skoleleder p\u00e5 M.C. Holms Skole med udgangen af april &#8211; men endnu har Mors\u00f8 Kommune ikke sl\u00e5et stillingen op for at finde hans afl\u00f8ser.<\/p>\n<p>Det skyldes, fort\u00e6ller Torben Gregersen, direkt\u00f8r for B\u00f8rn og Kultur i Mors\u00f8 Kommune, at man f\u00f8rst vil finde en ny leder til Sydmors Skole og B\u00f8rnehus.<\/p>\n<p>&#8220;Der er en proces i gang med udarbejdelse af stillingsopslag og s\u00e5 videre, s\u00e5 det g\u00e5r sin gang,&#8221; siger han og tilf\u00f8jer, at kommunen k\u00f8rer de to processer hver for sig.<\/p>\n<a class=\"dvrt-link\" onClick=\"cdmtrack_click(104778,jQuery(this));return false\" href=\"https:\/\/vester-begr.dk\/?gclid=CjwKCAjw5Kv7BRBSEiwAXGDElQB6WMfm9CgYVrruty-I1gaOkTkC3mlA4QRDtYNsxYgVC8sNzAJ7WhoCmBsQAvD_BwE\"><img decoding=\"async\" style=\"width:100%;\" src=\"https:\/\/kunmedierne.dk\/mors\/wp-content\/uploads\/2023\/10\/260203VesterHoukaer-02022026.jpg\"><\/a><script>cdmtrack_view(104778);<\/script>\n<p>&#8220;Vi kan jo kun v\u00e6re et sted af gangen, og vi er jo kun s\u00e5 mange mennesker. Og Michael Dahlgaard (skolechef i Mors\u00f8 Kommune, red.) er jo konstitueret skoleleder p\u00e5 M.C. Holms Skole, s\u00e5 p\u00e5 den m\u00e5de fungerer det ganske udm\u00e6rket,&#8221; siger han.<\/p>\n<p><i>S\u00e5 det er ikke s\u00e5 presserende at skulle have en ny skoleleder klar til lige efter sommerferien?<br \/>\n<\/i><\/p>\n<p>&#8220;Nej, ikke p\u00e5 den del. Det er vigtigt at g\u00f8re sig umage i processerne, og det skal g\u00f8res ordentligt. Det at k\u00f8re to sidel\u00f8bende ans\u00e6ttelsesprocesser til skoledere p\u00e5 to skoler er ikke optimalt. Man skal koncentrere sig om at lave gode processer, s\u00e5 vi har besluttet at adskille det,&#8221; siger Torben Gregersen.<\/p>\n<a class=\"dvrt-link\" onClick=\"cdmtrack_click(104779,jQuery(this));return false\" href=\"https:\/\/morsoe-begravelsesforretning.dk\/\"><img decoding=\"async\" style=\"width:100%;\" src=\"https:\/\/kunmedierne.dk\/mors\/wp-content\/uploads\/2023\/11\/251215-morsoe-begravelsesforretning.jpg\"><\/a><script>cdmtrack_view(104779);<\/script>\n<p>Mors\u00f8 Kommune har tidligere sl\u00e5et stillingen p\u00e5 Sydmors Skole og B\u00f8rnehus op, men har m\u00e5ttet <a href=\"https:\/\/kunmedierne.dk\/mors\/lederpost-paa-sydmors-skole-og-boernehus-blev-ikke-besat-i-foerste-omgang\/\" target=\"_blank\" rel=\"noopener\">g\u00f8re det igen<\/a>, fordi det i f\u00f8rste omgang ikke lykkedes at f\u00e5 stillingen besat.<\/p>\n<p>Det nye stillingsopslag er med sidste ans\u00f8gningsfrist 25. maj.<\/p>\n<h5>L\u00c6S OGS\u00c5: <a href=\"https:\/\/kunmedierne.dk\/mors\/m-c-holms-skole-skal-have-ny-skoleleder\/\">M.C. Holms Skole skal have ny skoleleder<\/a><\/h5>\n<h5>L\u00c6S OGS\u00c5: <a href=\"https:\/\/kunmedierne.dk\/mors\/afgaaende-skoleleder-her-skal-morsoe-kommune-arbejde-videre\/\">Afg\u00e5ende skoleleder: Her skal Mors\u00f8 Kommune arbejde videre<\/a><\/h5>\n<h5>L\u00c6S OGS\u00c5: <a href=\"https:\/\/kunmedierne.dk\/mors\/lederpost-paa-sydmors-skole-og-boernehus-blev-ikke-besat-i-foerste-omgang\/\">Lederpost p\u00e5 Sydmors Skole og B\u00f8rnehus blev ikke besat i f\u00f8rste omgang<\/a><\/h5>\n","protected":false},"excerpt":{"rendered":"<p>MORS: Det er halvanden m\u00e5ned siden, at Ren\u00e9 Bojsen opsagde sin stilling som skoleleder p\u00e5 M.C. Holms Skole med udgangen af april &#8211; men endnu har Mors\u00f8 Kommune ikke sl\u00e5et stillingen op for at finde hans afl\u00f8ser. Det skyldes, fort\u00e6ller Torben Gregersen, direkt\u00f8r for B\u00f8rn og Kultur i Mors\u00f8 Kommune, at man f\u00f8rst vil finde [&hellip;]<\/p>\n","protected":false},"author":8,"featured_media":66147,"comment_status":"closed","ping_status":"open","sticky":false,"template":"","format":"standard","meta":{"_acf_changed":false,"footnotes":""},"categories":[51],"tags":[170],"class_list":["post-69809","post","type-post","status-publish","format-standard","has-post-thumbnail","hentry","category-lokalt","tag-uddannelse"],"acf":[],"yoast_head":"<!-- This site is optimized with the Yoast SEO plugin v26.8 - https:\/\/yoast.com\/product\/yoast-seo-wordpress\/ -->\n<title>Lederstilling p\u00e5 M.C. Holms Skole er endnu ikke sl\u00e5et op - Mors<\/title>\n<meta name=\"robots\" content=\"index, follow, max-snippet:-1, max-image-preview:large, max-video-preview:-1\" \/>\n<link rel=\"canonical\" href=\"https:\/\/kunmedierne.dk\/mors\/lederstilling-paa-m-c-holms-skole-er-endnu-ikke-slaaet-op\/\" \/>\n<meta property=\"og:locale\" content=\"da_DK\" \/>\n<meta property=\"og:type\" content=\"article\" \/>\n<meta property=\"og:title\" content=\"Lederstilling p\u00e5 M.C. Holms Skole er endnu ikke sl\u00e5et op - Mors\" \/>\n<meta property=\"og:description\" content=\"MORS: Det er halvanden m\u00e5ned siden, at Ren\u00e9 Bojsen opsagde sin stilling som skoleleder p\u00e5 M.C. Holms Skole med udgangen af april &#8211; men endnu har Mors\u00f8 Kommune ikke sl\u00e5et stillingen op for at finde hans afl\u00f8ser. Det skyldes, fort\u00e6ller Torben Gregersen, direkt\u00f8r for B\u00f8rn og Kultur i Mors\u00f8 Kommune, at man f\u00f8rst vil finde [&hellip;]\" \/>\n<meta property=\"og:url\" content=\"https:\/\/kunmedierne.dk\/mors\/lederstilling-paa-m-c-holms-skole-er-endnu-ikke-slaaet-op\/\" \/>\n<meta property=\"og:site_name\" content=\"Mors\" \/>\n<meta property=\"article:published_time\" content=\"2022-05-16T12:28:25+00:00\" \/>\n<meta property=\"article:modified_time\" content=\"2024-08-12T11:28:05+00:00\" \/>\n<meta property=\"og:image\" content=\"https:\/\/kunmedierne.dk\/mors\/wp-content\/uploads\/2022\/03\/IMG_7939.jpg\" \/>\n\t<meta property=\"og:image:width\" content=\"770\" \/>\n\t<meta property=\"og:image:height\" content=\"513\" \/>\n\t<meta property=\"og:image:type\" content=\"image\/jpeg\" \/>\n<meta name=\"author\" content=\"David H\u00f8jmark\" \/>\n<meta name=\"twitter:card\" content=\"summary_large_image\" \/>\n<meta name=\"twitter:label1\" content=\"Skrevet af\" \/>\n\t<meta name=\"twitter:data1\" content=\"David H\u00f8jmark\" \/>\n\t<meta name=\"twitter:label2\" content=\"Estimeret l\u00e6setid\" \/>\n\t<meta name=\"twitter:data2\" content=\"2 minutter\" \/>\n<script type=\"application\/ld+json\" class=\"yoast-schema-graph\">{\"@context\":\"https:\/\/schema.org\",\"@graph\":[{\"@type\":\"Article\",\"@id\":\"https:\/\/kunmedierne.dk\/mors\/lederstilling-paa-m-c-holms-skole-er-endnu-ikke-slaaet-op\/#article\",\"isPartOf\":{\"@id\":\"https:\/\/kunmedierne.dk\/mors\/lederstilling-paa-m-c-holms-skole-er-endnu-ikke-slaaet-op\/\"},\"author\":{\"name\":\"David H\u00f8jmark\",\"@id\":\"https:\/\/kunmedierne.dk\/mors\/#\/schema\/person\/5fe23251bf1d0abbcdc6f7896579d548\"},\"headline\":\"Lederstilling p\u00e5 M.C. Holms Skole er endnu ikke sl\u00e5et op\",\"datePublished\":\"2022-05-16T12:28:25+00:00\",\"dateModified\":\"2024-08-12T11:28:05+00:00\",\"mainEntityOfPage\":{\"@id\":\"https:\/\/kunmedierne.dk\/mors\/lederstilling-paa-m-c-holms-skole-er-endnu-ikke-slaaet-op\/\"},\"wordCount\":326,\"publisher\":{\"@id\":\"https:\/\/kunmedierne.dk\/mors\/#organization\"},\"image\":{\"@id\":\"https:\/\/kunmedierne.dk\/mors\/lederstilling-paa-m-c-holms-skole-er-endnu-ikke-slaaet-op\/#primaryimage\"},\"thumbnailUrl\":\"https:\/\/kunmedierne.dk\/mors\/wp-content\/uploads\/2022\/03\/IMG_7939.jpg\",\"keywords\":[\"Skoler og uddannelse\"],\"articleSection\":[\"Lokalt\"],\"inLanguage\":\"da-DK\"},{\"@type\":\"WebPage\",\"@id\":\"https:\/\/kunmedierne.dk\/mors\/lederstilling-paa-m-c-holms-skole-er-endnu-ikke-slaaet-op\/\",\"url\":\"https:\/\/kunmedierne.dk\/mors\/lederstilling-paa-m-c-holms-skole-er-endnu-ikke-slaaet-op\/\",\"name\":\"Lederstilling p\u00e5 M.C. Holms Skole er endnu ikke sl\u00e5et op - Mors\",\"isPartOf\":{\"@id\":\"https:\/\/kunmedierne.dk\/mors\/#website\"},\"primaryImageOfPage\":{\"@id\":\"https:\/\/kunmedierne.dk\/mors\/lederstilling-paa-m-c-holms-skole-er-endnu-ikke-slaaet-op\/#primaryimage\"},\"image\":{\"@id\":\"https:\/\/kunmedierne.dk\/mors\/lederstilling-paa-m-c-holms-skole-er-endnu-ikke-slaaet-op\/#primaryimage\"},\"thumbnailUrl\":\"https:\/\/kunmedierne.dk\/mors\/wp-content\/uploads\/2022\/03\/IMG_7939.jpg\",\"datePublished\":\"2022-05-16T12:28:25+00:00\",\"dateModified\":\"2024-08-12T11:28:05+00:00\",\"breadcrumb\":{\"@id\":\"https:\/\/kunmedierne.dk\/mors\/lederstilling-paa-m-c-holms-skole-er-endnu-ikke-slaaet-op\/#breadcrumb\"},\"inLanguage\":\"da-DK\",\"potentialAction\":[{\"@type\":\"ReadAction\",\"target\":[\"https:\/\/kunmedierne.dk\/mors\/lederstilling-paa-m-c-holms-skole-er-endnu-ikke-slaaet-op\/\"]}]},{\"@type\":\"ImageObject\",\"inLanguage\":\"da-DK\",\"@id\":\"https:\/\/kunmedierne.dk\/mors\/lederstilling-paa-m-c-holms-skole-er-endnu-ikke-slaaet-op\/#primaryimage\",\"url\":\"https:\/\/kunmedierne.dk\/mors\/wp-content\/uploads\/2022\/03\/IMG_7939.jpg\",\"contentUrl\":\"https:\/\/kunmedierne.dk\/mors\/wp-content\/uploads\/2022\/03\/IMG_7939.jpg\",\"width\":770,\"height\":513,\"caption\":\"M.C. Holms Skole.\"},{\"@type\":\"BreadcrumbList\",\"@id\":\"https:\/\/kunmedierne.dk\/mors\/lederstilling-paa-m-c-holms-skole-er-endnu-ikke-slaaet-op\/#breadcrumb\",\"itemListElement\":[{\"@type\":\"ListItem\",\"position\":1,\"name\":\"Hjem\",\"item\":\"https:\/\/kunmedierne.dk\/mors\/\"},{\"@type\":\"ListItem\",\"position\":2,\"name\":\"Lederstilling p\u00e5 M.C. Holms Skole er endnu ikke sl\u00e5et op\"}]},{\"@type\":\"WebSite\",\"@id\":\"https:\/\/kunmedierne.dk\/mors\/#website\",\"url\":\"https:\/\/kunmedierne.dk\/mors\/\",\"name\":\"Mors\",\"description\":\"et netmedie med journalistik om livet p\u00e5 Mors\",\"publisher\":{\"@id\":\"https:\/\/kunmedierne.dk\/mors\/#organization\"},\"potentialAction\":[{\"@type\":\"SearchAction\",\"target\":{\"@type\":\"EntryPoint\",\"urlTemplate\":\"https:\/\/kunmedierne.dk\/mors\/?s={search_term_string}\"},\"query-input\":{\"@type\":\"PropertyValueSpecification\",\"valueRequired\":true,\"valueName\":\"search_term_string\"}}],\"inLanguage\":\"da-DK\"},{\"@type\":\"Organization\",\"@id\":\"https:\/\/kunmedierne.dk\/mors\/#organization\",\"name\":\"Mors\",\"url\":\"https:\/\/kunmedierne.dk\/mors\/\",\"logo\":{\"@type\":\"ImageObject\",\"inLanguage\":\"da-DK\",\"@id\":\"https:\/\/kunmedierne.dk\/mors\/#\/schema\/logo\/image\/\",\"url\":\"https:\/\/kunmedierne.dk\/mors\/wp-content\/uploads\/2024\/08\/kunmors-logo.svg\",\"contentUrl\":\"https:\/\/kunmedierne.dk\/mors\/wp-content\/uploads\/2024\/08\/kunmors-logo.svg\",\"caption\":\"Mors\"},\"image\":{\"@id\":\"https:\/\/kunmedierne.dk\/mors\/#\/schema\/logo\/image\/\"}},{\"@type\":\"Person\",\"@id\":\"https:\/\/kunmedierne.dk\/mors\/#\/schema\/person\/5fe23251bf1d0abbcdc6f7896579d548\",\"name\":\"David H\u00f8jmark\",\"image\":{\"@type\":\"ImageObject\",\"inLanguage\":\"da-DK\",\"@id\":\"https:\/\/kunmedierne.dk\/mors\/#\/schema\/person\/image\/\",\"url\":\"https:\/\/secure.gravatar.com\/avatar\/4315d6fb9ef244d729989f5f90268eb08d5bf8a3d84402f595fa194bb35784fd?s=96&d=mm&r=g\",\"contentUrl\":\"https:\/\/secure.gravatar.com\/avatar\/4315d6fb9ef244d729989f5f90268eb08d5bf8a3d84402f595fa194bb35784fd?s=96&d=mm&r=g\",\"caption\":\"David H\u00f8jmark\"},\"sameAs\":[\"https:\/\/www.kunmedierne.dk\"],\"url\":\"https:\/\/kunmedierne.dk\/mors\/author\/david\/\"}]}<\/script>\n<!-- \/ Yoast SEO plugin. -->","yoast_head_json":{"title":"Lederstilling p\u00e5 M.C. Holms Skole er endnu ikke sl\u00e5et op - Mors","robots":{"index":"index","follow":"follow","max-snippet":"max-snippet:-1","max-image-preview":"max-image-preview:large","max-video-preview":"max-video-preview:-1"},"canonical":"https:\/\/kunmedierne.dk\/mors\/lederstilling-paa-m-c-holms-skole-er-endnu-ikke-slaaet-op\/","og_locale":"da_DK","og_type":"article","og_title":"Lederstilling p\u00e5 M.C. Holms Skole er endnu ikke sl\u00e5et op - Mors","og_description":"MORS: Det er halvanden m\u00e5ned siden, at Ren\u00e9 Bojsen opsagde sin stilling som skoleleder p\u00e5 M.C. Holms Skole med udgangen af april &#8211; men endnu har Mors\u00f8 Kommune ikke sl\u00e5et stillingen op for at finde hans afl\u00f8ser. Det skyldes, fort\u00e6ller Torben Gregersen, direkt\u00f8r for B\u00f8rn og Kultur i Mors\u00f8 Kommune, at man f\u00f8rst vil finde [&hellip;]","og_url":"https:\/\/kunmedierne.dk\/mors\/lederstilling-paa-m-c-holms-skole-er-endnu-ikke-slaaet-op\/","og_site_name":"Mors","article_published_time":"2022-05-16T12:28:25+00:00","article_modified_time":"2024-08-12T11:28:05+00:00","og_image":[{"width":770,"height":513,"url":"https:\/\/kunmedierne.dk\/mors\/wp-content\/uploads\/2022\/03\/IMG_7939.jpg","type":"image\/jpeg"}],"author":"David H\u00f8jmark","twitter_card":"summary_large_image","twitter_misc":{"Skrevet af":"David H\u00f8jmark","Estimeret l\u00e6setid":"2 minutter"},"schema":{"@context":"https:\/\/schema.org","@graph":[{"@type":"Article","@id":"https:\/\/kunmedierne.dk\/mors\/lederstilling-paa-m-c-holms-skole-er-endnu-ikke-slaaet-op\/#article","isPartOf":{"@id":"https:\/\/kunmedierne.dk\/mors\/lederstilling-paa-m-c-holms-skole-er-endnu-ikke-slaaet-op\/"},"author":{"name":"David H\u00f8jmark","@id":"https:\/\/kunmedierne.dk\/mors\/#\/schema\/person\/5fe23251bf1d0abbcdc6f7896579d548"},"headline":"Lederstilling p\u00e5 M.C. Holms Skole er endnu ikke sl\u00e5et op","datePublished":"2022-05-16T12:28:25+00:00","dateModified":"2024-08-12T11:28:05+00:00","mainEntityOfPage":{"@id":"https:\/\/kunmedierne.dk\/mors\/lederstilling-paa-m-c-holms-skole-er-endnu-ikke-slaaet-op\/"},"wordCount":326,"publisher":{"@id":"https:\/\/kunmedierne.dk\/mors\/#organization"},"image":{"@id":"https:\/\/kunmedierne.dk\/mors\/lederstilling-paa-m-c-holms-skole-er-endnu-ikke-slaaet-op\/#primaryimage"},"thumbnailUrl":"https:\/\/kunmedierne.dk\/mors\/wp-content\/uploads\/2022\/03\/IMG_7939.jpg","keywords":["Skoler og uddannelse"],"articleSection":["Lokalt"],"inLanguage":"da-DK"},{"@type":"WebPage","@id":"https:\/\/kunmedierne.dk\/mors\/lederstilling-paa-m-c-holms-skole-er-endnu-ikke-slaaet-op\/","url":"https:\/\/kunmedierne.dk\/mors\/lederstilling-paa-m-c-holms-skole-er-endnu-ikke-slaaet-op\/","name":"Lederstilling p\u00e5 M.C. Holms Skole er endnu ikke sl\u00e5et op - Mors","isPartOf":{"@id":"https:\/\/kunmedierne.dk\/mors\/#website"},"primaryImageOfPage":{"@id":"https:\/\/kunmedierne.dk\/mors\/lederstilling-paa-m-c-holms-skole-er-endnu-ikke-slaaet-op\/#primaryimage"},"image":{"@id":"https:\/\/kunmedierne.dk\/mors\/lederstilling-paa-m-c-holms-skole-er-endnu-ikke-slaaet-op\/#primaryimage"},"thumbnailUrl":"https:\/\/kunmedierne.dk\/mors\/wp-content\/uploads\/2022\/03\/IMG_7939.jpg","datePublished":"2022-05-16T12:28:25+00:00","dateModified":"2024-08-12T11:28:05+00:00","breadcrumb":{"@id":"https:\/\/kunmedierne.dk\/mors\/lederstilling-paa-m-c-holms-skole-er-endnu-ikke-slaaet-op\/#breadcrumb"},"inLanguage":"da-DK","potentialAction":[{"@type":"ReadAction","target":["https:\/\/kunmedierne.dk\/mors\/lederstilling-paa-m-c-holms-skole-er-endnu-ikke-slaaet-op\/"]}]},{"@type":"ImageObject","inLanguage":"da-DK","@id":"https:\/\/kunmedierne.dk\/mors\/lederstilling-paa-m-c-holms-skole-er-endnu-ikke-slaaet-op\/#primaryimage","url":"https:\/\/kunmedierne.dk\/mors\/wp-content\/uploads\/2022\/03\/IMG_7939.jpg","contentUrl":"https:\/\/kunmedierne.dk\/mors\/wp-content\/uploads\/2022\/03\/IMG_7939.jpg","width":770,"height":513,"caption":"M.C. Holms Skole."},{"@type":"BreadcrumbList","@id":"https:\/\/kunmedierne.dk\/mors\/lederstilling-paa-m-c-holms-skole-er-endnu-ikke-slaaet-op\/#breadcrumb","itemListElement":[{"@type":"ListItem","position":1,"name":"Hjem","item":"https:\/\/kunmedierne.dk\/mors\/"},{"@type":"ListItem","position":2,"name":"Lederstilling p\u00e5 M.C. Holms Skole er endnu ikke sl\u00e5et op"}]},{"@type":"WebSite","@id":"https:\/\/kunmedierne.dk\/mors\/#website","url":"https:\/\/kunmedierne.dk\/mors\/","name":"Mors","description":"et netmedie med journalistik om livet p\u00e5 Mors","publisher":{"@id":"https:\/\/kunmedierne.dk\/mors\/#organization"},"potentialAction":[{"@type":"SearchAction","target":{"@type":"EntryPoint","urlTemplate":"https:\/\/kunmedierne.dk\/mors\/?s={search_term_string}"},"query-input":{"@type":"PropertyValueSpecification","valueRequired":true,"valueName":"search_term_string"}}],"inLanguage":"da-DK"},{"@type":"Organization","@id":"https:\/\/kunmedierne.dk\/mors\/#organization","name":"Mors","url":"https:\/\/kunmedierne.dk\/mors\/","logo":{"@type":"ImageObject","inLanguage":"da-DK","@id":"https:\/\/kunmedierne.dk\/mors\/#\/schema\/logo\/image\/","url":"https:\/\/kunmedierne.dk\/mors\/wp-content\/uploads\/2024\/08\/kunmors-logo.svg","contentUrl":"https:\/\/kunmedierne.dk\/mors\/wp-content\/uploads\/2024\/08\/kunmors-logo.svg","caption":"Mors"},"image":{"@id":"https:\/\/kunmedierne.dk\/mors\/#\/schema\/logo\/image\/"}},{"@type":"Person","@id":"https:\/\/kunmedierne.dk\/mors\/#\/schema\/person\/5fe23251bf1d0abbcdc6f7896579d548","name":"David H\u00f8jmark","image":{"@type":"ImageObject","inLanguage":"da-DK","@id":"https:\/\/kunmedierne.dk\/mors\/#\/schema\/person\/image\/","url":"https:\/\/secure.gravatar.com\/avatar\/4315d6fb9ef244d729989f5f90268eb08d5bf8a3d84402f595fa194bb35784fd?s=96&d=mm&r=g","contentUrl":"https:\/\/secure.gravatar.com\/avatar\/4315d6fb9ef244d729989f5f90268eb08d5bf8a3d84402f595fa194bb35784fd?s=96&d=mm&r=g","caption":"David H\u00f8jmark"},"sameAs":["https:\/\/www.kunmedierne.dk"],"url":"https:\/\/kunmedierne.dk\/mors\/author\/david\/"}]}},"_links":{"self":[{"href":"https:\/\/kunmedierne.dk\/mors\/wp-json\/wp\/v2\/posts\/69809","targetHints":{"allow":["GET"]}}],"collection":[{"href":"https:\/\/kunmedierne.dk\/mors\/wp-json\/wp\/v2\/posts"}],"about":[{"href":"https:\/\/kunmedierne.dk\/mors\/wp-json\/wp\/v2\/types\/post"}],"author":[{"embeddable":true,"href":"https:\/\/kunmedierne.dk\/mors\/wp-json\/wp\/v2\/users\/8"}],"replies":[{"embeddable":true,"href":"https:\/\/kunmedierne.dk\/mors\/wp-json\/wp\/v2\/comments?post=69809"}],"version-history":[{"count":1,"href":"https:\/\/kunmedierne.dk\/mors\/wp-json\/wp\/v2\/posts\/69809\/revisions"}],"predecessor-version":[{"id":69811,"href":"https:\/\/kunmedierne.dk\/mors\/wp-json\/wp\/v2\/posts\/69809\/revisions\/69811"}],"wp:featuredmedia":[{"embeddable":true,"href":"https:\/\/kunmedierne.dk\/mors\/wp-json\/wp\/v2\/media\/66147"}],"wp:attachment":[{"href":"https:\/\/kunmedierne.dk\/mors\/wp-json\/wp\/v2\/media?parent=69809"}],"wp:term":[{"taxonomy":"category","embeddable":true,"href":"https:\/\/kunmedierne.dk\/mors\/wp-json\/wp\/v2\/categories?post=69809"},{"taxonomy":"post_tag","embeddable":true,"href":"https:\/\/kunmedierne.dk\/mors\/wp-json\/wp\/v2\/tags?post=69809"}],"curies":[{"name":"wp","href":"https:\/\/api.w.org\/{rel}","templated":true}]}}