{"id":69694,"date":"2022-05-14T19:43:29","date_gmt":"2022-05-14T17:43:29","guid":{"rendered":"https:\/\/kunmedierne.dk\/mors\/?p=69694"},"modified":"2024-08-12T13:28:06","modified_gmt":"2024-08-12T11:28:06","slug":"kortfilm-for-boern-bio-mors-og-morsoe-folkebibliotek","status":"publish","type":"post","link":"https:\/\/kunmedierne.dk\/mors\/kortfilm-for-boern-bio-mors-og-morsoe-folkebibliotek\/","title":{"rendered":"Kortfilm for b\u00f8rn &#8211; Bio Mors og Mors\u00f8 Folkebibliotek"},"content":{"rendered":"<p><b>MORS: <\/b><span style=\"font-weight: 400;\">P\u00e5 B\u00f8rnenes Dag, 21 maj, samarbejder Bio Mors og Mors\u00f8 Folkebibliotek om at vise kortfilm for b\u00f8rn.\u00a0<\/span><\/p>\n<p><span style=\"font-weight: 400;\">Kortfilmene er sat sammen og varer cirka 1 time og 15 minutter pr. forestilling.\u00a0<\/span><\/p>\n<p><span style=\"font-weight: 400;\">B\u00f8rnene pr\u00e6senteres for blandet andet Orla Fr\u00f8snapper animationsfilm, Vitello og Rita og Krokodille. Og her skal filmvisningen fungere som en teaser for Filmstriben og B\u00f8rnebiffen, bibliotekets gratis digitale filmstreaming for alle.\u00a0<\/span><\/p>\n<p><span style=\"font-weight: 400;\"><a class=\"dvrt-link\" onClick=\"cdmtrack_click(104780,jQuery(this));return false\" href=\"https:\/\/www.spard.dk\/\"><img decoding=\"async\" style=\"width:100%;\" src=\"https:\/\/kunmedierne.dk\/mors\/wp-content\/uploads\/2023\/12\/sparekassen-dk-maj25.gif\"><\/a><script>cdmtrack_view(104780);<\/script><\/span><\/p>\n<p><span style=\"font-weight: 400;\">Til forestillingen vil Mors\u00f8 Folkebiblioteks b\u00f8rnebibliotekarer kort pr\u00e6sentere bibliotekets tilbud og en hurtig guide til, hvordan man selv kan se endnu flere film hjemme i stuen.<\/span><\/p>\n<p><span style=\"font-weight: 400;\">Mere information om dagens arrangement kan findes p\u00e5 KunMors\u2019 hjemmeside, <\/span><a href=\"http:\/\/www.biomors.dk\/\"><span style=\"font-weight: 400;\">www.biomors.dk<\/span><\/a><span style=\"font-weight: 400;\">.\u00a0\u00a0<\/span><\/p>\n<blockquote>\n<h5><b>V\u00e6r sikker p\u00e5, at du f\u00e5r alle artikler p\u00e5 KunMors. Tilmeld dig den gratis KunMors-avisen nederst p\u00e5 siden.<\/b><\/h5>\n<\/blockquote>\n","protected":false},"excerpt":{"rendered":"<p>MORS: P\u00e5 B\u00f8rnenes Dag, 21 maj, samarbejder Bio Mors og Mors\u00f8 Folkebibliotek om at vise kortfilm for b\u00f8rn.\u00a0 Kortfilmene er sat sammen og varer cirka 1 time og 15 minutter pr. forestilling.\u00a0 B\u00f8rnene pr\u00e6senteres for blandet andet Orla Fr\u00f8snapper animationsfilm, Vitello og Rita og Krokodille. Og her skal filmvisningen fungere som en teaser for Filmstriben [&hellip;]<\/p>\n","protected":false},"author":2076,"featured_media":61517,"comment_status":"closed","ping_status":"open","sticky":false,"template":"","format":"standard","meta":{"_acf_changed":false,"footnotes":""},"categories":[51],"tags":[196,170],"class_list":["post-69694","post","type-post","status-publish","format-standard","has-post-thumbnail","hentry","category-lokalt","tag-foreningsliv","tag-uddannelse"],"acf":[],"yoast_head":"<!-- This site is optimized with the Yoast SEO plugin v26.8 - https:\/\/yoast.com\/product\/yoast-seo-wordpress\/ -->\n<title>Kortfilm for b\u00f8rn - Bio Mors og Mors\u00f8 Folkebibliotek - Mors<\/title>\n<meta name=\"robots\" content=\"index, follow, max-snippet:-1, max-image-preview:large, max-video-preview:-1\" \/>\n<link rel=\"canonical\" href=\"https:\/\/kunmedierne.dk\/mors\/kortfilm-for-boern-bio-mors-og-morsoe-folkebibliotek\/\" \/>\n<meta property=\"og:locale\" content=\"da_DK\" \/>\n<meta property=\"og:type\" content=\"article\" \/>\n<meta property=\"og:title\" content=\"Kortfilm for b\u00f8rn - Bio Mors og Mors\u00f8 Folkebibliotek - Mors\" \/>\n<meta property=\"og:description\" content=\"MORS: P\u00e5 B\u00f8rnenes Dag, 21 maj, samarbejder Bio Mors og Mors\u00f8 Folkebibliotek om at vise kortfilm for b\u00f8rn.\u00a0 Kortfilmene er sat sammen og varer cirka 1 time og 15 minutter pr. forestilling.\u00a0 B\u00f8rnene pr\u00e6senteres for blandet andet Orla Fr\u00f8snapper animationsfilm, Vitello og Rita og Krokodille. Og her skal filmvisningen fungere som en teaser for Filmstriben [&hellip;]\" \/>\n<meta property=\"og:url\" content=\"https:\/\/kunmedierne.dk\/mors\/kortfilm-for-boern-bio-mors-og-morsoe-folkebibliotek\/\" \/>\n<meta property=\"og:site_name\" content=\"Mors\" \/>\n<meta property=\"article:published_time\" content=\"2022-05-14T17:43:29+00:00\" \/>\n<meta property=\"article:modified_time\" content=\"2024-08-12T11:28:06+00:00\" \/>\n<meta property=\"og:image\" content=\"https:\/\/kunmedierne.dk\/mors\/wp-content\/uploads\/2022\/01\/200524-bio-mors3.jpeg\" \/>\n\t<meta property=\"og:image:width\" content=\"741\" \/>\n\t<meta property=\"og:image:height\" content=\"494\" \/>\n\t<meta property=\"og:image:type\" content=\"image\/jpeg\" \/>\n<meta name=\"author\" content=\"Alen Durakovic\" \/>\n<meta name=\"twitter:card\" content=\"summary_large_image\" \/>\n<meta name=\"twitter:label1\" content=\"Skrevet af\" \/>\n\t<meta name=\"twitter:data1\" content=\"Alen Durakovic\" \/>\n\t<meta name=\"twitter:label2\" content=\"Estimeret l\u00e6setid\" \/>\n\t<meta name=\"twitter:data2\" content=\"1 minut\" \/>\n<script type=\"application\/ld+json\" class=\"yoast-schema-graph\">{\"@context\":\"https:\/\/schema.org\",\"@graph\":[{\"@type\":\"Article\",\"@id\":\"https:\/\/kunmedierne.dk\/mors\/kortfilm-for-boern-bio-mors-og-morsoe-folkebibliotek\/#article\",\"isPartOf\":{\"@id\":\"https:\/\/kunmedierne.dk\/mors\/kortfilm-for-boern-bio-mors-og-morsoe-folkebibliotek\/\"},\"author\":{\"name\":\"Alen Durakovic\",\"@id\":\"https:\/\/kunmedierne.dk\/mors\/#\/schema\/person\/227d8cf5702b0b374e260da71394f51a\"},\"headline\":\"Kortfilm for b\u00f8rn &#8211; Bio Mors og Mors\u00f8 Folkebibliotek\",\"datePublished\":\"2022-05-14T17:43:29+00:00\",\"dateModified\":\"2024-08-12T11:28:06+00:00\",\"mainEntityOfPage\":{\"@id\":\"https:\/\/kunmedierne.dk\/mors\/kortfilm-for-boern-bio-mors-og-morsoe-folkebibliotek\/\"},\"wordCount\":139,\"publisher\":{\"@id\":\"https:\/\/kunmedierne.dk\/mors\/#organization\"},\"image\":{\"@id\":\"https:\/\/kunmedierne.dk\/mors\/kortfilm-for-boern-bio-mors-og-morsoe-folkebibliotek\/#primaryimage\"},\"thumbnailUrl\":\"https:\/\/kunmedierne.dk\/mors\/wp-content\/uploads\/2022\/01\/200524-bio-mors3.jpeg\",\"keywords\":[\"Foreningsliv\",\"Skoler og uddannelse\"],\"articleSection\":[\"Lokalt\"],\"inLanguage\":\"da-DK\"},{\"@type\":\"WebPage\",\"@id\":\"https:\/\/kunmedierne.dk\/mors\/kortfilm-for-boern-bio-mors-og-morsoe-folkebibliotek\/\",\"url\":\"https:\/\/kunmedierne.dk\/mors\/kortfilm-for-boern-bio-mors-og-morsoe-folkebibliotek\/\",\"name\":\"Kortfilm for b\u00f8rn - Bio Mors og Mors\u00f8 Folkebibliotek - Mors\",\"isPartOf\":{\"@id\":\"https:\/\/kunmedierne.dk\/mors\/#website\"},\"primaryImageOfPage\":{\"@id\":\"https:\/\/kunmedierne.dk\/mors\/kortfilm-for-boern-bio-mors-og-morsoe-folkebibliotek\/#primaryimage\"},\"image\":{\"@id\":\"https:\/\/kunmedierne.dk\/mors\/kortfilm-for-boern-bio-mors-og-morsoe-folkebibliotek\/#primaryimage\"},\"thumbnailUrl\":\"https:\/\/kunmedierne.dk\/mors\/wp-content\/uploads\/2022\/01\/200524-bio-mors3.jpeg\",\"datePublished\":\"2022-05-14T17:43:29+00:00\",\"dateModified\":\"2024-08-12T11:28:06+00:00\",\"breadcrumb\":{\"@id\":\"https:\/\/kunmedierne.dk\/mors\/kortfilm-for-boern-bio-mors-og-morsoe-folkebibliotek\/#breadcrumb\"},\"inLanguage\":\"da-DK\",\"potentialAction\":[{\"@type\":\"ReadAction\",\"target\":[\"https:\/\/kunmedierne.dk\/mors\/kortfilm-for-boern-bio-mors-og-morsoe-folkebibliotek\/\"]}]},{\"@type\":\"ImageObject\",\"inLanguage\":\"da-DK\",\"@id\":\"https:\/\/kunmedierne.dk\/mors\/kortfilm-for-boern-bio-mors-og-morsoe-folkebibliotek\/#primaryimage\",\"url\":\"https:\/\/kunmedierne.dk\/mors\/wp-content\/uploads\/2022\/01\/200524-bio-mors3.jpeg\",\"contentUrl\":\"https:\/\/kunmedierne.dk\/mors\/wp-content\/uploads\/2022\/01\/200524-bio-mors3.jpeg\",\"width\":741,\"height\":494},{\"@type\":\"BreadcrumbList\",\"@id\":\"https:\/\/kunmedierne.dk\/mors\/kortfilm-for-boern-bio-mors-og-morsoe-folkebibliotek\/#breadcrumb\",\"itemListElement\":[{\"@type\":\"ListItem\",\"position\":1,\"name\":\"Hjem\",\"item\":\"https:\/\/kunmedierne.dk\/mors\/\"},{\"@type\":\"ListItem\",\"position\":2,\"name\":\"Kortfilm for b\u00f8rn &#8211; Bio Mors og Mors\u00f8 Folkebibliotek\"}]},{\"@type\":\"WebSite\",\"@id\":\"https:\/\/kunmedierne.dk\/mors\/#website\",\"url\":\"https:\/\/kunmedierne.dk\/mors\/\",\"name\":\"Mors\",\"description\":\"et netmedie med journalistik om livet p\u00e5 Mors\",\"publisher\":{\"@id\":\"https:\/\/kunmedierne.dk\/mors\/#organization\"},\"potentialAction\":[{\"@type\":\"SearchAction\",\"target\":{\"@type\":\"EntryPoint\",\"urlTemplate\":\"https:\/\/kunmedierne.dk\/mors\/?s={search_term_string}\"},\"query-input\":{\"@type\":\"PropertyValueSpecification\",\"valueRequired\":true,\"valueName\":\"search_term_string\"}}],\"inLanguage\":\"da-DK\"},{\"@type\":\"Organization\",\"@id\":\"https:\/\/kunmedierne.dk\/mors\/#organization\",\"name\":\"Mors\",\"url\":\"https:\/\/kunmedierne.dk\/mors\/\",\"logo\":{\"@type\":\"ImageObject\",\"inLanguage\":\"da-DK\",\"@id\":\"https:\/\/kunmedierne.dk\/mors\/#\/schema\/logo\/image\/\",\"url\":\"https:\/\/kunmedierne.dk\/mors\/wp-content\/uploads\/2024\/08\/kunmors-logo.svg\",\"contentUrl\":\"https:\/\/kunmedierne.dk\/mors\/wp-content\/uploads\/2024\/08\/kunmors-logo.svg\",\"caption\":\"Mors\"},\"image\":{\"@id\":\"https:\/\/kunmedierne.dk\/mors\/#\/schema\/logo\/image\/\"}},{\"@type\":\"Person\",\"@id\":\"https:\/\/kunmedierne.dk\/mors\/#\/schema\/person\/227d8cf5702b0b374e260da71394f51a\",\"name\":\"Alen Durakovic\",\"image\":{\"@type\":\"ImageObject\",\"inLanguage\":\"da-DK\",\"@id\":\"https:\/\/kunmedierne.dk\/mors\/#\/schema\/person\/image\/\",\"url\":\"https:\/\/secure.gravatar.com\/avatar\/9ee922eb32af8e241a9877f74ada84885bb981b823987c36689731f2de72da9b?s=96&d=mm&r=g\",\"contentUrl\":\"https:\/\/secure.gravatar.com\/avatar\/9ee922eb32af8e241a9877f74ada84885bb981b823987c36689731f2de72da9b?s=96&d=mm&r=g\",\"caption\":\"Alen Durakovic\"},\"url\":\"https:\/\/kunmedierne.dk\/mors\/author\/alen-durakovic\/\"}]}<\/script>\n<!-- \/ Yoast SEO plugin. -->","yoast_head_json":{"title":"Kortfilm for b\u00f8rn - Bio Mors og Mors\u00f8 Folkebibliotek - Mors","robots":{"index":"index","follow":"follow","max-snippet":"max-snippet:-1","max-image-preview":"max-image-preview:large","max-video-preview":"max-video-preview:-1"},"canonical":"https:\/\/kunmedierne.dk\/mors\/kortfilm-for-boern-bio-mors-og-morsoe-folkebibliotek\/","og_locale":"da_DK","og_type":"article","og_title":"Kortfilm for b\u00f8rn - Bio Mors og Mors\u00f8 Folkebibliotek - Mors","og_description":"MORS: P\u00e5 B\u00f8rnenes Dag, 21 maj, samarbejder Bio Mors og Mors\u00f8 Folkebibliotek om at vise kortfilm for b\u00f8rn.\u00a0 Kortfilmene er sat sammen og varer cirka 1 time og 15 minutter pr. forestilling.\u00a0 B\u00f8rnene pr\u00e6senteres for blandet andet Orla Fr\u00f8snapper animationsfilm, Vitello og Rita og Krokodille. Og her skal filmvisningen fungere som en teaser for Filmstriben [&hellip;]","og_url":"https:\/\/kunmedierne.dk\/mors\/kortfilm-for-boern-bio-mors-og-morsoe-folkebibliotek\/","og_site_name":"Mors","article_published_time":"2022-05-14T17:43:29+00:00","article_modified_time":"2024-08-12T11:28:06+00:00","og_image":[{"width":741,"height":494,"url":"https:\/\/kunmedierne.dk\/mors\/wp-content\/uploads\/2022\/01\/200524-bio-mors3.jpeg","type":"image\/jpeg"}],"author":"Alen Durakovic","twitter_card":"summary_large_image","twitter_misc":{"Skrevet af":"Alen Durakovic","Estimeret l\u00e6setid":"1 minut"},"schema":{"@context":"https:\/\/schema.org","@graph":[{"@type":"Article","@id":"https:\/\/kunmedierne.dk\/mors\/kortfilm-for-boern-bio-mors-og-morsoe-folkebibliotek\/#article","isPartOf":{"@id":"https:\/\/kunmedierne.dk\/mors\/kortfilm-for-boern-bio-mors-og-morsoe-folkebibliotek\/"},"author":{"name":"Alen Durakovic","@id":"https:\/\/kunmedierne.dk\/mors\/#\/schema\/person\/227d8cf5702b0b374e260da71394f51a"},"headline":"Kortfilm for b\u00f8rn &#8211; Bio Mors og Mors\u00f8 Folkebibliotek","datePublished":"2022-05-14T17:43:29+00:00","dateModified":"2024-08-12T11:28:06+00:00","mainEntityOfPage":{"@id":"https:\/\/kunmedierne.dk\/mors\/kortfilm-for-boern-bio-mors-og-morsoe-folkebibliotek\/"},"wordCount":139,"publisher":{"@id":"https:\/\/kunmedierne.dk\/mors\/#organization"},"image":{"@id":"https:\/\/kunmedierne.dk\/mors\/kortfilm-for-boern-bio-mors-og-morsoe-folkebibliotek\/#primaryimage"},"thumbnailUrl":"https:\/\/kunmedierne.dk\/mors\/wp-content\/uploads\/2022\/01\/200524-bio-mors3.jpeg","keywords":["Foreningsliv","Skoler og uddannelse"],"articleSection":["Lokalt"],"inLanguage":"da-DK"},{"@type":"WebPage","@id":"https:\/\/kunmedierne.dk\/mors\/kortfilm-for-boern-bio-mors-og-morsoe-folkebibliotek\/","url":"https:\/\/kunmedierne.dk\/mors\/kortfilm-for-boern-bio-mors-og-morsoe-folkebibliotek\/","name":"Kortfilm for b\u00f8rn - Bio Mors og Mors\u00f8 Folkebibliotek - Mors","isPartOf":{"@id":"https:\/\/kunmedierne.dk\/mors\/#website"},"primaryImageOfPage":{"@id":"https:\/\/kunmedierne.dk\/mors\/kortfilm-for-boern-bio-mors-og-morsoe-folkebibliotek\/#primaryimage"},"image":{"@id":"https:\/\/kunmedierne.dk\/mors\/kortfilm-for-boern-bio-mors-og-morsoe-folkebibliotek\/#primaryimage"},"thumbnailUrl":"https:\/\/kunmedierne.dk\/mors\/wp-content\/uploads\/2022\/01\/200524-bio-mors3.jpeg","datePublished":"2022-05-14T17:43:29+00:00","dateModified":"2024-08-12T11:28:06+00:00","breadcrumb":{"@id":"https:\/\/kunmedierne.dk\/mors\/kortfilm-for-boern-bio-mors-og-morsoe-folkebibliotek\/#breadcrumb"},"inLanguage":"da-DK","potentialAction":[{"@type":"ReadAction","target":["https:\/\/kunmedierne.dk\/mors\/kortfilm-for-boern-bio-mors-og-morsoe-folkebibliotek\/"]}]},{"@type":"ImageObject","inLanguage":"da-DK","@id":"https:\/\/kunmedierne.dk\/mors\/kortfilm-for-boern-bio-mors-og-morsoe-folkebibliotek\/#primaryimage","url":"https:\/\/kunmedierne.dk\/mors\/wp-content\/uploads\/2022\/01\/200524-bio-mors3.jpeg","contentUrl":"https:\/\/kunmedierne.dk\/mors\/wp-content\/uploads\/2022\/01\/200524-bio-mors3.jpeg","width":741,"height":494},{"@type":"BreadcrumbList","@id":"https:\/\/kunmedierne.dk\/mors\/kortfilm-for-boern-bio-mors-og-morsoe-folkebibliotek\/#breadcrumb","itemListElement":[{"@type":"ListItem","position":1,"name":"Hjem","item":"https:\/\/kunmedierne.dk\/mors\/"},{"@type":"ListItem","position":2,"name":"Kortfilm for b\u00f8rn &#8211; Bio Mors og Mors\u00f8 Folkebibliotek"}]},{"@type":"WebSite","@id":"https:\/\/kunmedierne.dk\/mors\/#website","url":"https:\/\/kunmedierne.dk\/mors\/","name":"Mors","description":"et netmedie med journalistik om livet p\u00e5 Mors","publisher":{"@id":"https:\/\/kunmedierne.dk\/mors\/#organization"},"potentialAction":[{"@type":"SearchAction","target":{"@type":"EntryPoint","urlTemplate":"https:\/\/kunmedierne.dk\/mors\/?s={search_term_string}"},"query-input":{"@type":"PropertyValueSpecification","valueRequired":true,"valueName":"search_term_string"}}],"inLanguage":"da-DK"},{"@type":"Organization","@id":"https:\/\/kunmedierne.dk\/mors\/#organization","name":"Mors","url":"https:\/\/kunmedierne.dk\/mors\/","logo":{"@type":"ImageObject","inLanguage":"da-DK","@id":"https:\/\/kunmedierne.dk\/mors\/#\/schema\/logo\/image\/","url":"https:\/\/kunmedierne.dk\/mors\/wp-content\/uploads\/2024\/08\/kunmors-logo.svg","contentUrl":"https:\/\/kunmedierne.dk\/mors\/wp-content\/uploads\/2024\/08\/kunmors-logo.svg","caption":"Mors"},"image":{"@id":"https:\/\/kunmedierne.dk\/mors\/#\/schema\/logo\/image\/"}},{"@type":"Person","@id":"https:\/\/kunmedierne.dk\/mors\/#\/schema\/person\/227d8cf5702b0b374e260da71394f51a","name":"Alen Durakovic","image":{"@type":"ImageObject","inLanguage":"da-DK","@id":"https:\/\/kunmedierne.dk\/mors\/#\/schema\/person\/image\/","url":"https:\/\/secure.gravatar.com\/avatar\/9ee922eb32af8e241a9877f74ada84885bb981b823987c36689731f2de72da9b?s=96&d=mm&r=g","contentUrl":"https:\/\/secure.gravatar.com\/avatar\/9ee922eb32af8e241a9877f74ada84885bb981b823987c36689731f2de72da9b?s=96&d=mm&r=g","caption":"Alen Durakovic"},"url":"https:\/\/kunmedierne.dk\/mors\/author\/alen-durakovic\/"}]}},"_links":{"self":[{"href":"https:\/\/kunmedierne.dk\/mors\/wp-json\/wp\/v2\/posts\/69694","targetHints":{"allow":["GET"]}}],"collection":[{"href":"https:\/\/kunmedierne.dk\/mors\/wp-json\/wp\/v2\/posts"}],"about":[{"href":"https:\/\/kunmedierne.dk\/mors\/wp-json\/wp\/v2\/types\/post"}],"author":[{"embeddable":true,"href":"https:\/\/kunmedierne.dk\/mors\/wp-json\/wp\/v2\/users\/2076"}],"replies":[{"embeddable":true,"href":"https:\/\/kunmedierne.dk\/mors\/wp-json\/wp\/v2\/comments?post=69694"}],"version-history":[{"count":3,"href":"https:\/\/kunmedierne.dk\/mors\/wp-json\/wp\/v2\/posts\/69694\/revisions"}],"predecessor-version":[{"id":69715,"href":"https:\/\/kunmedierne.dk\/mors\/wp-json\/wp\/v2\/posts\/69694\/revisions\/69715"}],"wp:featuredmedia":[{"embeddable":true,"href":"https:\/\/kunmedierne.dk\/mors\/wp-json\/wp\/v2\/media\/61517"}],"wp:attachment":[{"href":"https:\/\/kunmedierne.dk\/mors\/wp-json\/wp\/v2\/media?parent=69694"}],"wp:term":[{"taxonomy":"category","embeddable":true,"href":"https:\/\/kunmedierne.dk\/mors\/wp-json\/wp\/v2\/categories?post=69694"},{"taxonomy":"post_tag","embeddable":true,"href":"https:\/\/kunmedierne.dk\/mors\/wp-json\/wp\/v2\/tags?post=69694"}],"curies":[{"name":"wp","href":"https:\/\/api.w.org\/{rel}","templated":true}]}}