{"id":6961,"date":"2020-02-11T09:38:58","date_gmt":"2020-02-11T08:38:58","guid":{"rendered":"https:\/\/kunmedierne.dk\/mors\/?p=6961"},"modified":"2024-08-12T14:07:39","modified_gmt":"2024-08-12T12:07:39","slug":"ny-skoleleder-fundet-til-m-c-holms-skole","status":"publish","type":"post","link":"https:\/\/kunmedierne.dk\/mors\/ny-skoleleder-fundet-til-m-c-holms-skole\/","title":{"rendered":"Ny skoleleder fundet til M.C. Holms Skole"},"content":{"rendered":"<p><strong>NYK\u00d8BING<\/strong>:\u00a0M.C. Holms Skole har siden \u00e5rets begyndelse s\u00f8gt efter en ny skoleleder til at tage over efter den tidligere leder Michael Dahlgaard, som har f\u00e5et nyt job som centerchef for Skole- og Dagtilbud i Mors\u00f8 Kommune.<\/p>\n<p>Og nu er en afl\u00f8ser p\u00e5 plads. Ren\u00e9 Bojsen, der kommer fra en stilling som indskolingsleder p\u00e5\u00a0Hersted\u00f8ster Skole i Albertslund Kommune, bliver leder for omkring 340 elever og 60 medarbejdere p\u00e5 M.C. Holms Skole.<\/p>\n<p>&#8220;Vi ved, at skolens elever, for\u00e6ldre og medarbejdere er utroligt sp\u00e6ndte p\u00e5, hvem der skal v\u00e6re den nye leder. Det er en forn\u00f8jelse at kunne fort\u00e6lle, at vi har ansat Ren\u00e9 Bojsen, som er et rigtig godt match med skolen og dens visioner,&#8221; siger Torben Gregersen, direkt\u00f8r for B\u00f8rn og Kultur i Mors\u00f8 Kommune.<\/p>\n<p>Han tilf\u00f8jer:<\/p>\n<p>&#8220;Ren\u00e9 Bojsen er en ambiti\u00f8s, erfaren og synlig skoleleder, som har fokus p\u00e5, at alle skal trives og v\u00e6re motiverede for at kunne g\u00f8re deres bedste. Det g\u00e6lder b\u00e5de elever og medarbejdere. Han har kort sagt nogle v\u00e6rdier og erfaringer, som kan v\u00e6re med til at styrke skolen og l\u00f8fte dens udvikling.&#8221;<\/p>\n<p>&nbsp;<\/p>\n<p><strong>Erfaren og aktiv leder<\/strong><br \/>\nDen nye skoleleder er uddannet p\u00e6dagog og har ogs\u00e5 en kandidatgrad i p\u00e6dagogik og en Diplomuddannelse i ledelse. Han har v\u00e6ret leder i mere end 12 \u00e5r i Albertslund, Drag\u00f8r og K\u00f8benhavns Kommune. Han oplever M.C. Holms Skole som en velfungerende og interessant skole med store muligheder.<\/p>\n<p class=\"v1Default\">&#8220;Jeg ser frem til at komme p\u00e5 banen og v\u00e6re med til at spille elever og medarbejdere gode og s\u00e6tte kursen for, hvordan M.C. Holms Skole kan blive endnu bedre. Mine personlige v\u00e6rdier i mit job er f\u00f8rst og fremmest ordentlighed, loyalitet, nyt\u00e6nkende og beslutningsdygtighed. De v\u00e6rdier gl\u00e6der jeg mig utroligt meget til at s\u00e6tte i spil p\u00e5 Mors,&#8221; lyder det fra Ren\u00e9 Bojsen.<\/p>\n<p class=\"v1Default\">Sport og aktiv fritid har altid v\u00e6ret en stor del af Ren\u00e9 Bojsens 49-\u00e5rige liv. Han er medlem af Islev Triathlon Klub hvor han dyrker duathlon (l\u00f8b-cykling-l\u00f8b). Han spiller derudover +40 fodbold i fodboldklubben S\u00f8nderbro Fight. Han holder af at rejse og at v\u00e6re sammen med venner og familie.<\/p>\n","protected":false},"excerpt":{"rendered":"<p>NYK\u00d8BING:\u00a0M.C. Holms Skole har siden \u00e5rets begyndelse s\u00f8gt efter en ny skoleleder til at tage over efter den tidligere leder Michael Dahlgaard, som har f\u00e5et nyt job som centerchef for Skole- og Dagtilbud i Mors\u00f8 Kommune. Og nu er en afl\u00f8ser p\u00e5 plads. Ren\u00e9 Bojsen, der kommer fra en stilling som indskolingsleder p\u00e5\u00a0Hersted\u00f8ster Skole i [&hellip;]<\/p>\n","protected":false},"author":8,"featured_media":6962,"comment_status":"open","ping_status":"open","sticky":false,"template":"","format":"standard","meta":{"_acf_changed":false,"footnotes":""},"categories":[51],"tags":[170],"class_list":["post-6961","post","type-post","status-publish","format-standard","has-post-thumbnail","hentry","category-lokalt","tag-uddannelse"],"acf":[],"yoast_head":"<!-- This site is optimized with the Yoast SEO plugin v26.8 - https:\/\/yoast.com\/product\/yoast-seo-wordpress\/ -->\n<title>Ny skoleleder fundet til M.C. Holms Skole - Mors<\/title>\n<meta name=\"robots\" content=\"index, follow, max-snippet:-1, max-image-preview:large, max-video-preview:-1\" \/>\n<link rel=\"canonical\" href=\"https:\/\/kunmedierne.dk\/mors\/ny-skoleleder-fundet-til-m-c-holms-skole\/\" \/>\n<meta property=\"og:locale\" content=\"da_DK\" \/>\n<meta property=\"og:type\" content=\"article\" \/>\n<meta property=\"og:title\" content=\"Ny skoleleder fundet til M.C. Holms Skole - Mors\" \/>\n<meta property=\"og:description\" content=\"NYK\u00d8BING:\u00a0M.C. Holms Skole har siden \u00e5rets begyndelse s\u00f8gt efter en ny skoleleder til at tage over efter den tidligere leder Michael Dahlgaard, som har f\u00e5et nyt job som centerchef for Skole- og Dagtilbud i Mors\u00f8 Kommune. Og nu er en afl\u00f8ser p\u00e5 plads. Ren\u00e9 Bojsen, der kommer fra en stilling som indskolingsleder p\u00e5\u00a0Hersted\u00f8ster Skole i [&hellip;]\" \/>\n<meta property=\"og:url\" content=\"https:\/\/kunmedierne.dk\/mors\/ny-skoleleder-fundet-til-m-c-holms-skole\/\" \/>\n<meta property=\"og:site_name\" content=\"Mors\" \/>\n<meta property=\"article:published_time\" content=\"2020-02-11T08:38:58+00:00\" \/>\n<meta property=\"article:modified_time\" content=\"2024-08-12T12:07:39+00:00\" \/>\n<meta property=\"og:image\" content=\"https:\/\/kunmedierne.dk\/mors\/wp-content\/uploads\/2020\/02\/200211-ren\u00e9-bojsen.jpg\" \/>\n\t<meta property=\"og:image:width\" content=\"770\" \/>\n\t<meta property=\"og:image:height\" content=\"433\" \/>\n\t<meta property=\"og:image:type\" content=\"image\/jpeg\" \/>\n<meta name=\"author\" content=\"David H\u00f8jmark\" \/>\n<meta name=\"twitter:card\" content=\"summary_large_image\" \/>\n<meta name=\"twitter:label1\" content=\"Skrevet af\" \/>\n\t<meta name=\"twitter:data1\" content=\"David H\u00f8jmark\" \/>\n\t<meta name=\"twitter:label2\" content=\"Estimeret l\u00e6setid\" \/>\n\t<meta name=\"twitter:data2\" content=\"2 minutter\" \/>\n<script type=\"application\/ld+json\" class=\"yoast-schema-graph\">{\"@context\":\"https:\/\/schema.org\",\"@graph\":[{\"@type\":\"Article\",\"@id\":\"https:\/\/kunmedierne.dk\/mors\/ny-skoleleder-fundet-til-m-c-holms-skole\/#article\",\"isPartOf\":{\"@id\":\"https:\/\/kunmedierne.dk\/mors\/ny-skoleleder-fundet-til-m-c-holms-skole\/\"},\"author\":{\"name\":\"David H\u00f8jmark\",\"@id\":\"https:\/\/kunmedierne.dk\/mors\/#\/schema\/person\/5fe23251bf1d0abbcdc6f7896579d548\"},\"headline\":\"Ny skoleleder fundet til M.C. Holms Skole\",\"datePublished\":\"2020-02-11T08:38:58+00:00\",\"dateModified\":\"2024-08-12T12:07:39+00:00\",\"mainEntityOfPage\":{\"@id\":\"https:\/\/kunmedierne.dk\/mors\/ny-skoleleder-fundet-til-m-c-holms-skole\/\"},\"wordCount\":393,\"commentCount\":0,\"publisher\":{\"@id\":\"https:\/\/kunmedierne.dk\/mors\/#organization\"},\"image\":{\"@id\":\"https:\/\/kunmedierne.dk\/mors\/ny-skoleleder-fundet-til-m-c-holms-skole\/#primaryimage\"},\"thumbnailUrl\":\"https:\/\/kunmedierne.dk\/mors\/wp-content\/uploads\/2020\/02\/200211-ren\u00e9-bojsen.jpg\",\"keywords\":[\"Skoler og uddannelse\"],\"articleSection\":[\"Lokalt\"],\"inLanguage\":\"da-DK\",\"potentialAction\":[{\"@type\":\"CommentAction\",\"name\":\"Comment\",\"target\":[\"https:\/\/kunmedierne.dk\/mors\/ny-skoleleder-fundet-til-m-c-holms-skole\/#respond\"]}]},{\"@type\":\"WebPage\",\"@id\":\"https:\/\/kunmedierne.dk\/mors\/ny-skoleleder-fundet-til-m-c-holms-skole\/\",\"url\":\"https:\/\/kunmedierne.dk\/mors\/ny-skoleleder-fundet-til-m-c-holms-skole\/\",\"name\":\"Ny skoleleder fundet til M.C. Holms Skole - Mors\",\"isPartOf\":{\"@id\":\"https:\/\/kunmedierne.dk\/mors\/#website\"},\"primaryImageOfPage\":{\"@id\":\"https:\/\/kunmedierne.dk\/mors\/ny-skoleleder-fundet-til-m-c-holms-skole\/#primaryimage\"},\"image\":{\"@id\":\"https:\/\/kunmedierne.dk\/mors\/ny-skoleleder-fundet-til-m-c-holms-skole\/#primaryimage\"},\"thumbnailUrl\":\"https:\/\/kunmedierne.dk\/mors\/wp-content\/uploads\/2020\/02\/200211-ren\u00e9-bojsen.jpg\",\"datePublished\":\"2020-02-11T08:38:58+00:00\",\"dateModified\":\"2024-08-12T12:07:39+00:00\",\"breadcrumb\":{\"@id\":\"https:\/\/kunmedierne.dk\/mors\/ny-skoleleder-fundet-til-m-c-holms-skole\/#breadcrumb\"},\"inLanguage\":\"da-DK\",\"potentialAction\":[{\"@type\":\"ReadAction\",\"target\":[\"https:\/\/kunmedierne.dk\/mors\/ny-skoleleder-fundet-til-m-c-holms-skole\/\"]}]},{\"@type\":\"ImageObject\",\"inLanguage\":\"da-DK\",\"@id\":\"https:\/\/kunmedierne.dk\/mors\/ny-skoleleder-fundet-til-m-c-holms-skole\/#primaryimage\",\"url\":\"https:\/\/kunmedierne.dk\/mors\/wp-content\/uploads\/2020\/02\/200211-ren\u00e9-bojsen.jpg\",\"contentUrl\":\"https:\/\/kunmedierne.dk\/mors\/wp-content\/uploads\/2020\/02\/200211-ren\u00e9-bojsen.jpg\",\"width\":770,\"height\":433},{\"@type\":\"BreadcrumbList\",\"@id\":\"https:\/\/kunmedierne.dk\/mors\/ny-skoleleder-fundet-til-m-c-holms-skole\/#breadcrumb\",\"itemListElement\":[{\"@type\":\"ListItem\",\"position\":1,\"name\":\"Hjem\",\"item\":\"https:\/\/kunmedierne.dk\/mors\/\"},{\"@type\":\"ListItem\",\"position\":2,\"name\":\"Ny skoleleder fundet til M.C. Holms Skole\"}]},{\"@type\":\"WebSite\",\"@id\":\"https:\/\/kunmedierne.dk\/mors\/#website\",\"url\":\"https:\/\/kunmedierne.dk\/mors\/\",\"name\":\"Mors\",\"description\":\"et netmedie med journalistik om livet p\u00e5 Mors\",\"publisher\":{\"@id\":\"https:\/\/kunmedierne.dk\/mors\/#organization\"},\"potentialAction\":[{\"@type\":\"SearchAction\",\"target\":{\"@type\":\"EntryPoint\",\"urlTemplate\":\"https:\/\/kunmedierne.dk\/mors\/?s={search_term_string}\"},\"query-input\":{\"@type\":\"PropertyValueSpecification\",\"valueRequired\":true,\"valueName\":\"search_term_string\"}}],\"inLanguage\":\"da-DK\"},{\"@type\":\"Organization\",\"@id\":\"https:\/\/kunmedierne.dk\/mors\/#organization\",\"name\":\"Mors\",\"url\":\"https:\/\/kunmedierne.dk\/mors\/\",\"logo\":{\"@type\":\"ImageObject\",\"inLanguage\":\"da-DK\",\"@id\":\"https:\/\/kunmedierne.dk\/mors\/#\/schema\/logo\/image\/\",\"url\":\"https:\/\/kunmedierne.dk\/mors\/wp-content\/uploads\/2024\/08\/kunmors-logo.svg\",\"contentUrl\":\"https:\/\/kunmedierne.dk\/mors\/wp-content\/uploads\/2024\/08\/kunmors-logo.svg\",\"caption\":\"Mors\"},\"image\":{\"@id\":\"https:\/\/kunmedierne.dk\/mors\/#\/schema\/logo\/image\/\"}},{\"@type\":\"Person\",\"@id\":\"https:\/\/kunmedierne.dk\/mors\/#\/schema\/person\/5fe23251bf1d0abbcdc6f7896579d548\",\"name\":\"David H\u00f8jmark\",\"image\":{\"@type\":\"ImageObject\",\"inLanguage\":\"da-DK\",\"@id\":\"https:\/\/kunmedierne.dk\/mors\/#\/schema\/person\/image\/\",\"url\":\"https:\/\/secure.gravatar.com\/avatar\/4315d6fb9ef244d729989f5f90268eb08d5bf8a3d84402f595fa194bb35784fd?s=96&d=mm&r=g\",\"contentUrl\":\"https:\/\/secure.gravatar.com\/avatar\/4315d6fb9ef244d729989f5f90268eb08d5bf8a3d84402f595fa194bb35784fd?s=96&d=mm&r=g\",\"caption\":\"David H\u00f8jmark\"},\"sameAs\":[\"https:\/\/www.kunmedierne.dk\"],\"url\":\"https:\/\/kunmedierne.dk\/mors\/author\/david\/\"}]}<\/script>\n<!-- \/ Yoast SEO plugin. -->","yoast_head_json":{"title":"Ny skoleleder fundet til M.C. Holms Skole - Mors","robots":{"index":"index","follow":"follow","max-snippet":"max-snippet:-1","max-image-preview":"max-image-preview:large","max-video-preview":"max-video-preview:-1"},"canonical":"https:\/\/kunmedierne.dk\/mors\/ny-skoleleder-fundet-til-m-c-holms-skole\/","og_locale":"da_DK","og_type":"article","og_title":"Ny skoleleder fundet til M.C. Holms Skole - Mors","og_description":"NYK\u00d8BING:\u00a0M.C. Holms Skole har siden \u00e5rets begyndelse s\u00f8gt efter en ny skoleleder til at tage over efter den tidligere leder Michael Dahlgaard, som har f\u00e5et nyt job som centerchef for Skole- og Dagtilbud i Mors\u00f8 Kommune. Og nu er en afl\u00f8ser p\u00e5 plads. Ren\u00e9 Bojsen, der kommer fra en stilling som indskolingsleder p\u00e5\u00a0Hersted\u00f8ster Skole i [&hellip;]","og_url":"https:\/\/kunmedierne.dk\/mors\/ny-skoleleder-fundet-til-m-c-holms-skole\/","og_site_name":"Mors","article_published_time":"2020-02-11T08:38:58+00:00","article_modified_time":"2024-08-12T12:07:39+00:00","og_image":[{"width":770,"height":433,"url":"https:\/\/kunmedierne.dk\/mors\/wp-content\/uploads\/2020\/02\/200211-ren\u00e9-bojsen.jpg","type":"image\/jpeg"}],"author":"David H\u00f8jmark","twitter_card":"summary_large_image","twitter_misc":{"Skrevet af":"David H\u00f8jmark","Estimeret l\u00e6setid":"2 minutter"},"schema":{"@context":"https:\/\/schema.org","@graph":[{"@type":"Article","@id":"https:\/\/kunmedierne.dk\/mors\/ny-skoleleder-fundet-til-m-c-holms-skole\/#article","isPartOf":{"@id":"https:\/\/kunmedierne.dk\/mors\/ny-skoleleder-fundet-til-m-c-holms-skole\/"},"author":{"name":"David H\u00f8jmark","@id":"https:\/\/kunmedierne.dk\/mors\/#\/schema\/person\/5fe23251bf1d0abbcdc6f7896579d548"},"headline":"Ny skoleleder fundet til M.C. Holms Skole","datePublished":"2020-02-11T08:38:58+00:00","dateModified":"2024-08-12T12:07:39+00:00","mainEntityOfPage":{"@id":"https:\/\/kunmedierne.dk\/mors\/ny-skoleleder-fundet-til-m-c-holms-skole\/"},"wordCount":393,"commentCount":0,"publisher":{"@id":"https:\/\/kunmedierne.dk\/mors\/#organization"},"image":{"@id":"https:\/\/kunmedierne.dk\/mors\/ny-skoleleder-fundet-til-m-c-holms-skole\/#primaryimage"},"thumbnailUrl":"https:\/\/kunmedierne.dk\/mors\/wp-content\/uploads\/2020\/02\/200211-ren\u00e9-bojsen.jpg","keywords":["Skoler og uddannelse"],"articleSection":["Lokalt"],"inLanguage":"da-DK","potentialAction":[{"@type":"CommentAction","name":"Comment","target":["https:\/\/kunmedierne.dk\/mors\/ny-skoleleder-fundet-til-m-c-holms-skole\/#respond"]}]},{"@type":"WebPage","@id":"https:\/\/kunmedierne.dk\/mors\/ny-skoleleder-fundet-til-m-c-holms-skole\/","url":"https:\/\/kunmedierne.dk\/mors\/ny-skoleleder-fundet-til-m-c-holms-skole\/","name":"Ny skoleleder fundet til M.C. Holms Skole - Mors","isPartOf":{"@id":"https:\/\/kunmedierne.dk\/mors\/#website"},"primaryImageOfPage":{"@id":"https:\/\/kunmedierne.dk\/mors\/ny-skoleleder-fundet-til-m-c-holms-skole\/#primaryimage"},"image":{"@id":"https:\/\/kunmedierne.dk\/mors\/ny-skoleleder-fundet-til-m-c-holms-skole\/#primaryimage"},"thumbnailUrl":"https:\/\/kunmedierne.dk\/mors\/wp-content\/uploads\/2020\/02\/200211-ren\u00e9-bojsen.jpg","datePublished":"2020-02-11T08:38:58+00:00","dateModified":"2024-08-12T12:07:39+00:00","breadcrumb":{"@id":"https:\/\/kunmedierne.dk\/mors\/ny-skoleleder-fundet-til-m-c-holms-skole\/#breadcrumb"},"inLanguage":"da-DK","potentialAction":[{"@type":"ReadAction","target":["https:\/\/kunmedierne.dk\/mors\/ny-skoleleder-fundet-til-m-c-holms-skole\/"]}]},{"@type":"ImageObject","inLanguage":"da-DK","@id":"https:\/\/kunmedierne.dk\/mors\/ny-skoleleder-fundet-til-m-c-holms-skole\/#primaryimage","url":"https:\/\/kunmedierne.dk\/mors\/wp-content\/uploads\/2020\/02\/200211-ren\u00e9-bojsen.jpg","contentUrl":"https:\/\/kunmedierne.dk\/mors\/wp-content\/uploads\/2020\/02\/200211-ren\u00e9-bojsen.jpg","width":770,"height":433},{"@type":"BreadcrumbList","@id":"https:\/\/kunmedierne.dk\/mors\/ny-skoleleder-fundet-til-m-c-holms-skole\/#breadcrumb","itemListElement":[{"@type":"ListItem","position":1,"name":"Hjem","item":"https:\/\/kunmedierne.dk\/mors\/"},{"@type":"ListItem","position":2,"name":"Ny skoleleder fundet til M.C. Holms Skole"}]},{"@type":"WebSite","@id":"https:\/\/kunmedierne.dk\/mors\/#website","url":"https:\/\/kunmedierne.dk\/mors\/","name":"Mors","description":"et netmedie med journalistik om livet p\u00e5 Mors","publisher":{"@id":"https:\/\/kunmedierne.dk\/mors\/#organization"},"potentialAction":[{"@type":"SearchAction","target":{"@type":"EntryPoint","urlTemplate":"https:\/\/kunmedierne.dk\/mors\/?s={search_term_string}"},"query-input":{"@type":"PropertyValueSpecification","valueRequired":true,"valueName":"search_term_string"}}],"inLanguage":"da-DK"},{"@type":"Organization","@id":"https:\/\/kunmedierne.dk\/mors\/#organization","name":"Mors","url":"https:\/\/kunmedierne.dk\/mors\/","logo":{"@type":"ImageObject","inLanguage":"da-DK","@id":"https:\/\/kunmedierne.dk\/mors\/#\/schema\/logo\/image\/","url":"https:\/\/kunmedierne.dk\/mors\/wp-content\/uploads\/2024\/08\/kunmors-logo.svg","contentUrl":"https:\/\/kunmedierne.dk\/mors\/wp-content\/uploads\/2024\/08\/kunmors-logo.svg","caption":"Mors"},"image":{"@id":"https:\/\/kunmedierne.dk\/mors\/#\/schema\/logo\/image\/"}},{"@type":"Person","@id":"https:\/\/kunmedierne.dk\/mors\/#\/schema\/person\/5fe23251bf1d0abbcdc6f7896579d548","name":"David H\u00f8jmark","image":{"@type":"ImageObject","inLanguage":"da-DK","@id":"https:\/\/kunmedierne.dk\/mors\/#\/schema\/person\/image\/","url":"https:\/\/secure.gravatar.com\/avatar\/4315d6fb9ef244d729989f5f90268eb08d5bf8a3d84402f595fa194bb35784fd?s=96&d=mm&r=g","contentUrl":"https:\/\/secure.gravatar.com\/avatar\/4315d6fb9ef244d729989f5f90268eb08d5bf8a3d84402f595fa194bb35784fd?s=96&d=mm&r=g","caption":"David H\u00f8jmark"},"sameAs":["https:\/\/www.kunmedierne.dk"],"url":"https:\/\/kunmedierne.dk\/mors\/author\/david\/"}]}},"_links":{"self":[{"href":"https:\/\/kunmedierne.dk\/mors\/wp-json\/wp\/v2\/posts\/6961","targetHints":{"allow":["GET"]}}],"collection":[{"href":"https:\/\/kunmedierne.dk\/mors\/wp-json\/wp\/v2\/posts"}],"about":[{"href":"https:\/\/kunmedierne.dk\/mors\/wp-json\/wp\/v2\/types\/post"}],"author":[{"embeddable":true,"href":"https:\/\/kunmedierne.dk\/mors\/wp-json\/wp\/v2\/users\/8"}],"replies":[{"embeddable":true,"href":"https:\/\/kunmedierne.dk\/mors\/wp-json\/wp\/v2\/comments?post=6961"}],"version-history":[{"count":1,"href":"https:\/\/kunmedierne.dk\/mors\/wp-json\/wp\/v2\/posts\/6961\/revisions"}],"predecessor-version":[{"id":6966,"href":"https:\/\/kunmedierne.dk\/mors\/wp-json\/wp\/v2\/posts\/6961\/revisions\/6966"}],"wp:featuredmedia":[{"embeddable":true,"href":"https:\/\/kunmedierne.dk\/mors\/wp-json\/wp\/v2\/media\/6962"}],"wp:attachment":[{"href":"https:\/\/kunmedierne.dk\/mors\/wp-json\/wp\/v2\/media?parent=6961"}],"wp:term":[{"taxonomy":"category","embeddable":true,"href":"https:\/\/kunmedierne.dk\/mors\/wp-json\/wp\/v2\/categories?post=6961"},{"taxonomy":"post_tag","embeddable":true,"href":"https:\/\/kunmedierne.dk\/mors\/wp-json\/wp\/v2\/tags?post=6961"}],"curies":[{"name":"wp","href":"https:\/\/api.w.org\/{rel}","templated":true}]}}