{"id":69366,"date":"2022-05-12T10:44:15","date_gmt":"2022-05-12T08:44:15","guid":{"rendered":"https:\/\/kunmedierne.dk\/mors\/?p=69366"},"modified":"2024-08-12T13:28:07","modified_gmt":"2024-08-12T11:28:07","slug":"skole-og-boernehaveledere-jubler-over-kulturmoedet-tiltag","status":"publish","type":"post","link":"https:\/\/kunmedierne.dk\/mors\/skole-og-boernehaveledere-jubler-over-kulturmoedet-tiltag\/","title":{"rendered":"Skole- og b\u00f8rnehaveledere jubler over Kulturm\u00f8det-tiltag"},"content":{"rendered":"<p><b>MORS: <\/b><span style=\"font-weight: 400;\">\u201cJamen pr\u00f8v at h\u00f8re, det synes jeg jo er fantastisk!\u201d<\/span><\/p>\n<p><span style=\"font-weight: 400;\">Gl\u00e6den er ikke til at tage fejl af hos skolelederen p\u00e5 Dueholmskolen, Lars Zedlitz Alberg.<\/span><\/p>\n<p><span style=\"font-weight: 400;\">Mandag blev det nemlig offentliggjort, at <\/span><a href=\"https:\/\/kunmedierne.dk\/mors\/boernenes-kulturmoede-vi-vil-saa-kunstneriske-froe-i-naeste-generation\/\" target=\"_blank\" rel=\"noopener\">Kulturm\u00f8det i \u00e5r kommer til at f\u00e5 sin helt egen b\u00f8rneudgave<\/a>,<span style=\"font-weight: 400;\">\u00a0der skal inddrage \u00f8ens yngste beboere endnu mere i den \u00e5rlige folkefest.<\/span><\/p>\n<a class=\"dvrt-link\" onClick=\"cdmtrack_click(104780,jQuery(this));return false\" href=\"https:\/\/www.spard.dk\/\"><img decoding=\"async\" style=\"width:100%;\" src=\"https:\/\/kunmedierne.dk\/mors\/wp-content\/uploads\/2023\/12\/sparekassen-dk-maj25.gif\"><\/a><script>cdmtrack_view(104780);<\/script>\n<p><span style=\"font-weight: 400;\">\u201cVi har jo altid v\u00e6ret med p\u00e5 Kulturm\u00f8det, og vi har altid v\u00e6ret dernede om fredagen. Men vi gl\u00e6der os til at f\u00e5 en rolle i \u00e5r,\u201d siger en begejstret Lars Zedlitz Alberg.<\/span><\/p>\n<p>&nbsp;<\/p>\n<p><b>De sm\u00e5 f\u00f8ler sig set<\/b><\/p>\n<p><span style=\"font-weight: 400;\">Hos Nordmors B\u00f8rneg\u00e5rd og \u00d8ster J\u00f8lby B\u00f8rnehus s\u00e6tter institutionsleder Inga Roslev ogs\u00e5 pris p\u00e5, at b\u00f8rnene bliver t\u00e6nkt ind i \u00f8ens \u00e5rlige kulturbegivenhed:<\/span><\/p>\n<p><span style=\"font-weight: 400;\">\u201cKulturm\u00f8det er jo et eller andet sted et tilbud for alle mellem 0 og 100 \u00e5r, s\u00e5 vi er glade for, at vi skal v\u00e6re med i \u00e5r.\u201d<\/span><\/p>\n<p><span style=\"font-weight: 400;\">Inga Roslev pointerer, at selvom Kulturm\u00f8det f\u00f8rhen ikke har v\u00e6ret rettet mod de 0-6-\u00e5rige b\u00f8rn, s\u00e5 er de sm\u00e5 morsingboer trods alt et publikum, der er ret nemt at tilfredsstille:<\/span><\/p>\n<p><span style=\"font-weight: 400;\">\u201cD<\/span><span style=\"font-weight: 400;\">e fascineres jo ogs\u00e5 af paraplyerne i g\u00e5gaden og af pallebyen ved stranden, selvom det egentligt var til ungdomsafdelingen,\u201d fort\u00e6ller institutionslederen, der dog er taknemmelig for, at de yngste i \u00e5r kan opleve kultur i egen \u00f8jenh\u00f8jde:<\/span><\/p>\n<p><span style=\"font-weight: 400;\">\u201cDet tiltag, der er i \u00e5r, vil jo give b\u00f8rnene en helt anden oplevelse.\u201d<\/span><\/p>\n<a class=\"dvrt-link\" onClick=\"cdmtrack_click(104783,jQuery(this));return false\" href=\"https:\/\/konpap.dk\/\"><img decoding=\"async\" style=\"width:100%;\" src=\"https:\/\/kunmedierne.dk\/mors\/wp-content\/uploads\/2023\/10\/Kun-Mors-banner.jpg\"><\/a><script>cdmtrack_view(104783);<\/script>\n<p><span style=\"font-weight: 400;\">Ogs\u00e5 Dueholmskolens skoleleder mener, at det vil g\u00f8re en forskel for b\u00f8rnene, at de f\u00e5r deres eget kulturm\u00f8de.<\/span><\/p>\n<p><span style=\"font-weight: 400;\">\u201cJeg tror, at de kommer til at f\u00f8le sig mere velkomne end f\u00f8r,\u201d vurderer Lars Zedlitz Alberg og uddyber:<\/span><\/p>\n<p><span style=\"font-weight: 400;\">\u201cFordi de har en plads i Kulturm\u00f8det, s\u00e5 t\u00e6nker jeg, at b\u00f8rnene kommer til at f\u00f8le sig set og h\u00f8rt.\u201d<\/span><\/p>\n<p>&nbsp;<\/p>\n<p><b>Har en overraskelse i \u00e6rmet<\/b><\/p>\n<p><span style=\"font-weight: 400;\">B\u00f8rnenes nye rolle i Kulturm\u00f8det bliver allerede aktuel i maj og juni, hvor skolerne og daginstitutionerne p\u00e5 Mors er inviteret til f\u00e6lles danseworkshops. Et tilbud, der m\u00f8der en varm velkomst ude p\u00e5 \u00f8en:<\/span><\/p>\n<p><span style=\"font-weight: 400;\">\u201cDet er jo en kulturel oplevelse, som vi ikke selv kan give b\u00f8rnene, og s\u00e5 skaber det et f\u00e6llesskab med de andre b\u00f8rn, n\u00e5r s\u00e5 mange institutioner deltager,\u201d siger Inga Roslev.<\/span><\/p>\n<p><span style=\"font-weight: 400;\">\u201cOg om vi voksne ogs\u00e5 skal danse med, det bliver jo s\u00e5 sp\u00e6ndende at se,\u201d griner hun.<\/span><\/p>\n<a class=\"dvrt-link\" onClick=\"cdmtrack_click(104787,jQuery(this));return false\" href=\"https:\/\/www.jyskebank.dk\/kontakt\/afdelingsinfo?departmentid=11890\"><img decoding=\"async\" style=\"width:100%;\" src=\"https:\/\/kunmedierne.dk\/mors\/wp-content\/uploads\/2023\/10\/260325JyskeBankMorsNy-1.jpg\"><\/a><script>cdmtrack_view(104787);<\/script>\n<p>P\u00e5 Dueholmsskolen har der heller ikke v\u00e6ret tvivl om, hvorvidt man ville takke ja til workshoptilbuddet:<\/p>\n<p><span style=\"font-weight: 400;\">\u201cSelvf\u00f8lgelig bakker vi op omkring Kulturm\u00f8det, for det er jo en del af vores DNA her p\u00e5 skolen. Og s\u00e5 er det ogs\u00e5 vigtigt at vise b\u00f8rnene, at det her kan vores \u00f8. Det her kan vores by,\u201d forklarer Lars Zedlitz Alberg.<\/span><\/p>\n<p>Omvendt gl\u00e6der han sig ogs\u00e5 til, at morsingboerne til B\u00f8rnenes Kulturm\u00f8de kan se, hvad alle \u00f8ens b\u00f8rn og unge kan, og ikke mindst hvem de er.<\/p>\n<p><span style=\"font-weight: 400;\">\u201cOg s\u00e5 har vi en lille overraskelse med til Kulturm\u00f8det i \u00e5r ogs\u00e5,\u201d lyder det g\u00e5defuldt fra Lars Zedlitz Alberg.<\/span><\/p>\n<p><span style=\"font-weight: 400;\">\u201cMen det vil jeg ikke fort\u00e6lle mere om. Hvis man er p\u00e5 det rigtige sted det rigtige tidspunkt, s\u00e5 finder man ud af det.\u201d<\/span><\/p>\n<a class=\"dvrt-link\" onClick=\"cdmtrack_click(147315,jQuery(this));return false\" href=\"https:\/\/sdrhaa.dk\/\"><img decoding=\"async\" style=\"width:100%;\" src=\"https:\/\/kunmedierne.dk\/mors\/wp-content\/uploads\/2025\/05\/260302Sdr-HaaDin-gebyrvenlige-sparekasse_mors-002.gif\"><\/a><script>cdmtrack_view(147315);<\/script>\n<p><strong>L\u00c6S OGS\u00c5: <a href=\"https:\/\/kunmedierne.dk\/mors\/boernenes-kulturmoede-vi-vil-saa-kunstneriske-froe-i-naeste-generation\/\" target=\"_blank\" rel=\"noopener\">B\u00f8rnenes kulturm\u00f8de: \u201cVi vil s\u00e5 kunstneriske fr\u00f8 i n\u00e6ste generation\u201d<\/a><\/strong><\/p>\n<blockquote>\n<h5><b>V\u00e6r sikker p\u00e5, at du f\u00e5r alle artikler p\u00e5 KunMors. Tilmeld dig den gratis KunMors-avisen nederst p\u00e5 siden.<\/b><\/h5>\n<\/blockquote>\n","protected":false},"excerpt":{"rendered":"<p>MORS: \u201cJamen pr\u00f8v at h\u00f8re, det synes jeg jo er fantastisk!\u201d Gl\u00e6den er ikke til at tage fejl af hos skolelederen p\u00e5 Dueholmskolen, Lars Zedlitz Alberg. Mandag blev det nemlig offentliggjort, at Kulturm\u00f8det i \u00e5r kommer til at f\u00e5 sin helt egen b\u00f8rneudgave,\u00a0der skal inddrage \u00f8ens yngste beboere endnu mere i den \u00e5rlige folkefest. \u201cVi [&hellip;]<\/p>\n","protected":false},"author":2240,"featured_media":69371,"comment_status":"closed","ping_status":"open","sticky":false,"template":"","format":"standard","meta":{"_acf_changed":false,"footnotes":""},"categories":[49],"tags":[196,162,170],"class_list":["post-69366","post","type-post","status-publish","format-standard","has-post-thumbnail","hentry","category-kultur","tag-foreningsliv","tag-kulturmoedet","tag-uddannelse"],"acf":[],"yoast_head":"<!-- This site is optimized with the Yoast SEO plugin v26.8 - https:\/\/yoast.com\/product\/yoast-seo-wordpress\/ -->\n<title>Skole- og b\u00f8rnehaveledere jubler over Kulturm\u00f8det-tiltag - Mors<\/title>\n<meta name=\"robots\" content=\"index, follow, max-snippet:-1, max-image-preview:large, max-video-preview:-1\" \/>\n<link rel=\"canonical\" href=\"https:\/\/kunmedierne.dk\/mors\/skole-og-boernehaveledere-jubler-over-kulturmoedet-tiltag\/\" \/>\n<meta property=\"og:locale\" content=\"da_DK\" \/>\n<meta property=\"og:type\" content=\"article\" \/>\n<meta property=\"og:title\" content=\"Skole- og b\u00f8rnehaveledere jubler over Kulturm\u00f8det-tiltag - Mors\" \/>\n<meta property=\"og:description\" content=\"MORS: \u201cJamen pr\u00f8v at h\u00f8re, det synes jeg jo er fantastisk!\u201d Gl\u00e6den er ikke til at tage fejl af hos skolelederen p\u00e5 Dueholmskolen, Lars Zedlitz Alberg. Mandag blev det nemlig offentliggjort, at Kulturm\u00f8det i \u00e5r kommer til at f\u00e5 sin helt egen b\u00f8rneudgave,\u00a0der skal inddrage \u00f8ens yngste beboere endnu mere i den \u00e5rlige folkefest. \u201cVi [&hellip;]\" \/>\n<meta property=\"og:url\" content=\"https:\/\/kunmedierne.dk\/mors\/skole-og-boernehaveledere-jubler-over-kulturmoedet-tiltag\/\" \/>\n<meta property=\"og:site_name\" content=\"Mors\" \/>\n<meta property=\"article:published_time\" content=\"2022-05-12T08:44:15+00:00\" \/>\n<meta property=\"article:modified_time\" content=\"2024-08-12T11:28:07+00:00\" \/>\n<meta property=\"og:image\" content=\"https:\/\/kunmedierne.dk\/mors\/wp-content\/uploads\/2022\/05\/210820-kulturmoede-flamenco-20-770x410-1.jpg\" \/>\n\t<meta property=\"og:image:width\" content=\"770\" \/>\n\t<meta property=\"og:image:height\" content=\"410\" \/>\n\t<meta property=\"og:image:type\" content=\"image\/jpeg\" \/>\n<meta name=\"author\" content=\"Maya Christensen\" \/>\n<meta name=\"twitter:card\" content=\"summary_large_image\" \/>\n<meta name=\"twitter:label1\" content=\"Skrevet af\" \/>\n\t<meta name=\"twitter:data1\" content=\"Maya Christensen\" \/>\n\t<meta name=\"twitter:label2\" content=\"Estimeret l\u00e6setid\" \/>\n\t<meta name=\"twitter:data2\" content=\"3 minutter\" \/>\n<script type=\"application\/ld+json\" class=\"yoast-schema-graph\">{\"@context\":\"https:\/\/schema.org\",\"@graph\":[{\"@type\":\"Article\",\"@id\":\"https:\/\/kunmedierne.dk\/mors\/skole-og-boernehaveledere-jubler-over-kulturmoedet-tiltag\/#article\",\"isPartOf\":{\"@id\":\"https:\/\/kunmedierne.dk\/mors\/skole-og-boernehaveledere-jubler-over-kulturmoedet-tiltag\/\"},\"author\":{\"name\":\"Maya Christensen\",\"@id\":\"https:\/\/kunmedierne.dk\/mors\/#\/schema\/person\/35e99442712b0c574c6098964a767c94\"},\"headline\":\"Skole- og b\u00f8rnehaveledere jubler over Kulturm\u00f8det-tiltag\",\"datePublished\":\"2022-05-12T08:44:15+00:00\",\"dateModified\":\"2024-08-12T11:28:07+00:00\",\"mainEntityOfPage\":{\"@id\":\"https:\/\/kunmedierne.dk\/mors\/skole-og-boernehaveledere-jubler-over-kulturmoedet-tiltag\/\"},\"wordCount\":608,\"publisher\":{\"@id\":\"https:\/\/kunmedierne.dk\/mors\/#organization\"},\"image\":{\"@id\":\"https:\/\/kunmedierne.dk\/mors\/skole-og-boernehaveledere-jubler-over-kulturmoedet-tiltag\/#primaryimage\"},\"thumbnailUrl\":\"https:\/\/kunmedierne.dk\/mors\/wp-content\/uploads\/2022\/05\/210820-kulturmoede-flamenco-20-770x410-1.jpg\",\"keywords\":[\"Foreningsliv\",\"Kulturm\u00f8det\",\"Skoler og uddannelse\"],\"articleSection\":[\"Kultur\"],\"inLanguage\":\"da-DK\"},{\"@type\":\"WebPage\",\"@id\":\"https:\/\/kunmedierne.dk\/mors\/skole-og-boernehaveledere-jubler-over-kulturmoedet-tiltag\/\",\"url\":\"https:\/\/kunmedierne.dk\/mors\/skole-og-boernehaveledere-jubler-over-kulturmoedet-tiltag\/\",\"name\":\"Skole- og b\u00f8rnehaveledere jubler over Kulturm\u00f8det-tiltag - Mors\",\"isPartOf\":{\"@id\":\"https:\/\/kunmedierne.dk\/mors\/#website\"},\"primaryImageOfPage\":{\"@id\":\"https:\/\/kunmedierne.dk\/mors\/skole-og-boernehaveledere-jubler-over-kulturmoedet-tiltag\/#primaryimage\"},\"image\":{\"@id\":\"https:\/\/kunmedierne.dk\/mors\/skole-og-boernehaveledere-jubler-over-kulturmoedet-tiltag\/#primaryimage\"},\"thumbnailUrl\":\"https:\/\/kunmedierne.dk\/mors\/wp-content\/uploads\/2022\/05\/210820-kulturmoede-flamenco-20-770x410-1.jpg\",\"datePublished\":\"2022-05-12T08:44:15+00:00\",\"dateModified\":\"2024-08-12T11:28:07+00:00\",\"breadcrumb\":{\"@id\":\"https:\/\/kunmedierne.dk\/mors\/skole-og-boernehaveledere-jubler-over-kulturmoedet-tiltag\/#breadcrumb\"},\"inLanguage\":\"da-DK\",\"potentialAction\":[{\"@type\":\"ReadAction\",\"target\":[\"https:\/\/kunmedierne.dk\/mors\/skole-og-boernehaveledere-jubler-over-kulturmoedet-tiltag\/\"]}]},{\"@type\":\"ImageObject\",\"inLanguage\":\"da-DK\",\"@id\":\"https:\/\/kunmedierne.dk\/mors\/skole-og-boernehaveledere-jubler-over-kulturmoedet-tiltag\/#primaryimage\",\"url\":\"https:\/\/kunmedierne.dk\/mors\/wp-content\/uploads\/2022\/05\/210820-kulturmoede-flamenco-20-770x410-1.jpg\",\"contentUrl\":\"https:\/\/kunmedierne.dk\/mors\/wp-content\/uploads\/2022\/05\/210820-kulturmoede-flamenco-20-770x410-1.jpg\",\"width\":770,\"height\":410,\"caption\":\"Selvom b\u00f8rn og unge altid har v\u00e6ret velkomne til Kulturm\u00f8det, f\u00e5r de i \u00e5r en s\u00e6rligt stor rolle i den popul\u00e6re begivenhed. Foto: Per Bille.\"},{\"@type\":\"BreadcrumbList\",\"@id\":\"https:\/\/kunmedierne.dk\/mors\/skole-og-boernehaveledere-jubler-over-kulturmoedet-tiltag\/#breadcrumb\",\"itemListElement\":[{\"@type\":\"ListItem\",\"position\":1,\"name\":\"Hjem\",\"item\":\"https:\/\/kunmedierne.dk\/mors\/\"},{\"@type\":\"ListItem\",\"position\":2,\"name\":\"Skole- og b\u00f8rnehaveledere jubler over Kulturm\u00f8det-tiltag\"}]},{\"@type\":\"WebSite\",\"@id\":\"https:\/\/kunmedierne.dk\/mors\/#website\",\"url\":\"https:\/\/kunmedierne.dk\/mors\/\",\"name\":\"Mors\",\"description\":\"et netmedie med journalistik om livet p\u00e5 Mors\",\"publisher\":{\"@id\":\"https:\/\/kunmedierne.dk\/mors\/#organization\"},\"potentialAction\":[{\"@type\":\"SearchAction\",\"target\":{\"@type\":\"EntryPoint\",\"urlTemplate\":\"https:\/\/kunmedierne.dk\/mors\/?s={search_term_string}\"},\"query-input\":{\"@type\":\"PropertyValueSpecification\",\"valueRequired\":true,\"valueName\":\"search_term_string\"}}],\"inLanguage\":\"da-DK\"},{\"@type\":\"Organization\",\"@id\":\"https:\/\/kunmedierne.dk\/mors\/#organization\",\"name\":\"Mors\",\"url\":\"https:\/\/kunmedierne.dk\/mors\/\",\"logo\":{\"@type\":\"ImageObject\",\"inLanguage\":\"da-DK\",\"@id\":\"https:\/\/kunmedierne.dk\/mors\/#\/schema\/logo\/image\/\",\"url\":\"https:\/\/kunmedierne.dk\/mors\/wp-content\/uploads\/2024\/08\/kunmors-logo.svg\",\"contentUrl\":\"https:\/\/kunmedierne.dk\/mors\/wp-content\/uploads\/2024\/08\/kunmors-logo.svg\",\"caption\":\"Mors\"},\"image\":{\"@id\":\"https:\/\/kunmedierne.dk\/mors\/#\/schema\/logo\/image\/\"}},{\"@type\":\"Person\",\"@id\":\"https:\/\/kunmedierne.dk\/mors\/#\/schema\/person\/35e99442712b0c574c6098964a767c94\",\"name\":\"Maya Christensen\",\"image\":{\"@type\":\"ImageObject\",\"inLanguage\":\"da-DK\",\"@id\":\"https:\/\/kunmedierne.dk\/mors\/#\/schema\/person\/image\/\",\"url\":\"https:\/\/secure.gravatar.com\/avatar\/00cd13aba1f5e879fbdcd57b2f12ee56e4db44d0d4d66e8d702916bd01f9c669?s=96&d=mm&r=g\",\"contentUrl\":\"https:\/\/secure.gravatar.com\/avatar\/00cd13aba1f5e879fbdcd57b2f12ee56e4db44d0d4d66e8d702916bd01f9c669?s=96&d=mm&r=g\",\"caption\":\"Maya Christensen\"},\"url\":\"https:\/\/kunmedierne.dk\/mors\/author\/maya\/\"}]}<\/script>\n<!-- \/ Yoast SEO plugin. -->","yoast_head_json":{"title":"Skole- og b\u00f8rnehaveledere jubler over Kulturm\u00f8det-tiltag - Mors","robots":{"index":"index","follow":"follow","max-snippet":"max-snippet:-1","max-image-preview":"max-image-preview:large","max-video-preview":"max-video-preview:-1"},"canonical":"https:\/\/kunmedierne.dk\/mors\/skole-og-boernehaveledere-jubler-over-kulturmoedet-tiltag\/","og_locale":"da_DK","og_type":"article","og_title":"Skole- og b\u00f8rnehaveledere jubler over Kulturm\u00f8det-tiltag - Mors","og_description":"MORS: \u201cJamen pr\u00f8v at h\u00f8re, det synes jeg jo er fantastisk!\u201d Gl\u00e6den er ikke til at tage fejl af hos skolelederen p\u00e5 Dueholmskolen, Lars Zedlitz Alberg. Mandag blev det nemlig offentliggjort, at Kulturm\u00f8det i \u00e5r kommer til at f\u00e5 sin helt egen b\u00f8rneudgave,\u00a0der skal inddrage \u00f8ens yngste beboere endnu mere i den \u00e5rlige folkefest. \u201cVi [&hellip;]","og_url":"https:\/\/kunmedierne.dk\/mors\/skole-og-boernehaveledere-jubler-over-kulturmoedet-tiltag\/","og_site_name":"Mors","article_published_time":"2022-05-12T08:44:15+00:00","article_modified_time":"2024-08-12T11:28:07+00:00","og_image":[{"width":770,"height":410,"url":"https:\/\/kunmedierne.dk\/mors\/wp-content\/uploads\/2022\/05\/210820-kulturmoede-flamenco-20-770x410-1.jpg","type":"image\/jpeg"}],"author":"Maya Christensen","twitter_card":"summary_large_image","twitter_misc":{"Skrevet af":"Maya Christensen","Estimeret l\u00e6setid":"3 minutter"},"schema":{"@context":"https:\/\/schema.org","@graph":[{"@type":"Article","@id":"https:\/\/kunmedierne.dk\/mors\/skole-og-boernehaveledere-jubler-over-kulturmoedet-tiltag\/#article","isPartOf":{"@id":"https:\/\/kunmedierne.dk\/mors\/skole-og-boernehaveledere-jubler-over-kulturmoedet-tiltag\/"},"author":{"name":"Maya Christensen","@id":"https:\/\/kunmedierne.dk\/mors\/#\/schema\/person\/35e99442712b0c574c6098964a767c94"},"headline":"Skole- og b\u00f8rnehaveledere jubler over Kulturm\u00f8det-tiltag","datePublished":"2022-05-12T08:44:15+00:00","dateModified":"2024-08-12T11:28:07+00:00","mainEntityOfPage":{"@id":"https:\/\/kunmedierne.dk\/mors\/skole-og-boernehaveledere-jubler-over-kulturmoedet-tiltag\/"},"wordCount":608,"publisher":{"@id":"https:\/\/kunmedierne.dk\/mors\/#organization"},"image":{"@id":"https:\/\/kunmedierne.dk\/mors\/skole-og-boernehaveledere-jubler-over-kulturmoedet-tiltag\/#primaryimage"},"thumbnailUrl":"https:\/\/kunmedierne.dk\/mors\/wp-content\/uploads\/2022\/05\/210820-kulturmoede-flamenco-20-770x410-1.jpg","keywords":["Foreningsliv","Kulturm\u00f8det","Skoler og uddannelse"],"articleSection":["Kultur"],"inLanguage":"da-DK"},{"@type":"WebPage","@id":"https:\/\/kunmedierne.dk\/mors\/skole-og-boernehaveledere-jubler-over-kulturmoedet-tiltag\/","url":"https:\/\/kunmedierne.dk\/mors\/skole-og-boernehaveledere-jubler-over-kulturmoedet-tiltag\/","name":"Skole- og b\u00f8rnehaveledere jubler over Kulturm\u00f8det-tiltag - Mors","isPartOf":{"@id":"https:\/\/kunmedierne.dk\/mors\/#website"},"primaryImageOfPage":{"@id":"https:\/\/kunmedierne.dk\/mors\/skole-og-boernehaveledere-jubler-over-kulturmoedet-tiltag\/#primaryimage"},"image":{"@id":"https:\/\/kunmedierne.dk\/mors\/skole-og-boernehaveledere-jubler-over-kulturmoedet-tiltag\/#primaryimage"},"thumbnailUrl":"https:\/\/kunmedierne.dk\/mors\/wp-content\/uploads\/2022\/05\/210820-kulturmoede-flamenco-20-770x410-1.jpg","datePublished":"2022-05-12T08:44:15+00:00","dateModified":"2024-08-12T11:28:07+00:00","breadcrumb":{"@id":"https:\/\/kunmedierne.dk\/mors\/skole-og-boernehaveledere-jubler-over-kulturmoedet-tiltag\/#breadcrumb"},"inLanguage":"da-DK","potentialAction":[{"@type":"ReadAction","target":["https:\/\/kunmedierne.dk\/mors\/skole-og-boernehaveledere-jubler-over-kulturmoedet-tiltag\/"]}]},{"@type":"ImageObject","inLanguage":"da-DK","@id":"https:\/\/kunmedierne.dk\/mors\/skole-og-boernehaveledere-jubler-over-kulturmoedet-tiltag\/#primaryimage","url":"https:\/\/kunmedierne.dk\/mors\/wp-content\/uploads\/2022\/05\/210820-kulturmoede-flamenco-20-770x410-1.jpg","contentUrl":"https:\/\/kunmedierne.dk\/mors\/wp-content\/uploads\/2022\/05\/210820-kulturmoede-flamenco-20-770x410-1.jpg","width":770,"height":410,"caption":"Selvom b\u00f8rn og unge altid har v\u00e6ret velkomne til Kulturm\u00f8det, f\u00e5r de i \u00e5r en s\u00e6rligt stor rolle i den popul\u00e6re begivenhed. Foto: Per Bille."},{"@type":"BreadcrumbList","@id":"https:\/\/kunmedierne.dk\/mors\/skole-og-boernehaveledere-jubler-over-kulturmoedet-tiltag\/#breadcrumb","itemListElement":[{"@type":"ListItem","position":1,"name":"Hjem","item":"https:\/\/kunmedierne.dk\/mors\/"},{"@type":"ListItem","position":2,"name":"Skole- og b\u00f8rnehaveledere jubler over Kulturm\u00f8det-tiltag"}]},{"@type":"WebSite","@id":"https:\/\/kunmedierne.dk\/mors\/#website","url":"https:\/\/kunmedierne.dk\/mors\/","name":"Mors","description":"et netmedie med journalistik om livet p\u00e5 Mors","publisher":{"@id":"https:\/\/kunmedierne.dk\/mors\/#organization"},"potentialAction":[{"@type":"SearchAction","target":{"@type":"EntryPoint","urlTemplate":"https:\/\/kunmedierne.dk\/mors\/?s={search_term_string}"},"query-input":{"@type":"PropertyValueSpecification","valueRequired":true,"valueName":"search_term_string"}}],"inLanguage":"da-DK"},{"@type":"Organization","@id":"https:\/\/kunmedierne.dk\/mors\/#organization","name":"Mors","url":"https:\/\/kunmedierne.dk\/mors\/","logo":{"@type":"ImageObject","inLanguage":"da-DK","@id":"https:\/\/kunmedierne.dk\/mors\/#\/schema\/logo\/image\/","url":"https:\/\/kunmedierne.dk\/mors\/wp-content\/uploads\/2024\/08\/kunmors-logo.svg","contentUrl":"https:\/\/kunmedierne.dk\/mors\/wp-content\/uploads\/2024\/08\/kunmors-logo.svg","caption":"Mors"},"image":{"@id":"https:\/\/kunmedierne.dk\/mors\/#\/schema\/logo\/image\/"}},{"@type":"Person","@id":"https:\/\/kunmedierne.dk\/mors\/#\/schema\/person\/35e99442712b0c574c6098964a767c94","name":"Maya Christensen","image":{"@type":"ImageObject","inLanguage":"da-DK","@id":"https:\/\/kunmedierne.dk\/mors\/#\/schema\/person\/image\/","url":"https:\/\/secure.gravatar.com\/avatar\/00cd13aba1f5e879fbdcd57b2f12ee56e4db44d0d4d66e8d702916bd01f9c669?s=96&d=mm&r=g","contentUrl":"https:\/\/secure.gravatar.com\/avatar\/00cd13aba1f5e879fbdcd57b2f12ee56e4db44d0d4d66e8d702916bd01f9c669?s=96&d=mm&r=g","caption":"Maya Christensen"},"url":"https:\/\/kunmedierne.dk\/mors\/author\/maya\/"}]}},"_links":{"self":[{"href":"https:\/\/kunmedierne.dk\/mors\/wp-json\/wp\/v2\/posts\/69366","targetHints":{"allow":["GET"]}}],"collection":[{"href":"https:\/\/kunmedierne.dk\/mors\/wp-json\/wp\/v2\/posts"}],"about":[{"href":"https:\/\/kunmedierne.dk\/mors\/wp-json\/wp\/v2\/types\/post"}],"author":[{"embeddable":true,"href":"https:\/\/kunmedierne.dk\/mors\/wp-json\/wp\/v2\/users\/2240"}],"replies":[{"embeddable":true,"href":"https:\/\/kunmedierne.dk\/mors\/wp-json\/wp\/v2\/comments?post=69366"}],"version-history":[{"count":11,"href":"https:\/\/kunmedierne.dk\/mors\/wp-json\/wp\/v2\/posts\/69366\/revisions"}],"predecessor-version":[{"id":69529,"href":"https:\/\/kunmedierne.dk\/mors\/wp-json\/wp\/v2\/posts\/69366\/revisions\/69529"}],"wp:featuredmedia":[{"embeddable":true,"href":"https:\/\/kunmedierne.dk\/mors\/wp-json\/wp\/v2\/media\/69371"}],"wp:attachment":[{"href":"https:\/\/kunmedierne.dk\/mors\/wp-json\/wp\/v2\/media?parent=69366"}],"wp:term":[{"taxonomy":"category","embeddable":true,"href":"https:\/\/kunmedierne.dk\/mors\/wp-json\/wp\/v2\/categories?post=69366"},{"taxonomy":"post_tag","embeddable":true,"href":"https:\/\/kunmedierne.dk\/mors\/wp-json\/wp\/v2\/tags?post=69366"}],"curies":[{"name":"wp","href":"https:\/\/api.w.org\/{rel}","templated":true}]}}