{"id":69351,"date":"2022-05-10T20:56:06","date_gmt":"2022-05-10T18:56:06","guid":{"rendered":"https:\/\/kunmedierne.dk\/mors\/?p=69351"},"modified":"2024-08-12T13:28:07","modified_gmt":"2024-08-12T11:28:07","slug":"lederpost-paa-sydmors-skole-og-boernehus-blev-ikke-besat-i-foerste-omgang","status":"publish","type":"post","link":"https:\/\/kunmedierne.dk\/mors\/lederpost-paa-sydmors-skole-og-boernehus-blev-ikke-besat-i-foerste-omgang\/","title":{"rendered":"Lederpost p\u00e5 Sydmors Skole og B\u00f8rnehus blev ikke besat i f\u00f8rste omgang"},"content":{"rendered":"<p><strong>VILS<\/strong>: Der var ikke bid i f\u00f8rste fors\u00f8g.<\/p>\n<p>Mors\u00f8 Kommune, der i slutningen af februar m\u00e5tte konstatere afsked med b\u00e5de skoleleder og viceskoleleder p\u00e5 Sydmors Skole og B\u00f8rnehus, har stadig ikke fundet afl\u00f8serne.<\/p>\n<p>Det f\u00f8rste stillingsopslag gav ikke pote, s\u00e5 nu er man i gang med et nyt fors\u00f8g.<\/p>\n<p>&#8220;Vi har nye opslag ude, hvor vi s\u00e5 s\u00f8ger hele ledelsesteamet i \u00e9n omgang &#8211; b\u00e5de skoleleder og viceskoleleder,&#8221; lyder det fra Torben Gregersen, direkt\u00f8r for B\u00f8rn og Kultur i Mors\u00f8 Kommune.<\/p>\n<a class=\"dvrt-link\" onClick=\"cdmtrack_click(111725,jQuery(this));return false\" href=\"https:\/\/www.thistedforsikring.dk\/?utm_source=partnerskaber&amp;utm_campaign=kun_mors\"><img decoding=\"async\" style=\"width:100%;\" src=\"https:\/\/kunmedierne.dk\/mors\/wp-content\/uploads\/2024\/02\/269409KunMors-ThistedFor-1.png\"><\/a><script>cdmtrack_view(111725);<\/script>\n<p>P\u00e5 sp\u00f8rgsm\u00e5let om kandidatfeltet i f\u00f8rste omgang var for svagt, siger han:<\/p>\n<p>&#8220;Det lykkedes ikke at finde en kandidat, og s\u00e5 laver man et genopslag.&#8221;<\/p>\n<p>&nbsp;<\/p>\n<p><strong>Forventer at n\u00e5 det i tide<\/strong><\/p>\n<p>Det nye jobopslag, der kan ses p\u00e5 Mors\u00f8 Kommunes <a href=\"https:\/\/www.mors.dk\/om-kommunen\/job\/ledige-job\" target=\"_blank\" rel=\"noopener\">hjemmeside<\/a>, har ans\u00f8gningsfrist 25. maj. Det vil ogs\u00e5 kunne ses p\u00e5 bredere platforme, s\u00e5 interesserede fra hele landet kan f\u00e5 \u00f8je p\u00e5 det, og s\u00e5 vil det blive suppleret af yderligere tiltag.<\/p>\n<p>&#8220;Vi laver vi en s\u00e6rlig annonceringsindsats p\u00e5 de sociale medier inden for de n\u00e6ste dage,&#8221; siger Torben Gregersen.<\/p>\n<a class=\"dvrt-link\" onClick=\"cdmtrack_click(104780,jQuery(this));return false\" href=\"https:\/\/www.spard.dk\/\"><img decoding=\"async\" style=\"width:100%;\" src=\"https:\/\/kunmedierne.dk\/mors\/wp-content\/uploads\/2023\/12\/sparekassen-dk-maj25.gif\"><\/a><script>cdmtrack_view(104780);<\/script>\n<p><em>Begynder I at komme i tidn\u00f8d i forhold til at finde et lederteam til det nye skole\u00e5r?<\/em><\/p>\n<p>&#8220;Nej, planen er, at det kan vi n\u00e5.&#8221;<\/p>\n<p>De to stillinger p\u00e5 skolen i Vils blev ledige, da skoleleder Tenna Bilstrup og viceskoleleder S\u00f8ren \u00d8stergaard i slutningen af februar begge fratr\u00e5dte. Tenna Bilstrup stoppede med en fratr\u00e6delsesaftale, mens S\u00f8ren \u00d8stergaard gjorde det med udgangen af marts for at tiltr\u00e6de p\u00e5 Hanstholm Skole.<\/p>\n<h5>L\u00c6S OGS\u00c5: <a href=\"https:\/\/kunmedierne.dk\/mors\/to-ledere-stopper-paa-sydmors-skole-og-boernehus\/\">To ledere stopper p\u00e5 Sydmors Skole og B\u00f8rnehus<\/a><\/h5>\n<h5>L\u00c6S OGS\u00c5: <a href=\"https:\/\/kunmedierne.dk\/mors\/formand-for-skolebestyrelse-det-er-en-uheldig-og-aergerlig-situation\/\">Formand for skolebestyrelse: &#8211; Det er en uheldig og \u00e6rgerlig situation<\/a><\/h5>\n<a class=\"dvrt-link\" onClick=\"cdmtrack_click(104780,jQuery(this));return false\" href=\"https:\/\/www.spard.dk\/\"><img decoding=\"async\" style=\"width:100%;\" src=\"https:\/\/kunmedierne.dk\/mors\/wp-content\/uploads\/2023\/12\/sparekassen-dk-maj25.gif\"><\/a><script>cdmtrack_view(104780);<\/script>\n<blockquote>\n<h5>V\u00e6r sikker p\u00e5, at du f\u00e5r alle artikler p\u00e5 KunMors. Tilmeld dig den gratis KunMors-avisen nederst p\u00e5 siden.<\/h5>\n<\/blockquote>\n","protected":false},"excerpt":{"rendered":"<p>VILS: Der var ikke bid i f\u00f8rste fors\u00f8g. Mors\u00f8 Kommune, der i slutningen af februar m\u00e5tte konstatere afsked med b\u00e5de skoleleder og viceskoleleder p\u00e5 Sydmors Skole og B\u00f8rnehus, har stadig ikke fundet afl\u00f8serne. Det f\u00f8rste stillingsopslag gav ikke pote, s\u00e5 nu er man i gang med et nyt fors\u00f8g. &#8220;Vi har nye opslag ude, hvor [&hellip;]<\/p>\n","protected":false},"author":8,"featured_media":35644,"comment_status":"closed","ping_status":"open","sticky":false,"template":"","format":"standard","meta":{"_acf_changed":false,"footnotes":""},"categories":[51],"tags":[170],"class_list":["post-69351","post","type-post","status-publish","format-standard","has-post-thumbnail","hentry","category-lokalt","tag-uddannelse"],"acf":[],"yoast_head":"<!-- This site is optimized with the Yoast SEO plugin v26.8 - https:\/\/yoast.com\/product\/yoast-seo-wordpress\/ -->\n<title>Lederpost p\u00e5 Sydmors Skole og B\u00f8rnehus blev ikke besat i f\u00f8rste omgang - Mors<\/title>\n<meta name=\"robots\" content=\"index, follow, max-snippet:-1, max-image-preview:large, max-video-preview:-1\" \/>\n<link rel=\"canonical\" href=\"https:\/\/kunmedierne.dk\/mors\/lederpost-paa-sydmors-skole-og-boernehus-blev-ikke-besat-i-foerste-omgang\/\" \/>\n<meta property=\"og:locale\" content=\"da_DK\" \/>\n<meta property=\"og:type\" content=\"article\" \/>\n<meta property=\"og:title\" content=\"Lederpost p\u00e5 Sydmors Skole og B\u00f8rnehus blev ikke besat i f\u00f8rste omgang - Mors\" \/>\n<meta property=\"og:description\" content=\"VILS: Der var ikke bid i f\u00f8rste fors\u00f8g. Mors\u00f8 Kommune, der i slutningen af februar m\u00e5tte konstatere afsked med b\u00e5de skoleleder og viceskoleleder p\u00e5 Sydmors Skole og B\u00f8rnehus, har stadig ikke fundet afl\u00f8serne. Det f\u00f8rste stillingsopslag gav ikke pote, s\u00e5 nu er man i gang med et nyt fors\u00f8g. &#8220;Vi har nye opslag ude, hvor [&hellip;]\" \/>\n<meta property=\"og:url\" content=\"https:\/\/kunmedierne.dk\/mors\/lederpost-paa-sydmors-skole-og-boernehus-blev-ikke-besat-i-foerste-omgang\/\" \/>\n<meta property=\"og:site_name\" content=\"Mors\" \/>\n<meta property=\"article:published_time\" content=\"2022-05-10T18:56:06+00:00\" \/>\n<meta property=\"article:modified_time\" content=\"2024-08-12T11:28:07+00:00\" \/>\n<meta property=\"og:image\" content=\"https:\/\/kunmedierne.dk\/mors\/wp-content\/uploads\/2020\/11\/sydmors-skole-og-b\u00f8rnehus-1.jpg\" \/>\n\t<meta property=\"og:image:width\" content=\"770\" \/>\n\t<meta property=\"og:image:height\" content=\"513\" \/>\n\t<meta property=\"og:image:type\" content=\"image\/jpeg\" \/>\n<meta name=\"author\" content=\"David H\u00f8jmark\" \/>\n<meta name=\"twitter:card\" content=\"summary_large_image\" \/>\n<meta name=\"twitter:label1\" content=\"Skrevet af\" \/>\n\t<meta name=\"twitter:data1\" content=\"David H\u00f8jmark\" \/>\n\t<meta name=\"twitter:label2\" content=\"Estimeret l\u00e6setid\" \/>\n\t<meta name=\"twitter:data2\" content=\"2 minutter\" \/>\n<script type=\"application\/ld+json\" class=\"yoast-schema-graph\">{\"@context\":\"https:\/\/schema.org\",\"@graph\":[{\"@type\":\"Article\",\"@id\":\"https:\/\/kunmedierne.dk\/mors\/lederpost-paa-sydmors-skole-og-boernehus-blev-ikke-besat-i-foerste-omgang\/#article\",\"isPartOf\":{\"@id\":\"https:\/\/kunmedierne.dk\/mors\/lederpost-paa-sydmors-skole-og-boernehus-blev-ikke-besat-i-foerste-omgang\/\"},\"author\":{\"name\":\"David H\u00f8jmark\",\"@id\":\"https:\/\/kunmedierne.dk\/mors\/#\/schema\/person\/5fe23251bf1d0abbcdc6f7896579d548\"},\"headline\":\"Lederpost p\u00e5 Sydmors Skole og B\u00f8rnehus blev ikke besat i f\u00f8rste omgang\",\"datePublished\":\"2022-05-10T18:56:06+00:00\",\"dateModified\":\"2024-08-12T11:28:07+00:00\",\"mainEntityOfPage\":{\"@id\":\"https:\/\/kunmedierne.dk\/mors\/lederpost-paa-sydmors-skole-og-boernehus-blev-ikke-besat-i-foerste-omgang\/\"},\"wordCount\":331,\"publisher\":{\"@id\":\"https:\/\/kunmedierne.dk\/mors\/#organization\"},\"image\":{\"@id\":\"https:\/\/kunmedierne.dk\/mors\/lederpost-paa-sydmors-skole-og-boernehus-blev-ikke-besat-i-foerste-omgang\/#primaryimage\"},\"thumbnailUrl\":\"https:\/\/kunmedierne.dk\/mors\/wp-content\/uploads\/2020\/11\/sydmors-skole-og-b\u00f8rnehus-1.jpg\",\"keywords\":[\"Skoler og uddannelse\"],\"articleSection\":[\"Lokalt\"],\"inLanguage\":\"da-DK\"},{\"@type\":\"WebPage\",\"@id\":\"https:\/\/kunmedierne.dk\/mors\/lederpost-paa-sydmors-skole-og-boernehus-blev-ikke-besat-i-foerste-omgang\/\",\"url\":\"https:\/\/kunmedierne.dk\/mors\/lederpost-paa-sydmors-skole-og-boernehus-blev-ikke-besat-i-foerste-omgang\/\",\"name\":\"Lederpost p\u00e5 Sydmors Skole og B\u00f8rnehus blev ikke besat i f\u00f8rste omgang - Mors\",\"isPartOf\":{\"@id\":\"https:\/\/kunmedierne.dk\/mors\/#website\"},\"primaryImageOfPage\":{\"@id\":\"https:\/\/kunmedierne.dk\/mors\/lederpost-paa-sydmors-skole-og-boernehus-blev-ikke-besat-i-foerste-omgang\/#primaryimage\"},\"image\":{\"@id\":\"https:\/\/kunmedierne.dk\/mors\/lederpost-paa-sydmors-skole-og-boernehus-blev-ikke-besat-i-foerste-omgang\/#primaryimage\"},\"thumbnailUrl\":\"https:\/\/kunmedierne.dk\/mors\/wp-content\/uploads\/2020\/11\/sydmors-skole-og-b\u00f8rnehus-1.jpg\",\"datePublished\":\"2022-05-10T18:56:06+00:00\",\"dateModified\":\"2024-08-12T11:28:07+00:00\",\"breadcrumb\":{\"@id\":\"https:\/\/kunmedierne.dk\/mors\/lederpost-paa-sydmors-skole-og-boernehus-blev-ikke-besat-i-foerste-omgang\/#breadcrumb\"},\"inLanguage\":\"da-DK\",\"potentialAction\":[{\"@type\":\"ReadAction\",\"target\":[\"https:\/\/kunmedierne.dk\/mors\/lederpost-paa-sydmors-skole-og-boernehus-blev-ikke-besat-i-foerste-omgang\/\"]}]},{\"@type\":\"ImageObject\",\"inLanguage\":\"da-DK\",\"@id\":\"https:\/\/kunmedierne.dk\/mors\/lederpost-paa-sydmors-skole-og-boernehus-blev-ikke-besat-i-foerste-omgang\/#primaryimage\",\"url\":\"https:\/\/kunmedierne.dk\/mors\/wp-content\/uploads\/2020\/11\/sydmors-skole-og-b\u00f8rnehus-1.jpg\",\"contentUrl\":\"https:\/\/kunmedierne.dk\/mors\/wp-content\/uploads\/2020\/11\/sydmors-skole-og-b\u00f8rnehus-1.jpg\",\"width\":770,\"height\":513},{\"@type\":\"BreadcrumbList\",\"@id\":\"https:\/\/kunmedierne.dk\/mors\/lederpost-paa-sydmors-skole-og-boernehus-blev-ikke-besat-i-foerste-omgang\/#breadcrumb\",\"itemListElement\":[{\"@type\":\"ListItem\",\"position\":1,\"name\":\"Hjem\",\"item\":\"https:\/\/kunmedierne.dk\/mors\/\"},{\"@type\":\"ListItem\",\"position\":2,\"name\":\"Lederpost p\u00e5 Sydmors Skole og B\u00f8rnehus blev ikke besat i f\u00f8rste omgang\"}]},{\"@type\":\"WebSite\",\"@id\":\"https:\/\/kunmedierne.dk\/mors\/#website\",\"url\":\"https:\/\/kunmedierne.dk\/mors\/\",\"name\":\"Mors\",\"description\":\"et netmedie med journalistik om livet p\u00e5 Mors\",\"publisher\":{\"@id\":\"https:\/\/kunmedierne.dk\/mors\/#organization\"},\"potentialAction\":[{\"@type\":\"SearchAction\",\"target\":{\"@type\":\"EntryPoint\",\"urlTemplate\":\"https:\/\/kunmedierne.dk\/mors\/?s={search_term_string}\"},\"query-input\":{\"@type\":\"PropertyValueSpecification\",\"valueRequired\":true,\"valueName\":\"search_term_string\"}}],\"inLanguage\":\"da-DK\"},{\"@type\":\"Organization\",\"@id\":\"https:\/\/kunmedierne.dk\/mors\/#organization\",\"name\":\"Mors\",\"url\":\"https:\/\/kunmedierne.dk\/mors\/\",\"logo\":{\"@type\":\"ImageObject\",\"inLanguage\":\"da-DK\",\"@id\":\"https:\/\/kunmedierne.dk\/mors\/#\/schema\/logo\/image\/\",\"url\":\"https:\/\/kunmedierne.dk\/mors\/wp-content\/uploads\/2024\/08\/kunmors-logo.svg\",\"contentUrl\":\"https:\/\/kunmedierne.dk\/mors\/wp-content\/uploads\/2024\/08\/kunmors-logo.svg\",\"caption\":\"Mors\"},\"image\":{\"@id\":\"https:\/\/kunmedierne.dk\/mors\/#\/schema\/logo\/image\/\"}},{\"@type\":\"Person\",\"@id\":\"https:\/\/kunmedierne.dk\/mors\/#\/schema\/person\/5fe23251bf1d0abbcdc6f7896579d548\",\"name\":\"David H\u00f8jmark\",\"image\":{\"@type\":\"ImageObject\",\"inLanguage\":\"da-DK\",\"@id\":\"https:\/\/kunmedierne.dk\/mors\/#\/schema\/person\/image\/\",\"url\":\"https:\/\/secure.gravatar.com\/avatar\/4315d6fb9ef244d729989f5f90268eb08d5bf8a3d84402f595fa194bb35784fd?s=96&d=mm&r=g\",\"contentUrl\":\"https:\/\/secure.gravatar.com\/avatar\/4315d6fb9ef244d729989f5f90268eb08d5bf8a3d84402f595fa194bb35784fd?s=96&d=mm&r=g\",\"caption\":\"David H\u00f8jmark\"},\"sameAs\":[\"https:\/\/www.kunmedierne.dk\"],\"url\":\"https:\/\/kunmedierne.dk\/mors\/author\/david\/\"}]}<\/script>\n<!-- \/ Yoast SEO plugin. -->","yoast_head_json":{"title":"Lederpost p\u00e5 Sydmors Skole og B\u00f8rnehus blev ikke besat i f\u00f8rste omgang - Mors","robots":{"index":"index","follow":"follow","max-snippet":"max-snippet:-1","max-image-preview":"max-image-preview:large","max-video-preview":"max-video-preview:-1"},"canonical":"https:\/\/kunmedierne.dk\/mors\/lederpost-paa-sydmors-skole-og-boernehus-blev-ikke-besat-i-foerste-omgang\/","og_locale":"da_DK","og_type":"article","og_title":"Lederpost p\u00e5 Sydmors Skole og B\u00f8rnehus blev ikke besat i f\u00f8rste omgang - Mors","og_description":"VILS: Der var ikke bid i f\u00f8rste fors\u00f8g. Mors\u00f8 Kommune, der i slutningen af februar m\u00e5tte konstatere afsked med b\u00e5de skoleleder og viceskoleleder p\u00e5 Sydmors Skole og B\u00f8rnehus, har stadig ikke fundet afl\u00f8serne. Det f\u00f8rste stillingsopslag gav ikke pote, s\u00e5 nu er man i gang med et nyt fors\u00f8g. &#8220;Vi har nye opslag ude, hvor [&hellip;]","og_url":"https:\/\/kunmedierne.dk\/mors\/lederpost-paa-sydmors-skole-og-boernehus-blev-ikke-besat-i-foerste-omgang\/","og_site_name":"Mors","article_published_time":"2022-05-10T18:56:06+00:00","article_modified_time":"2024-08-12T11:28:07+00:00","og_image":[{"width":770,"height":513,"url":"https:\/\/kunmedierne.dk\/mors\/wp-content\/uploads\/2020\/11\/sydmors-skole-og-b\u00f8rnehus-1.jpg","type":"image\/jpeg"}],"author":"David H\u00f8jmark","twitter_card":"summary_large_image","twitter_misc":{"Skrevet af":"David H\u00f8jmark","Estimeret l\u00e6setid":"2 minutter"},"schema":{"@context":"https:\/\/schema.org","@graph":[{"@type":"Article","@id":"https:\/\/kunmedierne.dk\/mors\/lederpost-paa-sydmors-skole-og-boernehus-blev-ikke-besat-i-foerste-omgang\/#article","isPartOf":{"@id":"https:\/\/kunmedierne.dk\/mors\/lederpost-paa-sydmors-skole-og-boernehus-blev-ikke-besat-i-foerste-omgang\/"},"author":{"name":"David H\u00f8jmark","@id":"https:\/\/kunmedierne.dk\/mors\/#\/schema\/person\/5fe23251bf1d0abbcdc6f7896579d548"},"headline":"Lederpost p\u00e5 Sydmors Skole og B\u00f8rnehus blev ikke besat i f\u00f8rste omgang","datePublished":"2022-05-10T18:56:06+00:00","dateModified":"2024-08-12T11:28:07+00:00","mainEntityOfPage":{"@id":"https:\/\/kunmedierne.dk\/mors\/lederpost-paa-sydmors-skole-og-boernehus-blev-ikke-besat-i-foerste-omgang\/"},"wordCount":331,"publisher":{"@id":"https:\/\/kunmedierne.dk\/mors\/#organization"},"image":{"@id":"https:\/\/kunmedierne.dk\/mors\/lederpost-paa-sydmors-skole-og-boernehus-blev-ikke-besat-i-foerste-omgang\/#primaryimage"},"thumbnailUrl":"https:\/\/kunmedierne.dk\/mors\/wp-content\/uploads\/2020\/11\/sydmors-skole-og-b\u00f8rnehus-1.jpg","keywords":["Skoler og uddannelse"],"articleSection":["Lokalt"],"inLanguage":"da-DK"},{"@type":"WebPage","@id":"https:\/\/kunmedierne.dk\/mors\/lederpost-paa-sydmors-skole-og-boernehus-blev-ikke-besat-i-foerste-omgang\/","url":"https:\/\/kunmedierne.dk\/mors\/lederpost-paa-sydmors-skole-og-boernehus-blev-ikke-besat-i-foerste-omgang\/","name":"Lederpost p\u00e5 Sydmors Skole og B\u00f8rnehus blev ikke besat i f\u00f8rste omgang - Mors","isPartOf":{"@id":"https:\/\/kunmedierne.dk\/mors\/#website"},"primaryImageOfPage":{"@id":"https:\/\/kunmedierne.dk\/mors\/lederpost-paa-sydmors-skole-og-boernehus-blev-ikke-besat-i-foerste-omgang\/#primaryimage"},"image":{"@id":"https:\/\/kunmedierne.dk\/mors\/lederpost-paa-sydmors-skole-og-boernehus-blev-ikke-besat-i-foerste-omgang\/#primaryimage"},"thumbnailUrl":"https:\/\/kunmedierne.dk\/mors\/wp-content\/uploads\/2020\/11\/sydmors-skole-og-b\u00f8rnehus-1.jpg","datePublished":"2022-05-10T18:56:06+00:00","dateModified":"2024-08-12T11:28:07+00:00","breadcrumb":{"@id":"https:\/\/kunmedierne.dk\/mors\/lederpost-paa-sydmors-skole-og-boernehus-blev-ikke-besat-i-foerste-omgang\/#breadcrumb"},"inLanguage":"da-DK","potentialAction":[{"@type":"ReadAction","target":["https:\/\/kunmedierne.dk\/mors\/lederpost-paa-sydmors-skole-og-boernehus-blev-ikke-besat-i-foerste-omgang\/"]}]},{"@type":"ImageObject","inLanguage":"da-DK","@id":"https:\/\/kunmedierne.dk\/mors\/lederpost-paa-sydmors-skole-og-boernehus-blev-ikke-besat-i-foerste-omgang\/#primaryimage","url":"https:\/\/kunmedierne.dk\/mors\/wp-content\/uploads\/2020\/11\/sydmors-skole-og-b\u00f8rnehus-1.jpg","contentUrl":"https:\/\/kunmedierne.dk\/mors\/wp-content\/uploads\/2020\/11\/sydmors-skole-og-b\u00f8rnehus-1.jpg","width":770,"height":513},{"@type":"BreadcrumbList","@id":"https:\/\/kunmedierne.dk\/mors\/lederpost-paa-sydmors-skole-og-boernehus-blev-ikke-besat-i-foerste-omgang\/#breadcrumb","itemListElement":[{"@type":"ListItem","position":1,"name":"Hjem","item":"https:\/\/kunmedierne.dk\/mors\/"},{"@type":"ListItem","position":2,"name":"Lederpost p\u00e5 Sydmors Skole og B\u00f8rnehus blev ikke besat i f\u00f8rste omgang"}]},{"@type":"WebSite","@id":"https:\/\/kunmedierne.dk\/mors\/#website","url":"https:\/\/kunmedierne.dk\/mors\/","name":"Mors","description":"et netmedie med journalistik om livet p\u00e5 Mors","publisher":{"@id":"https:\/\/kunmedierne.dk\/mors\/#organization"},"potentialAction":[{"@type":"SearchAction","target":{"@type":"EntryPoint","urlTemplate":"https:\/\/kunmedierne.dk\/mors\/?s={search_term_string}"},"query-input":{"@type":"PropertyValueSpecification","valueRequired":true,"valueName":"search_term_string"}}],"inLanguage":"da-DK"},{"@type":"Organization","@id":"https:\/\/kunmedierne.dk\/mors\/#organization","name":"Mors","url":"https:\/\/kunmedierne.dk\/mors\/","logo":{"@type":"ImageObject","inLanguage":"da-DK","@id":"https:\/\/kunmedierne.dk\/mors\/#\/schema\/logo\/image\/","url":"https:\/\/kunmedierne.dk\/mors\/wp-content\/uploads\/2024\/08\/kunmors-logo.svg","contentUrl":"https:\/\/kunmedierne.dk\/mors\/wp-content\/uploads\/2024\/08\/kunmors-logo.svg","caption":"Mors"},"image":{"@id":"https:\/\/kunmedierne.dk\/mors\/#\/schema\/logo\/image\/"}},{"@type":"Person","@id":"https:\/\/kunmedierne.dk\/mors\/#\/schema\/person\/5fe23251bf1d0abbcdc6f7896579d548","name":"David H\u00f8jmark","image":{"@type":"ImageObject","inLanguage":"da-DK","@id":"https:\/\/kunmedierne.dk\/mors\/#\/schema\/person\/image\/","url":"https:\/\/secure.gravatar.com\/avatar\/4315d6fb9ef244d729989f5f90268eb08d5bf8a3d84402f595fa194bb35784fd?s=96&d=mm&r=g","contentUrl":"https:\/\/secure.gravatar.com\/avatar\/4315d6fb9ef244d729989f5f90268eb08d5bf8a3d84402f595fa194bb35784fd?s=96&d=mm&r=g","caption":"David H\u00f8jmark"},"sameAs":["https:\/\/www.kunmedierne.dk"],"url":"https:\/\/kunmedierne.dk\/mors\/author\/david\/"}]}},"_links":{"self":[{"href":"https:\/\/kunmedierne.dk\/mors\/wp-json\/wp\/v2\/posts\/69351","targetHints":{"allow":["GET"]}}],"collection":[{"href":"https:\/\/kunmedierne.dk\/mors\/wp-json\/wp\/v2\/posts"}],"about":[{"href":"https:\/\/kunmedierne.dk\/mors\/wp-json\/wp\/v2\/types\/post"}],"author":[{"embeddable":true,"href":"https:\/\/kunmedierne.dk\/mors\/wp-json\/wp\/v2\/users\/8"}],"replies":[{"embeddable":true,"href":"https:\/\/kunmedierne.dk\/mors\/wp-json\/wp\/v2\/comments?post=69351"}],"version-history":[{"count":6,"href":"https:\/\/kunmedierne.dk\/mors\/wp-json\/wp\/v2\/posts\/69351\/revisions"}],"predecessor-version":[{"id":69365,"href":"https:\/\/kunmedierne.dk\/mors\/wp-json\/wp\/v2\/posts\/69351\/revisions\/69365"}],"wp:featuredmedia":[{"embeddable":true,"href":"https:\/\/kunmedierne.dk\/mors\/wp-json\/wp\/v2\/media\/35644"}],"wp:attachment":[{"href":"https:\/\/kunmedierne.dk\/mors\/wp-json\/wp\/v2\/media?parent=69351"}],"wp:term":[{"taxonomy":"category","embeddable":true,"href":"https:\/\/kunmedierne.dk\/mors\/wp-json\/wp\/v2\/categories?post=69351"},{"taxonomy":"post_tag","embeddable":true,"href":"https:\/\/kunmedierne.dk\/mors\/wp-json\/wp\/v2\/tags?post=69351"}],"curies":[{"name":"wp","href":"https:\/\/api.w.org\/{rel}","templated":true}]}}