{"id":69272,"date":"2022-05-09T19:02:08","date_gmt":"2022-05-09T17:02:08","guid":{"rendered":"https:\/\/kunmedierne.dk\/mors\/?p=69272"},"modified":"2024-08-12T13:34:14","modified_gmt":"2024-08-12T11:34:14","slug":"boernenes-kulturmoede-vi-vil-saa-kunstneriske-froe-i-naeste-generation","status":"publish","type":"post","link":"https:\/\/kunmedierne.dk\/mors\/boernenes-kulturmoede-vi-vil-saa-kunstneriske-froe-i-naeste-generation\/","title":{"rendered":"B\u00f8rnenes kulturm\u00f8de: &#8220;Vi vil s\u00e5 kunstneriske fr\u00f8 i n\u00e6ste generation&#8221;"},"content":{"rendered":"<p><strong>MORS<\/strong>: Kulturm\u00f8det Mors f\u00e5r i \u00e5r en ekstra dimension i b\u00f8rneh\u00f8jde.<\/p>\n<p>N\u00e5r det \u00e5rlige kulturh\u00f8jdepunkt i slutningen af august er tilbage i fuldt vig\u00f8r, bliver det klassiske kulturm\u00f8de suppleret med et for b\u00f8rnene. Det sker, n\u00e5r der \u00e5bner et nyt b\u00f8rneomr\u00e5de ved Kulturfjorden.<\/p>\n<p>&#8220;Vi vil s\u00e5 kunstneriske fr\u00f8 i n\u00e6ste generation. For os betyder det, at b\u00f8rnene skal have deres egen plads i programmet. B\u00f8rnenes kulturm\u00f8de vil spire med oplevelser for de sm\u00e5 og st\u00f8rre b\u00f8rn,&#8221; lyder det fra Trine Bang, direkt\u00f8r for Kulturm\u00f8det Mors.<\/p>\n<a class=\"dvrt-link\" onClick=\"cdmtrack_click(104778,jQuery(this));return false\" href=\"https:\/\/vester-begr.dk\/?gclid=CjwKCAjw5Kv7BRBSEiwAXGDElQB6WMfm9CgYVrruty-I1gaOkTkC3mlA4QRDtYNsxYgVC8sNzAJ7WhoCmBsQAvD_BwE\"><img decoding=\"async\" style=\"width:100%;\" src=\"https:\/\/kunmedierne.dk\/mors\/wp-content\/uploads\/2023\/10\/260203VesterHoukaer-02022026.jpg\"><\/a><script>cdmtrack_view(104778);<\/script>\n<p>Hun supplerer mere konkret om det nye koncept:<\/p>\n<p>&#8220;Vi skal synge f\u00e6llessang, danse sammen og opleve kunsten med hele kroppen. Ofte ser vi, at det er voksne, der taler om b\u00f8rn til b\u00f8rn. P\u00e5 b\u00f8rnenes kulturm\u00f8de er det b\u00f8rnene, der har mikrofonen,&#8221; siger hun.<\/p>\n<p>&nbsp;<\/p>\n<p><strong>Venskabsaftale med spaniere<\/strong><\/p>\n<p>B\u00f8rnenes kulturm\u00f8de vil foreg\u00e5 torsdag og fredag med et program for daginstitutioner og skoler. Forventningen er, at flere end 2000 b\u00f8rn vil deltage. Og l\u00f8rdag vil pladsen danne ramme om b\u00f8rnefestival fra med\u00a0koncerter, cirkus, workshops, balletskole, kreativt pap-univers og meget mere.<\/p>\n<p>Skolerne og daginstitutioner fra Mors f\u00e5r mulighed for at skabe og udvikle B\u00f8rnenes Kulturm\u00f8de 2022. Det foreg\u00e5r gennem tre initiativer: Danseworkshops, skilte til \u00e5rets store parade og f\u00e6llessang.<\/p>\n<p>I l\u00f8bet af maj og juni tilbyder Kulturm\u00f8det alle skoler og daginstitutioner p\u00e5 Mors at deltage i workshops under temaet &#8220;Dans &amp; F\u00e6llesskab&#8221;. If\u00f8lge Kulturm\u00f8det Mors vil b\u00f8rnene her f\u00e5 bes\u00f8g af kunstnere, der &#8220;med et festligt program underviser i spansk flamenco og dansk folkedans.&#8221;<\/p>\n<a class=\"dvrt-link\" onClick=\"cdmtrack_click(114591,jQuery(this));return false\" href=\"https:\/\/www.facebook.com\/kopogkandemors\"><img decoding=\"async\" style=\"width:100%;\" src=\"https:\/\/kunmedierne.dk\/mors\/wp-content\/uploads\/2024\/03\/kop-og-kande-ja-tak-tilbud.jpg\"><\/a><script>cdmtrack_view(114591);<\/script>\n<p>I den forbindelse har Kulturm\u00f8det Mors indg\u00e5et en venskabsaftale med den sydspanske by Jerez de la Frontera, der kandiderer til at blive Europ\u00e6isk Kulturhovedstad i 2031. Samarbejdet skal blandt andet resultere i, at alle b\u00f8rn og elever p\u00e5 Mors l\u00e6rer sm\u00e5 danseserier, som under B\u00f8rnenes Kulturm\u00f8de munder ud i en stor f\u00e6llesdans og bes\u00f8g af spanske b\u00f8rn.<\/p>\n<p>&nbsp;<\/p>\n<p><strong>Det positive forrest<\/strong><\/p>\n<p>B\u00f8rnenes Kulturm\u00f8de byder ogs\u00e5 p\u00e5 stor f\u00e6llessang-koncert, hvor alle b\u00f8rn har \u00f8vet 10 f\u00e6llessange inden august, samt en festlig musikalsk parade gennem gaderne i Nyk\u00f8bing Mors med temaet &#8220;Hvad g\u00f8r mig glad?&#8221;<\/p>\n<p>&#8220;Vi vil s\u00e6tte det positive forrest &#8211; for der er nok i verden, b\u00f8rnene kan bekymre sig om. Her handler det om det helt n\u00e6re. B\u00f8rn fra b\u00f8rnehavealderen til 9. klasse kommer til at b\u00e6re skilte gennem gaderne med ord om, hvad der g\u00f8r dem glade. Jeg er sikker p\u00e5, at der bliver en stor oplevelse af f\u00e6llesskab og et k\u00e6mpe &#8216;ja&#8217; til de sm\u00e5 og store ting i livet, der g\u00f8r en forskel,&#8221; siger Trine Bang.<\/p>\n<a class=\"dvrt-link\" onClick=\"cdmtrack_click(104781,jQuery(this));return false\" href=\"https:\/\/www.fmspks.dk\/\"><img decoding=\"async\" style=\"width:100%;\" src=\"https:\/\/kunmedierne.dk\/mors\/wp-content\/uploads\/2022\/02\/vip-froeslev-mollerup-sparekasse.jpg\"><\/a><script>cdmtrack_view(104781);<\/script>\n<p>B\u00f8rnenes Kulturm\u00f8de er gratis for alle og pr\u00e6senteres i samarbejde med en r\u00e6kke organisationer som DR Musikariet, Holstebro Balletskole, Den Jyske Opera, Genklange, B\u00f8rns m\u00f8de med Kunsten, Kulturprinsen og Nordisk Teaterlaboratorium &#8211; Odin Teatret.<\/p>\n<blockquote>\n<h5>V\u00e6r sikker p\u00e5, at du f\u00e5r alle artikler p\u00e5 KunMors. Tilmeld dig den gratis KunMors-avisen nederst p\u00e5 siden.<\/h5>\n<\/blockquote>\n","protected":false},"excerpt":{"rendered":"<p>MORS: Kulturm\u00f8det Mors f\u00e5r i \u00e5r en ekstra dimension i b\u00f8rneh\u00f8jde. N\u00e5r det \u00e5rlige kulturh\u00f8jdepunkt i slutningen af august er tilbage i fuldt vig\u00f8r, bliver det klassiske kulturm\u00f8de suppleret med et for b\u00f8rnene. Det sker, n\u00e5r der \u00e5bner et nyt b\u00f8rneomr\u00e5de ved Kulturfjorden. &#8220;Vi vil s\u00e5 kunstneriske fr\u00f8 i n\u00e6ste generation. For os betyder det, [&hellip;]<\/p>\n","protected":false},"author":8,"featured_media":69275,"comment_status":"closed","ping_status":"open","sticky":false,"template":"","format":"standard","meta":{"_acf_changed":false,"footnotes":""},"categories":[49],"tags":[162],"class_list":["post-69272","post","type-post","status-publish","format-standard","has-post-thumbnail","hentry","category-kultur","tag-kulturmoedet"],"acf":[],"yoast_head":"<!-- This site is optimized with the Yoast SEO plugin v26.8 - https:\/\/yoast.com\/product\/yoast-seo-wordpress\/ -->\n<title>B\u00f8rnenes kulturm\u00f8de: &quot;Vi vil s\u00e5 kunstneriske fr\u00f8 i n\u00e6ste generation&quot; - Mors<\/title>\n<meta name=\"robots\" content=\"index, follow, max-snippet:-1, max-image-preview:large, max-video-preview:-1\" \/>\n<link rel=\"canonical\" href=\"https:\/\/kunmedierne.dk\/mors\/boernenes-kulturmoede-vi-vil-saa-kunstneriske-froe-i-naeste-generation\/\" \/>\n<meta property=\"og:locale\" content=\"da_DK\" \/>\n<meta property=\"og:type\" content=\"article\" \/>\n<meta property=\"og:title\" content=\"B\u00f8rnenes kulturm\u00f8de: &quot;Vi vil s\u00e5 kunstneriske fr\u00f8 i n\u00e6ste generation&quot; - Mors\" \/>\n<meta property=\"og:description\" content=\"MORS: Kulturm\u00f8det Mors f\u00e5r i \u00e5r en ekstra dimension i b\u00f8rneh\u00f8jde. N\u00e5r det \u00e5rlige kulturh\u00f8jdepunkt i slutningen af august er tilbage i fuldt vig\u00f8r, bliver det klassiske kulturm\u00f8de suppleret med et for b\u00f8rnene. Det sker, n\u00e5r der \u00e5bner et nyt b\u00f8rneomr\u00e5de ved Kulturfjorden. &#8220;Vi vil s\u00e5 kunstneriske fr\u00f8 i n\u00e6ste generation. For os betyder det, [&hellip;]\" \/>\n<meta property=\"og:url\" content=\"https:\/\/kunmedierne.dk\/mors\/boernenes-kulturmoede-vi-vil-saa-kunstneriske-froe-i-naeste-generation\/\" \/>\n<meta property=\"og:site_name\" content=\"Mors\" \/>\n<meta property=\"article:published_time\" content=\"2022-05-09T17:02:08+00:00\" \/>\n<meta property=\"article:modified_time\" content=\"2024-08-12T11:34:14+00:00\" \/>\n<meta property=\"og:image\" content=\"https:\/\/kunmedierne.dk\/mors\/wp-content\/uploads\/2022\/05\/kulturmoedet-2021-5.jpg\" \/>\n\t<meta property=\"og:image:width\" content=\"770\" \/>\n\t<meta property=\"og:image:height\" content=\"514\" \/>\n\t<meta property=\"og:image:type\" content=\"image\/jpeg\" \/>\n<meta name=\"author\" content=\"David H\u00f8jmark\" \/>\n<meta name=\"twitter:card\" content=\"summary_large_image\" \/>\n<meta name=\"twitter:label1\" content=\"Skrevet af\" \/>\n\t<meta name=\"twitter:data1\" content=\"David H\u00f8jmark\" \/>\n\t<meta name=\"twitter:label2\" content=\"Estimeret l\u00e6setid\" \/>\n\t<meta name=\"twitter:data2\" content=\"3 minutter\" \/>\n<script type=\"application\/ld+json\" class=\"yoast-schema-graph\">{\"@context\":\"https:\/\/schema.org\",\"@graph\":[{\"@type\":\"Article\",\"@id\":\"https:\/\/kunmedierne.dk\/mors\/boernenes-kulturmoede-vi-vil-saa-kunstneriske-froe-i-naeste-generation\/#article\",\"isPartOf\":{\"@id\":\"https:\/\/kunmedierne.dk\/mors\/boernenes-kulturmoede-vi-vil-saa-kunstneriske-froe-i-naeste-generation\/\"},\"author\":{\"name\":\"David H\u00f8jmark\",\"@id\":\"https:\/\/kunmedierne.dk\/mors\/#\/schema\/person\/5fe23251bf1d0abbcdc6f7896579d548\"},\"headline\":\"B\u00f8rnenes kulturm\u00f8de: &#8220;Vi vil s\u00e5 kunstneriske fr\u00f8 i n\u00e6ste generation&#8221;\",\"datePublished\":\"2022-05-09T17:02:08+00:00\",\"dateModified\":\"2024-08-12T11:34:14+00:00\",\"mainEntityOfPage\":{\"@id\":\"https:\/\/kunmedierne.dk\/mors\/boernenes-kulturmoede-vi-vil-saa-kunstneriske-froe-i-naeste-generation\/\"},\"wordCount\":562,\"publisher\":{\"@id\":\"https:\/\/kunmedierne.dk\/mors\/#organization\"},\"image\":{\"@id\":\"https:\/\/kunmedierne.dk\/mors\/boernenes-kulturmoede-vi-vil-saa-kunstneriske-froe-i-naeste-generation\/#primaryimage\"},\"thumbnailUrl\":\"https:\/\/kunmedierne.dk\/mors\/wp-content\/uploads\/2022\/05\/kulturmoedet-2021-5.jpg\",\"keywords\":[\"Kulturm\u00f8det\"],\"articleSection\":[\"Kultur\"],\"inLanguage\":\"da-DK\"},{\"@type\":\"WebPage\",\"@id\":\"https:\/\/kunmedierne.dk\/mors\/boernenes-kulturmoede-vi-vil-saa-kunstneriske-froe-i-naeste-generation\/\",\"url\":\"https:\/\/kunmedierne.dk\/mors\/boernenes-kulturmoede-vi-vil-saa-kunstneriske-froe-i-naeste-generation\/\",\"name\":\"B\u00f8rnenes kulturm\u00f8de: \\\"Vi vil s\u00e5 kunstneriske fr\u00f8 i n\u00e6ste generation\\\" - Mors\",\"isPartOf\":{\"@id\":\"https:\/\/kunmedierne.dk\/mors\/#website\"},\"primaryImageOfPage\":{\"@id\":\"https:\/\/kunmedierne.dk\/mors\/boernenes-kulturmoede-vi-vil-saa-kunstneriske-froe-i-naeste-generation\/#primaryimage\"},\"image\":{\"@id\":\"https:\/\/kunmedierne.dk\/mors\/boernenes-kulturmoede-vi-vil-saa-kunstneriske-froe-i-naeste-generation\/#primaryimage\"},\"thumbnailUrl\":\"https:\/\/kunmedierne.dk\/mors\/wp-content\/uploads\/2022\/05\/kulturmoedet-2021-5.jpg\",\"datePublished\":\"2022-05-09T17:02:08+00:00\",\"dateModified\":\"2024-08-12T11:34:14+00:00\",\"breadcrumb\":{\"@id\":\"https:\/\/kunmedierne.dk\/mors\/boernenes-kulturmoede-vi-vil-saa-kunstneriske-froe-i-naeste-generation\/#breadcrumb\"},\"inLanguage\":\"da-DK\",\"potentialAction\":[{\"@type\":\"ReadAction\",\"target\":[\"https:\/\/kunmedierne.dk\/mors\/boernenes-kulturmoede-vi-vil-saa-kunstneriske-froe-i-naeste-generation\/\"]}]},{\"@type\":\"ImageObject\",\"inLanguage\":\"da-DK\",\"@id\":\"https:\/\/kunmedierne.dk\/mors\/boernenes-kulturmoede-vi-vil-saa-kunstneriske-froe-i-naeste-generation\/#primaryimage\",\"url\":\"https:\/\/kunmedierne.dk\/mors\/wp-content\/uploads\/2022\/05\/kulturmoedet-2021-5.jpg\",\"contentUrl\":\"https:\/\/kunmedierne.dk\/mors\/wp-content\/uploads\/2022\/05\/kulturmoedet-2021-5.jpg\",\"width\":770,\"height\":514,\"caption\":\"Flamencodansende b\u00f8rn fra Jerez de la Frontera vakte opsigt til Kulturm\u00f8det Mors 2021. Foto: Per Bille\"},{\"@type\":\"BreadcrumbList\",\"@id\":\"https:\/\/kunmedierne.dk\/mors\/boernenes-kulturmoede-vi-vil-saa-kunstneriske-froe-i-naeste-generation\/#breadcrumb\",\"itemListElement\":[{\"@type\":\"ListItem\",\"position\":1,\"name\":\"Hjem\",\"item\":\"https:\/\/kunmedierne.dk\/mors\/\"},{\"@type\":\"ListItem\",\"position\":2,\"name\":\"B\u00f8rnenes kulturm\u00f8de: &#8220;Vi vil s\u00e5 kunstneriske fr\u00f8 i n\u00e6ste generation&#8221;\"}]},{\"@type\":\"WebSite\",\"@id\":\"https:\/\/kunmedierne.dk\/mors\/#website\",\"url\":\"https:\/\/kunmedierne.dk\/mors\/\",\"name\":\"Mors\",\"description\":\"et netmedie med journalistik om livet p\u00e5 Mors\",\"publisher\":{\"@id\":\"https:\/\/kunmedierne.dk\/mors\/#organization\"},\"potentialAction\":[{\"@type\":\"SearchAction\",\"target\":{\"@type\":\"EntryPoint\",\"urlTemplate\":\"https:\/\/kunmedierne.dk\/mors\/?s={search_term_string}\"},\"query-input\":{\"@type\":\"PropertyValueSpecification\",\"valueRequired\":true,\"valueName\":\"search_term_string\"}}],\"inLanguage\":\"da-DK\"},{\"@type\":\"Organization\",\"@id\":\"https:\/\/kunmedierne.dk\/mors\/#organization\",\"name\":\"Mors\",\"url\":\"https:\/\/kunmedierne.dk\/mors\/\",\"logo\":{\"@type\":\"ImageObject\",\"inLanguage\":\"da-DK\",\"@id\":\"https:\/\/kunmedierne.dk\/mors\/#\/schema\/logo\/image\/\",\"url\":\"https:\/\/kunmedierne.dk\/mors\/wp-content\/uploads\/2024\/08\/kunmors-logo.svg\",\"contentUrl\":\"https:\/\/kunmedierne.dk\/mors\/wp-content\/uploads\/2024\/08\/kunmors-logo.svg\",\"caption\":\"Mors\"},\"image\":{\"@id\":\"https:\/\/kunmedierne.dk\/mors\/#\/schema\/logo\/image\/\"}},{\"@type\":\"Person\",\"@id\":\"https:\/\/kunmedierne.dk\/mors\/#\/schema\/person\/5fe23251bf1d0abbcdc6f7896579d548\",\"name\":\"David H\u00f8jmark\",\"image\":{\"@type\":\"ImageObject\",\"inLanguage\":\"da-DK\",\"@id\":\"https:\/\/kunmedierne.dk\/mors\/#\/schema\/person\/image\/\",\"url\":\"https:\/\/secure.gravatar.com\/avatar\/4315d6fb9ef244d729989f5f90268eb08d5bf8a3d84402f595fa194bb35784fd?s=96&d=mm&r=g\",\"contentUrl\":\"https:\/\/secure.gravatar.com\/avatar\/4315d6fb9ef244d729989f5f90268eb08d5bf8a3d84402f595fa194bb35784fd?s=96&d=mm&r=g\",\"caption\":\"David H\u00f8jmark\"},\"sameAs\":[\"https:\/\/www.kunmedierne.dk\"],\"url\":\"https:\/\/kunmedierne.dk\/mors\/author\/david\/\"}]}<\/script>\n<!-- \/ Yoast SEO plugin. -->","yoast_head_json":{"title":"B\u00f8rnenes kulturm\u00f8de: \"Vi vil s\u00e5 kunstneriske fr\u00f8 i n\u00e6ste generation\" - Mors","robots":{"index":"index","follow":"follow","max-snippet":"max-snippet:-1","max-image-preview":"max-image-preview:large","max-video-preview":"max-video-preview:-1"},"canonical":"https:\/\/kunmedierne.dk\/mors\/boernenes-kulturmoede-vi-vil-saa-kunstneriske-froe-i-naeste-generation\/","og_locale":"da_DK","og_type":"article","og_title":"B\u00f8rnenes kulturm\u00f8de: \"Vi vil s\u00e5 kunstneriske fr\u00f8 i n\u00e6ste generation\" - Mors","og_description":"MORS: Kulturm\u00f8det Mors f\u00e5r i \u00e5r en ekstra dimension i b\u00f8rneh\u00f8jde. N\u00e5r det \u00e5rlige kulturh\u00f8jdepunkt i slutningen af august er tilbage i fuldt vig\u00f8r, bliver det klassiske kulturm\u00f8de suppleret med et for b\u00f8rnene. Det sker, n\u00e5r der \u00e5bner et nyt b\u00f8rneomr\u00e5de ved Kulturfjorden. &#8220;Vi vil s\u00e5 kunstneriske fr\u00f8 i n\u00e6ste generation. For os betyder det, [&hellip;]","og_url":"https:\/\/kunmedierne.dk\/mors\/boernenes-kulturmoede-vi-vil-saa-kunstneriske-froe-i-naeste-generation\/","og_site_name":"Mors","article_published_time":"2022-05-09T17:02:08+00:00","article_modified_time":"2024-08-12T11:34:14+00:00","og_image":[{"width":770,"height":514,"url":"https:\/\/kunmedierne.dk\/mors\/wp-content\/uploads\/2022\/05\/kulturmoedet-2021-5.jpg","type":"image\/jpeg"}],"author":"David H\u00f8jmark","twitter_card":"summary_large_image","twitter_misc":{"Skrevet af":"David H\u00f8jmark","Estimeret l\u00e6setid":"3 minutter"},"schema":{"@context":"https:\/\/schema.org","@graph":[{"@type":"Article","@id":"https:\/\/kunmedierne.dk\/mors\/boernenes-kulturmoede-vi-vil-saa-kunstneriske-froe-i-naeste-generation\/#article","isPartOf":{"@id":"https:\/\/kunmedierne.dk\/mors\/boernenes-kulturmoede-vi-vil-saa-kunstneriske-froe-i-naeste-generation\/"},"author":{"name":"David H\u00f8jmark","@id":"https:\/\/kunmedierne.dk\/mors\/#\/schema\/person\/5fe23251bf1d0abbcdc6f7896579d548"},"headline":"B\u00f8rnenes kulturm\u00f8de: &#8220;Vi vil s\u00e5 kunstneriske fr\u00f8 i n\u00e6ste generation&#8221;","datePublished":"2022-05-09T17:02:08+00:00","dateModified":"2024-08-12T11:34:14+00:00","mainEntityOfPage":{"@id":"https:\/\/kunmedierne.dk\/mors\/boernenes-kulturmoede-vi-vil-saa-kunstneriske-froe-i-naeste-generation\/"},"wordCount":562,"publisher":{"@id":"https:\/\/kunmedierne.dk\/mors\/#organization"},"image":{"@id":"https:\/\/kunmedierne.dk\/mors\/boernenes-kulturmoede-vi-vil-saa-kunstneriske-froe-i-naeste-generation\/#primaryimage"},"thumbnailUrl":"https:\/\/kunmedierne.dk\/mors\/wp-content\/uploads\/2022\/05\/kulturmoedet-2021-5.jpg","keywords":["Kulturm\u00f8det"],"articleSection":["Kultur"],"inLanguage":"da-DK"},{"@type":"WebPage","@id":"https:\/\/kunmedierne.dk\/mors\/boernenes-kulturmoede-vi-vil-saa-kunstneriske-froe-i-naeste-generation\/","url":"https:\/\/kunmedierne.dk\/mors\/boernenes-kulturmoede-vi-vil-saa-kunstneriske-froe-i-naeste-generation\/","name":"B\u00f8rnenes kulturm\u00f8de: \"Vi vil s\u00e5 kunstneriske fr\u00f8 i n\u00e6ste generation\" - Mors","isPartOf":{"@id":"https:\/\/kunmedierne.dk\/mors\/#website"},"primaryImageOfPage":{"@id":"https:\/\/kunmedierne.dk\/mors\/boernenes-kulturmoede-vi-vil-saa-kunstneriske-froe-i-naeste-generation\/#primaryimage"},"image":{"@id":"https:\/\/kunmedierne.dk\/mors\/boernenes-kulturmoede-vi-vil-saa-kunstneriske-froe-i-naeste-generation\/#primaryimage"},"thumbnailUrl":"https:\/\/kunmedierne.dk\/mors\/wp-content\/uploads\/2022\/05\/kulturmoedet-2021-5.jpg","datePublished":"2022-05-09T17:02:08+00:00","dateModified":"2024-08-12T11:34:14+00:00","breadcrumb":{"@id":"https:\/\/kunmedierne.dk\/mors\/boernenes-kulturmoede-vi-vil-saa-kunstneriske-froe-i-naeste-generation\/#breadcrumb"},"inLanguage":"da-DK","potentialAction":[{"@type":"ReadAction","target":["https:\/\/kunmedierne.dk\/mors\/boernenes-kulturmoede-vi-vil-saa-kunstneriske-froe-i-naeste-generation\/"]}]},{"@type":"ImageObject","inLanguage":"da-DK","@id":"https:\/\/kunmedierne.dk\/mors\/boernenes-kulturmoede-vi-vil-saa-kunstneriske-froe-i-naeste-generation\/#primaryimage","url":"https:\/\/kunmedierne.dk\/mors\/wp-content\/uploads\/2022\/05\/kulturmoedet-2021-5.jpg","contentUrl":"https:\/\/kunmedierne.dk\/mors\/wp-content\/uploads\/2022\/05\/kulturmoedet-2021-5.jpg","width":770,"height":514,"caption":"Flamencodansende b\u00f8rn fra Jerez de la Frontera vakte opsigt til Kulturm\u00f8det Mors 2021. Foto: Per Bille"},{"@type":"BreadcrumbList","@id":"https:\/\/kunmedierne.dk\/mors\/boernenes-kulturmoede-vi-vil-saa-kunstneriske-froe-i-naeste-generation\/#breadcrumb","itemListElement":[{"@type":"ListItem","position":1,"name":"Hjem","item":"https:\/\/kunmedierne.dk\/mors\/"},{"@type":"ListItem","position":2,"name":"B\u00f8rnenes kulturm\u00f8de: &#8220;Vi vil s\u00e5 kunstneriske fr\u00f8 i n\u00e6ste generation&#8221;"}]},{"@type":"WebSite","@id":"https:\/\/kunmedierne.dk\/mors\/#website","url":"https:\/\/kunmedierne.dk\/mors\/","name":"Mors","description":"et netmedie med journalistik om livet p\u00e5 Mors","publisher":{"@id":"https:\/\/kunmedierne.dk\/mors\/#organization"},"potentialAction":[{"@type":"SearchAction","target":{"@type":"EntryPoint","urlTemplate":"https:\/\/kunmedierne.dk\/mors\/?s={search_term_string}"},"query-input":{"@type":"PropertyValueSpecification","valueRequired":true,"valueName":"search_term_string"}}],"inLanguage":"da-DK"},{"@type":"Organization","@id":"https:\/\/kunmedierne.dk\/mors\/#organization","name":"Mors","url":"https:\/\/kunmedierne.dk\/mors\/","logo":{"@type":"ImageObject","inLanguage":"da-DK","@id":"https:\/\/kunmedierne.dk\/mors\/#\/schema\/logo\/image\/","url":"https:\/\/kunmedierne.dk\/mors\/wp-content\/uploads\/2024\/08\/kunmors-logo.svg","contentUrl":"https:\/\/kunmedierne.dk\/mors\/wp-content\/uploads\/2024\/08\/kunmors-logo.svg","caption":"Mors"},"image":{"@id":"https:\/\/kunmedierne.dk\/mors\/#\/schema\/logo\/image\/"}},{"@type":"Person","@id":"https:\/\/kunmedierne.dk\/mors\/#\/schema\/person\/5fe23251bf1d0abbcdc6f7896579d548","name":"David H\u00f8jmark","image":{"@type":"ImageObject","inLanguage":"da-DK","@id":"https:\/\/kunmedierne.dk\/mors\/#\/schema\/person\/image\/","url":"https:\/\/secure.gravatar.com\/avatar\/4315d6fb9ef244d729989f5f90268eb08d5bf8a3d84402f595fa194bb35784fd?s=96&d=mm&r=g","contentUrl":"https:\/\/secure.gravatar.com\/avatar\/4315d6fb9ef244d729989f5f90268eb08d5bf8a3d84402f595fa194bb35784fd?s=96&d=mm&r=g","caption":"David H\u00f8jmark"},"sameAs":["https:\/\/www.kunmedierne.dk"],"url":"https:\/\/kunmedierne.dk\/mors\/author\/david\/"}]}},"_links":{"self":[{"href":"https:\/\/kunmedierne.dk\/mors\/wp-json\/wp\/v2\/posts\/69272","targetHints":{"allow":["GET"]}}],"collection":[{"href":"https:\/\/kunmedierne.dk\/mors\/wp-json\/wp\/v2\/posts"}],"about":[{"href":"https:\/\/kunmedierne.dk\/mors\/wp-json\/wp\/v2\/types\/post"}],"author":[{"embeddable":true,"href":"https:\/\/kunmedierne.dk\/mors\/wp-json\/wp\/v2\/users\/8"}],"replies":[{"embeddable":true,"href":"https:\/\/kunmedierne.dk\/mors\/wp-json\/wp\/v2\/comments?post=69272"}],"version-history":[{"count":2,"href":"https:\/\/kunmedierne.dk\/mors\/wp-json\/wp\/v2\/posts\/69272\/revisions"}],"predecessor-version":[{"id":69278,"href":"https:\/\/kunmedierne.dk\/mors\/wp-json\/wp\/v2\/posts\/69272\/revisions\/69278"}],"wp:featuredmedia":[{"embeddable":true,"href":"https:\/\/kunmedierne.dk\/mors\/wp-json\/wp\/v2\/media\/69275"}],"wp:attachment":[{"href":"https:\/\/kunmedierne.dk\/mors\/wp-json\/wp\/v2\/media?parent=69272"}],"wp:term":[{"taxonomy":"category","embeddable":true,"href":"https:\/\/kunmedierne.dk\/mors\/wp-json\/wp\/v2\/categories?post=69272"},{"taxonomy":"post_tag","embeddable":true,"href":"https:\/\/kunmedierne.dk\/mors\/wp-json\/wp\/v2\/tags?post=69272"}],"curies":[{"name":"wp","href":"https:\/\/api.w.org\/{rel}","templated":true}]}}