{"id":68701,"date":"2022-05-03T20:17:25","date_gmt":"2022-05-03T18:17:25","guid":{"rendered":"https:\/\/kunmedierne.dk\/mors\/?p=68701"},"modified":"2024-08-12T13:34:16","modified_gmt":"2024-08-12T11:34:16","slug":"foerst-om-et-aar-faar-oeens-boern-undervisning-i-limfjorden","status":"publish","type":"post","link":"https:\/\/kunmedierne.dk\/mors\/foerst-om-et-aar-faar-oeens-boern-undervisning-i-limfjorden\/","title":{"rendered":"F\u00f8rst om et \u00e5r f\u00e5r \u00f8ens b\u00f8rn undervisning i Limfjorden"},"content":{"rendered":"<p><b>MORS<\/b>: Det har v\u00e6ret i gang siden januar, men tidligst om et \u00e5r bliver \u00f8ens b\u00f8rn en aktiv del af det.<\/p>\n<p>S\u00e5dan er status for Ophav Limfjorden, det n\u00e6sten 10 millioner kroner store projekt, som p\u00e5 seneste m\u00f8de i kommunalbestyrelsen <a href=\"https:\/\/kunmedierne.dk\/mors\/vi-kommer-virkelig-op-i-superligaen\/\" target=\"_blank\" rel=\"noopener\">vakte jubel<\/a> hos lokale politikere. De gl\u00e6der sig til at se projektet udvikle sig frem imod 2026, men m\u00e5 lige som skoleb\u00f8rnene v\u00e6bne sig med t\u00e5lmodighed i forhold til at se lokale b\u00f8rn blive undervist om Limfjorden.<\/p>\n<p>Det fort\u00e6ller Karsten Mark, SSP- og projektmedarbejder ved Mors\u00f8 Ungdomsskole, der er i fuld gang med forarbejdet til projektet, der l\u00f8ber frem til 2026.<\/p>\n<p>&#8220;Vi er slet ikke der, hvor eleverne skal undervises. Det handler f\u00f8rst om at kompetencel\u00f8fte hele l\u00e6rerstanden og p\u00e6dagogstanden p\u00e5 \u00f8en,&#8221; siger han.<\/p>\n<a class=\"dvrt-link\" onClick=\"cdmtrack_click(104779,jQuery(this));return false\" href=\"https:\/\/morsoe-begravelsesforretning.dk\/\"><img decoding=\"async\" style=\"width:100%;\" src=\"https:\/\/kunmedierne.dk\/mors\/wp-content\/uploads\/2023\/11\/251215-morsoe-begravelsesforretning.jpg\"><\/a><script>cdmtrack_view(104779);<\/script>\n<p>Karsten Mark fungerer som daglig projektleder af Ophav Limfjorden. Og han fort\u00e6ller, at de konkrete planer lige nu er, at man i dagene op til den kommende sommerferie uddanner 20 l\u00e6rere og p\u00e6dagoger fra skoler og b\u00f8rnehuse i kommunalt regi. De bliver til s\u00e5kaldte &#8216;fjordrangers&#8217;, og vil f\u00e5 en rolle som st\u00f8tte til uddannelsen af resten af personalet p\u00e5 deres skole eller institution.<\/p>\n<p>N\u00e6ste skridt er s\u00e5 at tage fat p\u00e5 uddannelsen af de \u00f8vrige.<\/p>\n<p>&#8220;Alle l\u00e6rere og p\u00e6dagoger i Mors\u00f8 Kommune f\u00e5r en halv dag, hvor de kommer ud og f\u00e5r et praktisk kompetencel\u00f8ft. Hvordan underviser man i Limfjorden? Hvordan g\u00f8r man rent praktisk?&#8221; siger Karsten Mark.<\/p>\n<p>&nbsp;<\/p>\n<p><b>L\u00e6gger skinnerne under k\u00f8rsel<\/b><\/p>\n<p>Han vurderer, at man med lidt god vilje, hvis alt g\u00e5r op i en h\u00f8jere enhed, vi begynde undervisningsforl\u00f8b af b\u00f8rn i for\u00e5ret 2023. At de m\u00e5 vente s\u00e5 l\u00e6nge, handler ogs\u00e5 om, at undervisningen skal bygges op fra bunden.<\/p>\n<p>&#8220;Vi skal skabe al den uddannelse. Det er jo ikke bare en, vi har nede i skuffen. S\u00e5 den sidder vi og arbejder p\u00e5 h\u00f8jtryk med lige nu,&#8221; siger Karsten Mark.<\/p>\n<a class=\"dvrt-link\" onClick=\"cdmtrack_click(114591,jQuery(this));return false\" href=\"https:\/\/www.facebook.com\/kopogkandemors\"><img decoding=\"async\" style=\"width:100%;\" src=\"https:\/\/kunmedierne.dk\/mors\/wp-content\/uploads\/2024\/03\/kop-og-kande-ja-tak-tilbud.jpg\"><\/a><script>cdmtrack_view(114591);<\/script>\n<p>Udover Mors\u00f8 Ungdomsskole er ogs\u00e5 Dansk Skaldyrcenter og Via University College en del af projektet. Men hvordan det i sidste ende kommer til at se ud, er i virkeligheden for tidligt at sige, for det kan \u00e6ndre sig l\u00f8bende.<\/p>\n<p>&#8220;Vi udvikler undervejs. Vi l\u00e6gger nogle af skinnerne, mens vi k\u00f8rer, for det er jo det, man g\u00f8r, n\u00e5r man udvikler sig undervejs. Vi laver noget og finder ud af, hvad der virker, og det, der s\u00e5 ikke virker s\u00e5 godt, laver vi om,&#8221; siger Karsten Mark.<\/p>\n<p>&nbsp;<\/p>\n<p><b>Virker m\u00e5ske lidt tr\u00e6gt<\/b><\/p>\n<p>I l\u00f8bet af de kommende \u00e5r vil i omegnen af 15-20 undervisningsforl\u00f8b fra b\u00f8rnehaveklasse til og med udskolingen blive strikket sammen. Sidel\u00f8bende skal man udvikle en skoletjeneste, som skoler over hele landet kan nyde godt af. Det indeb\u00e6rer blandt andet en digital l\u00e6ringsplatform, og m\u00e5let er ogs\u00e5, at Mors og Limfjorden skal v\u00e6re lejrskoledestination for skoler over hele landet.<\/p>\n<a class=\"dvrt-link\" onClick=\"cdmtrack_click(104780,jQuery(this));return false\" href=\"https:\/\/www.spard.dk\/\"><img decoding=\"async\" style=\"width:100%;\" src=\"https:\/\/kunmedierne.dk\/mors\/wp-content\/uploads\/2023\/12\/sparekassen-dk-maj25.gif\"><\/a><script>cdmtrack_view(104780);<\/script>\n<p>S\u00e5 at Ophav Limfjorden ikke f\u00f8rer til undervisning, f\u00f8r projektet er halvandet \u00e5r gammelt, er ikke s\u00e5 m\u00e6rkeligt, siger Karsten Mark.<\/p>\n<p>&#8220;I starten virker det m\u00e5ske lidt tr\u00e6gt, men det er simpelthen, fordi der er s\u00e5 mange ting omkring det. Man skal v\u00e6re enige om designet p\u00e5 l\u00e6ringsportalen. Man skal have nogle tilkendegivelser fra samarbejdspartnere. Og man skal have udviklet undervisning til l\u00e6rere og p\u00e6dagoger. Og s\u00e5 skal man ogs\u00e5 lave undervisning til eleverne. S\u00e5 det er ogs\u00e5 et sp\u00f8rgsm\u00e5l om at f\u00e5 det systematiseret og komme ud over rampen,&#8221; siger han og g\u00f8r en optimistisk status:<\/p>\n<p>&#8220;Det g\u00e5r rigtig godt, lige nu k\u00f8rer det p\u00e5 skinner. Der synes ikke at v\u00e6re meget, der ligger i vejen for os.&#8221;<\/p>\n<h5>L\u00c6S OGS\u00c5: <a href=\"https:\/\/kunmedierne.dk\/mors\/vi-kommer-virkelig-op-i-superligaen\/\">&#8216;Vi kommer virkelig op i Superligaen!&#8217;<\/a><\/h5>\n<h5>L\u00c6S OGS\u00c5: <a href=\"https:\/\/kunmedierne.dk\/mors\/tidlig-milliongave-til-boern-og-unge-paa-mors-limfjorden-kommer-paa-skoleskemaet\/\">Tidlig milliongave til b\u00f8rn og unge p\u00e5 Mors: Limfjorden kommer p\u00e5 skoleskemaet<\/a><\/h5>\n","protected":false},"excerpt":{"rendered":"<p>MORS: Det har v\u00e6ret i gang siden januar, men tidligst om et \u00e5r bliver \u00f8ens b\u00f8rn en aktiv del af det. S\u00e5dan er status for Ophav Limfjorden, det n\u00e6sten 10 millioner kroner store projekt, som p\u00e5 seneste m\u00f8de i kommunalbestyrelsen vakte jubel hos lokale politikere. De gl\u00e6der sig til at se projektet udvikle sig frem [&hellip;]<\/p>\n","protected":false},"author":8,"featured_media":68705,"comment_status":"open","ping_status":"open","sticky":false,"template":"","format":"standard","meta":{"_acf_changed":false,"footnotes":""},"categories":[51],"tags":[170],"class_list":["post-68701","post","type-post","status-publish","format-standard","has-post-thumbnail","hentry","category-lokalt","tag-uddannelse"],"acf":[],"yoast_head":"<!-- This site is optimized with the Yoast SEO plugin v26.8 - https:\/\/yoast.com\/product\/yoast-seo-wordpress\/ -->\n<title>F\u00f8rst om et \u00e5r f\u00e5r \u00f8ens b\u00f8rn undervisning i Limfjorden - Mors<\/title>\n<meta name=\"robots\" content=\"index, follow, max-snippet:-1, max-image-preview:large, max-video-preview:-1\" \/>\n<link rel=\"canonical\" href=\"https:\/\/kunmedierne.dk\/mors\/foerst-om-et-aar-faar-oeens-boern-undervisning-i-limfjorden\/\" \/>\n<meta property=\"og:locale\" content=\"da_DK\" \/>\n<meta property=\"og:type\" content=\"article\" \/>\n<meta property=\"og:title\" content=\"F\u00f8rst om et \u00e5r f\u00e5r \u00f8ens b\u00f8rn undervisning i Limfjorden - Mors\" \/>\n<meta property=\"og:description\" content=\"MORS: Det har v\u00e6ret i gang siden januar, men tidligst om et \u00e5r bliver \u00f8ens b\u00f8rn en aktiv del af det. S\u00e5dan er status for Ophav Limfjorden, det n\u00e6sten 10 millioner kroner store projekt, som p\u00e5 seneste m\u00f8de i kommunalbestyrelsen vakte jubel hos lokale politikere. De gl\u00e6der sig til at se projektet udvikle sig frem [&hellip;]\" \/>\n<meta property=\"og:url\" content=\"https:\/\/kunmedierne.dk\/mors\/foerst-om-et-aar-faar-oeens-boern-undervisning-i-limfjorden\/\" \/>\n<meta property=\"og:site_name\" content=\"Mors\" \/>\n<meta property=\"article:published_time\" content=\"2022-05-03T18:17:25+00:00\" \/>\n<meta property=\"article:modified_time\" content=\"2024-08-12T11:34:16+00:00\" \/>\n<meta property=\"og:image\" content=\"https:\/\/kunmedierne.dk\/mors\/wp-content\/uploads\/2022\/05\/2020-02-21_Oerodde.jpg\" \/>\n\t<meta property=\"og:image:width\" content=\"770\" \/>\n\t<meta property=\"og:image:height\" content=\"513\" \/>\n\t<meta property=\"og:image:type\" content=\"image\/jpeg\" \/>\n<meta name=\"author\" content=\"David H\u00f8jmark\" \/>\n<meta name=\"twitter:card\" content=\"summary_large_image\" \/>\n<meta name=\"twitter:label1\" content=\"Skrevet af\" \/>\n\t<meta name=\"twitter:data1\" content=\"David H\u00f8jmark\" \/>\n\t<meta name=\"twitter:label2\" content=\"Estimeret l\u00e6setid\" \/>\n\t<meta name=\"twitter:data2\" content=\"4 minutter\" \/>\n<script type=\"application\/ld+json\" class=\"yoast-schema-graph\">{\"@context\":\"https:\/\/schema.org\",\"@graph\":[{\"@type\":\"Article\",\"@id\":\"https:\/\/kunmedierne.dk\/mors\/foerst-om-et-aar-faar-oeens-boern-undervisning-i-limfjorden\/#article\",\"isPartOf\":{\"@id\":\"https:\/\/kunmedierne.dk\/mors\/foerst-om-et-aar-faar-oeens-boern-undervisning-i-limfjorden\/\"},\"author\":{\"name\":\"David H\u00f8jmark\",\"@id\":\"https:\/\/kunmedierne.dk\/mors\/#\/schema\/person\/5fe23251bf1d0abbcdc6f7896579d548\"},\"headline\":\"F\u00f8rst om et \u00e5r f\u00e5r \u00f8ens b\u00f8rn undervisning i Limfjorden\",\"datePublished\":\"2022-05-03T18:17:25+00:00\",\"dateModified\":\"2024-08-12T11:34:16+00:00\",\"mainEntityOfPage\":{\"@id\":\"https:\/\/kunmedierne.dk\/mors\/foerst-om-et-aar-faar-oeens-boern-undervisning-i-limfjorden\/\"},\"wordCount\":684,\"commentCount\":0,\"publisher\":{\"@id\":\"https:\/\/kunmedierne.dk\/mors\/#organization\"},\"image\":{\"@id\":\"https:\/\/kunmedierne.dk\/mors\/foerst-om-et-aar-faar-oeens-boern-undervisning-i-limfjorden\/#primaryimage\"},\"thumbnailUrl\":\"https:\/\/kunmedierne.dk\/mors\/wp-content\/uploads\/2022\/05\/2020-02-21_Oerodde.jpg\",\"keywords\":[\"Skoler og uddannelse\"],\"articleSection\":[\"Lokalt\"],\"inLanguage\":\"da-DK\",\"potentialAction\":[{\"@type\":\"CommentAction\",\"name\":\"Comment\",\"target\":[\"https:\/\/kunmedierne.dk\/mors\/foerst-om-et-aar-faar-oeens-boern-undervisning-i-limfjorden\/#respond\"]}]},{\"@type\":\"WebPage\",\"@id\":\"https:\/\/kunmedierne.dk\/mors\/foerst-om-et-aar-faar-oeens-boern-undervisning-i-limfjorden\/\",\"url\":\"https:\/\/kunmedierne.dk\/mors\/foerst-om-et-aar-faar-oeens-boern-undervisning-i-limfjorden\/\",\"name\":\"F\u00f8rst om et \u00e5r f\u00e5r \u00f8ens b\u00f8rn undervisning i Limfjorden - Mors\",\"isPartOf\":{\"@id\":\"https:\/\/kunmedierne.dk\/mors\/#website\"},\"primaryImageOfPage\":{\"@id\":\"https:\/\/kunmedierne.dk\/mors\/foerst-om-et-aar-faar-oeens-boern-undervisning-i-limfjorden\/#primaryimage\"},\"image\":{\"@id\":\"https:\/\/kunmedierne.dk\/mors\/foerst-om-et-aar-faar-oeens-boern-undervisning-i-limfjorden\/#primaryimage\"},\"thumbnailUrl\":\"https:\/\/kunmedierne.dk\/mors\/wp-content\/uploads\/2022\/05\/2020-02-21_Oerodde.jpg\",\"datePublished\":\"2022-05-03T18:17:25+00:00\",\"dateModified\":\"2024-08-12T11:34:16+00:00\",\"breadcrumb\":{\"@id\":\"https:\/\/kunmedierne.dk\/mors\/foerst-om-et-aar-faar-oeens-boern-undervisning-i-limfjorden\/#breadcrumb\"},\"inLanguage\":\"da-DK\",\"potentialAction\":[{\"@type\":\"ReadAction\",\"target\":[\"https:\/\/kunmedierne.dk\/mors\/foerst-om-et-aar-faar-oeens-boern-undervisning-i-limfjorden\/\"]}]},{\"@type\":\"ImageObject\",\"inLanguage\":\"da-DK\",\"@id\":\"https:\/\/kunmedierne.dk\/mors\/foerst-om-et-aar-faar-oeens-boern-undervisning-i-limfjorden\/#primaryimage\",\"url\":\"https:\/\/kunmedierne.dk\/mors\/wp-content\/uploads\/2022\/05\/2020-02-21_Oerodde.jpg\",\"contentUrl\":\"https:\/\/kunmedierne.dk\/mors\/wp-content\/uploads\/2022\/05\/2020-02-21_Oerodde.jpg\",\"width\":770,\"height\":513,\"caption\":\"Der er meget at l\u00e6re om Limfjorden, der som bekendt ogs\u00e5 giver besk\u00e6ftigelse p\u00e5 grund af m\u00e6ngden af muslinger. Foto: Frans Kappel \u00d8vre.\"},{\"@type\":\"BreadcrumbList\",\"@id\":\"https:\/\/kunmedierne.dk\/mors\/foerst-om-et-aar-faar-oeens-boern-undervisning-i-limfjorden\/#breadcrumb\",\"itemListElement\":[{\"@type\":\"ListItem\",\"position\":1,\"name\":\"Hjem\",\"item\":\"https:\/\/kunmedierne.dk\/mors\/\"},{\"@type\":\"ListItem\",\"position\":2,\"name\":\"F\u00f8rst om et \u00e5r f\u00e5r \u00f8ens b\u00f8rn undervisning i Limfjorden\"}]},{\"@type\":\"WebSite\",\"@id\":\"https:\/\/kunmedierne.dk\/mors\/#website\",\"url\":\"https:\/\/kunmedierne.dk\/mors\/\",\"name\":\"Mors\",\"description\":\"et netmedie med journalistik om livet p\u00e5 Mors\",\"publisher\":{\"@id\":\"https:\/\/kunmedierne.dk\/mors\/#organization\"},\"potentialAction\":[{\"@type\":\"SearchAction\",\"target\":{\"@type\":\"EntryPoint\",\"urlTemplate\":\"https:\/\/kunmedierne.dk\/mors\/?s={search_term_string}\"},\"query-input\":{\"@type\":\"PropertyValueSpecification\",\"valueRequired\":true,\"valueName\":\"search_term_string\"}}],\"inLanguage\":\"da-DK\"},{\"@type\":\"Organization\",\"@id\":\"https:\/\/kunmedierne.dk\/mors\/#organization\",\"name\":\"Mors\",\"url\":\"https:\/\/kunmedierne.dk\/mors\/\",\"logo\":{\"@type\":\"ImageObject\",\"inLanguage\":\"da-DK\",\"@id\":\"https:\/\/kunmedierne.dk\/mors\/#\/schema\/logo\/image\/\",\"url\":\"https:\/\/kunmedierne.dk\/mors\/wp-content\/uploads\/2024\/08\/kunmors-logo.svg\",\"contentUrl\":\"https:\/\/kunmedierne.dk\/mors\/wp-content\/uploads\/2024\/08\/kunmors-logo.svg\",\"caption\":\"Mors\"},\"image\":{\"@id\":\"https:\/\/kunmedierne.dk\/mors\/#\/schema\/logo\/image\/\"}},{\"@type\":\"Person\",\"@id\":\"https:\/\/kunmedierne.dk\/mors\/#\/schema\/person\/5fe23251bf1d0abbcdc6f7896579d548\",\"name\":\"David H\u00f8jmark\",\"image\":{\"@type\":\"ImageObject\",\"inLanguage\":\"da-DK\",\"@id\":\"https:\/\/kunmedierne.dk\/mors\/#\/schema\/person\/image\/\",\"url\":\"https:\/\/secure.gravatar.com\/avatar\/4315d6fb9ef244d729989f5f90268eb08d5bf8a3d84402f595fa194bb35784fd?s=96&d=mm&r=g\",\"contentUrl\":\"https:\/\/secure.gravatar.com\/avatar\/4315d6fb9ef244d729989f5f90268eb08d5bf8a3d84402f595fa194bb35784fd?s=96&d=mm&r=g\",\"caption\":\"David H\u00f8jmark\"},\"sameAs\":[\"https:\/\/www.kunmedierne.dk\"],\"url\":\"https:\/\/kunmedierne.dk\/mors\/author\/david\/\"}]}<\/script>\n<!-- \/ Yoast SEO plugin. -->","yoast_head_json":{"title":"F\u00f8rst om et \u00e5r f\u00e5r \u00f8ens b\u00f8rn undervisning i Limfjorden - Mors","robots":{"index":"index","follow":"follow","max-snippet":"max-snippet:-1","max-image-preview":"max-image-preview:large","max-video-preview":"max-video-preview:-1"},"canonical":"https:\/\/kunmedierne.dk\/mors\/foerst-om-et-aar-faar-oeens-boern-undervisning-i-limfjorden\/","og_locale":"da_DK","og_type":"article","og_title":"F\u00f8rst om et \u00e5r f\u00e5r \u00f8ens b\u00f8rn undervisning i Limfjorden - Mors","og_description":"MORS: Det har v\u00e6ret i gang siden januar, men tidligst om et \u00e5r bliver \u00f8ens b\u00f8rn en aktiv del af det. S\u00e5dan er status for Ophav Limfjorden, det n\u00e6sten 10 millioner kroner store projekt, som p\u00e5 seneste m\u00f8de i kommunalbestyrelsen vakte jubel hos lokale politikere. De gl\u00e6der sig til at se projektet udvikle sig frem [&hellip;]","og_url":"https:\/\/kunmedierne.dk\/mors\/foerst-om-et-aar-faar-oeens-boern-undervisning-i-limfjorden\/","og_site_name":"Mors","article_published_time":"2022-05-03T18:17:25+00:00","article_modified_time":"2024-08-12T11:34:16+00:00","og_image":[{"width":770,"height":513,"url":"https:\/\/kunmedierne.dk\/mors\/wp-content\/uploads\/2022\/05\/2020-02-21_Oerodde.jpg","type":"image\/jpeg"}],"author":"David H\u00f8jmark","twitter_card":"summary_large_image","twitter_misc":{"Skrevet af":"David H\u00f8jmark","Estimeret l\u00e6setid":"4 minutter"},"schema":{"@context":"https:\/\/schema.org","@graph":[{"@type":"Article","@id":"https:\/\/kunmedierne.dk\/mors\/foerst-om-et-aar-faar-oeens-boern-undervisning-i-limfjorden\/#article","isPartOf":{"@id":"https:\/\/kunmedierne.dk\/mors\/foerst-om-et-aar-faar-oeens-boern-undervisning-i-limfjorden\/"},"author":{"name":"David H\u00f8jmark","@id":"https:\/\/kunmedierne.dk\/mors\/#\/schema\/person\/5fe23251bf1d0abbcdc6f7896579d548"},"headline":"F\u00f8rst om et \u00e5r f\u00e5r \u00f8ens b\u00f8rn undervisning i Limfjorden","datePublished":"2022-05-03T18:17:25+00:00","dateModified":"2024-08-12T11:34:16+00:00","mainEntityOfPage":{"@id":"https:\/\/kunmedierne.dk\/mors\/foerst-om-et-aar-faar-oeens-boern-undervisning-i-limfjorden\/"},"wordCount":684,"commentCount":0,"publisher":{"@id":"https:\/\/kunmedierne.dk\/mors\/#organization"},"image":{"@id":"https:\/\/kunmedierne.dk\/mors\/foerst-om-et-aar-faar-oeens-boern-undervisning-i-limfjorden\/#primaryimage"},"thumbnailUrl":"https:\/\/kunmedierne.dk\/mors\/wp-content\/uploads\/2022\/05\/2020-02-21_Oerodde.jpg","keywords":["Skoler og uddannelse"],"articleSection":["Lokalt"],"inLanguage":"da-DK","potentialAction":[{"@type":"CommentAction","name":"Comment","target":["https:\/\/kunmedierne.dk\/mors\/foerst-om-et-aar-faar-oeens-boern-undervisning-i-limfjorden\/#respond"]}]},{"@type":"WebPage","@id":"https:\/\/kunmedierne.dk\/mors\/foerst-om-et-aar-faar-oeens-boern-undervisning-i-limfjorden\/","url":"https:\/\/kunmedierne.dk\/mors\/foerst-om-et-aar-faar-oeens-boern-undervisning-i-limfjorden\/","name":"F\u00f8rst om et \u00e5r f\u00e5r \u00f8ens b\u00f8rn undervisning i Limfjorden - Mors","isPartOf":{"@id":"https:\/\/kunmedierne.dk\/mors\/#website"},"primaryImageOfPage":{"@id":"https:\/\/kunmedierne.dk\/mors\/foerst-om-et-aar-faar-oeens-boern-undervisning-i-limfjorden\/#primaryimage"},"image":{"@id":"https:\/\/kunmedierne.dk\/mors\/foerst-om-et-aar-faar-oeens-boern-undervisning-i-limfjorden\/#primaryimage"},"thumbnailUrl":"https:\/\/kunmedierne.dk\/mors\/wp-content\/uploads\/2022\/05\/2020-02-21_Oerodde.jpg","datePublished":"2022-05-03T18:17:25+00:00","dateModified":"2024-08-12T11:34:16+00:00","breadcrumb":{"@id":"https:\/\/kunmedierne.dk\/mors\/foerst-om-et-aar-faar-oeens-boern-undervisning-i-limfjorden\/#breadcrumb"},"inLanguage":"da-DK","potentialAction":[{"@type":"ReadAction","target":["https:\/\/kunmedierne.dk\/mors\/foerst-om-et-aar-faar-oeens-boern-undervisning-i-limfjorden\/"]}]},{"@type":"ImageObject","inLanguage":"da-DK","@id":"https:\/\/kunmedierne.dk\/mors\/foerst-om-et-aar-faar-oeens-boern-undervisning-i-limfjorden\/#primaryimage","url":"https:\/\/kunmedierne.dk\/mors\/wp-content\/uploads\/2022\/05\/2020-02-21_Oerodde.jpg","contentUrl":"https:\/\/kunmedierne.dk\/mors\/wp-content\/uploads\/2022\/05\/2020-02-21_Oerodde.jpg","width":770,"height":513,"caption":"Der er meget at l\u00e6re om Limfjorden, der som bekendt ogs\u00e5 giver besk\u00e6ftigelse p\u00e5 grund af m\u00e6ngden af muslinger. Foto: Frans Kappel \u00d8vre."},{"@type":"BreadcrumbList","@id":"https:\/\/kunmedierne.dk\/mors\/foerst-om-et-aar-faar-oeens-boern-undervisning-i-limfjorden\/#breadcrumb","itemListElement":[{"@type":"ListItem","position":1,"name":"Hjem","item":"https:\/\/kunmedierne.dk\/mors\/"},{"@type":"ListItem","position":2,"name":"F\u00f8rst om et \u00e5r f\u00e5r \u00f8ens b\u00f8rn undervisning i Limfjorden"}]},{"@type":"WebSite","@id":"https:\/\/kunmedierne.dk\/mors\/#website","url":"https:\/\/kunmedierne.dk\/mors\/","name":"Mors","description":"et netmedie med journalistik om livet p\u00e5 Mors","publisher":{"@id":"https:\/\/kunmedierne.dk\/mors\/#organization"},"potentialAction":[{"@type":"SearchAction","target":{"@type":"EntryPoint","urlTemplate":"https:\/\/kunmedierne.dk\/mors\/?s={search_term_string}"},"query-input":{"@type":"PropertyValueSpecification","valueRequired":true,"valueName":"search_term_string"}}],"inLanguage":"da-DK"},{"@type":"Organization","@id":"https:\/\/kunmedierne.dk\/mors\/#organization","name":"Mors","url":"https:\/\/kunmedierne.dk\/mors\/","logo":{"@type":"ImageObject","inLanguage":"da-DK","@id":"https:\/\/kunmedierne.dk\/mors\/#\/schema\/logo\/image\/","url":"https:\/\/kunmedierne.dk\/mors\/wp-content\/uploads\/2024\/08\/kunmors-logo.svg","contentUrl":"https:\/\/kunmedierne.dk\/mors\/wp-content\/uploads\/2024\/08\/kunmors-logo.svg","caption":"Mors"},"image":{"@id":"https:\/\/kunmedierne.dk\/mors\/#\/schema\/logo\/image\/"}},{"@type":"Person","@id":"https:\/\/kunmedierne.dk\/mors\/#\/schema\/person\/5fe23251bf1d0abbcdc6f7896579d548","name":"David H\u00f8jmark","image":{"@type":"ImageObject","inLanguage":"da-DK","@id":"https:\/\/kunmedierne.dk\/mors\/#\/schema\/person\/image\/","url":"https:\/\/secure.gravatar.com\/avatar\/4315d6fb9ef244d729989f5f90268eb08d5bf8a3d84402f595fa194bb35784fd?s=96&d=mm&r=g","contentUrl":"https:\/\/secure.gravatar.com\/avatar\/4315d6fb9ef244d729989f5f90268eb08d5bf8a3d84402f595fa194bb35784fd?s=96&d=mm&r=g","caption":"David H\u00f8jmark"},"sameAs":["https:\/\/www.kunmedierne.dk"],"url":"https:\/\/kunmedierne.dk\/mors\/author\/david\/"}]}},"_links":{"self":[{"href":"https:\/\/kunmedierne.dk\/mors\/wp-json\/wp\/v2\/posts\/68701","targetHints":{"allow":["GET"]}}],"collection":[{"href":"https:\/\/kunmedierne.dk\/mors\/wp-json\/wp\/v2\/posts"}],"about":[{"href":"https:\/\/kunmedierne.dk\/mors\/wp-json\/wp\/v2\/types\/post"}],"author":[{"embeddable":true,"href":"https:\/\/kunmedierne.dk\/mors\/wp-json\/wp\/v2\/users\/8"}],"replies":[{"embeddable":true,"href":"https:\/\/kunmedierne.dk\/mors\/wp-json\/wp\/v2\/comments?post=68701"}],"version-history":[{"count":4,"href":"https:\/\/kunmedierne.dk\/mors\/wp-json\/wp\/v2\/posts\/68701\/revisions"}],"predecessor-version":[{"id":71793,"href":"https:\/\/kunmedierne.dk\/mors\/wp-json\/wp\/v2\/posts\/68701\/revisions\/71793"}],"wp:featuredmedia":[{"embeddable":true,"href":"https:\/\/kunmedierne.dk\/mors\/wp-json\/wp\/v2\/media\/68705"}],"wp:attachment":[{"href":"https:\/\/kunmedierne.dk\/mors\/wp-json\/wp\/v2\/media?parent=68701"}],"wp:term":[{"taxonomy":"category","embeddable":true,"href":"https:\/\/kunmedierne.dk\/mors\/wp-json\/wp\/v2\/categories?post=68701"},{"taxonomy":"post_tag","embeddable":true,"href":"https:\/\/kunmedierne.dk\/mors\/wp-json\/wp\/v2\/tags?post=68701"}],"curies":[{"name":"wp","href":"https:\/\/api.w.org\/{rel}","templated":true}]}}