{"id":6868,"date":"2020-02-10T12:46:12","date_gmt":"2020-02-10T11:46:12","guid":{"rendered":"https:\/\/kunmedierne.dk\/mors\/?p=6868"},"modified":"2024-08-12T14:07:40","modified_gmt":"2024-08-12T12:07:40","slug":"mors-mangler-plejefamilier","status":"publish","type":"post","link":"https:\/\/kunmedierne.dk\/mors\/mors-mangler-plejefamilier\/","title":{"rendered":"Mors mangler plejefamilier"},"content":{"rendered":"<p><strong>MORS<\/strong>: Der mangler pleje- og aflastningsfamilier i Mors\u00f8 Kommune, som kan v\u00e6re med til at g\u00f8re en stor forskel for et barn, som tr\u00e6nger til omsorg, tryghed og stabilitet i tilv\u00e6relsen. Derfor inviterer kommunen til fyraftensm\u00f8de 5. marts, hvor man kan h\u00f8re mere opgaven, som kommunen beskriver som en, der kr\u00e6ver overskud, fordi det ofte er et stort arbejde at hj\u00e6lpe et barn p\u00e5 rette kurs i livet.<\/p>\n<p>&#8220;Hvert \u00e5r er der b\u00f8rn, som f\u00e5r et nyt hjem i Mors\u00f8 Kommune. Lige nu er der lokale b\u00f8rn, som venter p\u00e5 at f\u00e5 en godkendt plejefamilie. Der mangler familier p\u00e5 Mors, der har lyst, tid og overskud til at g\u00f8re en forskel for b\u00f8rn og unge. Interesserede skal kunne tilbyde et barn en opv\u00e6kst i et milj\u00f8 med trivsel, udvikling samt n\u00e6re og stabile voksenrelationer,&#8221; lyder det i en pressemeddelelse fra Mors\u00f8 Kommune.<\/p>\n<p>Den forts\u00e6tter, at der er god hj\u00e6lp at hente for familier p\u00e5 Mors, der p\u00e5tager sig den vigtige opgave at v\u00e6re pleje- eller aflastningsfamilie.<\/p>\n<p>&#8220;Center for B\u00f8rn og Familier i Mors\u00f8 Kommune st\u00e5r klar til at vejlede og r\u00e5dgive lige fra den f\u00f8rste dag. Familierne f\u00e5r den hj\u00e6lp, de har brug for, s\u00e5 de kan sikre barnets trivsel og udvikling. Kommunen prioriterer et t\u00e6t samarbejde mellem en pleje- eller aflastningsfamilie og kommunens Familieplejekonsulent,&#8221; lyder meddelelsen.<\/p>\n","protected":false},"excerpt":{"rendered":"<p>MORS: Der mangler pleje- og aflastningsfamilier i Mors\u00f8 Kommune, som kan v\u00e6re med til at g\u00f8re en stor forskel for et barn, som tr\u00e6nger til omsorg, tryghed og stabilitet i tilv\u00e6relsen. Derfor inviterer kommunen til fyraftensm\u00f8de 5. marts, hvor man kan h\u00f8re mere opgaven, som kommunen beskriver som en, der kr\u00e6ver overskud, fordi det ofte [&hellip;]<\/p>\n","protected":false},"author":8,"featured_media":6869,"comment_status":"open","ping_status":"open","sticky":false,"template":"","format":"standard","meta":{"_acf_changed":false,"footnotes":""},"categories":[51],"tags":[],"class_list":["post-6868","post","type-post","status-publish","format-standard","has-post-thumbnail","hentry","category-lokalt"],"acf":[],"yoast_head":"<!-- This site is optimized with the Yoast SEO plugin v26.8 - https:\/\/yoast.com\/product\/yoast-seo-wordpress\/ -->\n<title>Mors mangler plejefamilier - Mors<\/title>\n<meta name=\"robots\" content=\"index, follow, max-snippet:-1, max-image-preview:large, max-video-preview:-1\" \/>\n<link rel=\"canonical\" href=\"https:\/\/kunmedierne.dk\/mors\/mors-mangler-plejefamilier\/\" \/>\n<meta property=\"og:locale\" content=\"da_DK\" \/>\n<meta property=\"og:type\" content=\"article\" \/>\n<meta property=\"og:title\" content=\"Mors mangler plejefamilier - Mors\" \/>\n<meta property=\"og:description\" content=\"MORS: Der mangler pleje- og aflastningsfamilier i Mors\u00f8 Kommune, som kan v\u00e6re med til at g\u00f8re en stor forskel for et barn, som tr\u00e6nger til omsorg, tryghed og stabilitet i tilv\u00e6relsen. Derfor inviterer kommunen til fyraftensm\u00f8de 5. marts, hvor man kan h\u00f8re mere opgaven, som kommunen beskriver som en, der kr\u00e6ver overskud, fordi det ofte [&hellip;]\" \/>\n<meta property=\"og:url\" content=\"https:\/\/kunmedierne.dk\/mors\/mors-mangler-plejefamilier\/\" \/>\n<meta property=\"og:site_name\" content=\"Mors\" \/>\n<meta property=\"article:published_time\" content=\"2020-02-10T11:46:12+00:00\" \/>\n<meta property=\"article:modified_time\" content=\"2024-08-12T12:07:40+00:00\" \/>\n<meta property=\"og:image\" content=\"https:\/\/kunmedierne.dk\/mors\/wp-content\/uploads\/2020\/02\/200210-plejefamilier.jpg\" \/>\n\t<meta property=\"og:image:width\" content=\"770\" \/>\n\t<meta property=\"og:image:height\" content=\"513\" \/>\n\t<meta property=\"og:image:type\" content=\"image\/jpeg\" \/>\n<meta name=\"author\" content=\"David H\u00f8jmark\" \/>\n<meta name=\"twitter:card\" content=\"summary_large_image\" \/>\n<meta name=\"twitter:label1\" content=\"Skrevet af\" \/>\n\t<meta name=\"twitter:data1\" content=\"David H\u00f8jmark\" \/>\n\t<meta name=\"twitter:label2\" content=\"Estimeret l\u00e6setid\" \/>\n\t<meta name=\"twitter:data2\" content=\"1 minut\" \/>\n<script type=\"application\/ld+json\" class=\"yoast-schema-graph\">{\"@context\":\"https:\/\/schema.org\",\"@graph\":[{\"@type\":\"Article\",\"@id\":\"https:\/\/kunmedierne.dk\/mors\/mors-mangler-plejefamilier\/#article\",\"isPartOf\":{\"@id\":\"https:\/\/kunmedierne.dk\/mors\/mors-mangler-plejefamilier\/\"},\"author\":{\"name\":\"David H\u00f8jmark\",\"@id\":\"https:\/\/kunmedierne.dk\/mors\/#\/schema\/person\/5fe23251bf1d0abbcdc6f7896579d548\"},\"headline\":\"Mors mangler plejefamilier\",\"datePublished\":\"2020-02-10T11:46:12+00:00\",\"dateModified\":\"2024-08-12T12:07:40+00:00\",\"mainEntityOfPage\":{\"@id\":\"https:\/\/kunmedierne.dk\/mors\/mors-mangler-plejefamilier\/\"},\"wordCount\":245,\"commentCount\":0,\"publisher\":{\"@id\":\"https:\/\/kunmedierne.dk\/mors\/#organization\"},\"image\":{\"@id\":\"https:\/\/kunmedierne.dk\/mors\/mors-mangler-plejefamilier\/#primaryimage\"},\"thumbnailUrl\":\"https:\/\/kunmedierne.dk\/mors\/wp-content\/uploads\/2020\/02\/200210-plejefamilier.jpg\",\"articleSection\":[\"Lokalt\"],\"inLanguage\":\"da-DK\",\"potentialAction\":[{\"@type\":\"CommentAction\",\"name\":\"Comment\",\"target\":[\"https:\/\/kunmedierne.dk\/mors\/mors-mangler-plejefamilier\/#respond\"]}]},{\"@type\":\"WebPage\",\"@id\":\"https:\/\/kunmedierne.dk\/mors\/mors-mangler-plejefamilier\/\",\"url\":\"https:\/\/kunmedierne.dk\/mors\/mors-mangler-plejefamilier\/\",\"name\":\"Mors mangler plejefamilier - Mors\",\"isPartOf\":{\"@id\":\"https:\/\/kunmedierne.dk\/mors\/#website\"},\"primaryImageOfPage\":{\"@id\":\"https:\/\/kunmedierne.dk\/mors\/mors-mangler-plejefamilier\/#primaryimage\"},\"image\":{\"@id\":\"https:\/\/kunmedierne.dk\/mors\/mors-mangler-plejefamilier\/#primaryimage\"},\"thumbnailUrl\":\"https:\/\/kunmedierne.dk\/mors\/wp-content\/uploads\/2020\/02\/200210-plejefamilier.jpg\",\"datePublished\":\"2020-02-10T11:46:12+00:00\",\"dateModified\":\"2024-08-12T12:07:40+00:00\",\"breadcrumb\":{\"@id\":\"https:\/\/kunmedierne.dk\/mors\/mors-mangler-plejefamilier\/#breadcrumb\"},\"inLanguage\":\"da-DK\",\"potentialAction\":[{\"@type\":\"ReadAction\",\"target\":[\"https:\/\/kunmedierne.dk\/mors\/mors-mangler-plejefamilier\/\"]}]},{\"@type\":\"ImageObject\",\"inLanguage\":\"da-DK\",\"@id\":\"https:\/\/kunmedierne.dk\/mors\/mors-mangler-plejefamilier\/#primaryimage\",\"url\":\"https:\/\/kunmedierne.dk\/mors\/wp-content\/uploads\/2020\/02\/200210-plejefamilier.jpg\",\"contentUrl\":\"https:\/\/kunmedierne.dk\/mors\/wp-content\/uploads\/2020\/02\/200210-plejefamilier.jpg\",\"width\":770,\"height\":513,\"caption\":\"Modelfoto: Mors\u00f8 Kommune\"},{\"@type\":\"BreadcrumbList\",\"@id\":\"https:\/\/kunmedierne.dk\/mors\/mors-mangler-plejefamilier\/#breadcrumb\",\"itemListElement\":[{\"@type\":\"ListItem\",\"position\":1,\"name\":\"Hjem\",\"item\":\"https:\/\/kunmedierne.dk\/mors\/\"},{\"@type\":\"ListItem\",\"position\":2,\"name\":\"Mors mangler plejefamilier\"}]},{\"@type\":\"WebSite\",\"@id\":\"https:\/\/kunmedierne.dk\/mors\/#website\",\"url\":\"https:\/\/kunmedierne.dk\/mors\/\",\"name\":\"Mors\",\"description\":\"et netmedie med journalistik om livet p\u00e5 Mors\",\"publisher\":{\"@id\":\"https:\/\/kunmedierne.dk\/mors\/#organization\"},\"potentialAction\":[{\"@type\":\"SearchAction\",\"target\":{\"@type\":\"EntryPoint\",\"urlTemplate\":\"https:\/\/kunmedierne.dk\/mors\/?s={search_term_string}\"},\"query-input\":{\"@type\":\"PropertyValueSpecification\",\"valueRequired\":true,\"valueName\":\"search_term_string\"}}],\"inLanguage\":\"da-DK\"},{\"@type\":\"Organization\",\"@id\":\"https:\/\/kunmedierne.dk\/mors\/#organization\",\"name\":\"Mors\",\"url\":\"https:\/\/kunmedierne.dk\/mors\/\",\"logo\":{\"@type\":\"ImageObject\",\"inLanguage\":\"da-DK\",\"@id\":\"https:\/\/kunmedierne.dk\/mors\/#\/schema\/logo\/image\/\",\"url\":\"https:\/\/kunmedierne.dk\/mors\/wp-content\/uploads\/2024\/08\/kunmors-logo.svg\",\"contentUrl\":\"https:\/\/kunmedierne.dk\/mors\/wp-content\/uploads\/2024\/08\/kunmors-logo.svg\",\"caption\":\"Mors\"},\"image\":{\"@id\":\"https:\/\/kunmedierne.dk\/mors\/#\/schema\/logo\/image\/\"}},{\"@type\":\"Person\",\"@id\":\"https:\/\/kunmedierne.dk\/mors\/#\/schema\/person\/5fe23251bf1d0abbcdc6f7896579d548\",\"name\":\"David H\u00f8jmark\",\"image\":{\"@type\":\"ImageObject\",\"inLanguage\":\"da-DK\",\"@id\":\"https:\/\/kunmedierne.dk\/mors\/#\/schema\/person\/image\/\",\"url\":\"https:\/\/secure.gravatar.com\/avatar\/4315d6fb9ef244d729989f5f90268eb08d5bf8a3d84402f595fa194bb35784fd?s=96&d=mm&r=g\",\"contentUrl\":\"https:\/\/secure.gravatar.com\/avatar\/4315d6fb9ef244d729989f5f90268eb08d5bf8a3d84402f595fa194bb35784fd?s=96&d=mm&r=g\",\"caption\":\"David H\u00f8jmark\"},\"sameAs\":[\"https:\/\/www.kunmedierne.dk\"],\"url\":\"https:\/\/kunmedierne.dk\/mors\/author\/david\/\"}]}<\/script>\n<!-- \/ Yoast SEO plugin. -->","yoast_head_json":{"title":"Mors mangler plejefamilier - Mors","robots":{"index":"index","follow":"follow","max-snippet":"max-snippet:-1","max-image-preview":"max-image-preview:large","max-video-preview":"max-video-preview:-1"},"canonical":"https:\/\/kunmedierne.dk\/mors\/mors-mangler-plejefamilier\/","og_locale":"da_DK","og_type":"article","og_title":"Mors mangler plejefamilier - Mors","og_description":"MORS: Der mangler pleje- og aflastningsfamilier i Mors\u00f8 Kommune, som kan v\u00e6re med til at g\u00f8re en stor forskel for et barn, som tr\u00e6nger til omsorg, tryghed og stabilitet i tilv\u00e6relsen. Derfor inviterer kommunen til fyraftensm\u00f8de 5. marts, hvor man kan h\u00f8re mere opgaven, som kommunen beskriver som en, der kr\u00e6ver overskud, fordi det ofte [&hellip;]","og_url":"https:\/\/kunmedierne.dk\/mors\/mors-mangler-plejefamilier\/","og_site_name":"Mors","article_published_time":"2020-02-10T11:46:12+00:00","article_modified_time":"2024-08-12T12:07:40+00:00","og_image":[{"width":770,"height":513,"url":"https:\/\/kunmedierne.dk\/mors\/wp-content\/uploads\/2020\/02\/200210-plejefamilier.jpg","type":"image\/jpeg"}],"author":"David H\u00f8jmark","twitter_card":"summary_large_image","twitter_misc":{"Skrevet af":"David H\u00f8jmark","Estimeret l\u00e6setid":"1 minut"},"schema":{"@context":"https:\/\/schema.org","@graph":[{"@type":"Article","@id":"https:\/\/kunmedierne.dk\/mors\/mors-mangler-plejefamilier\/#article","isPartOf":{"@id":"https:\/\/kunmedierne.dk\/mors\/mors-mangler-plejefamilier\/"},"author":{"name":"David H\u00f8jmark","@id":"https:\/\/kunmedierne.dk\/mors\/#\/schema\/person\/5fe23251bf1d0abbcdc6f7896579d548"},"headline":"Mors mangler plejefamilier","datePublished":"2020-02-10T11:46:12+00:00","dateModified":"2024-08-12T12:07:40+00:00","mainEntityOfPage":{"@id":"https:\/\/kunmedierne.dk\/mors\/mors-mangler-plejefamilier\/"},"wordCount":245,"commentCount":0,"publisher":{"@id":"https:\/\/kunmedierne.dk\/mors\/#organization"},"image":{"@id":"https:\/\/kunmedierne.dk\/mors\/mors-mangler-plejefamilier\/#primaryimage"},"thumbnailUrl":"https:\/\/kunmedierne.dk\/mors\/wp-content\/uploads\/2020\/02\/200210-plejefamilier.jpg","articleSection":["Lokalt"],"inLanguage":"da-DK","potentialAction":[{"@type":"CommentAction","name":"Comment","target":["https:\/\/kunmedierne.dk\/mors\/mors-mangler-plejefamilier\/#respond"]}]},{"@type":"WebPage","@id":"https:\/\/kunmedierne.dk\/mors\/mors-mangler-plejefamilier\/","url":"https:\/\/kunmedierne.dk\/mors\/mors-mangler-plejefamilier\/","name":"Mors mangler plejefamilier - Mors","isPartOf":{"@id":"https:\/\/kunmedierne.dk\/mors\/#website"},"primaryImageOfPage":{"@id":"https:\/\/kunmedierne.dk\/mors\/mors-mangler-plejefamilier\/#primaryimage"},"image":{"@id":"https:\/\/kunmedierne.dk\/mors\/mors-mangler-plejefamilier\/#primaryimage"},"thumbnailUrl":"https:\/\/kunmedierne.dk\/mors\/wp-content\/uploads\/2020\/02\/200210-plejefamilier.jpg","datePublished":"2020-02-10T11:46:12+00:00","dateModified":"2024-08-12T12:07:40+00:00","breadcrumb":{"@id":"https:\/\/kunmedierne.dk\/mors\/mors-mangler-plejefamilier\/#breadcrumb"},"inLanguage":"da-DK","potentialAction":[{"@type":"ReadAction","target":["https:\/\/kunmedierne.dk\/mors\/mors-mangler-plejefamilier\/"]}]},{"@type":"ImageObject","inLanguage":"da-DK","@id":"https:\/\/kunmedierne.dk\/mors\/mors-mangler-plejefamilier\/#primaryimage","url":"https:\/\/kunmedierne.dk\/mors\/wp-content\/uploads\/2020\/02\/200210-plejefamilier.jpg","contentUrl":"https:\/\/kunmedierne.dk\/mors\/wp-content\/uploads\/2020\/02\/200210-plejefamilier.jpg","width":770,"height":513,"caption":"Modelfoto: Mors\u00f8 Kommune"},{"@type":"BreadcrumbList","@id":"https:\/\/kunmedierne.dk\/mors\/mors-mangler-plejefamilier\/#breadcrumb","itemListElement":[{"@type":"ListItem","position":1,"name":"Hjem","item":"https:\/\/kunmedierne.dk\/mors\/"},{"@type":"ListItem","position":2,"name":"Mors mangler plejefamilier"}]},{"@type":"WebSite","@id":"https:\/\/kunmedierne.dk\/mors\/#website","url":"https:\/\/kunmedierne.dk\/mors\/","name":"Mors","description":"et netmedie med journalistik om livet p\u00e5 Mors","publisher":{"@id":"https:\/\/kunmedierne.dk\/mors\/#organization"},"potentialAction":[{"@type":"SearchAction","target":{"@type":"EntryPoint","urlTemplate":"https:\/\/kunmedierne.dk\/mors\/?s={search_term_string}"},"query-input":{"@type":"PropertyValueSpecification","valueRequired":true,"valueName":"search_term_string"}}],"inLanguage":"da-DK"},{"@type":"Organization","@id":"https:\/\/kunmedierne.dk\/mors\/#organization","name":"Mors","url":"https:\/\/kunmedierne.dk\/mors\/","logo":{"@type":"ImageObject","inLanguage":"da-DK","@id":"https:\/\/kunmedierne.dk\/mors\/#\/schema\/logo\/image\/","url":"https:\/\/kunmedierne.dk\/mors\/wp-content\/uploads\/2024\/08\/kunmors-logo.svg","contentUrl":"https:\/\/kunmedierne.dk\/mors\/wp-content\/uploads\/2024\/08\/kunmors-logo.svg","caption":"Mors"},"image":{"@id":"https:\/\/kunmedierne.dk\/mors\/#\/schema\/logo\/image\/"}},{"@type":"Person","@id":"https:\/\/kunmedierne.dk\/mors\/#\/schema\/person\/5fe23251bf1d0abbcdc6f7896579d548","name":"David H\u00f8jmark","image":{"@type":"ImageObject","inLanguage":"da-DK","@id":"https:\/\/kunmedierne.dk\/mors\/#\/schema\/person\/image\/","url":"https:\/\/secure.gravatar.com\/avatar\/4315d6fb9ef244d729989f5f90268eb08d5bf8a3d84402f595fa194bb35784fd?s=96&d=mm&r=g","contentUrl":"https:\/\/secure.gravatar.com\/avatar\/4315d6fb9ef244d729989f5f90268eb08d5bf8a3d84402f595fa194bb35784fd?s=96&d=mm&r=g","caption":"David H\u00f8jmark"},"sameAs":["https:\/\/www.kunmedierne.dk"],"url":"https:\/\/kunmedierne.dk\/mors\/author\/david\/"}]}},"_links":{"self":[{"href":"https:\/\/kunmedierne.dk\/mors\/wp-json\/wp\/v2\/posts\/6868","targetHints":{"allow":["GET"]}}],"collection":[{"href":"https:\/\/kunmedierne.dk\/mors\/wp-json\/wp\/v2\/posts"}],"about":[{"href":"https:\/\/kunmedierne.dk\/mors\/wp-json\/wp\/v2\/types\/post"}],"author":[{"embeddable":true,"href":"https:\/\/kunmedierne.dk\/mors\/wp-json\/wp\/v2\/users\/8"}],"replies":[{"embeddable":true,"href":"https:\/\/kunmedierne.dk\/mors\/wp-json\/wp\/v2\/comments?post=6868"}],"version-history":[{"count":1,"href":"https:\/\/kunmedierne.dk\/mors\/wp-json\/wp\/v2\/posts\/6868\/revisions"}],"predecessor-version":[{"id":6870,"href":"https:\/\/kunmedierne.dk\/mors\/wp-json\/wp\/v2\/posts\/6868\/revisions\/6870"}],"wp:featuredmedia":[{"embeddable":true,"href":"https:\/\/kunmedierne.dk\/mors\/wp-json\/wp\/v2\/media\/6869"}],"wp:attachment":[{"href":"https:\/\/kunmedierne.dk\/mors\/wp-json\/wp\/v2\/media?parent=6868"}],"wp:term":[{"taxonomy":"category","embeddable":true,"href":"https:\/\/kunmedierne.dk\/mors\/wp-json\/wp\/v2\/categories?post=6868"},{"taxonomy":"post_tag","embeddable":true,"href":"https:\/\/kunmedierne.dk\/mors\/wp-json\/wp\/v2\/tags?post=6868"}],"curies":[{"name":"wp","href":"https:\/\/api.w.org\/{rel}","templated":true}]}}