{"id":6866,"date":"2020-02-10T11:49:10","date_gmt":"2020-02-10T10:49:10","guid":{"rendered":"https:\/\/kunmedierne.dk\/mors\/?p=6866"},"modified":"2024-08-12T14:07:40","modified_gmt":"2024-08-12T12:07:40","slug":"fravaer-i-folkeskolen-praecisering-af-lovgivningen","status":"publish","type":"post","link":"https:\/\/kunmedierne.dk\/mors\/fravaer-i-folkeskolen-praecisering-af-lovgivningen\/","title":{"rendered":"Frav\u00e6r i Folkeskolen. Pr\u00e6cisering af lovgivningen"},"content":{"rendered":"<p><i>Debatindl\u00e6g af Jette Jepsen,\u00a0Agervejle 14. V. Hvidbjerg, medlem af kommunalbestyrelsen p\u00e5 Mors for Radikale Venstre.<\/i><\/p>\n<p><strong>FRAV\u00c6R<\/strong>: Implementeringen af den nye bekendtg\u00f8relse ang\u00e5ende frav\u00e6r i Folkeskolen og standsning af b\u00f8rne- og unge ydelsen ved ulovlig frav\u00e6r p\u00e5 over 15 %, er blevet behandlet i Kommunalbestyrelsen i Mors\u00f8 Kommune. Nordjyske citerede d. 5. Februar fra m\u00f8det. Bla udtalelsen fra en socialdemokratisk medlem, som udtalte: \u201cat der st\u00e5r at man KAN brug reglen, og ikke SKAL\u201d . Der er citeret korrekt, men udtalelsen er IKKE korrekt. Det er vigtigt for mig at pr\u00e6cisere &#8211; da det netop er problemet ved den nye lov.<\/p>\n<p>Skolelederen SKAL underrette familieafdelingen ved ulovligt frav\u00e6r over 15 %, ogs\u00e5 uanset om barnet eller den unge i \u00f8vrigt m\u00e5 antages at have behov for s\u00e6rlig st\u00f8tte efter serviceloven.<br \/>\nKommunen SKAL kontakte Udbetaling Danmark og tr\u00e6kke b\u00f8rne- og ungeydelsen for det p\u00e5g\u00e6ldende kvartal.<\/p>\n<p>Jeg problematiserede lovgivningen under kommunalbestyrelsesm\u00f8det &#8211; deraf diskussionen og udtalelsen.<\/p>\n<p>Denne stramning af lovgivningen om frav\u00e6r har til form\u00e5l at forebygge ghetto og parallelsamfund, og at ramme de familier, der sender deres b\u00f8rn p\u00e5 genopdragelsesrejser til den muslimske verden. Unders\u00f8gelser viser, at n\u00e5r den rammer \u00e9n af de familier den var tilsigtet, rammer den tre danske familier &#8211; og s\u00e6rligt h\u00e5rdt de udsatte familier og de b\u00f8rn som har vanskeligheder bla med at magte skoledagene.<\/p>\n<p>Den nye lov er un\u00f8dvendig. Vi har i forvejen loven om den sk\u00e6rpede underretningspligt, samt loven om p\u00e5l\u00e6g af for\u00e6ldreansvar og heri muligheden for at sk\u00e6re i b\u00f8rne- ungeydelsen, hvis det skulle v\u00e6re n\u00f8dvendig.<br \/>\nI kommunerne arbejder vi i forvejen med tidlig indsats, ogs\u00e5 hvad ang\u00e5r at f\u00e5 vendt frav\u00e6r i skolen til fremm\u00f8de, vi har dialogm\u00f8der med b\u00f8rn, unge og for\u00e6ldre. Vi arbejder i forvejen med for\u00e6ldreansvar &#8211; alt sammen ud fra en anerkendende og ressourceorienteret tilgang.<\/p>\n<p>Ikke nok er den nye lov un\u00f8dvendig &#8211; den er ogs\u00e5 \u00f8del\u00e6ggende. Loven p\u00e5l\u00e6gger skolelederen &#8211; uagtet hvilken st\u00f8ttende arbejde, der er igang med familien &#8211; at blive kontrol instans og udl\u00f8se en \u00f8konomisk straf, samt at bruge tid p\u00e5 m\u00f8der af denne karakter. Det er skadeligt for det tillidsskabende samarbejde med s\u00e5rbare familier.<\/p>\n<p>K\u00e6re Socialdemokrater. Loven er indf\u00f8rt i jeres regeringstid, i sidste instans af B\u00f8rnenes Statsminister. I stedet for at undsige loven og dens betydning &#8211; s\u00e5 kom op p\u00e5 barrikaderne &#8211; f\u00e5 stoppet den lov hurtigst muligt. St\u00e5 sammen med Radikale Venstre bag Folkeskolernes ledere, de faggrupper, der arbejder med b\u00f8rn som vokser op i s\u00e5rbare og udsatte positioner &#8230;. og ikke mindst b\u00f8rnene. Det er NU &#8211; det er HANDLING &#8211; det er FREMAD.<\/p>\n<hr \/>\n<p><em>Har du et bidrag til den lokale debat? Send det til os p\u00e5 e-mail: debat@kunmedierne.dk\/mors. Husk at l\u00e6se korrektur inden afsendelse p\u00e5 indl\u00e6gget.<\/em><\/p>\n","protected":false},"excerpt":{"rendered":"<p>Debatindl\u00e6g af Jette Jepsen,\u00a0Agervejle 14. V. Hvidbjerg, medlem af kommunalbestyrelsen p\u00e5 Mors for Radikale Venstre. FRAV\u00c6R: Implementeringen af den nye bekendtg\u00f8relse ang\u00e5ende frav\u00e6r i Folkeskolen og standsning af b\u00f8rne- og unge ydelsen ved ulovlig frav\u00e6r p\u00e5 over 15 %, er blevet behandlet i Kommunalbestyrelsen i Mors\u00f8 Kommune. Nordjyske citerede d. 5. Februar fra m\u00f8det. Bla [&hellip;]<\/p>\n","protected":false},"author":11,"featured_media":18975,"comment_status":"open","ping_status":"open","sticky":false,"template":"","format":"standard","meta":{"_acf_changed":false,"footnotes":""},"categories":[56],"tags":[167],"class_list":["post-6866","post","type-post","status-publish","format-standard","has-post-thumbnail","hentry","category-debat","tag-politik"],"acf":[],"yoast_head":"<!-- This site is optimized with the Yoast SEO plugin v26.8 - https:\/\/yoast.com\/product\/yoast-seo-wordpress\/ -->\n<title>Frav\u00e6r i Folkeskolen. Pr\u00e6cisering af lovgivningen - Mors<\/title>\n<meta name=\"robots\" content=\"index, follow, max-snippet:-1, max-image-preview:large, max-video-preview:-1\" \/>\n<link rel=\"canonical\" href=\"https:\/\/kunmedierne.dk\/mors\/fravaer-i-folkeskolen-praecisering-af-lovgivningen\/\" \/>\n<meta property=\"og:locale\" content=\"da_DK\" \/>\n<meta property=\"og:type\" content=\"article\" \/>\n<meta property=\"og:title\" content=\"Frav\u00e6r i Folkeskolen. Pr\u00e6cisering af lovgivningen - Mors\" \/>\n<meta property=\"og:description\" content=\"Debatindl\u00e6g af Jette Jepsen,\u00a0Agervejle 14. V. Hvidbjerg, medlem af kommunalbestyrelsen p\u00e5 Mors for Radikale Venstre. FRAV\u00c6R: Implementeringen af den nye bekendtg\u00f8relse ang\u00e5ende frav\u00e6r i Folkeskolen og standsning af b\u00f8rne- og unge ydelsen ved ulovlig frav\u00e6r p\u00e5 over 15 %, er blevet behandlet i Kommunalbestyrelsen i Mors\u00f8 Kommune. Nordjyske citerede d. 5. Februar fra m\u00f8det. Bla [&hellip;]\" \/>\n<meta property=\"og:url\" content=\"https:\/\/kunmedierne.dk\/mors\/fravaer-i-folkeskolen-praecisering-af-lovgivningen\/\" \/>\n<meta property=\"og:site_name\" content=\"Mors\" \/>\n<meta property=\"article:published_time\" content=\"2020-02-10T10:49:10+00:00\" \/>\n<meta property=\"article:modified_time\" content=\"2024-08-12T12:07:40+00:00\" \/>\n<meta property=\"og:image\" content=\"https:\/\/kunmedierne.dk\/mors\/wp-content\/uploads\/2020\/01\/0-debat-jette-jepsen-R.jpg\" \/>\n\t<meta property=\"og:image:width\" content=\"770\" \/>\n\t<meta property=\"og:image:height\" content=\"513\" \/>\n\t<meta property=\"og:image:type\" content=\"image\/jpeg\" \/>\n<meta name=\"author\" content=\"Debat\" \/>\n<meta name=\"twitter:card\" content=\"summary_large_image\" \/>\n<meta name=\"twitter:label1\" content=\"Skrevet af\" \/>\n\t<meta name=\"twitter:data1\" content=\"Debat\" \/>\n\t<meta name=\"twitter:label2\" content=\"Estimeret l\u00e6setid\" \/>\n\t<meta name=\"twitter:data2\" content=\"3 minutter\" \/>\n<script type=\"application\/ld+json\" class=\"yoast-schema-graph\">{\"@context\":\"https:\/\/schema.org\",\"@graph\":[{\"@type\":\"Article\",\"@id\":\"https:\/\/kunmedierne.dk\/mors\/fravaer-i-folkeskolen-praecisering-af-lovgivningen\/#article\",\"isPartOf\":{\"@id\":\"https:\/\/kunmedierne.dk\/mors\/fravaer-i-folkeskolen-praecisering-af-lovgivningen\/\"},\"author\":{\"name\":\"Debat\",\"@id\":\"https:\/\/kunmedierne.dk\/mors\/#\/schema\/person\/84c1391bce0b43b9bb3a49736bc0ad78\"},\"headline\":\"Frav\u00e6r i Folkeskolen. Pr\u00e6cisering af lovgivningen\",\"datePublished\":\"2020-02-10T10:49:10+00:00\",\"dateModified\":\"2024-08-12T12:07:40+00:00\",\"mainEntityOfPage\":{\"@id\":\"https:\/\/kunmedierne.dk\/mors\/fravaer-i-folkeskolen-praecisering-af-lovgivningen\/\"},\"wordCount\":509,\"commentCount\":0,\"publisher\":{\"@id\":\"https:\/\/kunmedierne.dk\/mors\/#organization\"},\"image\":{\"@id\":\"https:\/\/kunmedierne.dk\/mors\/fravaer-i-folkeskolen-praecisering-af-lovgivningen\/#primaryimage\"},\"thumbnailUrl\":\"https:\/\/kunmedierne.dk\/mors\/wp-content\/uploads\/2020\/01\/0-debat-jette-jepsen-R.jpg\",\"keywords\":[\"Politik\"],\"articleSection\":[\"Debat\"],\"inLanguage\":\"da-DK\",\"potentialAction\":[{\"@type\":\"CommentAction\",\"name\":\"Comment\",\"target\":[\"https:\/\/kunmedierne.dk\/mors\/fravaer-i-folkeskolen-praecisering-af-lovgivningen\/#respond\"]}]},{\"@type\":\"WebPage\",\"@id\":\"https:\/\/kunmedierne.dk\/mors\/fravaer-i-folkeskolen-praecisering-af-lovgivningen\/\",\"url\":\"https:\/\/kunmedierne.dk\/mors\/fravaer-i-folkeskolen-praecisering-af-lovgivningen\/\",\"name\":\"Frav\u00e6r i Folkeskolen. Pr\u00e6cisering af lovgivningen - Mors\",\"isPartOf\":{\"@id\":\"https:\/\/kunmedierne.dk\/mors\/#website\"},\"primaryImageOfPage\":{\"@id\":\"https:\/\/kunmedierne.dk\/mors\/fravaer-i-folkeskolen-praecisering-af-lovgivningen\/#primaryimage\"},\"image\":{\"@id\":\"https:\/\/kunmedierne.dk\/mors\/fravaer-i-folkeskolen-praecisering-af-lovgivningen\/#primaryimage\"},\"thumbnailUrl\":\"https:\/\/kunmedierne.dk\/mors\/wp-content\/uploads\/2020\/01\/0-debat-jette-jepsen-R.jpg\",\"datePublished\":\"2020-02-10T10:49:10+00:00\",\"dateModified\":\"2024-08-12T12:07:40+00:00\",\"breadcrumb\":{\"@id\":\"https:\/\/kunmedierne.dk\/mors\/fravaer-i-folkeskolen-praecisering-af-lovgivningen\/#breadcrumb\"},\"inLanguage\":\"da-DK\",\"potentialAction\":[{\"@type\":\"ReadAction\",\"target\":[\"https:\/\/kunmedierne.dk\/mors\/fravaer-i-folkeskolen-praecisering-af-lovgivningen\/\"]}]},{\"@type\":\"ImageObject\",\"inLanguage\":\"da-DK\",\"@id\":\"https:\/\/kunmedierne.dk\/mors\/fravaer-i-folkeskolen-praecisering-af-lovgivningen\/#primaryimage\",\"url\":\"https:\/\/kunmedierne.dk\/mors\/wp-content\/uploads\/2020\/01\/0-debat-jette-jepsen-R.jpg\",\"contentUrl\":\"https:\/\/kunmedierne.dk\/mors\/wp-content\/uploads\/2020\/01\/0-debat-jette-jepsen-R.jpg\",\"width\":770,\"height\":513,\"caption\":\"Jette Jepsen (RV). Foto: Per Bech\/Mors\u00f8 Kommune.\"},{\"@type\":\"BreadcrumbList\",\"@id\":\"https:\/\/kunmedierne.dk\/mors\/fravaer-i-folkeskolen-praecisering-af-lovgivningen\/#breadcrumb\",\"itemListElement\":[{\"@type\":\"ListItem\",\"position\":1,\"name\":\"Hjem\",\"item\":\"https:\/\/kunmedierne.dk\/mors\/\"},{\"@type\":\"ListItem\",\"position\":2,\"name\":\"Frav\u00e6r i Folkeskolen. Pr\u00e6cisering af lovgivningen\"}]},{\"@type\":\"WebSite\",\"@id\":\"https:\/\/kunmedierne.dk\/mors\/#website\",\"url\":\"https:\/\/kunmedierne.dk\/mors\/\",\"name\":\"Mors\",\"description\":\"et netmedie med journalistik om livet p\u00e5 Mors\",\"publisher\":{\"@id\":\"https:\/\/kunmedierne.dk\/mors\/#organization\"},\"potentialAction\":[{\"@type\":\"SearchAction\",\"target\":{\"@type\":\"EntryPoint\",\"urlTemplate\":\"https:\/\/kunmedierne.dk\/mors\/?s={search_term_string}\"},\"query-input\":{\"@type\":\"PropertyValueSpecification\",\"valueRequired\":true,\"valueName\":\"search_term_string\"}}],\"inLanguage\":\"da-DK\"},{\"@type\":\"Organization\",\"@id\":\"https:\/\/kunmedierne.dk\/mors\/#organization\",\"name\":\"Mors\",\"url\":\"https:\/\/kunmedierne.dk\/mors\/\",\"logo\":{\"@type\":\"ImageObject\",\"inLanguage\":\"da-DK\",\"@id\":\"https:\/\/kunmedierne.dk\/mors\/#\/schema\/logo\/image\/\",\"url\":\"https:\/\/kunmedierne.dk\/mors\/wp-content\/uploads\/2024\/08\/kunmors-logo.svg\",\"contentUrl\":\"https:\/\/kunmedierne.dk\/mors\/wp-content\/uploads\/2024\/08\/kunmors-logo.svg\",\"caption\":\"Mors\"},\"image\":{\"@id\":\"https:\/\/kunmedierne.dk\/mors\/#\/schema\/logo\/image\/\"}},{\"@type\":\"Person\",\"@id\":\"https:\/\/kunmedierne.dk\/mors\/#\/schema\/person\/84c1391bce0b43b9bb3a49736bc0ad78\",\"name\":\"Debat\",\"image\":{\"@type\":\"ImageObject\",\"inLanguage\":\"da-DK\",\"@id\":\"https:\/\/kunmedierne.dk\/mors\/#\/schema\/person\/image\/\",\"url\":\"https:\/\/secure.gravatar.com\/avatar\/b0fb2e221d618f7c65162ab0d49c7e8a0b580c871ca03af90e42b47b4150654c?s=96&d=mm&r=g\",\"contentUrl\":\"https:\/\/secure.gravatar.com\/avatar\/b0fb2e221d618f7c65162ab0d49c7e8a0b580c871ca03af90e42b47b4150654c?s=96&d=mm&r=g\",\"caption\":\"Debat\"},\"url\":\"https:\/\/kunmedierne.dk\/mors\/author\/debat\/\"}]}<\/script>\n<!-- \/ Yoast SEO plugin. -->","yoast_head_json":{"title":"Frav\u00e6r i Folkeskolen. Pr\u00e6cisering af lovgivningen - Mors","robots":{"index":"index","follow":"follow","max-snippet":"max-snippet:-1","max-image-preview":"max-image-preview:large","max-video-preview":"max-video-preview:-1"},"canonical":"https:\/\/kunmedierne.dk\/mors\/fravaer-i-folkeskolen-praecisering-af-lovgivningen\/","og_locale":"da_DK","og_type":"article","og_title":"Frav\u00e6r i Folkeskolen. Pr\u00e6cisering af lovgivningen - Mors","og_description":"Debatindl\u00e6g af Jette Jepsen,\u00a0Agervejle 14. V. Hvidbjerg, medlem af kommunalbestyrelsen p\u00e5 Mors for Radikale Venstre. FRAV\u00c6R: Implementeringen af den nye bekendtg\u00f8relse ang\u00e5ende frav\u00e6r i Folkeskolen og standsning af b\u00f8rne- og unge ydelsen ved ulovlig frav\u00e6r p\u00e5 over 15 %, er blevet behandlet i Kommunalbestyrelsen i Mors\u00f8 Kommune. Nordjyske citerede d. 5. Februar fra m\u00f8det. Bla [&hellip;]","og_url":"https:\/\/kunmedierne.dk\/mors\/fravaer-i-folkeskolen-praecisering-af-lovgivningen\/","og_site_name":"Mors","article_published_time":"2020-02-10T10:49:10+00:00","article_modified_time":"2024-08-12T12:07:40+00:00","og_image":[{"width":770,"height":513,"url":"https:\/\/kunmedierne.dk\/mors\/wp-content\/uploads\/2020\/01\/0-debat-jette-jepsen-R.jpg","type":"image\/jpeg"}],"author":"Debat","twitter_card":"summary_large_image","twitter_misc":{"Skrevet af":"Debat","Estimeret l\u00e6setid":"3 minutter"},"schema":{"@context":"https:\/\/schema.org","@graph":[{"@type":"Article","@id":"https:\/\/kunmedierne.dk\/mors\/fravaer-i-folkeskolen-praecisering-af-lovgivningen\/#article","isPartOf":{"@id":"https:\/\/kunmedierne.dk\/mors\/fravaer-i-folkeskolen-praecisering-af-lovgivningen\/"},"author":{"name":"Debat","@id":"https:\/\/kunmedierne.dk\/mors\/#\/schema\/person\/84c1391bce0b43b9bb3a49736bc0ad78"},"headline":"Frav\u00e6r i Folkeskolen. Pr\u00e6cisering af lovgivningen","datePublished":"2020-02-10T10:49:10+00:00","dateModified":"2024-08-12T12:07:40+00:00","mainEntityOfPage":{"@id":"https:\/\/kunmedierne.dk\/mors\/fravaer-i-folkeskolen-praecisering-af-lovgivningen\/"},"wordCount":509,"commentCount":0,"publisher":{"@id":"https:\/\/kunmedierne.dk\/mors\/#organization"},"image":{"@id":"https:\/\/kunmedierne.dk\/mors\/fravaer-i-folkeskolen-praecisering-af-lovgivningen\/#primaryimage"},"thumbnailUrl":"https:\/\/kunmedierne.dk\/mors\/wp-content\/uploads\/2020\/01\/0-debat-jette-jepsen-R.jpg","keywords":["Politik"],"articleSection":["Debat"],"inLanguage":"da-DK","potentialAction":[{"@type":"CommentAction","name":"Comment","target":["https:\/\/kunmedierne.dk\/mors\/fravaer-i-folkeskolen-praecisering-af-lovgivningen\/#respond"]}]},{"@type":"WebPage","@id":"https:\/\/kunmedierne.dk\/mors\/fravaer-i-folkeskolen-praecisering-af-lovgivningen\/","url":"https:\/\/kunmedierne.dk\/mors\/fravaer-i-folkeskolen-praecisering-af-lovgivningen\/","name":"Frav\u00e6r i Folkeskolen. Pr\u00e6cisering af lovgivningen - Mors","isPartOf":{"@id":"https:\/\/kunmedierne.dk\/mors\/#website"},"primaryImageOfPage":{"@id":"https:\/\/kunmedierne.dk\/mors\/fravaer-i-folkeskolen-praecisering-af-lovgivningen\/#primaryimage"},"image":{"@id":"https:\/\/kunmedierne.dk\/mors\/fravaer-i-folkeskolen-praecisering-af-lovgivningen\/#primaryimage"},"thumbnailUrl":"https:\/\/kunmedierne.dk\/mors\/wp-content\/uploads\/2020\/01\/0-debat-jette-jepsen-R.jpg","datePublished":"2020-02-10T10:49:10+00:00","dateModified":"2024-08-12T12:07:40+00:00","breadcrumb":{"@id":"https:\/\/kunmedierne.dk\/mors\/fravaer-i-folkeskolen-praecisering-af-lovgivningen\/#breadcrumb"},"inLanguage":"da-DK","potentialAction":[{"@type":"ReadAction","target":["https:\/\/kunmedierne.dk\/mors\/fravaer-i-folkeskolen-praecisering-af-lovgivningen\/"]}]},{"@type":"ImageObject","inLanguage":"da-DK","@id":"https:\/\/kunmedierne.dk\/mors\/fravaer-i-folkeskolen-praecisering-af-lovgivningen\/#primaryimage","url":"https:\/\/kunmedierne.dk\/mors\/wp-content\/uploads\/2020\/01\/0-debat-jette-jepsen-R.jpg","contentUrl":"https:\/\/kunmedierne.dk\/mors\/wp-content\/uploads\/2020\/01\/0-debat-jette-jepsen-R.jpg","width":770,"height":513,"caption":"Jette Jepsen (RV). Foto: Per Bech\/Mors\u00f8 Kommune."},{"@type":"BreadcrumbList","@id":"https:\/\/kunmedierne.dk\/mors\/fravaer-i-folkeskolen-praecisering-af-lovgivningen\/#breadcrumb","itemListElement":[{"@type":"ListItem","position":1,"name":"Hjem","item":"https:\/\/kunmedierne.dk\/mors\/"},{"@type":"ListItem","position":2,"name":"Frav\u00e6r i Folkeskolen. Pr\u00e6cisering af lovgivningen"}]},{"@type":"WebSite","@id":"https:\/\/kunmedierne.dk\/mors\/#website","url":"https:\/\/kunmedierne.dk\/mors\/","name":"Mors","description":"et netmedie med journalistik om livet p\u00e5 Mors","publisher":{"@id":"https:\/\/kunmedierne.dk\/mors\/#organization"},"potentialAction":[{"@type":"SearchAction","target":{"@type":"EntryPoint","urlTemplate":"https:\/\/kunmedierne.dk\/mors\/?s={search_term_string}"},"query-input":{"@type":"PropertyValueSpecification","valueRequired":true,"valueName":"search_term_string"}}],"inLanguage":"da-DK"},{"@type":"Organization","@id":"https:\/\/kunmedierne.dk\/mors\/#organization","name":"Mors","url":"https:\/\/kunmedierne.dk\/mors\/","logo":{"@type":"ImageObject","inLanguage":"da-DK","@id":"https:\/\/kunmedierne.dk\/mors\/#\/schema\/logo\/image\/","url":"https:\/\/kunmedierne.dk\/mors\/wp-content\/uploads\/2024\/08\/kunmors-logo.svg","contentUrl":"https:\/\/kunmedierne.dk\/mors\/wp-content\/uploads\/2024\/08\/kunmors-logo.svg","caption":"Mors"},"image":{"@id":"https:\/\/kunmedierne.dk\/mors\/#\/schema\/logo\/image\/"}},{"@type":"Person","@id":"https:\/\/kunmedierne.dk\/mors\/#\/schema\/person\/84c1391bce0b43b9bb3a49736bc0ad78","name":"Debat","image":{"@type":"ImageObject","inLanguage":"da-DK","@id":"https:\/\/kunmedierne.dk\/mors\/#\/schema\/person\/image\/","url":"https:\/\/secure.gravatar.com\/avatar\/b0fb2e221d618f7c65162ab0d49c7e8a0b580c871ca03af90e42b47b4150654c?s=96&d=mm&r=g","contentUrl":"https:\/\/secure.gravatar.com\/avatar\/b0fb2e221d618f7c65162ab0d49c7e8a0b580c871ca03af90e42b47b4150654c?s=96&d=mm&r=g","caption":"Debat"},"url":"https:\/\/kunmedierne.dk\/mors\/author\/debat\/"}]}},"_links":{"self":[{"href":"https:\/\/kunmedierne.dk\/mors\/wp-json\/wp\/v2\/posts\/6866","targetHints":{"allow":["GET"]}}],"collection":[{"href":"https:\/\/kunmedierne.dk\/mors\/wp-json\/wp\/v2\/posts"}],"about":[{"href":"https:\/\/kunmedierne.dk\/mors\/wp-json\/wp\/v2\/types\/post"}],"author":[{"embeddable":true,"href":"https:\/\/kunmedierne.dk\/mors\/wp-json\/wp\/v2\/users\/11"}],"replies":[{"embeddable":true,"href":"https:\/\/kunmedierne.dk\/mors\/wp-json\/wp\/v2\/comments?post=6866"}],"version-history":[{"count":3,"href":"https:\/\/kunmedierne.dk\/mors\/wp-json\/wp\/v2\/posts\/6866\/revisions"}],"predecessor-version":[{"id":33013,"href":"https:\/\/kunmedierne.dk\/mors\/wp-json\/wp\/v2\/posts\/6866\/revisions\/33013"}],"wp:featuredmedia":[{"embeddable":true,"href":"https:\/\/kunmedierne.dk\/mors\/wp-json\/wp\/v2\/media\/18975"}],"wp:attachment":[{"href":"https:\/\/kunmedierne.dk\/mors\/wp-json\/wp\/v2\/media?parent=6866"}],"wp:term":[{"taxonomy":"category","embeddable":true,"href":"https:\/\/kunmedierne.dk\/mors\/wp-json\/wp\/v2\/categories?post=6866"},{"taxonomy":"post_tag","embeddable":true,"href":"https:\/\/kunmedierne.dk\/mors\/wp-json\/wp\/v2\/tags?post=6866"}],"curies":[{"name":"wp","href":"https:\/\/api.w.org\/{rel}","templated":true}]}}