{"id":68138,"date":"2022-04-27T10:26:54","date_gmt":"2022-04-27T08:26:54","guid":{"rendered":"https:\/\/kunmedierne.dk\/mors\/?p=68138"},"modified":"2024-08-12T13:34:19","modified_gmt":"2024-08-12T11:34:19","slug":"mediestjerne-saetter-sammen-med-oeens-elever-fokus-paa-mobning-baglaens","status":"publish","type":"post","link":"https:\/\/kunmedierne.dk\/mors\/mediestjerne-saetter-sammen-med-oeens-elever-fokus-paa-mobning-baglaens\/","title":{"rendered":"Mediestjerne s\u00e6tter sammen med \u00f8ens elever fokus p\u00e5 mobning &#8211; bagl\u00e6ns"},"content":{"rendered":"<p><b>BJERGBY: <\/b><span style=\"font-weight: 400;\">\u201cGr\u00f8ntsager,\u201d \u201cGurli Gris!\u201d \u201cSe min r\u00f8v,\u201d \u201cRip, Rap, Rup.\u201d<\/span><\/p>\n<p><span style=\"font-weight: 400;\">Klokken n\u00e6rmer sig 7:40 tirsdag morgen, og f\u00e6llesarealet p\u00e5 Bjergby Friskole summer af liv, mens eleverne lidt efter lidt tager plads p\u00e5 gulvet foran et stort, hvidt l\u00e6rred.<\/span><\/p>\n<p><span style=\"font-weight: 400;\">En klang af klaverakkorder f\u00e5r stemmerne i f\u00e6llesarealet til at fortage sig, og der s\u00e6nker sig en ro over den morgenfriske elevflok, idet morgensangen begynder.<\/span><\/p>\n<p><span style=\"font-weight: 400;\">Flere elever har allerede bem\u00e6rket, at ikke alt er, som det plejer. Bagerst sidder nemlig en mand, der slynger tilf\u00e6ldige ord ud, mens de andre synger. Det er Nicolai Aagaard, der om lidt skal holde foredrag.\u00a0<\/span><\/p>\n<a class=\"dvrt-link\" onClick=\"cdmtrack_click(104781,jQuery(this));return false\" href=\"https:\/\/www.fmspks.dk\/\"><img decoding=\"async\" style=\"width:100%;\" src=\"https:\/\/kunmedierne.dk\/mors\/wp-content\/uploads\/2022\/02\/vip-froeslev-mollerup-sparekasse.jpg\"><\/a><script>cdmtrack_view(104781);<\/script>\n<p><span style=\"font-weight: 400;\">Og det er ikke fordi, han ikke kan teksten til \u2018Noget Om Helte\u2019, at Nicolai undervejs i versene f\u00e5r udbrudt lidt af hvert.\u00a0<\/span><\/p>\n<p><span style=\"font-weight: 400;\">Den 32-\u00e5rige mediepersonlighed lider af sygdommen Tourettes. Hans ufrivillige lyde og bev\u00e6gelser har hele hans liv gjort ham til genstand for grov mobning.<\/span><\/p>\n<p><span style=\"font-weight: 400;\">En opv\u00e6kst, han <a href=\"https:\/\/kunmedierne.dk\/mors\/tre-af-oeens-friskoler-gaar-baglaens-i-kampen-mod-mobning\/\">denne uge deler med eleverne<\/a> p\u00e5 \u00d8rding Friskole, Sydvestmors Friskole og Bjergby Friskole, n\u00e5r under de tre skolebes\u00f8g\u00a0fort\u00e6ller om de knubs, mobning har givet ham.<\/span><\/p>\n<p><span style=\"font-weight: 400;\">Og s\u00e5 har Nicolai \u00e9t s\u00e6rligt budskab med til eleverne &#8211; og deres for\u00e6ldre.<\/span><\/p>\n<p>&nbsp;<\/p>\n<p><b>Ingen hjalp, da det gik ud over ham<\/b><\/p>\n<p><span style=\"font-weight: 400;\">\u201cEr I nogensinde blevet mobbet?\u201d sp\u00f8rger Nicolai Aagaard som det f\u00f8rste om, da han tr\u00e6der op foran de godt 70 nysgerrige elever fra Bjergby Friskole.<\/span><\/p>\n<a class=\"dvrt-link\" onClick=\"cdmtrack_click(104781,jQuery(this));return false\" href=\"https:\/\/www.fmspks.dk\/\"><img decoding=\"async\" style=\"width:100%;\" src=\"https:\/\/kunmedierne.dk\/mors\/wp-content\/uploads\/2022\/02\/vip-froeslev-mollerup-sparekasse.jpg\"><\/a><script>cdmtrack_view(104781);<\/script>\n<p><span style=\"font-weight: 400;\">De mindste b\u00f8rn drejer sig straks om for at se, hvad de \u00f8vrige elever mon vil svare. Men der er helt stille.<\/span><\/p>\n<p><span style=\"font-weight: 400;\">Indtil der lyder et forsigtigt \u2018ja\u2019 ovre fra hj\u00f8rnet, der hurtigt bliver efterfulgt af flere ja\u2019er rundt omkring i lokalet. Mange steder bliver der nikket diskret.<\/span><\/p>\n<p><span style=\"font-weight: 400;\">\u201cJeg er ogs\u00e5 blevet mobbet,\u201d tilf\u00f8jer Nicolai, og s\u00e5 spidser eleverne ellers \u00f8rer, mens den 32-\u00e5rige begynder at fort\u00e6lle om de udfordringer, han stod overfor i sin skoletid.<\/span><\/p>\n<p><span style=\"font-weight: 400;\">Al opm\u00e6rksomhed er rettet mod den Tourettes-lidende mand, da han skildrer, hvordan han i sin barndom b\u00e5de er blevet t\u00e6sket, tvunget til at kysse andres sko og truet til at tage bukserne ned midt i skoleg\u00e5rden.\u00a0<\/span><\/p>\n<p><span style=\"font-weight: 400;\">Selv da Nicolai var h\u00e5rdest ramt, var der ingen l\u00e6rere eller klassekammerater, han kunne snakke med. Og det er en af grundene til, at det st\u00e5r hans hjerte n\u00e6rt at itales\u00e6tte mobning.\u00a0<\/span><\/p>\n<a class=\"dvrt-link\" onClick=\"cdmtrack_click(104778,jQuery(this));return false\" href=\"https:\/\/vester-begr.dk\/?gclid=CjwKCAjw5Kv7BRBSEiwAXGDElQB6WMfm9CgYVrruty-I1gaOkTkC3mlA4QRDtYNsxYgVC8sNzAJ7WhoCmBsQAvD_BwE\"><img decoding=\"async\" style=\"width:100%;\" src=\"https:\/\/kunmedierne.dk\/mors\/wp-content\/uploads\/2023\/10\/260203VesterHoukaer-02022026.jpg\"><\/a><script>cdmtrack_view(104778);<\/script>\n<p><span style=\"font-weight: 400;\">Itales\u00e6ttelse har Nicolai i den grad ogs\u00e5 opn\u00e5et. Udover at have en stor, aktiv Facebook-gruppe er der p\u00e5 det sociale medie TikTok i dag flere end 91.000 brugere, der f\u00f8lger med i Nicolais liv.<\/span><\/p>\n<p><span style=\"font-weight: 400;\">B\u00e5de online og over for Bjergbys elever er han helt \u00e6rlig omkring, hvad han som ene mand kan &#8211; og ikke kan &#8211; forandre:<\/span><\/p>\n<p><span style=\"font-weight: 400;\">\u201cJeg kan ikke stoppe mobning, det ved jeg godt. Men jeg kan s\u00e6tte fokus p\u00e5 det, og det er ogs\u00e5 vigtigt,\u201d forklarer Nicolai eleverne.<\/span><\/p>\n<p>&nbsp;<\/p>\n<p><strong>Tre ord kan g\u00f8re mobberen paf<\/strong><\/p>\n<p><span style=\"font-weight: 400;\">Derfor best\u00e5r Nicolais foredrag p\u00e5 friskolen heller ikke bare af at konstatere, at mobning er skidt, i h\u00e5b om at udmeldingen alene l\u00f8ser alting.<\/span><\/p>\n<p><span style=\"font-weight: 400;\">I stedet bruger han taletiden p\u00e5 at dele ud af de redskaber, han har tilegnet sig gennem \u00e5rene for bedre at kunne h\u00e5ndtere mobningen. For \u00e9n ting er at ville g\u00f8re noget ved mobning &#8211; en anden er hvordan.<\/span><\/p>\n<a class=\"dvrt-link\" onClick=\"cdmtrack_click(104779,jQuery(this));return false\" href=\"https:\/\/morsoe-begravelsesforretning.dk\/\"><img decoding=\"async\" style=\"width:100%;\" src=\"https:\/\/kunmedierne.dk\/mors\/wp-content\/uploads\/2023\/11\/251215-morsoe-begravelsesforretning.jpg\"><\/a><script>cdmtrack_view(104779);<\/script>\n<p><span style=\"font-weight: 400;\">Den letteste m\u00e5de at h\u00e5ndtere det p\u00e5, erkender Nicolai, er jo at tie stille og lade h\u00e5nen finde sted. Men hvis man har modet til at \u00e5bne munden, har det tidligere mobbeoffer udarbejdet en l\u00f8sning, der har reddet ham ud af ubehagelige situationer flere gange.<\/span><\/p>\n<p><span style=\"font-weight: 400;\">Hans metode best\u00e5r i at svare mobberen igen med tre simple ord:\u00a0<\/span><\/p>\n<p><span style=\"font-weight: 400;\">\u201cEr du okay?\u201d<\/span><\/p>\n<p>&nbsp;<\/p>\n<p><b>Tilladt at grine<\/b><\/p>\n<p><span style=\"font-weight: 400;\">\u201cKnep mig i r\u00f8ven,\u201d afslutter han uventet budskabet med over for friskolen, inden han hurtigt tilf\u00f8jer:<\/span><\/p>\n<p><span style=\"font-weight: 400;\">\u201cEj, ikke i dag, det var lidt voldsomt.\u201d<\/span><\/p>\n<p><span style=\"font-weight: 400;\">Kommentaren f\u00e5r de ellers dybt koncentrerede elever til at undslippe et lille grin. Men straks derefter udstr\u00e5ler deres blikke til hinanden en d\u00e5rlig samvittighed. Som en af eleverne bekr\u00e6fter:<\/span><\/p>\n<p><span style=\"font-weight: 400;\">\u201cI starten var jeg s\u00e5dan \u201cKan man godt grine?\u201d For det er jo synd, n\u00e5r han ikke kan g\u00f8re for det,\u201d fort\u00e6ller 9.-klasseelev Cecilie Krog.<\/span><\/p>\n<a class=\"dvrt-link\" onClick=\"cdmtrack_click(104780,jQuery(this));return false\" href=\"https:\/\/www.spard.dk\/\"><img decoding=\"async\" style=\"width:100%;\" src=\"https:\/\/kunmedierne.dk\/mors\/wp-content\/uploads\/2023\/12\/sparekassen-dk-maj25.gif\"><\/a><script>cdmtrack_view(104780);<\/script>\n<p><span style=\"font-weight: 400;\">En reaktion, Nicolai ofte oplever fra hans publikum, fordi de er bange for at mobbe ham, hvis de griner af ham.\u00a0<\/span><\/p>\n<p><span style=\"font-weight: 400;\">Derfor f\u00e5r han ogs\u00e5 hurtigt fortalt Bjergby-eleverne, at det er helt okay at grine. For det g\u00f8r han ogs\u00e5 selv.<\/span><\/p>\n<p><span style=\"font-weight: 400;\">Og ganske rigtigt &#8211; efterh\u00e5nden som foredraget skrider frem, og eleverne opdager, at Nicolai selv griner af sine tics, bl\u00f8der de lige s\u00e5 stille op, s\u00e6nker skuldrene og begynder at grine sammen med ham.<\/span><\/p>\n<p>&nbsp;<\/p>\n<p><b>Elev forberedt med sidespejl<\/b><\/p>\n<p><span style=\"font-weight: 400;\">Ved foredragets slutning suser eleverne ud af d\u00f8ren i det k\u00f8lige aprilvejr sammen med Nicolai. Det er blevet tid til det, mange af b\u00f8rnene har gl\u00e6det sig til:<\/span><\/p>\n<p><span style=\"font-weight: 400;\">At komme ud at g\u00e5. Bagl\u00e6ns vel at m\u00e6rke.<\/span><\/p>\n<p><span style=\"font-weight: 400;\">Den alternative vandremetode stammer fra 2021, hvor Nicolai bagl\u00e6ns gik 1900 kilometer p\u00e5 tv\u00e6rs af Danmark. M\u00e5let med den omvendte gang var at skabe opm\u00e6rksomhed omkring hans antimobbebudskab, og det er i forl\u00e6ngelse af dette projekt, at han i \u00e5r tager ud at g\u00e5 med skoleelever fra hele landet.<\/span><\/p>\n<a class=\"dvrt-link\" onClick=\"cdmtrack_click(114591,jQuery(this));return false\" href=\"https:\/\/www.facebook.com\/kopogkandemors\"><img decoding=\"async\" style=\"width:100%;\" src=\"https:\/\/kunmedierne.dk\/mors\/wp-content\/uploads\/2024\/03\/kop-og-kande-ja-tak-tilbud.jpg\"><\/a><script>cdmtrack_view(114591);<\/script>\n<p><span style=\"font-weight: 400;\">Den \u00f8vede vandrer f\u00f8rer s\u00e5ledes erfarent an med ryggen til p\u00e5 friskolens velkendte g\u00e5tur rundt om Bjergby Kirke.<\/span><\/p>\n<p><span style=\"font-weight: 400;\">Resten af selskabet holder tungen lige i munden ved de f\u00f8rste bagl\u00e6ns skridt, og der bliver sk\u00e6vet en del over skulderen, mens elever og l\u00e6rere sp\u00e6ndte begiver sig bagl\u00e6ns ud i byens gader.<\/span><\/p>\n<p><span style=\"font-weight: 400;\">Under g\u00e5turen er der dog \u00e9n elev, der med sin aldeles ubesv\u00e6rede gang skiller sig noget ud. B\u00e5de l\u00e6rere og b\u00f8rn tager anerkendende hatten af for hans p\u00e5fund &#8211; eleven har nemlig i dagens anledning taget et sidespejl fra en bil med.<\/span><\/p>\n<p><span style=\"font-weight: 400;\">L\u00e6nge g\u00e5r der ikke, f\u00f8r de forbipasserende biler begynder at stoppe nysgerrigt op. Og da skoleflokken passerer b\u00f8rnehuset Troldeh\u00f8j, er en h\u00e5ndfuld b\u00f8rn i hue og flyverdragt stimlet hen til h\u00e6kken og st\u00e5r nu m\u00e5bende og f\u00f8lger friskoleeleverne p\u00e5 den anden side af hegnet.<\/span><\/p>\n<p><span style=\"font-weight: 400;\">Ja, selv i Bjergby kan bagl\u00e6ns gang tiltr\u00e6kke masser af opm\u00e6rksomhed.<\/span><\/p>\n<a class=\"dvrt-link\" onClick=\"cdmtrack_click(104780,jQuery(this));return false\" href=\"https:\/\/www.spard.dk\/\"><img decoding=\"async\" style=\"width:100%;\" src=\"https:\/\/kunmedierne.dk\/mors\/wp-content\/uploads\/2023\/12\/sparekassen-dk-maj25.gif\"><\/a><script>cdmtrack_view(104780);<\/script>\n<p><span style=\"font-weight: 400;\">S\u00e5 meget, at byens indbyggere endda tr\u00e6kker i overt\u00f8jet for at komme ud til vejen og se, hvad der foreg\u00e5r.<\/span><\/p>\n<p><span style=\"font-weight: 400;\">\u201cDet er h\u00e5rd ved \u00e6 l\u00e5rbasser,\u201d griner en af l\u00e6rerne tilbage, \u201cI sku&#8217; tage at pr\u00f8ve det!\u201d<\/span><\/p>\n<p>&nbsp;<\/p>\n<p><b>Gjorde ogs\u00e5 indtryk p\u00e5 l\u00e6rerne<\/b><\/p>\n<p><span style=\"font-weight: 400;\">Tilbage i varmen p\u00e5 skolen g\u00e5r Nicolai rundt i klasserne og snakker med eleverne. Ud over r\u00f8de kinder og et smil p\u00e5 l\u00e6ben har g\u00e5turen ogs\u00e5 givet eleverne masser af stof til eftertanke.<\/span><\/p>\n<p><span style=\"font-weight: 400;\">\u201cDet er sejt, at han t\u00f8r stille sig op foran mange mennesker og fort\u00e6lle om sit liv, n\u00e5r han selv er blevet mobbet,\u201d medgiver Josefine Kragh M\u00f8ller fra 6. klasse og konstaterer:<\/span><\/p>\n<p><span style=\"font-weight: 400;\">\u201cDet, tror jeg, kr\u00e6ver mod.\u201d<\/span><\/p>\n<p><span style=\"font-weight: 400;\">Ogs\u00e5 p\u00e5 l\u00e6rerv\u00e6relset har Nicolais ord bidt sig fast:<\/span><\/p>\n<p><span style=\"font-weight: 400;\">\u201cDet g\u00f8r ondt helt ned i maven at h\u00f8re, hvad Nicolai har v\u00e6ret igennem,\u201d lyder det fra skolelederen, Luise Boje Mortensen.<\/span><\/p>\n<a class=\"dvrt-link\" onClick=\"cdmtrack_click(104787,jQuery(this));return false\" href=\"https:\/\/www.jyskebank.dk\/kontakt\/afdelingsinfo?departmentid=11890\"><img decoding=\"async\" style=\"width:100%;\" src=\"https:\/\/kunmedierne.dk\/mors\/wp-content\/uploads\/2023\/10\/260325JyskeBankMorsNy-1.jpg\"><\/a><script>cdmtrack_view(104787);<\/script>\n<p><span style=\"font-weight: 400;\">Hun er fyldt med lettelse over, hvor godt foredraget forl\u00f8b og var is\u00e6r positivt overrasket over at se, hvordan eleverne sugede Nicolais historie til sig.<\/span><\/p>\n<p><span style=\"font-weight: 400;\">Resten af l\u00e6rerv\u00e6relset erkl\u00e6rer sig helt enige og er glade for at se, at eleverne med s\u00e5 \u00e5bne sind har taget imod den anderledes Nicolai:<\/span><\/p>\n<p><span style=\"font-weight: 400;\">\u201cDet handler jo om at omfavne forskellighederne, men det er alts\u00e5 ikke alle b\u00f8rn, der kan det. S\u00e5 det betyder rigtig meget at give eleverne s\u00e5dan nogle oplevelser her og se, hvordan de reagerer,\u201d fort\u00e6ller den tilfredse skoleleder, Luise.<\/span><\/p>\n<p>&nbsp;<\/p>\n<p><b>De voksnes skyld<\/b><\/p>\n<p><span style=\"font-weight: 400;\">Nicolai er glad for, at budskabet om konsekvenserne ved mobning ogs\u00e5 virker til at v\u00e6re tr\u00e6ngt ind hos de voksne.<\/span><\/p>\n<p><span style=\"font-weight: 400;\">If\u00f8lge ham er det nemlig de voksne, der er allerv\u00e6rst, n\u00e5r det g\u00e6lder mobning. For det er de voksne, der sviner hinanden til p\u00e5 internettet, og det er de voksne, der snakker d\u00e5rligt om kollegaer ved aftensmadsbordet:<\/span><\/p>\n<p><span style=\"font-weight: 400;\">\u201cVi glemmer, at det, vi viser b\u00f8rn, ogs\u00e5 er det, de selv l\u00e6rer at g\u00f8re. B\u00f8rn t\u00e6nker jo \u2018n\u00e5men hvis mor og far g\u00f8r s\u00e5dan, s\u00e5 g\u00f8r jeg det ogs\u00e5\u2019,\u201d forklarer Nicolai.<\/span><\/p>\n<a class=\"dvrt-link\" onClick=\"cdmtrack_click(114591,jQuery(this));return false\" href=\"https:\/\/www.facebook.com\/kopogkandemors\"><img decoding=\"async\" style=\"width:100%;\" src=\"https:\/\/kunmedierne.dk\/mors\/wp-content\/uploads\/2024\/03\/kop-og-kande-ja-tak-tilbud.jpg\"><\/a><script>cdmtrack_view(114591);<\/script>\n<p><span style=\"font-weight: 400;\">Derfor h\u00e5ber han ogs\u00e5 snart at kunne bes\u00f8ge virksomheder, for at sl\u00e5 fast at mobning ikke kun findes i skole\u00e5rene, men hele livet igennem:<\/span><\/p>\n<p><span style=\"font-weight: 400;\">\u201cOg kan jeg hj\u00e6lpe bare \u00e9t andet menneske, s\u00e5 er mit arbejde gjort. Gurli Gris.\u201d<\/span><\/p>\n<p><strong>L\u00c6S<\/strong>\u00a0<strong>OGS\u00c5:\u00a0<\/strong><a href=\"https:\/\/kunmedierne.dk\/mors\/tre-af-oeens-friskoler-gaar-baglaens-i-kampen-mod-mobning\/\" target=\"_blank\" rel=\"noopener\">Tre af \u00f8ens friskoler g\u00e5r bagl\u00e6ns i kampen mod mobning<\/a><\/p>\n<div id=\"attachment_68167\" style=\"width: 780px\" class=\"wp-caption alignnone\"><img loading=\"lazy\" decoding=\"async\" aria-describedby=\"caption-attachment-68167\" class=\"wp-image-68167 size-full\" src=\"https:\/\/kunmedierne.dk\/mors\/wp-content\/uploads\/2022\/04\/Nicolai-5.jpg\" alt=\"\" width=\"770\" height=\"513\" srcset=\"https:\/\/kunmedierne.dk\/mors\/wp-content\/uploads\/2022\/04\/Nicolai-5.jpg 770w, https:\/\/kunmedierne.dk\/mors\/wp-content\/uploads\/2022\/04\/Nicolai-5-300x200.jpg 300w, https:\/\/kunmedierne.dk\/mors\/wp-content\/uploads\/2022\/04\/Nicolai-5-768x512.jpg 768w, https:\/\/kunmedierne.dk\/mors\/wp-content\/uploads\/2022\/04\/Nicolai-5-360x240.jpg 360w, https:\/\/kunmedierne.dk\/mors\/wp-content\/uploads\/2022\/04\/Nicolai-5-600x400.jpg 600w\" sizes=\"auto, (max-width: 770px) 100vw, 770px\" \/><p id=\"caption-attachment-68167\" class=\"wp-caption-text\">Livet med Tourettes har gjort Nicolai til let mobbeoffer gennem hele sin opv\u00e6kst &#8211; men det har ogs\u00e5 givet ham redskaber til at h\u00e5ndtere mobning.<\/p><\/div>\n<a class=\"dvrt-link\" onClick=\"cdmtrack_click(114591,jQuery(this));return false\" href=\"https:\/\/www.facebook.com\/kopogkandemors\"><img decoding=\"async\" style=\"width:100%;\" src=\"https:\/\/kunmedierne.dk\/mors\/wp-content\/uploads\/2024\/03\/kop-og-kande-ja-tak-tilbud.jpg\"><\/a><script>cdmtrack_view(114591);<\/script>\n<div id=\"attachment_68166\" style=\"width: 780px\" class=\"wp-caption alignnone\"><img loading=\"lazy\" decoding=\"async\" aria-describedby=\"caption-attachment-68166\" class=\"wp-image-68166 size-full\" src=\"https:\/\/kunmedierne.dk\/mors\/wp-content\/uploads\/2022\/04\/Nicolai-4.jpg\" alt=\"\" width=\"770\" height=\"513\" srcset=\"https:\/\/kunmedierne.dk\/mors\/wp-content\/uploads\/2022\/04\/Nicolai-4.jpg 770w, https:\/\/kunmedierne.dk\/mors\/wp-content\/uploads\/2022\/04\/Nicolai-4-300x200.jpg 300w, https:\/\/kunmedierne.dk\/mors\/wp-content\/uploads\/2022\/04\/Nicolai-4-768x512.jpg 768w, https:\/\/kunmedierne.dk\/mors\/wp-content\/uploads\/2022\/04\/Nicolai-4-360x240.jpg 360w, https:\/\/kunmedierne.dk\/mors\/wp-content\/uploads\/2022\/04\/Nicolai-4-600x400.jpg 600w\" sizes=\"auto, (max-width: 770px) 100vw, 770px\" \/><p id=\"caption-attachment-68166\" class=\"wp-caption-text\">Al opm\u00e6rksomhed var rettet mod Nicolai, da han fortalte friskolens elever om sin barske historie.<\/p><\/div>\n<a class=\"dvrt-link\" onClick=\"cdmtrack_click(104781,jQuery(this));return false\" href=\"https:\/\/www.fmspks.dk\/\"><img decoding=\"async\" style=\"width:100%;\" src=\"https:\/\/kunmedierne.dk\/mors\/wp-content\/uploads\/2022\/02\/vip-froeslev-mollerup-sparekasse.jpg\"><\/a><script>cdmtrack_view(104781);<\/script>\n<div id=\"attachment_68163\" style=\"width: 780px\" class=\"wp-caption alignnone\"><img loading=\"lazy\" decoding=\"async\" aria-describedby=\"caption-attachment-68163\" class=\"wp-image-68163 size-full\" src=\"https:\/\/kunmedierne.dk\/mors\/wp-content\/uploads\/2022\/04\/Nicolai-1.jpg\" alt=\"\" width=\"770\" height=\"513\" srcset=\"https:\/\/kunmedierne.dk\/mors\/wp-content\/uploads\/2022\/04\/Nicolai-1.jpg 770w, https:\/\/kunmedierne.dk\/mors\/wp-content\/uploads\/2022\/04\/Nicolai-1-300x200.jpg 300w, https:\/\/kunmedierne.dk\/mors\/wp-content\/uploads\/2022\/04\/Nicolai-1-768x512.jpg 768w, https:\/\/kunmedierne.dk\/mors\/wp-content\/uploads\/2022\/04\/Nicolai-1-360x240.jpg 360w, https:\/\/kunmedierne.dk\/mors\/wp-content\/uploads\/2022\/04\/Nicolai-1-600x400.jpg 600w\" sizes=\"auto, (max-width: 770px) 100vw, 770px\" \/><p id=\"caption-attachment-68163\" class=\"wp-caption-text\">F\u00e6llesarealet var fyldt op af elever og personale under Nicolais foredrag.<\/p><\/div>\n<a class=\"dvrt-link\" onClick=\"cdmtrack_click(111725,jQuery(this));return false\" href=\"https:\/\/www.thistedforsikring.dk\/?utm_source=partnerskaber&amp;utm_campaign=kun_mors\"><img decoding=\"async\" style=\"width:100%;\" src=\"https:\/\/kunmedierne.dk\/mors\/wp-content\/uploads\/2024\/02\/269409KunMors-ThistedFor-1.png\"><\/a><script>cdmtrack_view(111725);<\/script>\n<div id=\"attachment_68164\" style=\"width: 780px\" class=\"wp-caption alignnone\"><img loading=\"lazy\" decoding=\"async\" aria-describedby=\"caption-attachment-68164\" class=\"wp-image-68164 size-full\" src=\"https:\/\/kunmedierne.dk\/mors\/wp-content\/uploads\/2022\/04\/Nicolai-2.jpg\" alt=\"\" width=\"770\" height=\"513\" srcset=\"https:\/\/kunmedierne.dk\/mors\/wp-content\/uploads\/2022\/04\/Nicolai-2.jpg 770w, https:\/\/kunmedierne.dk\/mors\/wp-content\/uploads\/2022\/04\/Nicolai-2-300x200.jpg 300w, https:\/\/kunmedierne.dk\/mors\/wp-content\/uploads\/2022\/04\/Nicolai-2-768x512.jpg 768w, https:\/\/kunmedierne.dk\/mors\/wp-content\/uploads\/2022\/04\/Nicolai-2-360x240.jpg 360w, https:\/\/kunmedierne.dk\/mors\/wp-content\/uploads\/2022\/04\/Nicolai-2-600x400.jpg 600w\" sizes=\"auto, (max-width: 770px) 100vw, 770px\" \/><p id=\"caption-attachment-68164\" class=\"wp-caption-text\">P\u00e5 den bagl\u00e6ns g\u00e5tur var masser af elever med p\u00e5 at deltage i Nicolais TikTok-video.<\/p><\/div>\n<a class=\"dvrt-link\" onClick=\"cdmtrack_click(111725,jQuery(this));return false\" href=\"https:\/\/www.thistedforsikring.dk\/?utm_source=partnerskaber&amp;utm_campaign=kun_mors\"><img decoding=\"async\" style=\"width:100%;\" src=\"https:\/\/kunmedierne.dk\/mors\/wp-content\/uploads\/2024\/02\/269409KunMors-ThistedFor-1.png\"><\/a><script>cdmtrack_view(111725);<\/script>\n<div id=\"attachment_68165\" style=\"width: 780px\" class=\"wp-caption alignnone\"><img loading=\"lazy\" decoding=\"async\" aria-describedby=\"caption-attachment-68165\" class=\"wp-image-68165 size-full\" src=\"https:\/\/kunmedierne.dk\/mors\/wp-content\/uploads\/2022\/04\/Nicolai-3.jpg\" alt=\"\" width=\"770\" height=\"513\" srcset=\"https:\/\/kunmedierne.dk\/mors\/wp-content\/uploads\/2022\/04\/Nicolai-3.jpg 770w, https:\/\/kunmedierne.dk\/mors\/wp-content\/uploads\/2022\/04\/Nicolai-3-300x200.jpg 300w, https:\/\/kunmedierne.dk\/mors\/wp-content\/uploads\/2022\/04\/Nicolai-3-768x512.jpg 768w, https:\/\/kunmedierne.dk\/mors\/wp-content\/uploads\/2022\/04\/Nicolai-3-360x240.jpg 360w, https:\/\/kunmedierne.dk\/mors\/wp-content\/uploads\/2022\/04\/Nicolai-3-600x400.jpg 600w\" sizes=\"auto, (max-width: 770px) 100vw, 770px\" \/><p id=\"caption-attachment-68165\" class=\"wp-caption-text\">S\u00e6rligt \u00e9n elev havde gjort sig nogle kreative tanker hjemmefra og medbragt en s\u00e6rlig rekvisit til dagens aktivitet.<\/p><\/div>\n<a class=\"dvrt-link\" onClick=\"cdmtrack_click(169437,jQuery(this));return false\" href=\"https:\/\/thymors.dk\/sponsorater\/15-til-faellesskabet?utm_source=kunmors&amp;utm_medium=annonce&amp;utm_campaign=sponsorater\"><img decoding=\"async\" style=\"width:100%;\" src=\"https:\/\/kunmedierne.dk\/mors\/wp-content\/uploads\/2026\/03\/260407ThyMors-energi_faellesskab_generel-1.jpg\"><\/a><script>cdmtrack_view(169437);<\/script>\n<div id=\"attachment_68168\" style=\"width: 780px\" class=\"wp-caption alignnone\"><img loading=\"lazy\" decoding=\"async\" aria-describedby=\"caption-attachment-68168\" class=\"wp-image-68168 size-full\" src=\"https:\/\/kunmedierne.dk\/mors\/wp-content\/uploads\/2022\/04\/Nicolai-6.jpg\" alt=\"\" width=\"770\" height=\"513\" srcset=\"https:\/\/kunmedierne.dk\/mors\/wp-content\/uploads\/2022\/04\/Nicolai-6.jpg 770w, https:\/\/kunmedierne.dk\/mors\/wp-content\/uploads\/2022\/04\/Nicolai-6-300x200.jpg 300w, https:\/\/kunmedierne.dk\/mors\/wp-content\/uploads\/2022\/04\/Nicolai-6-768x512.jpg 768w, https:\/\/kunmedierne.dk\/mors\/wp-content\/uploads\/2022\/04\/Nicolai-6-360x240.jpg 360w, https:\/\/kunmedierne.dk\/mors\/wp-content\/uploads\/2022\/04\/Nicolai-6-600x400.jpg 600w\" sizes=\"auto, (max-width: 770px) 100vw, 770px\" \/><p id=\"caption-attachment-68168\" class=\"wp-caption-text\">Tilbage p\u00e5 skolen blev der danset endnu flere TikTok-videoer i hus med de friske elever.<\/p><\/div>\n<a class=\"dvrt-link\" onClick=\"cdmtrack_click(111725,jQuery(this));return false\" href=\"https:\/\/www.thistedforsikring.dk\/?utm_source=partnerskaber&amp;utm_campaign=kun_mors\"><img decoding=\"async\" style=\"width:100%;\" src=\"https:\/\/kunmedierne.dk\/mors\/wp-content\/uploads\/2024\/02\/269409KunMors-ThistedFor-1.png\"><\/a><script>cdmtrack_view(111725);<\/script>\n<div id=\"attachment_68169\" style=\"width: 780px\" class=\"wp-caption alignnone\"><img loading=\"lazy\" decoding=\"async\" aria-describedby=\"caption-attachment-68169\" class=\"wp-image-68169 size-full\" src=\"https:\/\/kunmedierne.dk\/mors\/wp-content\/uploads\/2022\/04\/Nicolai-7.jpg\" alt=\"\" width=\"770\" height=\"513\" srcset=\"https:\/\/kunmedierne.dk\/mors\/wp-content\/uploads\/2022\/04\/Nicolai-7.jpg 770w, https:\/\/kunmedierne.dk\/mors\/wp-content\/uploads\/2022\/04\/Nicolai-7-300x200.jpg 300w, https:\/\/kunmedierne.dk\/mors\/wp-content\/uploads\/2022\/04\/Nicolai-7-768x512.jpg 768w, https:\/\/kunmedierne.dk\/mors\/wp-content\/uploads\/2022\/04\/Nicolai-7-360x240.jpg 360w, https:\/\/kunmedierne.dk\/mors\/wp-content\/uploads\/2022\/04\/Nicolai-7-600x400.jpg 600w\" sizes=\"auto, (max-width: 770px) 100vw, 770px\" \/><p id=\"caption-attachment-68169\" class=\"wp-caption-text\">Der var rig mulighed for at f\u00e5 nysgerrigheden stillet, da Nicolai tog rundt i klassev\u00e6relserne for at svare p\u00e5 sp\u00f8rgsm\u00e5l fra eleverne.<\/p><\/div>\n<a class=\"dvrt-link\" onClick=\"cdmtrack_click(104787,jQuery(this));return false\" href=\"https:\/\/www.jyskebank.dk\/kontakt\/afdelingsinfo?departmentid=11890\"><img decoding=\"async\" style=\"width:100%;\" src=\"https:\/\/kunmedierne.dk\/mors\/wp-content\/uploads\/2023\/10\/260325JyskeBankMorsNy-1.jpg\"><\/a><script>cdmtrack_view(104787);<\/script>\n<blockquote>\n<h3>\u00d8ENS SKOLER<\/h3>\n<h5>Dette var femte afsnit i serien om skolerne p\u00e5 Mors. Serien har ingen fast udgivelsesdag og ingen deadline for at n\u00e5 alle skolerne \u2013 men hen ad vejen bes\u00f8ger vi dem alle.<\/h5>\n<h5>Vi har tidligere bes\u00f8gt <a href=\"https:\/\/kunmedierne.dk\/mors\/et-hus-en-puls-en-retning\/\" target=\"_blank\" rel=\"noopener\">\u00d8ster J\u00f8lby Skole &amp; B\u00f8rnehus<\/a>, <a href=\"https:\/\/kunmedierne.dk\/mors\/havoernen-i-smedebjerge-var-kun-seks-centimeter-for-stor\/\" target=\"_blank\" rel=\"noopener\">Sydmors Skole og B\u00f8rnehus<\/a>,\u00a0<a href=\"https:\/\/kunmedierne.dk\/mors\/international-horisont-i-boernehoejde\/\" target=\"_blank\" rel=\"noopener\">\u00d8rding Friskole<\/a>\u00a0og\u00a0<a href=\"https:\/\/kunmedierne.dk\/mors\/man-holder-ikke-skole-man-holder-samfund\/\">Naturfriskolen Nordmors<\/a>.<\/h5>\n<\/blockquote>\n","protected":false},"excerpt":{"rendered":"<p>BJERGBY: \u201cGr\u00f8ntsager,\u201d \u201cGurli Gris!\u201d \u201cSe min r\u00f8v,\u201d \u201cRip, Rap, Rup.\u201d Klokken n\u00e6rmer sig 7:40 tirsdag morgen, og f\u00e6llesarealet p\u00e5 Bjergby Friskole summer af liv, mens eleverne lidt efter lidt tager plads p\u00e5 gulvet foran et stort, hvidt l\u00e6rred. En klang af klaverakkorder f\u00e5r stemmerne i f\u00e6llesarealet til at fortage sig, og der s\u00e6nker sig en [&hellip;]<\/p>\n","protected":false},"author":2240,"featured_media":68161,"comment_status":"open","ping_status":"open","sticky":false,"template":"","format":"standard","meta":{"_acf_changed":false,"footnotes":""},"categories":[51],"tags":[170],"class_list":["post-68138","post","type-post","status-publish","format-standard","has-post-thumbnail","hentry","category-lokalt","tag-uddannelse"],"acf":[],"yoast_head":"<!-- This site is optimized with the Yoast SEO plugin v26.8 - https:\/\/yoast.com\/product\/yoast-seo-wordpress\/ -->\n<title>Mediestjerne s\u00e6tter sammen med \u00f8ens elever fokus p\u00e5 mobning - bagl\u00e6ns - Mors<\/title>\n<meta name=\"robots\" content=\"index, follow, max-snippet:-1, max-image-preview:large, max-video-preview:-1\" \/>\n<link rel=\"canonical\" href=\"https:\/\/kunmedierne.dk\/mors\/mediestjerne-saetter-sammen-med-oeens-elever-fokus-paa-mobning-baglaens\/\" \/>\n<meta property=\"og:locale\" content=\"da_DK\" \/>\n<meta property=\"og:type\" content=\"article\" \/>\n<meta property=\"og:title\" content=\"Mediestjerne s\u00e6tter sammen med \u00f8ens elever fokus p\u00e5 mobning - bagl\u00e6ns - Mors\" \/>\n<meta property=\"og:description\" content=\"BJERGBY: \u201cGr\u00f8ntsager,\u201d \u201cGurli Gris!\u201d \u201cSe min r\u00f8v,\u201d \u201cRip, Rap, Rup.\u201d Klokken n\u00e6rmer sig 7:40 tirsdag morgen, og f\u00e6llesarealet p\u00e5 Bjergby Friskole summer af liv, mens eleverne lidt efter lidt tager plads p\u00e5 gulvet foran et stort, hvidt l\u00e6rred. En klang af klaverakkorder f\u00e5r stemmerne i f\u00e6llesarealet til at fortage sig, og der s\u00e6nker sig en [&hellip;]\" \/>\n<meta property=\"og:url\" content=\"https:\/\/kunmedierne.dk\/mors\/mediestjerne-saetter-sammen-med-oeens-elever-fokus-paa-mobning-baglaens\/\" \/>\n<meta property=\"og:site_name\" content=\"Mors\" \/>\n<meta property=\"article:published_time\" content=\"2022-04-27T08:26:54+00:00\" \/>\n<meta property=\"article:modified_time\" content=\"2024-08-12T11:34:19+00:00\" \/>\n<meta property=\"og:image\" content=\"https:\/\/kunmedierne.dk\/mors\/wp-content\/uploads\/2022\/04\/Nicolai.jpg\" \/>\n\t<meta property=\"og:image:width\" content=\"770\" \/>\n\t<meta property=\"og:image:height\" content=\"513\" \/>\n\t<meta property=\"og:image:type\" content=\"image\/jpeg\" \/>\n<meta name=\"author\" content=\"Maya Christensen\" \/>\n<meta name=\"twitter:card\" content=\"summary_large_image\" \/>\n<meta name=\"twitter:label1\" content=\"Skrevet af\" \/>\n\t<meta name=\"twitter:data1\" content=\"Maya Christensen\" \/>\n\t<meta name=\"twitter:label2\" content=\"Estimeret l\u00e6setid\" \/>\n\t<meta name=\"twitter:data2\" content=\"10 minutter\" \/>\n<script type=\"application\/ld+json\" class=\"yoast-schema-graph\">{\"@context\":\"https:\/\/schema.org\",\"@graph\":[{\"@type\":\"Article\",\"@id\":\"https:\/\/kunmedierne.dk\/mors\/mediestjerne-saetter-sammen-med-oeens-elever-fokus-paa-mobning-baglaens\/#article\",\"isPartOf\":{\"@id\":\"https:\/\/kunmedierne.dk\/mors\/mediestjerne-saetter-sammen-med-oeens-elever-fokus-paa-mobning-baglaens\/\"},\"author\":{\"name\":\"Maya Christensen\",\"@id\":\"https:\/\/kunmedierne.dk\/mors\/#\/schema\/person\/35e99442712b0c574c6098964a767c94\"},\"headline\":\"Mediestjerne s\u00e6tter sammen med \u00f8ens elever fokus p\u00e5 mobning &#8211; bagl\u00e6ns\",\"datePublished\":\"2022-04-27T08:26:54+00:00\",\"dateModified\":\"2024-08-12T11:34:19+00:00\",\"mainEntityOfPage\":{\"@id\":\"https:\/\/kunmedierne.dk\/mors\/mediestjerne-saetter-sammen-med-oeens-elever-fokus-paa-mobning-baglaens\/\"},\"wordCount\":1786,\"commentCount\":0,\"publisher\":{\"@id\":\"https:\/\/kunmedierne.dk\/mors\/#organization\"},\"image\":{\"@id\":\"https:\/\/kunmedierne.dk\/mors\/mediestjerne-saetter-sammen-med-oeens-elever-fokus-paa-mobning-baglaens\/#primaryimage\"},\"thumbnailUrl\":\"https:\/\/kunmedierne.dk\/mors\/wp-content\/uploads\/2022\/04\/Nicolai.jpg\",\"keywords\":[\"Skoler og uddannelse\"],\"articleSection\":[\"Lokalt\"],\"inLanguage\":\"da-DK\",\"potentialAction\":[{\"@type\":\"CommentAction\",\"name\":\"Comment\",\"target\":[\"https:\/\/kunmedierne.dk\/mors\/mediestjerne-saetter-sammen-med-oeens-elever-fokus-paa-mobning-baglaens\/#respond\"]}]},{\"@type\":\"WebPage\",\"@id\":\"https:\/\/kunmedierne.dk\/mors\/mediestjerne-saetter-sammen-med-oeens-elever-fokus-paa-mobning-baglaens\/\",\"url\":\"https:\/\/kunmedierne.dk\/mors\/mediestjerne-saetter-sammen-med-oeens-elever-fokus-paa-mobning-baglaens\/\",\"name\":\"Mediestjerne s\u00e6tter sammen med \u00f8ens elever fokus p\u00e5 mobning - bagl\u00e6ns - Mors\",\"isPartOf\":{\"@id\":\"https:\/\/kunmedierne.dk\/mors\/#website\"},\"primaryImageOfPage\":{\"@id\":\"https:\/\/kunmedierne.dk\/mors\/mediestjerne-saetter-sammen-med-oeens-elever-fokus-paa-mobning-baglaens\/#primaryimage\"},\"image\":{\"@id\":\"https:\/\/kunmedierne.dk\/mors\/mediestjerne-saetter-sammen-med-oeens-elever-fokus-paa-mobning-baglaens\/#primaryimage\"},\"thumbnailUrl\":\"https:\/\/kunmedierne.dk\/mors\/wp-content\/uploads\/2022\/04\/Nicolai.jpg\",\"datePublished\":\"2022-04-27T08:26:54+00:00\",\"dateModified\":\"2024-08-12T11:34:19+00:00\",\"breadcrumb\":{\"@id\":\"https:\/\/kunmedierne.dk\/mors\/mediestjerne-saetter-sammen-med-oeens-elever-fokus-paa-mobning-baglaens\/#breadcrumb\"},\"inLanguage\":\"da-DK\",\"potentialAction\":[{\"@type\":\"ReadAction\",\"target\":[\"https:\/\/kunmedierne.dk\/mors\/mediestjerne-saetter-sammen-med-oeens-elever-fokus-paa-mobning-baglaens\/\"]}]},{\"@type\":\"ImageObject\",\"inLanguage\":\"da-DK\",\"@id\":\"https:\/\/kunmedierne.dk\/mors\/mediestjerne-saetter-sammen-med-oeens-elever-fokus-paa-mobning-baglaens\/#primaryimage\",\"url\":\"https:\/\/kunmedierne.dk\/mors\/wp-content\/uploads\/2022\/04\/Nicolai.jpg\",\"contentUrl\":\"https:\/\/kunmedierne.dk\/mors\/wp-content\/uploads\/2022\/04\/Nicolai.jpg\",\"width\":770,\"height\":513,\"caption\":\"I denne uge kan bagl\u00e6nsg\u00e5ende friskoleb\u00f8rn spottes p\u00e5 \u00f8ens landeveje - og d\u00e9t med et helt s\u00e6rligt form\u00e5l. Se flere billeder i bunden af artiklen.\"},{\"@type\":\"BreadcrumbList\",\"@id\":\"https:\/\/kunmedierne.dk\/mors\/mediestjerne-saetter-sammen-med-oeens-elever-fokus-paa-mobning-baglaens\/#breadcrumb\",\"itemListElement\":[{\"@type\":\"ListItem\",\"position\":1,\"name\":\"Hjem\",\"item\":\"https:\/\/kunmedierne.dk\/mors\/\"},{\"@type\":\"ListItem\",\"position\":2,\"name\":\"Mediestjerne s\u00e6tter sammen med \u00f8ens elever fokus p\u00e5 mobning &#8211; bagl\u00e6ns\"}]},{\"@type\":\"WebSite\",\"@id\":\"https:\/\/kunmedierne.dk\/mors\/#website\",\"url\":\"https:\/\/kunmedierne.dk\/mors\/\",\"name\":\"Mors\",\"description\":\"et netmedie med journalistik om livet p\u00e5 Mors\",\"publisher\":{\"@id\":\"https:\/\/kunmedierne.dk\/mors\/#organization\"},\"potentialAction\":[{\"@type\":\"SearchAction\",\"target\":{\"@type\":\"EntryPoint\",\"urlTemplate\":\"https:\/\/kunmedierne.dk\/mors\/?s={search_term_string}\"},\"query-input\":{\"@type\":\"PropertyValueSpecification\",\"valueRequired\":true,\"valueName\":\"search_term_string\"}}],\"inLanguage\":\"da-DK\"},{\"@type\":\"Organization\",\"@id\":\"https:\/\/kunmedierne.dk\/mors\/#organization\",\"name\":\"Mors\",\"url\":\"https:\/\/kunmedierne.dk\/mors\/\",\"logo\":{\"@type\":\"ImageObject\",\"inLanguage\":\"da-DK\",\"@id\":\"https:\/\/kunmedierne.dk\/mors\/#\/schema\/logo\/image\/\",\"url\":\"https:\/\/kunmedierne.dk\/mors\/wp-content\/uploads\/2024\/08\/kunmors-logo.svg\",\"contentUrl\":\"https:\/\/kunmedierne.dk\/mors\/wp-content\/uploads\/2024\/08\/kunmors-logo.svg\",\"caption\":\"Mors\"},\"image\":{\"@id\":\"https:\/\/kunmedierne.dk\/mors\/#\/schema\/logo\/image\/\"}},{\"@type\":\"Person\",\"@id\":\"https:\/\/kunmedierne.dk\/mors\/#\/schema\/person\/35e99442712b0c574c6098964a767c94\",\"name\":\"Maya Christensen\",\"image\":{\"@type\":\"ImageObject\",\"inLanguage\":\"da-DK\",\"@id\":\"https:\/\/kunmedierne.dk\/mors\/#\/schema\/person\/image\/\",\"url\":\"https:\/\/secure.gravatar.com\/avatar\/00cd13aba1f5e879fbdcd57b2f12ee56e4db44d0d4d66e8d702916bd01f9c669?s=96&d=mm&r=g\",\"contentUrl\":\"https:\/\/secure.gravatar.com\/avatar\/00cd13aba1f5e879fbdcd57b2f12ee56e4db44d0d4d66e8d702916bd01f9c669?s=96&d=mm&r=g\",\"caption\":\"Maya Christensen\"},\"url\":\"https:\/\/kunmedierne.dk\/mors\/author\/maya\/\"}]}<\/script>\n<!-- \/ Yoast SEO plugin. -->","yoast_head_json":{"title":"Mediestjerne s\u00e6tter sammen med \u00f8ens elever fokus p\u00e5 mobning - bagl\u00e6ns - Mors","robots":{"index":"index","follow":"follow","max-snippet":"max-snippet:-1","max-image-preview":"max-image-preview:large","max-video-preview":"max-video-preview:-1"},"canonical":"https:\/\/kunmedierne.dk\/mors\/mediestjerne-saetter-sammen-med-oeens-elever-fokus-paa-mobning-baglaens\/","og_locale":"da_DK","og_type":"article","og_title":"Mediestjerne s\u00e6tter sammen med \u00f8ens elever fokus p\u00e5 mobning - bagl\u00e6ns - Mors","og_description":"BJERGBY: \u201cGr\u00f8ntsager,\u201d \u201cGurli Gris!\u201d \u201cSe min r\u00f8v,\u201d \u201cRip, Rap, Rup.\u201d Klokken n\u00e6rmer sig 7:40 tirsdag morgen, og f\u00e6llesarealet p\u00e5 Bjergby Friskole summer af liv, mens eleverne lidt efter lidt tager plads p\u00e5 gulvet foran et stort, hvidt l\u00e6rred. En klang af klaverakkorder f\u00e5r stemmerne i f\u00e6llesarealet til at fortage sig, og der s\u00e6nker sig en [&hellip;]","og_url":"https:\/\/kunmedierne.dk\/mors\/mediestjerne-saetter-sammen-med-oeens-elever-fokus-paa-mobning-baglaens\/","og_site_name":"Mors","article_published_time":"2022-04-27T08:26:54+00:00","article_modified_time":"2024-08-12T11:34:19+00:00","og_image":[{"width":770,"height":513,"url":"https:\/\/kunmedierne.dk\/mors\/wp-content\/uploads\/2022\/04\/Nicolai.jpg","type":"image\/jpeg"}],"author":"Maya Christensen","twitter_card":"summary_large_image","twitter_misc":{"Skrevet af":"Maya Christensen","Estimeret l\u00e6setid":"10 minutter"},"schema":{"@context":"https:\/\/schema.org","@graph":[{"@type":"Article","@id":"https:\/\/kunmedierne.dk\/mors\/mediestjerne-saetter-sammen-med-oeens-elever-fokus-paa-mobning-baglaens\/#article","isPartOf":{"@id":"https:\/\/kunmedierne.dk\/mors\/mediestjerne-saetter-sammen-med-oeens-elever-fokus-paa-mobning-baglaens\/"},"author":{"name":"Maya Christensen","@id":"https:\/\/kunmedierne.dk\/mors\/#\/schema\/person\/35e99442712b0c574c6098964a767c94"},"headline":"Mediestjerne s\u00e6tter sammen med \u00f8ens elever fokus p\u00e5 mobning &#8211; bagl\u00e6ns","datePublished":"2022-04-27T08:26:54+00:00","dateModified":"2024-08-12T11:34:19+00:00","mainEntityOfPage":{"@id":"https:\/\/kunmedierne.dk\/mors\/mediestjerne-saetter-sammen-med-oeens-elever-fokus-paa-mobning-baglaens\/"},"wordCount":1786,"commentCount":0,"publisher":{"@id":"https:\/\/kunmedierne.dk\/mors\/#organization"},"image":{"@id":"https:\/\/kunmedierne.dk\/mors\/mediestjerne-saetter-sammen-med-oeens-elever-fokus-paa-mobning-baglaens\/#primaryimage"},"thumbnailUrl":"https:\/\/kunmedierne.dk\/mors\/wp-content\/uploads\/2022\/04\/Nicolai.jpg","keywords":["Skoler og uddannelse"],"articleSection":["Lokalt"],"inLanguage":"da-DK","potentialAction":[{"@type":"CommentAction","name":"Comment","target":["https:\/\/kunmedierne.dk\/mors\/mediestjerne-saetter-sammen-med-oeens-elever-fokus-paa-mobning-baglaens\/#respond"]}]},{"@type":"WebPage","@id":"https:\/\/kunmedierne.dk\/mors\/mediestjerne-saetter-sammen-med-oeens-elever-fokus-paa-mobning-baglaens\/","url":"https:\/\/kunmedierne.dk\/mors\/mediestjerne-saetter-sammen-med-oeens-elever-fokus-paa-mobning-baglaens\/","name":"Mediestjerne s\u00e6tter sammen med \u00f8ens elever fokus p\u00e5 mobning - bagl\u00e6ns - Mors","isPartOf":{"@id":"https:\/\/kunmedierne.dk\/mors\/#website"},"primaryImageOfPage":{"@id":"https:\/\/kunmedierne.dk\/mors\/mediestjerne-saetter-sammen-med-oeens-elever-fokus-paa-mobning-baglaens\/#primaryimage"},"image":{"@id":"https:\/\/kunmedierne.dk\/mors\/mediestjerne-saetter-sammen-med-oeens-elever-fokus-paa-mobning-baglaens\/#primaryimage"},"thumbnailUrl":"https:\/\/kunmedierne.dk\/mors\/wp-content\/uploads\/2022\/04\/Nicolai.jpg","datePublished":"2022-04-27T08:26:54+00:00","dateModified":"2024-08-12T11:34:19+00:00","breadcrumb":{"@id":"https:\/\/kunmedierne.dk\/mors\/mediestjerne-saetter-sammen-med-oeens-elever-fokus-paa-mobning-baglaens\/#breadcrumb"},"inLanguage":"da-DK","potentialAction":[{"@type":"ReadAction","target":["https:\/\/kunmedierne.dk\/mors\/mediestjerne-saetter-sammen-med-oeens-elever-fokus-paa-mobning-baglaens\/"]}]},{"@type":"ImageObject","inLanguage":"da-DK","@id":"https:\/\/kunmedierne.dk\/mors\/mediestjerne-saetter-sammen-med-oeens-elever-fokus-paa-mobning-baglaens\/#primaryimage","url":"https:\/\/kunmedierne.dk\/mors\/wp-content\/uploads\/2022\/04\/Nicolai.jpg","contentUrl":"https:\/\/kunmedierne.dk\/mors\/wp-content\/uploads\/2022\/04\/Nicolai.jpg","width":770,"height":513,"caption":"I denne uge kan bagl\u00e6nsg\u00e5ende friskoleb\u00f8rn spottes p\u00e5 \u00f8ens landeveje - og d\u00e9t med et helt s\u00e6rligt form\u00e5l. Se flere billeder i bunden af artiklen."},{"@type":"BreadcrumbList","@id":"https:\/\/kunmedierne.dk\/mors\/mediestjerne-saetter-sammen-med-oeens-elever-fokus-paa-mobning-baglaens\/#breadcrumb","itemListElement":[{"@type":"ListItem","position":1,"name":"Hjem","item":"https:\/\/kunmedierne.dk\/mors\/"},{"@type":"ListItem","position":2,"name":"Mediestjerne s\u00e6tter sammen med \u00f8ens elever fokus p\u00e5 mobning &#8211; bagl\u00e6ns"}]},{"@type":"WebSite","@id":"https:\/\/kunmedierne.dk\/mors\/#website","url":"https:\/\/kunmedierne.dk\/mors\/","name":"Mors","description":"et netmedie med journalistik om livet p\u00e5 Mors","publisher":{"@id":"https:\/\/kunmedierne.dk\/mors\/#organization"},"potentialAction":[{"@type":"SearchAction","target":{"@type":"EntryPoint","urlTemplate":"https:\/\/kunmedierne.dk\/mors\/?s={search_term_string}"},"query-input":{"@type":"PropertyValueSpecification","valueRequired":true,"valueName":"search_term_string"}}],"inLanguage":"da-DK"},{"@type":"Organization","@id":"https:\/\/kunmedierne.dk\/mors\/#organization","name":"Mors","url":"https:\/\/kunmedierne.dk\/mors\/","logo":{"@type":"ImageObject","inLanguage":"da-DK","@id":"https:\/\/kunmedierne.dk\/mors\/#\/schema\/logo\/image\/","url":"https:\/\/kunmedierne.dk\/mors\/wp-content\/uploads\/2024\/08\/kunmors-logo.svg","contentUrl":"https:\/\/kunmedierne.dk\/mors\/wp-content\/uploads\/2024\/08\/kunmors-logo.svg","caption":"Mors"},"image":{"@id":"https:\/\/kunmedierne.dk\/mors\/#\/schema\/logo\/image\/"}},{"@type":"Person","@id":"https:\/\/kunmedierne.dk\/mors\/#\/schema\/person\/35e99442712b0c574c6098964a767c94","name":"Maya Christensen","image":{"@type":"ImageObject","inLanguage":"da-DK","@id":"https:\/\/kunmedierne.dk\/mors\/#\/schema\/person\/image\/","url":"https:\/\/secure.gravatar.com\/avatar\/00cd13aba1f5e879fbdcd57b2f12ee56e4db44d0d4d66e8d702916bd01f9c669?s=96&d=mm&r=g","contentUrl":"https:\/\/secure.gravatar.com\/avatar\/00cd13aba1f5e879fbdcd57b2f12ee56e4db44d0d4d66e8d702916bd01f9c669?s=96&d=mm&r=g","caption":"Maya Christensen"},"url":"https:\/\/kunmedierne.dk\/mors\/author\/maya\/"}]}},"_links":{"self":[{"href":"https:\/\/kunmedierne.dk\/mors\/wp-json\/wp\/v2\/posts\/68138","targetHints":{"allow":["GET"]}}],"collection":[{"href":"https:\/\/kunmedierne.dk\/mors\/wp-json\/wp\/v2\/posts"}],"about":[{"href":"https:\/\/kunmedierne.dk\/mors\/wp-json\/wp\/v2\/types\/post"}],"author":[{"embeddable":true,"href":"https:\/\/kunmedierne.dk\/mors\/wp-json\/wp\/v2\/users\/2240"}],"replies":[{"embeddable":true,"href":"https:\/\/kunmedierne.dk\/mors\/wp-json\/wp\/v2\/comments?post=68138"}],"version-history":[{"count":13,"href":"https:\/\/kunmedierne.dk\/mors\/wp-json\/wp\/v2\/posts\/68138\/revisions"}],"predecessor-version":[{"id":68176,"href":"https:\/\/kunmedierne.dk\/mors\/wp-json\/wp\/v2\/posts\/68138\/revisions\/68176"}],"wp:featuredmedia":[{"embeddable":true,"href":"https:\/\/kunmedierne.dk\/mors\/wp-json\/wp\/v2\/media\/68161"}],"wp:attachment":[{"href":"https:\/\/kunmedierne.dk\/mors\/wp-json\/wp\/v2\/media?parent=68138"}],"wp:term":[{"taxonomy":"category","embeddable":true,"href":"https:\/\/kunmedierne.dk\/mors\/wp-json\/wp\/v2\/categories?post=68138"},{"taxonomy":"post_tag","embeddable":true,"href":"https:\/\/kunmedierne.dk\/mors\/wp-json\/wp\/v2\/tags?post=68138"}],"curies":[{"name":"wp","href":"https:\/\/api.w.org\/{rel}","templated":true}]}}