{"id":67315,"date":"2022-04-14T11:44:27","date_gmt":"2022-04-14T09:44:27","guid":{"rendered":"https:\/\/kunmedierne.dk\/mors\/?p=67315"},"modified":"2024-08-12T13:34:23","modified_gmt":"2024-08-12T11:34:23","slug":"fodbold-skaertorsdag-fire-lokale-hold-i-kamp","status":"publish","type":"post","link":"https:\/\/kunmedierne.dk\/mors\/fodbold-skaertorsdag-fire-lokale-hold-i-kamp\/","title":{"rendered":"Fodbold sk\u00e6rtorsdag: Fire lokale hold i kamp"},"content":{"rendered":"<p><strong>MORS<\/strong>: Omkring et halvt hundrede lokale fodboldspillere skal i kamp for \u00f8en i dag.<\/p>\n<p>Sk\u00e6rtorsdag er traditionelt en stor dag i fodboldens serier\u00e6kker, og det g\u00e6lder ogs\u00e5 i 2022: Fire af de hold, KunMors f\u00f8lger i dette for\u00e5r, skal p\u00e5 gr\u00e6s.<\/p>\n<p>Klokken 12.30 tager Nordvestmors BK imod Nors BK i serie 3. Efter nederlag i s\u00e6sonpremieren har nedrykkerne fra \u00d8ster J\u00f8lby og omegn taget point to kampe i tr\u00e6k &#8211; senest med <a href=\"https:\/\/kunmedierne.dk\/mors\/nordmors-og-nordvestmors-delte-i-koldt-derby\/\" target=\"_blank\" rel=\"noopener\">uafgjort i lokalbraget<\/a> mod IF Nordmors i Sejerslev. Kan holdet vinde over dagens modstandere fra Thy, er der s\u00e5ledes basis for at l\u00e6gge klar afstand til nedrykningsstregen og m\u00e5ske endda f\u00e5 mod til at kigge mod hurtig tilbagevenden til serie 2.<\/p>\n<a class=\"dvrt-link\" onClick=\"cdmtrack_click(116504,jQuery(this));return false\" href=\"https:\/\/www.nybolig.dk\/ejendomsmaeglere\/nordvestjylland\/nybolig-morsoe-nykoebing-mors\"><img decoding=\"async\" style=\"width:100%;\" src=\"https:\/\/kunmedierne.dk\/mors\/wp-content\/uploads\/2024\/04\/250825Nybolig.jpg\"><\/a><script>cdmtrack_view(116504);<\/script>\n<p>Klokken 13 er der kamp p\u00e5 Mors\u00f8 Multipark, hvor jyllandsseriedamerne fra Mors\u00f8 FC f\u00e5r bes\u00f8g af Aars IK. De lokale fodbolddamer er kommet <a href=\"https:\/\/kunmedierne.dk\/mors\/weekendens-fodbold-kold-kontrol-i-stensikker-morsoe-fc-sejr\/\" target=\"_blank\" rel=\"noopener\">overbevisende i gang<\/a> med den nye s\u00e6son, og to klare sejre har fyret op under troen p\u00e5 et hold, der ser ud til at v\u00e6re det bedste damehold p\u00e5 Mors, siden det legendariske Sydmors IF-hold i 1980&#8217;erne. KunMors d\u00e6kker dette opg\u00f8r med reportage fra stadion.<\/p>\n<p>Klokken 13.30 s\u00e6tter IF Nordmors gang i sin udekamp i serie 3, hvor turen g\u00e5r til FS Midtthy. Modtanderne er bundhold i r\u00e6kken med nul point for tre kampe, s\u00e5 presset er p\u00e5 forh\u00e5nd p\u00e5 Sebastian Andersens mandskab, som med en sejr for alvor kan byde ind p\u00e5 deltagelse i kampen om en i s\u00e5 fald historisk oprykning til klubben fra Sejerslev.<\/p>\n<a class=\"dvrt-link\" onClick=\"cdmtrack_click(104781,jQuery(this));return false\" href=\"https:\/\/www.fmspks.dk\/\"><img decoding=\"async\" style=\"width:100%;\" src=\"https:\/\/kunmedierne.dk\/mors\/wp-content\/uploads\/2022\/02\/vip-froeslev-mollerup-sparekasse.jpg\"><\/a><script>cdmtrack_view(104781);<\/script>\n<p>Endelig skal ogs\u00e5 \u00f8ens bedste herrer i kamp. Det sker klokken 14, n\u00e5r Mors\u00f8 FC tager hul p\u00e5 udekampen mod Feldborg\/Haderup. Efter sidste weekends <a href=\"https:\/\/kunmedierne.dk\/mors\/blaesten-gik-lidt-for-frisk-over-morsoe-multipark\/\" target=\"_blank\" rel=\"noopener\">skuffelse mod Thisted FC<\/a> er der brug for tre point, hvis Mickey Bergs mandskab skal h\u00e6nge p\u00e5 i toppen af serie 2.<\/p>\n<h5>L\u00c6S OGS\u00c5: <a href=\"https:\/\/kunmedierne.dk\/mors\/blaesten-gik-lidt-for-frisk-over-morsoe-multipark\/\">Bl\u00e6sten gik lidt for frisk over Mors\u00f8 Multipark<\/a><\/h5>\n<h5>L\u00c6S OGS\u00c5: <a href=\"https:\/\/kunmedierne.dk\/mors\/nordmors-og-nordvestmors-delte-i-koldt-derby\/\">Nordmors og Nordvestmors delte i koldt derby<\/a><\/h5>\n<h5>L\u00c6S OGS\u00c5: <a href=\"https:\/\/kunmedierne.dk\/mors\/weekendens-fodbold-kold-kontrol-i-stensikker-morsoe-fc-sejr\/\">Weekendens fodbold: Kold kontrol i stensikker Mors\u00f8 FC-sejr<\/a><\/h5>\n<blockquote>\n<h5>V\u00e6r sikker p\u00e5, at du f\u00e5r alle artikler p\u00e5 KunMors. Tilmeld dig den gratis KunMors-avisen nederst p\u00e5 siden.<\/h5>\n<\/blockquote>\n<p>&nbsp;<\/p>\n","protected":false},"excerpt":{"rendered":"<p>MORS: Omkring et halvt hundrede lokale fodboldspillere skal i kamp for \u00f8en i dag. Sk\u00e6rtorsdag er traditionelt en stor dag i fodboldens serier\u00e6kker, og det g\u00e6lder ogs\u00e5 i 2022: Fire af de hold, KunMors f\u00f8lger i dette for\u00e5r, skal p\u00e5 gr\u00e6s. Klokken 12.30 tager Nordvestmors BK imod Nors BK i serie 3. Efter nederlag i [&hellip;]<\/p>\n","protected":false},"author":8,"featured_media":53238,"comment_status":"open","ping_status":"open","sticky":false,"template":"","format":"standard","meta":{"_acf_changed":false,"footnotes":""},"categories":[53],"tags":[],"class_list":["post-67315","post","type-post","status-publish","format-standard","has-post-thumbnail","hentry","category-sport"],"acf":[],"yoast_head":"<!-- This site is optimized with the Yoast SEO plugin v26.8 - https:\/\/yoast.com\/product\/yoast-seo-wordpress\/ -->\n<title>Fodbold sk\u00e6rtorsdag: Fire lokale hold i kamp - Mors<\/title>\n<meta name=\"robots\" content=\"index, follow, max-snippet:-1, max-image-preview:large, max-video-preview:-1\" \/>\n<link rel=\"canonical\" href=\"https:\/\/kunmedierne.dk\/mors\/fodbold-skaertorsdag-fire-lokale-hold-i-kamp\/\" \/>\n<meta property=\"og:locale\" content=\"da_DK\" \/>\n<meta property=\"og:type\" content=\"article\" \/>\n<meta property=\"og:title\" content=\"Fodbold sk\u00e6rtorsdag: Fire lokale hold i kamp - Mors\" \/>\n<meta property=\"og:description\" content=\"MORS: Omkring et halvt hundrede lokale fodboldspillere skal i kamp for \u00f8en i dag. Sk\u00e6rtorsdag er traditionelt en stor dag i fodboldens serier\u00e6kker, og det g\u00e6lder ogs\u00e5 i 2022: Fire af de hold, KunMors f\u00f8lger i dette for\u00e5r, skal p\u00e5 gr\u00e6s. Klokken 12.30 tager Nordvestmors BK imod Nors BK i serie 3. Efter nederlag i [&hellip;]\" \/>\n<meta property=\"og:url\" content=\"https:\/\/kunmedierne.dk\/mors\/fodbold-skaertorsdag-fire-lokale-hold-i-kamp\/\" \/>\n<meta property=\"og:site_name\" content=\"Mors\" \/>\n<meta property=\"article:published_time\" content=\"2022-04-14T09:44:27+00:00\" \/>\n<meta property=\"article:modified_time\" content=\"2024-08-12T11:34:23+00:00\" \/>\n<meta property=\"og:image\" content=\"https:\/\/kunmedierne.dk\/mors\/wp-content\/uploads\/2021\/09\/IMG_1703-1.jpg\" \/>\n\t<meta property=\"og:image:width\" content=\"770\" \/>\n\t<meta property=\"og:image:height\" content=\"513\" \/>\n\t<meta property=\"og:image:type\" content=\"image\/jpeg\" \/>\n<meta name=\"author\" content=\"David H\u00f8jmark\" \/>\n<meta name=\"twitter:card\" content=\"summary_large_image\" \/>\n<meta name=\"twitter:label1\" content=\"Skrevet af\" \/>\n\t<meta name=\"twitter:data1\" content=\"David H\u00f8jmark\" \/>\n\t<meta name=\"twitter:label2\" content=\"Estimeret l\u00e6setid\" \/>\n\t<meta name=\"twitter:data2\" content=\"2 minutter\" \/>\n<script type=\"application\/ld+json\" class=\"yoast-schema-graph\">{\"@context\":\"https:\/\/schema.org\",\"@graph\":[{\"@type\":\"Article\",\"@id\":\"https:\/\/kunmedierne.dk\/mors\/fodbold-skaertorsdag-fire-lokale-hold-i-kamp\/#article\",\"isPartOf\":{\"@id\":\"https:\/\/kunmedierne.dk\/mors\/fodbold-skaertorsdag-fire-lokale-hold-i-kamp\/\"},\"author\":{\"name\":\"David H\u00f8jmark\",\"@id\":\"https:\/\/kunmedierne.dk\/mors\/#\/schema\/person\/5fe23251bf1d0abbcdc6f7896579d548\"},\"headline\":\"Fodbold sk\u00e6rtorsdag: Fire lokale hold i kamp\",\"datePublished\":\"2022-04-14T09:44:27+00:00\",\"dateModified\":\"2024-08-12T11:34:23+00:00\",\"mainEntityOfPage\":{\"@id\":\"https:\/\/kunmedierne.dk\/mors\/fodbold-skaertorsdag-fire-lokale-hold-i-kamp\/\"},\"wordCount\":371,\"commentCount\":0,\"publisher\":{\"@id\":\"https:\/\/kunmedierne.dk\/mors\/#organization\"},\"image\":{\"@id\":\"https:\/\/kunmedierne.dk\/mors\/fodbold-skaertorsdag-fire-lokale-hold-i-kamp\/#primaryimage\"},\"thumbnailUrl\":\"https:\/\/kunmedierne.dk\/mors\/wp-content\/uploads\/2021\/09\/IMG_1703-1.jpg\",\"articleSection\":[\"Sport\"],\"inLanguage\":\"da-DK\",\"potentialAction\":[{\"@type\":\"CommentAction\",\"name\":\"Comment\",\"target\":[\"https:\/\/kunmedierne.dk\/mors\/fodbold-skaertorsdag-fire-lokale-hold-i-kamp\/#respond\"]}]},{\"@type\":\"WebPage\",\"@id\":\"https:\/\/kunmedierne.dk\/mors\/fodbold-skaertorsdag-fire-lokale-hold-i-kamp\/\",\"url\":\"https:\/\/kunmedierne.dk\/mors\/fodbold-skaertorsdag-fire-lokale-hold-i-kamp\/\",\"name\":\"Fodbold sk\u00e6rtorsdag: Fire lokale hold i kamp - Mors\",\"isPartOf\":{\"@id\":\"https:\/\/kunmedierne.dk\/mors\/#website\"},\"primaryImageOfPage\":{\"@id\":\"https:\/\/kunmedierne.dk\/mors\/fodbold-skaertorsdag-fire-lokale-hold-i-kamp\/#primaryimage\"},\"image\":{\"@id\":\"https:\/\/kunmedierne.dk\/mors\/fodbold-skaertorsdag-fire-lokale-hold-i-kamp\/#primaryimage\"},\"thumbnailUrl\":\"https:\/\/kunmedierne.dk\/mors\/wp-content\/uploads\/2021\/09\/IMG_1703-1.jpg\",\"datePublished\":\"2022-04-14T09:44:27+00:00\",\"dateModified\":\"2024-08-12T11:34:23+00:00\",\"breadcrumb\":{\"@id\":\"https:\/\/kunmedierne.dk\/mors\/fodbold-skaertorsdag-fire-lokale-hold-i-kamp\/#breadcrumb\"},\"inLanguage\":\"da-DK\",\"potentialAction\":[{\"@type\":\"ReadAction\",\"target\":[\"https:\/\/kunmedierne.dk\/mors\/fodbold-skaertorsdag-fire-lokale-hold-i-kamp\/\"]}]},{\"@type\":\"ImageObject\",\"inLanguage\":\"da-DK\",\"@id\":\"https:\/\/kunmedierne.dk\/mors\/fodbold-skaertorsdag-fire-lokale-hold-i-kamp\/#primaryimage\",\"url\":\"https:\/\/kunmedierne.dk\/mors\/wp-content\/uploads\/2021\/09\/IMG_1703-1.jpg\",\"contentUrl\":\"https:\/\/kunmedierne.dk\/mors\/wp-content\/uploads\/2021\/09\/IMG_1703-1.jpg\",\"width\":770,\"height\":513,\"caption\":\"Fodbolddamerne fra Mors\u00f8 FC. Arkivfoto\"},{\"@type\":\"BreadcrumbList\",\"@id\":\"https:\/\/kunmedierne.dk\/mors\/fodbold-skaertorsdag-fire-lokale-hold-i-kamp\/#breadcrumb\",\"itemListElement\":[{\"@type\":\"ListItem\",\"position\":1,\"name\":\"Hjem\",\"item\":\"https:\/\/kunmedierne.dk\/mors\/\"},{\"@type\":\"ListItem\",\"position\":2,\"name\":\"Fodbold sk\u00e6rtorsdag: Fire lokale hold i kamp\"}]},{\"@type\":\"WebSite\",\"@id\":\"https:\/\/kunmedierne.dk\/mors\/#website\",\"url\":\"https:\/\/kunmedierne.dk\/mors\/\",\"name\":\"Mors\",\"description\":\"et netmedie med journalistik om livet p\u00e5 Mors\",\"publisher\":{\"@id\":\"https:\/\/kunmedierne.dk\/mors\/#organization\"},\"potentialAction\":[{\"@type\":\"SearchAction\",\"target\":{\"@type\":\"EntryPoint\",\"urlTemplate\":\"https:\/\/kunmedierne.dk\/mors\/?s={search_term_string}\"},\"query-input\":{\"@type\":\"PropertyValueSpecification\",\"valueRequired\":true,\"valueName\":\"search_term_string\"}}],\"inLanguage\":\"da-DK\"},{\"@type\":\"Organization\",\"@id\":\"https:\/\/kunmedierne.dk\/mors\/#organization\",\"name\":\"Mors\",\"url\":\"https:\/\/kunmedierne.dk\/mors\/\",\"logo\":{\"@type\":\"ImageObject\",\"inLanguage\":\"da-DK\",\"@id\":\"https:\/\/kunmedierne.dk\/mors\/#\/schema\/logo\/image\/\",\"url\":\"https:\/\/kunmedierne.dk\/mors\/wp-content\/uploads\/2024\/08\/kunmors-logo.svg\",\"contentUrl\":\"https:\/\/kunmedierne.dk\/mors\/wp-content\/uploads\/2024\/08\/kunmors-logo.svg\",\"caption\":\"Mors\"},\"image\":{\"@id\":\"https:\/\/kunmedierne.dk\/mors\/#\/schema\/logo\/image\/\"}},{\"@type\":\"Person\",\"@id\":\"https:\/\/kunmedierne.dk\/mors\/#\/schema\/person\/5fe23251bf1d0abbcdc6f7896579d548\",\"name\":\"David H\u00f8jmark\",\"image\":{\"@type\":\"ImageObject\",\"inLanguage\":\"da-DK\",\"@id\":\"https:\/\/kunmedierne.dk\/mors\/#\/schema\/person\/image\/\",\"url\":\"https:\/\/secure.gravatar.com\/avatar\/4315d6fb9ef244d729989f5f90268eb08d5bf8a3d84402f595fa194bb35784fd?s=96&d=mm&r=g\",\"contentUrl\":\"https:\/\/secure.gravatar.com\/avatar\/4315d6fb9ef244d729989f5f90268eb08d5bf8a3d84402f595fa194bb35784fd?s=96&d=mm&r=g\",\"caption\":\"David H\u00f8jmark\"},\"sameAs\":[\"https:\/\/www.kunmedierne.dk\"],\"url\":\"https:\/\/kunmedierne.dk\/mors\/author\/david\/\"}]}<\/script>\n<!-- \/ Yoast SEO plugin. -->","yoast_head_json":{"title":"Fodbold sk\u00e6rtorsdag: Fire lokale hold i kamp - Mors","robots":{"index":"index","follow":"follow","max-snippet":"max-snippet:-1","max-image-preview":"max-image-preview:large","max-video-preview":"max-video-preview:-1"},"canonical":"https:\/\/kunmedierne.dk\/mors\/fodbold-skaertorsdag-fire-lokale-hold-i-kamp\/","og_locale":"da_DK","og_type":"article","og_title":"Fodbold sk\u00e6rtorsdag: Fire lokale hold i kamp - Mors","og_description":"MORS: Omkring et halvt hundrede lokale fodboldspillere skal i kamp for \u00f8en i dag. Sk\u00e6rtorsdag er traditionelt en stor dag i fodboldens serier\u00e6kker, og det g\u00e6lder ogs\u00e5 i 2022: Fire af de hold, KunMors f\u00f8lger i dette for\u00e5r, skal p\u00e5 gr\u00e6s. Klokken 12.30 tager Nordvestmors BK imod Nors BK i serie 3. Efter nederlag i [&hellip;]","og_url":"https:\/\/kunmedierne.dk\/mors\/fodbold-skaertorsdag-fire-lokale-hold-i-kamp\/","og_site_name":"Mors","article_published_time":"2022-04-14T09:44:27+00:00","article_modified_time":"2024-08-12T11:34:23+00:00","og_image":[{"width":770,"height":513,"url":"https:\/\/kunmedierne.dk\/mors\/wp-content\/uploads\/2021\/09\/IMG_1703-1.jpg","type":"image\/jpeg"}],"author":"David H\u00f8jmark","twitter_card":"summary_large_image","twitter_misc":{"Skrevet af":"David H\u00f8jmark","Estimeret l\u00e6setid":"2 minutter"},"schema":{"@context":"https:\/\/schema.org","@graph":[{"@type":"Article","@id":"https:\/\/kunmedierne.dk\/mors\/fodbold-skaertorsdag-fire-lokale-hold-i-kamp\/#article","isPartOf":{"@id":"https:\/\/kunmedierne.dk\/mors\/fodbold-skaertorsdag-fire-lokale-hold-i-kamp\/"},"author":{"name":"David H\u00f8jmark","@id":"https:\/\/kunmedierne.dk\/mors\/#\/schema\/person\/5fe23251bf1d0abbcdc6f7896579d548"},"headline":"Fodbold sk\u00e6rtorsdag: Fire lokale hold i kamp","datePublished":"2022-04-14T09:44:27+00:00","dateModified":"2024-08-12T11:34:23+00:00","mainEntityOfPage":{"@id":"https:\/\/kunmedierne.dk\/mors\/fodbold-skaertorsdag-fire-lokale-hold-i-kamp\/"},"wordCount":371,"commentCount":0,"publisher":{"@id":"https:\/\/kunmedierne.dk\/mors\/#organization"},"image":{"@id":"https:\/\/kunmedierne.dk\/mors\/fodbold-skaertorsdag-fire-lokale-hold-i-kamp\/#primaryimage"},"thumbnailUrl":"https:\/\/kunmedierne.dk\/mors\/wp-content\/uploads\/2021\/09\/IMG_1703-1.jpg","articleSection":["Sport"],"inLanguage":"da-DK","potentialAction":[{"@type":"CommentAction","name":"Comment","target":["https:\/\/kunmedierne.dk\/mors\/fodbold-skaertorsdag-fire-lokale-hold-i-kamp\/#respond"]}]},{"@type":"WebPage","@id":"https:\/\/kunmedierne.dk\/mors\/fodbold-skaertorsdag-fire-lokale-hold-i-kamp\/","url":"https:\/\/kunmedierne.dk\/mors\/fodbold-skaertorsdag-fire-lokale-hold-i-kamp\/","name":"Fodbold sk\u00e6rtorsdag: Fire lokale hold i kamp - Mors","isPartOf":{"@id":"https:\/\/kunmedierne.dk\/mors\/#website"},"primaryImageOfPage":{"@id":"https:\/\/kunmedierne.dk\/mors\/fodbold-skaertorsdag-fire-lokale-hold-i-kamp\/#primaryimage"},"image":{"@id":"https:\/\/kunmedierne.dk\/mors\/fodbold-skaertorsdag-fire-lokale-hold-i-kamp\/#primaryimage"},"thumbnailUrl":"https:\/\/kunmedierne.dk\/mors\/wp-content\/uploads\/2021\/09\/IMG_1703-1.jpg","datePublished":"2022-04-14T09:44:27+00:00","dateModified":"2024-08-12T11:34:23+00:00","breadcrumb":{"@id":"https:\/\/kunmedierne.dk\/mors\/fodbold-skaertorsdag-fire-lokale-hold-i-kamp\/#breadcrumb"},"inLanguage":"da-DK","potentialAction":[{"@type":"ReadAction","target":["https:\/\/kunmedierne.dk\/mors\/fodbold-skaertorsdag-fire-lokale-hold-i-kamp\/"]}]},{"@type":"ImageObject","inLanguage":"da-DK","@id":"https:\/\/kunmedierne.dk\/mors\/fodbold-skaertorsdag-fire-lokale-hold-i-kamp\/#primaryimage","url":"https:\/\/kunmedierne.dk\/mors\/wp-content\/uploads\/2021\/09\/IMG_1703-1.jpg","contentUrl":"https:\/\/kunmedierne.dk\/mors\/wp-content\/uploads\/2021\/09\/IMG_1703-1.jpg","width":770,"height":513,"caption":"Fodbolddamerne fra Mors\u00f8 FC. Arkivfoto"},{"@type":"BreadcrumbList","@id":"https:\/\/kunmedierne.dk\/mors\/fodbold-skaertorsdag-fire-lokale-hold-i-kamp\/#breadcrumb","itemListElement":[{"@type":"ListItem","position":1,"name":"Hjem","item":"https:\/\/kunmedierne.dk\/mors\/"},{"@type":"ListItem","position":2,"name":"Fodbold sk\u00e6rtorsdag: Fire lokale hold i kamp"}]},{"@type":"WebSite","@id":"https:\/\/kunmedierne.dk\/mors\/#website","url":"https:\/\/kunmedierne.dk\/mors\/","name":"Mors","description":"et netmedie med journalistik om livet p\u00e5 Mors","publisher":{"@id":"https:\/\/kunmedierne.dk\/mors\/#organization"},"potentialAction":[{"@type":"SearchAction","target":{"@type":"EntryPoint","urlTemplate":"https:\/\/kunmedierne.dk\/mors\/?s={search_term_string}"},"query-input":{"@type":"PropertyValueSpecification","valueRequired":true,"valueName":"search_term_string"}}],"inLanguage":"da-DK"},{"@type":"Organization","@id":"https:\/\/kunmedierne.dk\/mors\/#organization","name":"Mors","url":"https:\/\/kunmedierne.dk\/mors\/","logo":{"@type":"ImageObject","inLanguage":"da-DK","@id":"https:\/\/kunmedierne.dk\/mors\/#\/schema\/logo\/image\/","url":"https:\/\/kunmedierne.dk\/mors\/wp-content\/uploads\/2024\/08\/kunmors-logo.svg","contentUrl":"https:\/\/kunmedierne.dk\/mors\/wp-content\/uploads\/2024\/08\/kunmors-logo.svg","caption":"Mors"},"image":{"@id":"https:\/\/kunmedierne.dk\/mors\/#\/schema\/logo\/image\/"}},{"@type":"Person","@id":"https:\/\/kunmedierne.dk\/mors\/#\/schema\/person\/5fe23251bf1d0abbcdc6f7896579d548","name":"David H\u00f8jmark","image":{"@type":"ImageObject","inLanguage":"da-DK","@id":"https:\/\/kunmedierne.dk\/mors\/#\/schema\/person\/image\/","url":"https:\/\/secure.gravatar.com\/avatar\/4315d6fb9ef244d729989f5f90268eb08d5bf8a3d84402f595fa194bb35784fd?s=96&d=mm&r=g","contentUrl":"https:\/\/secure.gravatar.com\/avatar\/4315d6fb9ef244d729989f5f90268eb08d5bf8a3d84402f595fa194bb35784fd?s=96&d=mm&r=g","caption":"David H\u00f8jmark"},"sameAs":["https:\/\/www.kunmedierne.dk"],"url":"https:\/\/kunmedierne.dk\/mors\/author\/david\/"}]}},"_links":{"self":[{"href":"https:\/\/kunmedierne.dk\/mors\/wp-json\/wp\/v2\/posts\/67315","targetHints":{"allow":["GET"]}}],"collection":[{"href":"https:\/\/kunmedierne.dk\/mors\/wp-json\/wp\/v2\/posts"}],"about":[{"href":"https:\/\/kunmedierne.dk\/mors\/wp-json\/wp\/v2\/types\/post"}],"author":[{"embeddable":true,"href":"https:\/\/kunmedierne.dk\/mors\/wp-json\/wp\/v2\/users\/8"}],"replies":[{"embeddable":true,"href":"https:\/\/kunmedierne.dk\/mors\/wp-json\/wp\/v2\/comments?post=67315"}],"version-history":[{"count":1,"href":"https:\/\/kunmedierne.dk\/mors\/wp-json\/wp\/v2\/posts\/67315\/revisions"}],"predecessor-version":[{"id":67318,"href":"https:\/\/kunmedierne.dk\/mors\/wp-json\/wp\/v2\/posts\/67315\/revisions\/67318"}],"wp:featuredmedia":[{"embeddable":true,"href":"https:\/\/kunmedierne.dk\/mors\/wp-json\/wp\/v2\/media\/53238"}],"wp:attachment":[{"href":"https:\/\/kunmedierne.dk\/mors\/wp-json\/wp\/v2\/media?parent=67315"}],"wp:term":[{"taxonomy":"category","embeddable":true,"href":"https:\/\/kunmedierne.dk\/mors\/wp-json\/wp\/v2\/categories?post=67315"},{"taxonomy":"post_tag","embeddable":true,"href":"https:\/\/kunmedierne.dk\/mors\/wp-json\/wp\/v2\/tags?post=67315"}],"curies":[{"name":"wp","href":"https:\/\/api.w.org\/{rel}","templated":true}]}}