{"id":66868,"date":"2022-04-07T18:30:44","date_gmt":"2022-04-07T16:30:44","guid":{"rendered":"https:\/\/kunmedierne.dk\/mors\/?p=66868"},"modified":"2024-08-12T13:34:25","modified_gmt":"2024-08-12T11:34:25","slug":"tre-af-oeens-friskoler-gaar-baglaens-i-kampen-mod-mobning","status":"publish","type":"post","link":"https:\/\/kunmedierne.dk\/mors\/tre-af-oeens-friskoler-gaar-baglaens-i-kampen-mod-mobning\/","title":{"rendered":"Tre af \u00f8ens friskoler g\u00e5r bagl\u00e6ns i kampen mod mobning"},"content":{"rendered":"<p><span style=\"font-weight: 400;\"><strong>MORS:<\/strong> Snart f\u00e5r tre af \u00f8ens friskoler bes\u00f8g af en, der i den grad har f\u00e5et konsekvenserne ved mobning at m\u00e6rke.<\/span><\/p>\n<p><span style=\"font-weight: 400;\">Hans navn er Nicolai Aagaard, og i et fors\u00f8g p\u00e5 at s\u00e6tte fokus p\u00e5 problemerne inden for mobbekulturen, gik han sidste \u00e5r hele Danmark rundt. For anden gang.<\/span><\/p>\n<p><span style=\"font-weight: 400;\">F\u00f8rste gang syntes han, at han var lidt for sv\u00e6r at f\u00e5 \u00f8je p\u00e5 i det danske bybillede. S\u00e5 for at udbrede budskabet yderligere og samtidigt bogstaveligt talt vende mobning ryggen, tilbagelagde han sidste \u00e5r sin 2500 kilometer lange danmarkstur bagl\u00e6ns.<\/span><\/p>\n<a class=\"dvrt-link\" onClick=\"cdmtrack_click(116504,jQuery(this));return false\" href=\"https:\/\/www.nybolig.dk\/ejendomsmaeglere\/nordvestjylland\/nybolig-morsoe-nykoebing-mors\"><img decoding=\"async\" style=\"width:100%;\" src=\"https:\/\/kunmedierne.dk\/mors\/wp-content\/uploads\/2024\/04\/250825Nybolig.jpg\"><\/a><script>cdmtrack_view(116504);<\/script>\n<p><span style=\"font-weight: 400;\">Nu er turen kommet til at invitere landets skoler og institutioner med p\u00e5 \u2018bagl\u00e6ns mod mobning\u2019-projektet, og det tilbud har tre af \u00f8ens skoler taget gl\u00e6deligt imod.<\/span><\/p>\n<p><span style=\"font-weight: 400;\">S\u00e5ledes kommer masser af b\u00f8rn til at g\u00e5 med, n\u00e5r Nicolai Aagaard bes\u00f8ger \u00d8rding Friskole den 25. april, Bjergby Friskole den 26. april og til sidst Sydvestmors Friskole den 27. april.<\/span><\/p>\n<p><span style=\"font-weight: 400;\">En dag, de p\u00e5 sidstn\u00e6vnte skole ser meget frem til:<\/span><\/p>\n<p><span style=\"font-weight: 400;\">\u201cVi gl\u00e6der os, og vi er glade for at kunne s\u00e6tte fokus p\u00e5 s\u00e5 relevant en problemstilling,\u201d lyder det fra skolelederen p\u00e5 Sydvestmors Friskole, Manuela St\u00f8vlb\u00e6k.<\/span><\/p>\n<p>&nbsp;<\/p>\n<p><b>Alle mennesker har f\u00f8lelser<\/b><\/p>\n<p><span style=\"font-weight: 400;\">Et problem, Nicolai Aagaard selv har m\u00e6rket p\u00e5 egen krop.<\/span><\/p>\n<p><span style=\"font-weight: 400;\">Den 32-\u00e5rige sj\u00e6ll\u00e6nder lider af sygdommen tourettes, som medf\u00f8rer en r\u00e6kke ufrivillige bev\u00e6gelser eller lyde, og det har gjort ham til genstand for mobning gennem hele sin opv\u00e6kst.<\/span><\/p>\n<a class=\"dvrt-link\" onClick=\"cdmtrack_click(116504,jQuery(this));return false\" href=\"https:\/\/www.nybolig.dk\/ejendomsmaeglere\/nordvestjylland\/nybolig-morsoe-nykoebing-mors\"><img decoding=\"async\" style=\"width:100%;\" src=\"https:\/\/kunmedierne.dk\/mors\/wp-content\/uploads\/2024\/04\/250825Nybolig.jpg\"><\/a><script>cdmtrack_view(116504);<\/script>\n<p><span style=\"font-weight: 400;\">I dag er han i fuld gang med overalt i Danmark at sprede budskabet om, at det ikke at i orden at behandle et menneske d\u00e5rligt, bare fordi vedkommende er handicappet. En besked, Manuela St\u00f8vlb\u00e6k l\u00e6gger stor v\u00e6gt p\u00e5 at f\u00e5 videregivet til sine elever:<\/span><\/p>\n<p><span style=\"font-weight: 400;\">\u201cVi er i forvejen en mangfoldig skole, og vi kommer helt sikkert i de kommende uger til at tale ekstra meget med eleverne om det at v\u00e6re anderledes,\u201d oplyser skolelederen.\u00a0<\/span><\/p>\n<p><span style=\"font-weight: 400;\">\u201cAlle b\u00f8rn, ogs\u00e5 vores, skal l\u00e6re, at selvom man er handicappet, s\u00e5 har man lige s\u00e5 mange f\u00f8lelser som alle andre.\u201d<\/span><\/p>\n<p><span style=\"font-weight: 400;\">Det er endnu uvist, hvor skolerne under anf\u00f8rsel af Nicolai kommer til at bev\u00e6ge sig hen &#8211; men hvis du i slutningen af april ser en flok af \u00f8ens yngste beboere vandre bagl\u00e6ns rundt p\u00e5 landevejene, s\u00e5 ved du nu hvorfor.<\/span><\/p>\n<a class=\"dvrt-link\" onClick=\"cdmtrack_click(104780,jQuery(this));return false\" href=\"https:\/\/www.spard.dk\/\"><img decoding=\"async\" style=\"width:100%;\" src=\"https:\/\/kunmedierne.dk\/mors\/wp-content\/uploads\/2023\/12\/sparekassen-dk-maj25.gif\"><\/a><script>cdmtrack_view(104780);<\/script>\n<blockquote>\n<h5>V\u00e6r sikker p\u00e5, at du f\u00e5r alle artikler p\u00e5 KunMors. Tilmeld dig den gratis KunMors-avisen nederst p\u00e5 siden.<\/h5>\n<\/blockquote>\n<p>&nbsp;<\/p>\n","protected":false},"excerpt":{"rendered":"<p>MORS: Snart f\u00e5r tre af \u00f8ens friskoler bes\u00f8g af en, der i den grad har f\u00e5et konsekvenserne ved mobning at m\u00e6rke. Hans navn er Nicolai Aagaard, og i et fors\u00f8g p\u00e5 at s\u00e6tte fokus p\u00e5 problemerne inden for mobbekulturen, gik han sidste \u00e5r hele Danmark rundt. For anden gang. F\u00f8rste gang syntes han, at han [&hellip;]<\/p>\n","protected":false},"author":2240,"featured_media":29604,"comment_status":"open","ping_status":"open","sticky":false,"template":"","format":"standard","meta":{"_acf_changed":false,"footnotes":""},"categories":[51],"tags":[170],"class_list":["post-66868","post","type-post","status-publish","format-standard","has-post-thumbnail","hentry","category-lokalt","tag-uddannelse"],"acf":[],"yoast_head":"<!-- This site is optimized with the Yoast SEO plugin v26.8 - https:\/\/yoast.com\/product\/yoast-seo-wordpress\/ -->\n<title>Tre af \u00f8ens friskoler g\u00e5r bagl\u00e6ns i kampen mod mobning - Mors<\/title>\n<meta name=\"robots\" content=\"index, follow, max-snippet:-1, max-image-preview:large, max-video-preview:-1\" \/>\n<link rel=\"canonical\" href=\"https:\/\/kunmedierne.dk\/mors\/tre-af-oeens-friskoler-gaar-baglaens-i-kampen-mod-mobning\/\" \/>\n<meta property=\"og:locale\" content=\"da_DK\" \/>\n<meta property=\"og:type\" content=\"article\" \/>\n<meta property=\"og:title\" content=\"Tre af \u00f8ens friskoler g\u00e5r bagl\u00e6ns i kampen mod mobning - Mors\" \/>\n<meta property=\"og:description\" content=\"MORS: Snart f\u00e5r tre af \u00f8ens friskoler bes\u00f8g af en, der i den grad har f\u00e5et konsekvenserne ved mobning at m\u00e6rke. Hans navn er Nicolai Aagaard, og i et fors\u00f8g p\u00e5 at s\u00e6tte fokus p\u00e5 problemerne inden for mobbekulturen, gik han sidste \u00e5r hele Danmark rundt. For anden gang. F\u00f8rste gang syntes han, at han [&hellip;]\" \/>\n<meta property=\"og:url\" content=\"https:\/\/kunmedierne.dk\/mors\/tre-af-oeens-friskoler-gaar-baglaens-i-kampen-mod-mobning\/\" \/>\n<meta property=\"og:site_name\" content=\"Mors\" \/>\n<meta property=\"article:published_time\" content=\"2022-04-07T16:30:44+00:00\" \/>\n<meta property=\"article:modified_time\" content=\"2024-08-12T11:34:25+00:00\" \/>\n<meta property=\"og:image\" content=\"https:\/\/kunmedierne.dk\/mors\/wp-content\/uploads\/2020\/08\/200121-sydvestmors-friskole.jpg\" \/>\n\t<meta property=\"og:image:width\" content=\"770\" \/>\n\t<meta property=\"og:image:height\" content=\"513\" \/>\n\t<meta property=\"og:image:type\" content=\"image\/jpeg\" \/>\n<meta name=\"author\" content=\"Maya Christensen\" \/>\n<meta name=\"twitter:card\" content=\"summary_large_image\" \/>\n<meta name=\"twitter:label1\" content=\"Skrevet af\" \/>\n\t<meta name=\"twitter:data1\" content=\"Maya Christensen\" \/>\n\t<meta name=\"twitter:label2\" content=\"Estimeret l\u00e6setid\" \/>\n\t<meta name=\"twitter:data2\" content=\"3 minutter\" \/>\n<script type=\"application\/ld+json\" class=\"yoast-schema-graph\">{\"@context\":\"https:\/\/schema.org\",\"@graph\":[{\"@type\":\"Article\",\"@id\":\"https:\/\/kunmedierne.dk\/mors\/tre-af-oeens-friskoler-gaar-baglaens-i-kampen-mod-mobning\/#article\",\"isPartOf\":{\"@id\":\"https:\/\/kunmedierne.dk\/mors\/tre-af-oeens-friskoler-gaar-baglaens-i-kampen-mod-mobning\/\"},\"author\":{\"name\":\"Maya Christensen\",\"@id\":\"https:\/\/kunmedierne.dk\/mors\/#\/schema\/person\/35e99442712b0c574c6098964a767c94\"},\"headline\":\"Tre af \u00f8ens friskoler g\u00e5r bagl\u00e6ns i kampen mod mobning\",\"datePublished\":\"2022-04-07T16:30:44+00:00\",\"dateModified\":\"2024-08-12T11:34:25+00:00\",\"mainEntityOfPage\":{\"@id\":\"https:\/\/kunmedierne.dk\/mors\/tre-af-oeens-friskoler-gaar-baglaens-i-kampen-mod-mobning\/\"},\"wordCount\":441,\"commentCount\":0,\"publisher\":{\"@id\":\"https:\/\/kunmedierne.dk\/mors\/#organization\"},\"image\":{\"@id\":\"https:\/\/kunmedierne.dk\/mors\/tre-af-oeens-friskoler-gaar-baglaens-i-kampen-mod-mobning\/#primaryimage\"},\"thumbnailUrl\":\"https:\/\/kunmedierne.dk\/mors\/wp-content\/uploads\/2020\/08\/200121-sydvestmors-friskole.jpg\",\"keywords\":[\"Skoler og uddannelse\"],\"articleSection\":[\"Lokalt\"],\"inLanguage\":\"da-DK\",\"potentialAction\":[{\"@type\":\"CommentAction\",\"name\":\"Comment\",\"target\":[\"https:\/\/kunmedierne.dk\/mors\/tre-af-oeens-friskoler-gaar-baglaens-i-kampen-mod-mobning\/#respond\"]}]},{\"@type\":\"WebPage\",\"@id\":\"https:\/\/kunmedierne.dk\/mors\/tre-af-oeens-friskoler-gaar-baglaens-i-kampen-mod-mobning\/\",\"url\":\"https:\/\/kunmedierne.dk\/mors\/tre-af-oeens-friskoler-gaar-baglaens-i-kampen-mod-mobning\/\",\"name\":\"Tre af \u00f8ens friskoler g\u00e5r bagl\u00e6ns i kampen mod mobning - Mors\",\"isPartOf\":{\"@id\":\"https:\/\/kunmedierne.dk\/mors\/#website\"},\"primaryImageOfPage\":{\"@id\":\"https:\/\/kunmedierne.dk\/mors\/tre-af-oeens-friskoler-gaar-baglaens-i-kampen-mod-mobning\/#primaryimage\"},\"image\":{\"@id\":\"https:\/\/kunmedierne.dk\/mors\/tre-af-oeens-friskoler-gaar-baglaens-i-kampen-mod-mobning\/#primaryimage\"},\"thumbnailUrl\":\"https:\/\/kunmedierne.dk\/mors\/wp-content\/uploads\/2020\/08\/200121-sydvestmors-friskole.jpg\",\"datePublished\":\"2022-04-07T16:30:44+00:00\",\"dateModified\":\"2024-08-12T11:34:25+00:00\",\"breadcrumb\":{\"@id\":\"https:\/\/kunmedierne.dk\/mors\/tre-af-oeens-friskoler-gaar-baglaens-i-kampen-mod-mobning\/#breadcrumb\"},\"inLanguage\":\"da-DK\",\"potentialAction\":[{\"@type\":\"ReadAction\",\"target\":[\"https:\/\/kunmedierne.dk\/mors\/tre-af-oeens-friskoler-gaar-baglaens-i-kampen-mod-mobning\/\"]}]},{\"@type\":\"ImageObject\",\"inLanguage\":\"da-DK\",\"@id\":\"https:\/\/kunmedierne.dk\/mors\/tre-af-oeens-friskoler-gaar-baglaens-i-kampen-mod-mobning\/#primaryimage\",\"url\":\"https:\/\/kunmedierne.dk\/mors\/wp-content\/uploads\/2020\/08\/200121-sydvestmors-friskole.jpg\",\"contentUrl\":\"https:\/\/kunmedierne.dk\/mors\/wp-content\/uploads\/2020\/08\/200121-sydvestmors-friskole.jpg\",\"width\":770,\"height\":513,\"caption\":\"Sydvestmors Friskole. Foto: David H\u00f8jmark\"},{\"@type\":\"BreadcrumbList\",\"@id\":\"https:\/\/kunmedierne.dk\/mors\/tre-af-oeens-friskoler-gaar-baglaens-i-kampen-mod-mobning\/#breadcrumb\",\"itemListElement\":[{\"@type\":\"ListItem\",\"position\":1,\"name\":\"Hjem\",\"item\":\"https:\/\/kunmedierne.dk\/mors\/\"},{\"@type\":\"ListItem\",\"position\":2,\"name\":\"Tre af \u00f8ens friskoler g\u00e5r bagl\u00e6ns i kampen mod mobning\"}]},{\"@type\":\"WebSite\",\"@id\":\"https:\/\/kunmedierne.dk\/mors\/#website\",\"url\":\"https:\/\/kunmedierne.dk\/mors\/\",\"name\":\"Mors\",\"description\":\"et netmedie med journalistik om livet p\u00e5 Mors\",\"publisher\":{\"@id\":\"https:\/\/kunmedierne.dk\/mors\/#organization\"},\"potentialAction\":[{\"@type\":\"SearchAction\",\"target\":{\"@type\":\"EntryPoint\",\"urlTemplate\":\"https:\/\/kunmedierne.dk\/mors\/?s={search_term_string}\"},\"query-input\":{\"@type\":\"PropertyValueSpecification\",\"valueRequired\":true,\"valueName\":\"search_term_string\"}}],\"inLanguage\":\"da-DK\"},{\"@type\":\"Organization\",\"@id\":\"https:\/\/kunmedierne.dk\/mors\/#organization\",\"name\":\"Mors\",\"url\":\"https:\/\/kunmedierne.dk\/mors\/\",\"logo\":{\"@type\":\"ImageObject\",\"inLanguage\":\"da-DK\",\"@id\":\"https:\/\/kunmedierne.dk\/mors\/#\/schema\/logo\/image\/\",\"url\":\"https:\/\/kunmedierne.dk\/mors\/wp-content\/uploads\/2024\/08\/kunmors-logo.svg\",\"contentUrl\":\"https:\/\/kunmedierne.dk\/mors\/wp-content\/uploads\/2024\/08\/kunmors-logo.svg\",\"caption\":\"Mors\"},\"image\":{\"@id\":\"https:\/\/kunmedierne.dk\/mors\/#\/schema\/logo\/image\/\"}},{\"@type\":\"Person\",\"@id\":\"https:\/\/kunmedierne.dk\/mors\/#\/schema\/person\/35e99442712b0c574c6098964a767c94\",\"name\":\"Maya Christensen\",\"image\":{\"@type\":\"ImageObject\",\"inLanguage\":\"da-DK\",\"@id\":\"https:\/\/kunmedierne.dk\/mors\/#\/schema\/person\/image\/\",\"url\":\"https:\/\/secure.gravatar.com\/avatar\/00cd13aba1f5e879fbdcd57b2f12ee56e4db44d0d4d66e8d702916bd01f9c669?s=96&d=mm&r=g\",\"contentUrl\":\"https:\/\/secure.gravatar.com\/avatar\/00cd13aba1f5e879fbdcd57b2f12ee56e4db44d0d4d66e8d702916bd01f9c669?s=96&d=mm&r=g\",\"caption\":\"Maya Christensen\"},\"url\":\"https:\/\/kunmedierne.dk\/mors\/author\/maya\/\"}]}<\/script>\n<!-- \/ Yoast SEO plugin. -->","yoast_head_json":{"title":"Tre af \u00f8ens friskoler g\u00e5r bagl\u00e6ns i kampen mod mobning - Mors","robots":{"index":"index","follow":"follow","max-snippet":"max-snippet:-1","max-image-preview":"max-image-preview:large","max-video-preview":"max-video-preview:-1"},"canonical":"https:\/\/kunmedierne.dk\/mors\/tre-af-oeens-friskoler-gaar-baglaens-i-kampen-mod-mobning\/","og_locale":"da_DK","og_type":"article","og_title":"Tre af \u00f8ens friskoler g\u00e5r bagl\u00e6ns i kampen mod mobning - Mors","og_description":"MORS: Snart f\u00e5r tre af \u00f8ens friskoler bes\u00f8g af en, der i den grad har f\u00e5et konsekvenserne ved mobning at m\u00e6rke. Hans navn er Nicolai Aagaard, og i et fors\u00f8g p\u00e5 at s\u00e6tte fokus p\u00e5 problemerne inden for mobbekulturen, gik han sidste \u00e5r hele Danmark rundt. For anden gang. F\u00f8rste gang syntes han, at han [&hellip;]","og_url":"https:\/\/kunmedierne.dk\/mors\/tre-af-oeens-friskoler-gaar-baglaens-i-kampen-mod-mobning\/","og_site_name":"Mors","article_published_time":"2022-04-07T16:30:44+00:00","article_modified_time":"2024-08-12T11:34:25+00:00","og_image":[{"width":770,"height":513,"url":"https:\/\/kunmedierne.dk\/mors\/wp-content\/uploads\/2020\/08\/200121-sydvestmors-friskole.jpg","type":"image\/jpeg"}],"author":"Maya Christensen","twitter_card":"summary_large_image","twitter_misc":{"Skrevet af":"Maya Christensen","Estimeret l\u00e6setid":"3 minutter"},"schema":{"@context":"https:\/\/schema.org","@graph":[{"@type":"Article","@id":"https:\/\/kunmedierne.dk\/mors\/tre-af-oeens-friskoler-gaar-baglaens-i-kampen-mod-mobning\/#article","isPartOf":{"@id":"https:\/\/kunmedierne.dk\/mors\/tre-af-oeens-friskoler-gaar-baglaens-i-kampen-mod-mobning\/"},"author":{"name":"Maya Christensen","@id":"https:\/\/kunmedierne.dk\/mors\/#\/schema\/person\/35e99442712b0c574c6098964a767c94"},"headline":"Tre af \u00f8ens friskoler g\u00e5r bagl\u00e6ns i kampen mod mobning","datePublished":"2022-04-07T16:30:44+00:00","dateModified":"2024-08-12T11:34:25+00:00","mainEntityOfPage":{"@id":"https:\/\/kunmedierne.dk\/mors\/tre-af-oeens-friskoler-gaar-baglaens-i-kampen-mod-mobning\/"},"wordCount":441,"commentCount":0,"publisher":{"@id":"https:\/\/kunmedierne.dk\/mors\/#organization"},"image":{"@id":"https:\/\/kunmedierne.dk\/mors\/tre-af-oeens-friskoler-gaar-baglaens-i-kampen-mod-mobning\/#primaryimage"},"thumbnailUrl":"https:\/\/kunmedierne.dk\/mors\/wp-content\/uploads\/2020\/08\/200121-sydvestmors-friskole.jpg","keywords":["Skoler og uddannelse"],"articleSection":["Lokalt"],"inLanguage":"da-DK","potentialAction":[{"@type":"CommentAction","name":"Comment","target":["https:\/\/kunmedierne.dk\/mors\/tre-af-oeens-friskoler-gaar-baglaens-i-kampen-mod-mobning\/#respond"]}]},{"@type":"WebPage","@id":"https:\/\/kunmedierne.dk\/mors\/tre-af-oeens-friskoler-gaar-baglaens-i-kampen-mod-mobning\/","url":"https:\/\/kunmedierne.dk\/mors\/tre-af-oeens-friskoler-gaar-baglaens-i-kampen-mod-mobning\/","name":"Tre af \u00f8ens friskoler g\u00e5r bagl\u00e6ns i kampen mod mobning - Mors","isPartOf":{"@id":"https:\/\/kunmedierne.dk\/mors\/#website"},"primaryImageOfPage":{"@id":"https:\/\/kunmedierne.dk\/mors\/tre-af-oeens-friskoler-gaar-baglaens-i-kampen-mod-mobning\/#primaryimage"},"image":{"@id":"https:\/\/kunmedierne.dk\/mors\/tre-af-oeens-friskoler-gaar-baglaens-i-kampen-mod-mobning\/#primaryimage"},"thumbnailUrl":"https:\/\/kunmedierne.dk\/mors\/wp-content\/uploads\/2020\/08\/200121-sydvestmors-friskole.jpg","datePublished":"2022-04-07T16:30:44+00:00","dateModified":"2024-08-12T11:34:25+00:00","breadcrumb":{"@id":"https:\/\/kunmedierne.dk\/mors\/tre-af-oeens-friskoler-gaar-baglaens-i-kampen-mod-mobning\/#breadcrumb"},"inLanguage":"da-DK","potentialAction":[{"@type":"ReadAction","target":["https:\/\/kunmedierne.dk\/mors\/tre-af-oeens-friskoler-gaar-baglaens-i-kampen-mod-mobning\/"]}]},{"@type":"ImageObject","inLanguage":"da-DK","@id":"https:\/\/kunmedierne.dk\/mors\/tre-af-oeens-friskoler-gaar-baglaens-i-kampen-mod-mobning\/#primaryimage","url":"https:\/\/kunmedierne.dk\/mors\/wp-content\/uploads\/2020\/08\/200121-sydvestmors-friskole.jpg","contentUrl":"https:\/\/kunmedierne.dk\/mors\/wp-content\/uploads\/2020\/08\/200121-sydvestmors-friskole.jpg","width":770,"height":513,"caption":"Sydvestmors Friskole. Foto: David H\u00f8jmark"},{"@type":"BreadcrumbList","@id":"https:\/\/kunmedierne.dk\/mors\/tre-af-oeens-friskoler-gaar-baglaens-i-kampen-mod-mobning\/#breadcrumb","itemListElement":[{"@type":"ListItem","position":1,"name":"Hjem","item":"https:\/\/kunmedierne.dk\/mors\/"},{"@type":"ListItem","position":2,"name":"Tre af \u00f8ens friskoler g\u00e5r bagl\u00e6ns i kampen mod mobning"}]},{"@type":"WebSite","@id":"https:\/\/kunmedierne.dk\/mors\/#website","url":"https:\/\/kunmedierne.dk\/mors\/","name":"Mors","description":"et netmedie med journalistik om livet p\u00e5 Mors","publisher":{"@id":"https:\/\/kunmedierne.dk\/mors\/#organization"},"potentialAction":[{"@type":"SearchAction","target":{"@type":"EntryPoint","urlTemplate":"https:\/\/kunmedierne.dk\/mors\/?s={search_term_string}"},"query-input":{"@type":"PropertyValueSpecification","valueRequired":true,"valueName":"search_term_string"}}],"inLanguage":"da-DK"},{"@type":"Organization","@id":"https:\/\/kunmedierne.dk\/mors\/#organization","name":"Mors","url":"https:\/\/kunmedierne.dk\/mors\/","logo":{"@type":"ImageObject","inLanguage":"da-DK","@id":"https:\/\/kunmedierne.dk\/mors\/#\/schema\/logo\/image\/","url":"https:\/\/kunmedierne.dk\/mors\/wp-content\/uploads\/2024\/08\/kunmors-logo.svg","contentUrl":"https:\/\/kunmedierne.dk\/mors\/wp-content\/uploads\/2024\/08\/kunmors-logo.svg","caption":"Mors"},"image":{"@id":"https:\/\/kunmedierne.dk\/mors\/#\/schema\/logo\/image\/"}},{"@type":"Person","@id":"https:\/\/kunmedierne.dk\/mors\/#\/schema\/person\/35e99442712b0c574c6098964a767c94","name":"Maya Christensen","image":{"@type":"ImageObject","inLanguage":"da-DK","@id":"https:\/\/kunmedierne.dk\/mors\/#\/schema\/person\/image\/","url":"https:\/\/secure.gravatar.com\/avatar\/00cd13aba1f5e879fbdcd57b2f12ee56e4db44d0d4d66e8d702916bd01f9c669?s=96&d=mm&r=g","contentUrl":"https:\/\/secure.gravatar.com\/avatar\/00cd13aba1f5e879fbdcd57b2f12ee56e4db44d0d4d66e8d702916bd01f9c669?s=96&d=mm&r=g","caption":"Maya Christensen"},"url":"https:\/\/kunmedierne.dk\/mors\/author\/maya\/"}]}},"_links":{"self":[{"href":"https:\/\/kunmedierne.dk\/mors\/wp-json\/wp\/v2\/posts\/66868","targetHints":{"allow":["GET"]}}],"collection":[{"href":"https:\/\/kunmedierne.dk\/mors\/wp-json\/wp\/v2\/posts"}],"about":[{"href":"https:\/\/kunmedierne.dk\/mors\/wp-json\/wp\/v2\/types\/post"}],"author":[{"embeddable":true,"href":"https:\/\/kunmedierne.dk\/mors\/wp-json\/wp\/v2\/users\/2240"}],"replies":[{"embeddable":true,"href":"https:\/\/kunmedierne.dk\/mors\/wp-json\/wp\/v2\/comments?post=66868"}],"version-history":[{"count":3,"href":"https:\/\/kunmedierne.dk\/mors\/wp-json\/wp\/v2\/posts\/66868\/revisions"}],"predecessor-version":[{"id":66888,"href":"https:\/\/kunmedierne.dk\/mors\/wp-json\/wp\/v2\/posts\/66868\/revisions\/66888"}],"wp:featuredmedia":[{"embeddable":true,"href":"https:\/\/kunmedierne.dk\/mors\/wp-json\/wp\/v2\/media\/29604"}],"wp:attachment":[{"href":"https:\/\/kunmedierne.dk\/mors\/wp-json\/wp\/v2\/media?parent=66868"}],"wp:term":[{"taxonomy":"category","embeddable":true,"href":"https:\/\/kunmedierne.dk\/mors\/wp-json\/wp\/v2\/categories?post=66868"},{"taxonomy":"post_tag","embeddable":true,"href":"https:\/\/kunmedierne.dk\/mors\/wp-json\/wp\/v2\/tags?post=66868"}],"curies":[{"name":"wp","href":"https:\/\/api.w.org\/{rel}","templated":true}]}}