{"id":66854,"date":"2022-04-07T14:30:28","date_gmt":"2022-04-07T12:30:28","guid":{"rendered":"https:\/\/kunmedierne.dk\/mors\/?p=66854"},"modified":"2024-08-12T13:34:26","modified_gmt":"2024-08-12T11:34:26","slug":"velfortjent-galla-efter-tre-coronapraegede-gymnasieaar","status":"publish","type":"post","link":"https:\/\/kunmedierne.dk\/mors\/velfortjent-galla-efter-tre-coronapraegede-gymnasieaar\/","title":{"rendered":"Velfortjent galla efter tre coronapr\u00e6gede gymnasie\u00e5r"},"content":{"rendered":"<p><span style=\"font-weight: 400;\"><strong>NYK\u00d8BING:<\/strong> L\u00e6nge har de tvivlet p\u00e5, om de nogensinde ville f\u00e5 lov til at opleve en coronafri gymnasietid.\u00a0<\/span><\/p>\n<p><span style=\"font-weight: 400;\">De kommende studenter havde kun lige overst\u00e5et det f\u00f8rste halve \u00e5r p\u00e5 Mors\u00f8 Gymnasium, da pandemien satte en stopper for alle de sociale arrangementer, der for mange er en stor del af den tre \u00e5r lange uddannelse.<\/span><\/p>\n<a class=\"dvrt-link\" onClick=\"cdmtrack_click(111725,jQuery(this));return false\" href=\"https:\/\/www.thistedforsikring.dk\/?utm_source=partnerskaber&amp;utm_campaign=kun_mors\"><img decoding=\"async\" style=\"width:100%;\" src=\"https:\/\/kunmedierne.dk\/mors\/wp-content\/uploads\/2024\/02\/269409KunMors-ThistedFor-1.png\"><\/a><script>cdmtrack_view(111725);<\/script>\n<p><span style=\"font-weight: 400;\">Sidenhen er fester og begivenheder gang p\u00e5 gang blevet p\u00e5virket af nedlukninger og restriktioner, og det er f\u00f8rst her i deres sidste skole\u00e5r, at eleverne har f\u00e5et den normale hverdag nogenlunde tilbage.<\/span><\/p>\n<p>&nbsp;<\/p>\n<p><b>En vaske\u00e6gte festdag<\/b><\/p>\n<p><span style=\"font-weight: 400;\">Derfor var det en flok lettede og sp\u00e6ndte unge mennesker, der l\u00f8rdag den 2. april langt om l\u00e6nge kunne tr\u00e6kke i kjolen eller jakkes\u00e6ttet og p\u00e5begynde dagen for en af gymnasietidens st\u00f8rste milep\u00e6le: galla.<\/span><\/p>\n<p><span style=\"font-weight: 400;\">De nydelige kjoler glimtede i solens str\u00e5ler, da gymnasieeleverne i deres fineste puds ankom til Arena Mors, hvor for\u00e6ldre, s\u00f8skende og bedstefor\u00e6ldre stod klar til at overv\u00e6re Les Lanciers.<\/span><\/p>\n<p><span style=\"font-weight: 400;\">Eleverne havde i ugerne forinden brugt fire idr\u00e6tstimer p\u00e5 at \u00f8ve sig p\u00e5 den traditionsrige selskabsdans, og det forlyder sig, at idr\u00e6tsl\u00e6rerne da ogs\u00e5 var lidt stolte, idet de feststemte mennesker gik p\u00e5 gulvet.<\/span><\/p>\n<p><span style=\"font-weight: 400;\">Efter en vellykket f\u00f8rste del af gallaprogrammet skulle eleverne videre til fest i Det Ottekantede Forsamlingshus i \u00d8ster J\u00f8lby. K\u00f8rslen dertil havde de unge selv arrangeret, og det var s\u00e5ledes i en lang r\u00e6kke forskellige k\u00f8ret\u00f8jer, at 3.g\u2019erne vinkede farvel til de fremm\u00f8dte ved Arena Mors og i str\u00e5lende hum\u00f8r satte kurs mod Midtmors.<\/span><\/p>\n<a class=\"dvrt-link\" onClick=\"cdmtrack_click(111725,jQuery(this));return false\" href=\"https:\/\/www.thistedforsikring.dk\/?utm_source=partnerskaber&amp;utm_campaign=kun_mors\"><img decoding=\"async\" style=\"width:100%;\" src=\"https:\/\/kunmedierne.dk\/mors\/wp-content\/uploads\/2024\/02\/269409KunMors-ThistedFor-1.png\"><\/a><script>cdmtrack_view(111725);<\/script>\n<p><span style=\"font-weight: 400;\">Arrangementet i \u00d8ster J\u00f8lby var uden for\u00e6ldre, s\u00e5 her fik gymnasieeleverne for alvor lov til at sl\u00e5 sig l\u00f8s. Og hvilket bedre punktum p\u00e5 s\u00e5dan en smuk dag end gl\u00e6den ved endelig at kunne samles med hele \u00e5rgangen til det brag af en fest, som de om nogen har fortjent.<\/span><\/p>\n<p><span style=\"font-weight: 400;\">Dagen gik over al forventning, og festlighederne er slet ikke ovre endnu.<\/span><\/p>\n<p><span style=\"font-weight: 400;\">Om godt en m\u00e5neds tid venter sidste skoledag, og senere skal eksamenerne fejres med hue, studentergilde, familiesammenkomster, dimission, studenterk\u00f8rsel og med garanti en masse flere fester.<\/span><\/p>\n<p><span style=\"font-weight: 400;\">P\u00e5 Mors\u00f8 Gymnasium gl\u00e6der de sig til at f\u00f8lge de unge i denne begivenhedsrige tid.<\/span><\/p>\n<div id=\"attachment_66855\" style=\"width: 780px\" class=\"wp-caption alignnone\"><img loading=\"lazy\" decoding=\"async\" aria-describedby=\"caption-attachment-66855\" class=\"wp-image-66855 size-full\" src=\"https:\/\/kunmedierne.dk\/mors\/wp-content\/uploads\/2022\/04\/Dans-1.jpg\" alt=\"\" width=\"770\" height=\"468\" srcset=\"https:\/\/kunmedierne.dk\/mors\/wp-content\/uploads\/2022\/04\/Dans-1.jpg 770w, https:\/\/kunmedierne.dk\/mors\/wp-content\/uploads\/2022\/04\/Dans-1-300x182.jpg 300w, https:\/\/kunmedierne.dk\/mors\/wp-content\/uploads\/2022\/04\/Dans-1-768x467.jpg 768w, https:\/\/kunmedierne.dk\/mors\/wp-content\/uploads\/2022\/04\/Dans-1-600x365.jpg 600w\" sizes=\"auto, (max-width: 770px) 100vw, 770px\" \/><p id=\"caption-attachment-66855\" class=\"wp-caption-text\">Af med skoene, p\u00e5 med musikken, og s\u00e5 var 3.g-\u00e5rgangen ellers klar til at fyre den af efter i to \u00e5r at have l\u00e6ngtes efter gymnasiefester.<\/p><\/div>\n<div id=\"attachment_66862\" style=\"width: 780px\" class=\"wp-caption alignnone\"><img loading=\"lazy\" decoding=\"async\" aria-describedby=\"caption-attachment-66862\" class=\"size-full wp-image-66862\" src=\"https:\/\/kunmedierne.dk\/mors\/wp-content\/uploads\/2022\/04\/Limo-1.jpg\" alt=\"\" width=\"770\" height=\"504\" srcset=\"https:\/\/kunmedierne.dk\/mors\/wp-content\/uploads\/2022\/04\/Limo-1.jpg 770w, https:\/\/kunmedierne.dk\/mors\/wp-content\/uploads\/2022\/04\/Limo-1-300x196.jpg 300w, https:\/\/kunmedierne.dk\/mors\/wp-content\/uploads\/2022\/04\/Limo-1-768x503.jpg 768w, https:\/\/kunmedierne.dk\/mors\/wp-content\/uploads\/2022\/04\/Limo-1-600x393.jpg 600w\" sizes=\"auto, (max-width: 770px) 100vw, 770px\" \/><p id=\"caption-attachment-66862\" class=\"wp-caption-text\">T\u00f8jet var farvekoordineret, og de st\u00f8rste smil var fundet frem p\u00e5 den sk\u00f8nne solskinsdag sidste l\u00f8rdag.<\/p><\/div>\n<blockquote>\n<h5>V\u00e6r sikker p\u00e5, at du f\u00e5r alle artikler p\u00e5 KunMors. Tilmeld dig den gratis KunMors-avisen nederst p\u00e5 siden.<\/h5>\n<\/blockquote>\n","protected":false},"excerpt":{"rendered":"<p>NYK\u00d8BING: L\u00e6nge har de tvivlet p\u00e5, om de nogensinde ville f\u00e5 lov til at opleve en coronafri gymnasietid.\u00a0 De kommende studenter havde kun lige overst\u00e5et det f\u00f8rste halve \u00e5r p\u00e5 Mors\u00f8 Gymnasium, da pandemien satte en stopper for alle de sociale arrangementer, der for mange er en stor del af den tre \u00e5r lange uddannelse. [&hellip;]<\/p>\n","protected":false},"author":2240,"featured_media":66858,"comment_status":"open","ping_status":"open","sticky":false,"template":"","format":"standard","meta":{"_acf_changed":false,"footnotes":""},"categories":[51],"tags":[170],"class_list":["post-66854","post","type-post","status-publish","format-standard","has-post-thumbnail","hentry","category-lokalt","tag-uddannelse"],"acf":[],"yoast_head":"<!-- This site is optimized with the Yoast SEO plugin v26.8 - https:\/\/yoast.com\/product\/yoast-seo-wordpress\/ -->\n<title>Velfortjent galla efter tre coronapr\u00e6gede gymnasie\u00e5r - Mors<\/title>\n<meta name=\"robots\" content=\"index, follow, max-snippet:-1, max-image-preview:large, max-video-preview:-1\" \/>\n<link rel=\"canonical\" href=\"https:\/\/kunmedierne.dk\/mors\/velfortjent-galla-efter-tre-coronapraegede-gymnasieaar\/\" \/>\n<meta property=\"og:locale\" content=\"da_DK\" \/>\n<meta property=\"og:type\" content=\"article\" \/>\n<meta property=\"og:title\" content=\"Velfortjent galla efter tre coronapr\u00e6gede gymnasie\u00e5r - Mors\" \/>\n<meta property=\"og:description\" content=\"NYK\u00d8BING: L\u00e6nge har de tvivlet p\u00e5, om de nogensinde ville f\u00e5 lov til at opleve en coronafri gymnasietid.\u00a0 De kommende studenter havde kun lige overst\u00e5et det f\u00f8rste halve \u00e5r p\u00e5 Mors\u00f8 Gymnasium, da pandemien satte en stopper for alle de sociale arrangementer, der for mange er en stor del af den tre \u00e5r lange uddannelse. [&hellip;]\" \/>\n<meta property=\"og:url\" content=\"https:\/\/kunmedierne.dk\/mors\/velfortjent-galla-efter-tre-coronapraegede-gymnasieaar\/\" \/>\n<meta property=\"og:site_name\" content=\"Mors\" \/>\n<meta property=\"article:published_time\" content=\"2022-04-07T12:30:28+00:00\" \/>\n<meta property=\"article:modified_time\" content=\"2024-08-12T11:34:26+00:00\" \/>\n<meta property=\"og:image\" content=\"https:\/\/kunmedierne.dk\/mors\/wp-content\/uploads\/2022\/04\/Bus-1.jpg\" \/>\n\t<meta property=\"og:image:width\" content=\"770\" \/>\n\t<meta property=\"og:image:height\" content=\"470\" \/>\n\t<meta property=\"og:image:type\" content=\"image\/jpeg\" \/>\n<meta name=\"author\" content=\"Maya Christensen\" \/>\n<meta name=\"twitter:card\" content=\"summary_large_image\" \/>\n<meta name=\"twitter:label1\" content=\"Skrevet af\" \/>\n\t<meta name=\"twitter:data1\" content=\"Maya Christensen\" \/>\n\t<meta name=\"twitter:label2\" content=\"Estimeret l\u00e6setid\" \/>\n\t<meta name=\"twitter:data2\" content=\"3 minutter\" \/>\n<script type=\"application\/ld+json\" class=\"yoast-schema-graph\">{\"@context\":\"https:\/\/schema.org\",\"@graph\":[{\"@type\":\"Article\",\"@id\":\"https:\/\/kunmedierne.dk\/mors\/velfortjent-galla-efter-tre-coronapraegede-gymnasieaar\/#article\",\"isPartOf\":{\"@id\":\"https:\/\/kunmedierne.dk\/mors\/velfortjent-galla-efter-tre-coronapraegede-gymnasieaar\/\"},\"author\":{\"name\":\"Maya Christensen\",\"@id\":\"https:\/\/kunmedierne.dk\/mors\/#\/schema\/person\/35e99442712b0c574c6098964a767c94\"},\"headline\":\"Velfortjent galla efter tre coronapr\u00e6gede gymnasie\u00e5r\",\"datePublished\":\"2022-04-07T12:30:28+00:00\",\"dateModified\":\"2024-08-12T11:34:26+00:00\",\"mainEntityOfPage\":{\"@id\":\"https:\/\/kunmedierne.dk\/mors\/velfortjent-galla-efter-tre-coronapraegede-gymnasieaar\/\"},\"wordCount\":483,\"commentCount\":0,\"publisher\":{\"@id\":\"https:\/\/kunmedierne.dk\/mors\/#organization\"},\"image\":{\"@id\":\"https:\/\/kunmedierne.dk\/mors\/velfortjent-galla-efter-tre-coronapraegede-gymnasieaar\/#primaryimage\"},\"thumbnailUrl\":\"https:\/\/kunmedierne.dk\/mors\/wp-content\/uploads\/2022\/04\/Bus-1.jpg\",\"keywords\":[\"Skoler og uddannelse\"],\"articleSection\":[\"Lokalt\"],\"inLanguage\":\"da-DK\",\"potentialAction\":[{\"@type\":\"CommentAction\",\"name\":\"Comment\",\"target\":[\"https:\/\/kunmedierne.dk\/mors\/velfortjent-galla-efter-tre-coronapraegede-gymnasieaar\/#respond\"]}]},{\"@type\":\"WebPage\",\"@id\":\"https:\/\/kunmedierne.dk\/mors\/velfortjent-galla-efter-tre-coronapraegede-gymnasieaar\/\",\"url\":\"https:\/\/kunmedierne.dk\/mors\/velfortjent-galla-efter-tre-coronapraegede-gymnasieaar\/\",\"name\":\"Velfortjent galla efter tre coronapr\u00e6gede gymnasie\u00e5r - Mors\",\"isPartOf\":{\"@id\":\"https:\/\/kunmedierne.dk\/mors\/#website\"},\"primaryImageOfPage\":{\"@id\":\"https:\/\/kunmedierne.dk\/mors\/velfortjent-galla-efter-tre-coronapraegede-gymnasieaar\/#primaryimage\"},\"image\":{\"@id\":\"https:\/\/kunmedierne.dk\/mors\/velfortjent-galla-efter-tre-coronapraegede-gymnasieaar\/#primaryimage\"},\"thumbnailUrl\":\"https:\/\/kunmedierne.dk\/mors\/wp-content\/uploads\/2022\/04\/Bus-1.jpg\",\"datePublished\":\"2022-04-07T12:30:28+00:00\",\"dateModified\":\"2024-08-12T11:34:26+00:00\",\"breadcrumb\":{\"@id\":\"https:\/\/kunmedierne.dk\/mors\/velfortjent-galla-efter-tre-coronapraegede-gymnasieaar\/#breadcrumb\"},\"inLanguage\":\"da-DK\",\"potentialAction\":[{\"@type\":\"ReadAction\",\"target\":[\"https:\/\/kunmedierne.dk\/mors\/velfortjent-galla-efter-tre-coronapraegede-gymnasieaar\/\"]}]},{\"@type\":\"ImageObject\",\"inLanguage\":\"da-DK\",\"@id\":\"https:\/\/kunmedierne.dk\/mors\/velfortjent-galla-efter-tre-coronapraegede-gymnasieaar\/#primaryimage\",\"url\":\"https:\/\/kunmedierne.dk\/mors\/wp-content\/uploads\/2022\/04\/Bus-1.jpg\",\"contentUrl\":\"https:\/\/kunmedierne.dk\/mors\/wp-content\/uploads\/2022\/04\/Bus-1.jpg\",\"width\":770,\"height\":470,\"caption\":\"3.g-eleverne var i h\u00f8jt hum\u00f8r, da det endelig var blevet deres tur til at opleve den ber\u00f8mte galladag.\"},{\"@type\":\"BreadcrumbList\",\"@id\":\"https:\/\/kunmedierne.dk\/mors\/velfortjent-galla-efter-tre-coronapraegede-gymnasieaar\/#breadcrumb\",\"itemListElement\":[{\"@type\":\"ListItem\",\"position\":1,\"name\":\"Hjem\",\"item\":\"https:\/\/kunmedierne.dk\/mors\/\"},{\"@type\":\"ListItem\",\"position\":2,\"name\":\"Velfortjent galla efter tre coronapr\u00e6gede gymnasie\u00e5r\"}]},{\"@type\":\"WebSite\",\"@id\":\"https:\/\/kunmedierne.dk\/mors\/#website\",\"url\":\"https:\/\/kunmedierne.dk\/mors\/\",\"name\":\"Mors\",\"description\":\"et netmedie med journalistik om livet p\u00e5 Mors\",\"publisher\":{\"@id\":\"https:\/\/kunmedierne.dk\/mors\/#organization\"},\"potentialAction\":[{\"@type\":\"SearchAction\",\"target\":{\"@type\":\"EntryPoint\",\"urlTemplate\":\"https:\/\/kunmedierne.dk\/mors\/?s={search_term_string}\"},\"query-input\":{\"@type\":\"PropertyValueSpecification\",\"valueRequired\":true,\"valueName\":\"search_term_string\"}}],\"inLanguage\":\"da-DK\"},{\"@type\":\"Organization\",\"@id\":\"https:\/\/kunmedierne.dk\/mors\/#organization\",\"name\":\"Mors\",\"url\":\"https:\/\/kunmedierne.dk\/mors\/\",\"logo\":{\"@type\":\"ImageObject\",\"inLanguage\":\"da-DK\",\"@id\":\"https:\/\/kunmedierne.dk\/mors\/#\/schema\/logo\/image\/\",\"url\":\"https:\/\/kunmedierne.dk\/mors\/wp-content\/uploads\/2024\/08\/kunmors-logo.svg\",\"contentUrl\":\"https:\/\/kunmedierne.dk\/mors\/wp-content\/uploads\/2024\/08\/kunmors-logo.svg\",\"caption\":\"Mors\"},\"image\":{\"@id\":\"https:\/\/kunmedierne.dk\/mors\/#\/schema\/logo\/image\/\"}},{\"@type\":\"Person\",\"@id\":\"https:\/\/kunmedierne.dk\/mors\/#\/schema\/person\/35e99442712b0c574c6098964a767c94\",\"name\":\"Maya Christensen\",\"image\":{\"@type\":\"ImageObject\",\"inLanguage\":\"da-DK\",\"@id\":\"https:\/\/kunmedierne.dk\/mors\/#\/schema\/person\/image\/\",\"url\":\"https:\/\/secure.gravatar.com\/avatar\/00cd13aba1f5e879fbdcd57b2f12ee56e4db44d0d4d66e8d702916bd01f9c669?s=96&d=mm&r=g\",\"contentUrl\":\"https:\/\/secure.gravatar.com\/avatar\/00cd13aba1f5e879fbdcd57b2f12ee56e4db44d0d4d66e8d702916bd01f9c669?s=96&d=mm&r=g\",\"caption\":\"Maya Christensen\"},\"url\":\"https:\/\/kunmedierne.dk\/mors\/author\/maya\/\"}]}<\/script>\n<!-- \/ Yoast SEO plugin. -->","yoast_head_json":{"title":"Velfortjent galla efter tre coronapr\u00e6gede gymnasie\u00e5r - Mors","robots":{"index":"index","follow":"follow","max-snippet":"max-snippet:-1","max-image-preview":"max-image-preview:large","max-video-preview":"max-video-preview:-1"},"canonical":"https:\/\/kunmedierne.dk\/mors\/velfortjent-galla-efter-tre-coronapraegede-gymnasieaar\/","og_locale":"da_DK","og_type":"article","og_title":"Velfortjent galla efter tre coronapr\u00e6gede gymnasie\u00e5r - Mors","og_description":"NYK\u00d8BING: L\u00e6nge har de tvivlet p\u00e5, om de nogensinde ville f\u00e5 lov til at opleve en coronafri gymnasietid.\u00a0 De kommende studenter havde kun lige overst\u00e5et det f\u00f8rste halve \u00e5r p\u00e5 Mors\u00f8 Gymnasium, da pandemien satte en stopper for alle de sociale arrangementer, der for mange er en stor del af den tre \u00e5r lange uddannelse. [&hellip;]","og_url":"https:\/\/kunmedierne.dk\/mors\/velfortjent-galla-efter-tre-coronapraegede-gymnasieaar\/","og_site_name":"Mors","article_published_time":"2022-04-07T12:30:28+00:00","article_modified_time":"2024-08-12T11:34:26+00:00","og_image":[{"width":770,"height":470,"url":"https:\/\/kunmedierne.dk\/mors\/wp-content\/uploads\/2022\/04\/Bus-1.jpg","type":"image\/jpeg"}],"author":"Maya Christensen","twitter_card":"summary_large_image","twitter_misc":{"Skrevet af":"Maya Christensen","Estimeret l\u00e6setid":"3 minutter"},"schema":{"@context":"https:\/\/schema.org","@graph":[{"@type":"Article","@id":"https:\/\/kunmedierne.dk\/mors\/velfortjent-galla-efter-tre-coronapraegede-gymnasieaar\/#article","isPartOf":{"@id":"https:\/\/kunmedierne.dk\/mors\/velfortjent-galla-efter-tre-coronapraegede-gymnasieaar\/"},"author":{"name":"Maya Christensen","@id":"https:\/\/kunmedierne.dk\/mors\/#\/schema\/person\/35e99442712b0c574c6098964a767c94"},"headline":"Velfortjent galla efter tre coronapr\u00e6gede gymnasie\u00e5r","datePublished":"2022-04-07T12:30:28+00:00","dateModified":"2024-08-12T11:34:26+00:00","mainEntityOfPage":{"@id":"https:\/\/kunmedierne.dk\/mors\/velfortjent-galla-efter-tre-coronapraegede-gymnasieaar\/"},"wordCount":483,"commentCount":0,"publisher":{"@id":"https:\/\/kunmedierne.dk\/mors\/#organization"},"image":{"@id":"https:\/\/kunmedierne.dk\/mors\/velfortjent-galla-efter-tre-coronapraegede-gymnasieaar\/#primaryimage"},"thumbnailUrl":"https:\/\/kunmedierne.dk\/mors\/wp-content\/uploads\/2022\/04\/Bus-1.jpg","keywords":["Skoler og uddannelse"],"articleSection":["Lokalt"],"inLanguage":"da-DK","potentialAction":[{"@type":"CommentAction","name":"Comment","target":["https:\/\/kunmedierne.dk\/mors\/velfortjent-galla-efter-tre-coronapraegede-gymnasieaar\/#respond"]}]},{"@type":"WebPage","@id":"https:\/\/kunmedierne.dk\/mors\/velfortjent-galla-efter-tre-coronapraegede-gymnasieaar\/","url":"https:\/\/kunmedierne.dk\/mors\/velfortjent-galla-efter-tre-coronapraegede-gymnasieaar\/","name":"Velfortjent galla efter tre coronapr\u00e6gede gymnasie\u00e5r - Mors","isPartOf":{"@id":"https:\/\/kunmedierne.dk\/mors\/#website"},"primaryImageOfPage":{"@id":"https:\/\/kunmedierne.dk\/mors\/velfortjent-galla-efter-tre-coronapraegede-gymnasieaar\/#primaryimage"},"image":{"@id":"https:\/\/kunmedierne.dk\/mors\/velfortjent-galla-efter-tre-coronapraegede-gymnasieaar\/#primaryimage"},"thumbnailUrl":"https:\/\/kunmedierne.dk\/mors\/wp-content\/uploads\/2022\/04\/Bus-1.jpg","datePublished":"2022-04-07T12:30:28+00:00","dateModified":"2024-08-12T11:34:26+00:00","breadcrumb":{"@id":"https:\/\/kunmedierne.dk\/mors\/velfortjent-galla-efter-tre-coronapraegede-gymnasieaar\/#breadcrumb"},"inLanguage":"da-DK","potentialAction":[{"@type":"ReadAction","target":["https:\/\/kunmedierne.dk\/mors\/velfortjent-galla-efter-tre-coronapraegede-gymnasieaar\/"]}]},{"@type":"ImageObject","inLanguage":"da-DK","@id":"https:\/\/kunmedierne.dk\/mors\/velfortjent-galla-efter-tre-coronapraegede-gymnasieaar\/#primaryimage","url":"https:\/\/kunmedierne.dk\/mors\/wp-content\/uploads\/2022\/04\/Bus-1.jpg","contentUrl":"https:\/\/kunmedierne.dk\/mors\/wp-content\/uploads\/2022\/04\/Bus-1.jpg","width":770,"height":470,"caption":"3.g-eleverne var i h\u00f8jt hum\u00f8r, da det endelig var blevet deres tur til at opleve den ber\u00f8mte galladag."},{"@type":"BreadcrumbList","@id":"https:\/\/kunmedierne.dk\/mors\/velfortjent-galla-efter-tre-coronapraegede-gymnasieaar\/#breadcrumb","itemListElement":[{"@type":"ListItem","position":1,"name":"Hjem","item":"https:\/\/kunmedierne.dk\/mors\/"},{"@type":"ListItem","position":2,"name":"Velfortjent galla efter tre coronapr\u00e6gede gymnasie\u00e5r"}]},{"@type":"WebSite","@id":"https:\/\/kunmedierne.dk\/mors\/#website","url":"https:\/\/kunmedierne.dk\/mors\/","name":"Mors","description":"et netmedie med journalistik om livet p\u00e5 Mors","publisher":{"@id":"https:\/\/kunmedierne.dk\/mors\/#organization"},"potentialAction":[{"@type":"SearchAction","target":{"@type":"EntryPoint","urlTemplate":"https:\/\/kunmedierne.dk\/mors\/?s={search_term_string}"},"query-input":{"@type":"PropertyValueSpecification","valueRequired":true,"valueName":"search_term_string"}}],"inLanguage":"da-DK"},{"@type":"Organization","@id":"https:\/\/kunmedierne.dk\/mors\/#organization","name":"Mors","url":"https:\/\/kunmedierne.dk\/mors\/","logo":{"@type":"ImageObject","inLanguage":"da-DK","@id":"https:\/\/kunmedierne.dk\/mors\/#\/schema\/logo\/image\/","url":"https:\/\/kunmedierne.dk\/mors\/wp-content\/uploads\/2024\/08\/kunmors-logo.svg","contentUrl":"https:\/\/kunmedierne.dk\/mors\/wp-content\/uploads\/2024\/08\/kunmors-logo.svg","caption":"Mors"},"image":{"@id":"https:\/\/kunmedierne.dk\/mors\/#\/schema\/logo\/image\/"}},{"@type":"Person","@id":"https:\/\/kunmedierne.dk\/mors\/#\/schema\/person\/35e99442712b0c574c6098964a767c94","name":"Maya Christensen","image":{"@type":"ImageObject","inLanguage":"da-DK","@id":"https:\/\/kunmedierne.dk\/mors\/#\/schema\/person\/image\/","url":"https:\/\/secure.gravatar.com\/avatar\/00cd13aba1f5e879fbdcd57b2f12ee56e4db44d0d4d66e8d702916bd01f9c669?s=96&d=mm&r=g","contentUrl":"https:\/\/secure.gravatar.com\/avatar\/00cd13aba1f5e879fbdcd57b2f12ee56e4db44d0d4d66e8d702916bd01f9c669?s=96&d=mm&r=g","caption":"Maya Christensen"},"url":"https:\/\/kunmedierne.dk\/mors\/author\/maya\/"}]}},"_links":{"self":[{"href":"https:\/\/kunmedierne.dk\/mors\/wp-json\/wp\/v2\/posts\/66854","targetHints":{"allow":["GET"]}}],"collection":[{"href":"https:\/\/kunmedierne.dk\/mors\/wp-json\/wp\/v2\/posts"}],"about":[{"href":"https:\/\/kunmedierne.dk\/mors\/wp-json\/wp\/v2\/types\/post"}],"author":[{"embeddable":true,"href":"https:\/\/kunmedierne.dk\/mors\/wp-json\/wp\/v2\/users\/2240"}],"replies":[{"embeddable":true,"href":"https:\/\/kunmedierne.dk\/mors\/wp-json\/wp\/v2\/comments?post=66854"}],"version-history":[{"count":5,"href":"https:\/\/kunmedierne.dk\/mors\/wp-json\/wp\/v2\/posts\/66854\/revisions"}],"predecessor-version":[{"id":66874,"href":"https:\/\/kunmedierne.dk\/mors\/wp-json\/wp\/v2\/posts\/66854\/revisions\/66874"}],"wp:featuredmedia":[{"embeddable":true,"href":"https:\/\/kunmedierne.dk\/mors\/wp-json\/wp\/v2\/media\/66858"}],"wp:attachment":[{"href":"https:\/\/kunmedierne.dk\/mors\/wp-json\/wp\/v2\/media?parent=66854"}],"wp:term":[{"taxonomy":"category","embeddable":true,"href":"https:\/\/kunmedierne.dk\/mors\/wp-json\/wp\/v2\/categories?post=66854"},{"taxonomy":"post_tag","embeddable":true,"href":"https:\/\/kunmedierne.dk\/mors\/wp-json\/wp\/v2\/tags?post=66854"}],"curies":[{"name":"wp","href":"https:\/\/api.w.org\/{rel}","templated":true}]}}