{"id":66745,"date":"2022-04-05T18:11:23","date_gmt":"2022-04-05T16:11:23","guid":{"rendered":"https:\/\/kunmedierne.dk\/mors\/?p=66745"},"modified":"2024-08-12T13:34:26","modified_gmt":"2024-08-12T11:34:26","slug":"naesten-udsolgt-til-gymnastikgalla","status":"publish","type":"post","link":"https:\/\/kunmedierne.dk\/mors\/naesten-udsolgt-til-gymnastikgalla\/","title":{"rendered":"N\u00e6sten udsolgt til gymnastikgalla"},"content":{"rendered":"<p><strong>NYK\u00d8BING<\/strong>: Gymnastik p\u00e5 h\u00f8jt niveau &#8211; og toppen af poppen inden for dans.<\/p>\n<p>Det er, hvad man kan opleve i Sparekassen Thy Arena Mors onsdag aften. For f\u00f8rste gang i tre \u00e5r st\u00e5r den p\u00e5 gymnastikgalla, n\u00e5r blandt andre 174 elever fra Skyum Idr\u00e6tsefterskole indtager gulvet og viser, hvad de kan.<\/p>\n<p>&#8220;Det gl\u00e6der vi os helt vildt til. Det er en stor oplevelse, og der er n\u00e6sten udsolgt,&#8221; lyder det fra Poul Hegaard, viceforstander p\u00e5 Skyum Idr\u00e6tsefterskole.<\/p>\n<p>Han melder om kun 44 billetter tilbage til opvisningen, der takket v\u00e6re coronaen er den f\u00f8rste gallaopvisning siden 2019. Og han lover gymnastik p\u00e5 h\u00f8jt niveau i l\u00e6kker lyss\u00e6tning, n\u00e5r i alt fem efterskoler og repr\u00e6sentationsholdet fra Holstebro viser b\u00e5de rytmisk gymnastik og spring, inden aftenen slutter med dansetruppen Vocazion fra Aarhus.<\/p>\n<p>&#8220;De er professionelle dansere, s\u00e5 det er toppen af poppen p\u00e5 dans,&#8221; siger Poul Hegaard.<\/p>\n<p>&nbsp;<\/p>\n<p><strong>Det f\u00e6lles projekt<\/strong><\/p>\n<p>Omkring 30 af gymnasterne fra Skyum Idr\u00e6tsefterskole kommer i s\u00e6rlig grad p\u00e5 hjemmebane. Men for b\u00e5de de 30 morsingboer og de 144 andre gymnaster bliver der tale om lidt af en kulmination p\u00e5 efterskolelivet.<\/p>\n<p>&#8220;Det er det, vi kalder vores f\u00e6lles projekt. N\u00e5r de er ude og spille h\u00e5ndbold- og fodboldkampe, er de 12-15 p\u00e5 de forskellige hold. Men gymnastikken er s\u00e5dan set det, der binder det hele sammen. Det er der, vi plejer at sige til dem, at de skal m\u00e6rke, hvad det vil sige at have et f\u00e6llesskab &#8211; og det m\u00e6rker det i februar og marts, n\u00e5r vi er p\u00e5 gymnastikture,&#8221; siger Poul Hegaard.<\/p>\n<a class=\"dvrt-link\" onClick=\"cdmtrack_click(104780,jQuery(this));return false\" href=\"https:\/\/www.spard.dk\/\"><img decoding=\"async\" style=\"width:100%;\" src=\"https:\/\/kunmedierne.dk\/mors\/wp-content\/uploads\/2023\/12\/sparekassen-dk-maj25.gif\"><\/a><script>cdmtrack_view(104780);<\/script>\n<p>I marts var man s\u00e5ledes til efterskoleopvisning i Thyhallen, og nu st\u00e5r den s\u00e5 p\u00e5 den efterh\u00e5nden traditionsrige gallaopvisning, som ogs\u00e5 ville have haft en 10 \u00e5rs jubil\u00e6umsforestilling, hvis ikke coronaen havde aflyst de seneste to \u00e5r.<\/p>\n<p>&nbsp;<\/p>\n<p><strong>Bliver bedre boldspillere<\/strong><\/p>\n<p>S\u00e5 uheldige har dette \u00e5rs elevhold ikke v\u00e6ret, og selv om de fleste som udgangspunkt har mere fodbold og h\u00e5ndbold i tankerne, fort\u00e6ller Poul Hegaard, at de ogs\u00e5 tager gymnastikken til sig.<\/p>\n<p>&#8220;De accepterer pr\u00e6missen om gymnastik tre gange om ugen. Det ved de, n\u00e5r de melder sig ind p\u00e5 efterskolen og f\u00e5r at vide, at det er det, de skal. Og langt hen ad vejen finder de s\u00e5 deres vej i det,&#8221; siger han og melder om forst\u00e5else hos boldspillerne om, at de faktisk bliver bedre til deres favoritsport, hvis de ogs\u00e5 g\u00f8r noget ud af gymnastikken.<\/p>\n<a class=\"dvrt-link\" onClick=\"cdmtrack_click(104778,jQuery(this));return false\" href=\"https:\/\/vester-begr.dk\/?gclid=CjwKCAjw5Kv7BRBSEiwAXGDElQB6WMfm9CgYVrruty-I1gaOkTkC3mlA4QRDtYNsxYgVC8sNzAJ7WhoCmBsQAvD_BwE\"><img decoding=\"async\" style=\"width:100%;\" src=\"https:\/\/kunmedierne.dk\/mors\/wp-content\/uploads\/2023\/10\/260203VesterHoukaer-02022026.jpg\"><\/a><script>cdmtrack_view(104778);<\/script>\n<p>&#8220;De bliver m\u00e5ske mere smidige og f\u00e5r en bedre koordination gennem gymnastikken &#8211; og dermed bliver de jo ogs\u00e5 bedre fodbold- og h\u00e5ndboldspillere,&#8221; siger han og melder om et Skyum-hold, der er helt klar til at vise sig frem i f\u00e6llesskab.<\/p>\n<p>&#8220;Jeg ville lyve, hvis jeg sagde, at alle er lige motiverede. Men n\u00e5r musikken spiller, og publikum klapper, synes jeg faktisk, de er rigtig gode til at v\u00e6re p\u00e5,&#8221; siger han.<\/p>\n<p>Gymnastikgalla 2022 begynder med faneindmarch og velkomst klokken 17.40. Udover Skyum Idr\u00e6tsefterskole, Vocazion og repr\u00e6sentationsholdet fra Holstebro er der opvisninger fra efterskolerne Lomborg, Staby, Bjergsn\u00e6s og B\u00f8vling.<\/p>\n<a class=\"dvrt-link\" onClick=\"cdmtrack_click(169437,jQuery(this));return false\" href=\"https:\/\/thymors.dk\/sponsorater\/15-til-faellesskabet?utm_source=kunmors&amp;utm_medium=annonce&amp;utm_campaign=sponsorater\"><img decoding=\"async\" style=\"width:100%;\" src=\"https:\/\/kunmedierne.dk\/mors\/wp-content\/uploads\/2026\/03\/260407ThyMors-energi_faellesskab_generel-1.jpg\"><\/a><script>cdmtrack_view(169437);<\/script>\n<blockquote>\n<h5>V\u00e6r sikker p\u00e5, at du f\u00e5r alle artikler p\u00e5 KunMors. Tilmeld dig den gratis KunMors-avisen nederst p\u00e5 siden.<\/h5>\n<\/blockquote>\n<div id=\"attachment_66748\" style=\"width: 780px\" class=\"wp-caption alignleft\"><img loading=\"lazy\" decoding=\"async\" aria-describedby=\"caption-attachment-66748\" class=\"size-full wp-image-66748\" src=\"https:\/\/kunmedierne.dk\/mors\/wp-content\/uploads\/2022\/04\/gym2.jpg\" alt=\"\" width=\"770\" height=\"513\" srcset=\"https:\/\/kunmedierne.dk\/mors\/wp-content\/uploads\/2022\/04\/gym2.jpg 770w, https:\/\/kunmedierne.dk\/mors\/wp-content\/uploads\/2022\/04\/gym2-300x200.jpg 300w, https:\/\/kunmedierne.dk\/mors\/wp-content\/uploads\/2022\/04\/gym2-768x512.jpg 768w, https:\/\/kunmedierne.dk\/mors\/wp-content\/uploads\/2022\/04\/gym2-360x240.jpg 360w, https:\/\/kunmedierne.dk\/mors\/wp-content\/uploads\/2022\/04\/gym2-600x400.jpg 600w\" sizes=\"auto, (max-width: 770px) 100vw, 770px\" \/><p id=\"caption-attachment-66748\" class=\"wp-caption-text\">Fra en del af den rytmiske gymnastik i efterskolernes opvisning i Thyhallen i marts. Foto: Skyum Idr\u00e6tsefterskole<\/p><\/div>\n<a class=\"dvrt-link\" onClick=\"cdmtrack_click(104778,jQuery(this));return false\" href=\"https:\/\/vester-begr.dk\/?gclid=CjwKCAjw5Kv7BRBSEiwAXGDElQB6WMfm9CgYVrruty-I1gaOkTkC3mlA4QRDtYNsxYgVC8sNzAJ7WhoCmBsQAvD_BwE\"><img decoding=\"async\" style=\"width:100%;\" src=\"https:\/\/kunmedierne.dk\/mors\/wp-content\/uploads\/2023\/10\/260203VesterHoukaer-02022026.jpg\"><\/a><script>cdmtrack_view(104778);<\/script>\n<div id=\"attachment_66749\" style=\"width: 780px\" class=\"wp-caption alignleft\"><img loading=\"lazy\" decoding=\"async\" aria-describedby=\"caption-attachment-66749\" class=\"size-full wp-image-66749\" src=\"https:\/\/kunmedierne.dk\/mors\/wp-content\/uploads\/2022\/04\/gym.jpg\" alt=\"\" width=\"770\" height=\"513\" srcset=\"https:\/\/kunmedierne.dk\/mors\/wp-content\/uploads\/2022\/04\/gym.jpg 770w, https:\/\/kunmedierne.dk\/mors\/wp-content\/uploads\/2022\/04\/gym-300x200.jpg 300w, https:\/\/kunmedierne.dk\/mors\/wp-content\/uploads\/2022\/04\/gym-768x512.jpg 768w, https:\/\/kunmedierne.dk\/mors\/wp-content\/uploads\/2022\/04\/gym-360x240.jpg 360w, https:\/\/kunmedierne.dk\/mors\/wp-content\/uploads\/2022\/04\/gym-600x400.jpg 600w\" sizes=\"auto, (max-width: 770px) 100vw, 770px\" \/><p id=\"caption-attachment-66749\" class=\"wp-caption-text\">For mange er gymnastikgalla en kulmination p\u00e5 \u00e5rets som efterskoleelev. Foto: Skyum Idr\u00e6tsefterskole<\/p><\/div>\n","protected":false},"excerpt":{"rendered":"<p>NYK\u00d8BING: Gymnastik p\u00e5 h\u00f8jt niveau &#8211; og toppen af poppen inden for dans. Det er, hvad man kan opleve i Sparekassen Thy Arena Mors onsdag aften. For f\u00f8rste gang i tre \u00e5r st\u00e5r den p\u00e5 gymnastikgalla, n\u00e5r blandt andre 174 elever fra Skyum Idr\u00e6tsefterskole indtager gulvet og viser, hvad de kan. &#8220;Det gl\u00e6der vi os [&hellip;]<\/p>\n","protected":false},"author":8,"featured_media":66747,"comment_status":"open","ping_status":"open","sticky":false,"template":"","format":"standard","meta":{"_acf_changed":false,"footnotes":""},"categories":[51],"tags":[170],"class_list":["post-66745","post","type-post","status-publish","format-standard","has-post-thumbnail","hentry","category-lokalt","tag-uddannelse"],"acf":[],"yoast_head":"<!-- This site is optimized with the Yoast SEO plugin v26.8 - https:\/\/yoast.com\/product\/yoast-seo-wordpress\/ -->\n<title>N\u00e6sten udsolgt til gymnastikgalla - Mors<\/title>\n<meta name=\"robots\" content=\"index, follow, max-snippet:-1, max-image-preview:large, max-video-preview:-1\" \/>\n<link rel=\"canonical\" href=\"https:\/\/kunmedierne.dk\/mors\/naesten-udsolgt-til-gymnastikgalla\/\" \/>\n<meta property=\"og:locale\" content=\"da_DK\" \/>\n<meta property=\"og:type\" content=\"article\" \/>\n<meta property=\"og:title\" content=\"N\u00e6sten udsolgt til gymnastikgalla - Mors\" \/>\n<meta property=\"og:description\" content=\"NYK\u00d8BING: Gymnastik p\u00e5 h\u00f8jt niveau &#8211; og toppen af poppen inden for dans. Det er, hvad man kan opleve i Sparekassen Thy Arena Mors onsdag aften. For f\u00f8rste gang i tre \u00e5r st\u00e5r den p\u00e5 gymnastikgalla, n\u00e5r blandt andre 174 elever fra Skyum Idr\u00e6tsefterskole indtager gulvet og viser, hvad de kan. &#8220;Det gl\u00e6der vi os [&hellip;]\" \/>\n<meta property=\"og:url\" content=\"https:\/\/kunmedierne.dk\/mors\/naesten-udsolgt-til-gymnastikgalla\/\" \/>\n<meta property=\"og:site_name\" content=\"Mors\" \/>\n<meta property=\"article:published_time\" content=\"2022-04-05T16:11:23+00:00\" \/>\n<meta property=\"article:modified_time\" content=\"2024-08-12T11:34:26+00:00\" \/>\n<meta property=\"og:image\" content=\"https:\/\/kunmedierne.dk\/mors\/wp-content\/uploads\/2022\/04\/gym3.jpg\" \/>\n\t<meta property=\"og:image:width\" content=\"770\" \/>\n\t<meta property=\"og:image:height\" content=\"513\" \/>\n\t<meta property=\"og:image:type\" content=\"image\/jpeg\" \/>\n<meta name=\"author\" content=\"David H\u00f8jmark\" \/>\n<meta name=\"twitter:card\" content=\"summary_large_image\" \/>\n<meta name=\"twitter:label1\" content=\"Skrevet af\" \/>\n\t<meta name=\"twitter:data1\" content=\"David H\u00f8jmark\" \/>\n\t<meta name=\"twitter:label2\" content=\"Estimeret l\u00e6setid\" \/>\n\t<meta name=\"twitter:data2\" content=\"4 minutter\" \/>\n<script type=\"application\/ld+json\" class=\"yoast-schema-graph\">{\"@context\":\"https:\/\/schema.org\",\"@graph\":[{\"@type\":\"Article\",\"@id\":\"https:\/\/kunmedierne.dk\/mors\/naesten-udsolgt-til-gymnastikgalla\/#article\",\"isPartOf\":{\"@id\":\"https:\/\/kunmedierne.dk\/mors\/naesten-udsolgt-til-gymnastikgalla\/\"},\"author\":{\"name\":\"David H\u00f8jmark\",\"@id\":\"https:\/\/kunmedierne.dk\/mors\/#\/schema\/person\/5fe23251bf1d0abbcdc6f7896579d548\"},\"headline\":\"N\u00e6sten udsolgt til gymnastikgalla\",\"datePublished\":\"2022-04-05T16:11:23+00:00\",\"dateModified\":\"2024-08-12T11:34:26+00:00\",\"mainEntityOfPage\":{\"@id\":\"https:\/\/kunmedierne.dk\/mors\/naesten-udsolgt-til-gymnastikgalla\/\"},\"wordCount\":614,\"commentCount\":0,\"publisher\":{\"@id\":\"https:\/\/kunmedierne.dk\/mors\/#organization\"},\"image\":{\"@id\":\"https:\/\/kunmedierne.dk\/mors\/naesten-udsolgt-til-gymnastikgalla\/#primaryimage\"},\"thumbnailUrl\":\"https:\/\/kunmedierne.dk\/mors\/wp-content\/uploads\/2022\/04\/gym3.jpg\",\"keywords\":[\"Skoler og uddannelse\"],\"articleSection\":[\"Lokalt\"],\"inLanguage\":\"da-DK\",\"potentialAction\":[{\"@type\":\"CommentAction\",\"name\":\"Comment\",\"target\":[\"https:\/\/kunmedierne.dk\/mors\/naesten-udsolgt-til-gymnastikgalla\/#respond\"]}]},{\"@type\":\"WebPage\",\"@id\":\"https:\/\/kunmedierne.dk\/mors\/naesten-udsolgt-til-gymnastikgalla\/\",\"url\":\"https:\/\/kunmedierne.dk\/mors\/naesten-udsolgt-til-gymnastikgalla\/\",\"name\":\"N\u00e6sten udsolgt til gymnastikgalla - Mors\",\"isPartOf\":{\"@id\":\"https:\/\/kunmedierne.dk\/mors\/#website\"},\"primaryImageOfPage\":{\"@id\":\"https:\/\/kunmedierne.dk\/mors\/naesten-udsolgt-til-gymnastikgalla\/#primaryimage\"},\"image\":{\"@id\":\"https:\/\/kunmedierne.dk\/mors\/naesten-udsolgt-til-gymnastikgalla\/#primaryimage\"},\"thumbnailUrl\":\"https:\/\/kunmedierne.dk\/mors\/wp-content\/uploads\/2022\/04\/gym3.jpg\",\"datePublished\":\"2022-04-05T16:11:23+00:00\",\"dateModified\":\"2024-08-12T11:34:26+00:00\",\"breadcrumb\":{\"@id\":\"https:\/\/kunmedierne.dk\/mors\/naesten-udsolgt-til-gymnastikgalla\/#breadcrumb\"},\"inLanguage\":\"da-DK\",\"potentialAction\":[{\"@type\":\"ReadAction\",\"target\":[\"https:\/\/kunmedierne.dk\/mors\/naesten-udsolgt-til-gymnastikgalla\/\"]}]},{\"@type\":\"ImageObject\",\"inLanguage\":\"da-DK\",\"@id\":\"https:\/\/kunmedierne.dk\/mors\/naesten-udsolgt-til-gymnastikgalla\/#primaryimage\",\"url\":\"https:\/\/kunmedierne.dk\/mors\/wp-content\/uploads\/2022\/04\/gym3.jpg\",\"contentUrl\":\"https:\/\/kunmedierne.dk\/mors\/wp-content\/uploads\/2022\/04\/gym3.jpg\",\"width\":770,\"height\":513,\"caption\":\"Der bliver fart over feltet, n\u00e5r arenaen i Nyk\u00f8bing i morgen byder p\u00e5 gymnastikgalla 2022. Foto: Skyum Idr\u00e6tsefterskole\"},{\"@type\":\"BreadcrumbList\",\"@id\":\"https:\/\/kunmedierne.dk\/mors\/naesten-udsolgt-til-gymnastikgalla\/#breadcrumb\",\"itemListElement\":[{\"@type\":\"ListItem\",\"position\":1,\"name\":\"Hjem\",\"item\":\"https:\/\/kunmedierne.dk\/mors\/\"},{\"@type\":\"ListItem\",\"position\":2,\"name\":\"N\u00e6sten udsolgt til gymnastikgalla\"}]},{\"@type\":\"WebSite\",\"@id\":\"https:\/\/kunmedierne.dk\/mors\/#website\",\"url\":\"https:\/\/kunmedierne.dk\/mors\/\",\"name\":\"Mors\",\"description\":\"et netmedie med journalistik om livet p\u00e5 Mors\",\"publisher\":{\"@id\":\"https:\/\/kunmedierne.dk\/mors\/#organization\"},\"potentialAction\":[{\"@type\":\"SearchAction\",\"target\":{\"@type\":\"EntryPoint\",\"urlTemplate\":\"https:\/\/kunmedierne.dk\/mors\/?s={search_term_string}\"},\"query-input\":{\"@type\":\"PropertyValueSpecification\",\"valueRequired\":true,\"valueName\":\"search_term_string\"}}],\"inLanguage\":\"da-DK\"},{\"@type\":\"Organization\",\"@id\":\"https:\/\/kunmedierne.dk\/mors\/#organization\",\"name\":\"Mors\",\"url\":\"https:\/\/kunmedierne.dk\/mors\/\",\"logo\":{\"@type\":\"ImageObject\",\"inLanguage\":\"da-DK\",\"@id\":\"https:\/\/kunmedierne.dk\/mors\/#\/schema\/logo\/image\/\",\"url\":\"https:\/\/kunmedierne.dk\/mors\/wp-content\/uploads\/2024\/08\/kunmors-logo.svg\",\"contentUrl\":\"https:\/\/kunmedierne.dk\/mors\/wp-content\/uploads\/2024\/08\/kunmors-logo.svg\",\"caption\":\"Mors\"},\"image\":{\"@id\":\"https:\/\/kunmedierne.dk\/mors\/#\/schema\/logo\/image\/\"}},{\"@type\":\"Person\",\"@id\":\"https:\/\/kunmedierne.dk\/mors\/#\/schema\/person\/5fe23251bf1d0abbcdc6f7896579d548\",\"name\":\"David H\u00f8jmark\",\"image\":{\"@type\":\"ImageObject\",\"inLanguage\":\"da-DK\",\"@id\":\"https:\/\/kunmedierne.dk\/mors\/#\/schema\/person\/image\/\",\"url\":\"https:\/\/secure.gravatar.com\/avatar\/4315d6fb9ef244d729989f5f90268eb08d5bf8a3d84402f595fa194bb35784fd?s=96&d=mm&r=g\",\"contentUrl\":\"https:\/\/secure.gravatar.com\/avatar\/4315d6fb9ef244d729989f5f90268eb08d5bf8a3d84402f595fa194bb35784fd?s=96&d=mm&r=g\",\"caption\":\"David H\u00f8jmark\"},\"sameAs\":[\"https:\/\/www.kunmedierne.dk\"],\"url\":\"https:\/\/kunmedierne.dk\/mors\/author\/david\/\"}]}<\/script>\n<!-- \/ Yoast SEO plugin. -->","yoast_head_json":{"title":"N\u00e6sten udsolgt til gymnastikgalla - Mors","robots":{"index":"index","follow":"follow","max-snippet":"max-snippet:-1","max-image-preview":"max-image-preview:large","max-video-preview":"max-video-preview:-1"},"canonical":"https:\/\/kunmedierne.dk\/mors\/naesten-udsolgt-til-gymnastikgalla\/","og_locale":"da_DK","og_type":"article","og_title":"N\u00e6sten udsolgt til gymnastikgalla - Mors","og_description":"NYK\u00d8BING: Gymnastik p\u00e5 h\u00f8jt niveau &#8211; og toppen af poppen inden for dans. Det er, hvad man kan opleve i Sparekassen Thy Arena Mors onsdag aften. For f\u00f8rste gang i tre \u00e5r st\u00e5r den p\u00e5 gymnastikgalla, n\u00e5r blandt andre 174 elever fra Skyum Idr\u00e6tsefterskole indtager gulvet og viser, hvad de kan. &#8220;Det gl\u00e6der vi os [&hellip;]","og_url":"https:\/\/kunmedierne.dk\/mors\/naesten-udsolgt-til-gymnastikgalla\/","og_site_name":"Mors","article_published_time":"2022-04-05T16:11:23+00:00","article_modified_time":"2024-08-12T11:34:26+00:00","og_image":[{"width":770,"height":513,"url":"https:\/\/kunmedierne.dk\/mors\/wp-content\/uploads\/2022\/04\/gym3.jpg","type":"image\/jpeg"}],"author":"David H\u00f8jmark","twitter_card":"summary_large_image","twitter_misc":{"Skrevet af":"David H\u00f8jmark","Estimeret l\u00e6setid":"4 minutter"},"schema":{"@context":"https:\/\/schema.org","@graph":[{"@type":"Article","@id":"https:\/\/kunmedierne.dk\/mors\/naesten-udsolgt-til-gymnastikgalla\/#article","isPartOf":{"@id":"https:\/\/kunmedierne.dk\/mors\/naesten-udsolgt-til-gymnastikgalla\/"},"author":{"name":"David H\u00f8jmark","@id":"https:\/\/kunmedierne.dk\/mors\/#\/schema\/person\/5fe23251bf1d0abbcdc6f7896579d548"},"headline":"N\u00e6sten udsolgt til gymnastikgalla","datePublished":"2022-04-05T16:11:23+00:00","dateModified":"2024-08-12T11:34:26+00:00","mainEntityOfPage":{"@id":"https:\/\/kunmedierne.dk\/mors\/naesten-udsolgt-til-gymnastikgalla\/"},"wordCount":614,"commentCount":0,"publisher":{"@id":"https:\/\/kunmedierne.dk\/mors\/#organization"},"image":{"@id":"https:\/\/kunmedierne.dk\/mors\/naesten-udsolgt-til-gymnastikgalla\/#primaryimage"},"thumbnailUrl":"https:\/\/kunmedierne.dk\/mors\/wp-content\/uploads\/2022\/04\/gym3.jpg","keywords":["Skoler og uddannelse"],"articleSection":["Lokalt"],"inLanguage":"da-DK","potentialAction":[{"@type":"CommentAction","name":"Comment","target":["https:\/\/kunmedierne.dk\/mors\/naesten-udsolgt-til-gymnastikgalla\/#respond"]}]},{"@type":"WebPage","@id":"https:\/\/kunmedierne.dk\/mors\/naesten-udsolgt-til-gymnastikgalla\/","url":"https:\/\/kunmedierne.dk\/mors\/naesten-udsolgt-til-gymnastikgalla\/","name":"N\u00e6sten udsolgt til gymnastikgalla - Mors","isPartOf":{"@id":"https:\/\/kunmedierne.dk\/mors\/#website"},"primaryImageOfPage":{"@id":"https:\/\/kunmedierne.dk\/mors\/naesten-udsolgt-til-gymnastikgalla\/#primaryimage"},"image":{"@id":"https:\/\/kunmedierne.dk\/mors\/naesten-udsolgt-til-gymnastikgalla\/#primaryimage"},"thumbnailUrl":"https:\/\/kunmedierne.dk\/mors\/wp-content\/uploads\/2022\/04\/gym3.jpg","datePublished":"2022-04-05T16:11:23+00:00","dateModified":"2024-08-12T11:34:26+00:00","breadcrumb":{"@id":"https:\/\/kunmedierne.dk\/mors\/naesten-udsolgt-til-gymnastikgalla\/#breadcrumb"},"inLanguage":"da-DK","potentialAction":[{"@type":"ReadAction","target":["https:\/\/kunmedierne.dk\/mors\/naesten-udsolgt-til-gymnastikgalla\/"]}]},{"@type":"ImageObject","inLanguage":"da-DK","@id":"https:\/\/kunmedierne.dk\/mors\/naesten-udsolgt-til-gymnastikgalla\/#primaryimage","url":"https:\/\/kunmedierne.dk\/mors\/wp-content\/uploads\/2022\/04\/gym3.jpg","contentUrl":"https:\/\/kunmedierne.dk\/mors\/wp-content\/uploads\/2022\/04\/gym3.jpg","width":770,"height":513,"caption":"Der bliver fart over feltet, n\u00e5r arenaen i Nyk\u00f8bing i morgen byder p\u00e5 gymnastikgalla 2022. Foto: Skyum Idr\u00e6tsefterskole"},{"@type":"BreadcrumbList","@id":"https:\/\/kunmedierne.dk\/mors\/naesten-udsolgt-til-gymnastikgalla\/#breadcrumb","itemListElement":[{"@type":"ListItem","position":1,"name":"Hjem","item":"https:\/\/kunmedierne.dk\/mors\/"},{"@type":"ListItem","position":2,"name":"N\u00e6sten udsolgt til gymnastikgalla"}]},{"@type":"WebSite","@id":"https:\/\/kunmedierne.dk\/mors\/#website","url":"https:\/\/kunmedierne.dk\/mors\/","name":"Mors","description":"et netmedie med journalistik om livet p\u00e5 Mors","publisher":{"@id":"https:\/\/kunmedierne.dk\/mors\/#organization"},"potentialAction":[{"@type":"SearchAction","target":{"@type":"EntryPoint","urlTemplate":"https:\/\/kunmedierne.dk\/mors\/?s={search_term_string}"},"query-input":{"@type":"PropertyValueSpecification","valueRequired":true,"valueName":"search_term_string"}}],"inLanguage":"da-DK"},{"@type":"Organization","@id":"https:\/\/kunmedierne.dk\/mors\/#organization","name":"Mors","url":"https:\/\/kunmedierne.dk\/mors\/","logo":{"@type":"ImageObject","inLanguage":"da-DK","@id":"https:\/\/kunmedierne.dk\/mors\/#\/schema\/logo\/image\/","url":"https:\/\/kunmedierne.dk\/mors\/wp-content\/uploads\/2024\/08\/kunmors-logo.svg","contentUrl":"https:\/\/kunmedierne.dk\/mors\/wp-content\/uploads\/2024\/08\/kunmors-logo.svg","caption":"Mors"},"image":{"@id":"https:\/\/kunmedierne.dk\/mors\/#\/schema\/logo\/image\/"}},{"@type":"Person","@id":"https:\/\/kunmedierne.dk\/mors\/#\/schema\/person\/5fe23251bf1d0abbcdc6f7896579d548","name":"David H\u00f8jmark","image":{"@type":"ImageObject","inLanguage":"da-DK","@id":"https:\/\/kunmedierne.dk\/mors\/#\/schema\/person\/image\/","url":"https:\/\/secure.gravatar.com\/avatar\/4315d6fb9ef244d729989f5f90268eb08d5bf8a3d84402f595fa194bb35784fd?s=96&d=mm&r=g","contentUrl":"https:\/\/secure.gravatar.com\/avatar\/4315d6fb9ef244d729989f5f90268eb08d5bf8a3d84402f595fa194bb35784fd?s=96&d=mm&r=g","caption":"David H\u00f8jmark"},"sameAs":["https:\/\/www.kunmedierne.dk"],"url":"https:\/\/kunmedierne.dk\/mors\/author\/david\/"}]}},"_links":{"self":[{"href":"https:\/\/kunmedierne.dk\/mors\/wp-json\/wp\/v2\/posts\/66745","targetHints":{"allow":["GET"]}}],"collection":[{"href":"https:\/\/kunmedierne.dk\/mors\/wp-json\/wp\/v2\/posts"}],"about":[{"href":"https:\/\/kunmedierne.dk\/mors\/wp-json\/wp\/v2\/types\/post"}],"author":[{"embeddable":true,"href":"https:\/\/kunmedierne.dk\/mors\/wp-json\/wp\/v2\/users\/8"}],"replies":[{"embeddable":true,"href":"https:\/\/kunmedierne.dk\/mors\/wp-json\/wp\/v2\/comments?post=66745"}],"version-history":[{"count":2,"href":"https:\/\/kunmedierne.dk\/mors\/wp-json\/wp\/v2\/posts\/66745\/revisions"}],"predecessor-version":[{"id":66751,"href":"https:\/\/kunmedierne.dk\/mors\/wp-json\/wp\/v2\/posts\/66745\/revisions\/66751"}],"wp:featuredmedia":[{"embeddable":true,"href":"https:\/\/kunmedierne.dk\/mors\/wp-json\/wp\/v2\/media\/66747"}],"wp:attachment":[{"href":"https:\/\/kunmedierne.dk\/mors\/wp-json\/wp\/v2\/media?parent=66745"}],"wp:term":[{"taxonomy":"category","embeddable":true,"href":"https:\/\/kunmedierne.dk\/mors\/wp-json\/wp\/v2\/categories?post=66745"},{"taxonomy":"post_tag","embeddable":true,"href":"https:\/\/kunmedierne.dk\/mors\/wp-json\/wp\/v2\/tags?post=66745"}],"curies":[{"name":"wp","href":"https:\/\/api.w.org\/{rel}","templated":true}]}}