{"id":66727,"date":"2022-04-05T15:53:05","date_gmt":"2022-04-05T13:53:05","guid":{"rendered":"https:\/\/kunmedierne.dk\/mors\/?p=66727"},"modified":"2024-08-12T13:34:26","modified_gmt":"2024-08-12T11:34:26","slug":"foerste-spadestik-til-57-ungdomsboliger-men-er-det-nok","status":"publish","type":"post","link":"https:\/\/kunmedierne.dk\/mors\/foerste-spadestik-til-57-ungdomsboliger-men-er-det-nok\/","title":{"rendered":"F\u00f8rste spadestik til 57 ungdomsboliger &#8211; men er det nok?"},"content":{"rendered":"<p><strong>NYK\u00d8BING<\/strong>: De var l\u00e6ngere undervejs end f\u00f8rst planlagt. Til geng\u00e6ld er der flere af dem.<\/p>\n<p>Det kunne s\u00e5vel politikere som aftagere af de kommende ungdomsboliger konstatere, da der mandag blev taget f\u00f8rste spadestik for byggeriet af 57 boliger p\u00e5 Tranevej i Nyk\u00f8bing &#8211; med studerende inden for et bredt felt af uddannelsesretninger som m\u00e5lgruppe.<\/p>\n<p>Netop det sidste l\u00e6gger Hans Ejner Bertelsen (V), borgmester i Mors\u00f8 Kommune, v\u00e6gt p\u00e5. Han tog sammen med partikollega Ansgar Nygaard, formand for Boligselskabet Nyk\u00f8bing Mors, de f\u00f8rste to spadestik og ser nu frem til det f\u00e6rdige resultat i 2023.<\/p>\n<a class=\"dvrt-link\" onClick=\"cdmtrack_click(104779,jQuery(this));return false\" href=\"https:\/\/morsoe-begravelsesforretning.dk\/\"><img decoding=\"async\" style=\"width:100%;\" src=\"https:\/\/kunmedierne.dk\/mors\/wp-content\/uploads\/2023\/11\/251215-morsoe-begravelsesforretning.jpg\"><\/a><script>cdmtrack_view(104779);<\/script>\n<p>&#8220;Det er en unge-bydel, vi f\u00e5r skabt omkring vores multipark. Vi f\u00e5r 57 topmoderne ungdomsboliger &#8211; en del til sportscollege og en del til dramalinjen og alle andre, der har interesse. Det er jo ogs\u00e5 til l\u00e6rlinge og andre elever &#8211; s\u00e5 l\u00e6nge, man er under uddannelse, kan man bruge det,&#8221; fremh\u00e6ver Hans Ejner Bertelsen.<\/p>\n<p>&nbsp;<\/p>\n<p><strong>Plads til en fredagsbar<\/strong><\/p>\n<p>Der er tale om 51 ungdomsboliger til hver \u00e9n person, fire s\u00e5kaldte 2-rumsboliger og to handicapvenlige boliger. De opf\u00f8res i to blokke med den ene tilt\u00e6nkt elever fra Sports College Mors. Og der vil blandt andet v\u00e6re f\u00e6llesarealer, der skaber et naturligt m\u00f8de mellem beboerne, n\u00e5r de bev\u00e6ger sig rundt i huset.<\/p>\n<p>Alt i alt et tiltag, der g\u00f8r \u00f8en mere attraktiv for unge, mener borgmesteren.<\/p>\n<p>&#8220;Det er et l\u00f8ft til at skabe det gode ungeliv p\u00e5 Mors,&#8221; siger Hans Ejner Bertelsen.<\/p>\n<p><em>Unge kunne jo ogs\u00e5 lige s\u00e5 godt bo i lejligheder rundt omkring eller hjemme ved deres for\u00e6ldre. Hvorfor er det s\u00e5 vigtigt at samle dem?<\/em><\/p>\n<a class=\"dvrt-link\" onClick=\"cdmtrack_click(104781,jQuery(this));return false\" href=\"https:\/\/www.fmspks.dk\/\"><img decoding=\"async\" style=\"width:100%;\" src=\"https:\/\/kunmedierne.dk\/mors\/wp-content\/uploads\/2022\/02\/vip-froeslev-mollerup-sparekasse.jpg\"><\/a><script>cdmtrack_view(104781);<\/script>\n<p>&#8220;College og drama har jo mange udefra, der flytter til Mors, mens de er i gang med deres uddannelse. Og mange af vores virksomheder eftersp\u00f8rger l\u00e6rlinge. Der f\u00e5r vi s\u00e5 et tilbud om, at man kan komme og bo i et ungemilj\u00f8, hvor der kan v\u00e6re noget socialt og noget f\u00e6llesskab. Det f\u00e5r man ikke, hvis man bor rundt omkring,&#8221; siger Hans Ejner Bertelsen.<\/p>\n<p>&#8220;Jeg plejer med et glimt i \u00f8jet at sige, at der ogs\u00e5 skal v\u00e6re plads og mulighed for en fredagsbar. Det er noget af det, vi skaber med det her. Vi kommer med et godt tilbud &#8211; b\u00e5de med kvaliteten i boligen og det sociale liv omkring det. Og s\u00e5 bliver der taget h\u00f8jde for, at man p\u00e5 sportscollege nogle gange skal v\u00e6re toptunet,&#8221; siger han om den placering af elever i samme bygning, som skal g\u00f8re det muligt for dem at lade op til store bedrifter i deres sport.<\/p>\n<p>&nbsp;<\/p>\n<p><strong>Erhvervsliv har brug for l\u00e6rlinge<\/strong><\/p>\n<p>Hans Ejner Bertelsen fremh\u00e6ver ogs\u00e5, at gymnasiet f\u00e5r stor gavn af ungdomsboligerne, og at det med ikke mindst sin dramalinje i det hele taget g\u00f8r gavn for \u00f8en.<\/p>\n<p>&#8220;Det er et megastort skridt, vi har taget i g\u00e5r,&#8221; opsummerer han om begyndelsen p\u00e5 byggeriet.<\/p>\n<p><em>Det lyder som noget, der har manglet tidligere p\u00e5 Mors. Skulle man ikke have bygget det\u00a0 for flere \u00e5r siden?<\/em><\/p>\n<p>&#8220;Ja, men s\u00e5dan er det jo. Mulighederne skal v\u00e6re til stede, og der skal v\u00e6re politisk vilje til at g\u00f8re det. Det er det, der er til stede nu, og vi kan bare se, at b\u00e5de drama og sportscollege har ramt noget i tiden, der g\u00f8r, at de er efterspurgt. Der er en kvalitet i de tilbud, vi har,&#8221; siger Hans Ejner Bertelsen og tilf\u00f8jer:<\/p>\n<p>&#8220;Og s\u00e5 har vi et erhvervsliv, der buldrer s\u00e5 meget derudaf, at man i den grad har brug for l\u00e6rlinge.&#8221;<\/p>\n<a class=\"dvrt-link\" onClick=\"cdmtrack_click(114591,jQuery(this));return false\" href=\"https:\/\/www.facebook.com\/kopogkandemors\"><img decoding=\"async\" style=\"width:100%;\" src=\"https:\/\/kunmedierne.dk\/mors\/wp-content\/uploads\/2024\/03\/kop-og-kande-ja-tak-tilbud.jpg\"><\/a><script>cdmtrack_view(114591);<\/script>\n<p><em>Er det s\u00e5 nok til at d\u00e6kke behovet et stykke tid ud i fremtiden, eller skal man snart t\u00e6nke p\u00e5 mere?<\/em><\/p>\n<p>&#8220;Jeg h\u00e5ber da, at vi kan m\u00f8des derude igen om nogle \u00e5r og tage spadestik til n\u00e6ste afdeling. Det ville v\u00e6re fantastisk, hvis vi p\u00e5 den m\u00e5de kan skabe et godt ungeliv p\u00e5 Mors. Men indtil videre er 57 ungdomsboliger en stor mundfuld for Mors, s\u00e5 jeg tror, det r\u00e6kker p\u00e5 Mors,&#8221; siger han.<\/p>\n<p>&nbsp;<\/p>\n<p><strong>Sv\u00e6rt at forudsige behovet<\/strong><\/p>\n<p>Lars &#8216;Landmand&#8217; Nielsen er enig. Han er daglig leder af Sports College Mors, som kommer til at rekruttere en stor del af de studerende, der skal optage de 57 ungdomsboliger.<\/p>\n<p>Og han forestiller sig ikke umiddelbart, at der snart bliver brug for flere.<\/p>\n<p>&#8220;Det er jeg ikke s\u00e5 nerv\u00f8s for. Jeg tror, det passer meget godt de n\u00e6ste tre-fire \u00e5r, og s\u00e5 er det sv\u00e6rt at sige noget om derefter,&#8221; siger han.<\/p>\n<a class=\"dvrt-link\" onClick=\"cdmtrack_click(104778,jQuery(this));return false\" href=\"https:\/\/vester-begr.dk\/?gclid=CjwKCAjw5Kv7BRBSEiwAXGDElQB6WMfm9CgYVrruty-I1gaOkTkC3mlA4QRDtYNsxYgVC8sNzAJ7WhoCmBsQAvD_BwE\"><img decoding=\"async\" style=\"width:100%;\" src=\"https:\/\/kunmedierne.dk\/mors\/wp-content\/uploads\/2023\/10\/260203VesterHoukaer-02022026.jpg\"><\/a><script>cdmtrack_view(104778);<\/script>\n<p>Her handler det om, forklarer collegelederen, at konkurrencen om h\u00e5ndboldtalenters gunst i disse \u00e5r er tiltagende. St\u00f8rre klubber end den lokale ligaklub p\u00e5 Mors og i Thy viser stigende vilje til at holde talenterne i n\u00e6rheden af sig selv.<\/p>\n<p>&#8220;Der bliver kamp om de unge mennesker. Der er stort fokus p\u00e5 talenterne rundt omkring, men heldigvis er vi lidt foran, og vi h\u00e5ber, at vores v\u00e6rdier og setup f\u00e5r talenterne til at t\u00e6nke lidt fornuftigt &#8211; ogs\u00e5 selv om de kan f\u00e5 1000 kroner for at spille h\u00e5ndbold andre steder,&#8221; siger han.<\/p>\n<p>Derudover melder han om ukendte faktorer, der kan rokke ved behovet for ungdomsboliger til unge sportsfolk. Det kan v\u00e6re faktorer, som kan tr\u00e6kke i b\u00e5de den ene og anden retning.<\/p>\n<p>&#8220;Rykker pigeh\u00e5ndbolden for eksempel p\u00e5 Mors? Og rykker Mors-Thy p\u00e5 et tidspunkt ned? Der er s\u00e5 mange ubekendte, der spiller ind,&#8221; siger Lars &#8216;Landmand&#8217; Nielsen.<\/p>\n<p>De 57 ungdomsboliger p\u00e5 Tranevej skal efter planen st\u00e5 klar til skole\u00e5ret, der begynder i august 2023.<\/p>\n<a class=\"dvrt-link\" onClick=\"cdmtrack_click(169437,jQuery(this));return false\" href=\"https:\/\/thymors.dk\/sponsorater\/15-til-faellesskabet?utm_source=kunmors&amp;utm_medium=annonce&amp;utm_campaign=sponsorater\"><img decoding=\"async\" style=\"width:100%;\" src=\"https:\/\/kunmedierne.dk\/mors\/wp-content\/uploads\/2026\/03\/260407ThyMors-energi_faellesskab_generel-1.jpg\"><\/a><script>cdmtrack_view(169437);<\/script>\n<blockquote>\n<h5>V\u00e6r sikker p\u00e5, at du f\u00e5r alle artikler p\u00e5 KunMors. Tilmeld dig den gratis KunMors-avisen nederst p\u00e5 siden.<\/h5>\n<\/blockquote>\n","protected":false},"excerpt":{"rendered":"<p>NYK\u00d8BING: De var l\u00e6ngere undervejs end f\u00f8rst planlagt. Til geng\u00e6ld er der flere af dem. Det kunne s\u00e5vel politikere som aftagere af de kommende ungdomsboliger konstatere, da der mandag blev taget f\u00f8rste spadestik for byggeriet af 57 boliger p\u00e5 Tranevej i Nyk\u00f8bing &#8211; med studerende inden for et bredt felt af uddannelsesretninger som m\u00e5lgruppe. Netop [&hellip;]<\/p>\n","protected":false},"author":8,"featured_media":66741,"comment_status":"open","ping_status":"open","sticky":false,"template":"","format":"standard","meta":{"_acf_changed":false,"footnotes":""},"categories":[51],"tags":[159,170],"class_list":["post-66727","post","type-post","status-publish","format-standard","has-post-thumbnail","hentry","category-lokalt","tag-erhverv","tag-uddannelse"],"acf":[],"yoast_head":"<!-- This site is optimized with the Yoast SEO plugin v26.8 - https:\/\/yoast.com\/product\/yoast-seo-wordpress\/ -->\n<title>F\u00f8rste spadestik til 57 ungdomsboliger - men er det nok? - Mors<\/title>\n<meta name=\"robots\" content=\"index, follow, max-snippet:-1, max-image-preview:large, max-video-preview:-1\" \/>\n<link rel=\"canonical\" href=\"https:\/\/kunmedierne.dk\/mors\/foerste-spadestik-til-57-ungdomsboliger-men-er-det-nok\/\" \/>\n<meta property=\"og:locale\" content=\"da_DK\" \/>\n<meta property=\"og:type\" content=\"article\" \/>\n<meta property=\"og:title\" content=\"F\u00f8rste spadestik til 57 ungdomsboliger - men er det nok? - Mors\" \/>\n<meta property=\"og:description\" content=\"NYK\u00d8BING: De var l\u00e6ngere undervejs end f\u00f8rst planlagt. Til geng\u00e6ld er der flere af dem. Det kunne s\u00e5vel politikere som aftagere af de kommende ungdomsboliger konstatere, da der mandag blev taget f\u00f8rste spadestik for byggeriet af 57 boliger p\u00e5 Tranevej i Nyk\u00f8bing &#8211; med studerende inden for et bredt felt af uddannelsesretninger som m\u00e5lgruppe. Netop [&hellip;]\" \/>\n<meta property=\"og:url\" content=\"https:\/\/kunmedierne.dk\/mors\/foerste-spadestik-til-57-ungdomsboliger-men-er-det-nok\/\" \/>\n<meta property=\"og:site_name\" content=\"Mors\" \/>\n<meta property=\"article:published_time\" content=\"2022-04-05T13:53:05+00:00\" \/>\n<meta property=\"article:modified_time\" content=\"2024-08-12T11:34:26+00:00\" \/>\n<meta property=\"og:image\" content=\"https:\/\/kunmedierne.dk\/mors\/wp-content\/uploads\/2022\/04\/ungdomsboliger.jpg\" \/>\n\t<meta property=\"og:image:width\" content=\"770\" \/>\n\t<meta property=\"og:image:height\" content=\"513\" \/>\n\t<meta property=\"og:image:type\" content=\"image\/jpeg\" \/>\n<meta name=\"author\" content=\"David H\u00f8jmark\" \/>\n<meta name=\"twitter:card\" content=\"summary_large_image\" \/>\n<meta name=\"twitter:label1\" content=\"Skrevet af\" \/>\n\t<meta name=\"twitter:data1\" content=\"David H\u00f8jmark\" \/>\n\t<meta name=\"twitter:label2\" content=\"Estimeret l\u00e6setid\" \/>\n\t<meta name=\"twitter:data2\" content=\"5 minutter\" \/>\n<script type=\"application\/ld+json\" class=\"yoast-schema-graph\">{\"@context\":\"https:\/\/schema.org\",\"@graph\":[{\"@type\":\"Article\",\"@id\":\"https:\/\/kunmedierne.dk\/mors\/foerste-spadestik-til-57-ungdomsboliger-men-er-det-nok\/#article\",\"isPartOf\":{\"@id\":\"https:\/\/kunmedierne.dk\/mors\/foerste-spadestik-til-57-ungdomsboliger-men-er-det-nok\/\"},\"author\":{\"name\":\"David H\u00f8jmark\",\"@id\":\"https:\/\/kunmedierne.dk\/mors\/#\/schema\/person\/5fe23251bf1d0abbcdc6f7896579d548\"},\"headline\":\"F\u00f8rste spadestik til 57 ungdomsboliger &#8211; men er det nok?\",\"datePublished\":\"2022-04-05T13:53:05+00:00\",\"dateModified\":\"2024-08-12T11:34:26+00:00\",\"mainEntityOfPage\":{\"@id\":\"https:\/\/kunmedierne.dk\/mors\/foerste-spadestik-til-57-ungdomsboliger-men-er-det-nok\/\"},\"wordCount\":995,\"commentCount\":0,\"publisher\":{\"@id\":\"https:\/\/kunmedierne.dk\/mors\/#organization\"},\"image\":{\"@id\":\"https:\/\/kunmedierne.dk\/mors\/foerste-spadestik-til-57-ungdomsboliger-men-er-det-nok\/#primaryimage\"},\"thumbnailUrl\":\"https:\/\/kunmedierne.dk\/mors\/wp-content\/uploads\/2022\/04\/ungdomsboliger.jpg\",\"keywords\":[\"Erhverv\",\"Skoler og uddannelse\"],\"articleSection\":[\"Lokalt\"],\"inLanguage\":\"da-DK\",\"potentialAction\":[{\"@type\":\"CommentAction\",\"name\":\"Comment\",\"target\":[\"https:\/\/kunmedierne.dk\/mors\/foerste-spadestik-til-57-ungdomsboliger-men-er-det-nok\/#respond\"]}]},{\"@type\":\"WebPage\",\"@id\":\"https:\/\/kunmedierne.dk\/mors\/foerste-spadestik-til-57-ungdomsboliger-men-er-det-nok\/\",\"url\":\"https:\/\/kunmedierne.dk\/mors\/foerste-spadestik-til-57-ungdomsboliger-men-er-det-nok\/\",\"name\":\"F\u00f8rste spadestik til 57 ungdomsboliger - men er det nok? - Mors\",\"isPartOf\":{\"@id\":\"https:\/\/kunmedierne.dk\/mors\/#website\"},\"primaryImageOfPage\":{\"@id\":\"https:\/\/kunmedierne.dk\/mors\/foerste-spadestik-til-57-ungdomsboliger-men-er-det-nok\/#primaryimage\"},\"image\":{\"@id\":\"https:\/\/kunmedierne.dk\/mors\/foerste-spadestik-til-57-ungdomsboliger-men-er-det-nok\/#primaryimage\"},\"thumbnailUrl\":\"https:\/\/kunmedierne.dk\/mors\/wp-content\/uploads\/2022\/04\/ungdomsboliger.jpg\",\"datePublished\":\"2022-04-05T13:53:05+00:00\",\"dateModified\":\"2024-08-12T11:34:26+00:00\",\"breadcrumb\":{\"@id\":\"https:\/\/kunmedierne.dk\/mors\/foerste-spadestik-til-57-ungdomsboliger-men-er-det-nok\/#breadcrumb\"},\"inLanguage\":\"da-DK\",\"potentialAction\":[{\"@type\":\"ReadAction\",\"target\":[\"https:\/\/kunmedierne.dk\/mors\/foerste-spadestik-til-57-ungdomsboliger-men-er-det-nok\/\"]}]},{\"@type\":\"ImageObject\",\"inLanguage\":\"da-DK\",\"@id\":\"https:\/\/kunmedierne.dk\/mors\/foerste-spadestik-til-57-ungdomsboliger-men-er-det-nok\/#primaryimage\",\"url\":\"https:\/\/kunmedierne.dk\/mors\/wp-content\/uploads\/2022\/04\/ungdomsboliger.jpg\",\"contentUrl\":\"https:\/\/kunmedierne.dk\/mors\/wp-content\/uploads\/2022\/04\/ungdomsboliger.jpg\",\"width\":770,\"height\":513,\"caption\":\"Ungdomsboligerne skal st\u00e5 klar i august 2023. Illustration: Domea\"},{\"@type\":\"BreadcrumbList\",\"@id\":\"https:\/\/kunmedierne.dk\/mors\/foerste-spadestik-til-57-ungdomsboliger-men-er-det-nok\/#breadcrumb\",\"itemListElement\":[{\"@type\":\"ListItem\",\"position\":1,\"name\":\"Hjem\",\"item\":\"https:\/\/kunmedierne.dk\/mors\/\"},{\"@type\":\"ListItem\",\"position\":2,\"name\":\"F\u00f8rste spadestik til 57 ungdomsboliger &#8211; men er det nok?\"}]},{\"@type\":\"WebSite\",\"@id\":\"https:\/\/kunmedierne.dk\/mors\/#website\",\"url\":\"https:\/\/kunmedierne.dk\/mors\/\",\"name\":\"Mors\",\"description\":\"et netmedie med journalistik om livet p\u00e5 Mors\",\"publisher\":{\"@id\":\"https:\/\/kunmedierne.dk\/mors\/#organization\"},\"potentialAction\":[{\"@type\":\"SearchAction\",\"target\":{\"@type\":\"EntryPoint\",\"urlTemplate\":\"https:\/\/kunmedierne.dk\/mors\/?s={search_term_string}\"},\"query-input\":{\"@type\":\"PropertyValueSpecification\",\"valueRequired\":true,\"valueName\":\"search_term_string\"}}],\"inLanguage\":\"da-DK\"},{\"@type\":\"Organization\",\"@id\":\"https:\/\/kunmedierne.dk\/mors\/#organization\",\"name\":\"Mors\",\"url\":\"https:\/\/kunmedierne.dk\/mors\/\",\"logo\":{\"@type\":\"ImageObject\",\"inLanguage\":\"da-DK\",\"@id\":\"https:\/\/kunmedierne.dk\/mors\/#\/schema\/logo\/image\/\",\"url\":\"https:\/\/kunmedierne.dk\/mors\/wp-content\/uploads\/2024\/08\/kunmors-logo.svg\",\"contentUrl\":\"https:\/\/kunmedierne.dk\/mors\/wp-content\/uploads\/2024\/08\/kunmors-logo.svg\",\"caption\":\"Mors\"},\"image\":{\"@id\":\"https:\/\/kunmedierne.dk\/mors\/#\/schema\/logo\/image\/\"}},{\"@type\":\"Person\",\"@id\":\"https:\/\/kunmedierne.dk\/mors\/#\/schema\/person\/5fe23251bf1d0abbcdc6f7896579d548\",\"name\":\"David H\u00f8jmark\",\"image\":{\"@type\":\"ImageObject\",\"inLanguage\":\"da-DK\",\"@id\":\"https:\/\/kunmedierne.dk\/mors\/#\/schema\/person\/image\/\",\"url\":\"https:\/\/secure.gravatar.com\/avatar\/4315d6fb9ef244d729989f5f90268eb08d5bf8a3d84402f595fa194bb35784fd?s=96&d=mm&r=g\",\"contentUrl\":\"https:\/\/secure.gravatar.com\/avatar\/4315d6fb9ef244d729989f5f90268eb08d5bf8a3d84402f595fa194bb35784fd?s=96&d=mm&r=g\",\"caption\":\"David H\u00f8jmark\"},\"sameAs\":[\"https:\/\/www.kunmedierne.dk\"],\"url\":\"https:\/\/kunmedierne.dk\/mors\/author\/david\/\"}]}<\/script>\n<!-- \/ Yoast SEO plugin. -->","yoast_head_json":{"title":"F\u00f8rste spadestik til 57 ungdomsboliger - men er det nok? - Mors","robots":{"index":"index","follow":"follow","max-snippet":"max-snippet:-1","max-image-preview":"max-image-preview:large","max-video-preview":"max-video-preview:-1"},"canonical":"https:\/\/kunmedierne.dk\/mors\/foerste-spadestik-til-57-ungdomsboliger-men-er-det-nok\/","og_locale":"da_DK","og_type":"article","og_title":"F\u00f8rste spadestik til 57 ungdomsboliger - men er det nok? - Mors","og_description":"NYK\u00d8BING: De var l\u00e6ngere undervejs end f\u00f8rst planlagt. Til geng\u00e6ld er der flere af dem. Det kunne s\u00e5vel politikere som aftagere af de kommende ungdomsboliger konstatere, da der mandag blev taget f\u00f8rste spadestik for byggeriet af 57 boliger p\u00e5 Tranevej i Nyk\u00f8bing &#8211; med studerende inden for et bredt felt af uddannelsesretninger som m\u00e5lgruppe. Netop [&hellip;]","og_url":"https:\/\/kunmedierne.dk\/mors\/foerste-spadestik-til-57-ungdomsboliger-men-er-det-nok\/","og_site_name":"Mors","article_published_time":"2022-04-05T13:53:05+00:00","article_modified_time":"2024-08-12T11:34:26+00:00","og_image":[{"width":770,"height":513,"url":"https:\/\/kunmedierne.dk\/mors\/wp-content\/uploads\/2022\/04\/ungdomsboliger.jpg","type":"image\/jpeg"}],"author":"David H\u00f8jmark","twitter_card":"summary_large_image","twitter_misc":{"Skrevet af":"David H\u00f8jmark","Estimeret l\u00e6setid":"5 minutter"},"schema":{"@context":"https:\/\/schema.org","@graph":[{"@type":"Article","@id":"https:\/\/kunmedierne.dk\/mors\/foerste-spadestik-til-57-ungdomsboliger-men-er-det-nok\/#article","isPartOf":{"@id":"https:\/\/kunmedierne.dk\/mors\/foerste-spadestik-til-57-ungdomsboliger-men-er-det-nok\/"},"author":{"name":"David H\u00f8jmark","@id":"https:\/\/kunmedierne.dk\/mors\/#\/schema\/person\/5fe23251bf1d0abbcdc6f7896579d548"},"headline":"F\u00f8rste spadestik til 57 ungdomsboliger &#8211; men er det nok?","datePublished":"2022-04-05T13:53:05+00:00","dateModified":"2024-08-12T11:34:26+00:00","mainEntityOfPage":{"@id":"https:\/\/kunmedierne.dk\/mors\/foerste-spadestik-til-57-ungdomsboliger-men-er-det-nok\/"},"wordCount":995,"commentCount":0,"publisher":{"@id":"https:\/\/kunmedierne.dk\/mors\/#organization"},"image":{"@id":"https:\/\/kunmedierne.dk\/mors\/foerste-spadestik-til-57-ungdomsboliger-men-er-det-nok\/#primaryimage"},"thumbnailUrl":"https:\/\/kunmedierne.dk\/mors\/wp-content\/uploads\/2022\/04\/ungdomsboliger.jpg","keywords":["Erhverv","Skoler og uddannelse"],"articleSection":["Lokalt"],"inLanguage":"da-DK","potentialAction":[{"@type":"CommentAction","name":"Comment","target":["https:\/\/kunmedierne.dk\/mors\/foerste-spadestik-til-57-ungdomsboliger-men-er-det-nok\/#respond"]}]},{"@type":"WebPage","@id":"https:\/\/kunmedierne.dk\/mors\/foerste-spadestik-til-57-ungdomsboliger-men-er-det-nok\/","url":"https:\/\/kunmedierne.dk\/mors\/foerste-spadestik-til-57-ungdomsboliger-men-er-det-nok\/","name":"F\u00f8rste spadestik til 57 ungdomsboliger - men er det nok? - Mors","isPartOf":{"@id":"https:\/\/kunmedierne.dk\/mors\/#website"},"primaryImageOfPage":{"@id":"https:\/\/kunmedierne.dk\/mors\/foerste-spadestik-til-57-ungdomsboliger-men-er-det-nok\/#primaryimage"},"image":{"@id":"https:\/\/kunmedierne.dk\/mors\/foerste-spadestik-til-57-ungdomsboliger-men-er-det-nok\/#primaryimage"},"thumbnailUrl":"https:\/\/kunmedierne.dk\/mors\/wp-content\/uploads\/2022\/04\/ungdomsboliger.jpg","datePublished":"2022-04-05T13:53:05+00:00","dateModified":"2024-08-12T11:34:26+00:00","breadcrumb":{"@id":"https:\/\/kunmedierne.dk\/mors\/foerste-spadestik-til-57-ungdomsboliger-men-er-det-nok\/#breadcrumb"},"inLanguage":"da-DK","potentialAction":[{"@type":"ReadAction","target":["https:\/\/kunmedierne.dk\/mors\/foerste-spadestik-til-57-ungdomsboliger-men-er-det-nok\/"]}]},{"@type":"ImageObject","inLanguage":"da-DK","@id":"https:\/\/kunmedierne.dk\/mors\/foerste-spadestik-til-57-ungdomsboliger-men-er-det-nok\/#primaryimage","url":"https:\/\/kunmedierne.dk\/mors\/wp-content\/uploads\/2022\/04\/ungdomsboliger.jpg","contentUrl":"https:\/\/kunmedierne.dk\/mors\/wp-content\/uploads\/2022\/04\/ungdomsboliger.jpg","width":770,"height":513,"caption":"Ungdomsboligerne skal st\u00e5 klar i august 2023. Illustration: Domea"},{"@type":"BreadcrumbList","@id":"https:\/\/kunmedierne.dk\/mors\/foerste-spadestik-til-57-ungdomsboliger-men-er-det-nok\/#breadcrumb","itemListElement":[{"@type":"ListItem","position":1,"name":"Hjem","item":"https:\/\/kunmedierne.dk\/mors\/"},{"@type":"ListItem","position":2,"name":"F\u00f8rste spadestik til 57 ungdomsboliger &#8211; men er det nok?"}]},{"@type":"WebSite","@id":"https:\/\/kunmedierne.dk\/mors\/#website","url":"https:\/\/kunmedierne.dk\/mors\/","name":"Mors","description":"et netmedie med journalistik om livet p\u00e5 Mors","publisher":{"@id":"https:\/\/kunmedierne.dk\/mors\/#organization"},"potentialAction":[{"@type":"SearchAction","target":{"@type":"EntryPoint","urlTemplate":"https:\/\/kunmedierne.dk\/mors\/?s={search_term_string}"},"query-input":{"@type":"PropertyValueSpecification","valueRequired":true,"valueName":"search_term_string"}}],"inLanguage":"da-DK"},{"@type":"Organization","@id":"https:\/\/kunmedierne.dk\/mors\/#organization","name":"Mors","url":"https:\/\/kunmedierne.dk\/mors\/","logo":{"@type":"ImageObject","inLanguage":"da-DK","@id":"https:\/\/kunmedierne.dk\/mors\/#\/schema\/logo\/image\/","url":"https:\/\/kunmedierne.dk\/mors\/wp-content\/uploads\/2024\/08\/kunmors-logo.svg","contentUrl":"https:\/\/kunmedierne.dk\/mors\/wp-content\/uploads\/2024\/08\/kunmors-logo.svg","caption":"Mors"},"image":{"@id":"https:\/\/kunmedierne.dk\/mors\/#\/schema\/logo\/image\/"}},{"@type":"Person","@id":"https:\/\/kunmedierne.dk\/mors\/#\/schema\/person\/5fe23251bf1d0abbcdc6f7896579d548","name":"David H\u00f8jmark","image":{"@type":"ImageObject","inLanguage":"da-DK","@id":"https:\/\/kunmedierne.dk\/mors\/#\/schema\/person\/image\/","url":"https:\/\/secure.gravatar.com\/avatar\/4315d6fb9ef244d729989f5f90268eb08d5bf8a3d84402f595fa194bb35784fd?s=96&d=mm&r=g","contentUrl":"https:\/\/secure.gravatar.com\/avatar\/4315d6fb9ef244d729989f5f90268eb08d5bf8a3d84402f595fa194bb35784fd?s=96&d=mm&r=g","caption":"David H\u00f8jmark"},"sameAs":["https:\/\/www.kunmedierne.dk"],"url":"https:\/\/kunmedierne.dk\/mors\/author\/david\/"}]}},"_links":{"self":[{"href":"https:\/\/kunmedierne.dk\/mors\/wp-json\/wp\/v2\/posts\/66727","targetHints":{"allow":["GET"]}}],"collection":[{"href":"https:\/\/kunmedierne.dk\/mors\/wp-json\/wp\/v2\/posts"}],"about":[{"href":"https:\/\/kunmedierne.dk\/mors\/wp-json\/wp\/v2\/types\/post"}],"author":[{"embeddable":true,"href":"https:\/\/kunmedierne.dk\/mors\/wp-json\/wp\/v2\/users\/8"}],"replies":[{"embeddable":true,"href":"https:\/\/kunmedierne.dk\/mors\/wp-json\/wp\/v2\/comments?post=66727"}],"version-history":[{"count":2,"href":"https:\/\/kunmedierne.dk\/mors\/wp-json\/wp\/v2\/posts\/66727\/revisions"}],"predecessor-version":[{"id":66742,"href":"https:\/\/kunmedierne.dk\/mors\/wp-json\/wp\/v2\/posts\/66727\/revisions\/66742"}],"wp:featuredmedia":[{"embeddable":true,"href":"https:\/\/kunmedierne.dk\/mors\/wp-json\/wp\/v2\/media\/66741"}],"wp:attachment":[{"href":"https:\/\/kunmedierne.dk\/mors\/wp-json\/wp\/v2\/media?parent=66727"}],"wp:term":[{"taxonomy":"category","embeddable":true,"href":"https:\/\/kunmedierne.dk\/mors\/wp-json\/wp\/v2\/categories?post=66727"},{"taxonomy":"post_tag","embeddable":true,"href":"https:\/\/kunmedierne.dk\/mors\/wp-json\/wp\/v2\/tags?post=66727"}],"curies":[{"name":"wp","href":"https:\/\/api.w.org\/{rel}","templated":true}]}}