{"id":66699,"date":"2022-04-05T11:30:37","date_gmt":"2022-04-05T09:30:37","guid":{"rendered":"https:\/\/kunmedierne.dk\/mors\/?p=66699"},"modified":"2024-08-12T13:34:26","modified_gmt":"2024-08-12T11:34:26","slug":"gymnasieelev-om-krigen-i-ukraine-det-er-vigtigt-at-man-toer-fortaelle-os-om-begge-sider-af-sagen","status":"publish","type":"post","link":"https:\/\/kunmedierne.dk\/mors\/gymnasieelev-om-krigen-i-ukraine-det-er-vigtigt-at-man-toer-fortaelle-os-om-begge-sider-af-sagen\/","title":{"rendered":"Gymnasieelev om krigen i Ukraine: Det er vigtigt, at man t\u00f8r fort\u00e6lle os om begge sider af sagen"},"content":{"rendered":"<p><span style=\"font-weight: 400;\"><strong>NYK\u00d8BING<\/strong>: Onsdag var alle \u00f8ens elever fra handelsskolen, VUC og gymnasiet samlet i teatersalen p\u00e5 Mors\u00f8 Gymnasium for at h\u00f8re krigsforsker Peter Viggo Jakobsen fort\u00e6lle om krigen i Ukraine.<\/span><\/p>\n<p><span style=\"font-weight: 400;\">Det var et foredrag, der indeholdt alt det, som medierne pakker v\u00e6k, hvis man sp\u00f8rger 2.g-eleven Peter Brask.<\/span><\/p>\n<p><span style=\"font-weight: 400;\">P\u00e5 tilskuerr\u00e6kkerne i onsdags var han og klassekammeraterne nemlig is\u00e6r betagede af \u00e9n ting ved foredragsholderen: Han fortalte om krigen fra begge synsvinkler. <\/span><span style=\"font-weight: 400;\">Og det er noget, den 18-\u00e5rige gymnasieelev ellers har manglet i nyhedsbilledet:<\/span><\/p>\n<p><span style=\"font-weight: 400;\">\u201cIndtil nu har vi bare h\u00f8rt, at Rusland har invaderet Ukraine uden rigtigt at have f\u00e5et en begrundelse for, hvorfor det er sket.\u201d<\/span><\/p>\n<p>&nbsp;<\/p>\n<p><b>Kunsten at forst\u00e5 fjenden<\/b><\/p>\n<p><span style=\"font-weight: 400;\">Men det blev der lavet om p\u00e5, da Peter Viggo Jakobsen, der er ansat i Forsvarsakademiet, sammen med de studerende vendte situationen i Ukraine. Ikke bare fra Vestens side, men ogs\u00e5 fra Ruslands perspektiv. Og det var sp\u00e6ndende for eleverne endelig at f\u00e5 et indblik i Putins tankegang:<\/span><\/p>\n<p><span style=\"font-weight: 400;\">\u201cDet gjorde jo ikke, at jeg pludselig holder med Rusland, men det gav en bedre forst\u00e5else for situationen,\u201d forklarer eleven Peter Brask.<\/span><\/p>\n<a class=\"dvrt-link\" onClick=\"cdmtrack_click(104780,jQuery(this));return false\" href=\"https:\/\/www.spard.dk\/\"><img decoding=\"async\" style=\"width:100%;\" src=\"https:\/\/kunmedierne.dk\/mors\/wp-content\/uploads\/2023\/12\/sparekassen-dk-maj25.gif\"><\/a><script>cdmtrack_view(104780);<\/script>\n<p><span style=\"font-weight: 400;\">Han f\u00f8ler, at de danske medier g\u00f8r l\u00e6serne en bj\u00f8rnetjeneste, n\u00e5r de ikke fort\u00e6ller mere om Ruslands argumenter for at g\u00e5 i krig:<\/span><\/p>\n<p><span style=\"font-weight: 400;\">\u201cHvis man l\u00e6ser nyhederne, s\u00e5 h\u00f8rer man sj\u00e6ldent om de ting, Vesten har gjort forkert. Vi ser de andres fejl, f\u00f8r vi ser vores egne.\u201d<\/span><\/p>\n<p><span style=\"font-weight: 400;\">Derfor var det for ham og klassekammeraterne forfriskende at h\u00f8re Peter Viggo Jakobsens foredrag, fordi han turde freml\u00e6gge en synsvinkel, hvor Rusland er helten, og Vesten den onde modstander. <\/span><span style=\"font-weight: 400;\">Den fort\u00e6lling er man if\u00f8lge Peter Brask n\u00f8dt til at kende til, hvis man vil forst\u00e5, hvad der har eskaleret Ruslands konflikt med Ukraine til den f\u00f8rste krig p\u00e5 europ\u00e6isk jord siden Anden Verdenskrig.<\/span><\/p>\n<p>&nbsp;<\/p>\n<p><b>Samlede eleverne<\/b><\/p>\n<p><span style=\"font-weight: 400;\">Den gymnasiestuderende roser desuden Peter Viggo Jakobsen for at at v\u00e6re i \u00f8jenh\u00f8jde med sit publikum og v\u00e6re dygtig til at inddrage eleverne og tage udgangspunkt i deres overvejelser og bekymringer. Og bekymringerne blandt de unge er til at spore, b\u00e5de helt konkret via for eksempel prisstigningerne, men ogs\u00e5 psykisk:<\/span><\/p>\n<p><span style=\"font-weight: 400;\">\u201cVi blev da bange, da vi h\u00f8rte, at Rusland havde invaderet Ukraine, og alle kender nogen, der har tilknytning til Ukraine. S\u00e5 det betyder meget, at der endelig er en, der har lyttet til os og har villet svare p\u00e5 vores sp\u00f8rgsm\u00e5l.\u201d<\/span><\/p>\n<a class=\"dvrt-link\" onClick=\"cdmtrack_click(111725,jQuery(this));return false\" href=\"https:\/\/www.thistedforsikring.dk\/?utm_source=partnerskaber&amp;utm_campaign=kun_mors\"><img decoding=\"async\" style=\"width:100%;\" src=\"https:\/\/kunmedierne.dk\/mors\/wp-content\/uploads\/2024\/02\/269409KunMors-ThistedFor-1.png\"><\/a><script>cdmtrack_view(111725);<\/script>\n<p><span style=\"font-weight: 400;\">Sp\u00f8rgsm\u00e5l var der masser af, og if\u00f8lge sekret\u00e6r Jeanet Egeb\u00e6k fra Mors\u00f8 Gymnasium var foredraget en stor succes blandt elever s\u00e5vel som l\u00e6rere. <\/span><\/p>\n<p><span style=\"font-weight: 400;\">Hun fandt det meget givende at samle de unge omkring et emne, alle er ber\u00f8rte af, og <\/span><span style=\"font-weight: 400;\">udmelder, at det i hvert fald ikke er sidste gang, de vil samle alle \u00f8ens ungdomsuddannelser til et arrangement som dette.<\/span><\/p>\n<blockquote>\n<h5>V\u00e6r sikker p\u00e5, at du f\u00e5r alle artikler p\u00e5 KunMors. Tilmeld dig den gratis KunMors-avisen nederst p\u00e5 siden.<\/h5>\n<\/blockquote>\n<p>&nbsp;<\/p>\n","protected":false},"excerpt":{"rendered":"<p>NYK\u00d8BING: Onsdag var alle \u00f8ens elever fra handelsskolen, VUC og gymnasiet samlet i teatersalen p\u00e5 Mors\u00f8 Gymnasium for at h\u00f8re krigsforsker Peter Viggo Jakobsen fort\u00e6lle om krigen i Ukraine. Det var et foredrag, der indeholdt alt det, som medierne pakker v\u00e6k, hvis man sp\u00f8rger 2.g-eleven Peter Brask. P\u00e5 tilskuerr\u00e6kkerne i onsdags var han og klassekammeraterne [&hellip;]<\/p>\n","protected":false},"author":2240,"featured_media":66712,"comment_status":"open","ping_status":"open","sticky":false,"template":"","format":"standard","meta":{"_acf_changed":false,"footnotes":""},"categories":[51],"tags":[170],"class_list":["post-66699","post","type-post","status-publish","format-standard","has-post-thumbnail","hentry","category-lokalt","tag-uddannelse"],"acf":[],"yoast_head":"<!-- This site is optimized with the Yoast SEO plugin v26.8 - https:\/\/yoast.com\/product\/yoast-seo-wordpress\/ -->\n<title>Gymnasieelev om krigen i Ukraine: Det er vigtigt, at man t\u00f8r fort\u00e6lle os om begge sider af sagen - Mors<\/title>\n<meta name=\"robots\" content=\"index, follow, max-snippet:-1, max-image-preview:large, max-video-preview:-1\" \/>\n<link rel=\"canonical\" href=\"https:\/\/kunmedierne.dk\/mors\/gymnasieelev-om-krigen-i-ukraine-det-er-vigtigt-at-man-toer-fortaelle-os-om-begge-sider-af-sagen\/\" \/>\n<meta property=\"og:locale\" content=\"da_DK\" \/>\n<meta property=\"og:type\" content=\"article\" \/>\n<meta property=\"og:title\" content=\"Gymnasieelev om krigen i Ukraine: Det er vigtigt, at man t\u00f8r fort\u00e6lle os om begge sider af sagen - Mors\" \/>\n<meta property=\"og:description\" content=\"NYK\u00d8BING: Onsdag var alle \u00f8ens elever fra handelsskolen, VUC og gymnasiet samlet i teatersalen p\u00e5 Mors\u00f8 Gymnasium for at h\u00f8re krigsforsker Peter Viggo Jakobsen fort\u00e6lle om krigen i Ukraine. Det var et foredrag, der indeholdt alt det, som medierne pakker v\u00e6k, hvis man sp\u00f8rger 2.g-eleven Peter Brask. P\u00e5 tilskuerr\u00e6kkerne i onsdags var han og klassekammeraterne [&hellip;]\" \/>\n<meta property=\"og:url\" content=\"https:\/\/kunmedierne.dk\/mors\/gymnasieelev-om-krigen-i-ukraine-det-er-vigtigt-at-man-toer-fortaelle-os-om-begge-sider-af-sagen\/\" \/>\n<meta property=\"og:site_name\" content=\"Mors\" \/>\n<meta property=\"article:published_time\" content=\"2022-04-05T09:30:37+00:00\" \/>\n<meta property=\"article:modified_time\" content=\"2024-08-12T11:34:26+00:00\" \/>\n<meta property=\"og:image\" content=\"https:\/\/kunmedierne.dk\/mors\/wp-content\/uploads\/2022\/04\/Blank-2000-x-2000-e1649150780659.jpg\" \/>\n\t<meta property=\"og:image:width\" content=\"770\" \/>\n\t<meta property=\"og:image:height\" content=\"479\" \/>\n\t<meta property=\"og:image:type\" content=\"image\/jpeg\" \/>\n<meta name=\"author\" content=\"Maya Christensen\" \/>\n<meta name=\"twitter:card\" content=\"summary_large_image\" \/>\n<meta name=\"twitter:label1\" content=\"Skrevet af\" \/>\n\t<meta name=\"twitter:data1\" content=\"Maya Christensen\" \/>\n\t<meta name=\"twitter:label2\" content=\"Estimeret l\u00e6setid\" \/>\n\t<meta name=\"twitter:data2\" content=\"3 minutter\" \/>\n<script type=\"application\/ld+json\" class=\"yoast-schema-graph\">{\"@context\":\"https:\/\/schema.org\",\"@graph\":[{\"@type\":\"Article\",\"@id\":\"https:\/\/kunmedierne.dk\/mors\/gymnasieelev-om-krigen-i-ukraine-det-er-vigtigt-at-man-toer-fortaelle-os-om-begge-sider-af-sagen\/#article\",\"isPartOf\":{\"@id\":\"https:\/\/kunmedierne.dk\/mors\/gymnasieelev-om-krigen-i-ukraine-det-er-vigtigt-at-man-toer-fortaelle-os-om-begge-sider-af-sagen\/\"},\"author\":{\"name\":\"Maya Christensen\",\"@id\":\"https:\/\/kunmedierne.dk\/mors\/#\/schema\/person\/35e99442712b0c574c6098964a767c94\"},\"headline\":\"Gymnasieelev om krigen i Ukraine: Det er vigtigt, at man t\u00f8r fort\u00e6lle os om begge sider af sagen\",\"datePublished\":\"2022-04-05T09:30:37+00:00\",\"dateModified\":\"2024-08-12T11:34:26+00:00\",\"mainEntityOfPage\":{\"@id\":\"https:\/\/kunmedierne.dk\/mors\/gymnasieelev-om-krigen-i-ukraine-det-er-vigtigt-at-man-toer-fortaelle-os-om-begge-sider-af-sagen\/\"},\"wordCount\":536,\"commentCount\":0,\"publisher\":{\"@id\":\"https:\/\/kunmedierne.dk\/mors\/#organization\"},\"image\":{\"@id\":\"https:\/\/kunmedierne.dk\/mors\/gymnasieelev-om-krigen-i-ukraine-det-er-vigtigt-at-man-toer-fortaelle-os-om-begge-sider-af-sagen\/#primaryimage\"},\"thumbnailUrl\":\"https:\/\/kunmedierne.dk\/mors\/wp-content\/uploads\/2022\/04\/Blank-2000-x-2000-e1649150780659.jpg\",\"keywords\":[\"Skoler og uddannelse\"],\"articleSection\":[\"Lokalt\"],\"inLanguage\":\"da-DK\",\"potentialAction\":[{\"@type\":\"CommentAction\",\"name\":\"Comment\",\"target\":[\"https:\/\/kunmedierne.dk\/mors\/gymnasieelev-om-krigen-i-ukraine-det-er-vigtigt-at-man-toer-fortaelle-os-om-begge-sider-af-sagen\/#respond\"]}]},{\"@type\":\"WebPage\",\"@id\":\"https:\/\/kunmedierne.dk\/mors\/gymnasieelev-om-krigen-i-ukraine-det-er-vigtigt-at-man-toer-fortaelle-os-om-begge-sider-af-sagen\/\",\"url\":\"https:\/\/kunmedierne.dk\/mors\/gymnasieelev-om-krigen-i-ukraine-det-er-vigtigt-at-man-toer-fortaelle-os-om-begge-sider-af-sagen\/\",\"name\":\"Gymnasieelev om krigen i Ukraine: Det er vigtigt, at man t\u00f8r fort\u00e6lle os om begge sider af sagen - Mors\",\"isPartOf\":{\"@id\":\"https:\/\/kunmedierne.dk\/mors\/#website\"},\"primaryImageOfPage\":{\"@id\":\"https:\/\/kunmedierne.dk\/mors\/gymnasieelev-om-krigen-i-ukraine-det-er-vigtigt-at-man-toer-fortaelle-os-om-begge-sider-af-sagen\/#primaryimage\"},\"image\":{\"@id\":\"https:\/\/kunmedierne.dk\/mors\/gymnasieelev-om-krigen-i-ukraine-det-er-vigtigt-at-man-toer-fortaelle-os-om-begge-sider-af-sagen\/#primaryimage\"},\"thumbnailUrl\":\"https:\/\/kunmedierne.dk\/mors\/wp-content\/uploads\/2022\/04\/Blank-2000-x-2000-e1649150780659.jpg\",\"datePublished\":\"2022-04-05T09:30:37+00:00\",\"dateModified\":\"2024-08-12T11:34:26+00:00\",\"breadcrumb\":{\"@id\":\"https:\/\/kunmedierne.dk\/mors\/gymnasieelev-om-krigen-i-ukraine-det-er-vigtigt-at-man-toer-fortaelle-os-om-begge-sider-af-sagen\/#breadcrumb\"},\"inLanguage\":\"da-DK\",\"potentialAction\":[{\"@type\":\"ReadAction\",\"target\":[\"https:\/\/kunmedierne.dk\/mors\/gymnasieelev-om-krigen-i-ukraine-det-er-vigtigt-at-man-toer-fortaelle-os-om-begge-sider-af-sagen\/\"]}]},{\"@type\":\"ImageObject\",\"inLanguage\":\"da-DK\",\"@id\":\"https:\/\/kunmedierne.dk\/mors\/gymnasieelev-om-krigen-i-ukraine-det-er-vigtigt-at-man-toer-fortaelle-os-om-begge-sider-af-sagen\/#primaryimage\",\"url\":\"https:\/\/kunmedierne.dk\/mors\/wp-content\/uploads\/2022\/04\/Blank-2000-x-2000-e1649150780659.jpg\",\"contentUrl\":\"https:\/\/kunmedierne.dk\/mors\/wp-content\/uploads\/2022\/04\/Blank-2000-x-2000-e1649150780659.jpg\",\"width\":770,\"height\":479,\"caption\":\"Krigsforsker Peter Viggo Jakobsen (tv.) fik ros for at fort\u00e6lle trov\u00e6rdigt om Ruslands invasion af Ukraine ved at inddrage synspunkter fra begge parter i krigen.\"},{\"@type\":\"BreadcrumbList\",\"@id\":\"https:\/\/kunmedierne.dk\/mors\/gymnasieelev-om-krigen-i-ukraine-det-er-vigtigt-at-man-toer-fortaelle-os-om-begge-sider-af-sagen\/#breadcrumb\",\"itemListElement\":[{\"@type\":\"ListItem\",\"position\":1,\"name\":\"Hjem\",\"item\":\"https:\/\/kunmedierne.dk\/mors\/\"},{\"@type\":\"ListItem\",\"position\":2,\"name\":\"Gymnasieelev om krigen i Ukraine: Det er vigtigt, at man t\u00f8r fort\u00e6lle os om begge sider af sagen\"}]},{\"@type\":\"WebSite\",\"@id\":\"https:\/\/kunmedierne.dk\/mors\/#website\",\"url\":\"https:\/\/kunmedierne.dk\/mors\/\",\"name\":\"Mors\",\"description\":\"et netmedie med journalistik om livet p\u00e5 Mors\",\"publisher\":{\"@id\":\"https:\/\/kunmedierne.dk\/mors\/#organization\"},\"potentialAction\":[{\"@type\":\"SearchAction\",\"target\":{\"@type\":\"EntryPoint\",\"urlTemplate\":\"https:\/\/kunmedierne.dk\/mors\/?s={search_term_string}\"},\"query-input\":{\"@type\":\"PropertyValueSpecification\",\"valueRequired\":true,\"valueName\":\"search_term_string\"}}],\"inLanguage\":\"da-DK\"},{\"@type\":\"Organization\",\"@id\":\"https:\/\/kunmedierne.dk\/mors\/#organization\",\"name\":\"Mors\",\"url\":\"https:\/\/kunmedierne.dk\/mors\/\",\"logo\":{\"@type\":\"ImageObject\",\"inLanguage\":\"da-DK\",\"@id\":\"https:\/\/kunmedierne.dk\/mors\/#\/schema\/logo\/image\/\",\"url\":\"https:\/\/kunmedierne.dk\/mors\/wp-content\/uploads\/2024\/08\/kunmors-logo.svg\",\"contentUrl\":\"https:\/\/kunmedierne.dk\/mors\/wp-content\/uploads\/2024\/08\/kunmors-logo.svg\",\"caption\":\"Mors\"},\"image\":{\"@id\":\"https:\/\/kunmedierne.dk\/mors\/#\/schema\/logo\/image\/\"}},{\"@type\":\"Person\",\"@id\":\"https:\/\/kunmedierne.dk\/mors\/#\/schema\/person\/35e99442712b0c574c6098964a767c94\",\"name\":\"Maya Christensen\",\"image\":{\"@type\":\"ImageObject\",\"inLanguage\":\"da-DK\",\"@id\":\"https:\/\/kunmedierne.dk\/mors\/#\/schema\/person\/image\/\",\"url\":\"https:\/\/secure.gravatar.com\/avatar\/00cd13aba1f5e879fbdcd57b2f12ee56e4db44d0d4d66e8d702916bd01f9c669?s=96&d=mm&r=g\",\"contentUrl\":\"https:\/\/secure.gravatar.com\/avatar\/00cd13aba1f5e879fbdcd57b2f12ee56e4db44d0d4d66e8d702916bd01f9c669?s=96&d=mm&r=g\",\"caption\":\"Maya Christensen\"},\"url\":\"https:\/\/kunmedierne.dk\/mors\/author\/maya\/\"}]}<\/script>\n<!-- \/ Yoast SEO plugin. -->","yoast_head_json":{"title":"Gymnasieelev om krigen i Ukraine: Det er vigtigt, at man t\u00f8r fort\u00e6lle os om begge sider af sagen - Mors","robots":{"index":"index","follow":"follow","max-snippet":"max-snippet:-1","max-image-preview":"max-image-preview:large","max-video-preview":"max-video-preview:-1"},"canonical":"https:\/\/kunmedierne.dk\/mors\/gymnasieelev-om-krigen-i-ukraine-det-er-vigtigt-at-man-toer-fortaelle-os-om-begge-sider-af-sagen\/","og_locale":"da_DK","og_type":"article","og_title":"Gymnasieelev om krigen i Ukraine: Det er vigtigt, at man t\u00f8r fort\u00e6lle os om begge sider af sagen - Mors","og_description":"NYK\u00d8BING: Onsdag var alle \u00f8ens elever fra handelsskolen, VUC og gymnasiet samlet i teatersalen p\u00e5 Mors\u00f8 Gymnasium for at h\u00f8re krigsforsker Peter Viggo Jakobsen fort\u00e6lle om krigen i Ukraine. Det var et foredrag, der indeholdt alt det, som medierne pakker v\u00e6k, hvis man sp\u00f8rger 2.g-eleven Peter Brask. P\u00e5 tilskuerr\u00e6kkerne i onsdags var han og klassekammeraterne [&hellip;]","og_url":"https:\/\/kunmedierne.dk\/mors\/gymnasieelev-om-krigen-i-ukraine-det-er-vigtigt-at-man-toer-fortaelle-os-om-begge-sider-af-sagen\/","og_site_name":"Mors","article_published_time":"2022-04-05T09:30:37+00:00","article_modified_time":"2024-08-12T11:34:26+00:00","og_image":[{"width":770,"height":479,"url":"https:\/\/kunmedierne.dk\/mors\/wp-content\/uploads\/2022\/04\/Blank-2000-x-2000-e1649150780659.jpg","type":"image\/jpeg"}],"author":"Maya Christensen","twitter_card":"summary_large_image","twitter_misc":{"Skrevet af":"Maya Christensen","Estimeret l\u00e6setid":"3 minutter"},"schema":{"@context":"https:\/\/schema.org","@graph":[{"@type":"Article","@id":"https:\/\/kunmedierne.dk\/mors\/gymnasieelev-om-krigen-i-ukraine-det-er-vigtigt-at-man-toer-fortaelle-os-om-begge-sider-af-sagen\/#article","isPartOf":{"@id":"https:\/\/kunmedierne.dk\/mors\/gymnasieelev-om-krigen-i-ukraine-det-er-vigtigt-at-man-toer-fortaelle-os-om-begge-sider-af-sagen\/"},"author":{"name":"Maya Christensen","@id":"https:\/\/kunmedierne.dk\/mors\/#\/schema\/person\/35e99442712b0c574c6098964a767c94"},"headline":"Gymnasieelev om krigen i Ukraine: Det er vigtigt, at man t\u00f8r fort\u00e6lle os om begge sider af sagen","datePublished":"2022-04-05T09:30:37+00:00","dateModified":"2024-08-12T11:34:26+00:00","mainEntityOfPage":{"@id":"https:\/\/kunmedierne.dk\/mors\/gymnasieelev-om-krigen-i-ukraine-det-er-vigtigt-at-man-toer-fortaelle-os-om-begge-sider-af-sagen\/"},"wordCount":536,"commentCount":0,"publisher":{"@id":"https:\/\/kunmedierne.dk\/mors\/#organization"},"image":{"@id":"https:\/\/kunmedierne.dk\/mors\/gymnasieelev-om-krigen-i-ukraine-det-er-vigtigt-at-man-toer-fortaelle-os-om-begge-sider-af-sagen\/#primaryimage"},"thumbnailUrl":"https:\/\/kunmedierne.dk\/mors\/wp-content\/uploads\/2022\/04\/Blank-2000-x-2000-e1649150780659.jpg","keywords":["Skoler og uddannelse"],"articleSection":["Lokalt"],"inLanguage":"da-DK","potentialAction":[{"@type":"CommentAction","name":"Comment","target":["https:\/\/kunmedierne.dk\/mors\/gymnasieelev-om-krigen-i-ukraine-det-er-vigtigt-at-man-toer-fortaelle-os-om-begge-sider-af-sagen\/#respond"]}]},{"@type":"WebPage","@id":"https:\/\/kunmedierne.dk\/mors\/gymnasieelev-om-krigen-i-ukraine-det-er-vigtigt-at-man-toer-fortaelle-os-om-begge-sider-af-sagen\/","url":"https:\/\/kunmedierne.dk\/mors\/gymnasieelev-om-krigen-i-ukraine-det-er-vigtigt-at-man-toer-fortaelle-os-om-begge-sider-af-sagen\/","name":"Gymnasieelev om krigen i Ukraine: Det er vigtigt, at man t\u00f8r fort\u00e6lle os om begge sider af sagen - Mors","isPartOf":{"@id":"https:\/\/kunmedierne.dk\/mors\/#website"},"primaryImageOfPage":{"@id":"https:\/\/kunmedierne.dk\/mors\/gymnasieelev-om-krigen-i-ukraine-det-er-vigtigt-at-man-toer-fortaelle-os-om-begge-sider-af-sagen\/#primaryimage"},"image":{"@id":"https:\/\/kunmedierne.dk\/mors\/gymnasieelev-om-krigen-i-ukraine-det-er-vigtigt-at-man-toer-fortaelle-os-om-begge-sider-af-sagen\/#primaryimage"},"thumbnailUrl":"https:\/\/kunmedierne.dk\/mors\/wp-content\/uploads\/2022\/04\/Blank-2000-x-2000-e1649150780659.jpg","datePublished":"2022-04-05T09:30:37+00:00","dateModified":"2024-08-12T11:34:26+00:00","breadcrumb":{"@id":"https:\/\/kunmedierne.dk\/mors\/gymnasieelev-om-krigen-i-ukraine-det-er-vigtigt-at-man-toer-fortaelle-os-om-begge-sider-af-sagen\/#breadcrumb"},"inLanguage":"da-DK","potentialAction":[{"@type":"ReadAction","target":["https:\/\/kunmedierne.dk\/mors\/gymnasieelev-om-krigen-i-ukraine-det-er-vigtigt-at-man-toer-fortaelle-os-om-begge-sider-af-sagen\/"]}]},{"@type":"ImageObject","inLanguage":"da-DK","@id":"https:\/\/kunmedierne.dk\/mors\/gymnasieelev-om-krigen-i-ukraine-det-er-vigtigt-at-man-toer-fortaelle-os-om-begge-sider-af-sagen\/#primaryimage","url":"https:\/\/kunmedierne.dk\/mors\/wp-content\/uploads\/2022\/04\/Blank-2000-x-2000-e1649150780659.jpg","contentUrl":"https:\/\/kunmedierne.dk\/mors\/wp-content\/uploads\/2022\/04\/Blank-2000-x-2000-e1649150780659.jpg","width":770,"height":479,"caption":"Krigsforsker Peter Viggo Jakobsen (tv.) fik ros for at fort\u00e6lle trov\u00e6rdigt om Ruslands invasion af Ukraine ved at inddrage synspunkter fra begge parter i krigen."},{"@type":"BreadcrumbList","@id":"https:\/\/kunmedierne.dk\/mors\/gymnasieelev-om-krigen-i-ukraine-det-er-vigtigt-at-man-toer-fortaelle-os-om-begge-sider-af-sagen\/#breadcrumb","itemListElement":[{"@type":"ListItem","position":1,"name":"Hjem","item":"https:\/\/kunmedierne.dk\/mors\/"},{"@type":"ListItem","position":2,"name":"Gymnasieelev om krigen i Ukraine: Det er vigtigt, at man t\u00f8r fort\u00e6lle os om begge sider af sagen"}]},{"@type":"WebSite","@id":"https:\/\/kunmedierne.dk\/mors\/#website","url":"https:\/\/kunmedierne.dk\/mors\/","name":"Mors","description":"et netmedie med journalistik om livet p\u00e5 Mors","publisher":{"@id":"https:\/\/kunmedierne.dk\/mors\/#organization"},"potentialAction":[{"@type":"SearchAction","target":{"@type":"EntryPoint","urlTemplate":"https:\/\/kunmedierne.dk\/mors\/?s={search_term_string}"},"query-input":{"@type":"PropertyValueSpecification","valueRequired":true,"valueName":"search_term_string"}}],"inLanguage":"da-DK"},{"@type":"Organization","@id":"https:\/\/kunmedierne.dk\/mors\/#organization","name":"Mors","url":"https:\/\/kunmedierne.dk\/mors\/","logo":{"@type":"ImageObject","inLanguage":"da-DK","@id":"https:\/\/kunmedierne.dk\/mors\/#\/schema\/logo\/image\/","url":"https:\/\/kunmedierne.dk\/mors\/wp-content\/uploads\/2024\/08\/kunmors-logo.svg","contentUrl":"https:\/\/kunmedierne.dk\/mors\/wp-content\/uploads\/2024\/08\/kunmors-logo.svg","caption":"Mors"},"image":{"@id":"https:\/\/kunmedierne.dk\/mors\/#\/schema\/logo\/image\/"}},{"@type":"Person","@id":"https:\/\/kunmedierne.dk\/mors\/#\/schema\/person\/35e99442712b0c574c6098964a767c94","name":"Maya Christensen","image":{"@type":"ImageObject","inLanguage":"da-DK","@id":"https:\/\/kunmedierne.dk\/mors\/#\/schema\/person\/image\/","url":"https:\/\/secure.gravatar.com\/avatar\/00cd13aba1f5e879fbdcd57b2f12ee56e4db44d0d4d66e8d702916bd01f9c669?s=96&d=mm&r=g","contentUrl":"https:\/\/secure.gravatar.com\/avatar\/00cd13aba1f5e879fbdcd57b2f12ee56e4db44d0d4d66e8d702916bd01f9c669?s=96&d=mm&r=g","caption":"Maya Christensen"},"url":"https:\/\/kunmedierne.dk\/mors\/author\/maya\/"}]}},"_links":{"self":[{"href":"https:\/\/kunmedierne.dk\/mors\/wp-json\/wp\/v2\/posts\/66699","targetHints":{"allow":["GET"]}}],"collection":[{"href":"https:\/\/kunmedierne.dk\/mors\/wp-json\/wp\/v2\/posts"}],"about":[{"href":"https:\/\/kunmedierne.dk\/mors\/wp-json\/wp\/v2\/types\/post"}],"author":[{"embeddable":true,"href":"https:\/\/kunmedierne.dk\/mors\/wp-json\/wp\/v2\/users\/2240"}],"replies":[{"embeddable":true,"href":"https:\/\/kunmedierne.dk\/mors\/wp-json\/wp\/v2\/comments?post=66699"}],"version-history":[{"count":7,"href":"https:\/\/kunmedierne.dk\/mors\/wp-json\/wp\/v2\/posts\/66699\/revisions"}],"predecessor-version":[{"id":66725,"href":"https:\/\/kunmedierne.dk\/mors\/wp-json\/wp\/v2\/posts\/66699\/revisions\/66725"}],"wp:featuredmedia":[{"embeddable":true,"href":"https:\/\/kunmedierne.dk\/mors\/wp-json\/wp\/v2\/media\/66712"}],"wp:attachment":[{"href":"https:\/\/kunmedierne.dk\/mors\/wp-json\/wp\/v2\/media?parent=66699"}],"wp:term":[{"taxonomy":"category","embeddable":true,"href":"https:\/\/kunmedierne.dk\/mors\/wp-json\/wp\/v2\/categories?post=66699"},{"taxonomy":"post_tag","embeddable":true,"href":"https:\/\/kunmedierne.dk\/mors\/wp-json\/wp\/v2\/tags?post=66699"}],"curies":[{"name":"wp","href":"https:\/\/api.w.org\/{rel}","templated":true}]}}