{"id":65475,"date":"2022-03-19T08:05:22","date_gmt":"2022-03-19T07:05:22","guid":{"rendered":"https:\/\/kunmedierne.dk\/mors\/?p=65475"},"modified":"2024-08-12T13:34:33","modified_gmt":"2024-08-12T11:34:33","slug":"hf-mors-ansaetter-ny-daglig-leder","status":"publish","type":"post","link":"https:\/\/kunmedierne.dk\/mors\/hf-mors-ansaetter-ny-daglig-leder\/","title":{"rendered":"HF Mors ans\u00e6tter ny daglig leder"},"content":{"rendered":"<p><strong>NYK\u00d8BING<\/strong>: En tilbagevendt morsingbo skal v\u00e6re daglig leder i HF Mors.<\/p>\n<p>H\u00e5ndboldklubben fra Nyk\u00f8bing har ansat Mikkel Aggerholm i den stilling, der er ledig, efter at Anders Fredsgaard stoppede med udgangen af januar. Det har f\u00e5et klubben til at overveje, hvordan den skal organisere sig administrativt i de kommende \u00e5r, og man har valgt at splitte den tidligere stilling op i flere strenge.<\/p>\n<p>Og det bliver med Mikkel Aggerholm som daglig leder fra 1. maj.<\/p>\n<div class=\"ewa-rteLine\"><a class=\"dvrt-link\" onClick=\"cdmtrack_click(104780,jQuery(this));return false\" href=\"https:\/\/www.spard.dk\/\"><img decoding=\"async\" style=\"width:100%;\" src=\"https:\/\/kunmedierne.dk\/mors\/wp-content\/uploads\/2023\/12\/sparekassen-dk-maj25.gif\"><\/a><script>cdmtrack_view(104780);<\/script><\/div>\n<div class=\"ewa-rteLine\"><\/div>\n<p>\u201dVi gl\u00e6der os rigtig meget til at f\u00e5 Mikkel med i klubben. Vi har fra f\u00f8rste kontakt kunnet m\u00e6rke, at Mikkel<br \/>\nvirkelig br\u00e6nder for foreningslivet og h\u00e5ndbolden, og han har v\u00e6ret meget nysgerrig p\u00e5 vores klub, selv om<br \/>\nhan selvf\u00f8lgelig godt har kendt lidt til det fra tidligere. Vi er i HF Mors sikre p\u00e5, at Mikkel bliver en stor<br \/>\ngevinst, ikke bare for os, men for hele h\u00e5ndbolden og idr\u00e6tsmilj\u00f8et i omr\u00e5det,&#8221; lyder det HF Mors-formand Jesper Hyldig, som tilf\u00f8jer, at Mikkel Aggerholm, trods sin unge alder, har &#8220;stor erfaring og et k\u00e6mpe netv\u00e6rk, som helt sikkert vil kunne rykke os som klub.&#8221;<\/p>\n<p>Mikkel Aggerholm ser frem til sine nye opgaver.<\/p>\n<p>&#8220;Jeg valgte HF Mors, da det er en rigtig sp\u00e6ndende klub, som har stor fokus p\u00e5, hvordan de i fremtiden kan blive ved med at udvikle det fremragende arbejde, som er blevet gjort de seneste mange \u00e5r. B\u00e5de i bredde og elite, helt fra b\u00f8rneh\u00e5ndbold til senior. Jeg gl\u00e6der mig til at kan bringe nogle af de kompetencer i spil, som jeg har tilegnet mig via min idr\u00e6tsuddannelse med speciale i talentudvikling og sportspsykologi, samt den erfaring jeg kan bringe med fra andre klubber. Jeg br\u00e6nder enormt meget for h\u00e5ndbolden, klubben og lokalomr\u00e5det og jeg ser frem til at m\u00f8de jer alle i hallen i den n\u00e6rmeste fremtid,\u201d siger han.<\/p>\n<div class=\"ewa-rteLine\"><a class=\"dvrt-link\" onClick=\"cdmtrack_click(147315,jQuery(this));return false\" href=\"https:\/\/sdrhaa.dk\/\"><img decoding=\"async\" style=\"width:100%;\" src=\"https:\/\/kunmedierne.dk\/mors\/wp-content\/uploads\/2025\/05\/260302Sdr-HaaDin-gebyrvenlige-sparekasse_mors-002.gif\"><\/a><script>cdmtrack_view(147315);<\/script><\/div>\n<div class=\"ewa-rteLine\"><\/div>\n<p>Udover jobbet som daglig leder er det planen, at Mikkel Aggerholm skal indg\u00e5 i forskellige tr\u00e6nerfunktioner p\u00e5 de \u00e6ldste ungdoms\u00e5rgange, som dog endnu ikke er helt defineret. Derudover f\u00e5r han tilknytning til Mors-Thy H\u00e5ndbold Akademi.<\/p>\n<p>Mikkel Aggerholm har en fortid som spiller p\u00e5 Mors og elev p\u00e5 det lokale college. Den 27-\u00e5rige thybo har i de seneste seks \u00e5r boet i Aarhus, hvor han har l\u00e6st idr\u00e6t og sidel\u00f8bende haft en del jobs indenfor h\u00e5ndbold.<\/p>\n<div class=\"ewa-rteLine\"><a class=\"dvrt-link\" onClick=\"cdmtrack_click(116504,jQuery(this));return false\" href=\"https:\/\/www.nybolig.dk\/ejendomsmaeglere\/nordvestjylland\/nybolig-morsoe-nykoebing-mors\"><img decoding=\"async\" style=\"width:100%;\" src=\"https:\/\/kunmedierne.dk\/mors\/wp-content\/uploads\/2024\/04\/250825Nybolig.jpg\"><\/a><script>cdmtrack_view(116504);<\/script><\/div>\n<div class=\"ewa-rteLine\"><\/div>\n<p>&#8220;Med ans\u00e6ttelsen af Mikkel forventer vi en ung daglig leder med stor erfaring og lyst til foreningslivet.<br \/>\nMikkels prim\u00e6re opgaver bliver blandet andet at v\u00e6re kontaktperson til tr\u00e6nere, bestyrelse og frivillige samt at v\u00e6re ansvarlig for tr\u00e6nerans\u00e6ttelser og tr\u00e6nerudvikling. Han skal v\u00e6re med til at arrangere st\u00e6vner og<br \/>\nh\u00e5ndboldskoler og s\u00f8rge for at udvikle vores klub med optimering af igangv\u00e6rende aktiviteter og<br \/>\nsamarbejder og komme med id\u00e9er til nyt,&#8221; lyder det fra HF Mors.<\/p>\n<blockquote>\n<h5>Tilmeld dig KunMors-avisen nederst p\u00e5 siden. S\u00e5 modtager du KunMors som en lokal avis \u2013 alle ugens dage \u00e5ret rundt. KunMors-avisen er gratis.<\/h5>\n<\/blockquote>\n","protected":false},"excerpt":{"rendered":"<p>NYK\u00d8BING: En tilbagevendt morsingbo skal v\u00e6re daglig leder i HF Mors. H\u00e5ndboldklubben fra Nyk\u00f8bing har ansat Mikkel Aggerholm i den stilling, der er ledig, efter at Anders Fredsgaard stoppede med udgangen af januar. Det har f\u00e5et klubben til at overveje, hvordan den skal organisere sig administrativt i de kommende \u00e5r, og man har valgt at [&hellip;]<\/p>\n","protected":false},"author":8,"featured_media":65476,"comment_status":"open","ping_status":"open","sticky":false,"template":"","format":"standard","meta":{"_acf_changed":false,"footnotes":""},"categories":[52,53],"tags":[],"class_list":["post-65475","post","type-post","status-publish","format-standard","has-post-thumbnail","hentry","category-navne","category-sport"],"acf":[],"yoast_head":"<!-- This site is optimized with the Yoast SEO plugin v26.8 - https:\/\/yoast.com\/product\/yoast-seo-wordpress\/ -->\n<title>HF Mors ans\u00e6tter ny daglig leder - Mors<\/title>\n<meta name=\"robots\" content=\"index, follow, max-snippet:-1, max-image-preview:large, max-video-preview:-1\" \/>\n<link rel=\"canonical\" href=\"https:\/\/kunmedierne.dk\/mors\/hf-mors-ansaetter-ny-daglig-leder\/\" \/>\n<meta property=\"og:locale\" content=\"da_DK\" \/>\n<meta property=\"og:type\" content=\"article\" \/>\n<meta property=\"og:title\" content=\"HF Mors ans\u00e6tter ny daglig leder - Mors\" \/>\n<meta property=\"og:description\" content=\"NYK\u00d8BING: En tilbagevendt morsingbo skal v\u00e6re daglig leder i HF Mors. H\u00e5ndboldklubben fra Nyk\u00f8bing har ansat Mikkel Aggerholm i den stilling, der er ledig, efter at Anders Fredsgaard stoppede med udgangen af januar. Det har f\u00e5et klubben til at overveje, hvordan den skal organisere sig administrativt i de kommende \u00e5r, og man har valgt at [&hellip;]\" \/>\n<meta property=\"og:url\" content=\"https:\/\/kunmedierne.dk\/mors\/hf-mors-ansaetter-ny-daglig-leder\/\" \/>\n<meta property=\"og:site_name\" content=\"Mors\" \/>\n<meta property=\"article:published_time\" content=\"2022-03-19T07:05:22+00:00\" \/>\n<meta property=\"article:modified_time\" content=\"2024-08-12T11:34:33+00:00\" \/>\n<meta property=\"og:image\" content=\"https:\/\/kunmedierne.dk\/mors\/wp-content\/uploads\/2022\/03\/mikelaggerholm.png\" \/>\n\t<meta property=\"og:image:width\" content=\"770\" \/>\n\t<meta property=\"og:image:height\" content=\"513\" \/>\n\t<meta property=\"og:image:type\" content=\"image\/png\" \/>\n<meta name=\"author\" content=\"David H\u00f8jmark\" \/>\n<meta name=\"twitter:card\" content=\"summary_large_image\" \/>\n<meta name=\"twitter:label1\" content=\"Skrevet af\" \/>\n\t<meta name=\"twitter:data1\" content=\"David H\u00f8jmark\" \/>\n\t<meta name=\"twitter:label2\" content=\"Estimeret l\u00e6setid\" \/>\n\t<meta name=\"twitter:data2\" content=\"3 minutter\" \/>\n<script type=\"application\/ld+json\" class=\"yoast-schema-graph\">{\"@context\":\"https:\/\/schema.org\",\"@graph\":[{\"@type\":\"Article\",\"@id\":\"https:\/\/kunmedierne.dk\/mors\/hf-mors-ansaetter-ny-daglig-leder\/#article\",\"isPartOf\":{\"@id\":\"https:\/\/kunmedierne.dk\/mors\/hf-mors-ansaetter-ny-daglig-leder\/\"},\"author\":{\"name\":\"David H\u00f8jmark\",\"@id\":\"https:\/\/kunmedierne.dk\/mors\/#\/schema\/person\/5fe23251bf1d0abbcdc6f7896579d548\"},\"headline\":\"HF Mors ans\u00e6tter ny daglig leder\",\"datePublished\":\"2022-03-19T07:05:22+00:00\",\"dateModified\":\"2024-08-12T11:34:33+00:00\",\"mainEntityOfPage\":{\"@id\":\"https:\/\/kunmedierne.dk\/mors\/hf-mors-ansaetter-ny-daglig-leder\/\"},\"wordCount\":533,\"commentCount\":0,\"publisher\":{\"@id\":\"https:\/\/kunmedierne.dk\/mors\/#organization\"},\"image\":{\"@id\":\"https:\/\/kunmedierne.dk\/mors\/hf-mors-ansaetter-ny-daglig-leder\/#primaryimage\"},\"thumbnailUrl\":\"https:\/\/kunmedierne.dk\/mors\/wp-content\/uploads\/2022\/03\/mikelaggerholm.png\",\"articleSection\":[\"Navne\",\"Sport\"],\"inLanguage\":\"da-DK\",\"potentialAction\":[{\"@type\":\"CommentAction\",\"name\":\"Comment\",\"target\":[\"https:\/\/kunmedierne.dk\/mors\/hf-mors-ansaetter-ny-daglig-leder\/#respond\"]}]},{\"@type\":\"WebPage\",\"@id\":\"https:\/\/kunmedierne.dk\/mors\/hf-mors-ansaetter-ny-daglig-leder\/\",\"url\":\"https:\/\/kunmedierne.dk\/mors\/hf-mors-ansaetter-ny-daglig-leder\/\",\"name\":\"HF Mors ans\u00e6tter ny daglig leder - Mors\",\"isPartOf\":{\"@id\":\"https:\/\/kunmedierne.dk\/mors\/#website\"},\"primaryImageOfPage\":{\"@id\":\"https:\/\/kunmedierne.dk\/mors\/hf-mors-ansaetter-ny-daglig-leder\/#primaryimage\"},\"image\":{\"@id\":\"https:\/\/kunmedierne.dk\/mors\/hf-mors-ansaetter-ny-daglig-leder\/#primaryimage\"},\"thumbnailUrl\":\"https:\/\/kunmedierne.dk\/mors\/wp-content\/uploads\/2022\/03\/mikelaggerholm.png\",\"datePublished\":\"2022-03-19T07:05:22+00:00\",\"dateModified\":\"2024-08-12T11:34:33+00:00\",\"breadcrumb\":{\"@id\":\"https:\/\/kunmedierne.dk\/mors\/hf-mors-ansaetter-ny-daglig-leder\/#breadcrumb\"},\"inLanguage\":\"da-DK\",\"potentialAction\":[{\"@type\":\"ReadAction\",\"target\":[\"https:\/\/kunmedierne.dk\/mors\/hf-mors-ansaetter-ny-daglig-leder\/\"]}]},{\"@type\":\"ImageObject\",\"inLanguage\":\"da-DK\",\"@id\":\"https:\/\/kunmedierne.dk\/mors\/hf-mors-ansaetter-ny-daglig-leder\/#primaryimage\",\"url\":\"https:\/\/kunmedierne.dk\/mors\/wp-content\/uploads\/2022\/03\/mikelaggerholm.png\",\"contentUrl\":\"https:\/\/kunmedierne.dk\/mors\/wp-content\/uploads\/2022\/03\/mikelaggerholm.png\",\"width\":770,\"height\":513,\"caption\":\"Mikkel Aggerholm skal v\u00e6re daglig leder i HF Mors.\"},{\"@type\":\"BreadcrumbList\",\"@id\":\"https:\/\/kunmedierne.dk\/mors\/hf-mors-ansaetter-ny-daglig-leder\/#breadcrumb\",\"itemListElement\":[{\"@type\":\"ListItem\",\"position\":1,\"name\":\"Hjem\",\"item\":\"https:\/\/kunmedierne.dk\/mors\/\"},{\"@type\":\"ListItem\",\"position\":2,\"name\":\"HF Mors ans\u00e6tter ny daglig leder\"}]},{\"@type\":\"WebSite\",\"@id\":\"https:\/\/kunmedierne.dk\/mors\/#website\",\"url\":\"https:\/\/kunmedierne.dk\/mors\/\",\"name\":\"Mors\",\"description\":\"et netmedie med journalistik om livet p\u00e5 Mors\",\"publisher\":{\"@id\":\"https:\/\/kunmedierne.dk\/mors\/#organization\"},\"potentialAction\":[{\"@type\":\"SearchAction\",\"target\":{\"@type\":\"EntryPoint\",\"urlTemplate\":\"https:\/\/kunmedierne.dk\/mors\/?s={search_term_string}\"},\"query-input\":{\"@type\":\"PropertyValueSpecification\",\"valueRequired\":true,\"valueName\":\"search_term_string\"}}],\"inLanguage\":\"da-DK\"},{\"@type\":\"Organization\",\"@id\":\"https:\/\/kunmedierne.dk\/mors\/#organization\",\"name\":\"Mors\",\"url\":\"https:\/\/kunmedierne.dk\/mors\/\",\"logo\":{\"@type\":\"ImageObject\",\"inLanguage\":\"da-DK\",\"@id\":\"https:\/\/kunmedierne.dk\/mors\/#\/schema\/logo\/image\/\",\"url\":\"https:\/\/kunmedierne.dk\/mors\/wp-content\/uploads\/2024\/08\/kunmors-logo.svg\",\"contentUrl\":\"https:\/\/kunmedierne.dk\/mors\/wp-content\/uploads\/2024\/08\/kunmors-logo.svg\",\"caption\":\"Mors\"},\"image\":{\"@id\":\"https:\/\/kunmedierne.dk\/mors\/#\/schema\/logo\/image\/\"}},{\"@type\":\"Person\",\"@id\":\"https:\/\/kunmedierne.dk\/mors\/#\/schema\/person\/5fe23251bf1d0abbcdc6f7896579d548\",\"name\":\"David H\u00f8jmark\",\"image\":{\"@type\":\"ImageObject\",\"inLanguage\":\"da-DK\",\"@id\":\"https:\/\/kunmedierne.dk\/mors\/#\/schema\/person\/image\/\",\"url\":\"https:\/\/secure.gravatar.com\/avatar\/4315d6fb9ef244d729989f5f90268eb08d5bf8a3d84402f595fa194bb35784fd?s=96&d=mm&r=g\",\"contentUrl\":\"https:\/\/secure.gravatar.com\/avatar\/4315d6fb9ef244d729989f5f90268eb08d5bf8a3d84402f595fa194bb35784fd?s=96&d=mm&r=g\",\"caption\":\"David H\u00f8jmark\"},\"sameAs\":[\"https:\/\/www.kunmedierne.dk\"],\"url\":\"https:\/\/kunmedierne.dk\/mors\/author\/david\/\"}]}<\/script>\n<!-- \/ Yoast SEO plugin. -->","yoast_head_json":{"title":"HF Mors ans\u00e6tter ny daglig leder - Mors","robots":{"index":"index","follow":"follow","max-snippet":"max-snippet:-1","max-image-preview":"max-image-preview:large","max-video-preview":"max-video-preview:-1"},"canonical":"https:\/\/kunmedierne.dk\/mors\/hf-mors-ansaetter-ny-daglig-leder\/","og_locale":"da_DK","og_type":"article","og_title":"HF Mors ans\u00e6tter ny daglig leder - Mors","og_description":"NYK\u00d8BING: En tilbagevendt morsingbo skal v\u00e6re daglig leder i HF Mors. H\u00e5ndboldklubben fra Nyk\u00f8bing har ansat Mikkel Aggerholm i den stilling, der er ledig, efter at Anders Fredsgaard stoppede med udgangen af januar. Det har f\u00e5et klubben til at overveje, hvordan den skal organisere sig administrativt i de kommende \u00e5r, og man har valgt at [&hellip;]","og_url":"https:\/\/kunmedierne.dk\/mors\/hf-mors-ansaetter-ny-daglig-leder\/","og_site_name":"Mors","article_published_time":"2022-03-19T07:05:22+00:00","article_modified_time":"2024-08-12T11:34:33+00:00","og_image":[{"width":770,"height":513,"url":"https:\/\/kunmedierne.dk\/mors\/wp-content\/uploads\/2022\/03\/mikelaggerholm.png","type":"image\/png"}],"author":"David H\u00f8jmark","twitter_card":"summary_large_image","twitter_misc":{"Skrevet af":"David H\u00f8jmark","Estimeret l\u00e6setid":"3 minutter"},"schema":{"@context":"https:\/\/schema.org","@graph":[{"@type":"Article","@id":"https:\/\/kunmedierne.dk\/mors\/hf-mors-ansaetter-ny-daglig-leder\/#article","isPartOf":{"@id":"https:\/\/kunmedierne.dk\/mors\/hf-mors-ansaetter-ny-daglig-leder\/"},"author":{"name":"David H\u00f8jmark","@id":"https:\/\/kunmedierne.dk\/mors\/#\/schema\/person\/5fe23251bf1d0abbcdc6f7896579d548"},"headline":"HF Mors ans\u00e6tter ny daglig leder","datePublished":"2022-03-19T07:05:22+00:00","dateModified":"2024-08-12T11:34:33+00:00","mainEntityOfPage":{"@id":"https:\/\/kunmedierne.dk\/mors\/hf-mors-ansaetter-ny-daglig-leder\/"},"wordCount":533,"commentCount":0,"publisher":{"@id":"https:\/\/kunmedierne.dk\/mors\/#organization"},"image":{"@id":"https:\/\/kunmedierne.dk\/mors\/hf-mors-ansaetter-ny-daglig-leder\/#primaryimage"},"thumbnailUrl":"https:\/\/kunmedierne.dk\/mors\/wp-content\/uploads\/2022\/03\/mikelaggerholm.png","articleSection":["Navne","Sport"],"inLanguage":"da-DK","potentialAction":[{"@type":"CommentAction","name":"Comment","target":["https:\/\/kunmedierne.dk\/mors\/hf-mors-ansaetter-ny-daglig-leder\/#respond"]}]},{"@type":"WebPage","@id":"https:\/\/kunmedierne.dk\/mors\/hf-mors-ansaetter-ny-daglig-leder\/","url":"https:\/\/kunmedierne.dk\/mors\/hf-mors-ansaetter-ny-daglig-leder\/","name":"HF Mors ans\u00e6tter ny daglig leder - Mors","isPartOf":{"@id":"https:\/\/kunmedierne.dk\/mors\/#website"},"primaryImageOfPage":{"@id":"https:\/\/kunmedierne.dk\/mors\/hf-mors-ansaetter-ny-daglig-leder\/#primaryimage"},"image":{"@id":"https:\/\/kunmedierne.dk\/mors\/hf-mors-ansaetter-ny-daglig-leder\/#primaryimage"},"thumbnailUrl":"https:\/\/kunmedierne.dk\/mors\/wp-content\/uploads\/2022\/03\/mikelaggerholm.png","datePublished":"2022-03-19T07:05:22+00:00","dateModified":"2024-08-12T11:34:33+00:00","breadcrumb":{"@id":"https:\/\/kunmedierne.dk\/mors\/hf-mors-ansaetter-ny-daglig-leder\/#breadcrumb"},"inLanguage":"da-DK","potentialAction":[{"@type":"ReadAction","target":["https:\/\/kunmedierne.dk\/mors\/hf-mors-ansaetter-ny-daglig-leder\/"]}]},{"@type":"ImageObject","inLanguage":"da-DK","@id":"https:\/\/kunmedierne.dk\/mors\/hf-mors-ansaetter-ny-daglig-leder\/#primaryimage","url":"https:\/\/kunmedierne.dk\/mors\/wp-content\/uploads\/2022\/03\/mikelaggerholm.png","contentUrl":"https:\/\/kunmedierne.dk\/mors\/wp-content\/uploads\/2022\/03\/mikelaggerholm.png","width":770,"height":513,"caption":"Mikkel Aggerholm skal v\u00e6re daglig leder i HF Mors."},{"@type":"BreadcrumbList","@id":"https:\/\/kunmedierne.dk\/mors\/hf-mors-ansaetter-ny-daglig-leder\/#breadcrumb","itemListElement":[{"@type":"ListItem","position":1,"name":"Hjem","item":"https:\/\/kunmedierne.dk\/mors\/"},{"@type":"ListItem","position":2,"name":"HF Mors ans\u00e6tter ny daglig leder"}]},{"@type":"WebSite","@id":"https:\/\/kunmedierne.dk\/mors\/#website","url":"https:\/\/kunmedierne.dk\/mors\/","name":"Mors","description":"et netmedie med journalistik om livet p\u00e5 Mors","publisher":{"@id":"https:\/\/kunmedierne.dk\/mors\/#organization"},"potentialAction":[{"@type":"SearchAction","target":{"@type":"EntryPoint","urlTemplate":"https:\/\/kunmedierne.dk\/mors\/?s={search_term_string}"},"query-input":{"@type":"PropertyValueSpecification","valueRequired":true,"valueName":"search_term_string"}}],"inLanguage":"da-DK"},{"@type":"Organization","@id":"https:\/\/kunmedierne.dk\/mors\/#organization","name":"Mors","url":"https:\/\/kunmedierne.dk\/mors\/","logo":{"@type":"ImageObject","inLanguage":"da-DK","@id":"https:\/\/kunmedierne.dk\/mors\/#\/schema\/logo\/image\/","url":"https:\/\/kunmedierne.dk\/mors\/wp-content\/uploads\/2024\/08\/kunmors-logo.svg","contentUrl":"https:\/\/kunmedierne.dk\/mors\/wp-content\/uploads\/2024\/08\/kunmors-logo.svg","caption":"Mors"},"image":{"@id":"https:\/\/kunmedierne.dk\/mors\/#\/schema\/logo\/image\/"}},{"@type":"Person","@id":"https:\/\/kunmedierne.dk\/mors\/#\/schema\/person\/5fe23251bf1d0abbcdc6f7896579d548","name":"David H\u00f8jmark","image":{"@type":"ImageObject","inLanguage":"da-DK","@id":"https:\/\/kunmedierne.dk\/mors\/#\/schema\/person\/image\/","url":"https:\/\/secure.gravatar.com\/avatar\/4315d6fb9ef244d729989f5f90268eb08d5bf8a3d84402f595fa194bb35784fd?s=96&d=mm&r=g","contentUrl":"https:\/\/secure.gravatar.com\/avatar\/4315d6fb9ef244d729989f5f90268eb08d5bf8a3d84402f595fa194bb35784fd?s=96&d=mm&r=g","caption":"David H\u00f8jmark"},"sameAs":["https:\/\/www.kunmedierne.dk"],"url":"https:\/\/kunmedierne.dk\/mors\/author\/david\/"}]}},"_links":{"self":[{"href":"https:\/\/kunmedierne.dk\/mors\/wp-json\/wp\/v2\/posts\/65475","targetHints":{"allow":["GET"]}}],"collection":[{"href":"https:\/\/kunmedierne.dk\/mors\/wp-json\/wp\/v2\/posts"}],"about":[{"href":"https:\/\/kunmedierne.dk\/mors\/wp-json\/wp\/v2\/types\/post"}],"author":[{"embeddable":true,"href":"https:\/\/kunmedierne.dk\/mors\/wp-json\/wp\/v2\/users\/8"}],"replies":[{"embeddable":true,"href":"https:\/\/kunmedierne.dk\/mors\/wp-json\/wp\/v2\/comments?post=65475"}],"version-history":[{"count":1,"href":"https:\/\/kunmedierne.dk\/mors\/wp-json\/wp\/v2\/posts\/65475\/revisions"}],"predecessor-version":[{"id":65477,"href":"https:\/\/kunmedierne.dk\/mors\/wp-json\/wp\/v2\/posts\/65475\/revisions\/65477"}],"wp:featuredmedia":[{"embeddable":true,"href":"https:\/\/kunmedierne.dk\/mors\/wp-json\/wp\/v2\/media\/65476"}],"wp:attachment":[{"href":"https:\/\/kunmedierne.dk\/mors\/wp-json\/wp\/v2\/media?parent=65475"}],"wp:term":[{"taxonomy":"category","embeddable":true,"href":"https:\/\/kunmedierne.dk\/mors\/wp-json\/wp\/v2\/categories?post=65475"},{"taxonomy":"post_tag","embeddable":true,"href":"https:\/\/kunmedierne.dk\/mors\/wp-json\/wp\/v2\/tags?post=65475"}],"curies":[{"name":"wp","href":"https:\/\/api.w.org\/{rel}","templated":true}]}}