{"id":6542,"date":"2020-02-08T10:53:09","date_gmt":"2020-02-08T09:53:09","guid":{"rendered":"https:\/\/kunmedierne.dk\/mors\/?p=6542"},"modified":"2024-08-12T14:07:40","modified_gmt":"2024-08-12T12:07:40","slug":"dmi-varsler-om-orkan","status":"publish","type":"post","link":"https:\/\/kunmedierne.dk\/mors\/dmi-varsler-om-orkan\/","title":{"rendered":"DMI varsler om vindst\u00f8d med orkanstyrke"},"content":{"rendered":"<p><strong>MORS<\/strong>: Det er en god ide at indsamle l\u00f8se genstande fra haven og andre steder. S\u00f8ndag bliver der nemlig bl\u00e6st over Mors.<\/p>\n<p>&#8220;S\u00f8ndag bl\u00e6ser det op fra syd og sydvest, og vinden ventes at kulminere i tidspunktet fra sidst p\u00e5 eftermiddagen til natten til mandag fra en sydvestlig retning. Vi har i \u00f8jeblikket et varsel ude om stormende kuling fra sydvest, med vindst\u00f8d af orkanstyrke, g\u00e6ldende for den nordlige og vestlige del af Jylland,&#8221; lyder et varsel fra DMI, som tilf\u00f8jer, at prognoserne er ret stabile i forhold til bl\u00e6sevejret, men at der er usikkerhed om de kraftigste vindstyrker.<\/p>\n<p>Den aktuelle varsling for Mors fra s\u00f8ndag eftermiddag og resten af dagen lyder p\u00e5 stormende kuling med vindst\u00f8d af orkanstyrke. If\u00f8lge DMI medf\u00f8rer vindst\u00f8d af stormstyrke blandt andet, at tagsten bl\u00e6ser ned, store grene kn\u00e6kker, og tr\u00e6ner kan v\u00e6lte.<\/p>\n<p>&#8220;I starten af n\u00e6ste uge kommer der ogs\u00e5 flere dage med kraftig bl\u00e6st fra vest. Grundet den lange periode med bl\u00e6st fra en vestlig retning er der yderligere risiko for, at der kan komme problemer med forh\u00f8jet vandstand, is\u00e6r i Limfjorden,&#8221; fort\u00e6ller DMI fra sin <a href=\"https:\/\/www.dmi.dk\/varsler\/\" target=\"_blank\" rel=\"noopener noreferrer\">hjemmeside<\/a>, hvor man kan holde sig opdateret om \u00e6ndring i vejret.<\/p>\n","protected":false},"excerpt":{"rendered":"<p>MORS: Det er en god ide at indsamle l\u00f8se genstande fra haven og andre steder. S\u00f8ndag bliver der nemlig bl\u00e6st over Mors. &#8220;S\u00f8ndag bl\u00e6ser det op fra syd og sydvest, og vinden ventes at kulminere i tidspunktet fra sidst p\u00e5 eftermiddagen til natten til mandag fra en sydvestlig retning. Vi har i \u00f8jeblikket et varsel [&hellip;]<\/p>\n","protected":false},"author":8,"featured_media":6544,"comment_status":"open","ping_status":"open","sticky":false,"template":"","format":"standard","meta":{"_acf_changed":false,"footnotes":""},"categories":[51],"tags":[],"class_list":["post-6542","post","type-post","status-publish","format-standard","has-post-thumbnail","hentry","category-lokalt"],"acf":[],"yoast_head":"<!-- This site is optimized with the Yoast SEO plugin v26.8 - https:\/\/yoast.com\/product\/yoast-seo-wordpress\/ -->\n<title>DMI varsler om vindst\u00f8d med orkanstyrke - Mors<\/title>\n<meta name=\"robots\" content=\"index, follow, max-snippet:-1, max-image-preview:large, max-video-preview:-1\" \/>\n<link rel=\"canonical\" href=\"https:\/\/kunmedierne.dk\/mors\/dmi-varsler-om-orkan\/\" \/>\n<meta property=\"og:locale\" content=\"da_DK\" \/>\n<meta property=\"og:type\" content=\"article\" \/>\n<meta property=\"og:title\" content=\"DMI varsler om vindst\u00f8d med orkanstyrke - Mors\" \/>\n<meta property=\"og:description\" content=\"MORS: Det er en god ide at indsamle l\u00f8se genstande fra haven og andre steder. S\u00f8ndag bliver der nemlig bl\u00e6st over Mors. &#8220;S\u00f8ndag bl\u00e6ser det op fra syd og sydvest, og vinden ventes at kulminere i tidspunktet fra sidst p\u00e5 eftermiddagen til natten til mandag fra en sydvestlig retning. Vi har i \u00f8jeblikket et varsel [&hellip;]\" \/>\n<meta property=\"og:url\" content=\"https:\/\/kunmedierne.dk\/mors\/dmi-varsler-om-orkan\/\" \/>\n<meta property=\"og:site_name\" content=\"Mors\" \/>\n<meta property=\"article:published_time\" content=\"2020-02-08T09:53:09+00:00\" \/>\n<meta property=\"article:modified_time\" content=\"2024-08-12T12:07:40+00:00\" \/>\n<meta property=\"og:image\" content=\"https:\/\/kunmedierne.dk\/mors\/wp-content\/uploads\/2020\/02\/200208-stormvejr.jpg\" \/>\n\t<meta property=\"og:image:width\" content=\"770\" \/>\n\t<meta property=\"og:image:height\" content=\"487\" \/>\n\t<meta property=\"og:image:type\" content=\"image\/jpeg\" \/>\n<meta name=\"author\" content=\"David H\u00f8jmark\" \/>\n<meta name=\"twitter:card\" content=\"summary_large_image\" \/>\n<meta name=\"twitter:label1\" content=\"Skrevet af\" \/>\n\t<meta name=\"twitter:data1\" content=\"David H\u00f8jmark\" \/>\n\t<meta name=\"twitter:label2\" content=\"Estimeret l\u00e6setid\" \/>\n\t<meta name=\"twitter:data2\" content=\"1 minut\" \/>\n<script type=\"application\/ld+json\" class=\"yoast-schema-graph\">{\"@context\":\"https:\/\/schema.org\",\"@graph\":[{\"@type\":\"Article\",\"@id\":\"https:\/\/kunmedierne.dk\/mors\/dmi-varsler-om-orkan\/#article\",\"isPartOf\":{\"@id\":\"https:\/\/kunmedierne.dk\/mors\/dmi-varsler-om-orkan\/\"},\"author\":{\"name\":\"David H\u00f8jmark\",\"@id\":\"https:\/\/kunmedierne.dk\/mors\/#\/schema\/person\/5fe23251bf1d0abbcdc6f7896579d548\"},\"headline\":\"DMI varsler om vindst\u00f8d med orkanstyrke\",\"datePublished\":\"2020-02-08T09:53:09+00:00\",\"dateModified\":\"2024-08-12T12:07:40+00:00\",\"mainEntityOfPage\":{\"@id\":\"https:\/\/kunmedierne.dk\/mors\/dmi-varsler-om-orkan\/\"},\"wordCount\":225,\"commentCount\":0,\"publisher\":{\"@id\":\"https:\/\/kunmedierne.dk\/mors\/#organization\"},\"image\":{\"@id\":\"https:\/\/kunmedierne.dk\/mors\/dmi-varsler-om-orkan\/#primaryimage\"},\"thumbnailUrl\":\"https:\/\/kunmedierne.dk\/mors\/wp-content\/uploads\/2020\/02\/200208-stormvejr.jpg\",\"articleSection\":[\"Lokalt\"],\"inLanguage\":\"da-DK\",\"potentialAction\":[{\"@type\":\"CommentAction\",\"name\":\"Comment\",\"target\":[\"https:\/\/kunmedierne.dk\/mors\/dmi-varsler-om-orkan\/#respond\"]}]},{\"@type\":\"WebPage\",\"@id\":\"https:\/\/kunmedierne.dk\/mors\/dmi-varsler-om-orkan\/\",\"url\":\"https:\/\/kunmedierne.dk\/mors\/dmi-varsler-om-orkan\/\",\"name\":\"DMI varsler om vindst\u00f8d med orkanstyrke - Mors\",\"isPartOf\":{\"@id\":\"https:\/\/kunmedierne.dk\/mors\/#website\"},\"primaryImageOfPage\":{\"@id\":\"https:\/\/kunmedierne.dk\/mors\/dmi-varsler-om-orkan\/#primaryimage\"},\"image\":{\"@id\":\"https:\/\/kunmedierne.dk\/mors\/dmi-varsler-om-orkan\/#primaryimage\"},\"thumbnailUrl\":\"https:\/\/kunmedierne.dk\/mors\/wp-content\/uploads\/2020\/02\/200208-stormvejr.jpg\",\"datePublished\":\"2020-02-08T09:53:09+00:00\",\"dateModified\":\"2024-08-12T12:07:40+00:00\",\"breadcrumb\":{\"@id\":\"https:\/\/kunmedierne.dk\/mors\/dmi-varsler-om-orkan\/#breadcrumb\"},\"inLanguage\":\"da-DK\",\"potentialAction\":[{\"@type\":\"ReadAction\",\"target\":[\"https:\/\/kunmedierne.dk\/mors\/dmi-varsler-om-orkan\/\"]}]},{\"@type\":\"ImageObject\",\"inLanguage\":\"da-DK\",\"@id\":\"https:\/\/kunmedierne.dk\/mors\/dmi-varsler-om-orkan\/#primaryimage\",\"url\":\"https:\/\/kunmedierne.dk\/mors\/wp-content\/uploads\/2020\/02\/200208-stormvejr.jpg\",\"contentUrl\":\"https:\/\/kunmedierne.dk\/mors\/wp-content\/uploads\/2020\/02\/200208-stormvejr.jpg\",\"width\":770,\"height\":487,\"caption\":\"Foto: Barth Bailey, Unsplash.\"},{\"@type\":\"BreadcrumbList\",\"@id\":\"https:\/\/kunmedierne.dk\/mors\/dmi-varsler-om-orkan\/#breadcrumb\",\"itemListElement\":[{\"@type\":\"ListItem\",\"position\":1,\"name\":\"Hjem\",\"item\":\"https:\/\/kunmedierne.dk\/mors\/\"},{\"@type\":\"ListItem\",\"position\":2,\"name\":\"DMI varsler om vindst\u00f8d med orkanstyrke\"}]},{\"@type\":\"WebSite\",\"@id\":\"https:\/\/kunmedierne.dk\/mors\/#website\",\"url\":\"https:\/\/kunmedierne.dk\/mors\/\",\"name\":\"Mors\",\"description\":\"et netmedie med journalistik om livet p\u00e5 Mors\",\"publisher\":{\"@id\":\"https:\/\/kunmedierne.dk\/mors\/#organization\"},\"potentialAction\":[{\"@type\":\"SearchAction\",\"target\":{\"@type\":\"EntryPoint\",\"urlTemplate\":\"https:\/\/kunmedierne.dk\/mors\/?s={search_term_string}\"},\"query-input\":{\"@type\":\"PropertyValueSpecification\",\"valueRequired\":true,\"valueName\":\"search_term_string\"}}],\"inLanguage\":\"da-DK\"},{\"@type\":\"Organization\",\"@id\":\"https:\/\/kunmedierne.dk\/mors\/#organization\",\"name\":\"Mors\",\"url\":\"https:\/\/kunmedierne.dk\/mors\/\",\"logo\":{\"@type\":\"ImageObject\",\"inLanguage\":\"da-DK\",\"@id\":\"https:\/\/kunmedierne.dk\/mors\/#\/schema\/logo\/image\/\",\"url\":\"https:\/\/kunmedierne.dk\/mors\/wp-content\/uploads\/2024\/08\/kunmors-logo.svg\",\"contentUrl\":\"https:\/\/kunmedierne.dk\/mors\/wp-content\/uploads\/2024\/08\/kunmors-logo.svg\",\"caption\":\"Mors\"},\"image\":{\"@id\":\"https:\/\/kunmedierne.dk\/mors\/#\/schema\/logo\/image\/\"}},{\"@type\":\"Person\",\"@id\":\"https:\/\/kunmedierne.dk\/mors\/#\/schema\/person\/5fe23251bf1d0abbcdc6f7896579d548\",\"name\":\"David H\u00f8jmark\",\"image\":{\"@type\":\"ImageObject\",\"inLanguage\":\"da-DK\",\"@id\":\"https:\/\/kunmedierne.dk\/mors\/#\/schema\/person\/image\/\",\"url\":\"https:\/\/secure.gravatar.com\/avatar\/4315d6fb9ef244d729989f5f90268eb08d5bf8a3d84402f595fa194bb35784fd?s=96&d=mm&r=g\",\"contentUrl\":\"https:\/\/secure.gravatar.com\/avatar\/4315d6fb9ef244d729989f5f90268eb08d5bf8a3d84402f595fa194bb35784fd?s=96&d=mm&r=g\",\"caption\":\"David H\u00f8jmark\"},\"sameAs\":[\"https:\/\/www.kunmedierne.dk\"],\"url\":\"https:\/\/kunmedierne.dk\/mors\/author\/david\/\"}]}<\/script>\n<!-- \/ Yoast SEO plugin. -->","yoast_head_json":{"title":"DMI varsler om vindst\u00f8d med orkanstyrke - Mors","robots":{"index":"index","follow":"follow","max-snippet":"max-snippet:-1","max-image-preview":"max-image-preview:large","max-video-preview":"max-video-preview:-1"},"canonical":"https:\/\/kunmedierne.dk\/mors\/dmi-varsler-om-orkan\/","og_locale":"da_DK","og_type":"article","og_title":"DMI varsler om vindst\u00f8d med orkanstyrke - Mors","og_description":"MORS: Det er en god ide at indsamle l\u00f8se genstande fra haven og andre steder. S\u00f8ndag bliver der nemlig bl\u00e6st over Mors. &#8220;S\u00f8ndag bl\u00e6ser det op fra syd og sydvest, og vinden ventes at kulminere i tidspunktet fra sidst p\u00e5 eftermiddagen til natten til mandag fra en sydvestlig retning. Vi har i \u00f8jeblikket et varsel [&hellip;]","og_url":"https:\/\/kunmedierne.dk\/mors\/dmi-varsler-om-orkan\/","og_site_name":"Mors","article_published_time":"2020-02-08T09:53:09+00:00","article_modified_time":"2024-08-12T12:07:40+00:00","og_image":[{"width":770,"height":487,"url":"https:\/\/kunmedierne.dk\/mors\/wp-content\/uploads\/2020\/02\/200208-stormvejr.jpg","type":"image\/jpeg"}],"author":"David H\u00f8jmark","twitter_card":"summary_large_image","twitter_misc":{"Skrevet af":"David H\u00f8jmark","Estimeret l\u00e6setid":"1 minut"},"schema":{"@context":"https:\/\/schema.org","@graph":[{"@type":"Article","@id":"https:\/\/kunmedierne.dk\/mors\/dmi-varsler-om-orkan\/#article","isPartOf":{"@id":"https:\/\/kunmedierne.dk\/mors\/dmi-varsler-om-orkan\/"},"author":{"name":"David H\u00f8jmark","@id":"https:\/\/kunmedierne.dk\/mors\/#\/schema\/person\/5fe23251bf1d0abbcdc6f7896579d548"},"headline":"DMI varsler om vindst\u00f8d med orkanstyrke","datePublished":"2020-02-08T09:53:09+00:00","dateModified":"2024-08-12T12:07:40+00:00","mainEntityOfPage":{"@id":"https:\/\/kunmedierne.dk\/mors\/dmi-varsler-om-orkan\/"},"wordCount":225,"commentCount":0,"publisher":{"@id":"https:\/\/kunmedierne.dk\/mors\/#organization"},"image":{"@id":"https:\/\/kunmedierne.dk\/mors\/dmi-varsler-om-orkan\/#primaryimage"},"thumbnailUrl":"https:\/\/kunmedierne.dk\/mors\/wp-content\/uploads\/2020\/02\/200208-stormvejr.jpg","articleSection":["Lokalt"],"inLanguage":"da-DK","potentialAction":[{"@type":"CommentAction","name":"Comment","target":["https:\/\/kunmedierne.dk\/mors\/dmi-varsler-om-orkan\/#respond"]}]},{"@type":"WebPage","@id":"https:\/\/kunmedierne.dk\/mors\/dmi-varsler-om-orkan\/","url":"https:\/\/kunmedierne.dk\/mors\/dmi-varsler-om-orkan\/","name":"DMI varsler om vindst\u00f8d med orkanstyrke - Mors","isPartOf":{"@id":"https:\/\/kunmedierne.dk\/mors\/#website"},"primaryImageOfPage":{"@id":"https:\/\/kunmedierne.dk\/mors\/dmi-varsler-om-orkan\/#primaryimage"},"image":{"@id":"https:\/\/kunmedierne.dk\/mors\/dmi-varsler-om-orkan\/#primaryimage"},"thumbnailUrl":"https:\/\/kunmedierne.dk\/mors\/wp-content\/uploads\/2020\/02\/200208-stormvejr.jpg","datePublished":"2020-02-08T09:53:09+00:00","dateModified":"2024-08-12T12:07:40+00:00","breadcrumb":{"@id":"https:\/\/kunmedierne.dk\/mors\/dmi-varsler-om-orkan\/#breadcrumb"},"inLanguage":"da-DK","potentialAction":[{"@type":"ReadAction","target":["https:\/\/kunmedierne.dk\/mors\/dmi-varsler-om-orkan\/"]}]},{"@type":"ImageObject","inLanguage":"da-DK","@id":"https:\/\/kunmedierne.dk\/mors\/dmi-varsler-om-orkan\/#primaryimage","url":"https:\/\/kunmedierne.dk\/mors\/wp-content\/uploads\/2020\/02\/200208-stormvejr.jpg","contentUrl":"https:\/\/kunmedierne.dk\/mors\/wp-content\/uploads\/2020\/02\/200208-stormvejr.jpg","width":770,"height":487,"caption":"Foto: Barth Bailey, Unsplash."},{"@type":"BreadcrumbList","@id":"https:\/\/kunmedierne.dk\/mors\/dmi-varsler-om-orkan\/#breadcrumb","itemListElement":[{"@type":"ListItem","position":1,"name":"Hjem","item":"https:\/\/kunmedierne.dk\/mors\/"},{"@type":"ListItem","position":2,"name":"DMI varsler om vindst\u00f8d med orkanstyrke"}]},{"@type":"WebSite","@id":"https:\/\/kunmedierne.dk\/mors\/#website","url":"https:\/\/kunmedierne.dk\/mors\/","name":"Mors","description":"et netmedie med journalistik om livet p\u00e5 Mors","publisher":{"@id":"https:\/\/kunmedierne.dk\/mors\/#organization"},"potentialAction":[{"@type":"SearchAction","target":{"@type":"EntryPoint","urlTemplate":"https:\/\/kunmedierne.dk\/mors\/?s={search_term_string}"},"query-input":{"@type":"PropertyValueSpecification","valueRequired":true,"valueName":"search_term_string"}}],"inLanguage":"da-DK"},{"@type":"Organization","@id":"https:\/\/kunmedierne.dk\/mors\/#organization","name":"Mors","url":"https:\/\/kunmedierne.dk\/mors\/","logo":{"@type":"ImageObject","inLanguage":"da-DK","@id":"https:\/\/kunmedierne.dk\/mors\/#\/schema\/logo\/image\/","url":"https:\/\/kunmedierne.dk\/mors\/wp-content\/uploads\/2024\/08\/kunmors-logo.svg","contentUrl":"https:\/\/kunmedierne.dk\/mors\/wp-content\/uploads\/2024\/08\/kunmors-logo.svg","caption":"Mors"},"image":{"@id":"https:\/\/kunmedierne.dk\/mors\/#\/schema\/logo\/image\/"}},{"@type":"Person","@id":"https:\/\/kunmedierne.dk\/mors\/#\/schema\/person\/5fe23251bf1d0abbcdc6f7896579d548","name":"David H\u00f8jmark","image":{"@type":"ImageObject","inLanguage":"da-DK","@id":"https:\/\/kunmedierne.dk\/mors\/#\/schema\/person\/image\/","url":"https:\/\/secure.gravatar.com\/avatar\/4315d6fb9ef244d729989f5f90268eb08d5bf8a3d84402f595fa194bb35784fd?s=96&d=mm&r=g","contentUrl":"https:\/\/secure.gravatar.com\/avatar\/4315d6fb9ef244d729989f5f90268eb08d5bf8a3d84402f595fa194bb35784fd?s=96&d=mm&r=g","caption":"David H\u00f8jmark"},"sameAs":["https:\/\/www.kunmedierne.dk"],"url":"https:\/\/kunmedierne.dk\/mors\/author\/david\/"}]}},"_links":{"self":[{"href":"https:\/\/kunmedierne.dk\/mors\/wp-json\/wp\/v2\/posts\/6542","targetHints":{"allow":["GET"]}}],"collection":[{"href":"https:\/\/kunmedierne.dk\/mors\/wp-json\/wp\/v2\/posts"}],"about":[{"href":"https:\/\/kunmedierne.dk\/mors\/wp-json\/wp\/v2\/types\/post"}],"author":[{"embeddable":true,"href":"https:\/\/kunmedierne.dk\/mors\/wp-json\/wp\/v2\/users\/8"}],"replies":[{"embeddable":true,"href":"https:\/\/kunmedierne.dk\/mors\/wp-json\/wp\/v2\/comments?post=6542"}],"version-history":[{"count":4,"href":"https:\/\/kunmedierne.dk\/mors\/wp-json\/wp\/v2\/posts\/6542\/revisions"}],"predecessor-version":[{"id":6548,"href":"https:\/\/kunmedierne.dk\/mors\/wp-json\/wp\/v2\/posts\/6542\/revisions\/6548"}],"wp:featuredmedia":[{"embeddable":true,"href":"https:\/\/kunmedierne.dk\/mors\/wp-json\/wp\/v2\/media\/6544"}],"wp:attachment":[{"href":"https:\/\/kunmedierne.dk\/mors\/wp-json\/wp\/v2\/media?parent=6542"}],"wp:term":[{"taxonomy":"category","embeddable":true,"href":"https:\/\/kunmedierne.dk\/mors\/wp-json\/wp\/v2\/categories?post=6542"},{"taxonomy":"post_tag","embeddable":true,"href":"https:\/\/kunmedierne.dk\/mors\/wp-json\/wp\/v2\/tags?post=6542"}],"curies":[{"name":"wp","href":"https:\/\/api.w.org\/{rel}","templated":true}]}}