{"id":64879,"date":"2022-03-11T09:51:17","date_gmt":"2022-03-11T08:51:17","guid":{"rendered":"https:\/\/kunmedierne.dk\/mors\/?p=64879"},"modified":"2024-08-12T13:34:35","modified_gmt":"2024-08-12T11:34:35","slug":"aeresmedlem-i-venstre-mors-altid-parat-med-hjaelp","status":"publish","type":"post","link":"https:\/\/kunmedierne.dk\/mors\/aeresmedlem-i-venstre-mors-altid-parat-med-hjaelp\/","title":{"rendered":"\u00c6resmedlem i Venstre Mors: Altid parat med hj\u00e6lp"},"content":{"rendered":"<p><strong>ERSLEV<\/strong>: Hvis det kniber med det organisatoriske, er lokale Venstrefolk ikke i tvivl om, hvor de kan hente r\u00e5d og hj\u00e6lp.<\/p>\n<p>Det kan de hos Arne Lauridsen, partimedlem i mere end 60 \u00e5r og p\u00e5 generalforsamlingen onsdag aften udn\u00e6vnt som \u00e6resmedlem i Venstre Mors.<\/p>\n<p>Peter Therkildsen, medlem af b\u00e5de kommunalbestyrelsen og regionsr\u00e5det for Venstre, overrakte blomster og diplom til den be\u00e6rede partikollega, der i slutningen af marts har mere at fejre, n\u00e5r han fylder 80.<\/p>\n<p>&#8220;Og han har v\u00e6ret medlem af Venstre, fra f\u00f8r han blev 20 \u00e5r &#8211; og har s\u00e5dan set haft alle organisatoriske pladser,&#8221; siger Peter Therkildsen.<\/p>\n<a class=\"dvrt-link\" onClick=\"cdmtrack_click(113414,jQuery(this));return false\" href=\"https:\/\/www.p-soerensen.dk\/\"><img decoding=\"async\" style=\"width:100%;\" src=\"https:\/\/kunmedierne.dk\/mors\/wp-content\/uploads\/2024\/03\/p-soerensen-juni25.jpg\"><\/a><script>cdmtrack_view(113414);<\/script>\n<p>Det har nemlig altid v\u00e6ret Arne Lauridsens gebet: Det bagvedliggende organisatoriske arbejde i diverse bestyrelser, mens han har ladet andre om at f\u00f8re politikken ud i praksis.<\/p>\n<p>&nbsp;<\/p>\n<p><strong>Tr\u00e5dte til i n\u00f8dens stund<\/strong><\/p>\n<p>Arne Lauridsen, der altid har boet p\u00e5 Mors, hvor han er f\u00f8dt i Galtrup, blev uddannet p\u00e5 Asmildkloster Landbrugsskole og k\u00f8bte senere en g\u00e5rd i Erslev, som han drev sammen med hustruen Anna.<\/p>\n<p>I dag bor \u00e6gteparret i \u00d8ster J\u00f8lby.<\/p>\n<p>Politisk har han som kredsformand blandt andet siddet i Venstres hovedbestyrelse. Han har v\u00e6ret n\u00e6stformand for Landboforeningen og formand for dyrskueudvalget.<\/p>\n<a class=\"dvrt-link\" onClick=\"cdmtrack_click(116504,jQuery(this));return false\" href=\"https:\/\/www.nybolig.dk\/ejendomsmaeglere\/nordvestjylland\/nybolig-morsoe-nykoebing-mors\"><img decoding=\"async\" style=\"width:100%;\" src=\"https:\/\/kunmedierne.dk\/mors\/wp-content\/uploads\/2024\/04\/250825Nybolig.jpg\"><\/a><script>cdmtrack_view(116504);<\/script>\n<p>Og rollen som aktiv har tilsyneladende passet ham s\u00e5 godt, at han stadig p\u00e5tager sig den, n\u00e5r nogen har brug for det.<\/p>\n<p>Det fik man et eksempel p\u00e5, da Midtmors Venstre holdt generalforsamling og m\u00e5tte klare sig uden den sygdomsramte kasserer.<\/p>\n<p>&#8220;S\u00e5 p\u00e5tog Arne sig som revisor, at regnskabet blev klaret. Og vi manglede ogs\u00e5 en hj\u00e6lper til at s\u00f8rge for, at der var gule \u00e6rter, og der tr\u00e5dte Arne ogs\u00e5 lige til,&#8221; lyder det fra Peter Therkildsen om den personlighed, Arne Lauridsen er kendt for.<\/p>\n<p>&#8220;Alle har altid f\u00f8lt, at hvis de har brug for en hj\u00e6lpende h\u00e5nd, er Arne parat,&#8221; siger han.<\/p>\n<p>&nbsp;<\/p>\n<p><strong>Aldrig i tvivl om st\u00e5sted<\/strong><\/p>\n<p>Lige s\u00e5 sikker har foreningens nye \u00e6resmedlem v\u00e6ret i sit politiske st\u00e5sted.<\/p>\n<p>&#8220;Der har aldrig i hans sind v\u00e6ret tvivl om, at han skulle v\u00e6re Venstremand. Det var han p\u00e5 sin vis ogs\u00e5 f\u00f8dt til p\u00e5 et lille husmandssted i Galtrup. Men det har bare v\u00e6ret s\u00e5dan altid. Og det er ikke, fordi han\u00a0altid har v\u00e6ret enig med Venstres politik, men s\u00e5 har han k\u00e6mpet indefra og taget den derfra,&#8221; roser Peter Therkildsen.<\/p>\n<p><strong><a class=\"dvrt-link\" onClick=\"cdmtrack_click(114591,jQuery(this));return false\" href=\"https:\/\/www.facebook.com\/kopogkandemors\"><img decoding=\"async\" style=\"width:100%;\" src=\"https:\/\/kunmedierne.dk\/mors\/wp-content\/uploads\/2024\/03\/kop-og-kande-ja-tak-tilbud.jpg\"><\/a><script>cdmtrack_view(114591);<\/script>\u00a0<\/strong><\/p>\n<p>Arne Lauridsen g\u00f8r ogs\u00e5 sin indflydelse g\u00e6ldende som medlem af seniorr\u00e5det i Mors\u00f8 Kommune. Og hobbyen med fugle bliver blandt andet tilfredsstillet som formand for\u00a0Fugleforeningen for Thy og Mors.<\/p>\n<blockquote>\n<h5>HUSK: P\u00e5 s\u00f8ndag tr\u00e6kker vi lod om\u00a0<a href=\"https:\/\/kunmedierne.dk\/mors\/vind-denne-flotte-praemie-slotsophold-for-to-i-prag\/\" target=\"_blank\" rel=\"noopener\">dette l\u00e6kre ophold i Prag<\/a>. Tilmeld dig den gratis KunMors-avisen nederst p\u00e5 siden og v\u00e6r med i lodtr\u00e6kningen. S\u00e5 modtager du dine nyheder fra KunMors p\u00e5 e-mail alle ugens dage \u00e5ret rundt.<\/h5>\n<\/blockquote>\n","protected":false},"excerpt":{"rendered":"<p>ERSLEV: Hvis det kniber med det organisatoriske, er lokale Venstrefolk ikke i tvivl om, hvor de kan hente r\u00e5d og hj\u00e6lp. Det kan de hos Arne Lauridsen, partimedlem i mere end 60 \u00e5r og p\u00e5 generalforsamlingen onsdag aften udn\u00e6vnt som \u00e6resmedlem i Venstre Mors. Peter Therkildsen, medlem af b\u00e5de kommunalbestyrelsen og regionsr\u00e5det for Venstre, overrakte [&hellip;]<\/p>\n","protected":false},"author":8,"featured_media":64911,"comment_status":"open","ping_status":"open","sticky":false,"template":"","format":"standard","meta":{"_acf_changed":false,"footnotes":""},"categories":[51,52],"tags":[175,167],"class_list":["post-64879","post","type-post","status-publish","format-standard","has-post-thumbnail","hentry","category-lokalt","category-navne","tag-morsingboerne","tag-politik"],"acf":[],"yoast_head":"<!-- This site is optimized with the Yoast SEO plugin v26.8 - https:\/\/yoast.com\/product\/yoast-seo-wordpress\/ -->\n<title>\u00c6resmedlem i Venstre Mors: Altid parat med hj\u00e6lp - Mors<\/title>\n<meta name=\"robots\" content=\"index, follow, max-snippet:-1, max-image-preview:large, max-video-preview:-1\" \/>\n<link rel=\"canonical\" href=\"https:\/\/kunmedierne.dk\/mors\/aeresmedlem-i-venstre-mors-altid-parat-med-hjaelp\/\" \/>\n<meta property=\"og:locale\" content=\"da_DK\" \/>\n<meta property=\"og:type\" content=\"article\" \/>\n<meta property=\"og:title\" content=\"\u00c6resmedlem i Venstre Mors: Altid parat med hj\u00e6lp - Mors\" \/>\n<meta property=\"og:description\" content=\"ERSLEV: Hvis det kniber med det organisatoriske, er lokale Venstrefolk ikke i tvivl om, hvor de kan hente r\u00e5d og hj\u00e6lp. Det kan de hos Arne Lauridsen, partimedlem i mere end 60 \u00e5r og p\u00e5 generalforsamlingen onsdag aften udn\u00e6vnt som \u00e6resmedlem i Venstre Mors. Peter Therkildsen, medlem af b\u00e5de kommunalbestyrelsen og regionsr\u00e5det for Venstre, overrakte [&hellip;]\" \/>\n<meta property=\"og:url\" content=\"https:\/\/kunmedierne.dk\/mors\/aeresmedlem-i-venstre-mors-altid-parat-med-hjaelp\/\" \/>\n<meta property=\"og:site_name\" content=\"Mors\" \/>\n<meta property=\"article:published_time\" content=\"2022-03-11T08:51:17+00:00\" \/>\n<meta property=\"article:modified_time\" content=\"2024-08-12T11:34:35+00:00\" \/>\n<meta property=\"og:image\" content=\"https:\/\/kunmedierne.dk\/mors\/wp-content\/uploads\/2022\/03\/arne-lauridsen.jpg\" \/>\n\t<meta property=\"og:image:width\" content=\"770\" \/>\n\t<meta property=\"og:image:height\" content=\"513\" \/>\n\t<meta property=\"og:image:type\" content=\"image\/jpeg\" \/>\n<meta name=\"author\" content=\"David H\u00f8jmark\" \/>\n<meta name=\"twitter:card\" content=\"summary_large_image\" \/>\n<meta name=\"twitter:label1\" content=\"Skrevet af\" \/>\n\t<meta name=\"twitter:data1\" content=\"David H\u00f8jmark\" \/>\n\t<meta name=\"twitter:label2\" content=\"Estimeret l\u00e6setid\" \/>\n\t<meta name=\"twitter:data2\" content=\"2 minutter\" \/>\n<script type=\"application\/ld+json\" class=\"yoast-schema-graph\">{\"@context\":\"https:\/\/schema.org\",\"@graph\":[{\"@type\":\"Article\",\"@id\":\"https:\/\/kunmedierne.dk\/mors\/aeresmedlem-i-venstre-mors-altid-parat-med-hjaelp\/#article\",\"isPartOf\":{\"@id\":\"https:\/\/kunmedierne.dk\/mors\/aeresmedlem-i-venstre-mors-altid-parat-med-hjaelp\/\"},\"author\":{\"name\":\"David H\u00f8jmark\",\"@id\":\"https:\/\/kunmedierne.dk\/mors\/#\/schema\/person\/5fe23251bf1d0abbcdc6f7896579d548\"},\"headline\":\"\u00c6resmedlem i Venstre Mors: Altid parat med hj\u00e6lp\",\"datePublished\":\"2022-03-11T08:51:17+00:00\",\"dateModified\":\"2024-08-12T11:34:35+00:00\",\"mainEntityOfPage\":{\"@id\":\"https:\/\/kunmedierne.dk\/mors\/aeresmedlem-i-venstre-mors-altid-parat-med-hjaelp\/\"},\"wordCount\":507,\"commentCount\":0,\"publisher\":{\"@id\":\"https:\/\/kunmedierne.dk\/mors\/#organization\"},\"image\":{\"@id\":\"https:\/\/kunmedierne.dk\/mors\/aeresmedlem-i-venstre-mors-altid-parat-med-hjaelp\/#primaryimage\"},\"thumbnailUrl\":\"https:\/\/kunmedierne.dk\/mors\/wp-content\/uploads\/2022\/03\/arne-lauridsen.jpg\",\"keywords\":[\"Morsingboerne\",\"Politik\"],\"articleSection\":[\"Lokalt\",\"Navne\"],\"inLanguage\":\"da-DK\",\"potentialAction\":[{\"@type\":\"CommentAction\",\"name\":\"Comment\",\"target\":[\"https:\/\/kunmedierne.dk\/mors\/aeresmedlem-i-venstre-mors-altid-parat-med-hjaelp\/#respond\"]}]},{\"@type\":\"WebPage\",\"@id\":\"https:\/\/kunmedierne.dk\/mors\/aeresmedlem-i-venstre-mors-altid-parat-med-hjaelp\/\",\"url\":\"https:\/\/kunmedierne.dk\/mors\/aeresmedlem-i-venstre-mors-altid-parat-med-hjaelp\/\",\"name\":\"\u00c6resmedlem i Venstre Mors: Altid parat med hj\u00e6lp - Mors\",\"isPartOf\":{\"@id\":\"https:\/\/kunmedierne.dk\/mors\/#website\"},\"primaryImageOfPage\":{\"@id\":\"https:\/\/kunmedierne.dk\/mors\/aeresmedlem-i-venstre-mors-altid-parat-med-hjaelp\/#primaryimage\"},\"image\":{\"@id\":\"https:\/\/kunmedierne.dk\/mors\/aeresmedlem-i-venstre-mors-altid-parat-med-hjaelp\/#primaryimage\"},\"thumbnailUrl\":\"https:\/\/kunmedierne.dk\/mors\/wp-content\/uploads\/2022\/03\/arne-lauridsen.jpg\",\"datePublished\":\"2022-03-11T08:51:17+00:00\",\"dateModified\":\"2024-08-12T11:34:35+00:00\",\"breadcrumb\":{\"@id\":\"https:\/\/kunmedierne.dk\/mors\/aeresmedlem-i-venstre-mors-altid-parat-med-hjaelp\/#breadcrumb\"},\"inLanguage\":\"da-DK\",\"potentialAction\":[{\"@type\":\"ReadAction\",\"target\":[\"https:\/\/kunmedierne.dk\/mors\/aeresmedlem-i-venstre-mors-altid-parat-med-hjaelp\/\"]}]},{\"@type\":\"ImageObject\",\"inLanguage\":\"da-DK\",\"@id\":\"https:\/\/kunmedierne.dk\/mors\/aeresmedlem-i-venstre-mors-altid-parat-med-hjaelp\/#primaryimage\",\"url\":\"https:\/\/kunmedierne.dk\/mors\/wp-content\/uploads\/2022\/03\/arne-lauridsen.jpg\",\"contentUrl\":\"https:\/\/kunmedierne.dk\/mors\/wp-content\/uploads\/2022\/03\/arne-lauridsen.jpg\",\"width\":770,\"height\":513,\"caption\":\"Arne Lauridsen (tv.) og Peter Therkildsen. Privatfoto\"},{\"@type\":\"BreadcrumbList\",\"@id\":\"https:\/\/kunmedierne.dk\/mors\/aeresmedlem-i-venstre-mors-altid-parat-med-hjaelp\/#breadcrumb\",\"itemListElement\":[{\"@type\":\"ListItem\",\"position\":1,\"name\":\"Hjem\",\"item\":\"https:\/\/kunmedierne.dk\/mors\/\"},{\"@type\":\"ListItem\",\"position\":2,\"name\":\"\u00c6resmedlem i Venstre Mors: Altid parat med hj\u00e6lp\"}]},{\"@type\":\"WebSite\",\"@id\":\"https:\/\/kunmedierne.dk\/mors\/#website\",\"url\":\"https:\/\/kunmedierne.dk\/mors\/\",\"name\":\"Mors\",\"description\":\"et netmedie med journalistik om livet p\u00e5 Mors\",\"publisher\":{\"@id\":\"https:\/\/kunmedierne.dk\/mors\/#organization\"},\"potentialAction\":[{\"@type\":\"SearchAction\",\"target\":{\"@type\":\"EntryPoint\",\"urlTemplate\":\"https:\/\/kunmedierne.dk\/mors\/?s={search_term_string}\"},\"query-input\":{\"@type\":\"PropertyValueSpecification\",\"valueRequired\":true,\"valueName\":\"search_term_string\"}}],\"inLanguage\":\"da-DK\"},{\"@type\":\"Organization\",\"@id\":\"https:\/\/kunmedierne.dk\/mors\/#organization\",\"name\":\"Mors\",\"url\":\"https:\/\/kunmedierne.dk\/mors\/\",\"logo\":{\"@type\":\"ImageObject\",\"inLanguage\":\"da-DK\",\"@id\":\"https:\/\/kunmedierne.dk\/mors\/#\/schema\/logo\/image\/\",\"url\":\"https:\/\/kunmedierne.dk\/mors\/wp-content\/uploads\/2024\/08\/kunmors-logo.svg\",\"contentUrl\":\"https:\/\/kunmedierne.dk\/mors\/wp-content\/uploads\/2024\/08\/kunmors-logo.svg\",\"caption\":\"Mors\"},\"image\":{\"@id\":\"https:\/\/kunmedierne.dk\/mors\/#\/schema\/logo\/image\/\"}},{\"@type\":\"Person\",\"@id\":\"https:\/\/kunmedierne.dk\/mors\/#\/schema\/person\/5fe23251bf1d0abbcdc6f7896579d548\",\"name\":\"David H\u00f8jmark\",\"image\":{\"@type\":\"ImageObject\",\"inLanguage\":\"da-DK\",\"@id\":\"https:\/\/kunmedierne.dk\/mors\/#\/schema\/person\/image\/\",\"url\":\"https:\/\/secure.gravatar.com\/avatar\/4315d6fb9ef244d729989f5f90268eb08d5bf8a3d84402f595fa194bb35784fd?s=96&d=mm&r=g\",\"contentUrl\":\"https:\/\/secure.gravatar.com\/avatar\/4315d6fb9ef244d729989f5f90268eb08d5bf8a3d84402f595fa194bb35784fd?s=96&d=mm&r=g\",\"caption\":\"David H\u00f8jmark\"},\"sameAs\":[\"https:\/\/www.kunmedierne.dk\"],\"url\":\"https:\/\/kunmedierne.dk\/mors\/author\/david\/\"}]}<\/script>\n<!-- \/ Yoast SEO plugin. -->","yoast_head_json":{"title":"\u00c6resmedlem i Venstre Mors: Altid parat med hj\u00e6lp - Mors","robots":{"index":"index","follow":"follow","max-snippet":"max-snippet:-1","max-image-preview":"max-image-preview:large","max-video-preview":"max-video-preview:-1"},"canonical":"https:\/\/kunmedierne.dk\/mors\/aeresmedlem-i-venstre-mors-altid-parat-med-hjaelp\/","og_locale":"da_DK","og_type":"article","og_title":"\u00c6resmedlem i Venstre Mors: Altid parat med hj\u00e6lp - Mors","og_description":"ERSLEV: Hvis det kniber med det organisatoriske, er lokale Venstrefolk ikke i tvivl om, hvor de kan hente r\u00e5d og hj\u00e6lp. Det kan de hos Arne Lauridsen, partimedlem i mere end 60 \u00e5r og p\u00e5 generalforsamlingen onsdag aften udn\u00e6vnt som \u00e6resmedlem i Venstre Mors. Peter Therkildsen, medlem af b\u00e5de kommunalbestyrelsen og regionsr\u00e5det for Venstre, overrakte [&hellip;]","og_url":"https:\/\/kunmedierne.dk\/mors\/aeresmedlem-i-venstre-mors-altid-parat-med-hjaelp\/","og_site_name":"Mors","article_published_time":"2022-03-11T08:51:17+00:00","article_modified_time":"2024-08-12T11:34:35+00:00","og_image":[{"width":770,"height":513,"url":"https:\/\/kunmedierne.dk\/mors\/wp-content\/uploads\/2022\/03\/arne-lauridsen.jpg","type":"image\/jpeg"}],"author":"David H\u00f8jmark","twitter_card":"summary_large_image","twitter_misc":{"Skrevet af":"David H\u00f8jmark","Estimeret l\u00e6setid":"2 minutter"},"schema":{"@context":"https:\/\/schema.org","@graph":[{"@type":"Article","@id":"https:\/\/kunmedierne.dk\/mors\/aeresmedlem-i-venstre-mors-altid-parat-med-hjaelp\/#article","isPartOf":{"@id":"https:\/\/kunmedierne.dk\/mors\/aeresmedlem-i-venstre-mors-altid-parat-med-hjaelp\/"},"author":{"name":"David H\u00f8jmark","@id":"https:\/\/kunmedierne.dk\/mors\/#\/schema\/person\/5fe23251bf1d0abbcdc6f7896579d548"},"headline":"\u00c6resmedlem i Venstre Mors: Altid parat med hj\u00e6lp","datePublished":"2022-03-11T08:51:17+00:00","dateModified":"2024-08-12T11:34:35+00:00","mainEntityOfPage":{"@id":"https:\/\/kunmedierne.dk\/mors\/aeresmedlem-i-venstre-mors-altid-parat-med-hjaelp\/"},"wordCount":507,"commentCount":0,"publisher":{"@id":"https:\/\/kunmedierne.dk\/mors\/#organization"},"image":{"@id":"https:\/\/kunmedierne.dk\/mors\/aeresmedlem-i-venstre-mors-altid-parat-med-hjaelp\/#primaryimage"},"thumbnailUrl":"https:\/\/kunmedierne.dk\/mors\/wp-content\/uploads\/2022\/03\/arne-lauridsen.jpg","keywords":["Morsingboerne","Politik"],"articleSection":["Lokalt","Navne"],"inLanguage":"da-DK","potentialAction":[{"@type":"CommentAction","name":"Comment","target":["https:\/\/kunmedierne.dk\/mors\/aeresmedlem-i-venstre-mors-altid-parat-med-hjaelp\/#respond"]}]},{"@type":"WebPage","@id":"https:\/\/kunmedierne.dk\/mors\/aeresmedlem-i-venstre-mors-altid-parat-med-hjaelp\/","url":"https:\/\/kunmedierne.dk\/mors\/aeresmedlem-i-venstre-mors-altid-parat-med-hjaelp\/","name":"\u00c6resmedlem i Venstre Mors: Altid parat med hj\u00e6lp - Mors","isPartOf":{"@id":"https:\/\/kunmedierne.dk\/mors\/#website"},"primaryImageOfPage":{"@id":"https:\/\/kunmedierne.dk\/mors\/aeresmedlem-i-venstre-mors-altid-parat-med-hjaelp\/#primaryimage"},"image":{"@id":"https:\/\/kunmedierne.dk\/mors\/aeresmedlem-i-venstre-mors-altid-parat-med-hjaelp\/#primaryimage"},"thumbnailUrl":"https:\/\/kunmedierne.dk\/mors\/wp-content\/uploads\/2022\/03\/arne-lauridsen.jpg","datePublished":"2022-03-11T08:51:17+00:00","dateModified":"2024-08-12T11:34:35+00:00","breadcrumb":{"@id":"https:\/\/kunmedierne.dk\/mors\/aeresmedlem-i-venstre-mors-altid-parat-med-hjaelp\/#breadcrumb"},"inLanguage":"da-DK","potentialAction":[{"@type":"ReadAction","target":["https:\/\/kunmedierne.dk\/mors\/aeresmedlem-i-venstre-mors-altid-parat-med-hjaelp\/"]}]},{"@type":"ImageObject","inLanguage":"da-DK","@id":"https:\/\/kunmedierne.dk\/mors\/aeresmedlem-i-venstre-mors-altid-parat-med-hjaelp\/#primaryimage","url":"https:\/\/kunmedierne.dk\/mors\/wp-content\/uploads\/2022\/03\/arne-lauridsen.jpg","contentUrl":"https:\/\/kunmedierne.dk\/mors\/wp-content\/uploads\/2022\/03\/arne-lauridsen.jpg","width":770,"height":513,"caption":"Arne Lauridsen (tv.) og Peter Therkildsen. Privatfoto"},{"@type":"BreadcrumbList","@id":"https:\/\/kunmedierne.dk\/mors\/aeresmedlem-i-venstre-mors-altid-parat-med-hjaelp\/#breadcrumb","itemListElement":[{"@type":"ListItem","position":1,"name":"Hjem","item":"https:\/\/kunmedierne.dk\/mors\/"},{"@type":"ListItem","position":2,"name":"\u00c6resmedlem i Venstre Mors: Altid parat med hj\u00e6lp"}]},{"@type":"WebSite","@id":"https:\/\/kunmedierne.dk\/mors\/#website","url":"https:\/\/kunmedierne.dk\/mors\/","name":"Mors","description":"et netmedie med journalistik om livet p\u00e5 Mors","publisher":{"@id":"https:\/\/kunmedierne.dk\/mors\/#organization"},"potentialAction":[{"@type":"SearchAction","target":{"@type":"EntryPoint","urlTemplate":"https:\/\/kunmedierne.dk\/mors\/?s={search_term_string}"},"query-input":{"@type":"PropertyValueSpecification","valueRequired":true,"valueName":"search_term_string"}}],"inLanguage":"da-DK"},{"@type":"Organization","@id":"https:\/\/kunmedierne.dk\/mors\/#organization","name":"Mors","url":"https:\/\/kunmedierne.dk\/mors\/","logo":{"@type":"ImageObject","inLanguage":"da-DK","@id":"https:\/\/kunmedierne.dk\/mors\/#\/schema\/logo\/image\/","url":"https:\/\/kunmedierne.dk\/mors\/wp-content\/uploads\/2024\/08\/kunmors-logo.svg","contentUrl":"https:\/\/kunmedierne.dk\/mors\/wp-content\/uploads\/2024\/08\/kunmors-logo.svg","caption":"Mors"},"image":{"@id":"https:\/\/kunmedierne.dk\/mors\/#\/schema\/logo\/image\/"}},{"@type":"Person","@id":"https:\/\/kunmedierne.dk\/mors\/#\/schema\/person\/5fe23251bf1d0abbcdc6f7896579d548","name":"David H\u00f8jmark","image":{"@type":"ImageObject","inLanguage":"da-DK","@id":"https:\/\/kunmedierne.dk\/mors\/#\/schema\/person\/image\/","url":"https:\/\/secure.gravatar.com\/avatar\/4315d6fb9ef244d729989f5f90268eb08d5bf8a3d84402f595fa194bb35784fd?s=96&d=mm&r=g","contentUrl":"https:\/\/secure.gravatar.com\/avatar\/4315d6fb9ef244d729989f5f90268eb08d5bf8a3d84402f595fa194bb35784fd?s=96&d=mm&r=g","caption":"David H\u00f8jmark"},"sameAs":["https:\/\/www.kunmedierne.dk"],"url":"https:\/\/kunmedierne.dk\/mors\/author\/david\/"}]}},"_links":{"self":[{"href":"https:\/\/kunmedierne.dk\/mors\/wp-json\/wp\/v2\/posts\/64879","targetHints":{"allow":["GET"]}}],"collection":[{"href":"https:\/\/kunmedierne.dk\/mors\/wp-json\/wp\/v2\/posts"}],"about":[{"href":"https:\/\/kunmedierne.dk\/mors\/wp-json\/wp\/v2\/types\/post"}],"author":[{"embeddable":true,"href":"https:\/\/kunmedierne.dk\/mors\/wp-json\/wp\/v2\/users\/8"}],"replies":[{"embeddable":true,"href":"https:\/\/kunmedierne.dk\/mors\/wp-json\/wp\/v2\/comments?post=64879"}],"version-history":[{"count":3,"href":"https:\/\/kunmedierne.dk\/mors\/wp-json\/wp\/v2\/posts\/64879\/revisions"}],"predecessor-version":[{"id":64913,"href":"https:\/\/kunmedierne.dk\/mors\/wp-json\/wp\/v2\/posts\/64879\/revisions\/64913"}],"wp:featuredmedia":[{"embeddable":true,"href":"https:\/\/kunmedierne.dk\/mors\/wp-json\/wp\/v2\/media\/64911"}],"wp:attachment":[{"href":"https:\/\/kunmedierne.dk\/mors\/wp-json\/wp\/v2\/media?parent=64879"}],"wp:term":[{"taxonomy":"category","embeddable":true,"href":"https:\/\/kunmedierne.dk\/mors\/wp-json\/wp\/v2\/categories?post=64879"},{"taxonomy":"post_tag","embeddable":true,"href":"https:\/\/kunmedierne.dk\/mors\/wp-json\/wp\/v2\/tags?post=64879"}],"curies":[{"name":"wp","href":"https:\/\/api.w.org\/{rel}","templated":true}]}}