{"id":64443,"date":"2022-03-06T15:02:18","date_gmt":"2022-03-06T14:02:18","guid":{"rendered":"https:\/\/kunmedierne.dk\/mors\/?p=64443"},"modified":"2024-08-12T13:34:37","modified_gmt":"2024-08-12T11:34:37","slug":"kendt-international-kok-inviterer-til-kokkekursus-paa-mors","status":"publish","type":"post","link":"https:\/\/kunmedierne.dk\/mors\/kendt-international-kok-inviterer-til-kokkekursus-paa-mors\/","title":{"rendered":"Kendt international kok inviterer til kokkekursus p\u00e5 Mors"},"content":{"rendered":"<p><b>MORS: <\/b><span style=\"font-weight: 400;\">N\u00e5r Bob Trinkj\u00e6r l\u00e6gger vejen forbi Mors, er det med tilbuddet om et kokkekursus med fokus p\u00e5 temaet &#8216;Limfjordens spisekammer&#8217;.<\/span><\/p>\n<p><span style=\"font-weight: 400;\">Bob Trinkj\u00e6r er et kendt navn i den gastronomiske verden. Han har b\u00e5de v\u00e6ret gastronomisk aktiv i lokalomr\u00e5det, herunder p\u00e5 Sallingsund F\u00e6rgekro, men ogs\u00e5 nationalt og internationalt, hvor han blandt andet har leveret mad til de kongelige samt Nationalbanken og flere steder i udlandet.\u00a0<\/span><\/p>\n<a class=\"dvrt-link\" onClick=\"cdmtrack_click(104780,jQuery(this));return false\" href=\"https:\/\/www.spard.dk\/\"><img decoding=\"async\" style=\"width:100%;\" src=\"https:\/\/kunmedierne.dk\/mors\/wp-content\/uploads\/2023\/12\/sparekassen-dk-maj25.gif\"><\/a><script>cdmtrack_view(104780);<\/script>\n<p><span style=\"font-weight: 400;\">Dog l\u00e6gges der til dette arrangement v\u00e6gt p\u00e5 det lokale, det friske og det n\u00e6re.<\/span><\/p>\n<p><span style=\"font-weight: 400;\">\u201cKokkene skal have gummist\u00f8vlerne p\u00e5 og ud og m\u00f8de de lokale producenter \u2013 se hvor r\u00e5varerne kommer fra og f\u00e5 en inspirerende snak med producenten. Bagefter hiver vi det hele ind i k\u00f8kkenet p\u00e5 Nordic Food College i Nyk\u00f8bing og s\u00e6tter det i spil,\u201d skriver Bob Trinkj\u00e6r i en pressemeddelelse.\u00a0<\/span><\/p>\n<p>&nbsp;<\/p>\n<p><b>Et projekt i udvikling<\/b><\/p>\n<p><span style=\"font-weight: 400;\">Kurset st\u00e5r ikke alene, tv\u00e6rtimod, da det blot er \u00e9t i en lang r\u00e6kke kurser. Her er det Regional Madkultur Thy-Mors, der st\u00e5r i spidsen for arrangementerne, der i l\u00f8bet af 2022 inviterer en r\u00e6kke forskellige stjernekokke til, for:<\/span><\/p>\n<p><span style=\"font-weight: 400;\">\u201c \u2026 at inspirere vores lokale kokke og gastro-interesserede thy- og morsingboer \u2013 med fokus p\u00e5 lokale r\u00e5varer, naturligvis.\u201d<\/span><\/p>\n<a class=\"dvrt-link\" onClick=\"cdmtrack_click(104783,jQuery(this));return false\" href=\"https:\/\/konpap.dk\/\"><img decoding=\"async\" style=\"width:100%;\" src=\"https:\/\/kunmedierne.dk\/mors\/wp-content\/uploads\/2023\/10\/Kun-Mors-banner.jpg\"><\/a><script>cdmtrack_view(104783);<\/script>\n<p><span style=\"font-weight: 400;\">\u201cAlle kan deltage, uanset om man er medlem eller ej i Regional Madkultur Thy-Mors.\u201d<\/span><\/p>\n<p><span style=\"font-weight: 400;\">Tilmeldingen til kurserne, der b\u00e5de finder sted mandag 28. marts og tirsdag 29. marts p\u00e5 Mors\u00f8 Landbrugsskole, kan ske gennem Regional Madkulturs <a href=\"https:\/\/madkulturthymors.dk\/\" target=\"_blank\" rel=\"noopener\">hjemmeside<\/a>.<\/span><\/p>\n<blockquote>\n<h5>HUSK: P\u00e5 s\u00f8ndag tr\u00e6kker vi lod om\u00a0<a href=\"https:\/\/kunmedierne.dk\/mors\/vind-denne-flotte-praemie-slotsophold-for-to-i-prag\/\" target=\"_blank\" rel=\"noopener\">dette l\u00e6kre ophold i Prag<\/a>. Tilmeld dig den gratis KunMors-avisen nederst p\u00e5 siden og v\u00e6r med i lodtr\u00e6kningen.<\/h5>\n<\/blockquote>\n","protected":false},"excerpt":{"rendered":"<p>MORS: N\u00e5r Bob Trinkj\u00e6r l\u00e6gger vejen forbi Mors, er det med tilbuddet om et kokkekursus med fokus p\u00e5 temaet &#8216;Limfjordens spisekammer&#8217;. Bob Trinkj\u00e6r er et kendt navn i den gastronomiske verden. Han har b\u00e5de v\u00e6ret gastronomisk aktiv i lokalomr\u00e5det, herunder p\u00e5 Sallingsund F\u00e6rgekro, men ogs\u00e5 nationalt og internationalt, hvor han blandt andet har leveret mad [&hellip;]<\/p>\n","protected":false},"author":2076,"featured_media":64456,"comment_status":"open","ping_status":"open","sticky":false,"template":"","format":"standard","meta":{"_acf_changed":false,"footnotes":""},"categories":[49],"tags":[196,169],"class_list":["post-64443","post","type-post","status-publish","format-standard","has-post-thumbnail","hentry","category-kultur","tag-foreningsliv","tag-skaldyr"],"acf":[],"yoast_head":"<!-- This site is optimized with the Yoast SEO plugin v26.8 - https:\/\/yoast.com\/product\/yoast-seo-wordpress\/ -->\n<title>Kendt international kok inviterer til kokkekursus p\u00e5 Mors - Mors<\/title>\n<meta name=\"robots\" content=\"index, follow, max-snippet:-1, max-image-preview:large, max-video-preview:-1\" \/>\n<link rel=\"canonical\" href=\"https:\/\/kunmedierne.dk\/mors\/kendt-international-kok-inviterer-til-kokkekursus-paa-mors\/\" \/>\n<meta property=\"og:locale\" content=\"da_DK\" \/>\n<meta property=\"og:type\" content=\"article\" \/>\n<meta property=\"og:title\" content=\"Kendt international kok inviterer til kokkekursus p\u00e5 Mors - Mors\" \/>\n<meta property=\"og:description\" content=\"MORS: N\u00e5r Bob Trinkj\u00e6r l\u00e6gger vejen forbi Mors, er det med tilbuddet om et kokkekursus med fokus p\u00e5 temaet &#8216;Limfjordens spisekammer&#8217;. Bob Trinkj\u00e6r er et kendt navn i den gastronomiske verden. Han har b\u00e5de v\u00e6ret gastronomisk aktiv i lokalomr\u00e5det, herunder p\u00e5 Sallingsund F\u00e6rgekro, men ogs\u00e5 nationalt og internationalt, hvor han blandt andet har leveret mad [&hellip;]\" \/>\n<meta property=\"og:url\" content=\"https:\/\/kunmedierne.dk\/mors\/kendt-international-kok-inviterer-til-kokkekursus-paa-mors\/\" \/>\n<meta property=\"og:site_name\" content=\"Mors\" \/>\n<meta property=\"article:published_time\" content=\"2022-03-06T14:02:18+00:00\" \/>\n<meta property=\"article:modified_time\" content=\"2024-08-12T11:34:37+00:00\" \/>\n<meta property=\"og:image\" content=\"https:\/\/kunmedierne.dk\/mors\/wp-content\/uploads\/2022\/03\/Skaermbillede-2022-03-05-kl.-20.58.56-2.jpg\" \/>\n\t<meta property=\"og:image:width\" content=\"1872\" \/>\n\t<meta property=\"og:image:height\" content=\"1248\" \/>\n\t<meta property=\"og:image:type\" content=\"image\/jpeg\" \/>\n<meta name=\"author\" content=\"Alen Durakovic\" \/>\n<meta name=\"twitter:card\" content=\"summary_large_image\" \/>\n<meta name=\"twitter:label1\" content=\"Skrevet af\" \/>\n\t<meta name=\"twitter:data1\" content=\"Alen Durakovic\" \/>\n\t<meta name=\"twitter:label2\" content=\"Estimeret l\u00e6setid\" \/>\n\t<meta name=\"twitter:data2\" content=\"2 minutter\" \/>\n<script type=\"application\/ld+json\" class=\"yoast-schema-graph\">{\"@context\":\"https:\/\/schema.org\",\"@graph\":[{\"@type\":\"Article\",\"@id\":\"https:\/\/kunmedierne.dk\/mors\/kendt-international-kok-inviterer-til-kokkekursus-paa-mors\/#article\",\"isPartOf\":{\"@id\":\"https:\/\/kunmedierne.dk\/mors\/kendt-international-kok-inviterer-til-kokkekursus-paa-mors\/\"},\"author\":{\"name\":\"Alen Durakovic\",\"@id\":\"https:\/\/kunmedierne.dk\/mors\/#\/schema\/person\/227d8cf5702b0b374e260da71394f51a\"},\"headline\":\"Kendt international kok inviterer til kokkekursus p\u00e5 Mors\",\"datePublished\":\"2022-03-06T14:02:18+00:00\",\"dateModified\":\"2024-08-12T11:34:37+00:00\",\"mainEntityOfPage\":{\"@id\":\"https:\/\/kunmedierne.dk\/mors\/kendt-international-kok-inviterer-til-kokkekursus-paa-mors\/\"},\"wordCount\":291,\"commentCount\":0,\"publisher\":{\"@id\":\"https:\/\/kunmedierne.dk\/mors\/#organization\"},\"image\":{\"@id\":\"https:\/\/kunmedierne.dk\/mors\/kendt-international-kok-inviterer-til-kokkekursus-paa-mors\/#primaryimage\"},\"thumbnailUrl\":\"https:\/\/kunmedierne.dk\/mors\/wp-content\/uploads\/2022\/03\/Skaermbillede-2022-03-05-kl.-20.58.56-2.jpg\",\"keywords\":[\"Foreningsliv\",\"Skaldyr\"],\"articleSection\":[\"Kultur\"],\"inLanguage\":\"da-DK\",\"potentialAction\":[{\"@type\":\"CommentAction\",\"name\":\"Comment\",\"target\":[\"https:\/\/kunmedierne.dk\/mors\/kendt-international-kok-inviterer-til-kokkekursus-paa-mors\/#respond\"]}]},{\"@type\":\"WebPage\",\"@id\":\"https:\/\/kunmedierne.dk\/mors\/kendt-international-kok-inviterer-til-kokkekursus-paa-mors\/\",\"url\":\"https:\/\/kunmedierne.dk\/mors\/kendt-international-kok-inviterer-til-kokkekursus-paa-mors\/\",\"name\":\"Kendt international kok inviterer til kokkekursus p\u00e5 Mors - Mors\",\"isPartOf\":{\"@id\":\"https:\/\/kunmedierne.dk\/mors\/#website\"},\"primaryImageOfPage\":{\"@id\":\"https:\/\/kunmedierne.dk\/mors\/kendt-international-kok-inviterer-til-kokkekursus-paa-mors\/#primaryimage\"},\"image\":{\"@id\":\"https:\/\/kunmedierne.dk\/mors\/kendt-international-kok-inviterer-til-kokkekursus-paa-mors\/#primaryimage\"},\"thumbnailUrl\":\"https:\/\/kunmedierne.dk\/mors\/wp-content\/uploads\/2022\/03\/Skaermbillede-2022-03-05-kl.-20.58.56-2.jpg\",\"datePublished\":\"2022-03-06T14:02:18+00:00\",\"dateModified\":\"2024-08-12T11:34:37+00:00\",\"breadcrumb\":{\"@id\":\"https:\/\/kunmedierne.dk\/mors\/kendt-international-kok-inviterer-til-kokkekursus-paa-mors\/#breadcrumb\"},\"inLanguage\":\"da-DK\",\"potentialAction\":[{\"@type\":\"ReadAction\",\"target\":[\"https:\/\/kunmedierne.dk\/mors\/kendt-international-kok-inviterer-til-kokkekursus-paa-mors\/\"]}]},{\"@type\":\"ImageObject\",\"inLanguage\":\"da-DK\",\"@id\":\"https:\/\/kunmedierne.dk\/mors\/kendt-international-kok-inviterer-til-kokkekursus-paa-mors\/#primaryimage\",\"url\":\"https:\/\/kunmedierne.dk\/mors\/wp-content\/uploads\/2022\/03\/Skaermbillede-2022-03-05-kl.-20.58.56-2.jpg\",\"contentUrl\":\"https:\/\/kunmedierne.dk\/mors\/wp-content\/uploads\/2022\/03\/Skaermbillede-2022-03-05-kl.-20.58.56-2.jpg\",\"width\":1872,\"height\":1248,\"caption\":\"Limfjorden bliver arrangementets omdrejningspunktet. Her skal deltagerne l\u00e6re om vandets mange goder, herunder med fokus p\u00e5 muslinger. Collage: Alen Durakovic. Foto: madkulturthymors.dk. Foto Modelfoto: Gil Ndjouwou\/Unsplash\"},{\"@type\":\"BreadcrumbList\",\"@id\":\"https:\/\/kunmedierne.dk\/mors\/kendt-international-kok-inviterer-til-kokkekursus-paa-mors\/#breadcrumb\",\"itemListElement\":[{\"@type\":\"ListItem\",\"position\":1,\"name\":\"Hjem\",\"item\":\"https:\/\/kunmedierne.dk\/mors\/\"},{\"@type\":\"ListItem\",\"position\":2,\"name\":\"Kendt international kok inviterer til kokkekursus p\u00e5 Mors\"}]},{\"@type\":\"WebSite\",\"@id\":\"https:\/\/kunmedierne.dk\/mors\/#website\",\"url\":\"https:\/\/kunmedierne.dk\/mors\/\",\"name\":\"Mors\",\"description\":\"et netmedie med journalistik om livet p\u00e5 Mors\",\"publisher\":{\"@id\":\"https:\/\/kunmedierne.dk\/mors\/#organization\"},\"potentialAction\":[{\"@type\":\"SearchAction\",\"target\":{\"@type\":\"EntryPoint\",\"urlTemplate\":\"https:\/\/kunmedierne.dk\/mors\/?s={search_term_string}\"},\"query-input\":{\"@type\":\"PropertyValueSpecification\",\"valueRequired\":true,\"valueName\":\"search_term_string\"}}],\"inLanguage\":\"da-DK\"},{\"@type\":\"Organization\",\"@id\":\"https:\/\/kunmedierne.dk\/mors\/#organization\",\"name\":\"Mors\",\"url\":\"https:\/\/kunmedierne.dk\/mors\/\",\"logo\":{\"@type\":\"ImageObject\",\"inLanguage\":\"da-DK\",\"@id\":\"https:\/\/kunmedierne.dk\/mors\/#\/schema\/logo\/image\/\",\"url\":\"https:\/\/kunmedierne.dk\/mors\/wp-content\/uploads\/2024\/08\/kunmors-logo.svg\",\"contentUrl\":\"https:\/\/kunmedierne.dk\/mors\/wp-content\/uploads\/2024\/08\/kunmors-logo.svg\",\"caption\":\"Mors\"},\"image\":{\"@id\":\"https:\/\/kunmedierne.dk\/mors\/#\/schema\/logo\/image\/\"}},{\"@type\":\"Person\",\"@id\":\"https:\/\/kunmedierne.dk\/mors\/#\/schema\/person\/227d8cf5702b0b374e260da71394f51a\",\"name\":\"Alen Durakovic\",\"image\":{\"@type\":\"ImageObject\",\"inLanguage\":\"da-DK\",\"@id\":\"https:\/\/kunmedierne.dk\/mors\/#\/schema\/person\/image\/\",\"url\":\"https:\/\/secure.gravatar.com\/avatar\/9ee922eb32af8e241a9877f74ada84885bb981b823987c36689731f2de72da9b?s=96&d=mm&r=g\",\"contentUrl\":\"https:\/\/secure.gravatar.com\/avatar\/9ee922eb32af8e241a9877f74ada84885bb981b823987c36689731f2de72da9b?s=96&d=mm&r=g\",\"caption\":\"Alen Durakovic\"},\"url\":\"https:\/\/kunmedierne.dk\/mors\/author\/alen-durakovic\/\"}]}<\/script>\n<!-- \/ Yoast SEO plugin. -->","yoast_head_json":{"title":"Kendt international kok inviterer til kokkekursus p\u00e5 Mors - Mors","robots":{"index":"index","follow":"follow","max-snippet":"max-snippet:-1","max-image-preview":"max-image-preview:large","max-video-preview":"max-video-preview:-1"},"canonical":"https:\/\/kunmedierne.dk\/mors\/kendt-international-kok-inviterer-til-kokkekursus-paa-mors\/","og_locale":"da_DK","og_type":"article","og_title":"Kendt international kok inviterer til kokkekursus p\u00e5 Mors - Mors","og_description":"MORS: N\u00e5r Bob Trinkj\u00e6r l\u00e6gger vejen forbi Mors, er det med tilbuddet om et kokkekursus med fokus p\u00e5 temaet &#8216;Limfjordens spisekammer&#8217;. Bob Trinkj\u00e6r er et kendt navn i den gastronomiske verden. Han har b\u00e5de v\u00e6ret gastronomisk aktiv i lokalomr\u00e5det, herunder p\u00e5 Sallingsund F\u00e6rgekro, men ogs\u00e5 nationalt og internationalt, hvor han blandt andet har leveret mad [&hellip;]","og_url":"https:\/\/kunmedierne.dk\/mors\/kendt-international-kok-inviterer-til-kokkekursus-paa-mors\/","og_site_name":"Mors","article_published_time":"2022-03-06T14:02:18+00:00","article_modified_time":"2024-08-12T11:34:37+00:00","og_image":[{"width":1872,"height":1248,"url":"https:\/\/kunmedierne.dk\/mors\/wp-content\/uploads\/2022\/03\/Skaermbillede-2022-03-05-kl.-20.58.56-2.jpg","type":"image\/jpeg"}],"author":"Alen Durakovic","twitter_card":"summary_large_image","twitter_misc":{"Skrevet af":"Alen Durakovic","Estimeret l\u00e6setid":"2 minutter"},"schema":{"@context":"https:\/\/schema.org","@graph":[{"@type":"Article","@id":"https:\/\/kunmedierne.dk\/mors\/kendt-international-kok-inviterer-til-kokkekursus-paa-mors\/#article","isPartOf":{"@id":"https:\/\/kunmedierne.dk\/mors\/kendt-international-kok-inviterer-til-kokkekursus-paa-mors\/"},"author":{"name":"Alen Durakovic","@id":"https:\/\/kunmedierne.dk\/mors\/#\/schema\/person\/227d8cf5702b0b374e260da71394f51a"},"headline":"Kendt international kok inviterer til kokkekursus p\u00e5 Mors","datePublished":"2022-03-06T14:02:18+00:00","dateModified":"2024-08-12T11:34:37+00:00","mainEntityOfPage":{"@id":"https:\/\/kunmedierne.dk\/mors\/kendt-international-kok-inviterer-til-kokkekursus-paa-mors\/"},"wordCount":291,"commentCount":0,"publisher":{"@id":"https:\/\/kunmedierne.dk\/mors\/#organization"},"image":{"@id":"https:\/\/kunmedierne.dk\/mors\/kendt-international-kok-inviterer-til-kokkekursus-paa-mors\/#primaryimage"},"thumbnailUrl":"https:\/\/kunmedierne.dk\/mors\/wp-content\/uploads\/2022\/03\/Skaermbillede-2022-03-05-kl.-20.58.56-2.jpg","keywords":["Foreningsliv","Skaldyr"],"articleSection":["Kultur"],"inLanguage":"da-DK","potentialAction":[{"@type":"CommentAction","name":"Comment","target":["https:\/\/kunmedierne.dk\/mors\/kendt-international-kok-inviterer-til-kokkekursus-paa-mors\/#respond"]}]},{"@type":"WebPage","@id":"https:\/\/kunmedierne.dk\/mors\/kendt-international-kok-inviterer-til-kokkekursus-paa-mors\/","url":"https:\/\/kunmedierne.dk\/mors\/kendt-international-kok-inviterer-til-kokkekursus-paa-mors\/","name":"Kendt international kok inviterer til kokkekursus p\u00e5 Mors - Mors","isPartOf":{"@id":"https:\/\/kunmedierne.dk\/mors\/#website"},"primaryImageOfPage":{"@id":"https:\/\/kunmedierne.dk\/mors\/kendt-international-kok-inviterer-til-kokkekursus-paa-mors\/#primaryimage"},"image":{"@id":"https:\/\/kunmedierne.dk\/mors\/kendt-international-kok-inviterer-til-kokkekursus-paa-mors\/#primaryimage"},"thumbnailUrl":"https:\/\/kunmedierne.dk\/mors\/wp-content\/uploads\/2022\/03\/Skaermbillede-2022-03-05-kl.-20.58.56-2.jpg","datePublished":"2022-03-06T14:02:18+00:00","dateModified":"2024-08-12T11:34:37+00:00","breadcrumb":{"@id":"https:\/\/kunmedierne.dk\/mors\/kendt-international-kok-inviterer-til-kokkekursus-paa-mors\/#breadcrumb"},"inLanguage":"da-DK","potentialAction":[{"@type":"ReadAction","target":["https:\/\/kunmedierne.dk\/mors\/kendt-international-kok-inviterer-til-kokkekursus-paa-mors\/"]}]},{"@type":"ImageObject","inLanguage":"da-DK","@id":"https:\/\/kunmedierne.dk\/mors\/kendt-international-kok-inviterer-til-kokkekursus-paa-mors\/#primaryimage","url":"https:\/\/kunmedierne.dk\/mors\/wp-content\/uploads\/2022\/03\/Skaermbillede-2022-03-05-kl.-20.58.56-2.jpg","contentUrl":"https:\/\/kunmedierne.dk\/mors\/wp-content\/uploads\/2022\/03\/Skaermbillede-2022-03-05-kl.-20.58.56-2.jpg","width":1872,"height":1248,"caption":"Limfjorden bliver arrangementets omdrejningspunktet. Her skal deltagerne l\u00e6re om vandets mange goder, herunder med fokus p\u00e5 muslinger. Collage: Alen Durakovic. Foto: madkulturthymors.dk. Foto Modelfoto: Gil Ndjouwou\/Unsplash"},{"@type":"BreadcrumbList","@id":"https:\/\/kunmedierne.dk\/mors\/kendt-international-kok-inviterer-til-kokkekursus-paa-mors\/#breadcrumb","itemListElement":[{"@type":"ListItem","position":1,"name":"Hjem","item":"https:\/\/kunmedierne.dk\/mors\/"},{"@type":"ListItem","position":2,"name":"Kendt international kok inviterer til kokkekursus p\u00e5 Mors"}]},{"@type":"WebSite","@id":"https:\/\/kunmedierne.dk\/mors\/#website","url":"https:\/\/kunmedierne.dk\/mors\/","name":"Mors","description":"et netmedie med journalistik om livet p\u00e5 Mors","publisher":{"@id":"https:\/\/kunmedierne.dk\/mors\/#organization"},"potentialAction":[{"@type":"SearchAction","target":{"@type":"EntryPoint","urlTemplate":"https:\/\/kunmedierne.dk\/mors\/?s={search_term_string}"},"query-input":{"@type":"PropertyValueSpecification","valueRequired":true,"valueName":"search_term_string"}}],"inLanguage":"da-DK"},{"@type":"Organization","@id":"https:\/\/kunmedierne.dk\/mors\/#organization","name":"Mors","url":"https:\/\/kunmedierne.dk\/mors\/","logo":{"@type":"ImageObject","inLanguage":"da-DK","@id":"https:\/\/kunmedierne.dk\/mors\/#\/schema\/logo\/image\/","url":"https:\/\/kunmedierne.dk\/mors\/wp-content\/uploads\/2024\/08\/kunmors-logo.svg","contentUrl":"https:\/\/kunmedierne.dk\/mors\/wp-content\/uploads\/2024\/08\/kunmors-logo.svg","caption":"Mors"},"image":{"@id":"https:\/\/kunmedierne.dk\/mors\/#\/schema\/logo\/image\/"}},{"@type":"Person","@id":"https:\/\/kunmedierne.dk\/mors\/#\/schema\/person\/227d8cf5702b0b374e260da71394f51a","name":"Alen Durakovic","image":{"@type":"ImageObject","inLanguage":"da-DK","@id":"https:\/\/kunmedierne.dk\/mors\/#\/schema\/person\/image\/","url":"https:\/\/secure.gravatar.com\/avatar\/9ee922eb32af8e241a9877f74ada84885bb981b823987c36689731f2de72da9b?s=96&d=mm&r=g","contentUrl":"https:\/\/secure.gravatar.com\/avatar\/9ee922eb32af8e241a9877f74ada84885bb981b823987c36689731f2de72da9b?s=96&d=mm&r=g","caption":"Alen Durakovic"},"url":"https:\/\/kunmedierne.dk\/mors\/author\/alen-durakovic\/"}]}},"_links":{"self":[{"href":"https:\/\/kunmedierne.dk\/mors\/wp-json\/wp\/v2\/posts\/64443","targetHints":{"allow":["GET"]}}],"collection":[{"href":"https:\/\/kunmedierne.dk\/mors\/wp-json\/wp\/v2\/posts"}],"about":[{"href":"https:\/\/kunmedierne.dk\/mors\/wp-json\/wp\/v2\/types\/post"}],"author":[{"embeddable":true,"href":"https:\/\/kunmedierne.dk\/mors\/wp-json\/wp\/v2\/users\/2076"}],"replies":[{"embeddable":true,"href":"https:\/\/kunmedierne.dk\/mors\/wp-json\/wp\/v2\/comments?post=64443"}],"version-history":[{"count":5,"href":"https:\/\/kunmedierne.dk\/mors\/wp-json\/wp\/v2\/posts\/64443\/revisions"}],"predecessor-version":[{"id":64519,"href":"https:\/\/kunmedierne.dk\/mors\/wp-json\/wp\/v2\/posts\/64443\/revisions\/64519"}],"wp:featuredmedia":[{"embeddable":true,"href":"https:\/\/kunmedierne.dk\/mors\/wp-json\/wp\/v2\/media\/64456"}],"wp:attachment":[{"href":"https:\/\/kunmedierne.dk\/mors\/wp-json\/wp\/v2\/media?parent=64443"}],"wp:term":[{"taxonomy":"category","embeddable":true,"href":"https:\/\/kunmedierne.dk\/mors\/wp-json\/wp\/v2\/categories?post=64443"},{"taxonomy":"post_tag","embeddable":true,"href":"https:\/\/kunmedierne.dk\/mors\/wp-json\/wp\/v2\/tags?post=64443"}],"curies":[{"name":"wp","href":"https:\/\/api.w.org\/{rel}","templated":true}]}}