{"id":6419,"date":"2020-02-07T11:14:45","date_gmt":"2020-02-07T10:14:45","guid":{"rendered":"https:\/\/kunmedierne.dk\/mors\/?p=6419"},"modified":"2024-08-12T14:07:41","modified_gmt":"2024-08-12T12:07:41","slug":"tysk-prisvinder-bag-lokale-vicevaerters-nye-cykler","status":"publish","type":"post","link":"https:\/\/kunmedierne.dk\/mors\/tysk-prisvinder-bag-lokale-vicevaerters-nye-cykler\/","title":{"rendered":"Tysk prisvinder bag lokale vicev\u00e6rters nye cykler"},"content":{"rendered":"<p><strong>NYK\u00d8BING<\/strong>: En god ide i Tyskland har nu f\u00f8rt til l\u00e6kkert udstyr i Nyk\u00f8bing.<\/p>\n<p>Syv\u00a0vicev\u00e6rter fra Nyk\u00f8bing Mors Andelsboligforening er kommet godt op at k\u00f8re, efter at de onsdag blev tildelt hver sin Benno Bike. Den opsigtsv\u00e6kkende elcykel vandt en pris ved Bike Awards 2018 i Frankfurt, hvor dens design og robusthed vakte begejstring.<\/p>\n<p>Nu kan den ses p\u00e5 gaderne i Nyk\u00f8bing, hvor 700 boliger bliver serviceret af vicev\u00e6rter p\u00e5 en cykel, de efter sigende er meget begejstrede for.<\/p>\n<p>&#8220;De har k\u00f8rt p\u00e5 nogle gamle tr\u00e6decykler i mange \u00e5r, s\u00e5 de har talt om, at de ville kunne komme hurtigere frem, hvis de fik elcykler. Og det har vi s\u00e5 kigget p\u00e5. Boligforeningen vil jo ogs\u00e5 gerne g\u00f8re noget godt i forhold til milj\u00f8et, og der passer de her elcykler jo ind,&#8221; siger Peter Nicolas Pedersen, forretningsf\u00f8rer i Nyk\u00f8bing Mors Andelsboligforening.<\/p>\n<p>Han ser frem til, at vicev\u00e6rterne nu kan komme hurtigere frem til beboere med behov for hj\u00e6lp &#8211; og med meget mere v\u00e6rkt\u00f8j p\u00e5 cyklen end f\u00f8r. Og han p\u00e5peger, at brugte vicev\u00e6rterne en bil, ville det v\u00e6re milj\u00f8skadeligt og kun i sj\u00e6ldne tilf\u00e6lde en reel fordel i forhold til transport mellem opgaver.<\/p>\n<p>&#8220;Man kommer ikke hurtigere frem i bil, med mindre man skal fra den ene ende af byen til den anden,&#8221; siger Peter Nicolas Pedersen og supplerer, at vicev\u00e6rterne er yderst tilfredse med cyklerne.<\/p>\n<p>&nbsp;<\/p>\n<h4>Kan bruges af surfere<\/h4>\n<p>Det gl\u00e6der Stefan \u00d8st Petersen, indehaver af Bikev\u00e6nget i Erslev. Det er nemlig ham, der har importeret cyklerne fra Tyskland til Mors og ham, der har lavet en serviceaftale med boligforeningen.<\/p>\n<p>Han fort\u00e6ller om en elcykel, der kan bruges til lidt af hvert.<\/p>\n<p>&#8220;Man kan montere en stige p\u00e5 den, hvis man har brug for det &#8211; eller et surfbr\u00e6t, hvis man bor i Klitm\u00f8ller. I Berlin bliver den brugt af vinduespudsere, og t\u00f8mrere i Aarhus og K\u00f8benhavn k\u00f8rer p\u00e5 dem, fordi det er sv\u00e6rt at komme rundt inde i byen,&#8221; siger han og fort\u00e6ller om et tysk produkt, der giver den gas p\u00e5 kvalitet &#8211; b\u00e5de i forhold til at v\u00e6re robust og i helt top, n\u00e5r det kommer til udstyr.<\/p>\n<p>Eksempelvis er de solide og regnt\u00e6tte tasker monteret p\u00e5 cyklen og skal i virkeligheden betragtes som et bagagerum &#8211; med en kapacitet p\u00e5 50 kilo v\u00e6rkt\u00f8j eller andet udstyr.<\/p>\n<p>&#8220;S\u00e5 det er ikke en billig cykel. Den koster 25.000 kroner, og det er jo ikke s\u00e5dan en, man lige s\u00e6lger,&#8221; siger cykelhandleren, som til geng\u00e6ld forventer, at der bliver betydeligt mindre vedligehold p\u00e5 de nye Benno Bikes end p\u00e5 mindre solide cykler.<\/p>\n<p>Nyk\u00f8bing Mors Andelsboligforening besk\u00e6ftiger syv vicev\u00e6rter p\u00e5 fuld tid og fem p\u00e5 deltid.<\/p>\n","protected":false},"excerpt":{"rendered":"<p>NYK\u00d8BING: En god ide i Tyskland har nu f\u00f8rt til l\u00e6kkert udstyr i Nyk\u00f8bing. Syv\u00a0vicev\u00e6rter fra Nyk\u00f8bing Mors Andelsboligforening er kommet godt op at k\u00f8re, efter at de onsdag blev tildelt hver sin Benno Bike. Den opsigtsv\u00e6kkende elcykel vandt en pris ved Bike Awards 2018 i Frankfurt, hvor dens design og robusthed vakte begejstring. Nu [&hellip;]<\/p>\n","protected":false},"author":8,"featured_media":6429,"comment_status":"open","ping_status":"open","sticky":false,"template":"","format":"standard","meta":{"_acf_changed":false,"footnotes":""},"categories":[51],"tags":[159,160],"class_list":["post-6419","post","type-post","status-publish","format-standard","has-post-thumbnail","hentry","category-lokalt","tag-erhverv","tag-handel"],"acf":[],"yoast_head":"<!-- This site is optimized with the Yoast SEO plugin v26.8 - https:\/\/yoast.com\/product\/yoast-seo-wordpress\/ -->\n<title>Tysk prisvinder bag lokale vicev\u00e6rters nye cykler - Mors<\/title>\n<meta name=\"robots\" content=\"index, follow, max-snippet:-1, max-image-preview:large, max-video-preview:-1\" \/>\n<link rel=\"canonical\" href=\"https:\/\/kunmedierne.dk\/mors\/tysk-prisvinder-bag-lokale-vicevaerters-nye-cykler\/\" \/>\n<meta property=\"og:locale\" content=\"da_DK\" \/>\n<meta property=\"og:type\" content=\"article\" \/>\n<meta property=\"og:title\" content=\"Tysk prisvinder bag lokale vicev\u00e6rters nye cykler - Mors\" \/>\n<meta property=\"og:description\" content=\"NYK\u00d8BING: En god ide i Tyskland har nu f\u00f8rt til l\u00e6kkert udstyr i Nyk\u00f8bing. Syv\u00a0vicev\u00e6rter fra Nyk\u00f8bing Mors Andelsboligforening er kommet godt op at k\u00f8re, efter at de onsdag blev tildelt hver sin Benno Bike. Den opsigtsv\u00e6kkende elcykel vandt en pris ved Bike Awards 2018 i Frankfurt, hvor dens design og robusthed vakte begejstring. Nu [&hellip;]\" \/>\n<meta property=\"og:url\" content=\"https:\/\/kunmedierne.dk\/mors\/tysk-prisvinder-bag-lokale-vicevaerters-nye-cykler\/\" \/>\n<meta property=\"og:site_name\" content=\"Mors\" \/>\n<meta property=\"article:published_time\" content=\"2020-02-07T10:14:45+00:00\" \/>\n<meta property=\"article:modified_time\" content=\"2024-08-12T12:07:41+00:00\" \/>\n<meta property=\"og:image\" content=\"https:\/\/kunmedierne.dk\/mors\/wp-content\/uploads\/2020\/02\/200207-cykler.jpg\" \/>\n\t<meta property=\"og:image:width\" content=\"770\" \/>\n\t<meta property=\"og:image:height\" content=\"513\" \/>\n\t<meta property=\"og:image:type\" content=\"image\/jpeg\" \/>\n<meta name=\"author\" content=\"David H\u00f8jmark\" \/>\n<meta name=\"twitter:card\" content=\"summary_large_image\" \/>\n<meta name=\"twitter:label1\" content=\"Skrevet af\" \/>\n\t<meta name=\"twitter:data1\" content=\"David H\u00f8jmark\" \/>\n\t<meta name=\"twitter:label2\" content=\"Estimeret l\u00e6setid\" \/>\n\t<meta name=\"twitter:data2\" content=\"2 minutter\" \/>\n<script type=\"application\/ld+json\" class=\"yoast-schema-graph\">{\"@context\":\"https:\/\/schema.org\",\"@graph\":[{\"@type\":\"Article\",\"@id\":\"https:\/\/kunmedierne.dk\/mors\/tysk-prisvinder-bag-lokale-vicevaerters-nye-cykler\/#article\",\"isPartOf\":{\"@id\":\"https:\/\/kunmedierne.dk\/mors\/tysk-prisvinder-bag-lokale-vicevaerters-nye-cykler\/\"},\"author\":{\"name\":\"David H\u00f8jmark\",\"@id\":\"https:\/\/kunmedierne.dk\/mors\/#\/schema\/person\/5fe23251bf1d0abbcdc6f7896579d548\"},\"headline\":\"Tysk prisvinder bag lokale vicev\u00e6rters nye cykler\",\"datePublished\":\"2020-02-07T10:14:45+00:00\",\"dateModified\":\"2024-08-12T12:07:41+00:00\",\"mainEntityOfPage\":{\"@id\":\"https:\/\/kunmedierne.dk\/mors\/tysk-prisvinder-bag-lokale-vicevaerters-nye-cykler\/\"},\"wordCount\":494,\"commentCount\":0,\"publisher\":{\"@id\":\"https:\/\/kunmedierne.dk\/mors\/#organization\"},\"image\":{\"@id\":\"https:\/\/kunmedierne.dk\/mors\/tysk-prisvinder-bag-lokale-vicevaerters-nye-cykler\/#primaryimage\"},\"thumbnailUrl\":\"https:\/\/kunmedierne.dk\/mors\/wp-content\/uploads\/2020\/02\/200207-cykler.jpg\",\"keywords\":[\"Erhverv\",\"Handel\"],\"articleSection\":[\"Lokalt\"],\"inLanguage\":\"da-DK\",\"potentialAction\":[{\"@type\":\"CommentAction\",\"name\":\"Comment\",\"target\":[\"https:\/\/kunmedierne.dk\/mors\/tysk-prisvinder-bag-lokale-vicevaerters-nye-cykler\/#respond\"]}]},{\"@type\":\"WebPage\",\"@id\":\"https:\/\/kunmedierne.dk\/mors\/tysk-prisvinder-bag-lokale-vicevaerters-nye-cykler\/\",\"url\":\"https:\/\/kunmedierne.dk\/mors\/tysk-prisvinder-bag-lokale-vicevaerters-nye-cykler\/\",\"name\":\"Tysk prisvinder bag lokale vicev\u00e6rters nye cykler - Mors\",\"isPartOf\":{\"@id\":\"https:\/\/kunmedierne.dk\/mors\/#website\"},\"primaryImageOfPage\":{\"@id\":\"https:\/\/kunmedierne.dk\/mors\/tysk-prisvinder-bag-lokale-vicevaerters-nye-cykler\/#primaryimage\"},\"image\":{\"@id\":\"https:\/\/kunmedierne.dk\/mors\/tysk-prisvinder-bag-lokale-vicevaerters-nye-cykler\/#primaryimage\"},\"thumbnailUrl\":\"https:\/\/kunmedierne.dk\/mors\/wp-content\/uploads\/2020\/02\/200207-cykler.jpg\",\"datePublished\":\"2020-02-07T10:14:45+00:00\",\"dateModified\":\"2024-08-12T12:07:41+00:00\",\"breadcrumb\":{\"@id\":\"https:\/\/kunmedierne.dk\/mors\/tysk-prisvinder-bag-lokale-vicevaerters-nye-cykler\/#breadcrumb\"},\"inLanguage\":\"da-DK\",\"potentialAction\":[{\"@type\":\"ReadAction\",\"target\":[\"https:\/\/kunmedierne.dk\/mors\/tysk-prisvinder-bag-lokale-vicevaerters-nye-cykler\/\"]}]},{\"@type\":\"ImageObject\",\"inLanguage\":\"da-DK\",\"@id\":\"https:\/\/kunmedierne.dk\/mors\/tysk-prisvinder-bag-lokale-vicevaerters-nye-cykler\/#primaryimage\",\"url\":\"https:\/\/kunmedierne.dk\/mors\/wp-content\/uploads\/2020\/02\/200207-cykler.jpg\",\"contentUrl\":\"https:\/\/kunmedierne.dk\/mors\/wp-content\/uploads\/2020\/02\/200207-cykler.jpg\",\"width\":770,\"height\":513,\"caption\":\"Vicev\u00e6rter med Benno Bikes. Foto: Nyk\u00f8bing Mors Andelsboligforening.\"},{\"@type\":\"BreadcrumbList\",\"@id\":\"https:\/\/kunmedierne.dk\/mors\/tysk-prisvinder-bag-lokale-vicevaerters-nye-cykler\/#breadcrumb\",\"itemListElement\":[{\"@type\":\"ListItem\",\"position\":1,\"name\":\"Hjem\",\"item\":\"https:\/\/kunmedierne.dk\/mors\/\"},{\"@type\":\"ListItem\",\"position\":2,\"name\":\"Tysk prisvinder bag lokale vicev\u00e6rters nye cykler\"}]},{\"@type\":\"WebSite\",\"@id\":\"https:\/\/kunmedierne.dk\/mors\/#website\",\"url\":\"https:\/\/kunmedierne.dk\/mors\/\",\"name\":\"Mors\",\"description\":\"et netmedie med journalistik om livet p\u00e5 Mors\",\"publisher\":{\"@id\":\"https:\/\/kunmedierne.dk\/mors\/#organization\"},\"potentialAction\":[{\"@type\":\"SearchAction\",\"target\":{\"@type\":\"EntryPoint\",\"urlTemplate\":\"https:\/\/kunmedierne.dk\/mors\/?s={search_term_string}\"},\"query-input\":{\"@type\":\"PropertyValueSpecification\",\"valueRequired\":true,\"valueName\":\"search_term_string\"}}],\"inLanguage\":\"da-DK\"},{\"@type\":\"Organization\",\"@id\":\"https:\/\/kunmedierne.dk\/mors\/#organization\",\"name\":\"Mors\",\"url\":\"https:\/\/kunmedierne.dk\/mors\/\",\"logo\":{\"@type\":\"ImageObject\",\"inLanguage\":\"da-DK\",\"@id\":\"https:\/\/kunmedierne.dk\/mors\/#\/schema\/logo\/image\/\",\"url\":\"https:\/\/kunmedierne.dk\/mors\/wp-content\/uploads\/2024\/08\/kunmors-logo.svg\",\"contentUrl\":\"https:\/\/kunmedierne.dk\/mors\/wp-content\/uploads\/2024\/08\/kunmors-logo.svg\",\"caption\":\"Mors\"},\"image\":{\"@id\":\"https:\/\/kunmedierne.dk\/mors\/#\/schema\/logo\/image\/\"}},{\"@type\":\"Person\",\"@id\":\"https:\/\/kunmedierne.dk\/mors\/#\/schema\/person\/5fe23251bf1d0abbcdc6f7896579d548\",\"name\":\"David H\u00f8jmark\",\"image\":{\"@type\":\"ImageObject\",\"inLanguage\":\"da-DK\",\"@id\":\"https:\/\/kunmedierne.dk\/mors\/#\/schema\/person\/image\/\",\"url\":\"https:\/\/secure.gravatar.com\/avatar\/4315d6fb9ef244d729989f5f90268eb08d5bf8a3d84402f595fa194bb35784fd?s=96&d=mm&r=g\",\"contentUrl\":\"https:\/\/secure.gravatar.com\/avatar\/4315d6fb9ef244d729989f5f90268eb08d5bf8a3d84402f595fa194bb35784fd?s=96&d=mm&r=g\",\"caption\":\"David H\u00f8jmark\"},\"sameAs\":[\"https:\/\/www.kunmedierne.dk\"],\"url\":\"https:\/\/kunmedierne.dk\/mors\/author\/david\/\"}]}<\/script>\n<!-- \/ Yoast SEO plugin. -->","yoast_head_json":{"title":"Tysk prisvinder bag lokale vicev\u00e6rters nye cykler - Mors","robots":{"index":"index","follow":"follow","max-snippet":"max-snippet:-1","max-image-preview":"max-image-preview:large","max-video-preview":"max-video-preview:-1"},"canonical":"https:\/\/kunmedierne.dk\/mors\/tysk-prisvinder-bag-lokale-vicevaerters-nye-cykler\/","og_locale":"da_DK","og_type":"article","og_title":"Tysk prisvinder bag lokale vicev\u00e6rters nye cykler - Mors","og_description":"NYK\u00d8BING: En god ide i Tyskland har nu f\u00f8rt til l\u00e6kkert udstyr i Nyk\u00f8bing. Syv\u00a0vicev\u00e6rter fra Nyk\u00f8bing Mors Andelsboligforening er kommet godt op at k\u00f8re, efter at de onsdag blev tildelt hver sin Benno Bike. Den opsigtsv\u00e6kkende elcykel vandt en pris ved Bike Awards 2018 i Frankfurt, hvor dens design og robusthed vakte begejstring. Nu [&hellip;]","og_url":"https:\/\/kunmedierne.dk\/mors\/tysk-prisvinder-bag-lokale-vicevaerters-nye-cykler\/","og_site_name":"Mors","article_published_time":"2020-02-07T10:14:45+00:00","article_modified_time":"2024-08-12T12:07:41+00:00","og_image":[{"width":770,"height":513,"url":"https:\/\/kunmedierne.dk\/mors\/wp-content\/uploads\/2020\/02\/200207-cykler.jpg","type":"image\/jpeg"}],"author":"David H\u00f8jmark","twitter_card":"summary_large_image","twitter_misc":{"Skrevet af":"David H\u00f8jmark","Estimeret l\u00e6setid":"2 minutter"},"schema":{"@context":"https:\/\/schema.org","@graph":[{"@type":"Article","@id":"https:\/\/kunmedierne.dk\/mors\/tysk-prisvinder-bag-lokale-vicevaerters-nye-cykler\/#article","isPartOf":{"@id":"https:\/\/kunmedierne.dk\/mors\/tysk-prisvinder-bag-lokale-vicevaerters-nye-cykler\/"},"author":{"name":"David H\u00f8jmark","@id":"https:\/\/kunmedierne.dk\/mors\/#\/schema\/person\/5fe23251bf1d0abbcdc6f7896579d548"},"headline":"Tysk prisvinder bag lokale vicev\u00e6rters nye cykler","datePublished":"2020-02-07T10:14:45+00:00","dateModified":"2024-08-12T12:07:41+00:00","mainEntityOfPage":{"@id":"https:\/\/kunmedierne.dk\/mors\/tysk-prisvinder-bag-lokale-vicevaerters-nye-cykler\/"},"wordCount":494,"commentCount":0,"publisher":{"@id":"https:\/\/kunmedierne.dk\/mors\/#organization"},"image":{"@id":"https:\/\/kunmedierne.dk\/mors\/tysk-prisvinder-bag-lokale-vicevaerters-nye-cykler\/#primaryimage"},"thumbnailUrl":"https:\/\/kunmedierne.dk\/mors\/wp-content\/uploads\/2020\/02\/200207-cykler.jpg","keywords":["Erhverv","Handel"],"articleSection":["Lokalt"],"inLanguage":"da-DK","potentialAction":[{"@type":"CommentAction","name":"Comment","target":["https:\/\/kunmedierne.dk\/mors\/tysk-prisvinder-bag-lokale-vicevaerters-nye-cykler\/#respond"]}]},{"@type":"WebPage","@id":"https:\/\/kunmedierne.dk\/mors\/tysk-prisvinder-bag-lokale-vicevaerters-nye-cykler\/","url":"https:\/\/kunmedierne.dk\/mors\/tysk-prisvinder-bag-lokale-vicevaerters-nye-cykler\/","name":"Tysk prisvinder bag lokale vicev\u00e6rters nye cykler - Mors","isPartOf":{"@id":"https:\/\/kunmedierne.dk\/mors\/#website"},"primaryImageOfPage":{"@id":"https:\/\/kunmedierne.dk\/mors\/tysk-prisvinder-bag-lokale-vicevaerters-nye-cykler\/#primaryimage"},"image":{"@id":"https:\/\/kunmedierne.dk\/mors\/tysk-prisvinder-bag-lokale-vicevaerters-nye-cykler\/#primaryimage"},"thumbnailUrl":"https:\/\/kunmedierne.dk\/mors\/wp-content\/uploads\/2020\/02\/200207-cykler.jpg","datePublished":"2020-02-07T10:14:45+00:00","dateModified":"2024-08-12T12:07:41+00:00","breadcrumb":{"@id":"https:\/\/kunmedierne.dk\/mors\/tysk-prisvinder-bag-lokale-vicevaerters-nye-cykler\/#breadcrumb"},"inLanguage":"da-DK","potentialAction":[{"@type":"ReadAction","target":["https:\/\/kunmedierne.dk\/mors\/tysk-prisvinder-bag-lokale-vicevaerters-nye-cykler\/"]}]},{"@type":"ImageObject","inLanguage":"da-DK","@id":"https:\/\/kunmedierne.dk\/mors\/tysk-prisvinder-bag-lokale-vicevaerters-nye-cykler\/#primaryimage","url":"https:\/\/kunmedierne.dk\/mors\/wp-content\/uploads\/2020\/02\/200207-cykler.jpg","contentUrl":"https:\/\/kunmedierne.dk\/mors\/wp-content\/uploads\/2020\/02\/200207-cykler.jpg","width":770,"height":513,"caption":"Vicev\u00e6rter med Benno Bikes. Foto: Nyk\u00f8bing Mors Andelsboligforening."},{"@type":"BreadcrumbList","@id":"https:\/\/kunmedierne.dk\/mors\/tysk-prisvinder-bag-lokale-vicevaerters-nye-cykler\/#breadcrumb","itemListElement":[{"@type":"ListItem","position":1,"name":"Hjem","item":"https:\/\/kunmedierne.dk\/mors\/"},{"@type":"ListItem","position":2,"name":"Tysk prisvinder bag lokale vicev\u00e6rters nye cykler"}]},{"@type":"WebSite","@id":"https:\/\/kunmedierne.dk\/mors\/#website","url":"https:\/\/kunmedierne.dk\/mors\/","name":"Mors","description":"et netmedie med journalistik om livet p\u00e5 Mors","publisher":{"@id":"https:\/\/kunmedierne.dk\/mors\/#organization"},"potentialAction":[{"@type":"SearchAction","target":{"@type":"EntryPoint","urlTemplate":"https:\/\/kunmedierne.dk\/mors\/?s={search_term_string}"},"query-input":{"@type":"PropertyValueSpecification","valueRequired":true,"valueName":"search_term_string"}}],"inLanguage":"da-DK"},{"@type":"Organization","@id":"https:\/\/kunmedierne.dk\/mors\/#organization","name":"Mors","url":"https:\/\/kunmedierne.dk\/mors\/","logo":{"@type":"ImageObject","inLanguage":"da-DK","@id":"https:\/\/kunmedierne.dk\/mors\/#\/schema\/logo\/image\/","url":"https:\/\/kunmedierne.dk\/mors\/wp-content\/uploads\/2024\/08\/kunmors-logo.svg","contentUrl":"https:\/\/kunmedierne.dk\/mors\/wp-content\/uploads\/2024\/08\/kunmors-logo.svg","caption":"Mors"},"image":{"@id":"https:\/\/kunmedierne.dk\/mors\/#\/schema\/logo\/image\/"}},{"@type":"Person","@id":"https:\/\/kunmedierne.dk\/mors\/#\/schema\/person\/5fe23251bf1d0abbcdc6f7896579d548","name":"David H\u00f8jmark","image":{"@type":"ImageObject","inLanguage":"da-DK","@id":"https:\/\/kunmedierne.dk\/mors\/#\/schema\/person\/image\/","url":"https:\/\/secure.gravatar.com\/avatar\/4315d6fb9ef244d729989f5f90268eb08d5bf8a3d84402f595fa194bb35784fd?s=96&d=mm&r=g","contentUrl":"https:\/\/secure.gravatar.com\/avatar\/4315d6fb9ef244d729989f5f90268eb08d5bf8a3d84402f595fa194bb35784fd?s=96&d=mm&r=g","caption":"David H\u00f8jmark"},"sameAs":["https:\/\/www.kunmedierne.dk"],"url":"https:\/\/kunmedierne.dk\/mors\/author\/david\/"}]}},"_links":{"self":[{"href":"https:\/\/kunmedierne.dk\/mors\/wp-json\/wp\/v2\/posts\/6419","targetHints":{"allow":["GET"]}}],"collection":[{"href":"https:\/\/kunmedierne.dk\/mors\/wp-json\/wp\/v2\/posts"}],"about":[{"href":"https:\/\/kunmedierne.dk\/mors\/wp-json\/wp\/v2\/types\/post"}],"author":[{"embeddable":true,"href":"https:\/\/kunmedierne.dk\/mors\/wp-json\/wp\/v2\/users\/8"}],"replies":[{"embeddable":true,"href":"https:\/\/kunmedierne.dk\/mors\/wp-json\/wp\/v2\/comments?post=6419"}],"version-history":[{"count":1,"href":"https:\/\/kunmedierne.dk\/mors\/wp-json\/wp\/v2\/posts\/6419\/revisions"}],"predecessor-version":[{"id":6430,"href":"https:\/\/kunmedierne.dk\/mors\/wp-json\/wp\/v2\/posts\/6419\/revisions\/6430"}],"wp:featuredmedia":[{"embeddable":true,"href":"https:\/\/kunmedierne.dk\/mors\/wp-json\/wp\/v2\/media\/6429"}],"wp:attachment":[{"href":"https:\/\/kunmedierne.dk\/mors\/wp-json\/wp\/v2\/media?parent=6419"}],"wp:term":[{"taxonomy":"category","embeddable":true,"href":"https:\/\/kunmedierne.dk\/mors\/wp-json\/wp\/v2\/categories?post=6419"},{"taxonomy":"post_tag","embeddable":true,"href":"https:\/\/kunmedierne.dk\/mors\/wp-json\/wp\/v2\/tags?post=6419"}],"curies":[{"name":"wp","href":"https:\/\/api.w.org\/{rel}","templated":true}]}}