{"id":63907,"date":"2022-03-03T05:29:05","date_gmt":"2022-03-03T04:29:05","guid":{"rendered":"https:\/\/kunmedierne.dk\/mors\/?p=63907"},"modified":"2024-08-12T13:34:38","modified_gmt":"2024-08-12T11:34:38","slug":"babycafe-paa-biblioteket","status":"publish","type":"post","link":"https:\/\/kunmedierne.dk\/mors\/babycafe-paa-biblioteket\/","title":{"rendered":"Babycaf\u00e9 p\u00e5 biblioteket"},"content":{"rendered":"<p><b>NYK\u00d8BING: <\/b><span style=\"font-weight: 400;\">Det er med et smil p\u00e5 l\u00e6ben, n\u00e5r sundhedsplejerskerne og Mors\u00f8 Folkebibliotek igen inviterer til babycaf\u00e9er i 2022.<\/span><\/p>\n<p><span style=\"font-weight: 400;\">Til babycaf\u00e9-arrangementet har man som for\u00e6ldre mulighed for at l\u00e6re andre for\u00e6ldre at kende og udveksle viden, ideer og oplevelser fra dagligdagen med barn.\u00a0<\/span><\/p>\n<p><span style=\"font-weight: 400;\">\u201cB\u00f8rnene kan ogs\u00e5 godt lide at komme ud og m\u00f8de en ny verden og andre sm\u00e5 mennesker som dem selv,\u201d skriver Mors\u00f8 Folkebibliotek i en pressemeddelelse og forts\u00e6tter:<\/span><\/p>\n<div class=\"ewa-rteLine\"><a class=\"dvrt-link\" onClick=\"cdmtrack_click(104787,jQuery(this));return false\" href=\"https:\/\/www.jyskebank.dk\/kontakt\/afdelingsinfo?departmentid=11890\"><img decoding=\"async\" style=\"width:100%;\" src=\"https:\/\/kunmedierne.dk\/mors\/wp-content\/uploads\/2023\/10\/260325JyskeBankMorsNy-1.jpg\"><\/a><script>cdmtrack_view(104787);<\/script><\/div>\n<p><span style=\"font-weight: 400;\">\u201cCaf\u00e9erne afholdes i b\u00f8rnebiblioteket p\u00e5 Mors\u00f8 Folkebibliotek, og der vil som sagt v\u00e6re en sundhedsplejerske til stede ved arrangementet, hvor der kan v\u00e6re forskellige sundhedsp\u00e6dagogiske emner p\u00e5 tale.\u201d<\/span><\/p>\n<p><span style=\"font-weight: 400;\">Arrangementet beskrives som et tilbud til familier med b\u00f8rn i alderen 0-1 \u00e5r. Det er dertil uforpligtende og ment som et supplement til sundhedsplejens hjemmebes\u00f8g, hvor der ogs\u00e5 vil v\u00e6re mulighed for en individuel snak med sundhedsplejersken.<\/span><\/p>\n<div class=\"ewa-rteLine\"><a class=\"dvrt-link\" onClick=\"cdmtrack_click(147315,jQuery(this));return false\" href=\"https:\/\/sdrhaa.dk\/\"><img decoding=\"async\" style=\"width:100%;\" src=\"https:\/\/kunmedierne.dk\/mors\/wp-content\/uploads\/2025\/05\/260302Sdr-HaaDin-gebyrvenlige-sparekasse_mors-002.gif\"><\/a><script>cdmtrack_view(147315);<\/script><\/div>\n<p><span style=\"font-weight: 400;\">\u201cDu er velkommen til at komme sammen med dit barn, og du beh\u00f8ver ikke at tilmelde dig forinden. Der er vand, kaffe og te p\u00e5 kanden, og vi har en mikroovn, hvis du skal have varmet m\u00e6lken,\u201d skriver Mors\u00f8 Folkebibliotek afslutningsvis.\u00a0<\/span><\/p>\n<p><span style=\"font-weight: 400;\">Caf\u00e9en afholdes den f\u00f8rste torsdag i hver m\u00e5ned fra klokken 10.00 til 12.00, hvor caf\u00e9en alts\u00e5 holder sommerferielukket efter torsdag 2. juni klokken 12.00.<\/span><\/p>\n<blockquote>\n<h5>HUSK: Du kan vinde et slotsophold for to i Prag, hvis du tilmelder dig KunMors-avisen nederst p\u00e5 siden. Den er gratis og udkommer hver dag \u00e5ret rundt. L\u00e6s mere\u00a0<a href=\"https:\/\/kunmedierne.dk\/mors\/vind-denne-flotte-praemie-slotsophold-for-to-i-prag\/\" target=\"_blank\" rel=\"noopener\">her<\/a>.<\/h5>\n<\/blockquote>\n<p>&nbsp;<\/p>\n","protected":false},"excerpt":{"rendered":"<p>NYK\u00d8BING: Det er med et smil p\u00e5 l\u00e6ben, n\u00e5r sundhedsplejerskerne og Mors\u00f8 Folkebibliotek igen inviterer til babycaf\u00e9er i 2022. Til babycaf\u00e9-arrangementet har man som for\u00e6ldre mulighed for at l\u00e6re andre for\u00e6ldre at kende og udveksle viden, ideer og oplevelser fra dagligdagen med barn.\u00a0 \u201cB\u00f8rnene kan ogs\u00e5 godt lide at komme ud og m\u00f8de en ny [&hellip;]<\/p>\n","protected":false},"author":2076,"featured_media":63910,"comment_status":"open","ping_status":"open","sticky":false,"template":"","format":"standard","meta":{"_acf_changed":false,"footnotes":""},"categories":[49],"tags":[196],"class_list":["post-63907","post","type-post","status-publish","format-standard","has-post-thumbnail","hentry","category-kultur","tag-foreningsliv"],"acf":[],"yoast_head":"<!-- This site is optimized with the Yoast SEO plugin v26.8 - https:\/\/yoast.com\/product\/yoast-seo-wordpress\/ -->\n<title>Babycaf\u00e9 p\u00e5 biblioteket - Mors<\/title>\n<meta name=\"robots\" content=\"index, follow, max-snippet:-1, max-image-preview:large, max-video-preview:-1\" \/>\n<link rel=\"canonical\" href=\"https:\/\/kunmedierne.dk\/mors\/babycafe-paa-biblioteket\/\" \/>\n<meta property=\"og:locale\" content=\"da_DK\" \/>\n<meta property=\"og:type\" content=\"article\" \/>\n<meta property=\"og:title\" content=\"Babycaf\u00e9 p\u00e5 biblioteket - Mors\" \/>\n<meta property=\"og:description\" content=\"NYK\u00d8BING: Det er med et smil p\u00e5 l\u00e6ben, n\u00e5r sundhedsplejerskerne og Mors\u00f8 Folkebibliotek igen inviterer til babycaf\u00e9er i 2022. Til babycaf\u00e9-arrangementet har man som for\u00e6ldre mulighed for at l\u00e6re andre for\u00e6ldre at kende og udveksle viden, ideer og oplevelser fra dagligdagen med barn.\u00a0 \u201cB\u00f8rnene kan ogs\u00e5 godt lide at komme ud og m\u00f8de en ny [&hellip;]\" \/>\n<meta property=\"og:url\" content=\"https:\/\/kunmedierne.dk\/mors\/babycafe-paa-biblioteket\/\" \/>\n<meta property=\"og:site_name\" content=\"Mors\" \/>\n<meta property=\"article:published_time\" content=\"2022-03-03T04:29:05+00:00\" \/>\n<meta property=\"article:modified_time\" content=\"2024-08-12T11:34:38+00:00\" \/>\n<meta property=\"og:image\" content=\"https:\/\/kunmedierne.dk\/mors\/wp-content\/uploads\/2022\/02\/Baby2022.jpg\" \/>\n\t<meta property=\"og:image:width\" content=\"1025\" \/>\n\t<meta property=\"og:image:height\" content=\"820\" \/>\n\t<meta property=\"og:image:type\" content=\"image\/jpeg\" \/>\n<meta name=\"author\" content=\"Alen Durakovic\" \/>\n<meta name=\"twitter:card\" content=\"summary_large_image\" \/>\n<meta name=\"twitter:label1\" content=\"Skrevet af\" \/>\n\t<meta name=\"twitter:data1\" content=\"Alen Durakovic\" \/>\n\t<meta name=\"twitter:label2\" content=\"Estimeret l\u00e6setid\" \/>\n\t<meta name=\"twitter:data2\" content=\"2 minutter\" \/>\n<script type=\"application\/ld+json\" class=\"yoast-schema-graph\">{\"@context\":\"https:\/\/schema.org\",\"@graph\":[{\"@type\":\"Article\",\"@id\":\"https:\/\/kunmedierne.dk\/mors\/babycafe-paa-biblioteket\/#article\",\"isPartOf\":{\"@id\":\"https:\/\/kunmedierne.dk\/mors\/babycafe-paa-biblioteket\/\"},\"author\":{\"name\":\"Alen Durakovic\",\"@id\":\"https:\/\/kunmedierne.dk\/mors\/#\/schema\/person\/227d8cf5702b0b374e260da71394f51a\"},\"headline\":\"Babycaf\u00e9 p\u00e5 biblioteket\",\"datePublished\":\"2022-03-03T04:29:05+00:00\",\"dateModified\":\"2024-08-12T11:34:38+00:00\",\"mainEntityOfPage\":{\"@id\":\"https:\/\/kunmedierne.dk\/mors\/babycafe-paa-biblioteket\/\"},\"wordCount\":260,\"commentCount\":0,\"publisher\":{\"@id\":\"https:\/\/kunmedierne.dk\/mors\/#organization\"},\"image\":{\"@id\":\"https:\/\/kunmedierne.dk\/mors\/babycafe-paa-biblioteket\/#primaryimage\"},\"thumbnailUrl\":\"https:\/\/kunmedierne.dk\/mors\/wp-content\/uploads\/2022\/02\/Baby2022.jpg\",\"keywords\":[\"Foreningsliv\"],\"articleSection\":[\"Kultur\"],\"inLanguage\":\"da-DK\",\"potentialAction\":[{\"@type\":\"CommentAction\",\"name\":\"Comment\",\"target\":[\"https:\/\/kunmedierne.dk\/mors\/babycafe-paa-biblioteket\/#respond\"]}]},{\"@type\":\"WebPage\",\"@id\":\"https:\/\/kunmedierne.dk\/mors\/babycafe-paa-biblioteket\/\",\"url\":\"https:\/\/kunmedierne.dk\/mors\/babycafe-paa-biblioteket\/\",\"name\":\"Babycaf\u00e9 p\u00e5 biblioteket - Mors\",\"isPartOf\":{\"@id\":\"https:\/\/kunmedierne.dk\/mors\/#website\"},\"primaryImageOfPage\":{\"@id\":\"https:\/\/kunmedierne.dk\/mors\/babycafe-paa-biblioteket\/#primaryimage\"},\"image\":{\"@id\":\"https:\/\/kunmedierne.dk\/mors\/babycafe-paa-biblioteket\/#primaryimage\"},\"thumbnailUrl\":\"https:\/\/kunmedierne.dk\/mors\/wp-content\/uploads\/2022\/02\/Baby2022.jpg\",\"datePublished\":\"2022-03-03T04:29:05+00:00\",\"dateModified\":\"2024-08-12T11:34:38+00:00\",\"breadcrumb\":{\"@id\":\"https:\/\/kunmedierne.dk\/mors\/babycafe-paa-biblioteket\/#breadcrumb\"},\"inLanguage\":\"da-DK\",\"potentialAction\":[{\"@type\":\"ReadAction\",\"target\":[\"https:\/\/kunmedierne.dk\/mors\/babycafe-paa-biblioteket\/\"]}]},{\"@type\":\"ImageObject\",\"inLanguage\":\"da-DK\",\"@id\":\"https:\/\/kunmedierne.dk\/mors\/babycafe-paa-biblioteket\/#primaryimage\",\"url\":\"https:\/\/kunmedierne.dk\/mors\/wp-content\/uploads\/2022\/02\/Baby2022.jpg\",\"contentUrl\":\"https:\/\/kunmedierne.dk\/mors\/wp-content\/uploads\/2022\/02\/Baby2022.jpg\",\"width\":1025,\"height\":820,\"caption\":\"Babycaf\u00e9 f\u00f8rste torsdag i hver m\u00e5ned fra klokken 10.00 til 12.00. Foto: Privatfoto.\"},{\"@type\":\"BreadcrumbList\",\"@id\":\"https:\/\/kunmedierne.dk\/mors\/babycafe-paa-biblioteket\/#breadcrumb\",\"itemListElement\":[{\"@type\":\"ListItem\",\"position\":1,\"name\":\"Hjem\",\"item\":\"https:\/\/kunmedierne.dk\/mors\/\"},{\"@type\":\"ListItem\",\"position\":2,\"name\":\"Babycaf\u00e9 p\u00e5 biblioteket\"}]},{\"@type\":\"WebSite\",\"@id\":\"https:\/\/kunmedierne.dk\/mors\/#website\",\"url\":\"https:\/\/kunmedierne.dk\/mors\/\",\"name\":\"Mors\",\"description\":\"et netmedie med journalistik om livet p\u00e5 Mors\",\"publisher\":{\"@id\":\"https:\/\/kunmedierne.dk\/mors\/#organization\"},\"potentialAction\":[{\"@type\":\"SearchAction\",\"target\":{\"@type\":\"EntryPoint\",\"urlTemplate\":\"https:\/\/kunmedierne.dk\/mors\/?s={search_term_string}\"},\"query-input\":{\"@type\":\"PropertyValueSpecification\",\"valueRequired\":true,\"valueName\":\"search_term_string\"}}],\"inLanguage\":\"da-DK\"},{\"@type\":\"Organization\",\"@id\":\"https:\/\/kunmedierne.dk\/mors\/#organization\",\"name\":\"Mors\",\"url\":\"https:\/\/kunmedierne.dk\/mors\/\",\"logo\":{\"@type\":\"ImageObject\",\"inLanguage\":\"da-DK\",\"@id\":\"https:\/\/kunmedierne.dk\/mors\/#\/schema\/logo\/image\/\",\"url\":\"https:\/\/kunmedierne.dk\/mors\/wp-content\/uploads\/2024\/08\/kunmors-logo.svg\",\"contentUrl\":\"https:\/\/kunmedierne.dk\/mors\/wp-content\/uploads\/2024\/08\/kunmors-logo.svg\",\"caption\":\"Mors\"},\"image\":{\"@id\":\"https:\/\/kunmedierne.dk\/mors\/#\/schema\/logo\/image\/\"}},{\"@type\":\"Person\",\"@id\":\"https:\/\/kunmedierne.dk\/mors\/#\/schema\/person\/227d8cf5702b0b374e260da71394f51a\",\"name\":\"Alen Durakovic\",\"image\":{\"@type\":\"ImageObject\",\"inLanguage\":\"da-DK\",\"@id\":\"https:\/\/kunmedierne.dk\/mors\/#\/schema\/person\/image\/\",\"url\":\"https:\/\/secure.gravatar.com\/avatar\/9ee922eb32af8e241a9877f74ada84885bb981b823987c36689731f2de72da9b?s=96&d=mm&r=g\",\"contentUrl\":\"https:\/\/secure.gravatar.com\/avatar\/9ee922eb32af8e241a9877f74ada84885bb981b823987c36689731f2de72da9b?s=96&d=mm&r=g\",\"caption\":\"Alen Durakovic\"},\"url\":\"https:\/\/kunmedierne.dk\/mors\/author\/alen-durakovic\/\"}]}<\/script>\n<!-- \/ Yoast SEO plugin. -->","yoast_head_json":{"title":"Babycaf\u00e9 p\u00e5 biblioteket - Mors","robots":{"index":"index","follow":"follow","max-snippet":"max-snippet:-1","max-image-preview":"max-image-preview:large","max-video-preview":"max-video-preview:-1"},"canonical":"https:\/\/kunmedierne.dk\/mors\/babycafe-paa-biblioteket\/","og_locale":"da_DK","og_type":"article","og_title":"Babycaf\u00e9 p\u00e5 biblioteket - Mors","og_description":"NYK\u00d8BING: Det er med et smil p\u00e5 l\u00e6ben, n\u00e5r sundhedsplejerskerne og Mors\u00f8 Folkebibliotek igen inviterer til babycaf\u00e9er i 2022. Til babycaf\u00e9-arrangementet har man som for\u00e6ldre mulighed for at l\u00e6re andre for\u00e6ldre at kende og udveksle viden, ideer og oplevelser fra dagligdagen med barn.\u00a0 \u201cB\u00f8rnene kan ogs\u00e5 godt lide at komme ud og m\u00f8de en ny [&hellip;]","og_url":"https:\/\/kunmedierne.dk\/mors\/babycafe-paa-biblioteket\/","og_site_name":"Mors","article_published_time":"2022-03-03T04:29:05+00:00","article_modified_time":"2024-08-12T11:34:38+00:00","og_image":[{"width":1025,"height":820,"url":"https:\/\/kunmedierne.dk\/mors\/wp-content\/uploads\/2022\/02\/Baby2022.jpg","type":"image\/jpeg"}],"author":"Alen Durakovic","twitter_card":"summary_large_image","twitter_misc":{"Skrevet af":"Alen Durakovic","Estimeret l\u00e6setid":"2 minutter"},"schema":{"@context":"https:\/\/schema.org","@graph":[{"@type":"Article","@id":"https:\/\/kunmedierne.dk\/mors\/babycafe-paa-biblioteket\/#article","isPartOf":{"@id":"https:\/\/kunmedierne.dk\/mors\/babycafe-paa-biblioteket\/"},"author":{"name":"Alen Durakovic","@id":"https:\/\/kunmedierne.dk\/mors\/#\/schema\/person\/227d8cf5702b0b374e260da71394f51a"},"headline":"Babycaf\u00e9 p\u00e5 biblioteket","datePublished":"2022-03-03T04:29:05+00:00","dateModified":"2024-08-12T11:34:38+00:00","mainEntityOfPage":{"@id":"https:\/\/kunmedierne.dk\/mors\/babycafe-paa-biblioteket\/"},"wordCount":260,"commentCount":0,"publisher":{"@id":"https:\/\/kunmedierne.dk\/mors\/#organization"},"image":{"@id":"https:\/\/kunmedierne.dk\/mors\/babycafe-paa-biblioteket\/#primaryimage"},"thumbnailUrl":"https:\/\/kunmedierne.dk\/mors\/wp-content\/uploads\/2022\/02\/Baby2022.jpg","keywords":["Foreningsliv"],"articleSection":["Kultur"],"inLanguage":"da-DK","potentialAction":[{"@type":"CommentAction","name":"Comment","target":["https:\/\/kunmedierne.dk\/mors\/babycafe-paa-biblioteket\/#respond"]}]},{"@type":"WebPage","@id":"https:\/\/kunmedierne.dk\/mors\/babycafe-paa-biblioteket\/","url":"https:\/\/kunmedierne.dk\/mors\/babycafe-paa-biblioteket\/","name":"Babycaf\u00e9 p\u00e5 biblioteket - Mors","isPartOf":{"@id":"https:\/\/kunmedierne.dk\/mors\/#website"},"primaryImageOfPage":{"@id":"https:\/\/kunmedierne.dk\/mors\/babycafe-paa-biblioteket\/#primaryimage"},"image":{"@id":"https:\/\/kunmedierne.dk\/mors\/babycafe-paa-biblioteket\/#primaryimage"},"thumbnailUrl":"https:\/\/kunmedierne.dk\/mors\/wp-content\/uploads\/2022\/02\/Baby2022.jpg","datePublished":"2022-03-03T04:29:05+00:00","dateModified":"2024-08-12T11:34:38+00:00","breadcrumb":{"@id":"https:\/\/kunmedierne.dk\/mors\/babycafe-paa-biblioteket\/#breadcrumb"},"inLanguage":"da-DK","potentialAction":[{"@type":"ReadAction","target":["https:\/\/kunmedierne.dk\/mors\/babycafe-paa-biblioteket\/"]}]},{"@type":"ImageObject","inLanguage":"da-DK","@id":"https:\/\/kunmedierne.dk\/mors\/babycafe-paa-biblioteket\/#primaryimage","url":"https:\/\/kunmedierne.dk\/mors\/wp-content\/uploads\/2022\/02\/Baby2022.jpg","contentUrl":"https:\/\/kunmedierne.dk\/mors\/wp-content\/uploads\/2022\/02\/Baby2022.jpg","width":1025,"height":820,"caption":"Babycaf\u00e9 f\u00f8rste torsdag i hver m\u00e5ned fra klokken 10.00 til 12.00. Foto: Privatfoto."},{"@type":"BreadcrumbList","@id":"https:\/\/kunmedierne.dk\/mors\/babycafe-paa-biblioteket\/#breadcrumb","itemListElement":[{"@type":"ListItem","position":1,"name":"Hjem","item":"https:\/\/kunmedierne.dk\/mors\/"},{"@type":"ListItem","position":2,"name":"Babycaf\u00e9 p\u00e5 biblioteket"}]},{"@type":"WebSite","@id":"https:\/\/kunmedierne.dk\/mors\/#website","url":"https:\/\/kunmedierne.dk\/mors\/","name":"Mors","description":"et netmedie med journalistik om livet p\u00e5 Mors","publisher":{"@id":"https:\/\/kunmedierne.dk\/mors\/#organization"},"potentialAction":[{"@type":"SearchAction","target":{"@type":"EntryPoint","urlTemplate":"https:\/\/kunmedierne.dk\/mors\/?s={search_term_string}"},"query-input":{"@type":"PropertyValueSpecification","valueRequired":true,"valueName":"search_term_string"}}],"inLanguage":"da-DK"},{"@type":"Organization","@id":"https:\/\/kunmedierne.dk\/mors\/#organization","name":"Mors","url":"https:\/\/kunmedierne.dk\/mors\/","logo":{"@type":"ImageObject","inLanguage":"da-DK","@id":"https:\/\/kunmedierne.dk\/mors\/#\/schema\/logo\/image\/","url":"https:\/\/kunmedierne.dk\/mors\/wp-content\/uploads\/2024\/08\/kunmors-logo.svg","contentUrl":"https:\/\/kunmedierne.dk\/mors\/wp-content\/uploads\/2024\/08\/kunmors-logo.svg","caption":"Mors"},"image":{"@id":"https:\/\/kunmedierne.dk\/mors\/#\/schema\/logo\/image\/"}},{"@type":"Person","@id":"https:\/\/kunmedierne.dk\/mors\/#\/schema\/person\/227d8cf5702b0b374e260da71394f51a","name":"Alen Durakovic","image":{"@type":"ImageObject","inLanguage":"da-DK","@id":"https:\/\/kunmedierne.dk\/mors\/#\/schema\/person\/image\/","url":"https:\/\/secure.gravatar.com\/avatar\/9ee922eb32af8e241a9877f74ada84885bb981b823987c36689731f2de72da9b?s=96&d=mm&r=g","contentUrl":"https:\/\/secure.gravatar.com\/avatar\/9ee922eb32af8e241a9877f74ada84885bb981b823987c36689731f2de72da9b?s=96&d=mm&r=g","caption":"Alen Durakovic"},"url":"https:\/\/kunmedierne.dk\/mors\/author\/alen-durakovic\/"}]}},"_links":{"self":[{"href":"https:\/\/kunmedierne.dk\/mors\/wp-json\/wp\/v2\/posts\/63907","targetHints":{"allow":["GET"]}}],"collection":[{"href":"https:\/\/kunmedierne.dk\/mors\/wp-json\/wp\/v2\/posts"}],"about":[{"href":"https:\/\/kunmedierne.dk\/mors\/wp-json\/wp\/v2\/types\/post"}],"author":[{"embeddable":true,"href":"https:\/\/kunmedierne.dk\/mors\/wp-json\/wp\/v2\/users\/2076"}],"replies":[{"embeddable":true,"href":"https:\/\/kunmedierne.dk\/mors\/wp-json\/wp\/v2\/comments?post=63907"}],"version-history":[{"count":4,"href":"https:\/\/kunmedierne.dk\/mors\/wp-json\/wp\/v2\/posts\/63907\/revisions"}],"predecessor-version":[{"id":64229,"href":"https:\/\/kunmedierne.dk\/mors\/wp-json\/wp\/v2\/posts\/63907\/revisions\/64229"}],"wp:featuredmedia":[{"embeddable":true,"href":"https:\/\/kunmedierne.dk\/mors\/wp-json\/wp\/v2\/media\/63910"}],"wp:attachment":[{"href":"https:\/\/kunmedierne.dk\/mors\/wp-json\/wp\/v2\/media?parent=63907"}],"wp:term":[{"taxonomy":"category","embeddable":true,"href":"https:\/\/kunmedierne.dk\/mors\/wp-json\/wp\/v2\/categories?post=63907"},{"taxonomy":"post_tag","embeddable":true,"href":"https:\/\/kunmedierne.dk\/mors\/wp-json\/wp\/v2\/tags?post=63907"}],"curies":[{"name":"wp","href":"https:\/\/api.w.org\/{rel}","templated":true}]}}