{"id":6292,"date":"2020-02-06T18:05:38","date_gmt":"2020-02-06T17:05:38","guid":{"rendered":"https:\/\/kunmedierne.dk\/mors\/?p=6292"},"modified":"2024-08-12T14:07:41","modified_gmt":"2024-08-12T12:07:41","slug":"tiltalt-for-voldsom-vold-mod-samlever","status":"publish","type":"post","link":"https:\/\/kunmedierne.dk\/mors\/tiltalt-for-voldsom-vold-mod-samlever\/","title":{"rendered":"Tiltalt for voldsom vold mod samlever"},"content":{"rendered":"<p><strong>NYK\u00d8BING<\/strong>:\u00a0En retssag om grov vold en aften i november i Nyk\u00f8bing endte i byretten i Holstebro med en dom efter den lidt mildere voldsparagraf. Ogs\u00e5 selv om den 43-\u00e5rige mand havde sl\u00e5et sin kvindelige samlevers hoved ned i fortovet flere gange.<\/p>\n<p>Det kunne efter dommernes vurdering ikke helt bevises, at den 43-\u00e5rige bevidst havde v\u00e6ltet kvinden om p\u00e5 fortovet, da det ogs\u00e5 var muligt, at de begge i fuldskab var faldet om. Men der var bevis for, at de havde sk\u00e6ndtes i lejligheden og at manden der havde presset sin arm mod hendes hals.<\/p>\n<p>Sk\u00e6nderiet var optaget p\u00e5 en mobiltelefon og kvindens hals havde tydelige bl\u00e5 m\u00e6rker. Og s\u00e5 var skaderne efter slagen mod fortovet ogs\u00e5 tydelige if\u00f8lge l\u00e6geattesten.<\/p>\n<p>Faldet bet\u00f8d, at kvinden havde br\u00e6kket et ben, og da den 43-\u00e5rige blev frifundet for den del af anklagerne, blev straffen udm\u00e5lt efter den \u201dmilde\u201d voldsparagraf og endte med 60 dages f\u00e6ngsel, som dog blev gjort betinget af et \u00e5r uden lignende kriminalitet, derudover tilsyn og behandling mod alkoholmisbrug og hvis Kriminalforsorgen vurderer det ogs\u00e5 behandling mod andre former for misbrug og eventuelt psykiatrisk behandling.<\/p>\n<p>&nbsp;<\/p>\n","protected":false},"excerpt":{"rendered":"<p>NYK\u00d8BING:\u00a0En retssag om grov vold en aften i november i Nyk\u00f8bing endte i byretten i Holstebro med en dom efter den lidt mildere voldsparagraf. Ogs\u00e5 selv om den 43-\u00e5rige mand havde sl\u00e5et sin kvindelige samlevers hoved ned i fortovet flere gange. Det kunne efter dommernes vurdering ikke helt bevises, at den 43-\u00e5rige bevidst havde v\u00e6ltet [&hellip;]<\/p>\n","protected":false},"author":176,"featured_media":3315,"comment_status":"closed","ping_status":"closed","sticky":false,"template":"","format":"standard","meta":{"_acf_changed":false,"footnotes":""},"categories":[54,51],"tags":[],"class_list":["post-6292","post","type-post","status-publish","format-standard","has-post-thumbnail","hentry","category-54","category-lokalt"],"acf":[],"yoast_head":"<!-- This site is optimized with the Yoast SEO plugin v26.8 - https:\/\/yoast.com\/product\/yoast-seo-wordpress\/ -->\n<title>Tiltalt for voldsom vold mod samlever - Mors<\/title>\n<meta name=\"robots\" content=\"index, follow, max-snippet:-1, max-image-preview:large, max-video-preview:-1\" \/>\n<link rel=\"canonical\" href=\"https:\/\/kunmedierne.dk\/mors\/tiltalt-for-voldsom-vold-mod-samlever\/\" \/>\n<meta property=\"og:locale\" content=\"da_DK\" \/>\n<meta property=\"og:type\" content=\"article\" \/>\n<meta property=\"og:title\" content=\"Tiltalt for voldsom vold mod samlever - Mors\" \/>\n<meta property=\"og:description\" content=\"NYK\u00d8BING:\u00a0En retssag om grov vold en aften i november i Nyk\u00f8bing endte i byretten i Holstebro med en dom efter den lidt mildere voldsparagraf. Ogs\u00e5 selv om den 43-\u00e5rige mand havde sl\u00e5et sin kvindelige samlevers hoved ned i fortovet flere gange. Det kunne efter dommernes vurdering ikke helt bevises, at den 43-\u00e5rige bevidst havde v\u00e6ltet [&hellip;]\" \/>\n<meta property=\"og:url\" content=\"https:\/\/kunmedierne.dk\/mors\/tiltalt-for-voldsom-vold-mod-samlever\/\" \/>\n<meta property=\"og:site_name\" content=\"Mors\" \/>\n<meta property=\"article:published_time\" content=\"2020-02-06T17:05:38+00:00\" \/>\n<meta property=\"article:modified_time\" content=\"2024-08-12T12:07:41+00:00\" \/>\n<meta property=\"og:image\" content=\"https:\/\/kunmedierne.dk\/mors\/wp-content\/uploads\/2020\/01\/politi-bl\u00e5-blink.jpg\" \/>\n\t<meta property=\"og:image:width\" content=\"770\" \/>\n\t<meta property=\"og:image:height\" content=\"513\" \/>\n\t<meta property=\"og:image:type\" content=\"image\/jpeg\" \/>\n<meta name=\"author\" content=\"Niels Hansen\" \/>\n<meta name=\"twitter:card\" content=\"summary_large_image\" \/>\n<meta name=\"twitter:label1\" content=\"Skrevet af\" \/>\n\t<meta name=\"twitter:data1\" content=\"Niels Hansen\" \/>\n\t<meta name=\"twitter:label2\" content=\"Estimeret l\u00e6setid\" \/>\n\t<meta name=\"twitter:data2\" content=\"1 minut\" \/>\n<script type=\"application\/ld+json\" class=\"yoast-schema-graph\">{\"@context\":\"https:\/\/schema.org\",\"@graph\":[{\"@type\":\"Article\",\"@id\":\"https:\/\/kunmedierne.dk\/mors\/tiltalt-for-voldsom-vold-mod-samlever\/#article\",\"isPartOf\":{\"@id\":\"https:\/\/kunmedierne.dk\/mors\/tiltalt-for-voldsom-vold-mod-samlever\/\"},\"author\":{\"name\":\"Niels Hansen\",\"@id\":\"https:\/\/kunmedierne.dk\/mors\/#\/schema\/person\/09cc14cd371d523a3528ea9c4fda5254\"},\"headline\":\"Tiltalt for voldsom vold mod samlever\",\"datePublished\":\"2020-02-06T17:05:38+00:00\",\"dateModified\":\"2024-08-12T12:07:41+00:00\",\"mainEntityOfPage\":{\"@id\":\"https:\/\/kunmedierne.dk\/mors\/tiltalt-for-voldsom-vold-mod-samlever\/\"},\"wordCount\":207,\"publisher\":{\"@id\":\"https:\/\/kunmedierne.dk\/mors\/#organization\"},\"image\":{\"@id\":\"https:\/\/kunmedierne.dk\/mors\/tiltalt-for-voldsom-vold-mod-samlever\/#primaryimage\"},\"thumbnailUrl\":\"https:\/\/kunmedierne.dk\/mors\/wp-content\/uploads\/2020\/01\/politi-bl\u00e5-blink.jpg\",\"articleSection\":[\"112\",\"Lokalt\"],\"inLanguage\":\"da-DK\"},{\"@type\":\"WebPage\",\"@id\":\"https:\/\/kunmedierne.dk\/mors\/tiltalt-for-voldsom-vold-mod-samlever\/\",\"url\":\"https:\/\/kunmedierne.dk\/mors\/tiltalt-for-voldsom-vold-mod-samlever\/\",\"name\":\"Tiltalt for voldsom vold mod samlever - Mors\",\"isPartOf\":{\"@id\":\"https:\/\/kunmedierne.dk\/mors\/#website\"},\"primaryImageOfPage\":{\"@id\":\"https:\/\/kunmedierne.dk\/mors\/tiltalt-for-voldsom-vold-mod-samlever\/#primaryimage\"},\"image\":{\"@id\":\"https:\/\/kunmedierne.dk\/mors\/tiltalt-for-voldsom-vold-mod-samlever\/#primaryimage\"},\"thumbnailUrl\":\"https:\/\/kunmedierne.dk\/mors\/wp-content\/uploads\/2020\/01\/politi-bl\u00e5-blink.jpg\",\"datePublished\":\"2020-02-06T17:05:38+00:00\",\"dateModified\":\"2024-08-12T12:07:41+00:00\",\"breadcrumb\":{\"@id\":\"https:\/\/kunmedierne.dk\/mors\/tiltalt-for-voldsom-vold-mod-samlever\/#breadcrumb\"},\"inLanguage\":\"da-DK\",\"potentialAction\":[{\"@type\":\"ReadAction\",\"target\":[\"https:\/\/kunmedierne.dk\/mors\/tiltalt-for-voldsom-vold-mod-samlever\/\"]}]},{\"@type\":\"ImageObject\",\"inLanguage\":\"da-DK\",\"@id\":\"https:\/\/kunmedierne.dk\/mors\/tiltalt-for-voldsom-vold-mod-samlever\/#primaryimage\",\"url\":\"https:\/\/kunmedierne.dk\/mors\/wp-content\/uploads\/2020\/01\/politi-bl\u00e5-blink.jpg\",\"contentUrl\":\"https:\/\/kunmedierne.dk\/mors\/wp-content\/uploads\/2020\/01\/politi-bl\u00e5-blink.jpg\",\"width\":770,\"height\":513,\"caption\":\"Modelfoto: Rigspolitiet\"},{\"@type\":\"BreadcrumbList\",\"@id\":\"https:\/\/kunmedierne.dk\/mors\/tiltalt-for-voldsom-vold-mod-samlever\/#breadcrumb\",\"itemListElement\":[{\"@type\":\"ListItem\",\"position\":1,\"name\":\"Hjem\",\"item\":\"https:\/\/kunmedierne.dk\/mors\/\"},{\"@type\":\"ListItem\",\"position\":2,\"name\":\"Tiltalt for voldsom vold mod samlever\"}]},{\"@type\":\"WebSite\",\"@id\":\"https:\/\/kunmedierne.dk\/mors\/#website\",\"url\":\"https:\/\/kunmedierne.dk\/mors\/\",\"name\":\"Mors\",\"description\":\"et netmedie med journalistik om livet p\u00e5 Mors\",\"publisher\":{\"@id\":\"https:\/\/kunmedierne.dk\/mors\/#organization\"},\"potentialAction\":[{\"@type\":\"SearchAction\",\"target\":{\"@type\":\"EntryPoint\",\"urlTemplate\":\"https:\/\/kunmedierne.dk\/mors\/?s={search_term_string}\"},\"query-input\":{\"@type\":\"PropertyValueSpecification\",\"valueRequired\":true,\"valueName\":\"search_term_string\"}}],\"inLanguage\":\"da-DK\"},{\"@type\":\"Organization\",\"@id\":\"https:\/\/kunmedierne.dk\/mors\/#organization\",\"name\":\"Mors\",\"url\":\"https:\/\/kunmedierne.dk\/mors\/\",\"logo\":{\"@type\":\"ImageObject\",\"inLanguage\":\"da-DK\",\"@id\":\"https:\/\/kunmedierne.dk\/mors\/#\/schema\/logo\/image\/\",\"url\":\"https:\/\/kunmedierne.dk\/mors\/wp-content\/uploads\/2024\/08\/kunmors-logo.svg\",\"contentUrl\":\"https:\/\/kunmedierne.dk\/mors\/wp-content\/uploads\/2024\/08\/kunmors-logo.svg\",\"caption\":\"Mors\"},\"image\":{\"@id\":\"https:\/\/kunmedierne.dk\/mors\/#\/schema\/logo\/image\/\"}},{\"@type\":\"Person\",\"@id\":\"https:\/\/kunmedierne.dk\/mors\/#\/schema\/person\/09cc14cd371d523a3528ea9c4fda5254\",\"name\":\"Niels Hansen\",\"image\":{\"@type\":\"ImageObject\",\"inLanguage\":\"da-DK\",\"@id\":\"https:\/\/kunmedierne.dk\/mors\/#\/schema\/person\/image\/\",\"url\":\"https:\/\/secure.gravatar.com\/avatar\/568e84d860856800f9f57c56a1d8280df5422f50943b8f79fd25417a3720af53?s=96&d=mm&r=g\",\"contentUrl\":\"https:\/\/secure.gravatar.com\/avatar\/568e84d860856800f9f57c56a1d8280df5422f50943b8f79fd25417a3720af53?s=96&d=mm&r=g\",\"caption\":\"Niels Hansen\"},\"url\":\"https:\/\/kunmedierne.dk\/mors\/author\/niels-hansen\/\"}]}<\/script>\n<!-- \/ Yoast SEO plugin. -->","yoast_head_json":{"title":"Tiltalt for voldsom vold mod samlever - Mors","robots":{"index":"index","follow":"follow","max-snippet":"max-snippet:-1","max-image-preview":"max-image-preview:large","max-video-preview":"max-video-preview:-1"},"canonical":"https:\/\/kunmedierne.dk\/mors\/tiltalt-for-voldsom-vold-mod-samlever\/","og_locale":"da_DK","og_type":"article","og_title":"Tiltalt for voldsom vold mod samlever - Mors","og_description":"NYK\u00d8BING:\u00a0En retssag om grov vold en aften i november i Nyk\u00f8bing endte i byretten i Holstebro med en dom efter den lidt mildere voldsparagraf. Ogs\u00e5 selv om den 43-\u00e5rige mand havde sl\u00e5et sin kvindelige samlevers hoved ned i fortovet flere gange. Det kunne efter dommernes vurdering ikke helt bevises, at den 43-\u00e5rige bevidst havde v\u00e6ltet [&hellip;]","og_url":"https:\/\/kunmedierne.dk\/mors\/tiltalt-for-voldsom-vold-mod-samlever\/","og_site_name":"Mors","article_published_time":"2020-02-06T17:05:38+00:00","article_modified_time":"2024-08-12T12:07:41+00:00","og_image":[{"width":770,"height":513,"url":"https:\/\/kunmedierne.dk\/mors\/wp-content\/uploads\/2020\/01\/politi-bl\u00e5-blink.jpg","type":"image\/jpeg"}],"author":"Niels Hansen","twitter_card":"summary_large_image","twitter_misc":{"Skrevet af":"Niels Hansen","Estimeret l\u00e6setid":"1 minut"},"schema":{"@context":"https:\/\/schema.org","@graph":[{"@type":"Article","@id":"https:\/\/kunmedierne.dk\/mors\/tiltalt-for-voldsom-vold-mod-samlever\/#article","isPartOf":{"@id":"https:\/\/kunmedierne.dk\/mors\/tiltalt-for-voldsom-vold-mod-samlever\/"},"author":{"name":"Niels Hansen","@id":"https:\/\/kunmedierne.dk\/mors\/#\/schema\/person\/09cc14cd371d523a3528ea9c4fda5254"},"headline":"Tiltalt for voldsom vold mod samlever","datePublished":"2020-02-06T17:05:38+00:00","dateModified":"2024-08-12T12:07:41+00:00","mainEntityOfPage":{"@id":"https:\/\/kunmedierne.dk\/mors\/tiltalt-for-voldsom-vold-mod-samlever\/"},"wordCount":207,"publisher":{"@id":"https:\/\/kunmedierne.dk\/mors\/#organization"},"image":{"@id":"https:\/\/kunmedierne.dk\/mors\/tiltalt-for-voldsom-vold-mod-samlever\/#primaryimage"},"thumbnailUrl":"https:\/\/kunmedierne.dk\/mors\/wp-content\/uploads\/2020\/01\/politi-bl\u00e5-blink.jpg","articleSection":["112","Lokalt"],"inLanguage":"da-DK"},{"@type":"WebPage","@id":"https:\/\/kunmedierne.dk\/mors\/tiltalt-for-voldsom-vold-mod-samlever\/","url":"https:\/\/kunmedierne.dk\/mors\/tiltalt-for-voldsom-vold-mod-samlever\/","name":"Tiltalt for voldsom vold mod samlever - Mors","isPartOf":{"@id":"https:\/\/kunmedierne.dk\/mors\/#website"},"primaryImageOfPage":{"@id":"https:\/\/kunmedierne.dk\/mors\/tiltalt-for-voldsom-vold-mod-samlever\/#primaryimage"},"image":{"@id":"https:\/\/kunmedierne.dk\/mors\/tiltalt-for-voldsom-vold-mod-samlever\/#primaryimage"},"thumbnailUrl":"https:\/\/kunmedierne.dk\/mors\/wp-content\/uploads\/2020\/01\/politi-bl\u00e5-blink.jpg","datePublished":"2020-02-06T17:05:38+00:00","dateModified":"2024-08-12T12:07:41+00:00","breadcrumb":{"@id":"https:\/\/kunmedierne.dk\/mors\/tiltalt-for-voldsom-vold-mod-samlever\/#breadcrumb"},"inLanguage":"da-DK","potentialAction":[{"@type":"ReadAction","target":["https:\/\/kunmedierne.dk\/mors\/tiltalt-for-voldsom-vold-mod-samlever\/"]}]},{"@type":"ImageObject","inLanguage":"da-DK","@id":"https:\/\/kunmedierne.dk\/mors\/tiltalt-for-voldsom-vold-mod-samlever\/#primaryimage","url":"https:\/\/kunmedierne.dk\/mors\/wp-content\/uploads\/2020\/01\/politi-bl\u00e5-blink.jpg","contentUrl":"https:\/\/kunmedierne.dk\/mors\/wp-content\/uploads\/2020\/01\/politi-bl\u00e5-blink.jpg","width":770,"height":513,"caption":"Modelfoto: Rigspolitiet"},{"@type":"BreadcrumbList","@id":"https:\/\/kunmedierne.dk\/mors\/tiltalt-for-voldsom-vold-mod-samlever\/#breadcrumb","itemListElement":[{"@type":"ListItem","position":1,"name":"Hjem","item":"https:\/\/kunmedierne.dk\/mors\/"},{"@type":"ListItem","position":2,"name":"Tiltalt for voldsom vold mod samlever"}]},{"@type":"WebSite","@id":"https:\/\/kunmedierne.dk\/mors\/#website","url":"https:\/\/kunmedierne.dk\/mors\/","name":"Mors","description":"et netmedie med journalistik om livet p\u00e5 Mors","publisher":{"@id":"https:\/\/kunmedierne.dk\/mors\/#organization"},"potentialAction":[{"@type":"SearchAction","target":{"@type":"EntryPoint","urlTemplate":"https:\/\/kunmedierne.dk\/mors\/?s={search_term_string}"},"query-input":{"@type":"PropertyValueSpecification","valueRequired":true,"valueName":"search_term_string"}}],"inLanguage":"da-DK"},{"@type":"Organization","@id":"https:\/\/kunmedierne.dk\/mors\/#organization","name":"Mors","url":"https:\/\/kunmedierne.dk\/mors\/","logo":{"@type":"ImageObject","inLanguage":"da-DK","@id":"https:\/\/kunmedierne.dk\/mors\/#\/schema\/logo\/image\/","url":"https:\/\/kunmedierne.dk\/mors\/wp-content\/uploads\/2024\/08\/kunmors-logo.svg","contentUrl":"https:\/\/kunmedierne.dk\/mors\/wp-content\/uploads\/2024\/08\/kunmors-logo.svg","caption":"Mors"},"image":{"@id":"https:\/\/kunmedierne.dk\/mors\/#\/schema\/logo\/image\/"}},{"@type":"Person","@id":"https:\/\/kunmedierne.dk\/mors\/#\/schema\/person\/09cc14cd371d523a3528ea9c4fda5254","name":"Niels Hansen","image":{"@type":"ImageObject","inLanguage":"da-DK","@id":"https:\/\/kunmedierne.dk\/mors\/#\/schema\/person\/image\/","url":"https:\/\/secure.gravatar.com\/avatar\/568e84d860856800f9f57c56a1d8280df5422f50943b8f79fd25417a3720af53?s=96&d=mm&r=g","contentUrl":"https:\/\/secure.gravatar.com\/avatar\/568e84d860856800f9f57c56a1d8280df5422f50943b8f79fd25417a3720af53?s=96&d=mm&r=g","caption":"Niels Hansen"},"url":"https:\/\/kunmedierne.dk\/mors\/author\/niels-hansen\/"}]}},"_links":{"self":[{"href":"https:\/\/kunmedierne.dk\/mors\/wp-json\/wp\/v2\/posts\/6292","targetHints":{"allow":["GET"]}}],"collection":[{"href":"https:\/\/kunmedierne.dk\/mors\/wp-json\/wp\/v2\/posts"}],"about":[{"href":"https:\/\/kunmedierne.dk\/mors\/wp-json\/wp\/v2\/types\/post"}],"author":[{"embeddable":true,"href":"https:\/\/kunmedierne.dk\/mors\/wp-json\/wp\/v2\/users\/176"}],"replies":[{"embeddable":true,"href":"https:\/\/kunmedierne.dk\/mors\/wp-json\/wp\/v2\/comments?post=6292"}],"version-history":[{"count":1,"href":"https:\/\/kunmedierne.dk\/mors\/wp-json\/wp\/v2\/posts\/6292\/revisions"}],"predecessor-version":[{"id":6293,"href":"https:\/\/kunmedierne.dk\/mors\/wp-json\/wp\/v2\/posts\/6292\/revisions\/6293"}],"wp:featuredmedia":[{"embeddable":true,"href":"https:\/\/kunmedierne.dk\/mors\/wp-json\/wp\/v2\/media\/3315"}],"wp:attachment":[{"href":"https:\/\/kunmedierne.dk\/mors\/wp-json\/wp\/v2\/media?parent=6292"}],"wp:term":[{"taxonomy":"category","embeddable":true,"href":"https:\/\/kunmedierne.dk\/mors\/wp-json\/wp\/v2\/categories?post=6292"},{"taxonomy":"post_tag","embeddable":true,"href":"https:\/\/kunmedierne.dk\/mors\/wp-json\/wp\/v2\/tags?post=6292"}],"curies":[{"name":"wp","href":"https:\/\/api.w.org\/{rel}","templated":true}]}}