{"id":62253,"date":"2022-02-04T16:54:07","date_gmt":"2022-02-04T15:54:07","guid":{"rendered":"https:\/\/kunmedierne.dk\/mors\/?p=62253"},"modified":"2024-08-12T13:34:46","modified_gmt":"2024-08-12T11:34:46","slug":"ny-uddannelseschef-for-byggeri-paa-euc-nordvest","status":"publish","type":"post","link":"https:\/\/kunmedierne.dk\/mors\/ny-uddannelseschef-for-byggeri-paa-euc-nordvest\/","title":{"rendered":"Ny uddannelseschef for Byggeri p\u00e5 EUC Nordvest"},"content":{"rendered":"<p><strong>MORS\/THY<\/strong>: Han var i forvejen konstitueret, men nu s\u00e6tter Torben Ladefoged sig helt til rette i chefstolen hos Byggeri hos EUC Nordvest.<\/p>\n<p>Siden 1. februar er han ansat som uddannelseschef for afdelingen.<\/p>\n<p>&#8220;Jeg elsker at hj\u00e6lpe elever til at kunne klare sig selv, og jeg tr\u00e6kker gerne i mange tr\u00e5de for at f\u00e5 det til at lykkes, s\u00e5 jeg har nydt min rolle b\u00e5de som underviser hos Auto og som leder af skoleopl\u00e6ringscenteret. Nu er jeg et sted i livet, hvor jeg f\u00f8ler, der er luft til at tage et st\u00f8rre ansvar, og derfor gl\u00e6der det mig, at jeg er blevet betroet stillingen som uddannelseschef hos Byggeri,&#8221; siger Torben Ladefoged.<\/p>\n<p>Han er 51 \u00e5r og bosiddende i Thisted. Han er gift med Dorte, og sammen har de tre b\u00f8rn p\u00e5 henholdsvis 16 \u00e5r, 20 \u00e5r og 23 \u00e5r. Efter uddannelsen som automekaniker tilbragte han 15 \u00e5r ved Beredskabsstyrelsen, hvor han\u00a0prim\u00e6rt arbejdede som h\u00e5ndv\u00e6rker, instrukt\u00f8r, vagthavende i udrykningsvagten og som n\u00f8dhj\u00e6lpsarbejder p\u00e5 lejlighedsvise missioner.<\/p>\n<p><a href=\"https:\/\/www.chateautrnova.cz\/kunmors\/\"><img loading=\"lazy\" decoding=\"async\" class=\"alignleft size-full wp-image-61381\" src=\"https:\/\/kunmedierne.dk\/mors\/wp-content\/uploads\/2022\/01\/2022-KunMors-3.jpg\" alt=\"\" width=\"1400\" height=\"125\" srcset=\"https:\/\/kunmedierne.dk\/mors\/wp-content\/uploads\/2022\/01\/2022-KunMors-3.jpg 1400w, https:\/\/kunmedierne.dk\/mors\/wp-content\/uploads\/2022\/01\/2022-KunMors-3-300x27.jpg 300w, https:\/\/kunmedierne.dk\/mors\/wp-content\/uploads\/2022\/01\/2022-KunMors-3-1024x91.jpg 1024w, https:\/\/kunmedierne.dk\/mors\/wp-content\/uploads\/2022\/01\/2022-KunMors-3-768x69.jpg 768w, https:\/\/kunmedierne.dk\/mors\/wp-content\/uploads\/2022\/01\/2022-KunMors-3-600x54.jpg 600w\" sizes=\"auto, (max-width: 1400px) 100vw, 1400px\" \/><\/a>I 2007 blev han ansat som fagl\u00e6rer p\u00e5 mekanikeruddannelsen p\u00e5 EUC Nordvest. Her blev han hurtigt involveret i tv\u00e6rg\u00e5ende aktiviteter som eksempelvis Jobcenter-projekter, l\u00e6repladsops\u00f8gende arbejde, koordinering og skemal\u00e6gning med mere. Siden 2014 har Torben v\u00e6ret ansat som leder af EUC Nordvests skoleopl\u00e6ringscenter, sidel\u00f8bende med \u00f8vrige aktiviteter og undervisning af unge og voksne.<\/p>\n<p>Nu ser han frem til sin nye rolle.<\/p>\n<p>&#8220;Jeg trives godt med en travl hverdag omgivet af gode kollegaer og med st\u00e6rke netv\u00e6rk i erhvervslivet, og det f\u00e5r jeg her. Jeg har som konstitueret uddannelseschef haft mit daglige virke i afdelingen gennem knapt to m\u00e5neder nu, og jeg m\u00e5 bare sige, at jeg virkelig er betaget af de nye fagomr\u00e5der og \u2013 ikke mindst \u2013 imponeret over den faglighed og professionalisme, der er blandt l\u00e6rerne. Det er en meget velfungerende afdeling, jeg nu st\u00e5r i spidsen for, og jeg gl\u00e6der mig til at blive en del af den fortsatte udvikling,&#8221; siger Torben Ladefoged.<\/p>\n<p>&nbsp;<\/p>\n<p><strong>Stor indsigt i EUD-omr\u00e5det<\/strong><\/p>\n<p>Hans Chr. Jeppesen, direkt\u00f8r i EUC Nordvest, fremh\u00e6ver Torben Ladefoged som den af ans\u00f8gerne til stillingen med den suver\u00e6nt st\u00f8rste indsigt i hele EUD-omr\u00e5det.<\/p>\n<p>&#8220;Som leder af vores skoleopl\u00e6ringscenter har han arbejdet t\u00e6t sammen med b\u00e5de ledere, medarbejdere og elever fra alle afdelinger, ligesom han som fagl\u00e6rer i Auto har god indsigt i de udfordringer, man som EUD-underviser st\u00e5r over for,&#8221; siger han.<\/p>\n<p><a href=\"http:\/\/www.limfjordsteatret.dk\/#front\"><img loading=\"lazy\" decoding=\"async\" class=\"alignleft size-full wp-image-46596\" src=\"https:\/\/kunmedierne.dk\/mors\/wp-content\/uploads\/2021\/06\/t05.jpg\" alt=\"\" width=\"1400\" height=\"125\" srcset=\"https:\/\/kunmedierne.dk\/mors\/wp-content\/uploads\/2021\/06\/t05.jpg 1400w, https:\/\/kunmedierne.dk\/mors\/wp-content\/uploads\/2021\/06\/t05-300x27.jpg 300w, https:\/\/kunmedierne.dk\/mors\/wp-content\/uploads\/2021\/06\/t05-1024x91.jpg 1024w, https:\/\/kunmedierne.dk\/mors\/wp-content\/uploads\/2021\/06\/t05-768x69.jpg 768w, https:\/\/kunmedierne.dk\/mors\/wp-content\/uploads\/2021\/06\/t05-600x54.jpg 600w\" sizes=\"auto, (max-width: 1400px) 100vw, 1400px\" \/><\/a>&#8220;Fra de knapt 15 \u00e5r, Torben har v\u00e6ret ansat hos os, ved vi desuden, at han er meget velstruktureret, har et stort organisatorisk talent og er skarp til at navigere i og fokusere p\u00e5 det vigtige i en kompleks hverdag. Han har altid 100 procent styr p\u00e5 sine ting, og samtidig er han en god og vellidt kollega, der ikke holder sig tilbage med at tilbyde sin hj\u00e6lp, n\u00e5r der er opgaver, der skal l\u00f8ses. Jeg er p\u00e5 alle m\u00e5der fuldst\u00e6ndig tryg ved at overlade roret til Torben. Det f\u00f8les helt rigtigt, og jeg er slet ikke i tvivl om, at han &#8211; som altid &#8211; nok skal l\u00f8fte opgaven p\u00e5 bedste vis,&#8221; siger Hans Chr. Jeppesen.<\/p>\n<blockquote>\n<h5>HUSK: Alle voksne, ogs\u00e5 uden abonnement og fra samme husstand, kan deltage i lodtr\u00e6kningen om et luksusophold for to i Prag ved at tilmelde sig vores nyhedsbrev nederst p\u00e5 siden. L\u00e6s mere\u00a0<a href=\"https:\/\/kunmedierne.dk\/mors\/vind-denne-flotte-praemie-slotsophold-for-to-i-prag\/\" target=\"_blank\" rel=\"noopener\">her<\/a>.<\/h5>\n<\/blockquote>\n<hr \/>\n<p><em>Har du, din forening eller din virksomhed noget til navnesiden? Send det til os p\u00e5 e-mail: navne@redaktion.dk<\/em><\/p>\n","protected":false},"excerpt":{"rendered":"<p>MORS\/THY: Han var i forvejen konstitueret, men nu s\u00e6tter Torben Ladefoged sig helt til rette i chefstolen hos Byggeri hos EUC Nordvest. Siden 1. februar er han ansat som uddannelseschef for afdelingen. &#8220;Jeg elsker at hj\u00e6lpe elever til at kunne klare sig selv, og jeg tr\u00e6kker gerne i mange tr\u00e5de for at f\u00e5 det til [&hellip;]<\/p>\n","protected":false},"author":264,"featured_media":62256,"comment_status":"open","ping_status":"open","sticky":false,"template":"","format":"standard","meta":{"_acf_changed":false,"footnotes":""},"categories":[52],"tags":[159,170],"class_list":["post-62253","post","type-post","status-publish","format-standard","has-post-thumbnail","hentry","category-navne","tag-erhverv","tag-uddannelse"],"acf":[],"yoast_head":"<!-- This site is optimized with the Yoast SEO plugin v26.8 - https:\/\/yoast.com\/product\/yoast-seo-wordpress\/ -->\n<title>Ny uddannelseschef for Byggeri p\u00e5 EUC Nordvest - Mors<\/title>\n<meta name=\"robots\" content=\"index, follow, max-snippet:-1, max-image-preview:large, max-video-preview:-1\" \/>\n<link rel=\"canonical\" href=\"https:\/\/kunmedierne.dk\/mors\/ny-uddannelseschef-for-byggeri-paa-euc-nordvest\/\" \/>\n<meta property=\"og:locale\" content=\"da_DK\" \/>\n<meta property=\"og:type\" content=\"article\" \/>\n<meta property=\"og:title\" content=\"Ny uddannelseschef for Byggeri p\u00e5 EUC Nordvest - Mors\" \/>\n<meta property=\"og:description\" content=\"MORS\/THY: Han var i forvejen konstitueret, men nu s\u00e6tter Torben Ladefoged sig helt til rette i chefstolen hos Byggeri hos EUC Nordvest. Siden 1. februar er han ansat som uddannelseschef for afdelingen. &#8220;Jeg elsker at hj\u00e6lpe elever til at kunne klare sig selv, og jeg tr\u00e6kker gerne i mange tr\u00e5de for at f\u00e5 det til [&hellip;]\" \/>\n<meta property=\"og:url\" content=\"https:\/\/kunmedierne.dk\/mors\/ny-uddannelseschef-for-byggeri-paa-euc-nordvest\/\" \/>\n<meta property=\"og:site_name\" content=\"Mors\" \/>\n<meta property=\"article:published_time\" content=\"2022-02-04T15:54:07+00:00\" \/>\n<meta property=\"article:modified_time\" content=\"2024-08-12T11:34:46+00:00\" \/>\n<meta property=\"og:image\" content=\"https:\/\/kunmedierne.dk\/mors\/wp-content\/uploads\/2022\/02\/Torben-Ladefoged.jpg\" \/>\n\t<meta property=\"og:image:width\" content=\"770\" \/>\n\t<meta property=\"og:image:height\" content=\"513\" \/>\n\t<meta property=\"og:image:type\" content=\"image\/jpeg\" \/>\n<meta name=\"author\" content=\"Navne\" \/>\n<meta name=\"twitter:card\" content=\"summary_large_image\" \/>\n<meta name=\"twitter:label1\" content=\"Skrevet af\" \/>\n\t<meta name=\"twitter:data1\" content=\"Navne\" \/>\n\t<meta name=\"twitter:label2\" content=\"Estimeret l\u00e6setid\" \/>\n\t<meta name=\"twitter:data2\" content=\"3 minutter\" \/>\n<script type=\"application\/ld+json\" class=\"yoast-schema-graph\">{\"@context\":\"https:\/\/schema.org\",\"@graph\":[{\"@type\":\"Article\",\"@id\":\"https:\/\/kunmedierne.dk\/mors\/ny-uddannelseschef-for-byggeri-paa-euc-nordvest\/#article\",\"isPartOf\":{\"@id\":\"https:\/\/kunmedierne.dk\/mors\/ny-uddannelseschef-for-byggeri-paa-euc-nordvest\/\"},\"author\":{\"name\":\"Navne\",\"@id\":\"https:\/\/kunmedierne.dk\/mors\/#\/schema\/person\/f084885f8161963bb583d8604763a6b7\"},\"headline\":\"Ny uddannelseschef for Byggeri p\u00e5 EUC Nordvest\",\"datePublished\":\"2022-02-04T15:54:07+00:00\",\"dateModified\":\"2024-08-12T11:34:46+00:00\",\"mainEntityOfPage\":{\"@id\":\"https:\/\/kunmedierne.dk\/mors\/ny-uddannelseschef-for-byggeri-paa-euc-nordvest\/\"},\"wordCount\":607,\"commentCount\":0,\"publisher\":{\"@id\":\"https:\/\/kunmedierne.dk\/mors\/#organization\"},\"image\":{\"@id\":\"https:\/\/kunmedierne.dk\/mors\/ny-uddannelseschef-for-byggeri-paa-euc-nordvest\/#primaryimage\"},\"thumbnailUrl\":\"https:\/\/kunmedierne.dk\/mors\/wp-content\/uploads\/2022\/02\/Torben-Ladefoged.jpg\",\"keywords\":[\"Erhverv\",\"Skoler og uddannelse\"],\"articleSection\":[\"Navne\"],\"inLanguage\":\"da-DK\",\"potentialAction\":[{\"@type\":\"CommentAction\",\"name\":\"Comment\",\"target\":[\"https:\/\/kunmedierne.dk\/mors\/ny-uddannelseschef-for-byggeri-paa-euc-nordvest\/#respond\"]}]},{\"@type\":\"WebPage\",\"@id\":\"https:\/\/kunmedierne.dk\/mors\/ny-uddannelseschef-for-byggeri-paa-euc-nordvest\/\",\"url\":\"https:\/\/kunmedierne.dk\/mors\/ny-uddannelseschef-for-byggeri-paa-euc-nordvest\/\",\"name\":\"Ny uddannelseschef for Byggeri p\u00e5 EUC Nordvest - Mors\",\"isPartOf\":{\"@id\":\"https:\/\/kunmedierne.dk\/mors\/#website\"},\"primaryImageOfPage\":{\"@id\":\"https:\/\/kunmedierne.dk\/mors\/ny-uddannelseschef-for-byggeri-paa-euc-nordvest\/#primaryimage\"},\"image\":{\"@id\":\"https:\/\/kunmedierne.dk\/mors\/ny-uddannelseschef-for-byggeri-paa-euc-nordvest\/#primaryimage\"},\"thumbnailUrl\":\"https:\/\/kunmedierne.dk\/mors\/wp-content\/uploads\/2022\/02\/Torben-Ladefoged.jpg\",\"datePublished\":\"2022-02-04T15:54:07+00:00\",\"dateModified\":\"2024-08-12T11:34:46+00:00\",\"breadcrumb\":{\"@id\":\"https:\/\/kunmedierne.dk\/mors\/ny-uddannelseschef-for-byggeri-paa-euc-nordvest\/#breadcrumb\"},\"inLanguage\":\"da-DK\",\"potentialAction\":[{\"@type\":\"ReadAction\",\"target\":[\"https:\/\/kunmedierne.dk\/mors\/ny-uddannelseschef-for-byggeri-paa-euc-nordvest\/\"]}]},{\"@type\":\"ImageObject\",\"inLanguage\":\"da-DK\",\"@id\":\"https:\/\/kunmedierne.dk\/mors\/ny-uddannelseschef-for-byggeri-paa-euc-nordvest\/#primaryimage\",\"url\":\"https:\/\/kunmedierne.dk\/mors\/wp-content\/uploads\/2022\/02\/Torben-Ladefoged.jpg\",\"contentUrl\":\"https:\/\/kunmedierne.dk\/mors\/wp-content\/uploads\/2022\/02\/Torben-Ladefoged.jpg\",\"width\":770,\"height\":513,\"caption\":\"Torben Ladefoged, uddannelseschef for Byggeri hos EUC Nordvest.\"},{\"@type\":\"BreadcrumbList\",\"@id\":\"https:\/\/kunmedierne.dk\/mors\/ny-uddannelseschef-for-byggeri-paa-euc-nordvest\/#breadcrumb\",\"itemListElement\":[{\"@type\":\"ListItem\",\"position\":1,\"name\":\"Hjem\",\"item\":\"https:\/\/kunmedierne.dk\/mors\/\"},{\"@type\":\"ListItem\",\"position\":2,\"name\":\"Ny uddannelseschef for Byggeri p\u00e5 EUC Nordvest\"}]},{\"@type\":\"WebSite\",\"@id\":\"https:\/\/kunmedierne.dk\/mors\/#website\",\"url\":\"https:\/\/kunmedierne.dk\/mors\/\",\"name\":\"Mors\",\"description\":\"et netmedie med journalistik om livet p\u00e5 Mors\",\"publisher\":{\"@id\":\"https:\/\/kunmedierne.dk\/mors\/#organization\"},\"potentialAction\":[{\"@type\":\"SearchAction\",\"target\":{\"@type\":\"EntryPoint\",\"urlTemplate\":\"https:\/\/kunmedierne.dk\/mors\/?s={search_term_string}\"},\"query-input\":{\"@type\":\"PropertyValueSpecification\",\"valueRequired\":true,\"valueName\":\"search_term_string\"}}],\"inLanguage\":\"da-DK\"},{\"@type\":\"Organization\",\"@id\":\"https:\/\/kunmedierne.dk\/mors\/#organization\",\"name\":\"Mors\",\"url\":\"https:\/\/kunmedierne.dk\/mors\/\",\"logo\":{\"@type\":\"ImageObject\",\"inLanguage\":\"da-DK\",\"@id\":\"https:\/\/kunmedierne.dk\/mors\/#\/schema\/logo\/image\/\",\"url\":\"https:\/\/kunmedierne.dk\/mors\/wp-content\/uploads\/2024\/08\/kunmors-logo.svg\",\"contentUrl\":\"https:\/\/kunmedierne.dk\/mors\/wp-content\/uploads\/2024\/08\/kunmors-logo.svg\",\"caption\":\"Mors\"},\"image\":{\"@id\":\"https:\/\/kunmedierne.dk\/mors\/#\/schema\/logo\/image\/\"}},{\"@type\":\"Person\",\"@id\":\"https:\/\/kunmedierne.dk\/mors\/#\/schema\/person\/f084885f8161963bb583d8604763a6b7\",\"name\":\"Navne\",\"image\":{\"@type\":\"ImageObject\",\"inLanguage\":\"da-DK\",\"@id\":\"https:\/\/kunmedierne.dk\/mors\/#\/schema\/person\/image\/\",\"url\":\"https:\/\/secure.gravatar.com\/avatar\/6f0953307eaee87813e8e3c90223d5589b093e56e7cc66b5575f901f7b5868a5?s=96&d=mm&r=g\",\"contentUrl\":\"https:\/\/secure.gravatar.com\/avatar\/6f0953307eaee87813e8e3c90223d5589b093e56e7cc66b5575f901f7b5868a5?s=96&d=mm&r=g\",\"caption\":\"Navne\"},\"url\":\"https:\/\/kunmedierne.dk\/mors\/author\/navne\/\"}]}<\/script>\n<!-- \/ Yoast SEO plugin. -->","yoast_head_json":{"title":"Ny uddannelseschef for Byggeri p\u00e5 EUC Nordvest - Mors","robots":{"index":"index","follow":"follow","max-snippet":"max-snippet:-1","max-image-preview":"max-image-preview:large","max-video-preview":"max-video-preview:-1"},"canonical":"https:\/\/kunmedierne.dk\/mors\/ny-uddannelseschef-for-byggeri-paa-euc-nordvest\/","og_locale":"da_DK","og_type":"article","og_title":"Ny uddannelseschef for Byggeri p\u00e5 EUC Nordvest - Mors","og_description":"MORS\/THY: Han var i forvejen konstitueret, men nu s\u00e6tter Torben Ladefoged sig helt til rette i chefstolen hos Byggeri hos EUC Nordvest. Siden 1. februar er han ansat som uddannelseschef for afdelingen. &#8220;Jeg elsker at hj\u00e6lpe elever til at kunne klare sig selv, og jeg tr\u00e6kker gerne i mange tr\u00e5de for at f\u00e5 det til [&hellip;]","og_url":"https:\/\/kunmedierne.dk\/mors\/ny-uddannelseschef-for-byggeri-paa-euc-nordvest\/","og_site_name":"Mors","article_published_time":"2022-02-04T15:54:07+00:00","article_modified_time":"2024-08-12T11:34:46+00:00","og_image":[{"width":770,"height":513,"url":"https:\/\/kunmedierne.dk\/mors\/wp-content\/uploads\/2022\/02\/Torben-Ladefoged.jpg","type":"image\/jpeg"}],"author":"Navne","twitter_card":"summary_large_image","twitter_misc":{"Skrevet af":"Navne","Estimeret l\u00e6setid":"3 minutter"},"schema":{"@context":"https:\/\/schema.org","@graph":[{"@type":"Article","@id":"https:\/\/kunmedierne.dk\/mors\/ny-uddannelseschef-for-byggeri-paa-euc-nordvest\/#article","isPartOf":{"@id":"https:\/\/kunmedierne.dk\/mors\/ny-uddannelseschef-for-byggeri-paa-euc-nordvest\/"},"author":{"name":"Navne","@id":"https:\/\/kunmedierne.dk\/mors\/#\/schema\/person\/f084885f8161963bb583d8604763a6b7"},"headline":"Ny uddannelseschef for Byggeri p\u00e5 EUC Nordvest","datePublished":"2022-02-04T15:54:07+00:00","dateModified":"2024-08-12T11:34:46+00:00","mainEntityOfPage":{"@id":"https:\/\/kunmedierne.dk\/mors\/ny-uddannelseschef-for-byggeri-paa-euc-nordvest\/"},"wordCount":607,"commentCount":0,"publisher":{"@id":"https:\/\/kunmedierne.dk\/mors\/#organization"},"image":{"@id":"https:\/\/kunmedierne.dk\/mors\/ny-uddannelseschef-for-byggeri-paa-euc-nordvest\/#primaryimage"},"thumbnailUrl":"https:\/\/kunmedierne.dk\/mors\/wp-content\/uploads\/2022\/02\/Torben-Ladefoged.jpg","keywords":["Erhverv","Skoler og uddannelse"],"articleSection":["Navne"],"inLanguage":"da-DK","potentialAction":[{"@type":"CommentAction","name":"Comment","target":["https:\/\/kunmedierne.dk\/mors\/ny-uddannelseschef-for-byggeri-paa-euc-nordvest\/#respond"]}]},{"@type":"WebPage","@id":"https:\/\/kunmedierne.dk\/mors\/ny-uddannelseschef-for-byggeri-paa-euc-nordvest\/","url":"https:\/\/kunmedierne.dk\/mors\/ny-uddannelseschef-for-byggeri-paa-euc-nordvest\/","name":"Ny uddannelseschef for Byggeri p\u00e5 EUC Nordvest - Mors","isPartOf":{"@id":"https:\/\/kunmedierne.dk\/mors\/#website"},"primaryImageOfPage":{"@id":"https:\/\/kunmedierne.dk\/mors\/ny-uddannelseschef-for-byggeri-paa-euc-nordvest\/#primaryimage"},"image":{"@id":"https:\/\/kunmedierne.dk\/mors\/ny-uddannelseschef-for-byggeri-paa-euc-nordvest\/#primaryimage"},"thumbnailUrl":"https:\/\/kunmedierne.dk\/mors\/wp-content\/uploads\/2022\/02\/Torben-Ladefoged.jpg","datePublished":"2022-02-04T15:54:07+00:00","dateModified":"2024-08-12T11:34:46+00:00","breadcrumb":{"@id":"https:\/\/kunmedierne.dk\/mors\/ny-uddannelseschef-for-byggeri-paa-euc-nordvest\/#breadcrumb"},"inLanguage":"da-DK","potentialAction":[{"@type":"ReadAction","target":["https:\/\/kunmedierne.dk\/mors\/ny-uddannelseschef-for-byggeri-paa-euc-nordvest\/"]}]},{"@type":"ImageObject","inLanguage":"da-DK","@id":"https:\/\/kunmedierne.dk\/mors\/ny-uddannelseschef-for-byggeri-paa-euc-nordvest\/#primaryimage","url":"https:\/\/kunmedierne.dk\/mors\/wp-content\/uploads\/2022\/02\/Torben-Ladefoged.jpg","contentUrl":"https:\/\/kunmedierne.dk\/mors\/wp-content\/uploads\/2022\/02\/Torben-Ladefoged.jpg","width":770,"height":513,"caption":"Torben Ladefoged, uddannelseschef for Byggeri hos EUC Nordvest."},{"@type":"BreadcrumbList","@id":"https:\/\/kunmedierne.dk\/mors\/ny-uddannelseschef-for-byggeri-paa-euc-nordvest\/#breadcrumb","itemListElement":[{"@type":"ListItem","position":1,"name":"Hjem","item":"https:\/\/kunmedierne.dk\/mors\/"},{"@type":"ListItem","position":2,"name":"Ny uddannelseschef for Byggeri p\u00e5 EUC Nordvest"}]},{"@type":"WebSite","@id":"https:\/\/kunmedierne.dk\/mors\/#website","url":"https:\/\/kunmedierne.dk\/mors\/","name":"Mors","description":"et netmedie med journalistik om livet p\u00e5 Mors","publisher":{"@id":"https:\/\/kunmedierne.dk\/mors\/#organization"},"potentialAction":[{"@type":"SearchAction","target":{"@type":"EntryPoint","urlTemplate":"https:\/\/kunmedierne.dk\/mors\/?s={search_term_string}"},"query-input":{"@type":"PropertyValueSpecification","valueRequired":true,"valueName":"search_term_string"}}],"inLanguage":"da-DK"},{"@type":"Organization","@id":"https:\/\/kunmedierne.dk\/mors\/#organization","name":"Mors","url":"https:\/\/kunmedierne.dk\/mors\/","logo":{"@type":"ImageObject","inLanguage":"da-DK","@id":"https:\/\/kunmedierne.dk\/mors\/#\/schema\/logo\/image\/","url":"https:\/\/kunmedierne.dk\/mors\/wp-content\/uploads\/2024\/08\/kunmors-logo.svg","contentUrl":"https:\/\/kunmedierne.dk\/mors\/wp-content\/uploads\/2024\/08\/kunmors-logo.svg","caption":"Mors"},"image":{"@id":"https:\/\/kunmedierne.dk\/mors\/#\/schema\/logo\/image\/"}},{"@type":"Person","@id":"https:\/\/kunmedierne.dk\/mors\/#\/schema\/person\/f084885f8161963bb583d8604763a6b7","name":"Navne","image":{"@type":"ImageObject","inLanguage":"da-DK","@id":"https:\/\/kunmedierne.dk\/mors\/#\/schema\/person\/image\/","url":"https:\/\/secure.gravatar.com\/avatar\/6f0953307eaee87813e8e3c90223d5589b093e56e7cc66b5575f901f7b5868a5?s=96&d=mm&r=g","contentUrl":"https:\/\/secure.gravatar.com\/avatar\/6f0953307eaee87813e8e3c90223d5589b093e56e7cc66b5575f901f7b5868a5?s=96&d=mm&r=g","caption":"Navne"},"url":"https:\/\/kunmedierne.dk\/mors\/author\/navne\/"}]}},"_links":{"self":[{"href":"https:\/\/kunmedierne.dk\/mors\/wp-json\/wp\/v2\/posts\/62253","targetHints":{"allow":["GET"]}}],"collection":[{"href":"https:\/\/kunmedierne.dk\/mors\/wp-json\/wp\/v2\/posts"}],"about":[{"href":"https:\/\/kunmedierne.dk\/mors\/wp-json\/wp\/v2\/types\/post"}],"author":[{"embeddable":true,"href":"https:\/\/kunmedierne.dk\/mors\/wp-json\/wp\/v2\/users\/264"}],"replies":[{"embeddable":true,"href":"https:\/\/kunmedierne.dk\/mors\/wp-json\/wp\/v2\/comments?post=62253"}],"version-history":[{"count":1,"href":"https:\/\/kunmedierne.dk\/mors\/wp-json\/wp\/v2\/posts\/62253\/revisions"}],"predecessor-version":[{"id":62257,"href":"https:\/\/kunmedierne.dk\/mors\/wp-json\/wp\/v2\/posts\/62253\/revisions\/62257"}],"wp:featuredmedia":[{"embeddable":true,"href":"https:\/\/kunmedierne.dk\/mors\/wp-json\/wp\/v2\/media\/62256"}],"wp:attachment":[{"href":"https:\/\/kunmedierne.dk\/mors\/wp-json\/wp\/v2\/media?parent=62253"}],"wp:term":[{"taxonomy":"category","embeddable":true,"href":"https:\/\/kunmedierne.dk\/mors\/wp-json\/wp\/v2\/categories?post=62253"},{"taxonomy":"post_tag","embeddable":true,"href":"https:\/\/kunmedierne.dk\/mors\/wp-json\/wp\/v2\/tags?post=62253"}],"curies":[{"name":"wp","href":"https:\/\/api.w.org\/{rel}","templated":true}]}}