{"id":60577,"date":"2022-01-10T11:09:29","date_gmt":"2022-01-10T10:09:29","guid":{"rendered":"https:\/\/kunmedierne.dk\/mors\/?p=60577"},"modified":"2024-08-12T13:34:53","modified_gmt":"2024-08-12T11:34:53","slug":"25-aars-jubilar-kender-vaerdien-af-en-god-kaffesnak-med-de-lokale-haandvaerkere","status":"publish","type":"post","link":"https:\/\/kunmedierne.dk\/mors\/25-aars-jubilar-kender-vaerdien-af-en-god-kaffesnak-med-de-lokale-haandvaerkere\/","title":{"rendered":"25-\u00e5rs-jubilar kender v\u00e6rdien af en god kaffesnak med de lokale h\u00e5ndv\u00e6rkere"},"content":{"rendered":"<p><em>Outrup Vinduer &amp; D\u00f8re A\/S har sendt dette til navnesiden p\u00e5 KunMors:<\/em><\/p>\n<hr \/>\n<p class=\"v1MsoNormal\"><b>Salgskonsulent Michael Christiansen kan 15. januar 2022 fejre sit 25-\u00e5rs jubil\u00e6um hos vinduesproducenten Outrup Vinduer &amp; D\u00f8re. Han er s\u00e5ledes en blandt n\u00e6sten 30 medarbejdere, der i virksomhedens 53 \u00e5r lange historie har rundet den flotte milep\u00e6l og et godt eksempel p\u00e5, hvordan h\u00f8j anciennitet kan skabe langvarige kunderelationer.<\/b><\/p>\n<p class=\"v1MsoNormal\"><b>OUTRUP:\u00a0<\/b>I 1997 stemplede Michael Christiansen for f\u00f8rste gang ind hos Outrup Vinduer &amp; D\u00f8re, og den 15. januar 2022 kan han s\u00e5ledes fejre 25-\u00e5rs jubil\u00e6um i virksomheden, hvor han i dag arbejder som salgskonsulent. Her bruger han det meste af sin arbejdstid p\u00e5 landevejene, hvor han servicerer et kundenetv\u00e6rk af godt 700 t\u00f8mrer- og snedkermestre fra Skagen til Horsens.<\/p>\n<p class=\"v1MsoNormal\">&#8220;Hos Outrup s\u00e6lger vi prim\u00e6rt vores vinduer gennem t\u00f8mrer- og snedkermestre, og derfor spiller gode og langvarige relationer til denne branche ogs\u00e5 en vigtig rolle. I den forbindelse er det utrolig v\u00e6rdifuldt at have flere medarbejdere og ikke mindst konsulenter i virksomheden, som har rundet deres 25-\u00e5rs jubil\u00e6um, da de gennem alle \u00e5rene har opbygget gode relationer til vores kunder. Og her er Michael et godt eksempel p\u00e5, hvilken v\u00e6rdi medarbejdere med h\u00f8j anciennitet kan tilf\u00f8re virksomheden. Han har uden tvivl en stor del af \u00e6ren for de mange loyale kunder, vi har i dag,&#8221; fort\u00e6ller direkt\u00f8r i Outrup Vinduer &amp; D\u00f8re, Henrik Nyby.<\/p>\n<p class=\"v1MsoNormal\"><a href=\"https:\/\/morsoe-begravelsesforretning.dk\/\"><img loading=\"lazy\" decoding=\"async\" class=\"alignleft size-full wp-image-46598\" src=\"https:\/\/kunmedierne.dk\/mors\/wp-content\/uploads\/2021\/06\/t07.jpg\" alt=\"\" width=\"1425\" height=\"127\" srcset=\"https:\/\/kunmedierne.dk\/mors\/wp-content\/uploads\/2021\/06\/t07.jpg 1425w, https:\/\/kunmedierne.dk\/mors\/wp-content\/uploads\/2021\/06\/t07-300x27.jpg 300w, https:\/\/kunmedierne.dk\/mors\/wp-content\/uploads\/2021\/06\/t07-1024x91.jpg 1024w, https:\/\/kunmedierne.dk\/mors\/wp-content\/uploads\/2021\/06\/t07-768x68.jpg 768w, https:\/\/kunmedierne.dk\/mors\/wp-content\/uploads\/2021\/06\/t07-600x53.jpg 600w\" sizes=\"auto, (max-width: 1425px) 100vw, 1425px\" \/><\/a>Det er i h\u00f8j grad m\u00f8det med kunderne, der driver arbejdsgl\u00e6den for Michael Christiansen, og allerede f\u00f8r han kom til Outrup, havde han et lignende salgsjob hos Nordjysk Beslag i Aalborg. Her solgte han v\u00e6rkt\u00f8j til t\u00f8mrere og snedkere, og med en uddannelse som bygningssnedker i rygs\u00e6kken har han altid haft en god kontakt til netop denne faggruppe:<\/p>\n<p class=\"v1MsoNormal\">&#8220;Mange af de kunder, jeg har i dag, kender jeg faktisk helt tilbage fra tiden i Nordjysk Beslag. Selvom jeg s\u00e6lger noget andet til dem i dag, end jeg gjorde dengang, tror jeg, at de s\u00e6tter pris p\u00e5 den tillid, vi har opbygget gennem \u00e5rene,&#8221; siger Michael Christiansen og forts\u00e6tter:<\/p>\n<p class=\"v1MsoNormal\">&#8220;Jeg g\u00e5r meget op i at v\u00e6re ops\u00f8gende i mit arbejde og elsker at give folk god service. Derfor tager jeg tit ud og drikker en kop kaffe med mine faste kunder for at fort\u00e6lle lidt om vores produkter og for at h\u00f8re, hvad de har af aktuelle behov og udfordringer.&#8221;<\/p>\n<p class=\"v1MsoNormal\"><b>\u00a0<\/b><\/p>\n<p class=\"v1MsoNormal\"><b>Har samarbejdet i n\u00e6sten 35 \u00e5r<\/b><\/p>\n<p class=\"v1MsoNormal\">Erling S\u00f8rensen er direkt\u00f8r i M\u00f8ldrup T\u00f8mrer- og Snedkerforretning og en af de kunder, der har fulgt Michael siden tiden p\u00e5 Nordjysk Beslag. Hans virksomhed k\u00f8ber i dag produkter hos Outrup, og if\u00f8lge Erling S\u00f8rensen skyldes loyaliteten over for Outrup en kombination af h\u00f8j kvalitet og Michaels evne til at v\u00e6re n\u00e6rv\u00e6rende og \u00e6rlig:<\/p>\n<p class=\"v1MsoNormal\">&#8220;Michael er en meget glad person, der altid kommer frisk ind ad d\u00f8ren. Det er rart, at han tager sig tid til at kigge forbi og holde os opdateret p\u00e5 Outrups produkter, for de udvikler sig jo hele tiden i takt med markedet. Vi bliver samtidig kl\u00e6dt bedre p\u00e5 til m\u00f8det med vores kunder \u2013 alts\u00e5 husejerne \u2013 som vi jo skal kunne r\u00e5dgive om, hvad man kan og m\u00e5. Det g\u00e6lder eksempelvis de sk\u00e6rpede energikrav, der i dag stilles til vinduer og d\u00f8re. Her kan Michael vejlede os i, hvad der er op og ned, og hvordan deres produkter lever op til kravene,&#8221; siger Erling S\u00f8rensen, der har kendt Michael siden 1987, og som snart overdrager virksomheden til s\u00f8nnen Martin.&#8221;<\/p>\n<p class=\"v1MsoNormal\"><img loading=\"lazy\" decoding=\"async\" class=\"alignleft size-full wp-image-46600\" src=\"https:\/\/kunmedierne.dk\/mors\/wp-content\/uploads\/2021\/06\/t09.jpg\" alt=\"\" width=\"1400\" height=\"125\" srcset=\"https:\/\/kunmedierne.dk\/mors\/wp-content\/uploads\/2021\/06\/t09.jpg 1400w, https:\/\/kunmedierne.dk\/mors\/wp-content\/uploads\/2021\/06\/t09-300x27.jpg 300w, https:\/\/kunmedierne.dk\/mors\/wp-content\/uploads\/2021\/06\/t09-1024x91.jpg 1024w, https:\/\/kunmedierne.dk\/mors\/wp-content\/uploads\/2021\/06\/t09-768x69.jpg 768w, https:\/\/kunmedierne.dk\/mors\/wp-content\/uploads\/2021\/06\/t09-600x54.jpg 600w\" sizes=\"auto, (max-width: 1400px) 100vw, 1400px\" \/>Han forts\u00e6tter:<\/p>\n<p class=\"v1MsoNormal\"><i>&#8220;<\/i>Michael tager ogs\u00e5 gladeligt med ud til vores kunder. Det kunne for eksempel v\u00e6re en ejer af en patriciervilla, der skal have etableret en karnarp. Her er han blandt andet behj\u00e6lpelig med r\u00e5dgivning og har altid varepr\u00f8ver bag i bilen, s\u00e5 kunderne kan se l\u00f8sningerne for sig. Og han er alts\u00e5 ikke bange for at sige, n\u00e5r der er noget, der ikke kan lade sig g\u00f8re. Det skaber trov\u00e6rdighed i samarbejdet og betyder jo samtidig, at min s\u00f8n Martin har lyst til at forts\u00e6tte med at k\u00f8be vinduer hos Outrup,&#8221; n\u00e5r jeg engang g\u00e5r p\u00e5 pension.<\/p>\n<p class=\"v1MsoNormal\">Privat bor Michael Christiansen sammen med sin kone Gitte i Blokhus, hvor de bruger en stor del af tiden p\u00e5 den n\u00e6rmeste familie, der best\u00e5r af tre b\u00f8rn og fem b\u00f8rneb\u00f8rn.<\/p>\n<hr \/>\n<div>\n<div>\n<div>\n<div>\n<div>\n<div>\n<div>\n<div>\n<div>\n<div>\n<div>\n<div>\n<div>\n<div>\n<div>\n<p class=\"v1MsoNormal\"><em>Har du eller din virksomhed noget til navnesiden p\u00e5 KunMors? Send en e-mail til os p\u00e5: navne@kunmedierne.dk\/mors.<\/em><\/p>\n<\/div>\n<\/div>\n<\/div>\n<\/div>\n<\/div>\n<\/div>\n<\/div>\n<\/div>\n<\/div>\n<\/div>\n<\/div>\n<\/div>\n<\/div>\n<\/div>\n<\/div>\n","protected":false},"excerpt":{"rendered":"<p>Outrup Vinduer &amp; D\u00f8re A\/S har sendt dette til navnesiden p\u00e5 KunMors: Salgskonsulent Michael Christiansen kan 15. januar 2022 fejre sit 25-\u00e5rs jubil\u00e6um hos vinduesproducenten Outrup Vinduer &amp; D\u00f8re. Han er s\u00e5ledes en blandt n\u00e6sten 30 medarbejdere, der i virksomhedens 53 \u00e5r lange historie har rundet den flotte milep\u00e6l og et godt eksempel p\u00e5, hvordan [&hellip;]<\/p>\n","protected":false},"author":264,"featured_media":60580,"comment_status":"open","ping_status":"open","sticky":false,"template":"","format":"standard","meta":{"_acf_changed":false,"footnotes":""},"categories":[52],"tags":[159],"class_list":["post-60577","post","type-post","status-publish","format-standard","has-post-thumbnail","hentry","category-navne","tag-erhverv"],"acf":[],"yoast_head":"<!-- This site is optimized with the Yoast SEO plugin v26.8 - https:\/\/yoast.com\/product\/yoast-seo-wordpress\/ -->\n<title>25-\u00e5rs-jubilar kender v\u00e6rdien af en god kaffesnak med de lokale h\u00e5ndv\u00e6rkere - Mors<\/title>\n<meta name=\"robots\" content=\"index, follow, max-snippet:-1, max-image-preview:large, max-video-preview:-1\" \/>\n<link rel=\"canonical\" href=\"https:\/\/kunmedierne.dk\/mors\/25-aars-jubilar-kender-vaerdien-af-en-god-kaffesnak-med-de-lokale-haandvaerkere\/\" \/>\n<meta property=\"og:locale\" content=\"da_DK\" \/>\n<meta property=\"og:type\" content=\"article\" \/>\n<meta property=\"og:title\" content=\"25-\u00e5rs-jubilar kender v\u00e6rdien af en god kaffesnak med de lokale h\u00e5ndv\u00e6rkere - Mors\" \/>\n<meta property=\"og:description\" content=\"Outrup Vinduer &amp; D\u00f8re A\/S har sendt dette til navnesiden p\u00e5 KunMors: Salgskonsulent Michael Christiansen kan 15. januar 2022 fejre sit 25-\u00e5rs jubil\u00e6um hos vinduesproducenten Outrup Vinduer &amp; D\u00f8re. Han er s\u00e5ledes en blandt n\u00e6sten 30 medarbejdere, der i virksomhedens 53 \u00e5r lange historie har rundet den flotte milep\u00e6l og et godt eksempel p\u00e5, hvordan [&hellip;]\" \/>\n<meta property=\"og:url\" content=\"https:\/\/kunmedierne.dk\/mors\/25-aars-jubilar-kender-vaerdien-af-en-god-kaffesnak-med-de-lokale-haandvaerkere\/\" \/>\n<meta property=\"og:site_name\" content=\"Mors\" \/>\n<meta property=\"article:published_time\" content=\"2022-01-10T10:09:29+00:00\" \/>\n<meta property=\"article:modified_time\" content=\"2024-08-12T11:34:53+00:00\" \/>\n<meta property=\"og:image\" content=\"https:\/\/kunmedierne.dk\/mors\/wp-content\/uploads\/2022\/01\/outrup-jubilaeum.jpg\" \/>\n\t<meta property=\"og:image:width\" content=\"770\" \/>\n\t<meta property=\"og:image:height\" content=\"513\" \/>\n\t<meta property=\"og:image:type\" content=\"image\/jpeg\" \/>\n<meta name=\"author\" content=\"Navne\" \/>\n<meta name=\"twitter:card\" content=\"summary_large_image\" \/>\n<meta name=\"twitter:label1\" content=\"Skrevet af\" \/>\n\t<meta name=\"twitter:data1\" content=\"Navne\" \/>\n\t<meta name=\"twitter:label2\" content=\"Estimeret l\u00e6setid\" \/>\n\t<meta name=\"twitter:data2\" content=\"4 minutter\" \/>\n<script type=\"application\/ld+json\" class=\"yoast-schema-graph\">{\"@context\":\"https:\/\/schema.org\",\"@graph\":[{\"@type\":\"Article\",\"@id\":\"https:\/\/kunmedierne.dk\/mors\/25-aars-jubilar-kender-vaerdien-af-en-god-kaffesnak-med-de-lokale-haandvaerkere\/#article\",\"isPartOf\":{\"@id\":\"https:\/\/kunmedierne.dk\/mors\/25-aars-jubilar-kender-vaerdien-af-en-god-kaffesnak-med-de-lokale-haandvaerkere\/\"},\"author\":{\"name\":\"Navne\",\"@id\":\"https:\/\/kunmedierne.dk\/mors\/#\/schema\/person\/f084885f8161963bb583d8604763a6b7\"},\"headline\":\"25-\u00e5rs-jubilar kender v\u00e6rdien af en god kaffesnak med de lokale h\u00e5ndv\u00e6rkere\",\"datePublished\":\"2022-01-10T10:09:29+00:00\",\"dateModified\":\"2024-08-12T11:34:53+00:00\",\"mainEntityOfPage\":{\"@id\":\"https:\/\/kunmedierne.dk\/mors\/25-aars-jubilar-kender-vaerdien-af-en-god-kaffesnak-med-de-lokale-haandvaerkere\/\"},\"wordCount\":801,\"commentCount\":0,\"publisher\":{\"@id\":\"https:\/\/kunmedierne.dk\/mors\/#organization\"},\"image\":{\"@id\":\"https:\/\/kunmedierne.dk\/mors\/25-aars-jubilar-kender-vaerdien-af-en-god-kaffesnak-med-de-lokale-haandvaerkere\/#primaryimage\"},\"thumbnailUrl\":\"https:\/\/kunmedierne.dk\/mors\/wp-content\/uploads\/2022\/01\/outrup-jubilaeum.jpg\",\"keywords\":[\"Erhverv\"],\"articleSection\":[\"Navne\"],\"inLanguage\":\"da-DK\",\"potentialAction\":[{\"@type\":\"CommentAction\",\"name\":\"Comment\",\"target\":[\"https:\/\/kunmedierne.dk\/mors\/25-aars-jubilar-kender-vaerdien-af-en-god-kaffesnak-med-de-lokale-haandvaerkere\/#respond\"]}]},{\"@type\":\"WebPage\",\"@id\":\"https:\/\/kunmedierne.dk\/mors\/25-aars-jubilar-kender-vaerdien-af-en-god-kaffesnak-med-de-lokale-haandvaerkere\/\",\"url\":\"https:\/\/kunmedierne.dk\/mors\/25-aars-jubilar-kender-vaerdien-af-en-god-kaffesnak-med-de-lokale-haandvaerkere\/\",\"name\":\"25-\u00e5rs-jubilar kender v\u00e6rdien af en god kaffesnak med de lokale h\u00e5ndv\u00e6rkere - Mors\",\"isPartOf\":{\"@id\":\"https:\/\/kunmedierne.dk\/mors\/#website\"},\"primaryImageOfPage\":{\"@id\":\"https:\/\/kunmedierne.dk\/mors\/25-aars-jubilar-kender-vaerdien-af-en-god-kaffesnak-med-de-lokale-haandvaerkere\/#primaryimage\"},\"image\":{\"@id\":\"https:\/\/kunmedierne.dk\/mors\/25-aars-jubilar-kender-vaerdien-af-en-god-kaffesnak-med-de-lokale-haandvaerkere\/#primaryimage\"},\"thumbnailUrl\":\"https:\/\/kunmedierne.dk\/mors\/wp-content\/uploads\/2022\/01\/outrup-jubilaeum.jpg\",\"datePublished\":\"2022-01-10T10:09:29+00:00\",\"dateModified\":\"2024-08-12T11:34:53+00:00\",\"breadcrumb\":{\"@id\":\"https:\/\/kunmedierne.dk\/mors\/25-aars-jubilar-kender-vaerdien-af-en-god-kaffesnak-med-de-lokale-haandvaerkere\/#breadcrumb\"},\"inLanguage\":\"da-DK\",\"potentialAction\":[{\"@type\":\"ReadAction\",\"target\":[\"https:\/\/kunmedierne.dk\/mors\/25-aars-jubilar-kender-vaerdien-af-en-god-kaffesnak-med-de-lokale-haandvaerkere\/\"]}]},{\"@type\":\"ImageObject\",\"inLanguage\":\"da-DK\",\"@id\":\"https:\/\/kunmedierne.dk\/mors\/25-aars-jubilar-kender-vaerdien-af-en-god-kaffesnak-med-de-lokale-haandvaerkere\/#primaryimage\",\"url\":\"https:\/\/kunmedierne.dk\/mors\/wp-content\/uploads\/2022\/01\/outrup-jubilaeum.jpg\",\"contentUrl\":\"https:\/\/kunmedierne.dk\/mors\/wp-content\/uploads\/2022\/01\/outrup-jubilaeum.jpg\",\"width\":770,\"height\":513,\"caption\":\"Michael Christiansen har 25 \u00e5rs jubil\u00e6um. Foto: Outrup Vinduer & D\u00f8re.\"},{\"@type\":\"BreadcrumbList\",\"@id\":\"https:\/\/kunmedierne.dk\/mors\/25-aars-jubilar-kender-vaerdien-af-en-god-kaffesnak-med-de-lokale-haandvaerkere\/#breadcrumb\",\"itemListElement\":[{\"@type\":\"ListItem\",\"position\":1,\"name\":\"Hjem\",\"item\":\"https:\/\/kunmedierne.dk\/mors\/\"},{\"@type\":\"ListItem\",\"position\":2,\"name\":\"25-\u00e5rs-jubilar kender v\u00e6rdien af en god kaffesnak med de lokale h\u00e5ndv\u00e6rkere\"}]},{\"@type\":\"WebSite\",\"@id\":\"https:\/\/kunmedierne.dk\/mors\/#website\",\"url\":\"https:\/\/kunmedierne.dk\/mors\/\",\"name\":\"Mors\",\"description\":\"et netmedie med journalistik om livet p\u00e5 Mors\",\"publisher\":{\"@id\":\"https:\/\/kunmedierne.dk\/mors\/#organization\"},\"potentialAction\":[{\"@type\":\"SearchAction\",\"target\":{\"@type\":\"EntryPoint\",\"urlTemplate\":\"https:\/\/kunmedierne.dk\/mors\/?s={search_term_string}\"},\"query-input\":{\"@type\":\"PropertyValueSpecification\",\"valueRequired\":true,\"valueName\":\"search_term_string\"}}],\"inLanguage\":\"da-DK\"},{\"@type\":\"Organization\",\"@id\":\"https:\/\/kunmedierne.dk\/mors\/#organization\",\"name\":\"Mors\",\"url\":\"https:\/\/kunmedierne.dk\/mors\/\",\"logo\":{\"@type\":\"ImageObject\",\"inLanguage\":\"da-DK\",\"@id\":\"https:\/\/kunmedierne.dk\/mors\/#\/schema\/logo\/image\/\",\"url\":\"https:\/\/kunmedierne.dk\/mors\/wp-content\/uploads\/2024\/08\/kunmors-logo.svg\",\"contentUrl\":\"https:\/\/kunmedierne.dk\/mors\/wp-content\/uploads\/2024\/08\/kunmors-logo.svg\",\"caption\":\"Mors\"},\"image\":{\"@id\":\"https:\/\/kunmedierne.dk\/mors\/#\/schema\/logo\/image\/\"}},{\"@type\":\"Person\",\"@id\":\"https:\/\/kunmedierne.dk\/mors\/#\/schema\/person\/f084885f8161963bb583d8604763a6b7\",\"name\":\"Navne\",\"image\":{\"@type\":\"ImageObject\",\"inLanguage\":\"da-DK\",\"@id\":\"https:\/\/kunmedierne.dk\/mors\/#\/schema\/person\/image\/\",\"url\":\"https:\/\/secure.gravatar.com\/avatar\/6f0953307eaee87813e8e3c90223d5589b093e56e7cc66b5575f901f7b5868a5?s=96&d=mm&r=g\",\"contentUrl\":\"https:\/\/secure.gravatar.com\/avatar\/6f0953307eaee87813e8e3c90223d5589b093e56e7cc66b5575f901f7b5868a5?s=96&d=mm&r=g\",\"caption\":\"Navne\"},\"url\":\"https:\/\/kunmedierne.dk\/mors\/author\/navne\/\"}]}<\/script>\n<!-- \/ Yoast SEO plugin. -->","yoast_head_json":{"title":"25-\u00e5rs-jubilar kender v\u00e6rdien af en god kaffesnak med de lokale h\u00e5ndv\u00e6rkere - Mors","robots":{"index":"index","follow":"follow","max-snippet":"max-snippet:-1","max-image-preview":"max-image-preview:large","max-video-preview":"max-video-preview:-1"},"canonical":"https:\/\/kunmedierne.dk\/mors\/25-aars-jubilar-kender-vaerdien-af-en-god-kaffesnak-med-de-lokale-haandvaerkere\/","og_locale":"da_DK","og_type":"article","og_title":"25-\u00e5rs-jubilar kender v\u00e6rdien af en god kaffesnak med de lokale h\u00e5ndv\u00e6rkere - Mors","og_description":"Outrup Vinduer &amp; D\u00f8re A\/S har sendt dette til navnesiden p\u00e5 KunMors: Salgskonsulent Michael Christiansen kan 15. januar 2022 fejre sit 25-\u00e5rs jubil\u00e6um hos vinduesproducenten Outrup Vinduer &amp; D\u00f8re. Han er s\u00e5ledes en blandt n\u00e6sten 30 medarbejdere, der i virksomhedens 53 \u00e5r lange historie har rundet den flotte milep\u00e6l og et godt eksempel p\u00e5, hvordan [&hellip;]","og_url":"https:\/\/kunmedierne.dk\/mors\/25-aars-jubilar-kender-vaerdien-af-en-god-kaffesnak-med-de-lokale-haandvaerkere\/","og_site_name":"Mors","article_published_time":"2022-01-10T10:09:29+00:00","article_modified_time":"2024-08-12T11:34:53+00:00","og_image":[{"width":770,"height":513,"url":"https:\/\/kunmedierne.dk\/mors\/wp-content\/uploads\/2022\/01\/outrup-jubilaeum.jpg","type":"image\/jpeg"}],"author":"Navne","twitter_card":"summary_large_image","twitter_misc":{"Skrevet af":"Navne","Estimeret l\u00e6setid":"4 minutter"},"schema":{"@context":"https:\/\/schema.org","@graph":[{"@type":"Article","@id":"https:\/\/kunmedierne.dk\/mors\/25-aars-jubilar-kender-vaerdien-af-en-god-kaffesnak-med-de-lokale-haandvaerkere\/#article","isPartOf":{"@id":"https:\/\/kunmedierne.dk\/mors\/25-aars-jubilar-kender-vaerdien-af-en-god-kaffesnak-med-de-lokale-haandvaerkere\/"},"author":{"name":"Navne","@id":"https:\/\/kunmedierne.dk\/mors\/#\/schema\/person\/f084885f8161963bb583d8604763a6b7"},"headline":"25-\u00e5rs-jubilar kender v\u00e6rdien af en god kaffesnak med de lokale h\u00e5ndv\u00e6rkere","datePublished":"2022-01-10T10:09:29+00:00","dateModified":"2024-08-12T11:34:53+00:00","mainEntityOfPage":{"@id":"https:\/\/kunmedierne.dk\/mors\/25-aars-jubilar-kender-vaerdien-af-en-god-kaffesnak-med-de-lokale-haandvaerkere\/"},"wordCount":801,"commentCount":0,"publisher":{"@id":"https:\/\/kunmedierne.dk\/mors\/#organization"},"image":{"@id":"https:\/\/kunmedierne.dk\/mors\/25-aars-jubilar-kender-vaerdien-af-en-god-kaffesnak-med-de-lokale-haandvaerkere\/#primaryimage"},"thumbnailUrl":"https:\/\/kunmedierne.dk\/mors\/wp-content\/uploads\/2022\/01\/outrup-jubilaeum.jpg","keywords":["Erhverv"],"articleSection":["Navne"],"inLanguage":"da-DK","potentialAction":[{"@type":"CommentAction","name":"Comment","target":["https:\/\/kunmedierne.dk\/mors\/25-aars-jubilar-kender-vaerdien-af-en-god-kaffesnak-med-de-lokale-haandvaerkere\/#respond"]}]},{"@type":"WebPage","@id":"https:\/\/kunmedierne.dk\/mors\/25-aars-jubilar-kender-vaerdien-af-en-god-kaffesnak-med-de-lokale-haandvaerkere\/","url":"https:\/\/kunmedierne.dk\/mors\/25-aars-jubilar-kender-vaerdien-af-en-god-kaffesnak-med-de-lokale-haandvaerkere\/","name":"25-\u00e5rs-jubilar kender v\u00e6rdien af en god kaffesnak med de lokale h\u00e5ndv\u00e6rkere - Mors","isPartOf":{"@id":"https:\/\/kunmedierne.dk\/mors\/#website"},"primaryImageOfPage":{"@id":"https:\/\/kunmedierne.dk\/mors\/25-aars-jubilar-kender-vaerdien-af-en-god-kaffesnak-med-de-lokale-haandvaerkere\/#primaryimage"},"image":{"@id":"https:\/\/kunmedierne.dk\/mors\/25-aars-jubilar-kender-vaerdien-af-en-god-kaffesnak-med-de-lokale-haandvaerkere\/#primaryimage"},"thumbnailUrl":"https:\/\/kunmedierne.dk\/mors\/wp-content\/uploads\/2022\/01\/outrup-jubilaeum.jpg","datePublished":"2022-01-10T10:09:29+00:00","dateModified":"2024-08-12T11:34:53+00:00","breadcrumb":{"@id":"https:\/\/kunmedierne.dk\/mors\/25-aars-jubilar-kender-vaerdien-af-en-god-kaffesnak-med-de-lokale-haandvaerkere\/#breadcrumb"},"inLanguage":"da-DK","potentialAction":[{"@type":"ReadAction","target":["https:\/\/kunmedierne.dk\/mors\/25-aars-jubilar-kender-vaerdien-af-en-god-kaffesnak-med-de-lokale-haandvaerkere\/"]}]},{"@type":"ImageObject","inLanguage":"da-DK","@id":"https:\/\/kunmedierne.dk\/mors\/25-aars-jubilar-kender-vaerdien-af-en-god-kaffesnak-med-de-lokale-haandvaerkere\/#primaryimage","url":"https:\/\/kunmedierne.dk\/mors\/wp-content\/uploads\/2022\/01\/outrup-jubilaeum.jpg","contentUrl":"https:\/\/kunmedierne.dk\/mors\/wp-content\/uploads\/2022\/01\/outrup-jubilaeum.jpg","width":770,"height":513,"caption":"Michael Christiansen har 25 \u00e5rs jubil\u00e6um. Foto: Outrup Vinduer & D\u00f8re."},{"@type":"BreadcrumbList","@id":"https:\/\/kunmedierne.dk\/mors\/25-aars-jubilar-kender-vaerdien-af-en-god-kaffesnak-med-de-lokale-haandvaerkere\/#breadcrumb","itemListElement":[{"@type":"ListItem","position":1,"name":"Hjem","item":"https:\/\/kunmedierne.dk\/mors\/"},{"@type":"ListItem","position":2,"name":"25-\u00e5rs-jubilar kender v\u00e6rdien af en god kaffesnak med de lokale h\u00e5ndv\u00e6rkere"}]},{"@type":"WebSite","@id":"https:\/\/kunmedierne.dk\/mors\/#website","url":"https:\/\/kunmedierne.dk\/mors\/","name":"Mors","description":"et netmedie med journalistik om livet p\u00e5 Mors","publisher":{"@id":"https:\/\/kunmedierne.dk\/mors\/#organization"},"potentialAction":[{"@type":"SearchAction","target":{"@type":"EntryPoint","urlTemplate":"https:\/\/kunmedierne.dk\/mors\/?s={search_term_string}"},"query-input":{"@type":"PropertyValueSpecification","valueRequired":true,"valueName":"search_term_string"}}],"inLanguage":"da-DK"},{"@type":"Organization","@id":"https:\/\/kunmedierne.dk\/mors\/#organization","name":"Mors","url":"https:\/\/kunmedierne.dk\/mors\/","logo":{"@type":"ImageObject","inLanguage":"da-DK","@id":"https:\/\/kunmedierne.dk\/mors\/#\/schema\/logo\/image\/","url":"https:\/\/kunmedierne.dk\/mors\/wp-content\/uploads\/2024\/08\/kunmors-logo.svg","contentUrl":"https:\/\/kunmedierne.dk\/mors\/wp-content\/uploads\/2024\/08\/kunmors-logo.svg","caption":"Mors"},"image":{"@id":"https:\/\/kunmedierne.dk\/mors\/#\/schema\/logo\/image\/"}},{"@type":"Person","@id":"https:\/\/kunmedierne.dk\/mors\/#\/schema\/person\/f084885f8161963bb583d8604763a6b7","name":"Navne","image":{"@type":"ImageObject","inLanguage":"da-DK","@id":"https:\/\/kunmedierne.dk\/mors\/#\/schema\/person\/image\/","url":"https:\/\/secure.gravatar.com\/avatar\/6f0953307eaee87813e8e3c90223d5589b093e56e7cc66b5575f901f7b5868a5?s=96&d=mm&r=g","contentUrl":"https:\/\/secure.gravatar.com\/avatar\/6f0953307eaee87813e8e3c90223d5589b093e56e7cc66b5575f901f7b5868a5?s=96&d=mm&r=g","caption":"Navne"},"url":"https:\/\/kunmedierne.dk\/mors\/author\/navne\/"}]}},"_links":{"self":[{"href":"https:\/\/kunmedierne.dk\/mors\/wp-json\/wp\/v2\/posts\/60577","targetHints":{"allow":["GET"]}}],"collection":[{"href":"https:\/\/kunmedierne.dk\/mors\/wp-json\/wp\/v2\/posts"}],"about":[{"href":"https:\/\/kunmedierne.dk\/mors\/wp-json\/wp\/v2\/types\/post"}],"author":[{"embeddable":true,"href":"https:\/\/kunmedierne.dk\/mors\/wp-json\/wp\/v2\/users\/264"}],"replies":[{"embeddable":true,"href":"https:\/\/kunmedierne.dk\/mors\/wp-json\/wp\/v2\/comments?post=60577"}],"version-history":[{"count":2,"href":"https:\/\/kunmedierne.dk\/mors\/wp-json\/wp\/v2\/posts\/60577\/revisions"}],"predecessor-version":[{"id":61085,"href":"https:\/\/kunmedierne.dk\/mors\/wp-json\/wp\/v2\/posts\/60577\/revisions\/61085"}],"wp:featuredmedia":[{"embeddable":true,"href":"https:\/\/kunmedierne.dk\/mors\/wp-json\/wp\/v2\/media\/60580"}],"wp:attachment":[{"href":"https:\/\/kunmedierne.dk\/mors\/wp-json\/wp\/v2\/media?parent=60577"}],"wp:term":[{"taxonomy":"category","embeddable":true,"href":"https:\/\/kunmedierne.dk\/mors\/wp-json\/wp\/v2\/categories?post=60577"},{"taxonomy":"post_tag","embeddable":true,"href":"https:\/\/kunmedierne.dk\/mors\/wp-json\/wp\/v2\/tags?post=60577"}],"curies":[{"name":"wp","href":"https:\/\/api.w.org\/{rel}","templated":true}]}}