{"id":60517,"date":"2022-01-09T11:39:58","date_gmt":"2022-01-09T10:39:58","guid":{"rendered":"https:\/\/kunmedierne.dk\/mors\/?p=60517"},"modified":"2024-08-12T13:34:53","modified_gmt":"2024-08-12T11:34:53","slug":"gymnasterne-er-saerligt-haardt-ramt-af-coronaen","status":"publish","type":"post","link":"https:\/\/kunmedierne.dk\/mors\/gymnasterne-er-saerligt-haardt-ramt-af-coronaen\/","title":{"rendered":"Gymnasterne er s\u00e6rligt h\u00e5rdt ramt af coronaen"},"content":{"rendered":"<p><strong>MORS<\/strong>: En af \u00f8ens st\u00f8rste foreninger er s\u00e6rligt h\u00e5rdt ramt af coronapandemien.<\/p>\n<p>I NIF har man efter to ramponerede s\u00e6soner m\u00e5ttet sige farvel til op imod en tredjedel af sine medlemmer. S\u00e5 nu krydser man alle sine fingre for, at det ikke bliver til et \u00e6rgerligt hattrick med aflyste for\u00e5rsopvisninger.<\/p>\n<p>&#8220;Nu har vi haft to \u00e5r, hvor vi ikke har haft mulighed for at lave opvisning, og hvis vi f\u00e5r et tredje, bliver det sv\u00e6rere at finde gymnaster og frivillige. De frivillige synes heller ikke, det er sjovt l\u00e6ngere. Det, man arbejder for i hele s\u00e6sonen, er jo at kunne komme rundt i hallerne lave gymnastik,&#8221; lyder det fra Karin Attermann, n\u00e6stformand i NIF.<\/p>\n<p>&#8220;I de sidste par \u00e5r har det v\u00e6ret op ad bakke, m\u00e5 man sige. Vi har h\u00e5rde odds, men det g\u00e6lder jo alle foreninger,&#8221; siger hun.<\/p>\n<p><a href=\"https:\/\/thistedkloakservice.dk\/\"><img loading=\"lazy\" decoding=\"async\" class=\"alignleft size-full wp-image-46603\" src=\"https:\/\/kunmedierne.dk\/mors\/wp-content\/uploads\/2021\/06\/t12.jpg\" alt=\"\" width=\"1400\" height=\"125\" srcset=\"https:\/\/kunmedierne.dk\/mors\/wp-content\/uploads\/2021\/06\/t12.jpg 1400w, https:\/\/kunmedierne.dk\/mors\/wp-content\/uploads\/2021\/06\/t12-300x27.jpg 300w, https:\/\/kunmedierne.dk\/mors\/wp-content\/uploads\/2021\/06\/t12-1024x91.jpg 1024w, https:\/\/kunmedierne.dk\/mors\/wp-content\/uploads\/2021\/06\/t12-768x69.jpg 768w, https:\/\/kunmedierne.dk\/mors\/wp-content\/uploads\/2021\/06\/t12-600x54.jpg 600w\" sizes=\"auto, (max-width: 1400px) 100vw, 1400px\" \/><\/a>Og det g\u00e6lder selvf\u00f8lgelig ogs\u00e5 for foreninger, der tilbyder andre aktiviteter. Men hvor en eller flere aflyste h\u00e5ndboldkampe ikke n\u00f8dvendigvis er et farvel til \u00e5rets h\u00f8jdepunkt, er det noget andet for gymnaster, der mister de for\u00e5rsopvisninger, de gl\u00e6der sig til fra s\u00e6sonstart. Det p\u00e5peger ogs\u00e5 Sally Balle Josefsen, n\u00e6stformand i gymnastikudvalget hos VIF Mors, hvor man lige som i NIF k\u00e6mper for at bevare de \u00e6ldste b\u00f8rns interesse for gymnastikken.<\/p>\n<p>&#8220;Der er ingen tvivl om, at for\u00e6ldre og st\u00f8rre b\u00f8rn begynder at prioritere anderledes i forhold til at v\u00e6re sammen med familien og i forhold til at bruge tid p\u00e5 egen sport og v\u00e6re frivillig i sportens regi,&#8221; siger hun.<\/p>\n<p>&nbsp;<\/p>\n<p><strong>Sv\u00e6rt at finde tr\u00e6nere<\/strong><\/p>\n<p>Begge gymnastikforeninger er startet op igen efter nyt\u00e5r &#8211; oven p\u00e5 endnu en coronapause. Nu h\u00e5ber man, at det bliver den sidste i denne s\u00e6son.<\/p>\n<p>&#8220;Vi krydser fingre og h\u00e5ber p\u00e5, at vi kan f\u00e5 lov til at holde \u00e5rets opvisning. Vi h\u00e5ber, at smitten har v\u00e6ret s\u00e5 h\u00f8j, at den nu begynder at dale, s\u00e5dan at vi kan tr\u00e6ne med god samvittighed,&#8221; siger Sally Balle Josefsen.<\/p>\n<p>&#8220;Hvis smitten begynder at stige i skolerne, kan det godt blive n\u00f8dvendigt at lukke ned igen. Men som udgangspunkt h\u00e5ber vi, at vi kan f\u00e5 lov til at dyrke noget motion og holde os sunde,&#8221; siger hun.<\/p>\n<p>VIF-lederen gl\u00e6der sig over, at interessen hos de yngste gymnaster er intakt. For dem er det ikke s\u00e5 meget for\u00e5rsopvisningerne, der er gulerod for aktiviteterne. For b\u00f8rn til og med 4. klasse er det f\u00f8rst og fremmest det sjove ved gymnastik, der lokker dem i hallen.<\/p>\n<p><a href=\"https:\/\/morsgaver.dk\/\"><img loading=\"lazy\" decoding=\"async\" class=\"alignleft size-full wp-image-51444\" src=\"https:\/\/kunmedierne.dk\/mors\/wp-content\/uploads\/2021\/09\/KunMors_julegaver_2021.jpg\" alt=\"\" width=\"1400\" height=\"125\" srcset=\"https:\/\/kunmedierne.dk\/mors\/wp-content\/uploads\/2021\/09\/KunMors_julegaver_2021.jpg 1400w, https:\/\/kunmedierne.dk\/mors\/wp-content\/uploads\/2021\/09\/KunMors_julegaver_2021-300x27.jpg 300w, https:\/\/kunmedierne.dk\/mors\/wp-content\/uploads\/2021\/09\/KunMors_julegaver_2021-1024x91.jpg 1024w, https:\/\/kunmedierne.dk\/mors\/wp-content\/uploads\/2021\/09\/KunMors_julegaver_2021-768x69.jpg 768w, https:\/\/kunmedierne.dk\/mors\/wp-content\/uploads\/2021\/09\/KunMors_julegaver_2021-600x54.jpg 600w\" sizes=\"auto, (max-width: 1400px) 100vw, 1400px\" \/><\/a>Men for de \u00e6ldre b\u00f8rn daler interessen naturligt nok, n\u00e5r man flere \u00e5r i tr\u00e6k g\u00e5r glip af det, man har brugt m\u00e5neder p\u00e5 at tr\u00e6ne frem imod.<\/p>\n<p>Og s\u00e5 er der endnu en udfordring, fort\u00e6ller Sally Balle Josefsen.<\/p>\n<p>&#8220;Vi har sv\u00e6rt ved at finde tr\u00e6nere og p\u00e5 den at kunne tilbyde de gode gymnastikhold. Som forening vil vi jo gerne kunne tilbyde de gode springhold &#8211; b\u00e5de de rene drengehold og til dygtige piger. Men s\u00e5 l\u00e6nge, vi ikke kan finde tr\u00e6nere, er det sv\u00e6rt at tilbyde det, og s\u00e5 er det ogs\u00e5 sv\u00e6rt at tiltr\u00e6kke gymnasterne. Det er lidt en skam, for vi har jo ret gode faciliteter med springgrav og forskellige ting,&#8221; siger hun og tilf\u00f8jer, at man i gymnastikafdelingen is\u00e6r har sv\u00e6rt ved at rekruttere frivillige i 40 \u00e5rs-alderen.<\/p>\n<p>&nbsp;<\/p>\n<p><strong>Det samme over hele landet<\/strong><\/p>\n<p>Ogs\u00e5 hos NIF k\u00e6mper man for at holde antallet af tr\u00e6nere oppe. Karin Attermann roser dem, der har holdt ud under coronaen, fordi de har bevaret gejsten trods restriktioner og aflysninger.<\/p>\n<p>Men hun fort\u00e6ller ogs\u00e5, at billedet er det samme for gymnastikken under DGI over hele landet.<\/p>\n<p>&#8220;Vi k\u00e6mper med n\u00e6b og kl\u00f8r rundt omkring i klubberne og foreningerne, for det er ogs\u00e5 vigtigt at bevare det, vi kan bevare. Men det er klart, at vi bl\u00f8der &#8211; det g\u00f8r alle, tror jeg,&#8221; siger Karin Attermann, som fort\u00e6ller, at NIF lige nu har omkring 400 gymnaster, hvor man normalt har op imod 600.<\/p>\n<p><a href=\"https:\/\/www.fmspks.dk\/\"><img loading=\"lazy\" decoding=\"async\" class=\"alignleft size-full wp-image-46592\" src=\"https:\/\/kunmedierne.dk\/mors\/wp-content\/uploads\/2021\/06\/t01.jpg\" alt=\"\" width=\"1400\" height=\"125\" srcset=\"https:\/\/kunmedierne.dk\/mors\/wp-content\/uploads\/2021\/06\/t01.jpg 1400w, https:\/\/kunmedierne.dk\/mors\/wp-content\/uploads\/2021\/06\/t01-300x27.jpg 300w, https:\/\/kunmedierne.dk\/mors\/wp-content\/uploads\/2021\/06\/t01-1024x91.jpg 1024w, https:\/\/kunmedierne.dk\/mors\/wp-content\/uploads\/2021\/06\/t01-768x69.jpg 768w, https:\/\/kunmedierne.dk\/mors\/wp-content\/uploads\/2021\/06\/t01-600x54.jpg 600w\" sizes=\"auto, (max-width: 1400px) 100vw, 1400px\" \/><\/a>&#8220;Det er ikke s\u00e5 meget de helt sm\u00e5 b\u00f8rn, dem har vi heldigvis. Det er lidt l\u00e6ngere oppe i aldersgruppen &#8211; is\u00e6r mixholdet fra syvende \u00e5rgang, som vi gerne vil have samlet, inden de skal p\u00e5 efterskole,&#8221; siger hun.<\/p>\n<p>&#8220;Man finder andre ting og andre interesser. Og det kan v\u00e6re sv\u00e6rt at drive de unge mennesker op igen,&#8221; siger Karin Attermann.<\/p>\n<blockquote>\n<h5>Husk at tilmelde dig vores daglige (og gratis) nyhedsbrev. I denne uge kan du vinde en kurv fra Prebens Vinhandel til en v\u00e6rdi af 300 kroner. L\u00e6s mere\u00a0<a href=\"https:\/\/kunmedierne.dk\/mors\/vind-vin-og-delikatesser-for-300-kroner\/\" target=\"_blank\" rel=\"noopener\">her<\/a>.<\/h5>\n<\/blockquote>\n","protected":false},"excerpt":{"rendered":"<p>MORS: En af \u00f8ens st\u00f8rste foreninger er s\u00e6rligt h\u00e5rdt ramt af coronapandemien. I NIF har man efter to ramponerede s\u00e6soner m\u00e5ttet sige farvel til op imod en tredjedel af sine medlemmer. S\u00e5 nu krydser man alle sine fingre for, at det ikke bliver til et \u00e6rgerligt hattrick med aflyste for\u00e5rsopvisninger. &#8220;Nu har vi haft to [&hellip;]<\/p>\n","protected":false},"author":8,"featured_media":8241,"comment_status":"open","ping_status":"open","sticky":false,"template":"","format":"standard","meta":{"_acf_changed":false,"footnotes":""},"categories":[53],"tags":[196],"class_list":["post-60517","post","type-post","status-publish","format-standard","has-post-thumbnail","hentry","category-sport","tag-foreningsliv"],"acf":[],"yoast_head":"<!-- This site is optimized with the Yoast SEO plugin v26.8 - https:\/\/yoast.com\/product\/yoast-seo-wordpress\/ -->\n<title>Gymnasterne er s\u00e6rligt h\u00e5rdt ramt af coronaen - Mors<\/title>\n<meta name=\"robots\" content=\"index, follow, max-snippet:-1, max-image-preview:large, max-video-preview:-1\" \/>\n<link rel=\"canonical\" href=\"https:\/\/kunmedierne.dk\/mors\/gymnasterne-er-saerligt-haardt-ramt-af-coronaen\/\" \/>\n<meta property=\"og:locale\" content=\"da_DK\" \/>\n<meta property=\"og:type\" content=\"article\" \/>\n<meta property=\"og:title\" content=\"Gymnasterne er s\u00e6rligt h\u00e5rdt ramt af coronaen - Mors\" \/>\n<meta property=\"og:description\" content=\"MORS: En af \u00f8ens st\u00f8rste foreninger er s\u00e6rligt h\u00e5rdt ramt af coronapandemien. I NIF har man efter to ramponerede s\u00e6soner m\u00e5ttet sige farvel til op imod en tredjedel af sine medlemmer. S\u00e5 nu krydser man alle sine fingre for, at det ikke bliver til et \u00e6rgerligt hattrick med aflyste for\u00e5rsopvisninger. &#8220;Nu har vi haft to [&hellip;]\" \/>\n<meta property=\"og:url\" content=\"https:\/\/kunmedierne.dk\/mors\/gymnasterne-er-saerligt-haardt-ramt-af-coronaen\/\" \/>\n<meta property=\"og:site_name\" content=\"Mors\" \/>\n<meta property=\"article:published_time\" content=\"2022-01-09T10:39:58+00:00\" \/>\n<meta property=\"article:modified_time\" content=\"2024-08-12T11:34:53+00:00\" \/>\n<meta property=\"og:image\" content=\"https:\/\/kunmedierne.dk\/mors\/wp-content\/uploads\/2020\/02\/200217-gfm-mors-opvisning-2018-2.jpg\" \/>\n\t<meta property=\"og:image:width\" content=\"770\" \/>\n\t<meta property=\"og:image:height\" content=\"513\" \/>\n\t<meta property=\"og:image:type\" content=\"image\/jpeg\" \/>\n<meta name=\"author\" content=\"David H\u00f8jmark\" \/>\n<meta name=\"twitter:card\" content=\"summary_large_image\" \/>\n<meta name=\"twitter:label1\" content=\"Skrevet af\" \/>\n\t<meta name=\"twitter:data1\" content=\"David H\u00f8jmark\" \/>\n\t<meta name=\"twitter:label2\" content=\"Estimeret l\u00e6setid\" \/>\n\t<meta name=\"twitter:data2\" content=\"4 minutter\" \/>\n<script type=\"application\/ld+json\" class=\"yoast-schema-graph\">{\"@context\":\"https:\/\/schema.org\",\"@graph\":[{\"@type\":\"Article\",\"@id\":\"https:\/\/kunmedierne.dk\/mors\/gymnasterne-er-saerligt-haardt-ramt-af-coronaen\/#article\",\"isPartOf\":{\"@id\":\"https:\/\/kunmedierne.dk\/mors\/gymnasterne-er-saerligt-haardt-ramt-af-coronaen\/\"},\"author\":{\"name\":\"David H\u00f8jmark\",\"@id\":\"https:\/\/kunmedierne.dk\/mors\/#\/schema\/person\/5fe23251bf1d0abbcdc6f7896579d548\"},\"headline\":\"Gymnasterne er s\u00e6rligt h\u00e5rdt ramt af coronaen\",\"datePublished\":\"2022-01-09T10:39:58+00:00\",\"dateModified\":\"2024-08-12T11:34:53+00:00\",\"mainEntityOfPage\":{\"@id\":\"https:\/\/kunmedierne.dk\/mors\/gymnasterne-er-saerligt-haardt-ramt-af-coronaen\/\"},\"wordCount\":823,\"commentCount\":0,\"publisher\":{\"@id\":\"https:\/\/kunmedierne.dk\/mors\/#organization\"},\"image\":{\"@id\":\"https:\/\/kunmedierne.dk\/mors\/gymnasterne-er-saerligt-haardt-ramt-af-coronaen\/#primaryimage\"},\"thumbnailUrl\":\"https:\/\/kunmedierne.dk\/mors\/wp-content\/uploads\/2020\/02\/200217-gfm-mors-opvisning-2018-2.jpg\",\"keywords\":[\"Foreningsliv\"],\"articleSection\":[\"Sport\"],\"inLanguage\":\"da-DK\",\"potentialAction\":[{\"@type\":\"CommentAction\",\"name\":\"Comment\",\"target\":[\"https:\/\/kunmedierne.dk\/mors\/gymnasterne-er-saerligt-haardt-ramt-af-coronaen\/#respond\"]}]},{\"@type\":\"WebPage\",\"@id\":\"https:\/\/kunmedierne.dk\/mors\/gymnasterne-er-saerligt-haardt-ramt-af-coronaen\/\",\"url\":\"https:\/\/kunmedierne.dk\/mors\/gymnasterne-er-saerligt-haardt-ramt-af-coronaen\/\",\"name\":\"Gymnasterne er s\u00e6rligt h\u00e5rdt ramt af coronaen - Mors\",\"isPartOf\":{\"@id\":\"https:\/\/kunmedierne.dk\/mors\/#website\"},\"primaryImageOfPage\":{\"@id\":\"https:\/\/kunmedierne.dk\/mors\/gymnasterne-er-saerligt-haardt-ramt-af-coronaen\/#primaryimage\"},\"image\":{\"@id\":\"https:\/\/kunmedierne.dk\/mors\/gymnasterne-er-saerligt-haardt-ramt-af-coronaen\/#primaryimage\"},\"thumbnailUrl\":\"https:\/\/kunmedierne.dk\/mors\/wp-content\/uploads\/2020\/02\/200217-gfm-mors-opvisning-2018-2.jpg\",\"datePublished\":\"2022-01-09T10:39:58+00:00\",\"dateModified\":\"2024-08-12T11:34:53+00:00\",\"breadcrumb\":{\"@id\":\"https:\/\/kunmedierne.dk\/mors\/gymnasterne-er-saerligt-haardt-ramt-af-coronaen\/#breadcrumb\"},\"inLanguage\":\"da-DK\",\"potentialAction\":[{\"@type\":\"ReadAction\",\"target\":[\"https:\/\/kunmedierne.dk\/mors\/gymnasterne-er-saerligt-haardt-ramt-af-coronaen\/\"]}]},{\"@type\":\"ImageObject\",\"inLanguage\":\"da-DK\",\"@id\":\"https:\/\/kunmedierne.dk\/mors\/gymnasterne-er-saerligt-haardt-ramt-af-coronaen\/#primaryimage\",\"url\":\"https:\/\/kunmedierne.dk\/mors\/wp-content\/uploads\/2020\/02\/200217-gfm-mors-opvisning-2018-2.jpg\",\"contentUrl\":\"https:\/\/kunmedierne.dk\/mors\/wp-content\/uploads\/2020\/02\/200217-gfm-mors-opvisning-2018-2.jpg\",\"width\":770,\"height\":513},{\"@type\":\"BreadcrumbList\",\"@id\":\"https:\/\/kunmedierne.dk\/mors\/gymnasterne-er-saerligt-haardt-ramt-af-coronaen\/#breadcrumb\",\"itemListElement\":[{\"@type\":\"ListItem\",\"position\":1,\"name\":\"Hjem\",\"item\":\"https:\/\/kunmedierne.dk\/mors\/\"},{\"@type\":\"ListItem\",\"position\":2,\"name\":\"Gymnasterne er s\u00e6rligt h\u00e5rdt ramt af coronaen\"}]},{\"@type\":\"WebSite\",\"@id\":\"https:\/\/kunmedierne.dk\/mors\/#website\",\"url\":\"https:\/\/kunmedierne.dk\/mors\/\",\"name\":\"Mors\",\"description\":\"et netmedie med journalistik om livet p\u00e5 Mors\",\"publisher\":{\"@id\":\"https:\/\/kunmedierne.dk\/mors\/#organization\"},\"potentialAction\":[{\"@type\":\"SearchAction\",\"target\":{\"@type\":\"EntryPoint\",\"urlTemplate\":\"https:\/\/kunmedierne.dk\/mors\/?s={search_term_string}\"},\"query-input\":{\"@type\":\"PropertyValueSpecification\",\"valueRequired\":true,\"valueName\":\"search_term_string\"}}],\"inLanguage\":\"da-DK\"},{\"@type\":\"Organization\",\"@id\":\"https:\/\/kunmedierne.dk\/mors\/#organization\",\"name\":\"Mors\",\"url\":\"https:\/\/kunmedierne.dk\/mors\/\",\"logo\":{\"@type\":\"ImageObject\",\"inLanguage\":\"da-DK\",\"@id\":\"https:\/\/kunmedierne.dk\/mors\/#\/schema\/logo\/image\/\",\"url\":\"https:\/\/kunmedierne.dk\/mors\/wp-content\/uploads\/2024\/08\/kunmors-logo.svg\",\"contentUrl\":\"https:\/\/kunmedierne.dk\/mors\/wp-content\/uploads\/2024\/08\/kunmors-logo.svg\",\"caption\":\"Mors\"},\"image\":{\"@id\":\"https:\/\/kunmedierne.dk\/mors\/#\/schema\/logo\/image\/\"}},{\"@type\":\"Person\",\"@id\":\"https:\/\/kunmedierne.dk\/mors\/#\/schema\/person\/5fe23251bf1d0abbcdc6f7896579d548\",\"name\":\"David H\u00f8jmark\",\"image\":{\"@type\":\"ImageObject\",\"inLanguage\":\"da-DK\",\"@id\":\"https:\/\/kunmedierne.dk\/mors\/#\/schema\/person\/image\/\",\"url\":\"https:\/\/secure.gravatar.com\/avatar\/4315d6fb9ef244d729989f5f90268eb08d5bf8a3d84402f595fa194bb35784fd?s=96&d=mm&r=g\",\"contentUrl\":\"https:\/\/secure.gravatar.com\/avatar\/4315d6fb9ef244d729989f5f90268eb08d5bf8a3d84402f595fa194bb35784fd?s=96&d=mm&r=g\",\"caption\":\"David H\u00f8jmark\"},\"sameAs\":[\"https:\/\/www.kunmedierne.dk\"],\"url\":\"https:\/\/kunmedierne.dk\/mors\/author\/david\/\"}]}<\/script>\n<!-- \/ Yoast SEO plugin. -->","yoast_head_json":{"title":"Gymnasterne er s\u00e6rligt h\u00e5rdt ramt af coronaen - Mors","robots":{"index":"index","follow":"follow","max-snippet":"max-snippet:-1","max-image-preview":"max-image-preview:large","max-video-preview":"max-video-preview:-1"},"canonical":"https:\/\/kunmedierne.dk\/mors\/gymnasterne-er-saerligt-haardt-ramt-af-coronaen\/","og_locale":"da_DK","og_type":"article","og_title":"Gymnasterne er s\u00e6rligt h\u00e5rdt ramt af coronaen - Mors","og_description":"MORS: En af \u00f8ens st\u00f8rste foreninger er s\u00e6rligt h\u00e5rdt ramt af coronapandemien. I NIF har man efter to ramponerede s\u00e6soner m\u00e5ttet sige farvel til op imod en tredjedel af sine medlemmer. S\u00e5 nu krydser man alle sine fingre for, at det ikke bliver til et \u00e6rgerligt hattrick med aflyste for\u00e5rsopvisninger. &#8220;Nu har vi haft to [&hellip;]","og_url":"https:\/\/kunmedierne.dk\/mors\/gymnasterne-er-saerligt-haardt-ramt-af-coronaen\/","og_site_name":"Mors","article_published_time":"2022-01-09T10:39:58+00:00","article_modified_time":"2024-08-12T11:34:53+00:00","og_image":[{"width":770,"height":513,"url":"https:\/\/kunmedierne.dk\/mors\/wp-content\/uploads\/2020\/02\/200217-gfm-mors-opvisning-2018-2.jpg","type":"image\/jpeg"}],"author":"David H\u00f8jmark","twitter_card":"summary_large_image","twitter_misc":{"Skrevet af":"David H\u00f8jmark","Estimeret l\u00e6setid":"4 minutter"},"schema":{"@context":"https:\/\/schema.org","@graph":[{"@type":"Article","@id":"https:\/\/kunmedierne.dk\/mors\/gymnasterne-er-saerligt-haardt-ramt-af-coronaen\/#article","isPartOf":{"@id":"https:\/\/kunmedierne.dk\/mors\/gymnasterne-er-saerligt-haardt-ramt-af-coronaen\/"},"author":{"name":"David H\u00f8jmark","@id":"https:\/\/kunmedierne.dk\/mors\/#\/schema\/person\/5fe23251bf1d0abbcdc6f7896579d548"},"headline":"Gymnasterne er s\u00e6rligt h\u00e5rdt ramt af coronaen","datePublished":"2022-01-09T10:39:58+00:00","dateModified":"2024-08-12T11:34:53+00:00","mainEntityOfPage":{"@id":"https:\/\/kunmedierne.dk\/mors\/gymnasterne-er-saerligt-haardt-ramt-af-coronaen\/"},"wordCount":823,"commentCount":0,"publisher":{"@id":"https:\/\/kunmedierne.dk\/mors\/#organization"},"image":{"@id":"https:\/\/kunmedierne.dk\/mors\/gymnasterne-er-saerligt-haardt-ramt-af-coronaen\/#primaryimage"},"thumbnailUrl":"https:\/\/kunmedierne.dk\/mors\/wp-content\/uploads\/2020\/02\/200217-gfm-mors-opvisning-2018-2.jpg","keywords":["Foreningsliv"],"articleSection":["Sport"],"inLanguage":"da-DK","potentialAction":[{"@type":"CommentAction","name":"Comment","target":["https:\/\/kunmedierne.dk\/mors\/gymnasterne-er-saerligt-haardt-ramt-af-coronaen\/#respond"]}]},{"@type":"WebPage","@id":"https:\/\/kunmedierne.dk\/mors\/gymnasterne-er-saerligt-haardt-ramt-af-coronaen\/","url":"https:\/\/kunmedierne.dk\/mors\/gymnasterne-er-saerligt-haardt-ramt-af-coronaen\/","name":"Gymnasterne er s\u00e6rligt h\u00e5rdt ramt af coronaen - Mors","isPartOf":{"@id":"https:\/\/kunmedierne.dk\/mors\/#website"},"primaryImageOfPage":{"@id":"https:\/\/kunmedierne.dk\/mors\/gymnasterne-er-saerligt-haardt-ramt-af-coronaen\/#primaryimage"},"image":{"@id":"https:\/\/kunmedierne.dk\/mors\/gymnasterne-er-saerligt-haardt-ramt-af-coronaen\/#primaryimage"},"thumbnailUrl":"https:\/\/kunmedierne.dk\/mors\/wp-content\/uploads\/2020\/02\/200217-gfm-mors-opvisning-2018-2.jpg","datePublished":"2022-01-09T10:39:58+00:00","dateModified":"2024-08-12T11:34:53+00:00","breadcrumb":{"@id":"https:\/\/kunmedierne.dk\/mors\/gymnasterne-er-saerligt-haardt-ramt-af-coronaen\/#breadcrumb"},"inLanguage":"da-DK","potentialAction":[{"@type":"ReadAction","target":["https:\/\/kunmedierne.dk\/mors\/gymnasterne-er-saerligt-haardt-ramt-af-coronaen\/"]}]},{"@type":"ImageObject","inLanguage":"da-DK","@id":"https:\/\/kunmedierne.dk\/mors\/gymnasterne-er-saerligt-haardt-ramt-af-coronaen\/#primaryimage","url":"https:\/\/kunmedierne.dk\/mors\/wp-content\/uploads\/2020\/02\/200217-gfm-mors-opvisning-2018-2.jpg","contentUrl":"https:\/\/kunmedierne.dk\/mors\/wp-content\/uploads\/2020\/02\/200217-gfm-mors-opvisning-2018-2.jpg","width":770,"height":513},{"@type":"BreadcrumbList","@id":"https:\/\/kunmedierne.dk\/mors\/gymnasterne-er-saerligt-haardt-ramt-af-coronaen\/#breadcrumb","itemListElement":[{"@type":"ListItem","position":1,"name":"Hjem","item":"https:\/\/kunmedierne.dk\/mors\/"},{"@type":"ListItem","position":2,"name":"Gymnasterne er s\u00e6rligt h\u00e5rdt ramt af coronaen"}]},{"@type":"WebSite","@id":"https:\/\/kunmedierne.dk\/mors\/#website","url":"https:\/\/kunmedierne.dk\/mors\/","name":"Mors","description":"et netmedie med journalistik om livet p\u00e5 Mors","publisher":{"@id":"https:\/\/kunmedierne.dk\/mors\/#organization"},"potentialAction":[{"@type":"SearchAction","target":{"@type":"EntryPoint","urlTemplate":"https:\/\/kunmedierne.dk\/mors\/?s={search_term_string}"},"query-input":{"@type":"PropertyValueSpecification","valueRequired":true,"valueName":"search_term_string"}}],"inLanguage":"da-DK"},{"@type":"Organization","@id":"https:\/\/kunmedierne.dk\/mors\/#organization","name":"Mors","url":"https:\/\/kunmedierne.dk\/mors\/","logo":{"@type":"ImageObject","inLanguage":"da-DK","@id":"https:\/\/kunmedierne.dk\/mors\/#\/schema\/logo\/image\/","url":"https:\/\/kunmedierne.dk\/mors\/wp-content\/uploads\/2024\/08\/kunmors-logo.svg","contentUrl":"https:\/\/kunmedierne.dk\/mors\/wp-content\/uploads\/2024\/08\/kunmors-logo.svg","caption":"Mors"},"image":{"@id":"https:\/\/kunmedierne.dk\/mors\/#\/schema\/logo\/image\/"}},{"@type":"Person","@id":"https:\/\/kunmedierne.dk\/mors\/#\/schema\/person\/5fe23251bf1d0abbcdc6f7896579d548","name":"David H\u00f8jmark","image":{"@type":"ImageObject","inLanguage":"da-DK","@id":"https:\/\/kunmedierne.dk\/mors\/#\/schema\/person\/image\/","url":"https:\/\/secure.gravatar.com\/avatar\/4315d6fb9ef244d729989f5f90268eb08d5bf8a3d84402f595fa194bb35784fd?s=96&d=mm&r=g","contentUrl":"https:\/\/secure.gravatar.com\/avatar\/4315d6fb9ef244d729989f5f90268eb08d5bf8a3d84402f595fa194bb35784fd?s=96&d=mm&r=g","caption":"David H\u00f8jmark"},"sameAs":["https:\/\/www.kunmedierne.dk"],"url":"https:\/\/kunmedierne.dk\/mors\/author\/david\/"}]}},"_links":{"self":[{"href":"https:\/\/kunmedierne.dk\/mors\/wp-json\/wp\/v2\/posts\/60517","targetHints":{"allow":["GET"]}}],"collection":[{"href":"https:\/\/kunmedierne.dk\/mors\/wp-json\/wp\/v2\/posts"}],"about":[{"href":"https:\/\/kunmedierne.dk\/mors\/wp-json\/wp\/v2\/types\/post"}],"author":[{"embeddable":true,"href":"https:\/\/kunmedierne.dk\/mors\/wp-json\/wp\/v2\/users\/8"}],"replies":[{"embeddable":true,"href":"https:\/\/kunmedierne.dk\/mors\/wp-json\/wp\/v2\/comments?post=60517"}],"version-history":[{"count":4,"href":"https:\/\/kunmedierne.dk\/mors\/wp-json\/wp\/v2\/posts\/60517\/revisions"}],"predecessor-version":[{"id":60550,"href":"https:\/\/kunmedierne.dk\/mors\/wp-json\/wp\/v2\/posts\/60517\/revisions\/60550"}],"wp:featuredmedia":[{"embeddable":true,"href":"https:\/\/kunmedierne.dk\/mors\/wp-json\/wp\/v2\/media\/8241"}],"wp:attachment":[{"href":"https:\/\/kunmedierne.dk\/mors\/wp-json\/wp\/v2\/media?parent=60517"}],"wp:term":[{"taxonomy":"category","embeddable":true,"href":"https:\/\/kunmedierne.dk\/mors\/wp-json\/wp\/v2\/categories?post=60517"},{"taxonomy":"post_tag","embeddable":true,"href":"https:\/\/kunmedierne.dk\/mors\/wp-json\/wp\/v2\/tags?post=60517"}],"curies":[{"name":"wp","href":"https:\/\/api.w.org\/{rel}","templated":true}]}}