{"id":6051,"date":"2020-02-05T14:13:46","date_gmt":"2020-02-05T13:13:46","guid":{"rendered":"https:\/\/kunmedierne.dk\/mors\/?p=6051"},"modified":"2024-08-12T14:07:41","modified_gmt":"2024-08-12T12:07:41","slug":"den-vaerste-form-for-tyveri","status":"publish","type":"post","link":"https:\/\/kunmedierne.dk\/mors\/den-vaerste-form-for-tyveri\/","title":{"rendered":"Den v\u00e6rste form for tyveri"},"content":{"rendered":"<p><strong>NYK\u00d8BING: <\/strong>I julen var Christina Salquist fra Erslev sammen med sin k\u00e6reste og deres b\u00f8rn p\u00e5 kirkeg\u00e5rden i Nyk\u00f8bing. De skulle bes\u00f8ge k\u00e6restens bedstefars grav for at give ham et LED-lys med billeder af deres b\u00f8rn.<\/p>\n<p>Stemningen var god, lyset blev placeret i en bl\u00e5 lanterne og passede smukt sammen med det p\u00e6ne gravsted, der i sin nydelige ordentlighed med et personligt pr\u00e6g\u00a0fort\u00e6ller historien om en familie, der ikke har glemt &#8211; og som gl\u00e6der sig over mindet.<\/p>\n<p>Den lille familie tog hjem til Erslev i julestemning. Men f\u00e5 dage senere blev hum\u00f8ret \u00f8delagt.<\/p>\n<p>&#8220;Senere var min svigermor og hendes mor s\u00e5 oppe p\u00e5 kirkeg\u00e5rden for at s\u00e6tte et nyt batteri i lyset. Og da de s\u00e5 skulle til at \u00e5bne lanternen, opdagede de, at nogen havde \u00e5bnet den, taget lyset ud og var g\u00e5et med det.&#8221;<\/p>\n<p>Christina Salquist fort\u00e6ller om oplevelsen med ro i stemmen. Men det skinner ogs\u00e5 igennem, at hun stadig er vred &#8211; og m\u00e5ske mest af alt overrasket.<\/p>\n<p>&#8220;F\u00f8rst t\u00e6nkte jeg, at det var m\u00e6rkeligt, at nogen ville tage lanternen,&#8221; siger hun om tankerne, da hun fik besked om tyveriet. Men s\u00e5 gik det op for hende, at tyven ikke havde taget lanternen, men var g\u00e5et v\u00e6k med lyset, der havde billeder af hendes b\u00f8rn.<\/p>\n<div id=\"attachment_6066\" style=\"width: 249px\" class=\"wp-caption alignright\"><img loading=\"lazy\" decoding=\"async\" aria-describedby=\"caption-attachment-6066\" class=\"size-medium wp-image-6066\" src=\"https:\/\/kunmedierne.dk\/mors\/wp-content\/uploads\/2020\/02\/200204-tyveri7-239x300.jpg\" alt=\"\" width=\"239\" height=\"300\" srcset=\"https:\/\/kunmedierne.dk\/mors\/wp-content\/uploads\/2020\/02\/200204-tyveri7-239x300.jpg 239w, https:\/\/kunmedierne.dk\/mors\/wp-content\/uploads\/2020\/02\/200204-tyveri7.jpg 538w\" sizes=\"auto, (max-width: 239px) 100vw, 239px\" \/><p id=\"caption-attachment-6066\" class=\"wp-caption-text\">Det var et lys magen til dette, der blev stj\u00e5let. Privatfoto.<\/p><\/div>\n<p>&#8220;Det kr\u00e6nker mig meget, at nogen tager et billede af mine b\u00f8rn,&#8221; siger hun.<\/p>\n<p>Og s\u00e5 fort\u00e6ller hun om en forhistorie, der kun g\u00f8r oplevelsen endnu d\u00e5rligere.<\/p>\n<p>&nbsp;<\/p>\n<p><strong>Underlige ting at stj\u00e6le<\/strong><br \/>\nDet er nemlig ikke f\u00f8rste gang, familien har v\u00e6ret udsat for tyveri p\u00e5 gravstedet. Og det er heller ikke anden.<\/p>\n<p>Tidligere har nogen taget et hjerte formet i st\u00e5l op ad jorden og er g\u00e5et v\u00e6k med det. Og anden gang, der var tyveri, forsvandt et solcellelys.<\/p>\n<p>Christina Salquist beskriver det som underlige ting at stj\u00e6le:<\/p>\n<p>&#8220;Det er ikke v\u00e6rdifulde ting. Det er ikke noget, man kan s\u00e6lge og f\u00e5 nogle penge for,&#8221; siger hun og p\u00e5peger, at tyven formentlig heller ikke har kunnet bruge tingene til at have st\u00e5ende p\u00e5 et andet gravsted p\u00e5 kirkeg\u00e5rden.<\/p>\n<p>&#8220;Det ville i hvert fald v\u00e6re flabet,&#8221; siger hun.<\/p>\n<p>&nbsp;<\/p>\n<p><strong>Forh\u00e5bentlig for at v\u00e6re tr\u00e6ls<\/strong><br \/>\nChristina Salquist har grublet meget over, hvad der kan f\u00e5 en person til at stj\u00e6le et lys med billeder af b\u00f8rn, som han eller hun ikke har nogen personlig forbindelse til. Hendes eneste bud er, at det kan v\u00e6re gjort for at genere.<\/p>\n<p>&#8220;Men om det s\u00e5 er nogle unge eller psykisk syge, eller hvad fanden det er, det ved jeg ikke. Et eller andet sted h\u00e5ber jeg, at det bare er nogen, der g\u00f8r det for at v\u00e6re tr\u00e6ls,&#8221; siger hun.<\/p>\n<p>Hendes h\u00e5b er ogs\u00e5, at tyven har skilt sig af med lyset eller vil g\u00f8re det hurtigst muligt. For tanken om, at det er i vedkommendes varet\u00e6gt er ikke rar.<\/p>\n<p>&#8220;Jeg har ikke lyst til, at nogen skal have billeder af mine b\u00f8rn, uden jeg har givet dem lov,&#8221; siger Christina Salquist.<\/p>\n<p>KunMors har kontaktet Nyk\u00f8bing Kirkeg\u00e5rd for en kommentar. L\u00e6s den <a href=\"https:\/\/kunmedierne.dk\/mors\/kirkegaardsleder-der-er-som-regel-en-naturlig-forklaring\/\" target=\"_blank\" rel=\"noopener noreferrer\">her<\/a>.<\/p>\n<div id=\"attachment_6067\" style=\"width: 510px\" class=\"wp-caption alignnone\"><img loading=\"lazy\" decoding=\"async\" aria-describedby=\"caption-attachment-6067\" class=\"wp-image-6067\" src=\"https:\/\/kunmedierne.dk\/mors\/wp-content\/uploads\/2020\/02\/200204-tyveri5b-300x200.jpg\" alt=\"\" width=\"500\" height=\"333\" srcset=\"https:\/\/kunmedierne.dk\/mors\/wp-content\/uploads\/2020\/02\/200204-tyveri5b-300x200.jpg 300w, https:\/\/kunmedierne.dk\/mors\/wp-content\/uploads\/2020\/02\/200204-tyveri5b-768x512.jpg 768w, https:\/\/kunmedierne.dk\/mors\/wp-content\/uploads\/2020\/02\/200204-tyveri5b-360x240.jpg 360w, https:\/\/kunmedierne.dk\/mors\/wp-content\/uploads\/2020\/02\/200204-tyveri5b-600x400.jpg 600w, https:\/\/kunmedierne.dk\/mors\/wp-content\/uploads\/2020\/02\/200204-tyveri5b.jpg 770w\" sizes=\"auto, (max-width: 500px) 100vw, 500px\" \/><p id=\"caption-attachment-6067\" class=\"wp-caption-text\">Christina Salquist med den bl\u00e5 lanterne, der indeholdt lyset med hendes b\u00f8rn.<\/p><\/div>\n","protected":false},"excerpt":{"rendered":"<p>NYK\u00d8BING: I julen var Christina Salquist fra Erslev sammen med sin k\u00e6reste og deres b\u00f8rn p\u00e5 kirkeg\u00e5rden i Nyk\u00f8bing. De skulle bes\u00f8ge k\u00e6restens bedstefars grav for at give ham et LED-lys med billeder af deres b\u00f8rn. Stemningen var god, lyset blev placeret i en bl\u00e5 lanterne og passede smukt sammen med det p\u00e6ne gravsted, der [&hellip;]<\/p>\n","protected":false},"author":8,"featured_media":6064,"comment_status":"open","ping_status":"open","sticky":false,"template":"","format":"standard","meta":{"_acf_changed":false,"footnotes":""},"categories":[51],"tags":[],"class_list":["post-6051","post","type-post","status-publish","format-standard","has-post-thumbnail","hentry","category-lokalt"],"acf":[],"yoast_head":"<!-- This site is optimized with the Yoast SEO plugin v26.8 - https:\/\/yoast.com\/product\/yoast-seo-wordpress\/ -->\n<title>Den v\u00e6rste form for tyveri - Mors<\/title>\n<meta name=\"robots\" content=\"index, follow, max-snippet:-1, max-image-preview:large, max-video-preview:-1\" \/>\n<link rel=\"canonical\" href=\"https:\/\/kunmedierne.dk\/mors\/den-vaerste-form-for-tyveri\/\" \/>\n<meta property=\"og:locale\" content=\"da_DK\" \/>\n<meta property=\"og:type\" content=\"article\" \/>\n<meta property=\"og:title\" content=\"Den v\u00e6rste form for tyveri - Mors\" \/>\n<meta property=\"og:description\" content=\"NYK\u00d8BING: I julen var Christina Salquist fra Erslev sammen med sin k\u00e6reste og deres b\u00f8rn p\u00e5 kirkeg\u00e5rden i Nyk\u00f8bing. De skulle bes\u00f8ge k\u00e6restens bedstefars grav for at give ham et LED-lys med billeder af deres b\u00f8rn. Stemningen var god, lyset blev placeret i en bl\u00e5 lanterne og passede smukt sammen med det p\u00e6ne gravsted, der [&hellip;]\" \/>\n<meta property=\"og:url\" content=\"https:\/\/kunmedierne.dk\/mors\/den-vaerste-form-for-tyveri\/\" \/>\n<meta property=\"og:site_name\" content=\"Mors\" \/>\n<meta property=\"article:published_time\" content=\"2020-02-05T13:13:46+00:00\" \/>\n<meta property=\"article:modified_time\" content=\"2024-08-12T12:07:41+00:00\" \/>\n<meta property=\"og:image\" content=\"https:\/\/kunmedierne.dk\/mors\/wp-content\/uploads\/2020\/02\/200204-tyveri2.jpg\" \/>\n\t<meta property=\"og:image:width\" content=\"770\" \/>\n\t<meta property=\"og:image:height\" content=\"513\" \/>\n\t<meta property=\"og:image:type\" content=\"image\/jpeg\" \/>\n<meta name=\"author\" content=\"David H\u00f8jmark\" \/>\n<meta name=\"twitter:card\" content=\"summary_large_image\" \/>\n<meta name=\"twitter:label1\" content=\"Skrevet af\" \/>\n\t<meta name=\"twitter:data1\" content=\"David H\u00f8jmark\" \/>\n\t<meta name=\"twitter:label2\" content=\"Estimeret l\u00e6setid\" \/>\n\t<meta name=\"twitter:data2\" content=\"3 minutter\" \/>\n<script type=\"application\/ld+json\" class=\"yoast-schema-graph\">{\"@context\":\"https:\/\/schema.org\",\"@graph\":[{\"@type\":\"Article\",\"@id\":\"https:\/\/kunmedierne.dk\/mors\/den-vaerste-form-for-tyveri\/#article\",\"isPartOf\":{\"@id\":\"https:\/\/kunmedierne.dk\/mors\/den-vaerste-form-for-tyveri\/\"},\"author\":{\"name\":\"David H\u00f8jmark\",\"@id\":\"https:\/\/kunmedierne.dk\/mors\/#\/schema\/person\/5fe23251bf1d0abbcdc6f7896579d548\"},\"headline\":\"Den v\u00e6rste form for tyveri\",\"datePublished\":\"2020-02-05T13:13:46+00:00\",\"dateModified\":\"2024-08-12T12:07:41+00:00\",\"mainEntityOfPage\":{\"@id\":\"https:\/\/kunmedierne.dk\/mors\/den-vaerste-form-for-tyveri\/\"},\"wordCount\":603,\"commentCount\":0,\"publisher\":{\"@id\":\"https:\/\/kunmedierne.dk\/mors\/#organization\"},\"image\":{\"@id\":\"https:\/\/kunmedierne.dk\/mors\/den-vaerste-form-for-tyveri\/#primaryimage\"},\"thumbnailUrl\":\"https:\/\/kunmedierne.dk\/mors\/wp-content\/uploads\/2020\/02\/200204-tyveri2.jpg\",\"articleSection\":[\"Lokalt\"],\"inLanguage\":\"da-DK\",\"potentialAction\":[{\"@type\":\"CommentAction\",\"name\":\"Comment\",\"target\":[\"https:\/\/kunmedierne.dk\/mors\/den-vaerste-form-for-tyveri\/#respond\"]}]},{\"@type\":\"WebPage\",\"@id\":\"https:\/\/kunmedierne.dk\/mors\/den-vaerste-form-for-tyveri\/\",\"url\":\"https:\/\/kunmedierne.dk\/mors\/den-vaerste-form-for-tyveri\/\",\"name\":\"Den v\u00e6rste form for tyveri - Mors\",\"isPartOf\":{\"@id\":\"https:\/\/kunmedierne.dk\/mors\/#website\"},\"primaryImageOfPage\":{\"@id\":\"https:\/\/kunmedierne.dk\/mors\/den-vaerste-form-for-tyveri\/#primaryimage\"},\"image\":{\"@id\":\"https:\/\/kunmedierne.dk\/mors\/den-vaerste-form-for-tyveri\/#primaryimage\"},\"thumbnailUrl\":\"https:\/\/kunmedierne.dk\/mors\/wp-content\/uploads\/2020\/02\/200204-tyveri2.jpg\",\"datePublished\":\"2020-02-05T13:13:46+00:00\",\"dateModified\":\"2024-08-12T12:07:41+00:00\",\"breadcrumb\":{\"@id\":\"https:\/\/kunmedierne.dk\/mors\/den-vaerste-form-for-tyveri\/#breadcrumb\"},\"inLanguage\":\"da-DK\",\"potentialAction\":[{\"@type\":\"ReadAction\",\"target\":[\"https:\/\/kunmedierne.dk\/mors\/den-vaerste-form-for-tyveri\/\"]}]},{\"@type\":\"ImageObject\",\"inLanguage\":\"da-DK\",\"@id\":\"https:\/\/kunmedierne.dk\/mors\/den-vaerste-form-for-tyveri\/#primaryimage\",\"url\":\"https:\/\/kunmedierne.dk\/mors\/wp-content\/uploads\/2020\/02\/200204-tyveri2.jpg\",\"contentUrl\":\"https:\/\/kunmedierne.dk\/mors\/wp-content\/uploads\/2020\/02\/200204-tyveri2.jpg\",\"width\":770,\"height\":513,\"caption\":\"Christina Salquist med b\u00f8rnene Celina og Felix p\u00e5 kirkeg\u00e5rden i Nyk\u00f8bing. Foto: David H\u00f8jmark\"},{\"@type\":\"BreadcrumbList\",\"@id\":\"https:\/\/kunmedierne.dk\/mors\/den-vaerste-form-for-tyveri\/#breadcrumb\",\"itemListElement\":[{\"@type\":\"ListItem\",\"position\":1,\"name\":\"Hjem\",\"item\":\"https:\/\/kunmedierne.dk\/mors\/\"},{\"@type\":\"ListItem\",\"position\":2,\"name\":\"Den v\u00e6rste form for tyveri\"}]},{\"@type\":\"WebSite\",\"@id\":\"https:\/\/kunmedierne.dk\/mors\/#website\",\"url\":\"https:\/\/kunmedierne.dk\/mors\/\",\"name\":\"Mors\",\"description\":\"et netmedie med journalistik om livet p\u00e5 Mors\",\"publisher\":{\"@id\":\"https:\/\/kunmedierne.dk\/mors\/#organization\"},\"potentialAction\":[{\"@type\":\"SearchAction\",\"target\":{\"@type\":\"EntryPoint\",\"urlTemplate\":\"https:\/\/kunmedierne.dk\/mors\/?s={search_term_string}\"},\"query-input\":{\"@type\":\"PropertyValueSpecification\",\"valueRequired\":true,\"valueName\":\"search_term_string\"}}],\"inLanguage\":\"da-DK\"},{\"@type\":\"Organization\",\"@id\":\"https:\/\/kunmedierne.dk\/mors\/#organization\",\"name\":\"Mors\",\"url\":\"https:\/\/kunmedierne.dk\/mors\/\",\"logo\":{\"@type\":\"ImageObject\",\"inLanguage\":\"da-DK\",\"@id\":\"https:\/\/kunmedierne.dk\/mors\/#\/schema\/logo\/image\/\",\"url\":\"https:\/\/kunmedierne.dk\/mors\/wp-content\/uploads\/2024\/08\/kunmors-logo.svg\",\"contentUrl\":\"https:\/\/kunmedierne.dk\/mors\/wp-content\/uploads\/2024\/08\/kunmors-logo.svg\",\"caption\":\"Mors\"},\"image\":{\"@id\":\"https:\/\/kunmedierne.dk\/mors\/#\/schema\/logo\/image\/\"}},{\"@type\":\"Person\",\"@id\":\"https:\/\/kunmedierne.dk\/mors\/#\/schema\/person\/5fe23251bf1d0abbcdc6f7896579d548\",\"name\":\"David H\u00f8jmark\",\"image\":{\"@type\":\"ImageObject\",\"inLanguage\":\"da-DK\",\"@id\":\"https:\/\/kunmedierne.dk\/mors\/#\/schema\/person\/image\/\",\"url\":\"https:\/\/secure.gravatar.com\/avatar\/4315d6fb9ef244d729989f5f90268eb08d5bf8a3d84402f595fa194bb35784fd?s=96&d=mm&r=g\",\"contentUrl\":\"https:\/\/secure.gravatar.com\/avatar\/4315d6fb9ef244d729989f5f90268eb08d5bf8a3d84402f595fa194bb35784fd?s=96&d=mm&r=g\",\"caption\":\"David H\u00f8jmark\"},\"sameAs\":[\"https:\/\/www.kunmedierne.dk\"],\"url\":\"https:\/\/kunmedierne.dk\/mors\/author\/david\/\"}]}<\/script>\n<!-- \/ Yoast SEO plugin. -->","yoast_head_json":{"title":"Den v\u00e6rste form for tyveri - Mors","robots":{"index":"index","follow":"follow","max-snippet":"max-snippet:-1","max-image-preview":"max-image-preview:large","max-video-preview":"max-video-preview:-1"},"canonical":"https:\/\/kunmedierne.dk\/mors\/den-vaerste-form-for-tyveri\/","og_locale":"da_DK","og_type":"article","og_title":"Den v\u00e6rste form for tyveri - Mors","og_description":"NYK\u00d8BING: I julen var Christina Salquist fra Erslev sammen med sin k\u00e6reste og deres b\u00f8rn p\u00e5 kirkeg\u00e5rden i Nyk\u00f8bing. De skulle bes\u00f8ge k\u00e6restens bedstefars grav for at give ham et LED-lys med billeder af deres b\u00f8rn. Stemningen var god, lyset blev placeret i en bl\u00e5 lanterne og passede smukt sammen med det p\u00e6ne gravsted, der [&hellip;]","og_url":"https:\/\/kunmedierne.dk\/mors\/den-vaerste-form-for-tyveri\/","og_site_name":"Mors","article_published_time":"2020-02-05T13:13:46+00:00","article_modified_time":"2024-08-12T12:07:41+00:00","og_image":[{"width":770,"height":513,"url":"https:\/\/kunmedierne.dk\/mors\/wp-content\/uploads\/2020\/02\/200204-tyveri2.jpg","type":"image\/jpeg"}],"author":"David H\u00f8jmark","twitter_card":"summary_large_image","twitter_misc":{"Skrevet af":"David H\u00f8jmark","Estimeret l\u00e6setid":"3 minutter"},"schema":{"@context":"https:\/\/schema.org","@graph":[{"@type":"Article","@id":"https:\/\/kunmedierne.dk\/mors\/den-vaerste-form-for-tyveri\/#article","isPartOf":{"@id":"https:\/\/kunmedierne.dk\/mors\/den-vaerste-form-for-tyveri\/"},"author":{"name":"David H\u00f8jmark","@id":"https:\/\/kunmedierne.dk\/mors\/#\/schema\/person\/5fe23251bf1d0abbcdc6f7896579d548"},"headline":"Den v\u00e6rste form for tyveri","datePublished":"2020-02-05T13:13:46+00:00","dateModified":"2024-08-12T12:07:41+00:00","mainEntityOfPage":{"@id":"https:\/\/kunmedierne.dk\/mors\/den-vaerste-form-for-tyveri\/"},"wordCount":603,"commentCount":0,"publisher":{"@id":"https:\/\/kunmedierne.dk\/mors\/#organization"},"image":{"@id":"https:\/\/kunmedierne.dk\/mors\/den-vaerste-form-for-tyveri\/#primaryimage"},"thumbnailUrl":"https:\/\/kunmedierne.dk\/mors\/wp-content\/uploads\/2020\/02\/200204-tyveri2.jpg","articleSection":["Lokalt"],"inLanguage":"da-DK","potentialAction":[{"@type":"CommentAction","name":"Comment","target":["https:\/\/kunmedierne.dk\/mors\/den-vaerste-form-for-tyveri\/#respond"]}]},{"@type":"WebPage","@id":"https:\/\/kunmedierne.dk\/mors\/den-vaerste-form-for-tyveri\/","url":"https:\/\/kunmedierne.dk\/mors\/den-vaerste-form-for-tyveri\/","name":"Den v\u00e6rste form for tyveri - Mors","isPartOf":{"@id":"https:\/\/kunmedierne.dk\/mors\/#website"},"primaryImageOfPage":{"@id":"https:\/\/kunmedierne.dk\/mors\/den-vaerste-form-for-tyveri\/#primaryimage"},"image":{"@id":"https:\/\/kunmedierne.dk\/mors\/den-vaerste-form-for-tyveri\/#primaryimage"},"thumbnailUrl":"https:\/\/kunmedierne.dk\/mors\/wp-content\/uploads\/2020\/02\/200204-tyveri2.jpg","datePublished":"2020-02-05T13:13:46+00:00","dateModified":"2024-08-12T12:07:41+00:00","breadcrumb":{"@id":"https:\/\/kunmedierne.dk\/mors\/den-vaerste-form-for-tyveri\/#breadcrumb"},"inLanguage":"da-DK","potentialAction":[{"@type":"ReadAction","target":["https:\/\/kunmedierne.dk\/mors\/den-vaerste-form-for-tyveri\/"]}]},{"@type":"ImageObject","inLanguage":"da-DK","@id":"https:\/\/kunmedierne.dk\/mors\/den-vaerste-form-for-tyveri\/#primaryimage","url":"https:\/\/kunmedierne.dk\/mors\/wp-content\/uploads\/2020\/02\/200204-tyveri2.jpg","contentUrl":"https:\/\/kunmedierne.dk\/mors\/wp-content\/uploads\/2020\/02\/200204-tyveri2.jpg","width":770,"height":513,"caption":"Christina Salquist med b\u00f8rnene Celina og Felix p\u00e5 kirkeg\u00e5rden i Nyk\u00f8bing. Foto: David H\u00f8jmark"},{"@type":"BreadcrumbList","@id":"https:\/\/kunmedierne.dk\/mors\/den-vaerste-form-for-tyveri\/#breadcrumb","itemListElement":[{"@type":"ListItem","position":1,"name":"Hjem","item":"https:\/\/kunmedierne.dk\/mors\/"},{"@type":"ListItem","position":2,"name":"Den v\u00e6rste form for tyveri"}]},{"@type":"WebSite","@id":"https:\/\/kunmedierne.dk\/mors\/#website","url":"https:\/\/kunmedierne.dk\/mors\/","name":"Mors","description":"et netmedie med journalistik om livet p\u00e5 Mors","publisher":{"@id":"https:\/\/kunmedierne.dk\/mors\/#organization"},"potentialAction":[{"@type":"SearchAction","target":{"@type":"EntryPoint","urlTemplate":"https:\/\/kunmedierne.dk\/mors\/?s={search_term_string}"},"query-input":{"@type":"PropertyValueSpecification","valueRequired":true,"valueName":"search_term_string"}}],"inLanguage":"da-DK"},{"@type":"Organization","@id":"https:\/\/kunmedierne.dk\/mors\/#organization","name":"Mors","url":"https:\/\/kunmedierne.dk\/mors\/","logo":{"@type":"ImageObject","inLanguage":"da-DK","@id":"https:\/\/kunmedierne.dk\/mors\/#\/schema\/logo\/image\/","url":"https:\/\/kunmedierne.dk\/mors\/wp-content\/uploads\/2024\/08\/kunmors-logo.svg","contentUrl":"https:\/\/kunmedierne.dk\/mors\/wp-content\/uploads\/2024\/08\/kunmors-logo.svg","caption":"Mors"},"image":{"@id":"https:\/\/kunmedierne.dk\/mors\/#\/schema\/logo\/image\/"}},{"@type":"Person","@id":"https:\/\/kunmedierne.dk\/mors\/#\/schema\/person\/5fe23251bf1d0abbcdc6f7896579d548","name":"David H\u00f8jmark","image":{"@type":"ImageObject","inLanguage":"da-DK","@id":"https:\/\/kunmedierne.dk\/mors\/#\/schema\/person\/image\/","url":"https:\/\/secure.gravatar.com\/avatar\/4315d6fb9ef244d729989f5f90268eb08d5bf8a3d84402f595fa194bb35784fd?s=96&d=mm&r=g","contentUrl":"https:\/\/secure.gravatar.com\/avatar\/4315d6fb9ef244d729989f5f90268eb08d5bf8a3d84402f595fa194bb35784fd?s=96&d=mm&r=g","caption":"David H\u00f8jmark"},"sameAs":["https:\/\/www.kunmedierne.dk"],"url":"https:\/\/kunmedierne.dk\/mors\/author\/david\/"}]}},"_links":{"self":[{"href":"https:\/\/kunmedierne.dk\/mors\/wp-json\/wp\/v2\/posts\/6051","targetHints":{"allow":["GET"]}}],"collection":[{"href":"https:\/\/kunmedierne.dk\/mors\/wp-json\/wp\/v2\/posts"}],"about":[{"href":"https:\/\/kunmedierne.dk\/mors\/wp-json\/wp\/v2\/types\/post"}],"author":[{"embeddable":true,"href":"https:\/\/kunmedierne.dk\/mors\/wp-json\/wp\/v2\/users\/8"}],"replies":[{"embeddable":true,"href":"https:\/\/kunmedierne.dk\/mors\/wp-json\/wp\/v2\/comments?post=6051"}],"version-history":[{"count":6,"href":"https:\/\/kunmedierne.dk\/mors\/wp-json\/wp\/v2\/posts\/6051\/revisions"}],"predecessor-version":[{"id":7005,"href":"https:\/\/kunmedierne.dk\/mors\/wp-json\/wp\/v2\/posts\/6051\/revisions\/7005"}],"wp:featuredmedia":[{"embeddable":true,"href":"https:\/\/kunmedierne.dk\/mors\/wp-json\/wp\/v2\/media\/6064"}],"wp:attachment":[{"href":"https:\/\/kunmedierne.dk\/mors\/wp-json\/wp\/v2\/media?parent=6051"}],"wp:term":[{"taxonomy":"category","embeddable":true,"href":"https:\/\/kunmedierne.dk\/mors\/wp-json\/wp\/v2\/categories?post=6051"},{"taxonomy":"post_tag","embeddable":true,"href":"https:\/\/kunmedierne.dk\/mors\/wp-json\/wp\/v2\/tags?post=6051"}],"curies":[{"name":"wp","href":"https:\/\/api.w.org\/{rel}","templated":true}]}}