{"id":60399,"date":"2022-01-06T08:55:31","date_gmt":"2022-01-06T07:55:31","guid":{"rendered":"https:\/\/kunmedierne.dk\/mors\/?p=60399"},"modified":"2024-08-12T13:34:53","modified_gmt":"2024-08-12T11:34:53","slug":"peter-jensen-fejrer-40-aars-jubilaeum-hos-thorup-smed-a-s","status":"publish","type":"post","link":"https:\/\/kunmedierne.dk\/mors\/peter-jensen-fejrer-40-aars-jubilaeum-hos-thorup-smed-a-s\/","title":{"rendered":"Peter Jensen fejrer 40-\u00e5rs jubil\u00e6um hos Thorup Smed A\/S"},"content":{"rendered":"<p><em>Thorup Smed A\/S har sendt dette til navnesiden p\u00e5 KunMors:<\/em><\/p>\n<hr \/>\n<p><strong>Den 1. januar kunne Peter Jensen fejre 40-\u00e5rs jubil\u00e6um hos Thorup Smed A\/S. Han kan s\u00e5ledes se tilbage p\u00e5 en lang karriere i virksomheden, hvor han gennem \u00e5rene som smed har besk\u00e6ftiget sig med b\u00e5de VVS og opbygning af specialmaskiner<\/strong><\/p>\n<p><strong>THORUP<\/strong>:\u00a0Da Peter Jensen tr\u00e5dte ind hos Thorup Smed A\/S f\u00f8rste gang lige efter nyt\u00e5ret i 1982, havde han ikke dr\u00f8mt om, at han 40 \u00e5r senere fortsat arbejdede samme sted. Den tidligere ejer, Anton Mikkelsen, lovede ham nemlig kun 14 dages ans\u00e6ttelse. Ikke desto mindre kunne han den 1. januar 2022 fejre 40-\u00e5rs jubil\u00e6um.<\/p>\n<p>I de f\u00f8rste 22 \u00e5r hed Peters arbejdsgiver Anton Mikkelsen, og i disse \u00e5r arbejdede Peter mest med VVS. Peter var og er fantastisk god til at snakke med kunder og opbyggede hurtigt en stor og trofast kundekreds, som altid spurgte efter ham, n\u00e5r de ringede til Thorup Smed A\/S. Hans rolige facon satte kunderne stor pris p\u00e5, og den dag i dag ringer kunderne stadig til Thorup Smed A\/S og sp\u00f8rger efter Peter.<\/p>\n<p><a href=\"https:\/\/www.sparv.dk\/\"><img loading=\"lazy\" decoding=\"async\" class=\"alignleft size-full wp-image-46602\" src=\"https:\/\/kunmedierne.dk\/mors\/wp-content\/uploads\/2021\/06\/t11.jpg\" alt=\"\" width=\"1400\" height=\"125\" srcset=\"https:\/\/kunmedierne.dk\/mors\/wp-content\/uploads\/2021\/06\/t11.jpg 1400w, https:\/\/kunmedierne.dk\/mors\/wp-content\/uploads\/2021\/06\/t11-300x27.jpg 300w, https:\/\/kunmedierne.dk\/mors\/wp-content\/uploads\/2021\/06\/t11-1024x91.jpg 1024w, https:\/\/kunmedierne.dk\/mors\/wp-content\/uploads\/2021\/06\/t11-768x69.jpg 768w, https:\/\/kunmedierne.dk\/mors\/wp-content\/uploads\/2021\/06\/t11-600x54.jpg 600w\" sizes=\"auto, (max-width: 1400px) 100vw, 1400px\" \/><\/a>I 2004 overtog Martin Mikkelsen Thorup Smed A\/S efter sin far, og herefter satsede virksomheden p\u00e5 konstruktion af specialmaskiner &#8211; en produktion, som startede under Anton Mikkelsen. Det bet\u00f8d, at Peters arbejdsomr\u00e5de hen ad vejen skiftede fra VVS-opgaverne til konstruktion af specialmaskiner.<\/p>\n<p>Peter har fulgt med denne udvikling p\u00e5 bedste m\u00e5de.<\/p>\n<p>Han g\u00e5r til alle opgaver p\u00e5 sin omhyggelige facon og er fantastisk god til at indg\u00e5 i det teamwork, det er at opbygge en specialmaskine.<\/p>\n<p><a href=\"https:\/\/thistedkloakservice.dk\/\"><img loading=\"lazy\" decoding=\"async\" class=\"alignleft size-full wp-image-46603\" src=\"https:\/\/kunmedierne.dk\/mors\/wp-content\/uploads\/2021\/06\/t12.jpg\" alt=\"\" width=\"1400\" height=\"125\" srcset=\"https:\/\/kunmedierne.dk\/mors\/wp-content\/uploads\/2021\/06\/t12.jpg 1400w, https:\/\/kunmedierne.dk\/mors\/wp-content\/uploads\/2021\/06\/t12-300x27.jpg 300w, https:\/\/kunmedierne.dk\/mors\/wp-content\/uploads\/2021\/06\/t12-1024x91.jpg 1024w, https:\/\/kunmedierne.dk\/mors\/wp-content\/uploads\/2021\/06\/t12-768x69.jpg 768w, https:\/\/kunmedierne.dk\/mors\/wp-content\/uploads\/2021\/06\/t12-600x54.jpg 600w\" sizes=\"auto, (max-width: 1400px) 100vw, 1400px\" \/><\/a>Der er ingen tvivl om, at Peter gennem \u00e5rene har bidraget meget positivt til virksomheden med sin store h\u00e5ndv\u00e6rksm\u00e6ssige kunnen, erfaring og personlighed. Det er en stor gevinst for Thorup Smed A\/S, at han er en del af teamet og han pr\u00e6ger hverdagen med sin omhyggelighed, positive indstilling og gode hum\u00f8r.<\/p>\n<p>Peter bor i Thisted med sin kone Lene.<\/p>\n<hr \/>\n<p><em>Har du eller din virksomhed noget til navnesiden p\u00e5 KunMors? Send en e-mail til os p\u00e5: navne@kunmedierne.dk\/mors.<\/em><\/p>\n","protected":false},"excerpt":{"rendered":"<p>Thorup Smed A\/S har sendt dette til navnesiden p\u00e5 KunMors: Den 1. januar kunne Peter Jensen fejre 40-\u00e5rs jubil\u00e6um hos Thorup Smed A\/S. Han kan s\u00e5ledes se tilbage p\u00e5 en lang karriere i virksomheden, hvor han gennem \u00e5rene som smed har besk\u00e6ftiget sig med b\u00e5de VVS og opbygning af specialmaskiner THORUP:\u00a0Da Peter Jensen tr\u00e5dte ind [&hellip;]<\/p>\n","protected":false},"author":264,"featured_media":60400,"comment_status":"open","ping_status":"open","sticky":false,"template":"","format":"standard","meta":{"_acf_changed":false,"footnotes":""},"categories":[52],"tags":[159],"class_list":["post-60399","post","type-post","status-publish","format-standard","has-post-thumbnail","hentry","category-navne","tag-erhverv"],"acf":[],"yoast_head":"<!-- This site is optimized with the Yoast SEO plugin v26.8 - https:\/\/yoast.com\/product\/yoast-seo-wordpress\/ -->\n<title>Peter Jensen fejrer 40-\u00e5rs jubil\u00e6um hos Thorup Smed A\/S - Mors<\/title>\n<meta name=\"robots\" content=\"index, follow, max-snippet:-1, max-image-preview:large, max-video-preview:-1\" \/>\n<link rel=\"canonical\" href=\"https:\/\/kunmedierne.dk\/mors\/peter-jensen-fejrer-40-aars-jubilaeum-hos-thorup-smed-a-s\/\" \/>\n<meta property=\"og:locale\" content=\"da_DK\" \/>\n<meta property=\"og:type\" content=\"article\" \/>\n<meta property=\"og:title\" content=\"Peter Jensen fejrer 40-\u00e5rs jubil\u00e6um hos Thorup Smed A\/S - Mors\" \/>\n<meta property=\"og:description\" content=\"Thorup Smed A\/S har sendt dette til navnesiden p\u00e5 KunMors: Den 1. januar kunne Peter Jensen fejre 40-\u00e5rs jubil\u00e6um hos Thorup Smed A\/S. Han kan s\u00e5ledes se tilbage p\u00e5 en lang karriere i virksomheden, hvor han gennem \u00e5rene som smed har besk\u00e6ftiget sig med b\u00e5de VVS og opbygning af specialmaskiner THORUP:\u00a0Da Peter Jensen tr\u00e5dte ind [&hellip;]\" \/>\n<meta property=\"og:url\" content=\"https:\/\/kunmedierne.dk\/mors\/peter-jensen-fejrer-40-aars-jubilaeum-hos-thorup-smed-a-s\/\" \/>\n<meta property=\"og:site_name\" content=\"Mors\" \/>\n<meta property=\"article:published_time\" content=\"2022-01-06T07:55:31+00:00\" \/>\n<meta property=\"article:modified_time\" content=\"2024-08-12T11:34:53+00:00\" \/>\n<meta property=\"og:image\" content=\"https:\/\/kunmedierne.dk\/mors\/wp-content\/uploads\/2022\/01\/Peter.jpg\" \/>\n\t<meta property=\"og:image:width\" content=\"770\" \/>\n\t<meta property=\"og:image:height\" content=\"513\" \/>\n\t<meta property=\"og:image:type\" content=\"image\/jpeg\" \/>\n<meta name=\"author\" content=\"Navne\" \/>\n<meta name=\"twitter:card\" content=\"summary_large_image\" \/>\n<meta name=\"twitter:label1\" content=\"Skrevet af\" \/>\n\t<meta name=\"twitter:data1\" content=\"Navne\" \/>\n\t<meta name=\"twitter:label2\" content=\"Estimeret l\u00e6setid\" \/>\n\t<meta name=\"twitter:data2\" content=\"2 minutter\" \/>\n<script type=\"application\/ld+json\" class=\"yoast-schema-graph\">{\"@context\":\"https:\/\/schema.org\",\"@graph\":[{\"@type\":\"Article\",\"@id\":\"https:\/\/kunmedierne.dk\/mors\/peter-jensen-fejrer-40-aars-jubilaeum-hos-thorup-smed-a-s\/#article\",\"isPartOf\":{\"@id\":\"https:\/\/kunmedierne.dk\/mors\/peter-jensen-fejrer-40-aars-jubilaeum-hos-thorup-smed-a-s\/\"},\"author\":{\"name\":\"Navne\",\"@id\":\"https:\/\/kunmedierne.dk\/mors\/#\/schema\/person\/f084885f8161963bb583d8604763a6b7\"},\"headline\":\"Peter Jensen fejrer 40-\u00e5rs jubil\u00e6um hos Thorup Smed A\/S\",\"datePublished\":\"2022-01-06T07:55:31+00:00\",\"dateModified\":\"2024-08-12T11:34:53+00:00\",\"mainEntityOfPage\":{\"@id\":\"https:\/\/kunmedierne.dk\/mors\/peter-jensen-fejrer-40-aars-jubilaeum-hos-thorup-smed-a-s\/\"},\"wordCount\":369,\"commentCount\":0,\"publisher\":{\"@id\":\"https:\/\/kunmedierne.dk\/mors\/#organization\"},\"image\":{\"@id\":\"https:\/\/kunmedierne.dk\/mors\/peter-jensen-fejrer-40-aars-jubilaeum-hos-thorup-smed-a-s\/#primaryimage\"},\"thumbnailUrl\":\"https:\/\/kunmedierne.dk\/mors\/wp-content\/uploads\/2022\/01\/Peter.jpg\",\"keywords\":[\"Erhverv\"],\"articleSection\":[\"Navne\"],\"inLanguage\":\"da-DK\",\"potentialAction\":[{\"@type\":\"CommentAction\",\"name\":\"Comment\",\"target\":[\"https:\/\/kunmedierne.dk\/mors\/peter-jensen-fejrer-40-aars-jubilaeum-hos-thorup-smed-a-s\/#respond\"]}]},{\"@type\":\"WebPage\",\"@id\":\"https:\/\/kunmedierne.dk\/mors\/peter-jensen-fejrer-40-aars-jubilaeum-hos-thorup-smed-a-s\/\",\"url\":\"https:\/\/kunmedierne.dk\/mors\/peter-jensen-fejrer-40-aars-jubilaeum-hos-thorup-smed-a-s\/\",\"name\":\"Peter Jensen fejrer 40-\u00e5rs jubil\u00e6um hos Thorup Smed A\/S - Mors\",\"isPartOf\":{\"@id\":\"https:\/\/kunmedierne.dk\/mors\/#website\"},\"primaryImageOfPage\":{\"@id\":\"https:\/\/kunmedierne.dk\/mors\/peter-jensen-fejrer-40-aars-jubilaeum-hos-thorup-smed-a-s\/#primaryimage\"},\"image\":{\"@id\":\"https:\/\/kunmedierne.dk\/mors\/peter-jensen-fejrer-40-aars-jubilaeum-hos-thorup-smed-a-s\/#primaryimage\"},\"thumbnailUrl\":\"https:\/\/kunmedierne.dk\/mors\/wp-content\/uploads\/2022\/01\/Peter.jpg\",\"datePublished\":\"2022-01-06T07:55:31+00:00\",\"dateModified\":\"2024-08-12T11:34:53+00:00\",\"breadcrumb\":{\"@id\":\"https:\/\/kunmedierne.dk\/mors\/peter-jensen-fejrer-40-aars-jubilaeum-hos-thorup-smed-a-s\/#breadcrumb\"},\"inLanguage\":\"da-DK\",\"potentialAction\":[{\"@type\":\"ReadAction\",\"target\":[\"https:\/\/kunmedierne.dk\/mors\/peter-jensen-fejrer-40-aars-jubilaeum-hos-thorup-smed-a-s\/\"]}]},{\"@type\":\"ImageObject\",\"inLanguage\":\"da-DK\",\"@id\":\"https:\/\/kunmedierne.dk\/mors\/peter-jensen-fejrer-40-aars-jubilaeum-hos-thorup-smed-a-s\/#primaryimage\",\"url\":\"https:\/\/kunmedierne.dk\/mors\/wp-content\/uploads\/2022\/01\/Peter.jpg\",\"contentUrl\":\"https:\/\/kunmedierne.dk\/mors\/wp-content\/uploads\/2022\/01\/Peter.jpg\",\"width\":770,\"height\":513,\"caption\":\"Peter Jensen (tv.) og Martin Mikkelsen, direkt\u00f8r i Thorup Smed A\/S. Privatfoto\"},{\"@type\":\"BreadcrumbList\",\"@id\":\"https:\/\/kunmedierne.dk\/mors\/peter-jensen-fejrer-40-aars-jubilaeum-hos-thorup-smed-a-s\/#breadcrumb\",\"itemListElement\":[{\"@type\":\"ListItem\",\"position\":1,\"name\":\"Hjem\",\"item\":\"https:\/\/kunmedierne.dk\/mors\/\"},{\"@type\":\"ListItem\",\"position\":2,\"name\":\"Peter Jensen fejrer 40-\u00e5rs jubil\u00e6um hos Thorup Smed A\/S\"}]},{\"@type\":\"WebSite\",\"@id\":\"https:\/\/kunmedierne.dk\/mors\/#website\",\"url\":\"https:\/\/kunmedierne.dk\/mors\/\",\"name\":\"Mors\",\"description\":\"et netmedie med journalistik om livet p\u00e5 Mors\",\"publisher\":{\"@id\":\"https:\/\/kunmedierne.dk\/mors\/#organization\"},\"potentialAction\":[{\"@type\":\"SearchAction\",\"target\":{\"@type\":\"EntryPoint\",\"urlTemplate\":\"https:\/\/kunmedierne.dk\/mors\/?s={search_term_string}\"},\"query-input\":{\"@type\":\"PropertyValueSpecification\",\"valueRequired\":true,\"valueName\":\"search_term_string\"}}],\"inLanguage\":\"da-DK\"},{\"@type\":\"Organization\",\"@id\":\"https:\/\/kunmedierne.dk\/mors\/#organization\",\"name\":\"Mors\",\"url\":\"https:\/\/kunmedierne.dk\/mors\/\",\"logo\":{\"@type\":\"ImageObject\",\"inLanguage\":\"da-DK\",\"@id\":\"https:\/\/kunmedierne.dk\/mors\/#\/schema\/logo\/image\/\",\"url\":\"https:\/\/kunmedierne.dk\/mors\/wp-content\/uploads\/2024\/08\/kunmors-logo.svg\",\"contentUrl\":\"https:\/\/kunmedierne.dk\/mors\/wp-content\/uploads\/2024\/08\/kunmors-logo.svg\",\"caption\":\"Mors\"},\"image\":{\"@id\":\"https:\/\/kunmedierne.dk\/mors\/#\/schema\/logo\/image\/\"}},{\"@type\":\"Person\",\"@id\":\"https:\/\/kunmedierne.dk\/mors\/#\/schema\/person\/f084885f8161963bb583d8604763a6b7\",\"name\":\"Navne\",\"image\":{\"@type\":\"ImageObject\",\"inLanguage\":\"da-DK\",\"@id\":\"https:\/\/kunmedierne.dk\/mors\/#\/schema\/person\/image\/\",\"url\":\"https:\/\/secure.gravatar.com\/avatar\/6f0953307eaee87813e8e3c90223d5589b093e56e7cc66b5575f901f7b5868a5?s=96&d=mm&r=g\",\"contentUrl\":\"https:\/\/secure.gravatar.com\/avatar\/6f0953307eaee87813e8e3c90223d5589b093e56e7cc66b5575f901f7b5868a5?s=96&d=mm&r=g\",\"caption\":\"Navne\"},\"url\":\"https:\/\/kunmedierne.dk\/mors\/author\/navne\/\"}]}<\/script>\n<!-- \/ Yoast SEO plugin. -->","yoast_head_json":{"title":"Peter Jensen fejrer 40-\u00e5rs jubil\u00e6um hos Thorup Smed A\/S - Mors","robots":{"index":"index","follow":"follow","max-snippet":"max-snippet:-1","max-image-preview":"max-image-preview:large","max-video-preview":"max-video-preview:-1"},"canonical":"https:\/\/kunmedierne.dk\/mors\/peter-jensen-fejrer-40-aars-jubilaeum-hos-thorup-smed-a-s\/","og_locale":"da_DK","og_type":"article","og_title":"Peter Jensen fejrer 40-\u00e5rs jubil\u00e6um hos Thorup Smed A\/S - Mors","og_description":"Thorup Smed A\/S har sendt dette til navnesiden p\u00e5 KunMors: Den 1. januar kunne Peter Jensen fejre 40-\u00e5rs jubil\u00e6um hos Thorup Smed A\/S. Han kan s\u00e5ledes se tilbage p\u00e5 en lang karriere i virksomheden, hvor han gennem \u00e5rene som smed har besk\u00e6ftiget sig med b\u00e5de VVS og opbygning af specialmaskiner THORUP:\u00a0Da Peter Jensen tr\u00e5dte ind [&hellip;]","og_url":"https:\/\/kunmedierne.dk\/mors\/peter-jensen-fejrer-40-aars-jubilaeum-hos-thorup-smed-a-s\/","og_site_name":"Mors","article_published_time":"2022-01-06T07:55:31+00:00","article_modified_time":"2024-08-12T11:34:53+00:00","og_image":[{"width":770,"height":513,"url":"https:\/\/kunmedierne.dk\/mors\/wp-content\/uploads\/2022\/01\/Peter.jpg","type":"image\/jpeg"}],"author":"Navne","twitter_card":"summary_large_image","twitter_misc":{"Skrevet af":"Navne","Estimeret l\u00e6setid":"2 minutter"},"schema":{"@context":"https:\/\/schema.org","@graph":[{"@type":"Article","@id":"https:\/\/kunmedierne.dk\/mors\/peter-jensen-fejrer-40-aars-jubilaeum-hos-thorup-smed-a-s\/#article","isPartOf":{"@id":"https:\/\/kunmedierne.dk\/mors\/peter-jensen-fejrer-40-aars-jubilaeum-hos-thorup-smed-a-s\/"},"author":{"name":"Navne","@id":"https:\/\/kunmedierne.dk\/mors\/#\/schema\/person\/f084885f8161963bb583d8604763a6b7"},"headline":"Peter Jensen fejrer 40-\u00e5rs jubil\u00e6um hos Thorup Smed A\/S","datePublished":"2022-01-06T07:55:31+00:00","dateModified":"2024-08-12T11:34:53+00:00","mainEntityOfPage":{"@id":"https:\/\/kunmedierne.dk\/mors\/peter-jensen-fejrer-40-aars-jubilaeum-hos-thorup-smed-a-s\/"},"wordCount":369,"commentCount":0,"publisher":{"@id":"https:\/\/kunmedierne.dk\/mors\/#organization"},"image":{"@id":"https:\/\/kunmedierne.dk\/mors\/peter-jensen-fejrer-40-aars-jubilaeum-hos-thorup-smed-a-s\/#primaryimage"},"thumbnailUrl":"https:\/\/kunmedierne.dk\/mors\/wp-content\/uploads\/2022\/01\/Peter.jpg","keywords":["Erhverv"],"articleSection":["Navne"],"inLanguage":"da-DK","potentialAction":[{"@type":"CommentAction","name":"Comment","target":["https:\/\/kunmedierne.dk\/mors\/peter-jensen-fejrer-40-aars-jubilaeum-hos-thorup-smed-a-s\/#respond"]}]},{"@type":"WebPage","@id":"https:\/\/kunmedierne.dk\/mors\/peter-jensen-fejrer-40-aars-jubilaeum-hos-thorup-smed-a-s\/","url":"https:\/\/kunmedierne.dk\/mors\/peter-jensen-fejrer-40-aars-jubilaeum-hos-thorup-smed-a-s\/","name":"Peter Jensen fejrer 40-\u00e5rs jubil\u00e6um hos Thorup Smed A\/S - Mors","isPartOf":{"@id":"https:\/\/kunmedierne.dk\/mors\/#website"},"primaryImageOfPage":{"@id":"https:\/\/kunmedierne.dk\/mors\/peter-jensen-fejrer-40-aars-jubilaeum-hos-thorup-smed-a-s\/#primaryimage"},"image":{"@id":"https:\/\/kunmedierne.dk\/mors\/peter-jensen-fejrer-40-aars-jubilaeum-hos-thorup-smed-a-s\/#primaryimage"},"thumbnailUrl":"https:\/\/kunmedierne.dk\/mors\/wp-content\/uploads\/2022\/01\/Peter.jpg","datePublished":"2022-01-06T07:55:31+00:00","dateModified":"2024-08-12T11:34:53+00:00","breadcrumb":{"@id":"https:\/\/kunmedierne.dk\/mors\/peter-jensen-fejrer-40-aars-jubilaeum-hos-thorup-smed-a-s\/#breadcrumb"},"inLanguage":"da-DK","potentialAction":[{"@type":"ReadAction","target":["https:\/\/kunmedierne.dk\/mors\/peter-jensen-fejrer-40-aars-jubilaeum-hos-thorup-smed-a-s\/"]}]},{"@type":"ImageObject","inLanguage":"da-DK","@id":"https:\/\/kunmedierne.dk\/mors\/peter-jensen-fejrer-40-aars-jubilaeum-hos-thorup-smed-a-s\/#primaryimage","url":"https:\/\/kunmedierne.dk\/mors\/wp-content\/uploads\/2022\/01\/Peter.jpg","contentUrl":"https:\/\/kunmedierne.dk\/mors\/wp-content\/uploads\/2022\/01\/Peter.jpg","width":770,"height":513,"caption":"Peter Jensen (tv.) og Martin Mikkelsen, direkt\u00f8r i Thorup Smed A\/S. Privatfoto"},{"@type":"BreadcrumbList","@id":"https:\/\/kunmedierne.dk\/mors\/peter-jensen-fejrer-40-aars-jubilaeum-hos-thorup-smed-a-s\/#breadcrumb","itemListElement":[{"@type":"ListItem","position":1,"name":"Hjem","item":"https:\/\/kunmedierne.dk\/mors\/"},{"@type":"ListItem","position":2,"name":"Peter Jensen fejrer 40-\u00e5rs jubil\u00e6um hos Thorup Smed A\/S"}]},{"@type":"WebSite","@id":"https:\/\/kunmedierne.dk\/mors\/#website","url":"https:\/\/kunmedierne.dk\/mors\/","name":"Mors","description":"et netmedie med journalistik om livet p\u00e5 Mors","publisher":{"@id":"https:\/\/kunmedierne.dk\/mors\/#organization"},"potentialAction":[{"@type":"SearchAction","target":{"@type":"EntryPoint","urlTemplate":"https:\/\/kunmedierne.dk\/mors\/?s={search_term_string}"},"query-input":{"@type":"PropertyValueSpecification","valueRequired":true,"valueName":"search_term_string"}}],"inLanguage":"da-DK"},{"@type":"Organization","@id":"https:\/\/kunmedierne.dk\/mors\/#organization","name":"Mors","url":"https:\/\/kunmedierne.dk\/mors\/","logo":{"@type":"ImageObject","inLanguage":"da-DK","@id":"https:\/\/kunmedierne.dk\/mors\/#\/schema\/logo\/image\/","url":"https:\/\/kunmedierne.dk\/mors\/wp-content\/uploads\/2024\/08\/kunmors-logo.svg","contentUrl":"https:\/\/kunmedierne.dk\/mors\/wp-content\/uploads\/2024\/08\/kunmors-logo.svg","caption":"Mors"},"image":{"@id":"https:\/\/kunmedierne.dk\/mors\/#\/schema\/logo\/image\/"}},{"@type":"Person","@id":"https:\/\/kunmedierne.dk\/mors\/#\/schema\/person\/f084885f8161963bb583d8604763a6b7","name":"Navne","image":{"@type":"ImageObject","inLanguage":"da-DK","@id":"https:\/\/kunmedierne.dk\/mors\/#\/schema\/person\/image\/","url":"https:\/\/secure.gravatar.com\/avatar\/6f0953307eaee87813e8e3c90223d5589b093e56e7cc66b5575f901f7b5868a5?s=96&d=mm&r=g","contentUrl":"https:\/\/secure.gravatar.com\/avatar\/6f0953307eaee87813e8e3c90223d5589b093e56e7cc66b5575f901f7b5868a5?s=96&d=mm&r=g","caption":"Navne"},"url":"https:\/\/kunmedierne.dk\/mors\/author\/navne\/"}]}},"_links":{"self":[{"href":"https:\/\/kunmedierne.dk\/mors\/wp-json\/wp\/v2\/posts\/60399","targetHints":{"allow":["GET"]}}],"collection":[{"href":"https:\/\/kunmedierne.dk\/mors\/wp-json\/wp\/v2\/posts"}],"about":[{"href":"https:\/\/kunmedierne.dk\/mors\/wp-json\/wp\/v2\/types\/post"}],"author":[{"embeddable":true,"href":"https:\/\/kunmedierne.dk\/mors\/wp-json\/wp\/v2\/users\/264"}],"replies":[{"embeddable":true,"href":"https:\/\/kunmedierne.dk\/mors\/wp-json\/wp\/v2\/comments?post=60399"}],"version-history":[{"count":3,"href":"https:\/\/kunmedierne.dk\/mors\/wp-json\/wp\/v2\/posts\/60399\/revisions"}],"predecessor-version":[{"id":60403,"href":"https:\/\/kunmedierne.dk\/mors\/wp-json\/wp\/v2\/posts\/60399\/revisions\/60403"}],"wp:featuredmedia":[{"embeddable":true,"href":"https:\/\/kunmedierne.dk\/mors\/wp-json\/wp\/v2\/media\/60400"}],"wp:attachment":[{"href":"https:\/\/kunmedierne.dk\/mors\/wp-json\/wp\/v2\/media?parent=60399"}],"wp:term":[{"taxonomy":"category","embeddable":true,"href":"https:\/\/kunmedierne.dk\/mors\/wp-json\/wp\/v2\/categories?post=60399"},{"taxonomy":"post_tag","embeddable":true,"href":"https:\/\/kunmedierne.dk\/mors\/wp-json\/wp\/v2\/tags?post=60399"}],"curies":[{"name":"wp","href":"https:\/\/api.w.org\/{rel}","templated":true}]}}