{"id":59264,"date":"2021-12-12T13:34:53","date_gmt":"2021-12-12T12:34:53","guid":{"rendered":"https:\/\/kunmedierne.dk\/mors\/?p=59264"},"modified":"2024-08-12T13:35:41","modified_gmt":"2024-08-12T11:35:41","slug":"aarets-militaere-femkaemper-jeg-endte-med-at-staa-og-tude-foran-hele-holdet","status":"publish","type":"post","link":"https:\/\/kunmedierne.dk\/mors\/aarets-militaere-femkaemper-jeg-endte-med-at-staa-og-tude-foran-hele-holdet\/","title":{"rendered":"\u00c5rets milit\u00e6re femk\u00e6mper: &#8211; Jeg endte med at st\u00e5 og tude foran hele holdet"},"content":{"rendered":"<p><strong>K\u00d8BENHAVN<\/strong>: 2021 er ikke forbi, men Jonas Lemvig kan roligt vinge \u00e5ret af som sit hidtil bedste i milit\u00e6r femk\u00e6mp.<\/p>\n<p>Den 25-\u00e5rige eksilmorsingbo, der i september erobrede titlen som <a href=\"https:\/\/kunmedierne.dk\/mors\/jonas-lemvig-efter-dm-triumf-det-er-mit-stoerste-resultat\/\" target=\"_blank\" rel=\"noopener\">dansk mester<\/a> i den b\u00e5de teknisk og fysisk kr\u00e6vende sport, blev ved landsholdets s\u00e6sonafslutning be\u00e6ret med titlen som &#8220;\u00c5rets femk\u00e6mper&#8221; &#8211; nomineret af landsholdets tr\u00e6nere og valgt som nummer et i en afstemning blandt deltagerne p\u00e5 holdet.<\/p>\n<p>&#8220;Det varmer. Det er selvf\u00f8lgelig altid sliddet v\u00e6rd, om det g\u00e5r godt eller skidt, men det er rart at f\u00e5 noget \u00e6re med p\u00e5 vejen,&#8221; fort\u00e6ller en meget tilfreds Jonas Lemvig.<\/p>\n<a class=\"dvrt-link\" onClick=\"cdmtrack_click(111725,jQuery(this));return false\" href=\"https:\/\/www.thistedforsikring.dk\/?utm_source=partnerskaber&amp;utm_campaign=kun_mors\"><img decoding=\"async\" style=\"width:100%;\" src=\"https:\/\/kunmedierne.dk\/mors\/wp-content\/uploads\/2024\/02\/269409KunMors-ThistedFor-1.png\"><\/a><script>cdmtrack_view(111725);<\/script>\n<p>Vandrerpokalen, der har mange \u00e5r p\u00e5 bagen, f\u00e5r nu indgraveret Jonas Lemvigs navn ved siden af de mange forg\u00e6ngere &#8211; men faktisk var det ikke den eneste pokal, han fik med sig hjem fra markeringen af s\u00e6sonens afslutning.<\/p>\n<p>Jonas Lemvig blev den kun 11. dansker nogensinde til at modtage den s\u00e5kaldte 5400 point-pokal &#8211; en pokal, der i sagens natur gives til femk\u00e6mpere, der runder de 5400 point, hvilket beskrives som en pr\u00e6station ud over det s\u00e6dvanlige.<\/p>\n<p>Den leverede Jonas Lemvig, da han i 2021 satte personlig rekord med 5413,8 point. Og da han senere f\u00f8jede DM-titlen til bedriften, l\u00e5 det i virkeligheden lige for at k\u00e5re ham som \u00e5rets bedste femk\u00e6mper.<\/p>\n<p>&nbsp;<\/p>\n<p><strong>Skal v\u00e6re teamplayer<\/strong><\/p>\n<p>Der skal dog mere til end resultaterne, for milit\u00e6re femk\u00e6mpere k\u00e6mper ikke kun imod hinanden &#8211; de k\u00e6mper ogs\u00e5 for hinanden. Og Jonas Lemvig har v\u00e6ret med til at s\u00f8rge for, at begge dele g\u00e5r rigtig godt for landsholdet.<\/p>\n<p>&#8220;I l\u00f8bet af de sidste tre \u00e5r har vi f\u00e5et et rigtig godt hold. Vi har det rigtig godt socialt, og vi er et landshold, som mange andre landshold ser op til i forhold til vores sociale f\u00e6rdigheder &#8211; og det g\u00f8r jeg i hvert fald mit for at v\u00e6re med til at bidrage til,&#8221; siger han.<\/p>\n<a class=\"dvrt-link\" onClick=\"cdmtrack_click(114591,jQuery(this));return false\" href=\"https:\/\/www.facebook.com\/kopogkandemors\"><img decoding=\"async\" style=\"width:100%;\" src=\"https:\/\/kunmedierne.dk\/mors\/wp-content\/uploads\/2024\/03\/kop-og-kande-ja-tak-tilbud.jpg\"><\/a><script>cdmtrack_view(114591);<\/script>\n<p>Det blev ogs\u00e5 fremh\u00e6vet under k\u00e5ringen, og derfor var det en bev\u00e6get Jonas Lemvig, der modtog h\u00e6deren.<\/p>\n<p>&#8220;Jeg endte med at st\u00e5 og tude foran hele holdet,&#8221; griner han &#8211; og forklarer hvorfor.<\/p>\n<p>&#8220;Det betyder rigtig meget. Det er noget, man l\u00e6gger mange timer i &#8211; og det er mennesker, man bruger rigtig, rigtig mange timer og energi sammen med. Man er igennem blod, sved og t\u00e5rer sammen. S\u00e5 at de v\u00e6lger at give en den \u00e6re, er ret stort,&#8221; siger han.<\/p>\n<p>&nbsp;<\/p>\n<p><strong>Endnu vildere i 2022<\/strong><\/p>\n<p>Og det hele kan s\u00e5 blive endnu st\u00f8rre i 2022. Jonas Lemvig, der bor i K\u00f8benhavn, hvor han l\u00e6ser til dyrl\u00e6ge, har planer om at tage nye skridt som milit\u00e6r femk\u00e6mper.<\/p>\n<p>&#8220;Det skal v\u00e6re endnu vildere. Jeg skal forh\u00e5bentlig v\u00e6re en endnu bedre femk\u00e6mper n\u00e6ste \u00e5r,&#8221; siger han.<\/p>\n<a class=\"dvrt-link\" onClick=\"cdmtrack_click(114591,jQuery(this));return false\" href=\"https:\/\/www.facebook.com\/kopogkandemors\"><img decoding=\"async\" style=\"width:100%;\" src=\"https:\/\/kunmedierne.dk\/mors\/wp-content\/uploads\/2024\/03\/kop-og-kande-ja-tak-tilbud.jpg\"><\/a><script>cdmtrack_view(114591);<\/script>\n<p>Lige nu st\u00e5r den p\u00e5 vintertr\u00e6ning og genoptr\u00e6ning efter sm\u00e5skader fra slutningen af s\u00e6sonen. Det fungerer fint, s\u00e5 med en stor 2021-s\u00e6son som ballast er der ingen grund til, at 2022 ikke f\u00f8rer nye store pr\u00e6stationer med sig.<\/p>\n<p>&#8220;Jeg har jo f\u00e5et en masse erfaring med fra i \u00e5r, s\u00e5 jeg tror p\u00e5, at jeg kan blive endnu bedre. Og forh\u00e5bentlig kommer der nogle flere internationale konkurrencer n\u00e6ste \u00e5r &#8211; vi har jo kun set et par stykker i \u00e5r,&#8221; siger Jonas Lemvig med henvisning til coronaens aflysninger.<\/p>\n<p>N\u00e6ste store opgave er med crossl\u00f8b i januar, n\u00e5r det g\u00e6lder udtagelse til Winter World Games for milit\u00e6rsport i Tyskland i slutningen af marts.<\/p>\n<h5>L\u00c6S OGS\u00c5: <a href=\"https:\/\/kunmedierne.dk\/morsingbo-vandt-over-fire-sergenter-paa-den-militaere-forhindringsbane\/\">Morsingbo vandt over fire sergenter p\u00e5 den milit\u00e6re forhindringsbane<\/a><\/h5>\n<p><img loading=\"lazy\" decoding=\"async\" class=\"alignleft size-full wp-image-59270\" src=\"https:\/\/kunmedierne.dk\/mors\/wp-content\/uploads\/2021\/12\/jonaslemvig1.jpg\" alt=\"\" width=\"770\" height=\"1027\" srcset=\"https:\/\/kunmedierne.dk\/mors\/wp-content\/uploads\/2021\/12\/jonaslemvig1.jpg 770w, https:\/\/kunmedierne.dk\/mors\/wp-content\/uploads\/2021\/12\/jonaslemvig1-225x300.jpg 225w, https:\/\/kunmedierne.dk\/mors\/wp-content\/uploads\/2021\/12\/jonaslemvig1-768x1024.jpg 768w, https:\/\/kunmedierne.dk\/mors\/wp-content\/uploads\/2021\/12\/jonaslemvig1-600x800.jpg 600w\" sizes=\"auto, (max-width: 770px) 100vw, 770px\" \/><\/p>\n","protected":false},"excerpt":{"rendered":"<p>K\u00d8BENHAVN: 2021 er ikke forbi, men Jonas Lemvig kan roligt vinge \u00e5ret af som sit hidtil bedste i milit\u00e6r femk\u00e6mp. Den 25-\u00e5rige eksilmorsingbo, der i september erobrede titlen som dansk mester i den b\u00e5de teknisk og fysisk kr\u00e6vende sport, blev ved landsholdets s\u00e6sonafslutning be\u00e6ret med titlen som &#8220;\u00c5rets femk\u00e6mper&#8221; &#8211; nomineret af landsholdets tr\u00e6nere og [&hellip;]<\/p>\n","protected":false},"author":8,"featured_media":59269,"comment_status":"open","ping_status":"open","sticky":false,"template":"","format":"standard","meta":{"_acf_changed":false,"footnotes":""},"categories":[53],"tags":[],"class_list":["post-59264","post","type-post","status-publish","format-standard","has-post-thumbnail","hentry","category-sport"],"acf":[],"yoast_head":"<!-- This site is optimized with the Yoast SEO plugin v26.8 - https:\/\/yoast.com\/product\/yoast-seo-wordpress\/ -->\n<title>\u00c5rets milit\u00e6re femk\u00e6mper: - Jeg endte med at st\u00e5 og tude foran hele holdet - Mors<\/title>\n<meta name=\"robots\" content=\"index, follow, max-snippet:-1, max-image-preview:large, max-video-preview:-1\" \/>\n<link rel=\"canonical\" href=\"https:\/\/kunmedierne.dk\/mors\/aarets-militaere-femkaemper-jeg-endte-med-at-staa-og-tude-foran-hele-holdet\/\" \/>\n<meta property=\"og:locale\" content=\"da_DK\" \/>\n<meta property=\"og:type\" content=\"article\" \/>\n<meta property=\"og:title\" content=\"\u00c5rets milit\u00e6re femk\u00e6mper: - Jeg endte med at st\u00e5 og tude foran hele holdet - Mors\" \/>\n<meta property=\"og:description\" content=\"K\u00d8BENHAVN: 2021 er ikke forbi, men Jonas Lemvig kan roligt vinge \u00e5ret af som sit hidtil bedste i milit\u00e6r femk\u00e6mp. Den 25-\u00e5rige eksilmorsingbo, der i september erobrede titlen som dansk mester i den b\u00e5de teknisk og fysisk kr\u00e6vende sport, blev ved landsholdets s\u00e6sonafslutning be\u00e6ret med titlen som &#8220;\u00c5rets femk\u00e6mper&#8221; &#8211; nomineret af landsholdets tr\u00e6nere og [&hellip;]\" \/>\n<meta property=\"og:url\" content=\"https:\/\/kunmedierne.dk\/mors\/aarets-militaere-femkaemper-jeg-endte-med-at-staa-og-tude-foran-hele-holdet\/\" \/>\n<meta property=\"og:site_name\" content=\"Mors\" \/>\n<meta property=\"article:published_time\" content=\"2021-12-12T12:34:53+00:00\" \/>\n<meta property=\"article:modified_time\" content=\"2024-08-12T11:35:41+00:00\" \/>\n<meta property=\"og:image\" content=\"https:\/\/kunmedierne.dk\/mors\/wp-content\/uploads\/2021\/12\/jonaslemvig2.jpg\" \/>\n\t<meta property=\"og:image:width\" content=\"770\" \/>\n\t<meta property=\"og:image:height\" content=\"513\" \/>\n\t<meta property=\"og:image:type\" content=\"image\/jpeg\" \/>\n<meta name=\"author\" content=\"David H\u00f8jmark\" \/>\n<meta name=\"twitter:card\" content=\"summary_large_image\" \/>\n<meta name=\"twitter:label1\" content=\"Skrevet af\" \/>\n\t<meta name=\"twitter:data1\" content=\"David H\u00f8jmark\" \/>\n\t<meta name=\"twitter:label2\" content=\"Estimeret l\u00e6setid\" \/>\n\t<meta name=\"twitter:data2\" content=\"4 minutter\" \/>\n<script type=\"application\/ld+json\" class=\"yoast-schema-graph\">{\"@context\":\"https:\/\/schema.org\",\"@graph\":[{\"@type\":\"Article\",\"@id\":\"https:\/\/kunmedierne.dk\/mors\/aarets-militaere-femkaemper-jeg-endte-med-at-staa-og-tude-foran-hele-holdet\/#article\",\"isPartOf\":{\"@id\":\"https:\/\/kunmedierne.dk\/mors\/aarets-militaere-femkaemper-jeg-endte-med-at-staa-og-tude-foran-hele-holdet\/\"},\"author\":{\"name\":\"David H\u00f8jmark\",\"@id\":\"https:\/\/kunmedierne.dk\/mors\/#\/schema\/person\/5fe23251bf1d0abbcdc6f7896579d548\"},\"headline\":\"\u00c5rets milit\u00e6re femk\u00e6mper: &#8211; Jeg endte med at st\u00e5 og tude foran hele holdet\",\"datePublished\":\"2021-12-12T12:34:53+00:00\",\"dateModified\":\"2024-08-12T11:35:41+00:00\",\"mainEntityOfPage\":{\"@id\":\"https:\/\/kunmedierne.dk\/mors\/aarets-militaere-femkaemper-jeg-endte-med-at-staa-og-tude-foran-hele-holdet\/\"},\"wordCount\":653,\"commentCount\":0,\"publisher\":{\"@id\":\"https:\/\/kunmedierne.dk\/mors\/#organization\"},\"image\":{\"@id\":\"https:\/\/kunmedierne.dk\/mors\/aarets-militaere-femkaemper-jeg-endte-med-at-staa-og-tude-foran-hele-holdet\/#primaryimage\"},\"thumbnailUrl\":\"https:\/\/kunmedierne.dk\/mors\/wp-content\/uploads\/2021\/12\/jonaslemvig2.jpg\",\"articleSection\":[\"Sport\"],\"inLanguage\":\"da-DK\",\"potentialAction\":[{\"@type\":\"CommentAction\",\"name\":\"Comment\",\"target\":[\"https:\/\/kunmedierne.dk\/mors\/aarets-militaere-femkaemper-jeg-endte-med-at-staa-og-tude-foran-hele-holdet\/#respond\"]}]},{\"@type\":\"WebPage\",\"@id\":\"https:\/\/kunmedierne.dk\/mors\/aarets-militaere-femkaemper-jeg-endte-med-at-staa-og-tude-foran-hele-holdet\/\",\"url\":\"https:\/\/kunmedierne.dk\/mors\/aarets-militaere-femkaemper-jeg-endte-med-at-staa-og-tude-foran-hele-holdet\/\",\"name\":\"\u00c5rets milit\u00e6re femk\u00e6mper: - Jeg endte med at st\u00e5 og tude foran hele holdet - Mors\",\"isPartOf\":{\"@id\":\"https:\/\/kunmedierne.dk\/mors\/#website\"},\"primaryImageOfPage\":{\"@id\":\"https:\/\/kunmedierne.dk\/mors\/aarets-militaere-femkaemper-jeg-endte-med-at-staa-og-tude-foran-hele-holdet\/#primaryimage\"},\"image\":{\"@id\":\"https:\/\/kunmedierne.dk\/mors\/aarets-militaere-femkaemper-jeg-endte-med-at-staa-og-tude-foran-hele-holdet\/#primaryimage\"},\"thumbnailUrl\":\"https:\/\/kunmedierne.dk\/mors\/wp-content\/uploads\/2021\/12\/jonaslemvig2.jpg\",\"datePublished\":\"2021-12-12T12:34:53+00:00\",\"dateModified\":\"2024-08-12T11:35:41+00:00\",\"breadcrumb\":{\"@id\":\"https:\/\/kunmedierne.dk\/mors\/aarets-militaere-femkaemper-jeg-endte-med-at-staa-og-tude-foran-hele-holdet\/#breadcrumb\"},\"inLanguage\":\"da-DK\",\"potentialAction\":[{\"@type\":\"ReadAction\",\"target\":[\"https:\/\/kunmedierne.dk\/mors\/aarets-militaere-femkaemper-jeg-endte-med-at-staa-og-tude-foran-hele-holdet\/\"]}]},{\"@type\":\"ImageObject\",\"inLanguage\":\"da-DK\",\"@id\":\"https:\/\/kunmedierne.dk\/mors\/aarets-militaere-femkaemper-jeg-endte-med-at-staa-og-tude-foran-hele-holdet\/#primaryimage\",\"url\":\"https:\/\/kunmedierne.dk\/mors\/wp-content\/uploads\/2021\/12\/jonaslemvig2.jpg\",\"contentUrl\":\"https:\/\/kunmedierne.dk\/mors\/wp-content\/uploads\/2021\/12\/jonaslemvig2.jpg\",\"width\":770,\"height\":513,\"caption\":\"Jonas Lemvig, \u00c5rets Femk\u00e6mper 2021. Privatfoto\"},{\"@type\":\"BreadcrumbList\",\"@id\":\"https:\/\/kunmedierne.dk\/mors\/aarets-militaere-femkaemper-jeg-endte-med-at-staa-og-tude-foran-hele-holdet\/#breadcrumb\",\"itemListElement\":[{\"@type\":\"ListItem\",\"position\":1,\"name\":\"Hjem\",\"item\":\"https:\/\/kunmedierne.dk\/mors\/\"},{\"@type\":\"ListItem\",\"position\":2,\"name\":\"\u00c5rets milit\u00e6re femk\u00e6mper: &#8211; Jeg endte med at st\u00e5 og tude foran hele holdet\"}]},{\"@type\":\"WebSite\",\"@id\":\"https:\/\/kunmedierne.dk\/mors\/#website\",\"url\":\"https:\/\/kunmedierne.dk\/mors\/\",\"name\":\"Mors\",\"description\":\"et netmedie med journalistik om livet p\u00e5 Mors\",\"publisher\":{\"@id\":\"https:\/\/kunmedierne.dk\/mors\/#organization\"},\"potentialAction\":[{\"@type\":\"SearchAction\",\"target\":{\"@type\":\"EntryPoint\",\"urlTemplate\":\"https:\/\/kunmedierne.dk\/mors\/?s={search_term_string}\"},\"query-input\":{\"@type\":\"PropertyValueSpecification\",\"valueRequired\":true,\"valueName\":\"search_term_string\"}}],\"inLanguage\":\"da-DK\"},{\"@type\":\"Organization\",\"@id\":\"https:\/\/kunmedierne.dk\/mors\/#organization\",\"name\":\"Mors\",\"url\":\"https:\/\/kunmedierne.dk\/mors\/\",\"logo\":{\"@type\":\"ImageObject\",\"inLanguage\":\"da-DK\",\"@id\":\"https:\/\/kunmedierne.dk\/mors\/#\/schema\/logo\/image\/\",\"url\":\"https:\/\/kunmedierne.dk\/mors\/wp-content\/uploads\/2024\/08\/kunmors-logo.svg\",\"contentUrl\":\"https:\/\/kunmedierne.dk\/mors\/wp-content\/uploads\/2024\/08\/kunmors-logo.svg\",\"caption\":\"Mors\"},\"image\":{\"@id\":\"https:\/\/kunmedierne.dk\/mors\/#\/schema\/logo\/image\/\"}},{\"@type\":\"Person\",\"@id\":\"https:\/\/kunmedierne.dk\/mors\/#\/schema\/person\/5fe23251bf1d0abbcdc6f7896579d548\",\"name\":\"David H\u00f8jmark\",\"image\":{\"@type\":\"ImageObject\",\"inLanguage\":\"da-DK\",\"@id\":\"https:\/\/kunmedierne.dk\/mors\/#\/schema\/person\/image\/\",\"url\":\"https:\/\/secure.gravatar.com\/avatar\/4315d6fb9ef244d729989f5f90268eb08d5bf8a3d84402f595fa194bb35784fd?s=96&d=mm&r=g\",\"contentUrl\":\"https:\/\/secure.gravatar.com\/avatar\/4315d6fb9ef244d729989f5f90268eb08d5bf8a3d84402f595fa194bb35784fd?s=96&d=mm&r=g\",\"caption\":\"David H\u00f8jmark\"},\"sameAs\":[\"https:\/\/www.kunmedierne.dk\"],\"url\":\"https:\/\/kunmedierne.dk\/mors\/author\/david\/\"}]}<\/script>\n<!-- \/ Yoast SEO plugin. -->","yoast_head_json":{"title":"\u00c5rets milit\u00e6re femk\u00e6mper: - Jeg endte med at st\u00e5 og tude foran hele holdet - Mors","robots":{"index":"index","follow":"follow","max-snippet":"max-snippet:-1","max-image-preview":"max-image-preview:large","max-video-preview":"max-video-preview:-1"},"canonical":"https:\/\/kunmedierne.dk\/mors\/aarets-militaere-femkaemper-jeg-endte-med-at-staa-og-tude-foran-hele-holdet\/","og_locale":"da_DK","og_type":"article","og_title":"\u00c5rets milit\u00e6re femk\u00e6mper: - Jeg endte med at st\u00e5 og tude foran hele holdet - Mors","og_description":"K\u00d8BENHAVN: 2021 er ikke forbi, men Jonas Lemvig kan roligt vinge \u00e5ret af som sit hidtil bedste i milit\u00e6r femk\u00e6mp. Den 25-\u00e5rige eksilmorsingbo, der i september erobrede titlen som dansk mester i den b\u00e5de teknisk og fysisk kr\u00e6vende sport, blev ved landsholdets s\u00e6sonafslutning be\u00e6ret med titlen som &#8220;\u00c5rets femk\u00e6mper&#8221; &#8211; nomineret af landsholdets tr\u00e6nere og [&hellip;]","og_url":"https:\/\/kunmedierne.dk\/mors\/aarets-militaere-femkaemper-jeg-endte-med-at-staa-og-tude-foran-hele-holdet\/","og_site_name":"Mors","article_published_time":"2021-12-12T12:34:53+00:00","article_modified_time":"2024-08-12T11:35:41+00:00","og_image":[{"width":770,"height":513,"url":"https:\/\/kunmedierne.dk\/mors\/wp-content\/uploads\/2021\/12\/jonaslemvig2.jpg","type":"image\/jpeg"}],"author":"David H\u00f8jmark","twitter_card":"summary_large_image","twitter_misc":{"Skrevet af":"David H\u00f8jmark","Estimeret l\u00e6setid":"4 minutter"},"schema":{"@context":"https:\/\/schema.org","@graph":[{"@type":"Article","@id":"https:\/\/kunmedierne.dk\/mors\/aarets-militaere-femkaemper-jeg-endte-med-at-staa-og-tude-foran-hele-holdet\/#article","isPartOf":{"@id":"https:\/\/kunmedierne.dk\/mors\/aarets-militaere-femkaemper-jeg-endte-med-at-staa-og-tude-foran-hele-holdet\/"},"author":{"name":"David H\u00f8jmark","@id":"https:\/\/kunmedierne.dk\/mors\/#\/schema\/person\/5fe23251bf1d0abbcdc6f7896579d548"},"headline":"\u00c5rets milit\u00e6re femk\u00e6mper: &#8211; Jeg endte med at st\u00e5 og tude foran hele holdet","datePublished":"2021-12-12T12:34:53+00:00","dateModified":"2024-08-12T11:35:41+00:00","mainEntityOfPage":{"@id":"https:\/\/kunmedierne.dk\/mors\/aarets-militaere-femkaemper-jeg-endte-med-at-staa-og-tude-foran-hele-holdet\/"},"wordCount":653,"commentCount":0,"publisher":{"@id":"https:\/\/kunmedierne.dk\/mors\/#organization"},"image":{"@id":"https:\/\/kunmedierne.dk\/mors\/aarets-militaere-femkaemper-jeg-endte-med-at-staa-og-tude-foran-hele-holdet\/#primaryimage"},"thumbnailUrl":"https:\/\/kunmedierne.dk\/mors\/wp-content\/uploads\/2021\/12\/jonaslemvig2.jpg","articleSection":["Sport"],"inLanguage":"da-DK","potentialAction":[{"@type":"CommentAction","name":"Comment","target":["https:\/\/kunmedierne.dk\/mors\/aarets-militaere-femkaemper-jeg-endte-med-at-staa-og-tude-foran-hele-holdet\/#respond"]}]},{"@type":"WebPage","@id":"https:\/\/kunmedierne.dk\/mors\/aarets-militaere-femkaemper-jeg-endte-med-at-staa-og-tude-foran-hele-holdet\/","url":"https:\/\/kunmedierne.dk\/mors\/aarets-militaere-femkaemper-jeg-endte-med-at-staa-og-tude-foran-hele-holdet\/","name":"\u00c5rets milit\u00e6re femk\u00e6mper: - Jeg endte med at st\u00e5 og tude foran hele holdet - Mors","isPartOf":{"@id":"https:\/\/kunmedierne.dk\/mors\/#website"},"primaryImageOfPage":{"@id":"https:\/\/kunmedierne.dk\/mors\/aarets-militaere-femkaemper-jeg-endte-med-at-staa-og-tude-foran-hele-holdet\/#primaryimage"},"image":{"@id":"https:\/\/kunmedierne.dk\/mors\/aarets-militaere-femkaemper-jeg-endte-med-at-staa-og-tude-foran-hele-holdet\/#primaryimage"},"thumbnailUrl":"https:\/\/kunmedierne.dk\/mors\/wp-content\/uploads\/2021\/12\/jonaslemvig2.jpg","datePublished":"2021-12-12T12:34:53+00:00","dateModified":"2024-08-12T11:35:41+00:00","breadcrumb":{"@id":"https:\/\/kunmedierne.dk\/mors\/aarets-militaere-femkaemper-jeg-endte-med-at-staa-og-tude-foran-hele-holdet\/#breadcrumb"},"inLanguage":"da-DK","potentialAction":[{"@type":"ReadAction","target":["https:\/\/kunmedierne.dk\/mors\/aarets-militaere-femkaemper-jeg-endte-med-at-staa-og-tude-foran-hele-holdet\/"]}]},{"@type":"ImageObject","inLanguage":"da-DK","@id":"https:\/\/kunmedierne.dk\/mors\/aarets-militaere-femkaemper-jeg-endte-med-at-staa-og-tude-foran-hele-holdet\/#primaryimage","url":"https:\/\/kunmedierne.dk\/mors\/wp-content\/uploads\/2021\/12\/jonaslemvig2.jpg","contentUrl":"https:\/\/kunmedierne.dk\/mors\/wp-content\/uploads\/2021\/12\/jonaslemvig2.jpg","width":770,"height":513,"caption":"Jonas Lemvig, \u00c5rets Femk\u00e6mper 2021. Privatfoto"},{"@type":"BreadcrumbList","@id":"https:\/\/kunmedierne.dk\/mors\/aarets-militaere-femkaemper-jeg-endte-med-at-staa-og-tude-foran-hele-holdet\/#breadcrumb","itemListElement":[{"@type":"ListItem","position":1,"name":"Hjem","item":"https:\/\/kunmedierne.dk\/mors\/"},{"@type":"ListItem","position":2,"name":"\u00c5rets milit\u00e6re femk\u00e6mper: &#8211; Jeg endte med at st\u00e5 og tude foran hele holdet"}]},{"@type":"WebSite","@id":"https:\/\/kunmedierne.dk\/mors\/#website","url":"https:\/\/kunmedierne.dk\/mors\/","name":"Mors","description":"et netmedie med journalistik om livet p\u00e5 Mors","publisher":{"@id":"https:\/\/kunmedierne.dk\/mors\/#organization"},"potentialAction":[{"@type":"SearchAction","target":{"@type":"EntryPoint","urlTemplate":"https:\/\/kunmedierne.dk\/mors\/?s={search_term_string}"},"query-input":{"@type":"PropertyValueSpecification","valueRequired":true,"valueName":"search_term_string"}}],"inLanguage":"da-DK"},{"@type":"Organization","@id":"https:\/\/kunmedierne.dk\/mors\/#organization","name":"Mors","url":"https:\/\/kunmedierne.dk\/mors\/","logo":{"@type":"ImageObject","inLanguage":"da-DK","@id":"https:\/\/kunmedierne.dk\/mors\/#\/schema\/logo\/image\/","url":"https:\/\/kunmedierne.dk\/mors\/wp-content\/uploads\/2024\/08\/kunmors-logo.svg","contentUrl":"https:\/\/kunmedierne.dk\/mors\/wp-content\/uploads\/2024\/08\/kunmors-logo.svg","caption":"Mors"},"image":{"@id":"https:\/\/kunmedierne.dk\/mors\/#\/schema\/logo\/image\/"}},{"@type":"Person","@id":"https:\/\/kunmedierne.dk\/mors\/#\/schema\/person\/5fe23251bf1d0abbcdc6f7896579d548","name":"David H\u00f8jmark","image":{"@type":"ImageObject","inLanguage":"da-DK","@id":"https:\/\/kunmedierne.dk\/mors\/#\/schema\/person\/image\/","url":"https:\/\/secure.gravatar.com\/avatar\/4315d6fb9ef244d729989f5f90268eb08d5bf8a3d84402f595fa194bb35784fd?s=96&d=mm&r=g","contentUrl":"https:\/\/secure.gravatar.com\/avatar\/4315d6fb9ef244d729989f5f90268eb08d5bf8a3d84402f595fa194bb35784fd?s=96&d=mm&r=g","caption":"David H\u00f8jmark"},"sameAs":["https:\/\/www.kunmedierne.dk"],"url":"https:\/\/kunmedierne.dk\/mors\/author\/david\/"}]}},"_links":{"self":[{"href":"https:\/\/kunmedierne.dk\/mors\/wp-json\/wp\/v2\/posts\/59264","targetHints":{"allow":["GET"]}}],"collection":[{"href":"https:\/\/kunmedierne.dk\/mors\/wp-json\/wp\/v2\/posts"}],"about":[{"href":"https:\/\/kunmedierne.dk\/mors\/wp-json\/wp\/v2\/types\/post"}],"author":[{"embeddable":true,"href":"https:\/\/kunmedierne.dk\/mors\/wp-json\/wp\/v2\/users\/8"}],"replies":[{"embeddable":true,"href":"https:\/\/kunmedierne.dk\/mors\/wp-json\/wp\/v2\/comments?post=59264"}],"version-history":[{"count":3,"href":"https:\/\/kunmedierne.dk\/mors\/wp-json\/wp\/v2\/posts\/59264\/revisions"}],"predecessor-version":[{"id":73578,"href":"https:\/\/kunmedierne.dk\/mors\/wp-json\/wp\/v2\/posts\/59264\/revisions\/73578"}],"wp:featuredmedia":[{"embeddable":true,"href":"https:\/\/kunmedierne.dk\/mors\/wp-json\/wp\/v2\/media\/59269"}],"wp:attachment":[{"href":"https:\/\/kunmedierne.dk\/mors\/wp-json\/wp\/v2\/media?parent=59264"}],"wp:term":[{"taxonomy":"category","embeddable":true,"href":"https:\/\/kunmedierne.dk\/mors\/wp-json\/wp\/v2\/categories?post=59264"},{"taxonomy":"post_tag","embeddable":true,"href":"https:\/\/kunmedierne.dk\/mors\/wp-json\/wp\/v2\/tags?post=59264"}],"curies":[{"name":"wp","href":"https:\/\/api.w.org\/{rel}","templated":true}]}}