{"id":5869,"date":"2020-02-09T16:34:48","date_gmt":"2020-02-09T15:34:48","guid":{"rendered":"https:\/\/kunmedierne.dk\/mors\/?p=5869"},"modified":"2024-08-12T14:07:40","modified_gmt":"2024-08-12T12:07:40","slug":"borgmesterens-gode-soendag-ud-og-maerke-naturen","status":"publish","type":"post","link":"https:\/\/kunmedierne.dk\/mors\/borgmesterens-gode-soendag-ud-og-maerke-naturen\/","title":{"rendered":"Borgmesterens gode s\u00f8ndag: Ud og m\u00e6rke naturen"},"content":{"rendered":"<p><strong>REDSTED<\/strong>: \u00d8ens nye medie tager i dag hul p\u00e5 en ny serie.<\/p>\n<p>Den handler om det, der g\u00f8r en s\u00f8ndag god, og den \u00e5bner med \u00f8ens borgmester, Hans Ejner Bertelsen.<\/p>\n<p>Hvad g\u00f8r s\u00f8ndagen god for ham?<\/p>\n<p>&#8220;Det er en dag som i dag, hvor jeg har en vielse klokken 11,&#8221; siger han tilf\u00f8jer, at dagen for dette interview, som fandt sted sidste s\u00f8ndag, g\u00f8r en vielse ekstra stor p\u00e5 grund af den specielle dato: 02-02-2020.<\/p>\n<p>&#8220;Og s\u00e5 er det dejligt, at vores datter og svigers\u00f8n er p\u00e5 bes\u00f8g, s\u00e5 eftermiddag og aften er tilrettelagt til at v\u00e6re sammen med familien. S\u00e5 er der ogs\u00e5 mulighed for at komme ud og m\u00e6rke naturen. Vi bor ikke s\u00e5 langt fra skoven og har markerne,&#8221; siger Hans Ejner Bertelsen &#8211; p\u00e5 en s\u00f8ndag med sol og vindstille vejr.<\/p>\n<p>N\u00e5r tiden er til det, men det er den sj\u00e6ldent for en borgmester, giver han sig gerne i kast med en god bog.<\/p>\n<p>&#8220;I juleferien l\u00e6ste jeg Helle Mogensens Havunger &#8211; og s\u00e5 fik jeg faktisk S\u00f8ren Pinds Frie Ord i julegave, s\u00e5 den st\u00e5r for tur nu,&#8221; siger han.<\/p>\n<p>Men hvad kan s\u00e5 \u00f8del\u00e6gge den gode s\u00f8ndag for den lokale politiker.<\/p>\n<p>&#8220;At journalister ringer, hahaha. Nej, det m\u00e5 du ikke skrive,&#8221; griner Hans Ejner Bertelsen og tilf\u00f8jer straks, at der skal en del til for at sp\u00e6nde ben for dagen.<\/p>\n<p>&#8220;N\u00e5r man har et hul i kalenderen, er det jo dejligt. Og n\u00e5r s\u00e5 b\u00f8rn og svigerb\u00f8rn er p\u00e5 bes\u00f8g, kan det ikke v\u00e6re ret meget bedre,&#8221; siger han.<\/p>\n<p>Netop mens samtalen finder sted, er han fuldt optaget af regeringens udspil til en udligningsreform. Og s\u00e5dan byder en s\u00f8ndag ogs\u00e5 p\u00e5 arbejde, n\u00e5r man har valgt at g\u00e5 ind i politik.<\/p>\n<p>&#8220;Det er der altid. Man bekymrer sig jo om, hvad vi g\u00f8r som kommune,&#8221; siger Hans Ejner Bertelsen.<\/p>\n<p>&#8220;Det skal man nok v\u00e6nne sig til. Men det er jo ogs\u00e5 et privilegium, at man kan f\u00e5 lov til at p\u00e5virke ting,&#8221; tilf\u00f8jer han.<\/p>\n<p>Serien om den gode s\u00f8ndag udkommer s\u00e5 vidt muligt en gang om ugen &#8211; og helt sikkert aldrig p\u00e5 andre ugedage end s\u00f8ndage.<\/p>\n","protected":false},"excerpt":{"rendered":"<p>REDSTED: \u00d8ens nye medie tager i dag hul p\u00e5 en ny serie. Den handler om det, der g\u00f8r en s\u00f8ndag god, og den \u00e5bner med \u00f8ens borgmester, Hans Ejner Bertelsen. Hvad g\u00f8r s\u00f8ndagen god for ham? &#8220;Det er en dag som i dag, hvor jeg har en vielse klokken 11,&#8221; siger han tilf\u00f8jer, at dagen [&hellip;]<\/p>\n","protected":false},"author":8,"featured_media":13995,"comment_status":"open","ping_status":"open","sticky":false,"template":"","format":"standard","meta":{"_acf_changed":false,"footnotes":""},"categories":[51],"tags":[167],"class_list":["post-5869","post","type-post","status-publish","format-standard","has-post-thumbnail","hentry","category-lokalt","tag-politik"],"acf":[],"yoast_head":"<!-- This site is optimized with the Yoast SEO plugin v26.8 - https:\/\/yoast.com\/product\/yoast-seo-wordpress\/ -->\n<title>Borgmesterens gode s\u00f8ndag: Ud og m\u00e6rke naturen - Mors<\/title>\n<meta name=\"robots\" content=\"index, follow, max-snippet:-1, max-image-preview:large, max-video-preview:-1\" \/>\n<link rel=\"canonical\" href=\"https:\/\/kunmedierne.dk\/mors\/borgmesterens-gode-soendag-ud-og-maerke-naturen\/\" \/>\n<meta property=\"og:locale\" content=\"da_DK\" \/>\n<meta property=\"og:type\" content=\"article\" \/>\n<meta property=\"og:title\" content=\"Borgmesterens gode s\u00f8ndag: Ud og m\u00e6rke naturen - Mors\" \/>\n<meta property=\"og:description\" content=\"REDSTED: \u00d8ens nye medie tager i dag hul p\u00e5 en ny serie. Den handler om det, der g\u00f8r en s\u00f8ndag god, og den \u00e5bner med \u00f8ens borgmester, Hans Ejner Bertelsen. Hvad g\u00f8r s\u00f8ndagen god for ham? &#8220;Det er en dag som i dag, hvor jeg har en vielse klokken 11,&#8221; siger han tilf\u00f8jer, at dagen [&hellip;]\" \/>\n<meta property=\"og:url\" content=\"https:\/\/kunmedierne.dk\/mors\/borgmesterens-gode-soendag-ud-og-maerke-naturen\/\" \/>\n<meta property=\"og:site_name\" content=\"Mors\" \/>\n<meta property=\"article:published_time\" content=\"2020-02-09T15:34:48+00:00\" \/>\n<meta property=\"article:modified_time\" content=\"2024-08-12T12:07:40+00:00\" \/>\n<meta property=\"og:image\" content=\"https:\/\/kunmedierne.dk\/mors\/wp-content\/uploads\/2020\/03\/200101-hans-ejner-bertelsen-V.jpg\" \/>\n\t<meta property=\"og:image:width\" content=\"770\" \/>\n\t<meta property=\"og:image:height\" content=\"513\" \/>\n\t<meta property=\"og:image:type\" content=\"image\/jpeg\" \/>\n<meta name=\"author\" content=\"David H\u00f8jmark\" \/>\n<meta name=\"twitter:card\" content=\"summary_large_image\" \/>\n<meta name=\"twitter:label1\" content=\"Skrevet af\" \/>\n\t<meta name=\"twitter:data1\" content=\"David H\u00f8jmark\" \/>\n\t<meta name=\"twitter:label2\" content=\"Estimeret l\u00e6setid\" \/>\n\t<meta name=\"twitter:data2\" content=\"2 minutter\" \/>\n<script type=\"application\/ld+json\" class=\"yoast-schema-graph\">{\"@context\":\"https:\/\/schema.org\",\"@graph\":[{\"@type\":\"Article\",\"@id\":\"https:\/\/kunmedierne.dk\/mors\/borgmesterens-gode-soendag-ud-og-maerke-naturen\/#article\",\"isPartOf\":{\"@id\":\"https:\/\/kunmedierne.dk\/mors\/borgmesterens-gode-soendag-ud-og-maerke-naturen\/\"},\"author\":{\"name\":\"David H\u00f8jmark\",\"@id\":\"https:\/\/kunmedierne.dk\/mors\/#\/schema\/person\/5fe23251bf1d0abbcdc6f7896579d548\"},\"headline\":\"Borgmesterens gode s\u00f8ndag: Ud og m\u00e6rke naturen\",\"datePublished\":\"2020-02-09T15:34:48+00:00\",\"dateModified\":\"2024-08-12T12:07:40+00:00\",\"mainEntityOfPage\":{\"@id\":\"https:\/\/kunmedierne.dk\/mors\/borgmesterens-gode-soendag-ud-og-maerke-naturen\/\"},\"wordCount\":398,\"commentCount\":0,\"publisher\":{\"@id\":\"https:\/\/kunmedierne.dk\/mors\/#organization\"},\"image\":{\"@id\":\"https:\/\/kunmedierne.dk\/mors\/borgmesterens-gode-soendag-ud-og-maerke-naturen\/#primaryimage\"},\"thumbnailUrl\":\"https:\/\/kunmedierne.dk\/mors\/wp-content\/uploads\/2020\/03\/200101-hans-ejner-bertelsen-V.jpg\",\"keywords\":[\"Politik\"],\"articleSection\":[\"Lokalt\"],\"inLanguage\":\"da-DK\",\"potentialAction\":[{\"@type\":\"CommentAction\",\"name\":\"Comment\",\"target\":[\"https:\/\/kunmedierne.dk\/mors\/borgmesterens-gode-soendag-ud-og-maerke-naturen\/#respond\"]}]},{\"@type\":\"WebPage\",\"@id\":\"https:\/\/kunmedierne.dk\/mors\/borgmesterens-gode-soendag-ud-og-maerke-naturen\/\",\"url\":\"https:\/\/kunmedierne.dk\/mors\/borgmesterens-gode-soendag-ud-og-maerke-naturen\/\",\"name\":\"Borgmesterens gode s\u00f8ndag: Ud og m\u00e6rke naturen - Mors\",\"isPartOf\":{\"@id\":\"https:\/\/kunmedierne.dk\/mors\/#website\"},\"primaryImageOfPage\":{\"@id\":\"https:\/\/kunmedierne.dk\/mors\/borgmesterens-gode-soendag-ud-og-maerke-naturen\/#primaryimage\"},\"image\":{\"@id\":\"https:\/\/kunmedierne.dk\/mors\/borgmesterens-gode-soendag-ud-og-maerke-naturen\/#primaryimage\"},\"thumbnailUrl\":\"https:\/\/kunmedierne.dk\/mors\/wp-content\/uploads\/2020\/03\/200101-hans-ejner-bertelsen-V.jpg\",\"datePublished\":\"2020-02-09T15:34:48+00:00\",\"dateModified\":\"2024-08-12T12:07:40+00:00\",\"breadcrumb\":{\"@id\":\"https:\/\/kunmedierne.dk\/mors\/borgmesterens-gode-soendag-ud-og-maerke-naturen\/#breadcrumb\"},\"inLanguage\":\"da-DK\",\"potentialAction\":[{\"@type\":\"ReadAction\",\"target\":[\"https:\/\/kunmedierne.dk\/mors\/borgmesterens-gode-soendag-ud-og-maerke-naturen\/\"]}]},{\"@type\":\"ImageObject\",\"inLanguage\":\"da-DK\",\"@id\":\"https:\/\/kunmedierne.dk\/mors\/borgmesterens-gode-soendag-ud-og-maerke-naturen\/#primaryimage\",\"url\":\"https:\/\/kunmedierne.dk\/mors\/wp-content\/uploads\/2020\/03\/200101-hans-ejner-bertelsen-V.jpg\",\"contentUrl\":\"https:\/\/kunmedierne.dk\/mors\/wp-content\/uploads\/2020\/03\/200101-hans-ejner-bertelsen-V.jpg\",\"width\":770,\"height\":513,\"caption\":\"Borgmester Hans Ejner Bertelsen (V). Foto: Per Bech\/Mors\u00f8 Kommune.\"},{\"@type\":\"BreadcrumbList\",\"@id\":\"https:\/\/kunmedierne.dk\/mors\/borgmesterens-gode-soendag-ud-og-maerke-naturen\/#breadcrumb\",\"itemListElement\":[{\"@type\":\"ListItem\",\"position\":1,\"name\":\"Hjem\",\"item\":\"https:\/\/kunmedierne.dk\/mors\/\"},{\"@type\":\"ListItem\",\"position\":2,\"name\":\"Borgmesterens gode s\u00f8ndag: Ud og m\u00e6rke naturen\"}]},{\"@type\":\"WebSite\",\"@id\":\"https:\/\/kunmedierne.dk\/mors\/#website\",\"url\":\"https:\/\/kunmedierne.dk\/mors\/\",\"name\":\"Mors\",\"description\":\"et netmedie med journalistik om livet p\u00e5 Mors\",\"publisher\":{\"@id\":\"https:\/\/kunmedierne.dk\/mors\/#organization\"},\"potentialAction\":[{\"@type\":\"SearchAction\",\"target\":{\"@type\":\"EntryPoint\",\"urlTemplate\":\"https:\/\/kunmedierne.dk\/mors\/?s={search_term_string}\"},\"query-input\":{\"@type\":\"PropertyValueSpecification\",\"valueRequired\":true,\"valueName\":\"search_term_string\"}}],\"inLanguage\":\"da-DK\"},{\"@type\":\"Organization\",\"@id\":\"https:\/\/kunmedierne.dk\/mors\/#organization\",\"name\":\"Mors\",\"url\":\"https:\/\/kunmedierne.dk\/mors\/\",\"logo\":{\"@type\":\"ImageObject\",\"inLanguage\":\"da-DK\",\"@id\":\"https:\/\/kunmedierne.dk\/mors\/#\/schema\/logo\/image\/\",\"url\":\"https:\/\/kunmedierne.dk\/mors\/wp-content\/uploads\/2024\/08\/kunmors-logo.svg\",\"contentUrl\":\"https:\/\/kunmedierne.dk\/mors\/wp-content\/uploads\/2024\/08\/kunmors-logo.svg\",\"caption\":\"Mors\"},\"image\":{\"@id\":\"https:\/\/kunmedierne.dk\/mors\/#\/schema\/logo\/image\/\"}},{\"@type\":\"Person\",\"@id\":\"https:\/\/kunmedierne.dk\/mors\/#\/schema\/person\/5fe23251bf1d0abbcdc6f7896579d548\",\"name\":\"David H\u00f8jmark\",\"image\":{\"@type\":\"ImageObject\",\"inLanguage\":\"da-DK\",\"@id\":\"https:\/\/kunmedierne.dk\/mors\/#\/schema\/person\/image\/\",\"url\":\"https:\/\/secure.gravatar.com\/avatar\/4315d6fb9ef244d729989f5f90268eb08d5bf8a3d84402f595fa194bb35784fd?s=96&d=mm&r=g\",\"contentUrl\":\"https:\/\/secure.gravatar.com\/avatar\/4315d6fb9ef244d729989f5f90268eb08d5bf8a3d84402f595fa194bb35784fd?s=96&d=mm&r=g\",\"caption\":\"David H\u00f8jmark\"},\"sameAs\":[\"https:\/\/www.kunmedierne.dk\"],\"url\":\"https:\/\/kunmedierne.dk\/mors\/author\/david\/\"}]}<\/script>\n<!-- \/ Yoast SEO plugin. -->","yoast_head_json":{"title":"Borgmesterens gode s\u00f8ndag: Ud og m\u00e6rke naturen - Mors","robots":{"index":"index","follow":"follow","max-snippet":"max-snippet:-1","max-image-preview":"max-image-preview:large","max-video-preview":"max-video-preview:-1"},"canonical":"https:\/\/kunmedierne.dk\/mors\/borgmesterens-gode-soendag-ud-og-maerke-naturen\/","og_locale":"da_DK","og_type":"article","og_title":"Borgmesterens gode s\u00f8ndag: Ud og m\u00e6rke naturen - Mors","og_description":"REDSTED: \u00d8ens nye medie tager i dag hul p\u00e5 en ny serie. Den handler om det, der g\u00f8r en s\u00f8ndag god, og den \u00e5bner med \u00f8ens borgmester, Hans Ejner Bertelsen. Hvad g\u00f8r s\u00f8ndagen god for ham? &#8220;Det er en dag som i dag, hvor jeg har en vielse klokken 11,&#8221; siger han tilf\u00f8jer, at dagen [&hellip;]","og_url":"https:\/\/kunmedierne.dk\/mors\/borgmesterens-gode-soendag-ud-og-maerke-naturen\/","og_site_name":"Mors","article_published_time":"2020-02-09T15:34:48+00:00","article_modified_time":"2024-08-12T12:07:40+00:00","og_image":[{"width":770,"height":513,"url":"https:\/\/kunmedierne.dk\/mors\/wp-content\/uploads\/2020\/03\/200101-hans-ejner-bertelsen-V.jpg","type":"image\/jpeg"}],"author":"David H\u00f8jmark","twitter_card":"summary_large_image","twitter_misc":{"Skrevet af":"David H\u00f8jmark","Estimeret l\u00e6setid":"2 minutter"},"schema":{"@context":"https:\/\/schema.org","@graph":[{"@type":"Article","@id":"https:\/\/kunmedierne.dk\/mors\/borgmesterens-gode-soendag-ud-og-maerke-naturen\/#article","isPartOf":{"@id":"https:\/\/kunmedierne.dk\/mors\/borgmesterens-gode-soendag-ud-og-maerke-naturen\/"},"author":{"name":"David H\u00f8jmark","@id":"https:\/\/kunmedierne.dk\/mors\/#\/schema\/person\/5fe23251bf1d0abbcdc6f7896579d548"},"headline":"Borgmesterens gode s\u00f8ndag: Ud og m\u00e6rke naturen","datePublished":"2020-02-09T15:34:48+00:00","dateModified":"2024-08-12T12:07:40+00:00","mainEntityOfPage":{"@id":"https:\/\/kunmedierne.dk\/mors\/borgmesterens-gode-soendag-ud-og-maerke-naturen\/"},"wordCount":398,"commentCount":0,"publisher":{"@id":"https:\/\/kunmedierne.dk\/mors\/#organization"},"image":{"@id":"https:\/\/kunmedierne.dk\/mors\/borgmesterens-gode-soendag-ud-og-maerke-naturen\/#primaryimage"},"thumbnailUrl":"https:\/\/kunmedierne.dk\/mors\/wp-content\/uploads\/2020\/03\/200101-hans-ejner-bertelsen-V.jpg","keywords":["Politik"],"articleSection":["Lokalt"],"inLanguage":"da-DK","potentialAction":[{"@type":"CommentAction","name":"Comment","target":["https:\/\/kunmedierne.dk\/mors\/borgmesterens-gode-soendag-ud-og-maerke-naturen\/#respond"]}]},{"@type":"WebPage","@id":"https:\/\/kunmedierne.dk\/mors\/borgmesterens-gode-soendag-ud-og-maerke-naturen\/","url":"https:\/\/kunmedierne.dk\/mors\/borgmesterens-gode-soendag-ud-og-maerke-naturen\/","name":"Borgmesterens gode s\u00f8ndag: Ud og m\u00e6rke naturen - Mors","isPartOf":{"@id":"https:\/\/kunmedierne.dk\/mors\/#website"},"primaryImageOfPage":{"@id":"https:\/\/kunmedierne.dk\/mors\/borgmesterens-gode-soendag-ud-og-maerke-naturen\/#primaryimage"},"image":{"@id":"https:\/\/kunmedierne.dk\/mors\/borgmesterens-gode-soendag-ud-og-maerke-naturen\/#primaryimage"},"thumbnailUrl":"https:\/\/kunmedierne.dk\/mors\/wp-content\/uploads\/2020\/03\/200101-hans-ejner-bertelsen-V.jpg","datePublished":"2020-02-09T15:34:48+00:00","dateModified":"2024-08-12T12:07:40+00:00","breadcrumb":{"@id":"https:\/\/kunmedierne.dk\/mors\/borgmesterens-gode-soendag-ud-og-maerke-naturen\/#breadcrumb"},"inLanguage":"da-DK","potentialAction":[{"@type":"ReadAction","target":["https:\/\/kunmedierne.dk\/mors\/borgmesterens-gode-soendag-ud-og-maerke-naturen\/"]}]},{"@type":"ImageObject","inLanguage":"da-DK","@id":"https:\/\/kunmedierne.dk\/mors\/borgmesterens-gode-soendag-ud-og-maerke-naturen\/#primaryimage","url":"https:\/\/kunmedierne.dk\/mors\/wp-content\/uploads\/2020\/03\/200101-hans-ejner-bertelsen-V.jpg","contentUrl":"https:\/\/kunmedierne.dk\/mors\/wp-content\/uploads\/2020\/03\/200101-hans-ejner-bertelsen-V.jpg","width":770,"height":513,"caption":"Borgmester Hans Ejner Bertelsen (V). Foto: Per Bech\/Mors\u00f8 Kommune."},{"@type":"BreadcrumbList","@id":"https:\/\/kunmedierne.dk\/mors\/borgmesterens-gode-soendag-ud-og-maerke-naturen\/#breadcrumb","itemListElement":[{"@type":"ListItem","position":1,"name":"Hjem","item":"https:\/\/kunmedierne.dk\/mors\/"},{"@type":"ListItem","position":2,"name":"Borgmesterens gode s\u00f8ndag: Ud og m\u00e6rke naturen"}]},{"@type":"WebSite","@id":"https:\/\/kunmedierne.dk\/mors\/#website","url":"https:\/\/kunmedierne.dk\/mors\/","name":"Mors","description":"et netmedie med journalistik om livet p\u00e5 Mors","publisher":{"@id":"https:\/\/kunmedierne.dk\/mors\/#organization"},"potentialAction":[{"@type":"SearchAction","target":{"@type":"EntryPoint","urlTemplate":"https:\/\/kunmedierne.dk\/mors\/?s={search_term_string}"},"query-input":{"@type":"PropertyValueSpecification","valueRequired":true,"valueName":"search_term_string"}}],"inLanguage":"da-DK"},{"@type":"Organization","@id":"https:\/\/kunmedierne.dk\/mors\/#organization","name":"Mors","url":"https:\/\/kunmedierne.dk\/mors\/","logo":{"@type":"ImageObject","inLanguage":"da-DK","@id":"https:\/\/kunmedierne.dk\/mors\/#\/schema\/logo\/image\/","url":"https:\/\/kunmedierne.dk\/mors\/wp-content\/uploads\/2024\/08\/kunmors-logo.svg","contentUrl":"https:\/\/kunmedierne.dk\/mors\/wp-content\/uploads\/2024\/08\/kunmors-logo.svg","caption":"Mors"},"image":{"@id":"https:\/\/kunmedierne.dk\/mors\/#\/schema\/logo\/image\/"}},{"@type":"Person","@id":"https:\/\/kunmedierne.dk\/mors\/#\/schema\/person\/5fe23251bf1d0abbcdc6f7896579d548","name":"David H\u00f8jmark","image":{"@type":"ImageObject","inLanguage":"da-DK","@id":"https:\/\/kunmedierne.dk\/mors\/#\/schema\/person\/image\/","url":"https:\/\/secure.gravatar.com\/avatar\/4315d6fb9ef244d729989f5f90268eb08d5bf8a3d84402f595fa194bb35784fd?s=96&d=mm&r=g","contentUrl":"https:\/\/secure.gravatar.com\/avatar\/4315d6fb9ef244d729989f5f90268eb08d5bf8a3d84402f595fa194bb35784fd?s=96&d=mm&r=g","caption":"David H\u00f8jmark"},"sameAs":["https:\/\/www.kunmedierne.dk"],"url":"https:\/\/kunmedierne.dk\/mors\/author\/david\/"}]}},"_links":{"self":[{"href":"https:\/\/kunmedierne.dk\/mors\/wp-json\/wp\/v2\/posts\/5869","targetHints":{"allow":["GET"]}}],"collection":[{"href":"https:\/\/kunmedierne.dk\/mors\/wp-json\/wp\/v2\/posts"}],"about":[{"href":"https:\/\/kunmedierne.dk\/mors\/wp-json\/wp\/v2\/types\/post"}],"author":[{"embeddable":true,"href":"https:\/\/kunmedierne.dk\/mors\/wp-json\/wp\/v2\/users\/8"}],"replies":[{"embeddable":true,"href":"https:\/\/kunmedierne.dk\/mors\/wp-json\/wp\/v2\/comments?post=5869"}],"version-history":[{"count":4,"href":"https:\/\/kunmedierne.dk\/mors\/wp-json\/wp\/v2\/posts\/5869\/revisions"}],"predecessor-version":[{"id":6759,"href":"https:\/\/kunmedierne.dk\/mors\/wp-json\/wp\/v2\/posts\/5869\/revisions\/6759"}],"wp:featuredmedia":[{"embeddable":true,"href":"https:\/\/kunmedierne.dk\/mors\/wp-json\/wp\/v2\/media\/13995"}],"wp:attachment":[{"href":"https:\/\/kunmedierne.dk\/mors\/wp-json\/wp\/v2\/media?parent=5869"}],"wp:term":[{"taxonomy":"category","embeddable":true,"href":"https:\/\/kunmedierne.dk\/mors\/wp-json\/wp\/v2\/categories?post=5869"},{"taxonomy":"post_tag","embeddable":true,"href":"https:\/\/kunmedierne.dk\/mors\/wp-json\/wp\/v2\/tags?post=5869"}],"curies":[{"name":"wp","href":"https:\/\/api.w.org\/{rel}","templated":true}]}}