{"id":58415,"date":"2021-11-27T08:54:56","date_gmt":"2021-11-27T07:54:56","guid":{"rendered":"https:\/\/kunmedierne.dk\/mors\/?p=58415"},"modified":"2024-08-12T13:35:45","modified_gmt":"2024-08-12T11:35:45","slug":"mindeord-for-hans-kristian-futtrup","status":"publish","type":"post","link":"https:\/\/kunmedierne.dk\/mors\/mindeord-for-hans-kristian-futtrup\/","title":{"rendered":"Mindeord for Hans Kristian Futtrup"},"content":{"rendered":"<p><em>Mindeord, Hans Kristian Futtrup, 87 \u00e5r, bisat ved Nyk\u00f8bing Kapel den 22. november 2021.<\/em><\/p>\n<p><em>Indsendt p\u00e5 vegne af familien.<\/em><\/p>\n<hr \/>\n<p>Hans Kristian Futtrup sov ind den 17. november 2021 efter nogle ugers sygdom. Han efterlader sig en datter i Nyk\u00f8bing Mors, en s\u00f8n p\u00e5 Skive-egnen, fire b\u00f8rneb\u00f8rn og fire oldeb\u00f8rn.<\/p>\n<p>Som f\u00f8dt ind i en familie p\u00e5 landet begyndte Hans Kristian Futtrup allerede som 9-\u00e5rig at arbejde h\u00e5rdt p\u00e5 familiens g\u00e5rd sammen med sine s\u00f8skende.<\/p>\n<p>Samtidig skulle han passe de syv \u00e5rs skolegang, og i ungdoms\u00e5rene fulgte han den naturlige vej ind i landbruget p\u00e5 g\u00e5rdene p\u00e5 Mors, hvor tungt og slidsomt arbejde blev en naturlig del af hverdagen.<\/p>\n<p>Han fandt i ungdoms\u00e5rene sammen med Elly Kristiane Vesterg\u00e5rd Pedersen, som han n\u00e5ede at v\u00e6re gift med i 55 \u00e5r, inden hun d\u00f8de tilbage i 2011.<\/p>\n<p>Sammen k\u00f8bte de et lille landbrug i L\u00f8dderup, og det blev rammen om et godt og stabilt familie- og arbejdsliv i mange \u00e5r.<\/p>\n<p>Det lille landbrug i L\u00f8dderup var ikke tilstr\u00e6kkeligt til at br\u00f8df\u00f8de familien, og derfor tog han forskelligt arbejde ved siden af. Det var blandt andet som klipper af h\u00f8veder p\u00e5 andre g\u00e5rde, men i takt med industrialiseringen fandt han ogs\u00e5 arbejde p\u00e5 fabrikker p\u00e5 Mors. Han havde flere gode arbejds\u00e5r p\u00e5 m\u00f8belvirksomheden Danfold, hvor han ogs\u00e5 en overgang var tillidsmand.<\/p>\n<p>Ferier og fritid var der ikke meget af, men teltture og camping var noget af det, som familien satte pris p\u00e5, da b\u00f8rnene var mindre. S\u00f8nnen Torben fik en flot karriere inden for ungdomsfodbold, og meget af fritiden gik ogs\u00e5 med at k\u00f8re og f\u00f8lge med p\u00e5 sidelinjen.<\/p>\n<p>Efter flere \u00e5rtier med det lille landbrug valgte Hans Kristian og Elly at flytte i nybygget parcelhus i L\u00f8dderup. Her fik de flere gode \u00e5r sammen i de nye og moderne rammer, som var lettere at holde for \u00e6gteparret, der ogs\u00e5 ofte var barnepiger og i det hele taget meget engageret i b\u00f8rneb\u00f8rnenes liv.<\/p>\n<p>Da Elly gik bort i 2011 valgte Hans Kristian at flytte til Nyk\u00f8bing i lejlighed i M.C. Holmsgade. Her fik han flere \u00e5r med godt naboskab og sammenhold i form af kortklub, sang og andet socialt samv\u00e6r. \u00a0Ogs\u00e5 da han siden marts i \u00e5r kom p\u00e5 plejehjemmet Rolstruplund, deltog han gerne i det sociale samv\u00e6r.<\/p>\n<p>Hans Kristian Futtrup var p\u00e5 alle m\u00e5der en ordentlig mand, som sj\u00e6ldent r\u00e5bte h\u00f8jst. Han var eftert\u00e6nksom og velovervejet, og der blev lyttet godt efter, n\u00e5r han talte. Den n\u00e6re familie bet\u00f8d meget for ham, og hans viden om samfund, lokalbefolkningen p\u00e5 Mors og udviklingen p\u00e5 \u00f8en var stor. B\u00f8rn, og is\u00e6r b\u00f8rneb\u00f8rns ve og vel, kom til at spille en st\u00f8rre og st\u00f8rre rolle for ham i de sidste \u00e5r.<\/p>\n<p>\u00c6ret v\u00e6re Hans Kristian Futtrups minde.<\/p>\n<p>&nbsp;<\/p>\n","protected":false},"excerpt":{"rendered":"<p>Mindeord, Hans Kristian Futtrup, 87 \u00e5r, bisat ved Nyk\u00f8bing Kapel den 22. november 2021. Indsendt p\u00e5 vegne af familien. Hans Kristian Futtrup sov ind den 17. november 2021 efter nogle ugers sygdom. Han efterlader sig en datter i Nyk\u00f8bing Mors, en s\u00f8n p\u00e5 Skive-egnen, fire b\u00f8rneb\u00f8rn og fire oldeb\u00f8rn. Som f\u00f8dt ind i en familie [&hellip;]<\/p>\n","protected":false},"author":264,"featured_media":58416,"comment_status":"open","ping_status":"open","sticky":false,"template":"","format":"standard","meta":{"_acf_changed":false,"footnotes":""},"categories":[52],"tags":[],"class_list":["post-58415","post","type-post","status-publish","format-standard","has-post-thumbnail","hentry","category-navne"],"acf":[],"yoast_head":"<!-- This site is optimized with the Yoast SEO plugin v26.8 - https:\/\/yoast.com\/product\/yoast-seo-wordpress\/ -->\n<title>Mindeord for Hans Kristian Futtrup - Mors<\/title>\n<meta name=\"robots\" content=\"index, follow, max-snippet:-1, max-image-preview:large, max-video-preview:-1\" \/>\n<link rel=\"canonical\" href=\"https:\/\/kunmedierne.dk\/mors\/mindeord-for-hans-kristian-futtrup\/\" \/>\n<meta property=\"og:locale\" content=\"da_DK\" \/>\n<meta property=\"og:type\" content=\"article\" \/>\n<meta property=\"og:title\" content=\"Mindeord for Hans Kristian Futtrup - Mors\" \/>\n<meta property=\"og:description\" content=\"Mindeord, Hans Kristian Futtrup, 87 \u00e5r, bisat ved Nyk\u00f8bing Kapel den 22. november 2021. Indsendt p\u00e5 vegne af familien. Hans Kristian Futtrup sov ind den 17. november 2021 efter nogle ugers sygdom. Han efterlader sig en datter i Nyk\u00f8bing Mors, en s\u00f8n p\u00e5 Skive-egnen, fire b\u00f8rneb\u00f8rn og fire oldeb\u00f8rn. Som f\u00f8dt ind i en familie [&hellip;]\" \/>\n<meta property=\"og:url\" content=\"https:\/\/kunmedierne.dk\/mors\/mindeord-for-hans-kristian-futtrup\/\" \/>\n<meta property=\"og:site_name\" content=\"Mors\" \/>\n<meta property=\"article:published_time\" content=\"2021-11-27T07:54:56+00:00\" \/>\n<meta property=\"article:modified_time\" content=\"2024-08-12T11:35:45+00:00\" \/>\n<meta property=\"og:image\" content=\"https:\/\/kunmedierne.dk\/mors\/wp-content\/uploads\/2021\/11\/mindeord.jpg\" \/>\n\t<meta property=\"og:image:width\" content=\"770\" \/>\n\t<meta property=\"og:image:height\" content=\"517\" \/>\n\t<meta property=\"og:image:type\" content=\"image\/jpeg\" \/>\n<meta name=\"author\" content=\"Navne\" \/>\n<meta name=\"twitter:card\" content=\"summary_large_image\" \/>\n<meta name=\"twitter:label1\" content=\"Skrevet af\" \/>\n\t<meta name=\"twitter:data1\" content=\"Navne\" \/>\n\t<meta name=\"twitter:label2\" content=\"Estimeret l\u00e6setid\" \/>\n\t<meta name=\"twitter:data2\" content=\"3 minutter\" \/>\n<script type=\"application\/ld+json\" class=\"yoast-schema-graph\">{\"@context\":\"https:\/\/schema.org\",\"@graph\":[{\"@type\":\"Article\",\"@id\":\"https:\/\/kunmedierne.dk\/mors\/mindeord-for-hans-kristian-futtrup\/#article\",\"isPartOf\":{\"@id\":\"https:\/\/kunmedierne.dk\/mors\/mindeord-for-hans-kristian-futtrup\/\"},\"author\":{\"name\":\"Navne\",\"@id\":\"https:\/\/kunmedierne.dk\/mors\/#\/schema\/person\/f084885f8161963bb583d8604763a6b7\"},\"headline\":\"Mindeord for Hans Kristian Futtrup\",\"datePublished\":\"2021-11-27T07:54:56+00:00\",\"dateModified\":\"2024-08-12T11:35:45+00:00\",\"mainEntityOfPage\":{\"@id\":\"https:\/\/kunmedierne.dk\/mors\/mindeord-for-hans-kristian-futtrup\/\"},\"wordCount\":503,\"commentCount\":0,\"publisher\":{\"@id\":\"https:\/\/kunmedierne.dk\/mors\/#organization\"},\"image\":{\"@id\":\"https:\/\/kunmedierne.dk\/mors\/mindeord-for-hans-kristian-futtrup\/#primaryimage\"},\"thumbnailUrl\":\"https:\/\/kunmedierne.dk\/mors\/wp-content\/uploads\/2021\/11\/mindeord.jpg\",\"articleSection\":[\"Navne\"],\"inLanguage\":\"da-DK\",\"potentialAction\":[{\"@type\":\"CommentAction\",\"name\":\"Comment\",\"target\":[\"https:\/\/kunmedierne.dk\/mors\/mindeord-for-hans-kristian-futtrup\/#respond\"]}]},{\"@type\":\"WebPage\",\"@id\":\"https:\/\/kunmedierne.dk\/mors\/mindeord-for-hans-kristian-futtrup\/\",\"url\":\"https:\/\/kunmedierne.dk\/mors\/mindeord-for-hans-kristian-futtrup\/\",\"name\":\"Mindeord for Hans Kristian Futtrup - Mors\",\"isPartOf\":{\"@id\":\"https:\/\/kunmedierne.dk\/mors\/#website\"},\"primaryImageOfPage\":{\"@id\":\"https:\/\/kunmedierne.dk\/mors\/mindeord-for-hans-kristian-futtrup\/#primaryimage\"},\"image\":{\"@id\":\"https:\/\/kunmedierne.dk\/mors\/mindeord-for-hans-kristian-futtrup\/#primaryimage\"},\"thumbnailUrl\":\"https:\/\/kunmedierne.dk\/mors\/wp-content\/uploads\/2021\/11\/mindeord.jpg\",\"datePublished\":\"2021-11-27T07:54:56+00:00\",\"dateModified\":\"2024-08-12T11:35:45+00:00\",\"breadcrumb\":{\"@id\":\"https:\/\/kunmedierne.dk\/mors\/mindeord-for-hans-kristian-futtrup\/#breadcrumb\"},\"inLanguage\":\"da-DK\",\"potentialAction\":[{\"@type\":\"ReadAction\",\"target\":[\"https:\/\/kunmedierne.dk\/mors\/mindeord-for-hans-kristian-futtrup\/\"]}]},{\"@type\":\"ImageObject\",\"inLanguage\":\"da-DK\",\"@id\":\"https:\/\/kunmedierne.dk\/mors\/mindeord-for-hans-kristian-futtrup\/#primaryimage\",\"url\":\"https:\/\/kunmedierne.dk\/mors\/wp-content\/uploads\/2021\/11\/mindeord.jpg\",\"contentUrl\":\"https:\/\/kunmedierne.dk\/mors\/wp-content\/uploads\/2021\/11\/mindeord.jpg\",\"width\":770,\"height\":517},{\"@type\":\"BreadcrumbList\",\"@id\":\"https:\/\/kunmedierne.dk\/mors\/mindeord-for-hans-kristian-futtrup\/#breadcrumb\",\"itemListElement\":[{\"@type\":\"ListItem\",\"position\":1,\"name\":\"Hjem\",\"item\":\"https:\/\/kunmedierne.dk\/mors\/\"},{\"@type\":\"ListItem\",\"position\":2,\"name\":\"Mindeord for Hans Kristian Futtrup\"}]},{\"@type\":\"WebSite\",\"@id\":\"https:\/\/kunmedierne.dk\/mors\/#website\",\"url\":\"https:\/\/kunmedierne.dk\/mors\/\",\"name\":\"Mors\",\"description\":\"et netmedie med journalistik om livet p\u00e5 Mors\",\"publisher\":{\"@id\":\"https:\/\/kunmedierne.dk\/mors\/#organization\"},\"potentialAction\":[{\"@type\":\"SearchAction\",\"target\":{\"@type\":\"EntryPoint\",\"urlTemplate\":\"https:\/\/kunmedierne.dk\/mors\/?s={search_term_string}\"},\"query-input\":{\"@type\":\"PropertyValueSpecification\",\"valueRequired\":true,\"valueName\":\"search_term_string\"}}],\"inLanguage\":\"da-DK\"},{\"@type\":\"Organization\",\"@id\":\"https:\/\/kunmedierne.dk\/mors\/#organization\",\"name\":\"Mors\",\"url\":\"https:\/\/kunmedierne.dk\/mors\/\",\"logo\":{\"@type\":\"ImageObject\",\"inLanguage\":\"da-DK\",\"@id\":\"https:\/\/kunmedierne.dk\/mors\/#\/schema\/logo\/image\/\",\"url\":\"https:\/\/kunmedierne.dk\/mors\/wp-content\/uploads\/2024\/08\/kunmors-logo.svg\",\"contentUrl\":\"https:\/\/kunmedierne.dk\/mors\/wp-content\/uploads\/2024\/08\/kunmors-logo.svg\",\"caption\":\"Mors\"},\"image\":{\"@id\":\"https:\/\/kunmedierne.dk\/mors\/#\/schema\/logo\/image\/\"}},{\"@type\":\"Person\",\"@id\":\"https:\/\/kunmedierne.dk\/mors\/#\/schema\/person\/f084885f8161963bb583d8604763a6b7\",\"name\":\"Navne\",\"image\":{\"@type\":\"ImageObject\",\"inLanguage\":\"da-DK\",\"@id\":\"https:\/\/kunmedierne.dk\/mors\/#\/schema\/person\/image\/\",\"url\":\"https:\/\/secure.gravatar.com\/avatar\/6f0953307eaee87813e8e3c90223d5589b093e56e7cc66b5575f901f7b5868a5?s=96&d=mm&r=g\",\"contentUrl\":\"https:\/\/secure.gravatar.com\/avatar\/6f0953307eaee87813e8e3c90223d5589b093e56e7cc66b5575f901f7b5868a5?s=96&d=mm&r=g\",\"caption\":\"Navne\"},\"url\":\"https:\/\/kunmedierne.dk\/mors\/author\/navne\/\"}]}<\/script>\n<!-- \/ Yoast SEO plugin. -->","yoast_head_json":{"title":"Mindeord for Hans Kristian Futtrup - Mors","robots":{"index":"index","follow":"follow","max-snippet":"max-snippet:-1","max-image-preview":"max-image-preview:large","max-video-preview":"max-video-preview:-1"},"canonical":"https:\/\/kunmedierne.dk\/mors\/mindeord-for-hans-kristian-futtrup\/","og_locale":"da_DK","og_type":"article","og_title":"Mindeord for Hans Kristian Futtrup - Mors","og_description":"Mindeord, Hans Kristian Futtrup, 87 \u00e5r, bisat ved Nyk\u00f8bing Kapel den 22. november 2021. Indsendt p\u00e5 vegne af familien. Hans Kristian Futtrup sov ind den 17. november 2021 efter nogle ugers sygdom. Han efterlader sig en datter i Nyk\u00f8bing Mors, en s\u00f8n p\u00e5 Skive-egnen, fire b\u00f8rneb\u00f8rn og fire oldeb\u00f8rn. Som f\u00f8dt ind i en familie [&hellip;]","og_url":"https:\/\/kunmedierne.dk\/mors\/mindeord-for-hans-kristian-futtrup\/","og_site_name":"Mors","article_published_time":"2021-11-27T07:54:56+00:00","article_modified_time":"2024-08-12T11:35:45+00:00","og_image":[{"width":770,"height":517,"url":"https:\/\/kunmedierne.dk\/mors\/wp-content\/uploads\/2021\/11\/mindeord.jpg","type":"image\/jpeg"}],"author":"Navne","twitter_card":"summary_large_image","twitter_misc":{"Skrevet af":"Navne","Estimeret l\u00e6setid":"3 minutter"},"schema":{"@context":"https:\/\/schema.org","@graph":[{"@type":"Article","@id":"https:\/\/kunmedierne.dk\/mors\/mindeord-for-hans-kristian-futtrup\/#article","isPartOf":{"@id":"https:\/\/kunmedierne.dk\/mors\/mindeord-for-hans-kristian-futtrup\/"},"author":{"name":"Navne","@id":"https:\/\/kunmedierne.dk\/mors\/#\/schema\/person\/f084885f8161963bb583d8604763a6b7"},"headline":"Mindeord for Hans Kristian Futtrup","datePublished":"2021-11-27T07:54:56+00:00","dateModified":"2024-08-12T11:35:45+00:00","mainEntityOfPage":{"@id":"https:\/\/kunmedierne.dk\/mors\/mindeord-for-hans-kristian-futtrup\/"},"wordCount":503,"commentCount":0,"publisher":{"@id":"https:\/\/kunmedierne.dk\/mors\/#organization"},"image":{"@id":"https:\/\/kunmedierne.dk\/mors\/mindeord-for-hans-kristian-futtrup\/#primaryimage"},"thumbnailUrl":"https:\/\/kunmedierne.dk\/mors\/wp-content\/uploads\/2021\/11\/mindeord.jpg","articleSection":["Navne"],"inLanguage":"da-DK","potentialAction":[{"@type":"CommentAction","name":"Comment","target":["https:\/\/kunmedierne.dk\/mors\/mindeord-for-hans-kristian-futtrup\/#respond"]}]},{"@type":"WebPage","@id":"https:\/\/kunmedierne.dk\/mors\/mindeord-for-hans-kristian-futtrup\/","url":"https:\/\/kunmedierne.dk\/mors\/mindeord-for-hans-kristian-futtrup\/","name":"Mindeord for Hans Kristian Futtrup - Mors","isPartOf":{"@id":"https:\/\/kunmedierne.dk\/mors\/#website"},"primaryImageOfPage":{"@id":"https:\/\/kunmedierne.dk\/mors\/mindeord-for-hans-kristian-futtrup\/#primaryimage"},"image":{"@id":"https:\/\/kunmedierne.dk\/mors\/mindeord-for-hans-kristian-futtrup\/#primaryimage"},"thumbnailUrl":"https:\/\/kunmedierne.dk\/mors\/wp-content\/uploads\/2021\/11\/mindeord.jpg","datePublished":"2021-11-27T07:54:56+00:00","dateModified":"2024-08-12T11:35:45+00:00","breadcrumb":{"@id":"https:\/\/kunmedierne.dk\/mors\/mindeord-for-hans-kristian-futtrup\/#breadcrumb"},"inLanguage":"da-DK","potentialAction":[{"@type":"ReadAction","target":["https:\/\/kunmedierne.dk\/mors\/mindeord-for-hans-kristian-futtrup\/"]}]},{"@type":"ImageObject","inLanguage":"da-DK","@id":"https:\/\/kunmedierne.dk\/mors\/mindeord-for-hans-kristian-futtrup\/#primaryimage","url":"https:\/\/kunmedierne.dk\/mors\/wp-content\/uploads\/2021\/11\/mindeord.jpg","contentUrl":"https:\/\/kunmedierne.dk\/mors\/wp-content\/uploads\/2021\/11\/mindeord.jpg","width":770,"height":517},{"@type":"BreadcrumbList","@id":"https:\/\/kunmedierne.dk\/mors\/mindeord-for-hans-kristian-futtrup\/#breadcrumb","itemListElement":[{"@type":"ListItem","position":1,"name":"Hjem","item":"https:\/\/kunmedierne.dk\/mors\/"},{"@type":"ListItem","position":2,"name":"Mindeord for Hans Kristian Futtrup"}]},{"@type":"WebSite","@id":"https:\/\/kunmedierne.dk\/mors\/#website","url":"https:\/\/kunmedierne.dk\/mors\/","name":"Mors","description":"et netmedie med journalistik om livet p\u00e5 Mors","publisher":{"@id":"https:\/\/kunmedierne.dk\/mors\/#organization"},"potentialAction":[{"@type":"SearchAction","target":{"@type":"EntryPoint","urlTemplate":"https:\/\/kunmedierne.dk\/mors\/?s={search_term_string}"},"query-input":{"@type":"PropertyValueSpecification","valueRequired":true,"valueName":"search_term_string"}}],"inLanguage":"da-DK"},{"@type":"Organization","@id":"https:\/\/kunmedierne.dk\/mors\/#organization","name":"Mors","url":"https:\/\/kunmedierne.dk\/mors\/","logo":{"@type":"ImageObject","inLanguage":"da-DK","@id":"https:\/\/kunmedierne.dk\/mors\/#\/schema\/logo\/image\/","url":"https:\/\/kunmedierne.dk\/mors\/wp-content\/uploads\/2024\/08\/kunmors-logo.svg","contentUrl":"https:\/\/kunmedierne.dk\/mors\/wp-content\/uploads\/2024\/08\/kunmors-logo.svg","caption":"Mors"},"image":{"@id":"https:\/\/kunmedierne.dk\/mors\/#\/schema\/logo\/image\/"}},{"@type":"Person","@id":"https:\/\/kunmedierne.dk\/mors\/#\/schema\/person\/f084885f8161963bb583d8604763a6b7","name":"Navne","image":{"@type":"ImageObject","inLanguage":"da-DK","@id":"https:\/\/kunmedierne.dk\/mors\/#\/schema\/person\/image\/","url":"https:\/\/secure.gravatar.com\/avatar\/6f0953307eaee87813e8e3c90223d5589b093e56e7cc66b5575f901f7b5868a5?s=96&d=mm&r=g","contentUrl":"https:\/\/secure.gravatar.com\/avatar\/6f0953307eaee87813e8e3c90223d5589b093e56e7cc66b5575f901f7b5868a5?s=96&d=mm&r=g","caption":"Navne"},"url":"https:\/\/kunmedierne.dk\/mors\/author\/navne\/"}]}},"_links":{"self":[{"href":"https:\/\/kunmedierne.dk\/mors\/wp-json\/wp\/v2\/posts\/58415","targetHints":{"allow":["GET"]}}],"collection":[{"href":"https:\/\/kunmedierne.dk\/mors\/wp-json\/wp\/v2\/posts"}],"about":[{"href":"https:\/\/kunmedierne.dk\/mors\/wp-json\/wp\/v2\/types\/post"}],"author":[{"embeddable":true,"href":"https:\/\/kunmedierne.dk\/mors\/wp-json\/wp\/v2\/users\/264"}],"replies":[{"embeddable":true,"href":"https:\/\/kunmedierne.dk\/mors\/wp-json\/wp\/v2\/comments?post=58415"}],"version-history":[{"count":3,"href":"https:\/\/kunmedierne.dk\/mors\/wp-json\/wp\/v2\/posts\/58415\/revisions"}],"predecessor-version":[{"id":102958,"href":"https:\/\/kunmedierne.dk\/mors\/wp-json\/wp\/v2\/posts\/58415\/revisions\/102958"}],"wp:featuredmedia":[{"embeddable":true,"href":"https:\/\/kunmedierne.dk\/mors\/wp-json\/wp\/v2\/media\/58416"}],"wp:attachment":[{"href":"https:\/\/kunmedierne.dk\/mors\/wp-json\/wp\/v2\/media?parent=58415"}],"wp:term":[{"taxonomy":"category","embeddable":true,"href":"https:\/\/kunmedierne.dk\/mors\/wp-json\/wp\/v2\/categories?post=58415"},{"taxonomy":"post_tag","embeddable":true,"href":"https:\/\/kunmedierne.dk\/mors\/wp-json\/wp\/v2\/tags?post=58415"}],"curies":[{"name":"wp","href":"https:\/\/api.w.org\/{rel}","templated":true}]}}