{"id":5788,"date":"2020-02-03T18:35:53","date_gmt":"2020-02-03T17:35:53","guid":{"rendered":"https:\/\/kunmedierne.dk\/mors\/?p=5788"},"modified":"2024-08-12T14:07:41","modified_gmt":"2024-08-12T12:07:41","slug":"blidstrupsag-anket-til-landsretten","status":"publish","type":"post","link":"https:\/\/kunmedierne.dk\/mors\/blidstrupsag-anket-til-landsretten\/","title":{"rendered":"Blidstrupsag anket til landsretten"},"content":{"rendered":"<p><strong>BLIDSTRUP<\/strong>: Inden for de n\u00e6ste 14 dage skal den tidligere forstander p\u00e5 Blidstrup Efterskole sammen med sin forsvarer vurdere, om de ogs\u00e5 skal anke dommen fra Retten i Holstebro til Vestre Landsret.<\/p>\n<p>Byretsdommen id\u00f8mte den 61-\u00e5rige mand tre m\u00e5neders betinget f\u00e6ngsel med 80 timers samfundstjeneste, og s\u00e5 blev han heller ikke frad\u00f8mt retten til at have med b\u00f8rn og unge at g\u00f8re. Dommen blev p\u00e5 basis af, at han blev vurderet skyldig i vold og bluf\u00e6rdighedskr\u00e6nkelse i en del af de 21 anklagepunkter og frifindelse i resten.<\/p>\n<p>Juridisk set betyder al det her, at hvis en d\u00f8mt v\u00e6lger at kontraanke, s\u00e5 kan det for eksempel v\u00e6re til frifindelse eller til nedsat straf.<\/p>\n<p>Advokat Stephan Muurholm, som repr\u00e6senterer den tidligere forstander, fort\u00e6ller, at hans klient ikke \u00f8nsker at udtale sig om noget i forbindelse med dommen og anken, men at de har 14 dage til at beslutte hvilken type anke, de vil indgive.<\/p>\n<p>En anke til formildelse af en straf betyder, at vidnerne fra byretssagen ikke skal indkaldes igen, og det kun bliver landsretsdommernes vurdering af sagens akter, der l\u00e6gger grunden til enten en h\u00e5rdere straf, den samme eller en mildere straf.<\/p>\n","protected":false},"excerpt":{"rendered":"<p>BLIDSTRUP: Inden for de n\u00e6ste 14 dage skal den tidligere forstander p\u00e5 Blidstrup Efterskole sammen med sin forsvarer vurdere, om de ogs\u00e5 skal anke dommen fra Retten i Holstebro til Vestre Landsret. Byretsdommen id\u00f8mte den 61-\u00e5rige mand tre m\u00e5neders betinget f\u00e6ngsel med 80 timers samfundstjeneste, og s\u00e5 blev han heller ikke frad\u00f8mt retten til at [&hellip;]<\/p>\n","protected":false},"author":176,"featured_media":5796,"comment_status":"closed","ping_status":"closed","sticky":false,"template":"","format":"standard","meta":{"_acf_changed":false,"footnotes":""},"categories":[54,51],"tags":[],"class_list":["post-5788","post","type-post","status-publish","format-standard","has-post-thumbnail","hentry","category-54","category-lokalt"],"acf":[],"yoast_head":"<!-- This site is optimized with the Yoast SEO plugin v26.8 - https:\/\/yoast.com\/product\/yoast-seo-wordpress\/ -->\n<title>Blidstrupsag anket til landsretten - Mors<\/title>\n<meta name=\"robots\" content=\"index, follow, max-snippet:-1, max-image-preview:large, max-video-preview:-1\" \/>\n<link rel=\"canonical\" href=\"https:\/\/kunmedierne.dk\/mors\/blidstrupsag-anket-til-landsretten\/\" \/>\n<meta property=\"og:locale\" content=\"da_DK\" \/>\n<meta property=\"og:type\" content=\"article\" \/>\n<meta property=\"og:title\" content=\"Blidstrupsag anket til landsretten - Mors\" \/>\n<meta property=\"og:description\" content=\"BLIDSTRUP: Inden for de n\u00e6ste 14 dage skal den tidligere forstander p\u00e5 Blidstrup Efterskole sammen med sin forsvarer vurdere, om de ogs\u00e5 skal anke dommen fra Retten i Holstebro til Vestre Landsret. Byretsdommen id\u00f8mte den 61-\u00e5rige mand tre m\u00e5neders betinget f\u00e6ngsel med 80 timers samfundstjeneste, og s\u00e5 blev han heller ikke frad\u00f8mt retten til at [&hellip;]\" \/>\n<meta property=\"og:url\" content=\"https:\/\/kunmedierne.dk\/mors\/blidstrupsag-anket-til-landsretten\/\" \/>\n<meta property=\"og:site_name\" content=\"Mors\" \/>\n<meta property=\"article:published_time\" content=\"2020-02-03T17:35:53+00:00\" \/>\n<meta property=\"article:modified_time\" content=\"2024-08-12T12:07:41+00:00\" \/>\n<meta property=\"og:image\" content=\"https:\/\/kunmedierne.dk\/mors\/wp-content\/uploads\/2020\/02\/200203-vestre-landsret.jpg\" \/>\n\t<meta property=\"og:image:width\" content=\"770\" \/>\n\t<meta property=\"og:image:height\" content=\"513\" \/>\n\t<meta property=\"og:image:type\" content=\"image\/jpeg\" \/>\n<meta name=\"author\" content=\"Niels Hansen\" \/>\n<meta name=\"twitter:card\" content=\"summary_large_image\" \/>\n<meta name=\"twitter:label1\" content=\"Skrevet af\" \/>\n\t<meta name=\"twitter:data1\" content=\"Niels Hansen\" \/>\n\t<meta name=\"twitter:label2\" content=\"Estimeret l\u00e6setid\" \/>\n\t<meta name=\"twitter:data2\" content=\"1 minut\" \/>\n<script type=\"application\/ld+json\" class=\"yoast-schema-graph\">{\"@context\":\"https:\/\/schema.org\",\"@graph\":[{\"@type\":\"Article\",\"@id\":\"https:\/\/kunmedierne.dk\/mors\/blidstrupsag-anket-til-landsretten\/#article\",\"isPartOf\":{\"@id\":\"https:\/\/kunmedierne.dk\/mors\/blidstrupsag-anket-til-landsretten\/\"},\"author\":{\"name\":\"Niels Hansen\",\"@id\":\"https:\/\/kunmedierne.dk\/mors\/#\/schema\/person\/09cc14cd371d523a3528ea9c4fda5254\"},\"headline\":\"Blidstrupsag anket til landsretten\",\"datePublished\":\"2020-02-03T17:35:53+00:00\",\"dateModified\":\"2024-08-12T12:07:41+00:00\",\"mainEntityOfPage\":{\"@id\":\"https:\/\/kunmedierne.dk\/mors\/blidstrupsag-anket-til-landsretten\/\"},\"wordCount\":208,\"publisher\":{\"@id\":\"https:\/\/kunmedierne.dk\/mors\/#organization\"},\"image\":{\"@id\":\"https:\/\/kunmedierne.dk\/mors\/blidstrupsag-anket-til-landsretten\/#primaryimage\"},\"thumbnailUrl\":\"https:\/\/kunmedierne.dk\/mors\/wp-content\/uploads\/2020\/02\/200203-vestre-landsret.jpg\",\"articleSection\":[\"112\",\"Lokalt\"],\"inLanguage\":\"da-DK\"},{\"@type\":\"WebPage\",\"@id\":\"https:\/\/kunmedierne.dk\/mors\/blidstrupsag-anket-til-landsretten\/\",\"url\":\"https:\/\/kunmedierne.dk\/mors\/blidstrupsag-anket-til-landsretten\/\",\"name\":\"Blidstrupsag anket til landsretten - Mors\",\"isPartOf\":{\"@id\":\"https:\/\/kunmedierne.dk\/mors\/#website\"},\"primaryImageOfPage\":{\"@id\":\"https:\/\/kunmedierne.dk\/mors\/blidstrupsag-anket-til-landsretten\/#primaryimage\"},\"image\":{\"@id\":\"https:\/\/kunmedierne.dk\/mors\/blidstrupsag-anket-til-landsretten\/#primaryimage\"},\"thumbnailUrl\":\"https:\/\/kunmedierne.dk\/mors\/wp-content\/uploads\/2020\/02\/200203-vestre-landsret.jpg\",\"datePublished\":\"2020-02-03T17:35:53+00:00\",\"dateModified\":\"2024-08-12T12:07:41+00:00\",\"breadcrumb\":{\"@id\":\"https:\/\/kunmedierne.dk\/mors\/blidstrupsag-anket-til-landsretten\/#breadcrumb\"},\"inLanguage\":\"da-DK\",\"potentialAction\":[{\"@type\":\"ReadAction\",\"target\":[\"https:\/\/kunmedierne.dk\/mors\/blidstrupsag-anket-til-landsretten\/\"]}]},{\"@type\":\"ImageObject\",\"inLanguage\":\"da-DK\",\"@id\":\"https:\/\/kunmedierne.dk\/mors\/blidstrupsag-anket-til-landsretten\/#primaryimage\",\"url\":\"https:\/\/kunmedierne.dk\/mors\/wp-content\/uploads\/2020\/02\/200203-vestre-landsret.jpg\",\"contentUrl\":\"https:\/\/kunmedierne.dk\/mors\/wp-content\/uploads\/2020\/02\/200203-vestre-landsret.jpg\",\"width\":770,\"height\":513,\"caption\":\"Vestre Landsret. Foto: Lars Guldager\"},{\"@type\":\"BreadcrumbList\",\"@id\":\"https:\/\/kunmedierne.dk\/mors\/blidstrupsag-anket-til-landsretten\/#breadcrumb\",\"itemListElement\":[{\"@type\":\"ListItem\",\"position\":1,\"name\":\"Hjem\",\"item\":\"https:\/\/kunmedierne.dk\/mors\/\"},{\"@type\":\"ListItem\",\"position\":2,\"name\":\"Blidstrupsag anket til landsretten\"}]},{\"@type\":\"WebSite\",\"@id\":\"https:\/\/kunmedierne.dk\/mors\/#website\",\"url\":\"https:\/\/kunmedierne.dk\/mors\/\",\"name\":\"Mors\",\"description\":\"et netmedie med journalistik om livet p\u00e5 Mors\",\"publisher\":{\"@id\":\"https:\/\/kunmedierne.dk\/mors\/#organization\"},\"potentialAction\":[{\"@type\":\"SearchAction\",\"target\":{\"@type\":\"EntryPoint\",\"urlTemplate\":\"https:\/\/kunmedierne.dk\/mors\/?s={search_term_string}\"},\"query-input\":{\"@type\":\"PropertyValueSpecification\",\"valueRequired\":true,\"valueName\":\"search_term_string\"}}],\"inLanguage\":\"da-DK\"},{\"@type\":\"Organization\",\"@id\":\"https:\/\/kunmedierne.dk\/mors\/#organization\",\"name\":\"Mors\",\"url\":\"https:\/\/kunmedierne.dk\/mors\/\",\"logo\":{\"@type\":\"ImageObject\",\"inLanguage\":\"da-DK\",\"@id\":\"https:\/\/kunmedierne.dk\/mors\/#\/schema\/logo\/image\/\",\"url\":\"https:\/\/kunmedierne.dk\/mors\/wp-content\/uploads\/2024\/08\/kunmors-logo.svg\",\"contentUrl\":\"https:\/\/kunmedierne.dk\/mors\/wp-content\/uploads\/2024\/08\/kunmors-logo.svg\",\"caption\":\"Mors\"},\"image\":{\"@id\":\"https:\/\/kunmedierne.dk\/mors\/#\/schema\/logo\/image\/\"}},{\"@type\":\"Person\",\"@id\":\"https:\/\/kunmedierne.dk\/mors\/#\/schema\/person\/09cc14cd371d523a3528ea9c4fda5254\",\"name\":\"Niels Hansen\",\"image\":{\"@type\":\"ImageObject\",\"inLanguage\":\"da-DK\",\"@id\":\"https:\/\/kunmedierne.dk\/mors\/#\/schema\/person\/image\/\",\"url\":\"https:\/\/secure.gravatar.com\/avatar\/568e84d860856800f9f57c56a1d8280df5422f50943b8f79fd25417a3720af53?s=96&d=mm&r=g\",\"contentUrl\":\"https:\/\/secure.gravatar.com\/avatar\/568e84d860856800f9f57c56a1d8280df5422f50943b8f79fd25417a3720af53?s=96&d=mm&r=g\",\"caption\":\"Niels Hansen\"},\"url\":\"https:\/\/kunmedierne.dk\/mors\/author\/niels-hansen\/\"}]}<\/script>\n<!-- \/ Yoast SEO plugin. -->","yoast_head_json":{"title":"Blidstrupsag anket til landsretten - Mors","robots":{"index":"index","follow":"follow","max-snippet":"max-snippet:-1","max-image-preview":"max-image-preview:large","max-video-preview":"max-video-preview:-1"},"canonical":"https:\/\/kunmedierne.dk\/mors\/blidstrupsag-anket-til-landsretten\/","og_locale":"da_DK","og_type":"article","og_title":"Blidstrupsag anket til landsretten - Mors","og_description":"BLIDSTRUP: Inden for de n\u00e6ste 14 dage skal den tidligere forstander p\u00e5 Blidstrup Efterskole sammen med sin forsvarer vurdere, om de ogs\u00e5 skal anke dommen fra Retten i Holstebro til Vestre Landsret. Byretsdommen id\u00f8mte den 61-\u00e5rige mand tre m\u00e5neders betinget f\u00e6ngsel med 80 timers samfundstjeneste, og s\u00e5 blev han heller ikke frad\u00f8mt retten til at [&hellip;]","og_url":"https:\/\/kunmedierne.dk\/mors\/blidstrupsag-anket-til-landsretten\/","og_site_name":"Mors","article_published_time":"2020-02-03T17:35:53+00:00","article_modified_time":"2024-08-12T12:07:41+00:00","og_image":[{"width":770,"height":513,"url":"https:\/\/kunmedierne.dk\/mors\/wp-content\/uploads\/2020\/02\/200203-vestre-landsret.jpg","type":"image\/jpeg"}],"author":"Niels Hansen","twitter_card":"summary_large_image","twitter_misc":{"Skrevet af":"Niels Hansen","Estimeret l\u00e6setid":"1 minut"},"schema":{"@context":"https:\/\/schema.org","@graph":[{"@type":"Article","@id":"https:\/\/kunmedierne.dk\/mors\/blidstrupsag-anket-til-landsretten\/#article","isPartOf":{"@id":"https:\/\/kunmedierne.dk\/mors\/blidstrupsag-anket-til-landsretten\/"},"author":{"name":"Niels Hansen","@id":"https:\/\/kunmedierne.dk\/mors\/#\/schema\/person\/09cc14cd371d523a3528ea9c4fda5254"},"headline":"Blidstrupsag anket til landsretten","datePublished":"2020-02-03T17:35:53+00:00","dateModified":"2024-08-12T12:07:41+00:00","mainEntityOfPage":{"@id":"https:\/\/kunmedierne.dk\/mors\/blidstrupsag-anket-til-landsretten\/"},"wordCount":208,"publisher":{"@id":"https:\/\/kunmedierne.dk\/mors\/#organization"},"image":{"@id":"https:\/\/kunmedierne.dk\/mors\/blidstrupsag-anket-til-landsretten\/#primaryimage"},"thumbnailUrl":"https:\/\/kunmedierne.dk\/mors\/wp-content\/uploads\/2020\/02\/200203-vestre-landsret.jpg","articleSection":["112","Lokalt"],"inLanguage":"da-DK"},{"@type":"WebPage","@id":"https:\/\/kunmedierne.dk\/mors\/blidstrupsag-anket-til-landsretten\/","url":"https:\/\/kunmedierne.dk\/mors\/blidstrupsag-anket-til-landsretten\/","name":"Blidstrupsag anket til landsretten - Mors","isPartOf":{"@id":"https:\/\/kunmedierne.dk\/mors\/#website"},"primaryImageOfPage":{"@id":"https:\/\/kunmedierne.dk\/mors\/blidstrupsag-anket-til-landsretten\/#primaryimage"},"image":{"@id":"https:\/\/kunmedierne.dk\/mors\/blidstrupsag-anket-til-landsretten\/#primaryimage"},"thumbnailUrl":"https:\/\/kunmedierne.dk\/mors\/wp-content\/uploads\/2020\/02\/200203-vestre-landsret.jpg","datePublished":"2020-02-03T17:35:53+00:00","dateModified":"2024-08-12T12:07:41+00:00","breadcrumb":{"@id":"https:\/\/kunmedierne.dk\/mors\/blidstrupsag-anket-til-landsretten\/#breadcrumb"},"inLanguage":"da-DK","potentialAction":[{"@type":"ReadAction","target":["https:\/\/kunmedierne.dk\/mors\/blidstrupsag-anket-til-landsretten\/"]}]},{"@type":"ImageObject","inLanguage":"da-DK","@id":"https:\/\/kunmedierne.dk\/mors\/blidstrupsag-anket-til-landsretten\/#primaryimage","url":"https:\/\/kunmedierne.dk\/mors\/wp-content\/uploads\/2020\/02\/200203-vestre-landsret.jpg","contentUrl":"https:\/\/kunmedierne.dk\/mors\/wp-content\/uploads\/2020\/02\/200203-vestre-landsret.jpg","width":770,"height":513,"caption":"Vestre Landsret. Foto: Lars Guldager"},{"@type":"BreadcrumbList","@id":"https:\/\/kunmedierne.dk\/mors\/blidstrupsag-anket-til-landsretten\/#breadcrumb","itemListElement":[{"@type":"ListItem","position":1,"name":"Hjem","item":"https:\/\/kunmedierne.dk\/mors\/"},{"@type":"ListItem","position":2,"name":"Blidstrupsag anket til landsretten"}]},{"@type":"WebSite","@id":"https:\/\/kunmedierne.dk\/mors\/#website","url":"https:\/\/kunmedierne.dk\/mors\/","name":"Mors","description":"et netmedie med journalistik om livet p\u00e5 Mors","publisher":{"@id":"https:\/\/kunmedierne.dk\/mors\/#organization"},"potentialAction":[{"@type":"SearchAction","target":{"@type":"EntryPoint","urlTemplate":"https:\/\/kunmedierne.dk\/mors\/?s={search_term_string}"},"query-input":{"@type":"PropertyValueSpecification","valueRequired":true,"valueName":"search_term_string"}}],"inLanguage":"da-DK"},{"@type":"Organization","@id":"https:\/\/kunmedierne.dk\/mors\/#organization","name":"Mors","url":"https:\/\/kunmedierne.dk\/mors\/","logo":{"@type":"ImageObject","inLanguage":"da-DK","@id":"https:\/\/kunmedierne.dk\/mors\/#\/schema\/logo\/image\/","url":"https:\/\/kunmedierne.dk\/mors\/wp-content\/uploads\/2024\/08\/kunmors-logo.svg","contentUrl":"https:\/\/kunmedierne.dk\/mors\/wp-content\/uploads\/2024\/08\/kunmors-logo.svg","caption":"Mors"},"image":{"@id":"https:\/\/kunmedierne.dk\/mors\/#\/schema\/logo\/image\/"}},{"@type":"Person","@id":"https:\/\/kunmedierne.dk\/mors\/#\/schema\/person\/09cc14cd371d523a3528ea9c4fda5254","name":"Niels Hansen","image":{"@type":"ImageObject","inLanguage":"da-DK","@id":"https:\/\/kunmedierne.dk\/mors\/#\/schema\/person\/image\/","url":"https:\/\/secure.gravatar.com\/avatar\/568e84d860856800f9f57c56a1d8280df5422f50943b8f79fd25417a3720af53?s=96&d=mm&r=g","contentUrl":"https:\/\/secure.gravatar.com\/avatar\/568e84d860856800f9f57c56a1d8280df5422f50943b8f79fd25417a3720af53?s=96&d=mm&r=g","caption":"Niels Hansen"},"url":"https:\/\/kunmedierne.dk\/mors\/author\/niels-hansen\/"}]}},"_links":{"self":[{"href":"https:\/\/kunmedierne.dk\/mors\/wp-json\/wp\/v2\/posts\/5788","targetHints":{"allow":["GET"]}}],"collection":[{"href":"https:\/\/kunmedierne.dk\/mors\/wp-json\/wp\/v2\/posts"}],"about":[{"href":"https:\/\/kunmedierne.dk\/mors\/wp-json\/wp\/v2\/types\/post"}],"author":[{"embeddable":true,"href":"https:\/\/kunmedierne.dk\/mors\/wp-json\/wp\/v2\/users\/176"}],"replies":[{"embeddable":true,"href":"https:\/\/kunmedierne.dk\/mors\/wp-json\/wp\/v2\/comments?post=5788"}],"version-history":[{"count":9,"href":"https:\/\/kunmedierne.dk\/mors\/wp-json\/wp\/v2\/posts\/5788\/revisions"}],"predecessor-version":[{"id":34554,"href":"https:\/\/kunmedierne.dk\/mors\/wp-json\/wp\/v2\/posts\/5788\/revisions\/34554"}],"wp:featuredmedia":[{"embeddable":true,"href":"https:\/\/kunmedierne.dk\/mors\/wp-json\/wp\/v2\/media\/5796"}],"wp:attachment":[{"href":"https:\/\/kunmedierne.dk\/mors\/wp-json\/wp\/v2\/media?parent=5788"}],"wp:term":[{"taxonomy":"category","embeddable":true,"href":"https:\/\/kunmedierne.dk\/mors\/wp-json\/wp\/v2\/categories?post=5788"},{"taxonomy":"post_tag","embeddable":true,"href":"https:\/\/kunmedierne.dk\/mors\/wp-json\/wp\/v2\/tags?post=5788"}],"curies":[{"name":"wp","href":"https:\/\/api.w.org\/{rel}","templated":true}]}}