{"id":57294,"date":"2021-11-14T15:21:48","date_gmt":"2021-11-14T14:21:48","guid":{"rendered":"https:\/\/kunmedierne.dk\/mors\/?p=57294"},"modified":"2024-08-12T13:35:51","modified_gmt":"2024-08-12T11:35:51","slug":"hun-var-virkelig-en-der-braendte-for-de-svage","status":"publish","type":"post","link":"https:\/\/kunmedierne.dk\/mors\/hun-var-virkelig-en-der-braendte-for-de-svage\/","title":{"rendered":"&#8211; Hun var virkelig en, der br\u00e6ndte for de svage"},"content":{"rendered":"<p><strong>MORS<\/strong>: En h\u00f8j dekoreret og anerkendt skuespiller fra Mors er ikke l\u00e6ngere iblandt os.<\/p>\n<p>2. november sov Laila Maria Andersson stille ind i sit hjem i Skovgade i Nyk\u00f8bing, 83 \u00e5r gammel. Hun blev bisat fredag fra Nyk\u00f8bing Mors Kirkeg\u00e5rds Kapel.<\/p>\n<p>&#8220;Det var en meget smagfuld bis\u00e6ttelse,&#8221; fort\u00e6ller Steen Kl\u00e6rke, en af de op imod et halvt hundrede deltagere i bis\u00e6ttelsen &#8211; og en af dem, der var heldig at omg\u00e5s skuespilleren sent i hendes liv.<\/p>\n<p>Laila Maria Andersson blev f\u00f8dt i K\u00f8benhavn i 1938. Hun var datter operasangeren Frans Andersson, der udover sine mange \u00e5r p\u00e5 Det Kongelige Teater ogs\u00e5 opn\u00e5ede en international karriere med optr\u00e6dener s\u00e5 fine steder som Berlin Statsopera, Covent Garden i London, Statsoperaen i Wien og Wagner-festspillene i Bayreuth.<\/p>\n<a class=\"dvrt-link\" onClick=\"cdmtrack_click(147315,jQuery(this));return false\" href=\"https:\/\/sdrhaa.dk\/\"><img decoding=\"async\" style=\"width:100%;\" src=\"https:\/\/kunmedierne.dk\/mors\/wp-content\/uploads\/2025\/05\/260302Sdr-HaaDin-gebyrvenlige-sparekasse_mors-002.gif\"><\/a><script>cdmtrack_view(147315);<\/script>\n<p>I Danmark huskes han af den brede befolkning ikke mindst for sin udgave af &#8216;Den hellige stad&#8217;, som i \u00e5revis var et popul\u00e6rt indslag i radioprogrammet Giro 413. Og skuespillergenet viste sig tidligt at v\u00e6re sendt videre til datteren Laila &#8211; der sammen med de \u00f8vrige b\u00f8rn i familien ofte brugte tiden derhjemme p\u00e5 at lege teater.<\/p>\n<p>Som teenager havde Laila Maria Andersson et ophold p\u00e5 kostskole i Schweiz, hvor talentet ogs\u00e5 blev bem\u00e6rket. Og som 22-\u00e5rig blev hun elev p\u00e5 Aalborg Teaters Elevskole, hvor hun blev uddannet i 1962 &#8211; og hvor hun allerede i elevtiden havde gode roller i forestillinger som &#8216;L\u00f8se rygter&#8217;, &#8216;Afd\u00f8de Jonsen&#8217; og &#8216;Anna Sophie Hedvig&#8217;.<\/p>\n<p>Gennembruddet kom som den stumme pige i Bertolt Brecht-klassikeren &#8216;Mutter Courage&#8217; &#8211; en forestilling, der ogs\u00e5 blev indspillet p\u00e5 tv. Og i 1963 fik Laila Maria Andersson stor anmelderros for hovedrollen Grusche i &#8216;Den kaukasiske kridtcirkel&#8217;.<\/p>\n<a class=\"dvrt-link\" onClick=\"cdmtrack_click(104783,jQuery(this));return false\" href=\"https:\/\/konpap.dk\/\"><img decoding=\"async\" style=\"width:100%;\" src=\"https:\/\/kunmedierne.dk\/mors\/wp-content\/uploads\/2023\/10\/Kun-Mors-banner.jpg\"><\/a><script>cdmtrack_view(104783);<\/script>\n<p>Det var netop p\u00e5 grund af den forestilling, at Steen Kl\u00e6rke l\u00e6rte hende at kende. Uden at bekendtskabet dog blev gensidigt f\u00f8r mange \u00e5r senere.<\/p>\n<p>&#8220;Jeg har kendt Laila siden begyndelsen af 1960&#8217;erne, men hun l\u00e6rte f\u00f8rst mig at kende for et halvt \u00e5r siden,&#8221; fort\u00e6ller han.<\/p>\n<p>Det var vennen Martin Horsted, der for seks \u00e5rtier siden arrangerede en teatertur til Aalborg, som Steen Kl\u00e6rke var med p\u00e5.<\/p>\n<p>&#8220;Og der var en ung, smuk kvinde, der spillede med &#8211; og det var Laila,&#8221; husker han.<\/p>\n<p>&nbsp;<\/p>\n<p><strong>Bodil for bedste hovedrolle<\/strong><\/p>\n<p>P\u00e5 dette tidspunkt havde Laila Maria Andersson det, der lignede en stor skuespillerkarriere foran sig, og i 1964 blev ogs\u00e5 hendes filmiske talent bel\u00f8nnet, da hun fik en Bodil for titelrollen i filmen &#8216;Gudrun&#8217;.<\/p>\n<p>Det var dog en film, hun ikke selv var begejstret for, kan man l\u00e6se p\u00e5 Det Danske Filminstituts <a href=\"https:\/\/www.dfi.dk\/viden-om-film\/filmdatabasen\/person\/laila-andersson\" target=\"_blank\" rel=\"noopener\">hjemmeside<\/a>.<\/p>\n<p>&#8220;Men de k\u00f8benhavnske filmkritikere b\u00f8d hendes friske, jordbundne type og uaffekterede spillestil velkommen i denne Johannes V. Jensen-filmatisering, der dog pr\u00e6ges af iscenes\u00e6tter Ankers svigt som personinstrukt\u00f8r. &#8211; &#8216;Figuren er for idealiseret&#8217;, som hun selv udtalte samme \u00e5r som premieren,&#8221; lyder beskrivelsen fra filminstituttet.<\/p>\n<a class=\"dvrt-link\" onClick=\"cdmtrack_click(104787,jQuery(this));return false\" href=\"https:\/\/www.jyskebank.dk\/kontakt\/afdelingsinfo?departmentid=11890\"><img decoding=\"async\" style=\"width:100%;\" src=\"https:\/\/kunmedierne.dk\/mors\/wp-content\/uploads\/2023\/10\/260325JyskeBankMorsNy-1.jpg\"><\/a><script>cdmtrack_view(104787);<\/script>\n<p>Det fort\u00e6ller ogs\u00e5, hvorfor rollerne p\u00e5 trods af Laila Maria Anderssons &#8220;markant gode filmudstr\u00e5ling og det oplagte talent til at udfolde sig yderligere&#8221; siden holdt op med at komme. Efter &#8216;Gudrun&#8217; tog den p\u00e5 det tidspunkt 26 \u00e5r gamle skuespiller en pause, der endte med at vare i en h\u00e5ndfuld \u00e5r. Hun fik samtidig en s\u00f8n, og da hun vendte tilbage til skuespillerfaget, var den store filmchance forpasset.<\/p>\n<p>Det blev dog til roller i filmklassikere som &#8216;Vil du se min smukke navle&#8217; og &#8216;Vinterb\u00f8rn&#8217; &#8211; begge fra 1978 &#8211; og senere i Gabriel Axels &#8216;Christian&#8217; fra 1989, mens hun p\u00e5 tv blandt andet medvirkede i Hans Kirk-serien &#8216;Fiskerne&#8217; fra 1977.<\/p>\n<p>Efter at have l\u00e6st dramaturgi ved Aarhus Universitet arbejdede Laila Maria Andersson desuden i en \u00e5rr\u00e6kke med undervisning i dramatik sidel\u00f8bende med, at hun optr\u00e5dte ved kulturelle arrangementer.<\/p>\n<p>&nbsp;<\/p>\n<p><strong>Hun br\u00e6ndte for de svage<\/strong><\/p>\n<p>I 2008 slog hun og hendes mand Kjeld sig ned i Nyk\u00f8bing. Nogle \u00e5r senere flyttede de til en mindre bolig, og Laila Maria Andersson donerede ved den lejlighed sit mere end 100 \u00e5r gamle flygel til Limfjordsteatret.\u00a0 Flygelet, som var g\u00e5et i arv fra mormor til mor og til Laila selv, kan man nu se i foyeren hos Limfjordsteatret. Det blev sat i stand og indviet af Laila Maria Anderssons niece, Marie Louise Reitberger, der som uddannet organist ogs\u00e5 spillede ved fredagens bis\u00e6ttelse.<\/p>\n<p>Fra de mindre omgivelser i Skovgade fortsatte Laila Maria Andersson sit aktive liv &#8211; og s\u00e5 sent som i juni deltog hun og s\u00f8steren Lisa i et kursus p\u00e5 H\u00f8jskolen Mors.<\/p>\n<p>Sammen med sin mand var hun til det sidste ogs\u00e5 aktiv i Enhedslisten, og det var derigennem, hun ogs\u00e5 l\u00e6rte Steen Kl\u00e6rke at kende, da han besluttede at stille op til Kommunalvalg 2021.<\/p>\n<a class=\"dvrt-link\" onClick=\"cdmtrack_click(147315,jQuery(this));return false\" href=\"https:\/\/sdrhaa.dk\/\"><img decoding=\"async\" style=\"width:100%;\" src=\"https:\/\/kunmedierne.dk\/mors\/wp-content\/uploads\/2025\/05\/260302Sdr-HaaDin-gebyrvenlige-sparekasse_mors-002.gif\"><\/a><script>cdmtrack_view(147315);<\/script>\n<p>Han fort\u00e6ller om en personlighed, der lige til det sidste gjorde stort indtryk p\u00e5 sine omgivelser.<\/p>\n<p>&#8220;Hun var et meget engageret menneske,&#8221; siger Steen Kl\u00e6rke.<\/p>\n<p>&#8220;Bare ved sin tilstedev\u00e6relse var hun fantastisk. Jeg vil ikke kalde hende en engel, men hun var vores muse. N\u00e5r hun s\u00e5 p\u00e5 en og sagde: &#8216;Hvor var det godt sagt!&#8217;, smeltede man jo helt,&#8221; siger han.<\/p>\n<p>Laila Maria Andersson deltog ogs\u00e5, da der i maj var <a href=\"https:\/\/kunmedierne.dk\/mors\/200-demonstrerede-imod-hjemsendelser-af-flygtninge-til-syrien\/\" target=\"_blank\" rel=\"noopener\">demonstration<\/a> imod hjemsendelser af flygtninge fra Syrien, og det havde formentlig undret Steen Kl\u00e6rke, hvis hun ikke var m\u00f8dt op.<\/p>\n<p>&#8220;Hun var virkelig en, der br\u00e6ndte for de svage. N\u00e5r vi skrev l\u00e6serbreve om s\u00e5rbare mennesker, sagde hun: &#8216;Yes! Det er s\u00e5dan, det skal v\u00e6re!&#8217; Hun kunne blive meget indigneret, n\u00e5r noget var sv\u00e6rt for de s\u00e5rbare i samfundet,&#8221; siger han.<\/p>\n<p>Laila Maria Anderssons s\u00f8n Simon d\u00f8de i 2014. Hun efterlader sig sin mand Kjeld, de tre s\u00f8skende Lisa, Bj\u00f8rn og Thomas, niecerne Marie-Louise og Emma samt b\u00f8rneb\u00f8rnene Emma og David.<\/p>\n<div id=\"attachment_57310\" style=\"width: 780px\" class=\"wp-caption alignleft\"><img loading=\"lazy\" decoding=\"async\" aria-describedby=\"caption-attachment-57310\" class=\"size-full wp-image-57310\" src=\"https:\/\/kunmedierne.dk\/mors\/wp-content\/uploads\/2021\/11\/laila-maria-andersson2.jpg\" alt=\"\" width=\"770\" height=\"1158\" srcset=\"https:\/\/kunmedierne.dk\/mors\/wp-content\/uploads\/2021\/11\/laila-maria-andersson2.jpg 770w, https:\/\/kunmedierne.dk\/mors\/wp-content\/uploads\/2021\/11\/laila-maria-andersson2-199x300.jpg 199w, https:\/\/kunmedierne.dk\/mors\/wp-content\/uploads\/2021\/11\/laila-maria-andersson2-681x1024.jpg 681w, https:\/\/kunmedierne.dk\/mors\/wp-content\/uploads\/2021\/11\/laila-maria-andersson2-768x1155.jpg 768w, https:\/\/kunmedierne.dk\/mors\/wp-content\/uploads\/2021\/11\/laila-maria-andersson2-600x902.jpg 600w\" sizes=\"auto, (max-width: 770px) 100vw, 770px\" \/><p id=\"caption-attachment-57310\" class=\"wp-caption-text\">Laila Maria Andersson under demonstration for syriske flygtninge i maj. Privatfoto<\/p><\/div>\n","protected":false},"excerpt":{"rendered":"<p>MORS: En h\u00f8j dekoreret og anerkendt skuespiller fra Mors er ikke l\u00e6ngere iblandt os. 2. november sov Laila Maria Andersson stille ind i sit hjem i Skovgade i Nyk\u00f8bing, 83 \u00e5r gammel. Hun blev bisat fredag fra Nyk\u00f8bing Mors Kirkeg\u00e5rds Kapel. &#8220;Det var en meget smagfuld bis\u00e6ttelse,&#8221; fort\u00e6ller Steen Kl\u00e6rke, en af de op imod [&hellip;]<\/p>\n","protected":false},"author":8,"featured_media":57309,"comment_status":"open","ping_status":"open","sticky":false,"template":"","format":"standard","meta":{"_acf_changed":false,"footnotes":""},"categories":[49,52],"tags":[],"class_list":["post-57294","post","type-post","status-publish","format-standard","has-post-thumbnail","hentry","category-kultur","category-navne"],"acf":[],"yoast_head":"<!-- This site is optimized with the Yoast SEO plugin v26.8 - https:\/\/yoast.com\/product\/yoast-seo-wordpress\/ -->\n<title>- Hun var virkelig en, der br\u00e6ndte for de svage - Mors<\/title>\n<meta name=\"robots\" content=\"index, follow, max-snippet:-1, max-image-preview:large, max-video-preview:-1\" \/>\n<link rel=\"canonical\" href=\"https:\/\/kunmedierne.dk\/mors\/hun-var-virkelig-en-der-braendte-for-de-svage\/\" \/>\n<meta property=\"og:locale\" content=\"da_DK\" \/>\n<meta property=\"og:type\" content=\"article\" \/>\n<meta property=\"og:title\" content=\"- Hun var virkelig en, der br\u00e6ndte for de svage - Mors\" \/>\n<meta property=\"og:description\" content=\"MORS: En h\u00f8j dekoreret og anerkendt skuespiller fra Mors er ikke l\u00e6ngere iblandt os. 2. november sov Laila Maria Andersson stille ind i sit hjem i Skovgade i Nyk\u00f8bing, 83 \u00e5r gammel. Hun blev bisat fredag fra Nyk\u00f8bing Mors Kirkeg\u00e5rds Kapel. &#8220;Det var en meget smagfuld bis\u00e6ttelse,&#8221; fort\u00e6ller Steen Kl\u00e6rke, en af de op imod [&hellip;]\" \/>\n<meta property=\"og:url\" content=\"https:\/\/kunmedierne.dk\/mors\/hun-var-virkelig-en-der-braendte-for-de-svage\/\" \/>\n<meta property=\"og:site_name\" content=\"Mors\" \/>\n<meta property=\"article:published_time\" content=\"2021-11-14T14:21:48+00:00\" \/>\n<meta property=\"article:modified_time\" content=\"2024-08-12T11:35:51+00:00\" \/>\n<meta property=\"og:image\" content=\"https:\/\/kunmedierne.dk\/mors\/wp-content\/uploads\/2021\/11\/laila-maria-andersson.jpg\" \/>\n\t<meta property=\"og:image:width\" content=\"770\" \/>\n\t<meta property=\"og:image:height\" content=\"513\" \/>\n\t<meta property=\"og:image:type\" content=\"image\/jpeg\" \/>\n<meta name=\"author\" content=\"David H\u00f8jmark\" \/>\n<meta name=\"twitter:card\" content=\"summary_large_image\" \/>\n<meta name=\"twitter:label1\" content=\"Skrevet af\" \/>\n\t<meta name=\"twitter:data1\" content=\"David H\u00f8jmark\" \/>\n\t<meta name=\"twitter:label2\" content=\"Estimeret l\u00e6setid\" \/>\n\t<meta name=\"twitter:data2\" content=\"6 minutter\" \/>\n<script type=\"application\/ld+json\" class=\"yoast-schema-graph\">{\"@context\":\"https:\/\/schema.org\",\"@graph\":[{\"@type\":\"Article\",\"@id\":\"https:\/\/kunmedierne.dk\/mors\/hun-var-virkelig-en-der-braendte-for-de-svage\/#article\",\"isPartOf\":{\"@id\":\"https:\/\/kunmedierne.dk\/mors\/hun-var-virkelig-en-der-braendte-for-de-svage\/\"},\"author\":{\"name\":\"David H\u00f8jmark\",\"@id\":\"https:\/\/kunmedierne.dk\/mors\/#\/schema\/person\/5fe23251bf1d0abbcdc6f7896579d548\"},\"headline\":\"&#8211; Hun var virkelig en, der br\u00e6ndte for de svage\",\"datePublished\":\"2021-11-14T14:21:48+00:00\",\"dateModified\":\"2024-08-12T11:35:51+00:00\",\"mainEntityOfPage\":{\"@id\":\"https:\/\/kunmedierne.dk\/mors\/hun-var-virkelig-en-der-braendte-for-de-svage\/\"},\"wordCount\":1007,\"commentCount\":0,\"publisher\":{\"@id\":\"https:\/\/kunmedierne.dk\/mors\/#organization\"},\"image\":{\"@id\":\"https:\/\/kunmedierne.dk\/mors\/hun-var-virkelig-en-der-braendte-for-de-svage\/#primaryimage\"},\"thumbnailUrl\":\"https:\/\/kunmedierne.dk\/mors\/wp-content\/uploads\/2021\/11\/laila-maria-andersson.jpg\",\"articleSection\":[\"Kultur\",\"Navne\"],\"inLanguage\":\"da-DK\",\"potentialAction\":[{\"@type\":\"CommentAction\",\"name\":\"Comment\",\"target\":[\"https:\/\/kunmedierne.dk\/mors\/hun-var-virkelig-en-der-braendte-for-de-svage\/#respond\"]}]},{\"@type\":\"WebPage\",\"@id\":\"https:\/\/kunmedierne.dk\/mors\/hun-var-virkelig-en-der-braendte-for-de-svage\/\",\"url\":\"https:\/\/kunmedierne.dk\/mors\/hun-var-virkelig-en-der-braendte-for-de-svage\/\",\"name\":\"- Hun var virkelig en, der br\u00e6ndte for de svage - Mors\",\"isPartOf\":{\"@id\":\"https:\/\/kunmedierne.dk\/mors\/#website\"},\"primaryImageOfPage\":{\"@id\":\"https:\/\/kunmedierne.dk\/mors\/hun-var-virkelig-en-der-braendte-for-de-svage\/#primaryimage\"},\"image\":{\"@id\":\"https:\/\/kunmedierne.dk\/mors\/hun-var-virkelig-en-der-braendte-for-de-svage\/#primaryimage\"},\"thumbnailUrl\":\"https:\/\/kunmedierne.dk\/mors\/wp-content\/uploads\/2021\/11\/laila-maria-andersson.jpg\",\"datePublished\":\"2021-11-14T14:21:48+00:00\",\"dateModified\":\"2024-08-12T11:35:51+00:00\",\"breadcrumb\":{\"@id\":\"https:\/\/kunmedierne.dk\/mors\/hun-var-virkelig-en-der-braendte-for-de-svage\/#breadcrumb\"},\"inLanguage\":\"da-DK\",\"potentialAction\":[{\"@type\":\"ReadAction\",\"target\":[\"https:\/\/kunmedierne.dk\/mors\/hun-var-virkelig-en-der-braendte-for-de-svage\/\"]}]},{\"@type\":\"ImageObject\",\"inLanguage\":\"da-DK\",\"@id\":\"https:\/\/kunmedierne.dk\/mors\/hun-var-virkelig-en-der-braendte-for-de-svage\/#primaryimage\",\"url\":\"https:\/\/kunmedierne.dk\/mors\/wp-content\/uploads\/2021\/11\/laila-maria-andersson.jpg\",\"contentUrl\":\"https:\/\/kunmedierne.dk\/mors\/wp-content\/uploads\/2021\/11\/laila-maria-andersson.jpg\",\"width\":770,\"height\":513,\"caption\":\"Laila Maria Andersson sammen med sin niece Marie Louise Reitberger ved det mere end 100 \u00e5r gamle flygel, der nu st\u00e5r i Limfjordsteatrets foyer. Foto: Limfjordsteatret\"},{\"@type\":\"BreadcrumbList\",\"@id\":\"https:\/\/kunmedierne.dk\/mors\/hun-var-virkelig-en-der-braendte-for-de-svage\/#breadcrumb\",\"itemListElement\":[{\"@type\":\"ListItem\",\"position\":1,\"name\":\"Hjem\",\"item\":\"https:\/\/kunmedierne.dk\/mors\/\"},{\"@type\":\"ListItem\",\"position\":2,\"name\":\"&#8211; Hun var virkelig en, der br\u00e6ndte for de svage\"}]},{\"@type\":\"WebSite\",\"@id\":\"https:\/\/kunmedierne.dk\/mors\/#website\",\"url\":\"https:\/\/kunmedierne.dk\/mors\/\",\"name\":\"Mors\",\"description\":\"et netmedie med journalistik om livet p\u00e5 Mors\",\"publisher\":{\"@id\":\"https:\/\/kunmedierne.dk\/mors\/#organization\"},\"potentialAction\":[{\"@type\":\"SearchAction\",\"target\":{\"@type\":\"EntryPoint\",\"urlTemplate\":\"https:\/\/kunmedierne.dk\/mors\/?s={search_term_string}\"},\"query-input\":{\"@type\":\"PropertyValueSpecification\",\"valueRequired\":true,\"valueName\":\"search_term_string\"}}],\"inLanguage\":\"da-DK\"},{\"@type\":\"Organization\",\"@id\":\"https:\/\/kunmedierne.dk\/mors\/#organization\",\"name\":\"Mors\",\"url\":\"https:\/\/kunmedierne.dk\/mors\/\",\"logo\":{\"@type\":\"ImageObject\",\"inLanguage\":\"da-DK\",\"@id\":\"https:\/\/kunmedierne.dk\/mors\/#\/schema\/logo\/image\/\",\"url\":\"https:\/\/kunmedierne.dk\/mors\/wp-content\/uploads\/2024\/08\/kunmors-logo.svg\",\"contentUrl\":\"https:\/\/kunmedierne.dk\/mors\/wp-content\/uploads\/2024\/08\/kunmors-logo.svg\",\"caption\":\"Mors\"},\"image\":{\"@id\":\"https:\/\/kunmedierne.dk\/mors\/#\/schema\/logo\/image\/\"}},{\"@type\":\"Person\",\"@id\":\"https:\/\/kunmedierne.dk\/mors\/#\/schema\/person\/5fe23251bf1d0abbcdc6f7896579d548\",\"name\":\"David H\u00f8jmark\",\"image\":{\"@type\":\"ImageObject\",\"inLanguage\":\"da-DK\",\"@id\":\"https:\/\/kunmedierne.dk\/mors\/#\/schema\/person\/image\/\",\"url\":\"https:\/\/secure.gravatar.com\/avatar\/4315d6fb9ef244d729989f5f90268eb08d5bf8a3d84402f595fa194bb35784fd?s=96&d=mm&r=g\",\"contentUrl\":\"https:\/\/secure.gravatar.com\/avatar\/4315d6fb9ef244d729989f5f90268eb08d5bf8a3d84402f595fa194bb35784fd?s=96&d=mm&r=g\",\"caption\":\"David H\u00f8jmark\"},\"sameAs\":[\"https:\/\/www.kunmedierne.dk\"],\"url\":\"https:\/\/kunmedierne.dk\/mors\/author\/david\/\"}]}<\/script>\n<!-- \/ Yoast SEO plugin. -->","yoast_head_json":{"title":"- Hun var virkelig en, der br\u00e6ndte for de svage - Mors","robots":{"index":"index","follow":"follow","max-snippet":"max-snippet:-1","max-image-preview":"max-image-preview:large","max-video-preview":"max-video-preview:-1"},"canonical":"https:\/\/kunmedierne.dk\/mors\/hun-var-virkelig-en-der-braendte-for-de-svage\/","og_locale":"da_DK","og_type":"article","og_title":"- Hun var virkelig en, der br\u00e6ndte for de svage - Mors","og_description":"MORS: En h\u00f8j dekoreret og anerkendt skuespiller fra Mors er ikke l\u00e6ngere iblandt os. 2. november sov Laila Maria Andersson stille ind i sit hjem i Skovgade i Nyk\u00f8bing, 83 \u00e5r gammel. Hun blev bisat fredag fra Nyk\u00f8bing Mors Kirkeg\u00e5rds Kapel. &#8220;Det var en meget smagfuld bis\u00e6ttelse,&#8221; fort\u00e6ller Steen Kl\u00e6rke, en af de op imod [&hellip;]","og_url":"https:\/\/kunmedierne.dk\/mors\/hun-var-virkelig-en-der-braendte-for-de-svage\/","og_site_name":"Mors","article_published_time":"2021-11-14T14:21:48+00:00","article_modified_time":"2024-08-12T11:35:51+00:00","og_image":[{"width":770,"height":513,"url":"https:\/\/kunmedierne.dk\/mors\/wp-content\/uploads\/2021\/11\/laila-maria-andersson.jpg","type":"image\/jpeg"}],"author":"David H\u00f8jmark","twitter_card":"summary_large_image","twitter_misc":{"Skrevet af":"David H\u00f8jmark","Estimeret l\u00e6setid":"6 minutter"},"schema":{"@context":"https:\/\/schema.org","@graph":[{"@type":"Article","@id":"https:\/\/kunmedierne.dk\/mors\/hun-var-virkelig-en-der-braendte-for-de-svage\/#article","isPartOf":{"@id":"https:\/\/kunmedierne.dk\/mors\/hun-var-virkelig-en-der-braendte-for-de-svage\/"},"author":{"name":"David H\u00f8jmark","@id":"https:\/\/kunmedierne.dk\/mors\/#\/schema\/person\/5fe23251bf1d0abbcdc6f7896579d548"},"headline":"&#8211; Hun var virkelig en, der br\u00e6ndte for de svage","datePublished":"2021-11-14T14:21:48+00:00","dateModified":"2024-08-12T11:35:51+00:00","mainEntityOfPage":{"@id":"https:\/\/kunmedierne.dk\/mors\/hun-var-virkelig-en-der-braendte-for-de-svage\/"},"wordCount":1007,"commentCount":0,"publisher":{"@id":"https:\/\/kunmedierne.dk\/mors\/#organization"},"image":{"@id":"https:\/\/kunmedierne.dk\/mors\/hun-var-virkelig-en-der-braendte-for-de-svage\/#primaryimage"},"thumbnailUrl":"https:\/\/kunmedierne.dk\/mors\/wp-content\/uploads\/2021\/11\/laila-maria-andersson.jpg","articleSection":["Kultur","Navne"],"inLanguage":"da-DK","potentialAction":[{"@type":"CommentAction","name":"Comment","target":["https:\/\/kunmedierne.dk\/mors\/hun-var-virkelig-en-der-braendte-for-de-svage\/#respond"]}]},{"@type":"WebPage","@id":"https:\/\/kunmedierne.dk\/mors\/hun-var-virkelig-en-der-braendte-for-de-svage\/","url":"https:\/\/kunmedierne.dk\/mors\/hun-var-virkelig-en-der-braendte-for-de-svage\/","name":"- Hun var virkelig en, der br\u00e6ndte for de svage - Mors","isPartOf":{"@id":"https:\/\/kunmedierne.dk\/mors\/#website"},"primaryImageOfPage":{"@id":"https:\/\/kunmedierne.dk\/mors\/hun-var-virkelig-en-der-braendte-for-de-svage\/#primaryimage"},"image":{"@id":"https:\/\/kunmedierne.dk\/mors\/hun-var-virkelig-en-der-braendte-for-de-svage\/#primaryimage"},"thumbnailUrl":"https:\/\/kunmedierne.dk\/mors\/wp-content\/uploads\/2021\/11\/laila-maria-andersson.jpg","datePublished":"2021-11-14T14:21:48+00:00","dateModified":"2024-08-12T11:35:51+00:00","breadcrumb":{"@id":"https:\/\/kunmedierne.dk\/mors\/hun-var-virkelig-en-der-braendte-for-de-svage\/#breadcrumb"},"inLanguage":"da-DK","potentialAction":[{"@type":"ReadAction","target":["https:\/\/kunmedierne.dk\/mors\/hun-var-virkelig-en-der-braendte-for-de-svage\/"]}]},{"@type":"ImageObject","inLanguage":"da-DK","@id":"https:\/\/kunmedierne.dk\/mors\/hun-var-virkelig-en-der-braendte-for-de-svage\/#primaryimage","url":"https:\/\/kunmedierne.dk\/mors\/wp-content\/uploads\/2021\/11\/laila-maria-andersson.jpg","contentUrl":"https:\/\/kunmedierne.dk\/mors\/wp-content\/uploads\/2021\/11\/laila-maria-andersson.jpg","width":770,"height":513,"caption":"Laila Maria Andersson sammen med sin niece Marie Louise Reitberger ved det mere end 100 \u00e5r gamle flygel, der nu st\u00e5r i Limfjordsteatrets foyer. Foto: Limfjordsteatret"},{"@type":"BreadcrumbList","@id":"https:\/\/kunmedierne.dk\/mors\/hun-var-virkelig-en-der-braendte-for-de-svage\/#breadcrumb","itemListElement":[{"@type":"ListItem","position":1,"name":"Hjem","item":"https:\/\/kunmedierne.dk\/mors\/"},{"@type":"ListItem","position":2,"name":"&#8211; Hun var virkelig en, der br\u00e6ndte for de svage"}]},{"@type":"WebSite","@id":"https:\/\/kunmedierne.dk\/mors\/#website","url":"https:\/\/kunmedierne.dk\/mors\/","name":"Mors","description":"et netmedie med journalistik om livet p\u00e5 Mors","publisher":{"@id":"https:\/\/kunmedierne.dk\/mors\/#organization"},"potentialAction":[{"@type":"SearchAction","target":{"@type":"EntryPoint","urlTemplate":"https:\/\/kunmedierne.dk\/mors\/?s={search_term_string}"},"query-input":{"@type":"PropertyValueSpecification","valueRequired":true,"valueName":"search_term_string"}}],"inLanguage":"da-DK"},{"@type":"Organization","@id":"https:\/\/kunmedierne.dk\/mors\/#organization","name":"Mors","url":"https:\/\/kunmedierne.dk\/mors\/","logo":{"@type":"ImageObject","inLanguage":"da-DK","@id":"https:\/\/kunmedierne.dk\/mors\/#\/schema\/logo\/image\/","url":"https:\/\/kunmedierne.dk\/mors\/wp-content\/uploads\/2024\/08\/kunmors-logo.svg","contentUrl":"https:\/\/kunmedierne.dk\/mors\/wp-content\/uploads\/2024\/08\/kunmors-logo.svg","caption":"Mors"},"image":{"@id":"https:\/\/kunmedierne.dk\/mors\/#\/schema\/logo\/image\/"}},{"@type":"Person","@id":"https:\/\/kunmedierne.dk\/mors\/#\/schema\/person\/5fe23251bf1d0abbcdc6f7896579d548","name":"David H\u00f8jmark","image":{"@type":"ImageObject","inLanguage":"da-DK","@id":"https:\/\/kunmedierne.dk\/mors\/#\/schema\/person\/image\/","url":"https:\/\/secure.gravatar.com\/avatar\/4315d6fb9ef244d729989f5f90268eb08d5bf8a3d84402f595fa194bb35784fd?s=96&d=mm&r=g","contentUrl":"https:\/\/secure.gravatar.com\/avatar\/4315d6fb9ef244d729989f5f90268eb08d5bf8a3d84402f595fa194bb35784fd?s=96&d=mm&r=g","caption":"David H\u00f8jmark"},"sameAs":["https:\/\/www.kunmedierne.dk"],"url":"https:\/\/kunmedierne.dk\/mors\/author\/david\/"}]}},"_links":{"self":[{"href":"https:\/\/kunmedierne.dk\/mors\/wp-json\/wp\/v2\/posts\/57294","targetHints":{"allow":["GET"]}}],"collection":[{"href":"https:\/\/kunmedierne.dk\/mors\/wp-json\/wp\/v2\/posts"}],"about":[{"href":"https:\/\/kunmedierne.dk\/mors\/wp-json\/wp\/v2\/types\/post"}],"author":[{"embeddable":true,"href":"https:\/\/kunmedierne.dk\/mors\/wp-json\/wp\/v2\/users\/8"}],"replies":[{"embeddable":true,"href":"https:\/\/kunmedierne.dk\/mors\/wp-json\/wp\/v2\/comments?post=57294"}],"version-history":[{"count":18,"href":"https:\/\/kunmedierne.dk\/mors\/wp-json\/wp\/v2\/posts\/57294\/revisions"}],"predecessor-version":[{"id":87499,"href":"https:\/\/kunmedierne.dk\/mors\/wp-json\/wp\/v2\/posts\/57294\/revisions\/87499"}],"wp:featuredmedia":[{"embeddable":true,"href":"https:\/\/kunmedierne.dk\/mors\/wp-json\/wp\/v2\/media\/57309"}],"wp:attachment":[{"href":"https:\/\/kunmedierne.dk\/mors\/wp-json\/wp\/v2\/media?parent=57294"}],"wp:term":[{"taxonomy":"category","embeddable":true,"href":"https:\/\/kunmedierne.dk\/mors\/wp-json\/wp\/v2\/categories?post=57294"},{"taxonomy":"post_tag","embeddable":true,"href":"https:\/\/kunmedierne.dk\/mors\/wp-json\/wp\/v2\/tags?post=57294"}],"curies":[{"name":"wp","href":"https:\/\/api.w.org\/{rel}","templated":true}]}}