{"id":57182,"date":"2021-11-13T08:50:48","date_gmt":"2021-11-13T07:50:48","guid":{"rendered":"https:\/\/kunmedierne.dk\/mors\/?p=57182"},"modified":"2024-08-12T13:35:52","modified_gmt":"2024-08-12T11:35:52","slug":"husk-ogsaa-valget-til-seniorraadet","status":"publish","type":"post","link":"https:\/\/kunmedierne.dk\/mors\/husk-ogsaa-valget-til-seniorraadet\/","title":{"rendered":"&#8211; Husk ogs\u00e5 valget til seniorr\u00e5det!"},"content":{"rendered":"<p><em>Debatindl\u00e6g af Hanne Haaning, Kirsten Nielsen og Erik Fuglsang, kandidater til seniorr\u00e5det i Mors\u00f8 Kommune.<\/em><\/p>\n<hr \/>\n<p><strong>MORS<\/strong>: Samme dag, som vi stemmer til kommunal- og regionsr\u00e5dsvalget, skal alle 60+ borgere ogs\u00e5 stemme til <strong>seniorr\u00e5det<\/strong> i Mors\u00f8 Kommune.<\/p>\n<p>Vi er tre aktive seniorer, som genopstiller til seniorr\u00e5det, og h\u00e5ber at blive genvalgt. Vi ved, at der er meget at k\u00e6mpe for, n\u00e5r det g\u00e6lder en v\u00e6rdig og omsorgsfuld politik for \u00e6ldre morsingboer, og den kamp vil vi alle tre gerne tage,<\/p>\n<p>Her lidt om, hvem vi er:<\/p>\n<p><strong>Erik Fuglsang, Nyk\u00f8bing, <\/strong>medlem af det siddende seniorr\u00e5d og menighedsr\u00e5det.<\/p>\n<p>Som medlem af \u00c6ldre Sagen \u00f8nsker jeg at k\u00e6mpe for fortsat forbedring af \u00e6ldres vilk\u00e5r, is\u00e6r da antallet af \u00e6ldre er voksende p\u00e5 \u00f8en.<\/p>\n<p>Jeg vil k\u00e6mpe for gode arbejdsvilk\u00e5r for ansatte p\u00e5 plejehjem.<\/p>\n<p><a href=\"https:\/\/vognmand-filtenborg.dk\/\"><img loading=\"lazy\" decoding=\"async\" class=\"alignleft size-full wp-image-46594\" src=\"https:\/\/kunmedierne.dk\/mors\/wp-content\/uploads\/2021\/06\/t03.jpg\" alt=\"\" width=\"1400\" height=\"125\" srcset=\"https:\/\/kunmedierne.dk\/mors\/wp-content\/uploads\/2021\/06\/t03.jpg 1400w, https:\/\/kunmedierne.dk\/mors\/wp-content\/uploads\/2021\/06\/t03-300x27.jpg 300w, https:\/\/kunmedierne.dk\/mors\/wp-content\/uploads\/2021\/06\/t03-1024x91.jpg 1024w, https:\/\/kunmedierne.dk\/mors\/wp-content\/uploads\/2021\/06\/t03-768x69.jpg 768w, https:\/\/kunmedierne.dk\/mors\/wp-content\/uploads\/2021\/06\/t03-600x54.jpg 600w\" sizes=\"auto, (max-width: 1400px) 100vw, 1400px\" \/><\/a><\/p>\n<p><strong>Hanne Haaning, Erslev, s<\/strong>elvst\u00e6ndig igennem 40 \u00e5r og har v\u00e6ret direkt\u00f8r for Bedre Boliger p\u00e5 Mors i 10 \u00e5r.<\/p>\n<p>Jeg har altid v\u00e6ret interesseret i socialt arbejde og v\u00e6ret bistandsv\u00e6rge for sociale svage siden 2006.<\/p>\n<p>Jeg vil arbejde for v\u00e6rdighed, omsorg og flere ansatte p\u00e5 \u00e6ldreomr\u00e5det.<\/p>\n<p><a href=\"https:\/\/www.sparnord.dk\/filialer\/nykoebing-mors\/\"><img loading=\"lazy\" decoding=\"async\" class=\"alignleft size-full wp-image-46595\" src=\"https:\/\/kunmedierne.dk\/mors\/wp-content\/uploads\/2021\/06\/t04.jpg\" alt=\"\" width=\"1400\" height=\"123\" srcset=\"https:\/\/kunmedierne.dk\/mors\/wp-content\/uploads\/2021\/06\/t04.jpg 1400w, https:\/\/kunmedierne.dk\/mors\/wp-content\/uploads\/2021\/06\/t04-300x26.jpg 300w, https:\/\/kunmedierne.dk\/mors\/wp-content\/uploads\/2021\/06\/t04-1024x90.jpg 1024w, https:\/\/kunmedierne.dk\/mors\/wp-content\/uploads\/2021\/06\/t04-768x67.jpg 768w, https:\/\/kunmedierne.dk\/mors\/wp-content\/uploads\/2021\/06\/t04-600x53.jpg 600w\" sizes=\"auto, (max-width: 1400px) 100vw, 1400px\" \/><\/a><\/p>\n<p><strong>Kirsten E.F. Nielsen, Sdr. Dr\u00e5by, m<\/strong>ange\u00e5rigt medlem af menighedsr\u00e5det, hvor hun er formand.<\/p>\n<p>Jeg er formand i \u00c6ldre Sagen og har de sidste 8 \u00e5r siddet i seniorr\u00e5det.<\/p>\n<p>Jeg vil arbejder for tryghed og v\u00e6rdighed i \u00e6ldreplejen, samt bedre normeringer.<\/p>\n<p>Det skal v\u00e6re rart at blive \u00e6ldre p\u00e5 Mors!<\/p>\n<p><a href=\"http:\/\/www.limfjordsteatret.dk\/#front\"><img loading=\"lazy\" decoding=\"async\" class=\"alignleft size-full wp-image-46596\" src=\"https:\/\/kunmedierne.dk\/mors\/wp-content\/uploads\/2021\/06\/t05.jpg\" alt=\"\" width=\"1400\" height=\"125\" srcset=\"https:\/\/kunmedierne.dk\/mors\/wp-content\/uploads\/2021\/06\/t05.jpg 1400w, https:\/\/kunmedierne.dk\/mors\/wp-content\/uploads\/2021\/06\/t05-300x27.jpg 300w, https:\/\/kunmedierne.dk\/mors\/wp-content\/uploads\/2021\/06\/t05-1024x91.jpg 1024w, https:\/\/kunmedierne.dk\/mors\/wp-content\/uploads\/2021\/06\/t05-768x69.jpg 768w, https:\/\/kunmedierne.dk\/mors\/wp-content\/uploads\/2021\/06\/t05-600x54.jpg 600w\" sizes=\"auto, (max-width: 1400px) 100vw, 1400px\" \/><\/a>Der skal v\u00e6lges fem nye medlemmer til seniorr\u00e5det i Mors\u00f8 Kommune for perioden 2022-2025<\/p>\n<p>Seniorr\u00e5dets form\u00e5l er at medvirke til at \u00f8ge borgernes medindflydelse p\u00e5 kommunens \u00e6ldrepolitik. R\u00e5det skal sikre, at dialogen og samarbejdet mellem de \u00e6ldre og kommunalbestyrelsen fastholdes og udbygges.<\/p>\n<hr \/>\n<p><em>Har du et bidrag til den lokale debat? Send det til os p\u00e5 e-mail: debat@kunmedierne.dk\/mors. Husk at l\u00e6se korrektur inden afsendelse p\u00e5 indl\u00e6gget.<\/em><\/p>\n<blockquote>\n<h5>F\u00e5 dagens nyheder om Mors direkte i din mailboks. Tilmeld dig vores gratis nyhedsbrev nederst p\u00e5 siden. S\u00e5 f\u00e5r du KunMors som en lokal avis \u2013 alle ugens dage \u00e5ret rundt.<\/h5>\n<\/blockquote>\n","protected":false},"excerpt":{"rendered":"<p>Debatindl\u00e6g af Hanne Haaning, Kirsten Nielsen og Erik Fuglsang, kandidater til seniorr\u00e5det i Mors\u00f8 Kommune. MORS: Samme dag, som vi stemmer til kommunal- og regionsr\u00e5dsvalget, skal alle 60+ borgere ogs\u00e5 stemme til seniorr\u00e5det i Mors\u00f8 Kommune. Vi er tre aktive seniorer, som genopstiller til seniorr\u00e5det, og h\u00e5ber at blive genvalgt. Vi ved, at der er [&hellip;]<\/p>\n","protected":false},"author":11,"featured_media":57183,"comment_status":"open","ping_status":"open","sticky":false,"template":"","format":"standard","meta":{"_acf_changed":false,"footnotes":""},"categories":[56],"tags":[167],"class_list":["post-57182","post","type-post","status-publish","format-standard","has-post-thumbnail","hentry","category-debat","tag-politik"],"acf":[],"yoast_head":"<!-- This site is optimized with the Yoast SEO plugin v26.8 - https:\/\/yoast.com\/product\/yoast-seo-wordpress\/ -->\n<title>- Husk ogs\u00e5 valget til seniorr\u00e5det! - Mors<\/title>\n<meta name=\"robots\" content=\"index, follow, max-snippet:-1, max-image-preview:large, max-video-preview:-1\" \/>\n<link rel=\"canonical\" href=\"https:\/\/kunmedierne.dk\/mors\/husk-ogsaa-valget-til-seniorraadet\/\" \/>\n<meta property=\"og:locale\" content=\"da_DK\" \/>\n<meta property=\"og:type\" content=\"article\" \/>\n<meta property=\"og:title\" content=\"- Husk ogs\u00e5 valget til seniorr\u00e5det! - Mors\" \/>\n<meta property=\"og:description\" content=\"Debatindl\u00e6g af Hanne Haaning, Kirsten Nielsen og Erik Fuglsang, kandidater til seniorr\u00e5det i Mors\u00f8 Kommune. MORS: Samme dag, som vi stemmer til kommunal- og regionsr\u00e5dsvalget, skal alle 60+ borgere ogs\u00e5 stemme til seniorr\u00e5det i Mors\u00f8 Kommune. Vi er tre aktive seniorer, som genopstiller til seniorr\u00e5det, og h\u00e5ber at blive genvalgt. Vi ved, at der er [&hellip;]\" \/>\n<meta property=\"og:url\" content=\"https:\/\/kunmedierne.dk\/mors\/husk-ogsaa-valget-til-seniorraadet\/\" \/>\n<meta property=\"og:site_name\" content=\"Mors\" \/>\n<meta property=\"article:published_time\" content=\"2021-11-13T07:50:48+00:00\" \/>\n<meta property=\"article:modified_time\" content=\"2024-08-12T11:35:52+00:00\" \/>\n<meta property=\"og:image\" content=\"https:\/\/kunmedierne.dk\/mors\/wp-content\/uploads\/2021\/11\/seniorraadsvalg21.jpg\" \/>\n\t<meta property=\"og:image:width\" content=\"770\" \/>\n\t<meta property=\"og:image:height\" content=\"513\" \/>\n\t<meta property=\"og:image:type\" content=\"image\/jpeg\" \/>\n<meta name=\"author\" content=\"Debat\" \/>\n<meta name=\"twitter:card\" content=\"summary_large_image\" \/>\n<meta name=\"twitter:label1\" content=\"Skrevet af\" \/>\n\t<meta name=\"twitter:data1\" content=\"Debat\" \/>\n\t<meta name=\"twitter:label2\" content=\"Estimeret l\u00e6setid\" \/>\n\t<meta name=\"twitter:data2\" content=\"3 minutter\" \/>\n<script type=\"application\/ld+json\" class=\"yoast-schema-graph\">{\"@context\":\"https:\/\/schema.org\",\"@graph\":[{\"@type\":\"Article\",\"@id\":\"https:\/\/kunmedierne.dk\/mors\/husk-ogsaa-valget-til-seniorraadet\/#article\",\"isPartOf\":{\"@id\":\"https:\/\/kunmedierne.dk\/mors\/husk-ogsaa-valget-til-seniorraadet\/\"},\"author\":{\"name\":\"Debat\",\"@id\":\"https:\/\/kunmedierne.dk\/mors\/#\/schema\/person\/84c1391bce0b43b9bb3a49736bc0ad78\"},\"headline\":\"&#8211; Husk ogs\u00e5 valget til seniorr\u00e5det!\",\"datePublished\":\"2021-11-13T07:50:48+00:00\",\"dateModified\":\"2024-08-12T11:35:52+00:00\",\"mainEntityOfPage\":{\"@id\":\"https:\/\/kunmedierne.dk\/mors\/husk-ogsaa-valget-til-seniorraadet\/\"},\"wordCount\":364,\"commentCount\":0,\"publisher\":{\"@id\":\"https:\/\/kunmedierne.dk\/mors\/#organization\"},\"image\":{\"@id\":\"https:\/\/kunmedierne.dk\/mors\/husk-ogsaa-valget-til-seniorraadet\/#primaryimage\"},\"thumbnailUrl\":\"https:\/\/kunmedierne.dk\/mors\/wp-content\/uploads\/2021\/11\/seniorraadsvalg21.jpg\",\"keywords\":[\"Politik\"],\"articleSection\":[\"Debat\"],\"inLanguage\":\"da-DK\",\"potentialAction\":[{\"@type\":\"CommentAction\",\"name\":\"Comment\",\"target\":[\"https:\/\/kunmedierne.dk\/mors\/husk-ogsaa-valget-til-seniorraadet\/#respond\"]}]},{\"@type\":\"WebPage\",\"@id\":\"https:\/\/kunmedierne.dk\/mors\/husk-ogsaa-valget-til-seniorraadet\/\",\"url\":\"https:\/\/kunmedierne.dk\/mors\/husk-ogsaa-valget-til-seniorraadet\/\",\"name\":\"- Husk ogs\u00e5 valget til seniorr\u00e5det! - Mors\",\"isPartOf\":{\"@id\":\"https:\/\/kunmedierne.dk\/mors\/#website\"},\"primaryImageOfPage\":{\"@id\":\"https:\/\/kunmedierne.dk\/mors\/husk-ogsaa-valget-til-seniorraadet\/#primaryimage\"},\"image\":{\"@id\":\"https:\/\/kunmedierne.dk\/mors\/husk-ogsaa-valget-til-seniorraadet\/#primaryimage\"},\"thumbnailUrl\":\"https:\/\/kunmedierne.dk\/mors\/wp-content\/uploads\/2021\/11\/seniorraadsvalg21.jpg\",\"datePublished\":\"2021-11-13T07:50:48+00:00\",\"dateModified\":\"2024-08-12T11:35:52+00:00\",\"breadcrumb\":{\"@id\":\"https:\/\/kunmedierne.dk\/mors\/husk-ogsaa-valget-til-seniorraadet\/#breadcrumb\"},\"inLanguage\":\"da-DK\",\"potentialAction\":[{\"@type\":\"ReadAction\",\"target\":[\"https:\/\/kunmedierne.dk\/mors\/husk-ogsaa-valget-til-seniorraadet\/\"]}]},{\"@type\":\"ImageObject\",\"inLanguage\":\"da-DK\",\"@id\":\"https:\/\/kunmedierne.dk\/mors\/husk-ogsaa-valget-til-seniorraadet\/#primaryimage\",\"url\":\"https:\/\/kunmedierne.dk\/mors\/wp-content\/uploads\/2021\/11\/seniorraadsvalg21.jpg\",\"contentUrl\":\"https:\/\/kunmedierne.dk\/mors\/wp-content\/uploads\/2021\/11\/seniorraadsvalg21.jpg\",\"width\":770,\"height\":513,\"caption\":\"Hanne Haaning, Erik Fuglsang og Kirsten E.F. Nielsen, kandidater til seniorr\u00e5det i Mors\u00f8 Kommune.\"},{\"@type\":\"BreadcrumbList\",\"@id\":\"https:\/\/kunmedierne.dk\/mors\/husk-ogsaa-valget-til-seniorraadet\/#breadcrumb\",\"itemListElement\":[{\"@type\":\"ListItem\",\"position\":1,\"name\":\"Hjem\",\"item\":\"https:\/\/kunmedierne.dk\/mors\/\"},{\"@type\":\"ListItem\",\"position\":2,\"name\":\"&#8211; Husk ogs\u00e5 valget til seniorr\u00e5det!\"}]},{\"@type\":\"WebSite\",\"@id\":\"https:\/\/kunmedierne.dk\/mors\/#website\",\"url\":\"https:\/\/kunmedierne.dk\/mors\/\",\"name\":\"Mors\",\"description\":\"et netmedie med journalistik om livet p\u00e5 Mors\",\"publisher\":{\"@id\":\"https:\/\/kunmedierne.dk\/mors\/#organization\"},\"potentialAction\":[{\"@type\":\"SearchAction\",\"target\":{\"@type\":\"EntryPoint\",\"urlTemplate\":\"https:\/\/kunmedierne.dk\/mors\/?s={search_term_string}\"},\"query-input\":{\"@type\":\"PropertyValueSpecification\",\"valueRequired\":true,\"valueName\":\"search_term_string\"}}],\"inLanguage\":\"da-DK\"},{\"@type\":\"Organization\",\"@id\":\"https:\/\/kunmedierne.dk\/mors\/#organization\",\"name\":\"Mors\",\"url\":\"https:\/\/kunmedierne.dk\/mors\/\",\"logo\":{\"@type\":\"ImageObject\",\"inLanguage\":\"da-DK\",\"@id\":\"https:\/\/kunmedierne.dk\/mors\/#\/schema\/logo\/image\/\",\"url\":\"https:\/\/kunmedierne.dk\/mors\/wp-content\/uploads\/2024\/08\/kunmors-logo.svg\",\"contentUrl\":\"https:\/\/kunmedierne.dk\/mors\/wp-content\/uploads\/2024\/08\/kunmors-logo.svg\",\"caption\":\"Mors\"},\"image\":{\"@id\":\"https:\/\/kunmedierne.dk\/mors\/#\/schema\/logo\/image\/\"}},{\"@type\":\"Person\",\"@id\":\"https:\/\/kunmedierne.dk\/mors\/#\/schema\/person\/84c1391bce0b43b9bb3a49736bc0ad78\",\"name\":\"Debat\",\"image\":{\"@type\":\"ImageObject\",\"inLanguage\":\"da-DK\",\"@id\":\"https:\/\/kunmedierne.dk\/mors\/#\/schema\/person\/image\/\",\"url\":\"https:\/\/secure.gravatar.com\/avatar\/b0fb2e221d618f7c65162ab0d49c7e8a0b580c871ca03af90e42b47b4150654c?s=96&d=mm&r=g\",\"contentUrl\":\"https:\/\/secure.gravatar.com\/avatar\/b0fb2e221d618f7c65162ab0d49c7e8a0b580c871ca03af90e42b47b4150654c?s=96&d=mm&r=g\",\"caption\":\"Debat\"},\"url\":\"https:\/\/kunmedierne.dk\/mors\/author\/debat\/\"}]}<\/script>\n<!-- \/ Yoast SEO plugin. -->","yoast_head_json":{"title":"- Husk ogs\u00e5 valget til seniorr\u00e5det! - Mors","robots":{"index":"index","follow":"follow","max-snippet":"max-snippet:-1","max-image-preview":"max-image-preview:large","max-video-preview":"max-video-preview:-1"},"canonical":"https:\/\/kunmedierne.dk\/mors\/husk-ogsaa-valget-til-seniorraadet\/","og_locale":"da_DK","og_type":"article","og_title":"- Husk ogs\u00e5 valget til seniorr\u00e5det! - Mors","og_description":"Debatindl\u00e6g af Hanne Haaning, Kirsten Nielsen og Erik Fuglsang, kandidater til seniorr\u00e5det i Mors\u00f8 Kommune. MORS: Samme dag, som vi stemmer til kommunal- og regionsr\u00e5dsvalget, skal alle 60+ borgere ogs\u00e5 stemme til seniorr\u00e5det i Mors\u00f8 Kommune. Vi er tre aktive seniorer, som genopstiller til seniorr\u00e5det, og h\u00e5ber at blive genvalgt. Vi ved, at der er [&hellip;]","og_url":"https:\/\/kunmedierne.dk\/mors\/husk-ogsaa-valget-til-seniorraadet\/","og_site_name":"Mors","article_published_time":"2021-11-13T07:50:48+00:00","article_modified_time":"2024-08-12T11:35:52+00:00","og_image":[{"width":770,"height":513,"url":"https:\/\/kunmedierne.dk\/mors\/wp-content\/uploads\/2021\/11\/seniorraadsvalg21.jpg","type":"image\/jpeg"}],"author":"Debat","twitter_card":"summary_large_image","twitter_misc":{"Skrevet af":"Debat","Estimeret l\u00e6setid":"3 minutter"},"schema":{"@context":"https:\/\/schema.org","@graph":[{"@type":"Article","@id":"https:\/\/kunmedierne.dk\/mors\/husk-ogsaa-valget-til-seniorraadet\/#article","isPartOf":{"@id":"https:\/\/kunmedierne.dk\/mors\/husk-ogsaa-valget-til-seniorraadet\/"},"author":{"name":"Debat","@id":"https:\/\/kunmedierne.dk\/mors\/#\/schema\/person\/84c1391bce0b43b9bb3a49736bc0ad78"},"headline":"&#8211; Husk ogs\u00e5 valget til seniorr\u00e5det!","datePublished":"2021-11-13T07:50:48+00:00","dateModified":"2024-08-12T11:35:52+00:00","mainEntityOfPage":{"@id":"https:\/\/kunmedierne.dk\/mors\/husk-ogsaa-valget-til-seniorraadet\/"},"wordCount":364,"commentCount":0,"publisher":{"@id":"https:\/\/kunmedierne.dk\/mors\/#organization"},"image":{"@id":"https:\/\/kunmedierne.dk\/mors\/husk-ogsaa-valget-til-seniorraadet\/#primaryimage"},"thumbnailUrl":"https:\/\/kunmedierne.dk\/mors\/wp-content\/uploads\/2021\/11\/seniorraadsvalg21.jpg","keywords":["Politik"],"articleSection":["Debat"],"inLanguage":"da-DK","potentialAction":[{"@type":"CommentAction","name":"Comment","target":["https:\/\/kunmedierne.dk\/mors\/husk-ogsaa-valget-til-seniorraadet\/#respond"]}]},{"@type":"WebPage","@id":"https:\/\/kunmedierne.dk\/mors\/husk-ogsaa-valget-til-seniorraadet\/","url":"https:\/\/kunmedierne.dk\/mors\/husk-ogsaa-valget-til-seniorraadet\/","name":"- Husk ogs\u00e5 valget til seniorr\u00e5det! - Mors","isPartOf":{"@id":"https:\/\/kunmedierne.dk\/mors\/#website"},"primaryImageOfPage":{"@id":"https:\/\/kunmedierne.dk\/mors\/husk-ogsaa-valget-til-seniorraadet\/#primaryimage"},"image":{"@id":"https:\/\/kunmedierne.dk\/mors\/husk-ogsaa-valget-til-seniorraadet\/#primaryimage"},"thumbnailUrl":"https:\/\/kunmedierne.dk\/mors\/wp-content\/uploads\/2021\/11\/seniorraadsvalg21.jpg","datePublished":"2021-11-13T07:50:48+00:00","dateModified":"2024-08-12T11:35:52+00:00","breadcrumb":{"@id":"https:\/\/kunmedierne.dk\/mors\/husk-ogsaa-valget-til-seniorraadet\/#breadcrumb"},"inLanguage":"da-DK","potentialAction":[{"@type":"ReadAction","target":["https:\/\/kunmedierne.dk\/mors\/husk-ogsaa-valget-til-seniorraadet\/"]}]},{"@type":"ImageObject","inLanguage":"da-DK","@id":"https:\/\/kunmedierne.dk\/mors\/husk-ogsaa-valget-til-seniorraadet\/#primaryimage","url":"https:\/\/kunmedierne.dk\/mors\/wp-content\/uploads\/2021\/11\/seniorraadsvalg21.jpg","contentUrl":"https:\/\/kunmedierne.dk\/mors\/wp-content\/uploads\/2021\/11\/seniorraadsvalg21.jpg","width":770,"height":513,"caption":"Hanne Haaning, Erik Fuglsang og Kirsten E.F. Nielsen, kandidater til seniorr\u00e5det i Mors\u00f8 Kommune."},{"@type":"BreadcrumbList","@id":"https:\/\/kunmedierne.dk\/mors\/husk-ogsaa-valget-til-seniorraadet\/#breadcrumb","itemListElement":[{"@type":"ListItem","position":1,"name":"Hjem","item":"https:\/\/kunmedierne.dk\/mors\/"},{"@type":"ListItem","position":2,"name":"&#8211; Husk ogs\u00e5 valget til seniorr\u00e5det!"}]},{"@type":"WebSite","@id":"https:\/\/kunmedierne.dk\/mors\/#website","url":"https:\/\/kunmedierne.dk\/mors\/","name":"Mors","description":"et netmedie med journalistik om livet p\u00e5 Mors","publisher":{"@id":"https:\/\/kunmedierne.dk\/mors\/#organization"},"potentialAction":[{"@type":"SearchAction","target":{"@type":"EntryPoint","urlTemplate":"https:\/\/kunmedierne.dk\/mors\/?s={search_term_string}"},"query-input":{"@type":"PropertyValueSpecification","valueRequired":true,"valueName":"search_term_string"}}],"inLanguage":"da-DK"},{"@type":"Organization","@id":"https:\/\/kunmedierne.dk\/mors\/#organization","name":"Mors","url":"https:\/\/kunmedierne.dk\/mors\/","logo":{"@type":"ImageObject","inLanguage":"da-DK","@id":"https:\/\/kunmedierne.dk\/mors\/#\/schema\/logo\/image\/","url":"https:\/\/kunmedierne.dk\/mors\/wp-content\/uploads\/2024\/08\/kunmors-logo.svg","contentUrl":"https:\/\/kunmedierne.dk\/mors\/wp-content\/uploads\/2024\/08\/kunmors-logo.svg","caption":"Mors"},"image":{"@id":"https:\/\/kunmedierne.dk\/mors\/#\/schema\/logo\/image\/"}},{"@type":"Person","@id":"https:\/\/kunmedierne.dk\/mors\/#\/schema\/person\/84c1391bce0b43b9bb3a49736bc0ad78","name":"Debat","image":{"@type":"ImageObject","inLanguage":"da-DK","@id":"https:\/\/kunmedierne.dk\/mors\/#\/schema\/person\/image\/","url":"https:\/\/secure.gravatar.com\/avatar\/b0fb2e221d618f7c65162ab0d49c7e8a0b580c871ca03af90e42b47b4150654c?s=96&d=mm&r=g","contentUrl":"https:\/\/secure.gravatar.com\/avatar\/b0fb2e221d618f7c65162ab0d49c7e8a0b580c871ca03af90e42b47b4150654c?s=96&d=mm&r=g","caption":"Debat"},"url":"https:\/\/kunmedierne.dk\/mors\/author\/debat\/"}]}},"_links":{"self":[{"href":"https:\/\/kunmedierne.dk\/mors\/wp-json\/wp\/v2\/posts\/57182","targetHints":{"allow":["GET"]}}],"collection":[{"href":"https:\/\/kunmedierne.dk\/mors\/wp-json\/wp\/v2\/posts"}],"about":[{"href":"https:\/\/kunmedierne.dk\/mors\/wp-json\/wp\/v2\/types\/post"}],"author":[{"embeddable":true,"href":"https:\/\/kunmedierne.dk\/mors\/wp-json\/wp\/v2\/users\/11"}],"replies":[{"embeddable":true,"href":"https:\/\/kunmedierne.dk\/mors\/wp-json\/wp\/v2\/comments?post=57182"}],"version-history":[{"count":1,"href":"https:\/\/kunmedierne.dk\/mors\/wp-json\/wp\/v2\/posts\/57182\/revisions"}],"predecessor-version":[{"id":57184,"href":"https:\/\/kunmedierne.dk\/mors\/wp-json\/wp\/v2\/posts\/57182\/revisions\/57184"}],"wp:featuredmedia":[{"embeddable":true,"href":"https:\/\/kunmedierne.dk\/mors\/wp-json\/wp\/v2\/media\/57183"}],"wp:attachment":[{"href":"https:\/\/kunmedierne.dk\/mors\/wp-json\/wp\/v2\/media?parent=57182"}],"wp:term":[{"taxonomy":"category","embeddable":true,"href":"https:\/\/kunmedierne.dk\/mors\/wp-json\/wp\/v2\/categories?post=57182"},{"taxonomy":"post_tag","embeddable":true,"href":"https:\/\/kunmedierne.dk\/mors\/wp-json\/wp\/v2\/tags?post=57182"}],"curies":[{"name":"wp","href":"https:\/\/api.w.org\/{rel}","templated":true}]}}